{"id":25196,"date":"2023-06-19T15:12:12","date_gmt":"2023-06-19T15:12:12","guid":{"rendered":"https:\/\/noti-america.com\/site\/ecuador\/2023\/06\/19\/nube-hibrida-un-motor-de-crecimiento-para-las-startup-de-america-latina-2\/"},"modified":"2023-06-19T15:12:12","modified_gmt":"2023-06-19T15:12:12","slug":"nube-hibrida-un-motor-de-crecimiento-para-las-startup-de-america-latina-2","status":"publish","type":"post","link":"https:\/\/noti-america.com\/site\/ecuador\/2023\/06\/19\/nube-hibrida-un-motor-de-crecimiento-para-las-startup-de-america-latina-2\/","title":{"rendered":"Nube h\u00edbrida: un motor de crecimiento para las startup de Am\u00e9rica Latina"},"content":{"rendered":"<p><strong>REDACCI\u00d3N NOTI AM\u00c9RICA (ECUADOR)<\/strong><\/p>\n<div id=\"attachment_25194\" style=\"width: 574px\" class=\"wp-caption alignleft\"><img loading=\"lazy\" decoding=\"async\" aria-describedby=\"caption-attachment-25194\" class=\"wp-image-25194\" src=\"https:\/\/noti-america.com\/site\/ecuador\/wp-content\/uploads\/sites\/18\/2023\/06\/foto-4-300x169.jpg\" alt=\"\" width=\"564\" height=\"318\" srcset=\"https:\/\/noti-america.com\/site\/ecuador\/wp-content\/uploads\/sites\/18\/2023\/06\/foto-4-300x169.jpg 300w, https:\/\/noti-america.com\/site\/ecuador\/wp-content\/uploads\/sites\/18\/2023\/06\/foto-4-1024x576.jpg 1024w, https:\/\/noti-america.com\/site\/ecuador\/wp-content\/uploads\/sites\/18\/2023\/06\/foto-4-768x432.jpg 768w, https:\/\/noti-america.com\/site\/ecuador\/wp-content\/uploads\/sites\/18\/2023\/06\/foto-4-1536x864.jpg 1536w, https:\/\/noti-america.com\/site\/ecuador\/wp-content\/uploads\/sites\/18\/2023\/06\/foto-4-2048x1152.jpg 2048w\" sizes=\"auto, (max-width: 564px) 100vw, 564px\" \/><p id=\"caption-attachment-25194\" class=\"wp-caption-text\">\u00a0Esta tecnolog\u00eda permite a las empresas gestionar sus datos y cargas de trabajo cr\u00edticas de manera eficiente.<\/p><\/div>\n<p style=\"text-align: justify\">Am\u00e9rica Latina ha tenido un ecosistema de emprendimiento activo desde hace varias d\u00e9cadas. Los pa\u00edses de la regi\u00f3n siempre se han caracterizado por un esp\u00edritu de creaci\u00f3n, innovaci\u00f3n y desarrollo. Sin embargo, los \u00faltimos diez a\u00f1os han significado el verdadero ascenso de las <em>start-ups <\/em>de la regi\u00f3n, generando algunas de las propuestas m\u00e1s importantes en los sectores de tecnolog\u00eda financiera, reparto a domicilio y retail, por nombrar s\u00f3lo algunos.<\/p>\n<p style=\"text-align: justify\">A finales de 2022, las tres mayores econom\u00edas de Am\u00e9rica Latina hab\u00edan producido <a href=\"https:\/\/contxto.com\/en\/news\/the-latin-american-unicorns-galloping-to-success\/\">39 <em>start ups <\/em>\u00a0que alcanzaron el estatus de unicornio<\/a>, que se suman a media docena de otros mercados.<\/p>\n<p style=\"text-align: justify\">Al mismo tiempo, el fin de la pandemia ha significado una desaceleraci\u00f3n en el \u00edndice de crecimiento del sector a nivel regional debido a las presiones econ\u00f3micas que han afectado el financiamiento a trav\u00e9s de fondos de capital de riesgo y las tendencias de consumo digital que incrementaron de manera significativa durante la pandemia.<\/p>\n<p style=\"text-align: justify\">Sin embargo, el <em>boom<\/em> del sector tiene el potencial de continuar, impulsado por la escuela y tradici\u00f3n de emprendimiento que se ha cimentado en la regi\u00f3n, as\u00ed como por la serie de caracter\u00edsticas demogr\u00e1ficas y econ\u00f3micas que mueven a la regi\u00f3n en la actualidad.<\/p>\n<p style=\"text-align: justify\">Adem\u00e1s, el sector de propuestas nacientes est\u00e1 en un punto de madurez id\u00f3neo para fusionarse con las tecnolog\u00edas transformadoras m\u00e1s relevantes de nuestros tiempos, para crear una sinergia tecnol\u00f3gica sin precedentes para Am\u00e9rica Latina.<\/p>\n<p style=\"text-align: justify\"><strong>La nube h\u00edbrida: tecnolog\u00eda para el crecimiento <\/strong><\/p>\n<p style=\"text-align: justify\">La nube h\u00edbrida hace referencia a cuando una organizaci\u00f3n o empresa tiene una combinaci\u00f3n de nube privada, nube p\u00fablica y entornos tradicionales, ya sea de forma local o externa. Esta tecnolog\u00eda permite a las empresas gestionar sus datos y cargas de trabajo cr\u00edticas de manera eficiente, lo que les permite elegir d\u00f3nde deben estar sus datos y cargas de trabajo, de acuerdo con sus necesidades de negocio.<\/p>\n<p style=\"text-align: justify\">Empresas de todos los tama\u00f1os utilizan un enfoque de nube h\u00edbrida por sus beneficios para el negocio, como la flexibilidad, un mejor <em>performance<\/em> y la capacidad de acelerar su innovaci\u00f3n, factores que se vuelven cada vez m\u00e1s relevantes para las empresas con objetivos de crecimiento a gran escala.<\/p>\n<p style=\"text-align: justify\">En primera instancia, la nube h\u00edbrida impulsa el camino de desarrollo para las tecnolog\u00edas transformadoras m\u00e1s relevantes de la actualidad: la inteligencia artificial, la automatizaci\u00f3n y procesamiento de datos y las innovaciones m\u00e1s avanzadas de ciberseguridad.<\/p>\n<p style=\"text-align: justify\">\n","protected":false},"excerpt":{"rendered":"<p>REDACCI\u00d3N NOTI AM\u00c9RICA (ECUADOR) Am\u00e9rica Latina ha tenido un ecosistema de emprendimiento activo desde hace varias d\u00e9cadas. Los pa\u00edses de la regi\u00f3n siempre se han caracterizado por un esp\u00edritu de creaci\u00f3n, innovaci\u00f3n y desarrollo.&#46;&#46;&#46;<\/p>\n","protected":false},"author":17,"featured_media":25197,"comment_status":"open","ping_status":"open","sticky":false,"template":"","format":"standard","meta":{"_acf_changed":false,"om_disable_all_campaigns":false,"rop_custom_images_group":[],"rop_custom_messages_group":[],"rop_publish_now":"initial","rop_publish_now_accounts":{"twitter_242054905_242054905":""},"rop_publish_now_history":[],"rop_publish_now_status":"pending","_uf_show_specific_survey":0,"_uf_disable_surveys":false,"footnotes":""},"categories":[9],"tags":[],"class_list":["post-25196","post","type-post","status-publish","format-standard","has-post-thumbnail","hentry","category-tecnologia"],"acf":[],"aioseo_notices":[],"yoast_head":"<!-- This site is optimized with the Yoast SEO Premium plugin v24.9 (Yoast SEO v27.2) - https:\/\/yoast.com\/product\/yoast-seo-premium-wordpress\/ -->\n<title>Nube h\u00edbrida: un motor de crecimiento para las startup de Am\u00e9rica Latina - Ecuador | Noti-America.com<\/title>\n<meta name=\"robots\" content=\"index, follow, max-snippet:-1, max-image-preview:large, max-video-preview:-1\" \/>\n<link rel=\"canonical\" href=\"https:\/\/noti-america.com\/site\/ecuador\/2023\/06\/19\/nube-hibrida-un-motor-de-crecimiento-para-las-startup-de-america-latina-2\/\" \/>\n<meta property=\"og:locale\" content=\"es_ES\" \/>\n<meta property=\"og:type\" content=\"article\" \/>\n<meta property=\"og:title\" content=\"Nube h\u00edbrida: un motor de crecimiento para las startup de Am\u00e9rica Latina\" \/>\n<meta property=\"og:description\" content=\"REDACCI\u00d3N NOTI AM\u00c9RICA (ECUADOR) Am\u00e9rica Latina ha tenido un ecosistema de emprendimiento activo desde hace varias d\u00e9cadas. Los pa\u00edses de la regi\u00f3n siempre se han caracterizado por un esp\u00edritu de creaci\u00f3n, innovaci\u00f3n y desarrollo.&#046;&#046;&#046;\" \/>\n<meta property=\"og:url\" content=\"https:\/\/noti-america.com\/site\/ecuador\/2023\/06\/19\/nube-hibrida-un-motor-de-crecimiento-para-las-startup-de-america-latina-2\/\" \/>\n<meta property=\"og:site_name\" content=\"Ecuador | Noti-America.com\" \/>\n<meta property=\"article:published_time\" content=\"2023-06-19T15:12:12+00:00\" \/>\n<meta property=\"og:image\" content=\"https:\/\/noti-america.com\/site\/ecuador\/wp-content\/uploads\/sites\/18\/2023\/06\/foto-4-scaled.jpg\" \/>\n\t<meta property=\"og:image:width\" content=\"2560\" \/>\n\t<meta property=\"og:image:height\" content=\"1440\" \/>\n\t<meta property=\"og:image:type\" content=\"image\/jpeg\" \/>\n<meta name=\"author\" content=\"Gregory Quintana Montiel\" \/>\n<meta name=\"twitter:card\" content=\"summary_large_image\" \/>\n<meta name=\"twitter:creator\" content=\"@gdgregori1\" \/>\n<meta name=\"twitter:site\" content=\"@notiamerica\" \/>\n<meta name=\"twitter:label1\" content=\"Escrito por\" \/>\n\t<meta name=\"twitter:data1\" content=\"Gregory Quintana Montiel\" \/>\n\t<meta name=\"twitter:label2\" content=\"Tiempo estimado de lectura\" \/>\n\t<meta name=\"twitter:data2\" content=\"3 minutos\" \/>\n<script type=\"application\/ld+json\" class=\"yoast-schema-graph\">{\"@context\":\"https:\/\/schema.org\",\"@graph\":[{\"@type\":\"Article\",\"@id\":\"https:\/\/noti-america.com\/site\/ecuador\/2023\/06\/19\/nube-hibrida-un-motor-de-crecimiento-para-las-startup-de-america-latina-2\/#article\",\"isPartOf\":{\"@id\":\"https:\/\/noti-america.com\/site\/ecuador\/2023\/06\/19\/nube-hibrida-un-motor-de-crecimiento-para-las-startup-de-america-latina-2\/\"},\"author\":{\"name\":\"Gregory Quintana Montiel\",\"@id\":\"https:\/\/noti-america.com\/site\/ecuador\/#\/schema\/person\/3b975e42f15abfe64bfe3abdd916efda\"},\"headline\":\"Nube h\u00edbrida: un motor de crecimiento para las startup de Am\u00e9rica Latina\",\"datePublished\":\"2023-06-19T15:12:12+00:00\",\"mainEntityOfPage\":{\"@id\":\"https:\/\/noti-america.com\/site\/ecuador\/2023\/06\/19\/nube-hibrida-un-motor-de-crecimiento-para-las-startup-de-america-latina-2\/\"},\"wordCount\":482,\"commentCount\":0,\"publisher\":{\"@id\":\"https:\/\/noti-america.com\/site\/ecuador\/#organization\"},\"image\":{\"@id\":\"https:\/\/noti-america.com\/site\/ecuador\/2023\/06\/19\/nube-hibrida-un-motor-de-crecimiento-para-las-startup-de-america-latina-2\/#primaryimage\"},\"thumbnailUrl\":\"https:\/\/noti-america.com\/site\/ecuador\/wp-content\/uploads\/sites\/18\/2023\/06\/foto-4-scaled.jpg\",\"articleSection\":[\"Tecnolog\u00eda\"],\"inLanguage\":\"es\",\"potentialAction\":[{\"@type\":\"CommentAction\",\"name\":\"Comment\",\"target\":[\"https:\/\/noti-america.com\/site\/ecuador\/2023\/06\/19\/nube-hibrida-un-motor-de-crecimiento-para-las-startup-de-america-latina-2\/#respond\"]}]},{\"@type\":\"WebPage\",\"@id\":\"https:\/\/noti-america.com\/site\/ecuador\/2023\/06\/19\/nube-hibrida-un-motor-de-crecimiento-para-las-startup-de-america-latina-2\/\",\"url\":\"https:\/\/noti-america.com\/site\/ecuador\/2023\/06\/19\/nube-hibrida-un-motor-de-crecimiento-para-las-startup-de-america-latina-2\/\",\"name\":\"Nube h\u00edbrida: un motor de crecimiento para las startup de Am\u00e9rica Latina - Ecuador | Noti-America.com\",\"isPartOf\":{\"@id\":\"https:\/\/noti-america.com\/site\/ecuador\/#website\"},\"primaryImageOfPage\":{\"@id\":\"https:\/\/noti-america.com\/site\/ecuador\/2023\/06\/19\/nube-hibrida-un-motor-de-crecimiento-para-las-startup-de-america-latina-2\/#primaryimage\"},\"image\":{\"@id\":\"https:\/\/noti-america.com\/site\/ecuador\/2023\/06\/19\/nube-hibrida-un-motor-de-crecimiento-para-las-startup-de-america-latina-2\/#primaryimage\"},\"thumbnailUrl\":\"https:\/\/noti-america.com\/site\/ecuador\/wp-content\/uploads\/sites\/18\/2023\/06\/foto-4-scaled.jpg\",\"datePublished\":\"2023-06-19T15:12:12+00:00\",\"breadcrumb\":{\"@id\":\"https:\/\/noti-america.com\/site\/ecuador\/2023\/06\/19\/nube-hibrida-un-motor-de-crecimiento-para-las-startup-de-america-latina-2\/#breadcrumb\"},\"inLanguage\":\"es\",\"potentialAction\":[{\"@type\":\"ReadAction\",\"target\":[\"https:\/\/noti-america.com\/site\/ecuador\/2023\/06\/19\/nube-hibrida-un-motor-de-crecimiento-para-las-startup-de-america-latina-2\/\"]}]},{\"@type\":\"ImageObject\",\"inLanguage\":\"es\",\"@id\":\"https:\/\/noti-america.com\/site\/ecuador\/2023\/06\/19\/nube-hibrida-un-motor-de-crecimiento-para-las-startup-de-america-latina-2\/#primaryimage\",\"url\":\"https:\/\/noti-america.com\/site\/ecuador\/wp-content\/uploads\/sites\/18\/2023\/06\/foto-4-scaled.jpg\",\"contentUrl\":\"https:\/\/noti-america.com\/site\/ecuador\/wp-content\/uploads\/sites\/18\/2023\/06\/foto-4-scaled.jpg\",\"width\":2560,\"height\":1440,\"caption\":\"Male IT Specialist Holds Laptop and Discusses Work with Female Server Technician. They're Standing in Data Center, Rack Server Cabinet with Cloud Server Icon and Visualization.\"},{\"@type\":\"BreadcrumbList\",\"@id\":\"https:\/\/noti-america.com\/site\/ecuador\/2023\/06\/19\/nube-hibrida-un-motor-de-crecimiento-para-las-startup-de-america-latina-2\/#breadcrumb\",\"itemListElement\":[{\"@type\":\"ListItem\",\"position\":1,\"name\":\"Portada\",\"item\":\"https:\/\/noti-america.com\/site\/ecuador\/\"},{\"@type\":\"ListItem\",\"position\":2,\"name\":\"Nube h\u00edbrida: un motor de crecimiento para las startup de Am\u00e9rica Latina\"}]},{\"@type\":\"WebSite\",\"@id\":\"https:\/\/noti-america.com\/site\/ecuador\/#website\",\"url\":\"https:\/\/noti-america.com\/site\/ecuador\/\",\"name\":\"Ecuador | Noti-America.com\",\"description\":\"\",\"publisher\":{\"@id\":\"https:\/\/noti-america.com\/site\/ecuador\/#organization\"},\"potentialAction\":[{\"@type\":\"SearchAction\",\"target\":{\"@type\":\"EntryPoint\",\"urlTemplate\":\"https:\/\/noti-america.com\/site\/ecuador\/?s={search_term_string}\"},\"query-input\":{\"@type\":\"PropertyValueSpecification\",\"valueRequired\":true,\"valueName\":\"search_term_string\"}}],\"inLanguage\":\"es\"},{\"@type\":\"Organization\",\"@id\":\"https:\/\/noti-america.com\/site\/ecuador\/#organization\",\"name\":\"Noti-America LLC | Ecuador\",\"url\":\"https:\/\/noti-america.com\/site\/ecuador\/\",\"logo\":{\"@type\":\"ImageObject\",\"inLanguage\":\"es\",\"@id\":\"https:\/\/noti-america.com\/site\/ecuador\/#\/schema\/logo\/image\/\",\"url\":\"https:\/\/noti-america.com\/site\/ecuador\/wp-content\/uploads\/sites\/18\/2020\/07\/LogoNA-4x3-1.jpg\",\"contentUrl\":\"https:\/\/noti-america.com\/site\/ecuador\/wp-content\/uploads\/sites\/18\/2020\/07\/LogoNA-4x3-1.jpg\",\"width\":1236,\"height\":1080,\"caption\":\"Noti-America LLC | Ecuador\"},\"image\":{\"@id\":\"https:\/\/noti-america.com\/site\/ecuador\/#\/schema\/logo\/image\/\"},\"sameAs\":[\"https:\/\/x.com\/notiamerica\"]},{\"@type\":\"Person\",\"@id\":\"https:\/\/noti-america.com\/site\/ecuador\/#\/schema\/person\/3b975e42f15abfe64bfe3abdd916efda\",\"name\":\"Gregory Quintana Montiel\",\"image\":{\"@type\":\"ImageObject\",\"inLanguage\":\"es\",\"@id\":\"https:\/\/secure.gravatar.com\/avatar\/2d6b802f7720c2ec7744dcbe608cc2f3417aeb964d58b443c6d612b77531de1d?s=96&d=mm&r=g\",\"url\":\"https:\/\/secure.gravatar.com\/avatar\/2d6b802f7720c2ec7744dcbe608cc2f3417aeb964d58b443c6d612b77531de1d?s=96&d=mm&r=g\",\"contentUrl\":\"https:\/\/secure.gravatar.com\/avatar\/2d6b802f7720c2ec7744dcbe608cc2f3417aeb964d58b443c6d612b77531de1d?s=96&d=mm&r=g\",\"caption\":\"Gregory Quintana Montiel\"},\"description\":\"Licenciatura en Ciencias de la Comunicaci\u00f3n Social, egresado en la Especializaci\u00f3n Derecho Ambiental Desarrollo Sostenible y Sustentable, Miembro de la Comunidad de profesionales y experto para Latinoam\u00e9rica y el Caribe en Gesti\u00f3n por Resultado en el Desarrollo (COPLAC - GpRD) del Banco Interamericano de Desarrollo, experiencia en medios radiales y escritos.\",\"sameAs\":[\"https:\/\/x.com\/gdgregori1\",\"gquintana\"],\"url\":\"https:\/\/noti-america.com\/site\/ecuador\/author\/gquintana\/\"}]}<\/script>\n<!-- \/ Yoast SEO Premium plugin. -->","yoast_head_json":{"title":"Nube h\u00edbrida: un motor de crecimiento para las startup de Am\u00e9rica Latina - Ecuador | Noti-America.com","robots":{"index":"index","follow":"follow","max-snippet":"max-snippet:-1","max-image-preview":"max-image-preview:large","max-video-preview":"max-video-preview:-1"},"canonical":"https:\/\/noti-america.com\/site\/ecuador\/2023\/06\/19\/nube-hibrida-un-motor-de-crecimiento-para-las-startup-de-america-latina-2\/","og_locale":"es_ES","og_type":"article","og_title":"Nube h\u00edbrida: un motor de crecimiento para las startup de Am\u00e9rica Latina","og_description":"REDACCI\u00d3N NOTI AM\u00c9RICA (ECUADOR) Am\u00e9rica Latina ha tenido un ecosistema de emprendimiento activo desde hace varias d\u00e9cadas. Los pa\u00edses de la regi\u00f3n siempre se han caracterizado por un esp\u00edritu de creaci\u00f3n, innovaci\u00f3n y desarrollo.&#46;&#46;&#46;","og_url":"https:\/\/noti-america.com\/site\/ecuador\/2023\/06\/19\/nube-hibrida-un-motor-de-crecimiento-para-las-startup-de-america-latina-2\/","og_site_name":"Ecuador | Noti-America.com","article_published_time":"2023-06-19T15:12:12+00:00","og_image":[{"width":2560,"height":1440,"url":"https:\/\/noti-america.com\/site\/ecuador\/wp-content\/uploads\/sites\/18\/2023\/06\/foto-4-scaled.jpg","type":"image\/jpeg"}],"author":"Gregory Quintana Montiel","twitter_card":"summary_large_image","twitter_creator":"@gdgregori1","twitter_site":"@notiamerica","twitter_misc":{"Escrito por":"Gregory Quintana Montiel","Tiempo estimado de lectura":"3 minutos"},"schema":{"@context":"https:\/\/schema.org","@graph":[{"@type":"Article","@id":"https:\/\/noti-america.com\/site\/ecuador\/2023\/06\/19\/nube-hibrida-un-motor-de-crecimiento-para-las-startup-de-america-latina-2\/#article","isPartOf":{"@id":"https:\/\/noti-america.com\/site\/ecuador\/2023\/06\/19\/nube-hibrida-un-motor-de-crecimiento-para-las-startup-de-america-latina-2\/"},"author":{"name":"Gregory Quintana Montiel","@id":"https:\/\/noti-america.com\/site\/ecuador\/#\/schema\/person\/3b975e42f15abfe64bfe3abdd916efda"},"headline":"Nube h\u00edbrida: un motor de crecimiento para las startup de Am\u00e9rica Latina","datePublished":"2023-06-19T15:12:12+00:00","mainEntityOfPage":{"@id":"https:\/\/noti-america.com\/site\/ecuador\/2023\/06\/19\/nube-hibrida-un-motor-de-crecimiento-para-las-startup-de-america-latina-2\/"},"wordCount":482,"commentCount":0,"publisher":{"@id":"https:\/\/noti-america.com\/site\/ecuador\/#organization"},"image":{"@id":"https:\/\/noti-america.com\/site\/ecuador\/2023\/06\/19\/nube-hibrida-un-motor-de-crecimiento-para-las-startup-de-america-latina-2\/#primaryimage"},"thumbnailUrl":"https:\/\/noti-america.com\/site\/ecuador\/wp-content\/uploads\/sites\/18\/2023\/06\/foto-4-scaled.jpg","articleSection":["Tecnolog\u00eda"],"inLanguage":"es","potentialAction":[{"@type":"CommentAction","name":"Comment","target":["https:\/\/noti-america.com\/site\/ecuador\/2023\/06\/19\/nube-hibrida-un-motor-de-crecimiento-para-las-startup-de-america-latina-2\/#respond"]}]},{"@type":"WebPage","@id":"https:\/\/noti-america.com\/site\/ecuador\/2023\/06\/19\/nube-hibrida-un-motor-de-crecimiento-para-las-startup-de-america-latina-2\/","url":"https:\/\/noti-america.com\/site\/ecuador\/2023\/06\/19\/nube-hibrida-un-motor-de-crecimiento-para-las-startup-de-america-latina-2\/","name":"Nube h\u00edbrida: un motor de crecimiento para las startup de Am\u00e9rica Latina - Ecuador | Noti-America.com","isPartOf":{"@id":"https:\/\/noti-america.com\/site\/ecuador\/#website"},"primaryImageOfPage":{"@id":"https:\/\/noti-america.com\/site\/ecuador\/2023\/06\/19\/nube-hibrida-un-motor-de-crecimiento-para-las-startup-de-america-latina-2\/#primaryimage"},"image":{"@id":"https:\/\/noti-america.com\/site\/ecuador\/2023\/06\/19\/nube-hibrida-un-motor-de-crecimiento-para-las-startup-de-america-latina-2\/#primaryimage"},"thumbnailUrl":"https:\/\/noti-america.com\/site\/ecuador\/wp-content\/uploads\/sites\/18\/2023\/06\/foto-4-scaled.jpg","datePublished":"2023-06-19T15:12:12+00:00","breadcrumb":{"@id":"https:\/\/noti-america.com\/site\/ecuador\/2023\/06\/19\/nube-hibrida-un-motor-de-crecimiento-para-las-startup-de-america-latina-2\/#breadcrumb"},"inLanguage":"es","potentialAction":[{"@type":"ReadAction","target":["https:\/\/noti-america.com\/site\/ecuador\/2023\/06\/19\/nube-hibrida-un-motor-de-crecimiento-para-las-startup-de-america-latina-2\/"]}]},{"@type":"ImageObject","inLanguage":"es","@id":"https:\/\/noti-america.com\/site\/ecuador\/2023\/06\/19\/nube-hibrida-un-motor-de-crecimiento-para-las-startup-de-america-latina-2\/#primaryimage","url":"https:\/\/noti-america.com\/site\/ecuador\/wp-content\/uploads\/sites\/18\/2023\/06\/foto-4-scaled.jpg","contentUrl":"https:\/\/noti-america.com\/site\/ecuador\/wp-content\/uploads\/sites\/18\/2023\/06\/foto-4-scaled.jpg","width":2560,"height":1440,"caption":"Male IT Specialist Holds Laptop and Discusses Work with Female Server Technician. They're Standing in Data Center, Rack Server Cabinet with Cloud Server Icon and Visualization."},{"@type":"BreadcrumbList","@id":"https:\/\/noti-america.com\/site\/ecuador\/2023\/06\/19\/nube-hibrida-un-motor-de-crecimiento-para-las-startup-de-america-latina-2\/#breadcrumb","itemListElement":[{"@type":"ListItem","position":1,"name":"Portada","item":"https:\/\/noti-america.com\/site\/ecuador\/"},{"@type":"ListItem","position":2,"name":"Nube h\u00edbrida: un motor de crecimiento para las startup de Am\u00e9rica Latina"}]},{"@type":"WebSite","@id":"https:\/\/noti-america.com\/site\/ecuador\/#website","url":"https:\/\/noti-america.com\/site\/ecuador\/","name":"Ecuador | Noti-America.com","description":"","publisher":{"@id":"https:\/\/noti-america.com\/site\/ecuador\/#organization"},"potentialAction":[{"@type":"SearchAction","target":{"@type":"EntryPoint","urlTemplate":"https:\/\/noti-america.com\/site\/ecuador\/?s={search_term_string}"},"query-input":{"@type":"PropertyValueSpecification","valueRequired":true,"valueName":"search_term_string"}}],"inLanguage":"es"},{"@type":"Organization","@id":"https:\/\/noti-america.com\/site\/ecuador\/#organization","name":"Noti-America LLC | Ecuador","url":"https:\/\/noti-america.com\/site\/ecuador\/","logo":{"@type":"ImageObject","inLanguage":"es","@id":"https:\/\/noti-america.com\/site\/ecuador\/#\/schema\/logo\/image\/","url":"https:\/\/noti-america.com\/site\/ecuador\/wp-content\/uploads\/sites\/18\/2020\/07\/LogoNA-4x3-1.jpg","contentUrl":"https:\/\/noti-america.com\/site\/ecuador\/wp-content\/uploads\/sites\/18\/2020\/07\/LogoNA-4x3-1.jpg","width":1236,"height":1080,"caption":"Noti-America LLC | Ecuador"},"image":{"@id":"https:\/\/noti-america.com\/site\/ecuador\/#\/schema\/logo\/image\/"},"sameAs":["https:\/\/x.com\/notiamerica"]},{"@type":"Person","@id":"https:\/\/noti-america.com\/site\/ecuador\/#\/schema\/person\/3b975e42f15abfe64bfe3abdd916efda","name":"Gregory Quintana Montiel","image":{"@type":"ImageObject","inLanguage":"es","@id":"https:\/\/secure.gravatar.com\/avatar\/2d6b802f7720c2ec7744dcbe608cc2f3417aeb964d58b443c6d612b77531de1d?s=96&d=mm&r=g","url":"https:\/\/secure.gravatar.com\/avatar\/2d6b802f7720c2ec7744dcbe608cc2f3417aeb964d58b443c6d612b77531de1d?s=96&d=mm&r=g","contentUrl":"https:\/\/secure.gravatar.com\/avatar\/2d6b802f7720c2ec7744dcbe608cc2f3417aeb964d58b443c6d612b77531de1d?s=96&d=mm&r=g","caption":"Gregory Quintana Montiel"},"description":"Licenciatura en Ciencias de la Comunicaci\u00f3n Social, egresado en la Especializaci\u00f3n Derecho Ambiental Desarrollo Sostenible y Sustentable, Miembro de la Comunidad de profesionales y experto para Latinoam\u00e9rica y el Caribe en Gesti\u00f3n por Resultado en el Desarrollo (COPLAC - GpRD) del Banco Interamericano de Desarrollo, experiencia en medios radiales y escritos.","sameAs":["https:\/\/x.com\/gdgregori1","gquintana"],"url":"https:\/\/noti-america.com\/site\/ecuador\/author\/gquintana\/"}]}},"_links":{"self":[{"href":"https:\/\/noti-america.com\/site\/ecuador\/wp-json\/wp\/v2\/posts\/25196","targetHints":{"allow":["GET"]}}],"collection":[{"href":"https:\/\/noti-america.com\/site\/ecuador\/wp-json\/wp\/v2\/posts"}],"about":[{"href":"https:\/\/noti-america.com\/site\/ecuador\/wp-json\/wp\/v2\/types\/post"}],"author":[{"embeddable":true,"href":"https:\/\/noti-america.com\/site\/ecuador\/wp-json\/wp\/v2\/users\/17"}],"replies":[{"embeddable":true,"href":"https:\/\/noti-america.com\/site\/ecuador\/wp-json\/wp\/v2\/comments?post=25196"}],"version-history":[{"count":0,"href":"https:\/\/noti-america.com\/site\/ecuador\/wp-json\/wp\/v2\/posts\/25196\/revisions"}],"wp:featuredmedia":[{"embeddable":true,"href":"https:\/\/noti-america.com\/site\/ecuador\/wp-json\/wp\/v2\/media\/25197"}],"wp:attachment":[{"href":"https:\/\/noti-america.com\/site\/ecuador\/wp-json\/wp\/v2\/media?parent=25196"}],"wp:term":[{"taxonomy":"category","embeddable":true,"href":"https:\/\/noti-america.com\/site\/ecuador\/wp-json\/wp\/v2\/categories?post=25196"},{"taxonomy":"post_tag","embeddable":true,"href":"https:\/\/noti-america.com\/site\/ecuador\/wp-json\/wp\/v2\/tags?post=25196"}],"curies":[{"name":"wp","href":"https:\/\/api.w.org\/{rel}","templated":true}]}}