{"id":25174,"date":"2023-06-17T19:37:37","date_gmt":"2023-06-17T19:37:37","guid":{"rendered":"https:\/\/noti-america.com\/site\/ecuador\/?p=25174"},"modified":"2023-06-17T19:54:09","modified_gmt":"2023-06-17T19:54:09","slug":"el-jetour-dashing-llega-a-ecuador","status":"publish","type":"post","link":"https:\/\/noti-america.com\/site\/ecuador\/2023\/06\/17\/el-jetour-dashing-llega-a-ecuador\/","title":{"rendered":"El Jetour Dashing llega a Ecuador"},"content":{"rendered":"<p>REDACCI\u00d3N NOTI AM\u00c9RICA (ECUADOR)<\/p>\n<p>AUTOR:\u00a0<strong>HENRY GARRIDO.<\/strong><\/p>\n<div id=\"attachment_25175\" style=\"width: 422px\" class=\"wp-caption aligncenter\"><img loading=\"lazy\" decoding=\"async\" aria-describedby=\"caption-attachment-25175\" class=\" wp-image-25175\" src=\"https:\/\/noti-america.com\/site\/ecuador\/wp-content\/uploads\/sites\/18\/2023\/06\/fd539ee0-9078-473a-8a1a-5a5c9ebe4f44-e1687030514453-300x192.jpg\" alt=\"\" width=\"412\" height=\"264\" srcset=\"https:\/\/noti-america.com\/site\/ecuador\/wp-content\/uploads\/sites\/18\/2023\/06\/fd539ee0-9078-473a-8a1a-5a5c9ebe4f44-e1687030514453-300x192.jpg 300w, https:\/\/noti-america.com\/site\/ecuador\/wp-content\/uploads\/sites\/18\/2023\/06\/fd539ee0-9078-473a-8a1a-5a5c9ebe4f44-e1687030514453-1024x655.jpg 1024w, https:\/\/noti-america.com\/site\/ecuador\/wp-content\/uploads\/sites\/18\/2023\/06\/fd539ee0-9078-473a-8a1a-5a5c9ebe4f44-e1687030514453-768x492.jpg 768w, https:\/\/noti-america.com\/site\/ecuador\/wp-content\/uploads\/sites\/18\/2023\/06\/fd539ee0-9078-473a-8a1a-5a5c9ebe4f44-e1687030514453.jpg 1200w\" sizes=\"auto, (max-width: 412px) 100vw, 412px\" \/><p id=\"caption-attachment-25175\" class=\"wp-caption-text\">El Jetour Dashing llega con un enfoque futurista.<\/p><\/div>\n<p style=\"text-align: justify\">El pasado jueves 15 de junio, la corporaci\u00f3n automotriz Nova-L\u00edder, junto a Grupo Rold\u00e1n presentaron en la ciudad de Guayaquil, al nuevo integrante de la familia en un evento que cont\u00f3 con la presencia de representantes de la empresa, distribuidores y prensa.<\/p>\n<p style=\"text-align: justify\">Se trata del nuevo modelo de SUV, el Jetour Dashing, que significa confiado, elegante y a la moda. Esta nueva versi\u00f3n se caracteriza por disponer de tecnolog\u00eda de punta, ser espacioso, brindando confort a los ocupantes y tener todos los dispositivos de seguridad que permiten disfrutar de cada viaje.<\/p>\n<p style=\"text-align: justify\">Una de las novedades del modelo es su dise\u00f1o exterior frontal inspirado en la ic\u00f3nica m\u00e1scara del superh\u00e9roe Ironman y hace alusi\u00f3n a la tecnolog\u00eda avanzada.<\/p>\n<p style=\"text-align: justify\">Fernando Ordo\u00f1ez, gerente de distribuci\u00f3n de Jetour en Ecuador, sostuvo que la marca ofrece experiencias alineadas con la visi\u00f3n de la empresa y pensadas en el futuro. \u00abDesde su alianza en 2019 con el Grupo Rold\u00e1n, los veh\u00edculos Jetour han tenido gran aceptaci\u00f3n en el mercado\u00bb, dijo.<\/p>\n<p style=\"text-align: justify\">Por su parte Pa\u00fal Trujillo, gerente de Nova-L\u00edder, agreg\u00f3 que la marca es considerada en el territorio ecuatoriano como la segunda en venta en modelos SUV; ya que sus precios van desde su versi\u00f3n m\u00e1s b\u00e1sica en USD 26.990 hasta 36.990 en su versi\u00f3n full. \u201cEst\u00e1n ganado terreno por el costo, adem\u00e1s tienen full equipamiento como asientos de cuero, techos corredizos, motores de \u00faltima tecnolog\u00eda, mandos al volante, radio t\u00e1ctil, c\u00e1mara de retro y sensores\u201d, se\u00f1al\u00f3.<\/p>\n<p style=\"text-align: justify\">En los \u00faltimos a\u00f1os ha ido en aumento el comercio de veh\u00edculos procedentes del gigante asi\u00e1tico. Entre enero y abril de 2023, se comercializaron 16.079 veh\u00edculos chinos a escala nacional, lo que representa, el 34,5% de participaci\u00f3n del total de ventas del mercado, seg\u00fan datos de la C\u00e1mara de la Industria Automotriz Ecuatoriana (Cinae).<\/p>\n","protected":false},"excerpt":{"rendered":"<p>REDACCI\u00d3N NOTI AM\u00c9RICA (ECUADOR) AUTOR:\u00a0HENRY GARRIDO. El pasado jueves 15 de junio, la corporaci\u00f3n automotriz Nova-L\u00edder, junto a Grupo Rold\u00e1n presentaron en la ciudad de Guayaquil, al nuevo integrante de la familia en un&#46;&#46;&#46;<\/p>\n","protected":false},"author":17,"featured_media":25175,"comment_status":"open","ping_status":"open","sticky":false,"template":"","format":"standard","meta":{"_acf_changed":false,"om_disable_all_campaigns":false,"rop_custom_images_group":[],"rop_custom_messages_group":[],"rop_publish_now":"initial","rop_publish_now_accounts":{"twitter_242054905_242054905":""},"rop_publish_now_history":[],"rop_publish_now_status":"pending","_uf_show_specific_survey":0,"_uf_disable_surveys":false,"footnotes":""},"categories":[123],"tags":[],"class_list":["post-25174","post","type-post","status-publish","format-standard","has-post-thumbnail","hentry","category-innovacion"],"acf":[],"aioseo_notices":[],"yoast_head":"<!-- This site is optimized with the Yoast SEO Premium plugin v24.9 (Yoast SEO v27.2) - https:\/\/yoast.com\/product\/yoast-seo-premium-wordpress\/ -->\n<title>El Jetour Dashing llega a Ecuador - Ecuador | Noti-America.com<\/title>\n<meta name=\"robots\" content=\"index, follow, max-snippet:-1, max-image-preview:large, max-video-preview:-1\" \/>\n<link rel=\"canonical\" href=\"https:\/\/noti-america.com\/site\/ecuador\/2023\/06\/17\/el-jetour-dashing-llega-a-ecuador\/\" \/>\n<meta property=\"og:locale\" content=\"es_ES\" \/>\n<meta property=\"og:type\" content=\"article\" \/>\n<meta property=\"og:title\" content=\"El Jetour Dashing llega a Ecuador\" \/>\n<meta property=\"og:description\" content=\"REDACCI\u00d3N NOTI AM\u00c9RICA (ECUADOR) AUTOR:\u00a0HENRY GARRIDO. El pasado jueves 15 de junio, la corporaci\u00f3n automotriz Nova-L\u00edder, junto a Grupo Rold\u00e1n presentaron en la ciudad de Guayaquil, al nuevo integrante de la familia en un&#046;&#046;&#046;\" \/>\n<meta property=\"og:url\" content=\"https:\/\/noti-america.com\/site\/ecuador\/2023\/06\/17\/el-jetour-dashing-llega-a-ecuador\/\" \/>\n<meta property=\"og:site_name\" content=\"Ecuador | Noti-America.com\" \/>\n<meta property=\"article:published_time\" content=\"2023-06-17T19:37:37+00:00\" \/>\n<meta property=\"article:modified_time\" content=\"2023-06-17T19:54:09+00:00\" \/>\n<meta property=\"og:image\" content=\"https:\/\/noti-america.com\/site\/ecuador\/wp-content\/uploads\/sites\/18\/2023\/06\/fd539ee0-9078-473a-8a1a-5a5c9ebe4f44-e1687030514453.jpg\" \/>\n\t<meta property=\"og:image:width\" content=\"1200\" \/>\n\t<meta property=\"og:image:height\" content=\"768\" \/>\n\t<meta property=\"og:image:type\" content=\"image\/jpeg\" \/>\n<meta name=\"author\" content=\"Gregory Quintana Montiel\" \/>\n<meta name=\"twitter:card\" content=\"summary_large_image\" \/>\n<meta name=\"twitter:creator\" content=\"@gdgregori1\" \/>\n<meta name=\"twitter:site\" content=\"@notiamerica\" \/>\n<meta name=\"twitter:label1\" content=\"Escrito por\" \/>\n\t<meta name=\"twitter:data1\" content=\"Gregory Quintana Montiel\" \/>\n\t<meta name=\"twitter:label2\" content=\"Tiempo estimado de lectura\" \/>\n\t<meta name=\"twitter:data2\" content=\"2 minutos\" \/>\n<script type=\"application\/ld+json\" class=\"yoast-schema-graph\">{\"@context\":\"https:\/\/schema.org\",\"@graph\":[{\"@type\":\"Article\",\"@id\":\"https:\/\/noti-america.com\/site\/ecuador\/2023\/06\/17\/el-jetour-dashing-llega-a-ecuador\/#article\",\"isPartOf\":{\"@id\":\"https:\/\/noti-america.com\/site\/ecuador\/2023\/06\/17\/el-jetour-dashing-llega-a-ecuador\/\"},\"author\":{\"name\":\"Gregory Quintana Montiel\",\"@id\":\"https:\/\/noti-america.com\/site\/ecuador\/#\/schema\/person\/3b975e42f15abfe64bfe3abdd916efda\"},\"headline\":\"El Jetour Dashing llega a Ecuador\",\"datePublished\":\"2023-06-17T19:37:37+00:00\",\"dateModified\":\"2023-06-17T19:54:09+00:00\",\"mainEntityOfPage\":{\"@id\":\"https:\/\/noti-america.com\/site\/ecuador\/2023\/06\/17\/el-jetour-dashing-llega-a-ecuador\/\"},\"wordCount\":353,\"commentCount\":0,\"publisher\":{\"@id\":\"https:\/\/noti-america.com\/site\/ecuador\/#organization\"},\"image\":{\"@id\":\"https:\/\/noti-america.com\/site\/ecuador\/2023\/06\/17\/el-jetour-dashing-llega-a-ecuador\/#primaryimage\"},\"thumbnailUrl\":\"https:\/\/noti-america.com\/site\/ecuador\/wp-content\/uploads\/sites\/18\/2023\/06\/fd539ee0-9078-473a-8a1a-5a5c9ebe4f44-e1687030514453.jpg\",\"articleSection\":[\"Innovaci\u00f3n\"],\"inLanguage\":\"es\",\"potentialAction\":[{\"@type\":\"CommentAction\",\"name\":\"Comment\",\"target\":[\"https:\/\/noti-america.com\/site\/ecuador\/2023\/06\/17\/el-jetour-dashing-llega-a-ecuador\/#respond\"]}]},{\"@type\":\"WebPage\",\"@id\":\"https:\/\/noti-america.com\/site\/ecuador\/2023\/06\/17\/el-jetour-dashing-llega-a-ecuador\/\",\"url\":\"https:\/\/noti-america.com\/site\/ecuador\/2023\/06\/17\/el-jetour-dashing-llega-a-ecuador\/\",\"name\":\"El Jetour Dashing llega a Ecuador - Ecuador | Noti-America.com\",\"isPartOf\":{\"@id\":\"https:\/\/noti-america.com\/site\/ecuador\/#website\"},\"primaryImageOfPage\":{\"@id\":\"https:\/\/noti-america.com\/site\/ecuador\/2023\/06\/17\/el-jetour-dashing-llega-a-ecuador\/#primaryimage\"},\"image\":{\"@id\":\"https:\/\/noti-america.com\/site\/ecuador\/2023\/06\/17\/el-jetour-dashing-llega-a-ecuador\/#primaryimage\"},\"thumbnailUrl\":\"https:\/\/noti-america.com\/site\/ecuador\/wp-content\/uploads\/sites\/18\/2023\/06\/fd539ee0-9078-473a-8a1a-5a5c9ebe4f44-e1687030514453.jpg\",\"datePublished\":\"2023-06-17T19:37:37+00:00\",\"dateModified\":\"2023-06-17T19:54:09+00:00\",\"breadcrumb\":{\"@id\":\"https:\/\/noti-america.com\/site\/ecuador\/2023\/06\/17\/el-jetour-dashing-llega-a-ecuador\/#breadcrumb\"},\"inLanguage\":\"es\",\"potentialAction\":[{\"@type\":\"ReadAction\",\"target\":[\"https:\/\/noti-america.com\/site\/ecuador\/2023\/06\/17\/el-jetour-dashing-llega-a-ecuador\/\"]}]},{\"@type\":\"ImageObject\",\"inLanguage\":\"es\",\"@id\":\"https:\/\/noti-america.com\/site\/ecuador\/2023\/06\/17\/el-jetour-dashing-llega-a-ecuador\/#primaryimage\",\"url\":\"https:\/\/noti-america.com\/site\/ecuador\/wp-content\/uploads\/sites\/18\/2023\/06\/fd539ee0-9078-473a-8a1a-5a5c9ebe4f44-e1687030514453.jpg\",\"contentUrl\":\"https:\/\/noti-america.com\/site\/ecuador\/wp-content\/uploads\/sites\/18\/2023\/06\/fd539ee0-9078-473a-8a1a-5a5c9ebe4f44-e1687030514453.jpg\",\"width\":1200,\"height\":768,\"caption\":\"El Jetour Dashing llega con un enfoque futurista.\"},{\"@type\":\"BreadcrumbList\",\"@id\":\"https:\/\/noti-america.com\/site\/ecuador\/2023\/06\/17\/el-jetour-dashing-llega-a-ecuador\/#breadcrumb\",\"itemListElement\":[{\"@type\":\"ListItem\",\"position\":1,\"name\":\"Portada\",\"item\":\"https:\/\/noti-america.com\/site\/ecuador\/\"},{\"@type\":\"ListItem\",\"position\":2,\"name\":\"El Jetour Dashing llega a Ecuador\"}]},{\"@type\":\"WebSite\",\"@id\":\"https:\/\/noti-america.com\/site\/ecuador\/#website\",\"url\":\"https:\/\/noti-america.com\/site\/ecuador\/\",\"name\":\"Ecuador | Noti-America.com\",\"description\":\"\",\"publisher\":{\"@id\":\"https:\/\/noti-america.com\/site\/ecuador\/#organization\"},\"potentialAction\":[{\"@type\":\"SearchAction\",\"target\":{\"@type\":\"EntryPoint\",\"urlTemplate\":\"https:\/\/noti-america.com\/site\/ecuador\/?s={search_term_string}\"},\"query-input\":{\"@type\":\"PropertyValueSpecification\",\"valueRequired\":true,\"valueName\":\"search_term_string\"}}],\"inLanguage\":\"es\"},{\"@type\":\"Organization\",\"@id\":\"https:\/\/noti-america.com\/site\/ecuador\/#organization\",\"name\":\"Noti-America LLC | Ecuador\",\"url\":\"https:\/\/noti-america.com\/site\/ecuador\/\",\"logo\":{\"@type\":\"ImageObject\",\"inLanguage\":\"es\",\"@id\":\"https:\/\/noti-america.com\/site\/ecuador\/#\/schema\/logo\/image\/\",\"url\":\"https:\/\/noti-america.com\/site\/ecuador\/wp-content\/uploads\/sites\/18\/2020\/07\/LogoNA-4x3-1.jpg\",\"contentUrl\":\"https:\/\/noti-america.com\/site\/ecuador\/wp-content\/uploads\/sites\/18\/2020\/07\/LogoNA-4x3-1.jpg\",\"width\":1236,\"height\":1080,\"caption\":\"Noti-America LLC | Ecuador\"},\"image\":{\"@id\":\"https:\/\/noti-america.com\/site\/ecuador\/#\/schema\/logo\/image\/\"},\"sameAs\":[\"https:\/\/x.com\/notiamerica\"]},{\"@type\":\"Person\",\"@id\":\"https:\/\/noti-america.com\/site\/ecuador\/#\/schema\/person\/3b975e42f15abfe64bfe3abdd916efda\",\"name\":\"Gregory Quintana Montiel\",\"image\":{\"@type\":\"ImageObject\",\"inLanguage\":\"es\",\"@id\":\"https:\/\/secure.gravatar.com\/avatar\/2d6b802f7720c2ec7744dcbe608cc2f3417aeb964d58b443c6d612b77531de1d?s=96&d=mm&r=g\",\"url\":\"https:\/\/secure.gravatar.com\/avatar\/2d6b802f7720c2ec7744dcbe608cc2f3417aeb964d58b443c6d612b77531de1d?s=96&d=mm&r=g\",\"contentUrl\":\"https:\/\/secure.gravatar.com\/avatar\/2d6b802f7720c2ec7744dcbe608cc2f3417aeb964d58b443c6d612b77531de1d?s=96&d=mm&r=g\",\"caption\":\"Gregory Quintana Montiel\"},\"description\":\"Licenciatura en Ciencias de la Comunicaci\u00f3n Social, egresado en la Especializaci\u00f3n Derecho Ambiental Desarrollo Sostenible y Sustentable, Miembro de la Comunidad de profesionales y experto para Latinoam\u00e9rica y el Caribe en Gesti\u00f3n por Resultado en el Desarrollo (COPLAC - GpRD) del Banco Interamericano de Desarrollo, experiencia en medios radiales y escritos.\",\"sameAs\":[\"https:\/\/x.com\/gdgregori1\",\"gquintana\"],\"url\":\"https:\/\/noti-america.com\/site\/ecuador\/author\/gquintana\/\"}]}<\/script>\n<!-- \/ Yoast SEO Premium plugin. -->","yoast_head_json":{"title":"El Jetour Dashing llega a Ecuador - Ecuador | Noti-America.com","robots":{"index":"index","follow":"follow","max-snippet":"max-snippet:-1","max-image-preview":"max-image-preview:large","max-video-preview":"max-video-preview:-1"},"canonical":"https:\/\/noti-america.com\/site\/ecuador\/2023\/06\/17\/el-jetour-dashing-llega-a-ecuador\/","og_locale":"es_ES","og_type":"article","og_title":"El Jetour Dashing llega a Ecuador","og_description":"REDACCI\u00d3N NOTI AM\u00c9RICA (ECUADOR) AUTOR:\u00a0HENRY GARRIDO. El pasado jueves 15 de junio, la corporaci\u00f3n automotriz Nova-L\u00edder, junto a Grupo Rold\u00e1n presentaron en la ciudad de Guayaquil, al nuevo integrante de la familia en un&#46;&#46;&#46;","og_url":"https:\/\/noti-america.com\/site\/ecuador\/2023\/06\/17\/el-jetour-dashing-llega-a-ecuador\/","og_site_name":"Ecuador | Noti-America.com","article_published_time":"2023-06-17T19:37:37+00:00","article_modified_time":"2023-06-17T19:54:09+00:00","og_image":[{"width":1200,"height":768,"url":"https:\/\/noti-america.com\/site\/ecuador\/wp-content\/uploads\/sites\/18\/2023\/06\/fd539ee0-9078-473a-8a1a-5a5c9ebe4f44-e1687030514453.jpg","type":"image\/jpeg"}],"author":"Gregory Quintana Montiel","twitter_card":"summary_large_image","twitter_creator":"@gdgregori1","twitter_site":"@notiamerica","twitter_misc":{"Escrito por":"Gregory Quintana Montiel","Tiempo estimado de lectura":"2 minutos"},"schema":{"@context":"https:\/\/schema.org","@graph":[{"@type":"Article","@id":"https:\/\/noti-america.com\/site\/ecuador\/2023\/06\/17\/el-jetour-dashing-llega-a-ecuador\/#article","isPartOf":{"@id":"https:\/\/noti-america.com\/site\/ecuador\/2023\/06\/17\/el-jetour-dashing-llega-a-ecuador\/"},"author":{"name":"Gregory Quintana Montiel","@id":"https:\/\/noti-america.com\/site\/ecuador\/#\/schema\/person\/3b975e42f15abfe64bfe3abdd916efda"},"headline":"El Jetour Dashing llega a Ecuador","datePublished":"2023-06-17T19:37:37+00:00","dateModified":"2023-06-17T19:54:09+00:00","mainEntityOfPage":{"@id":"https:\/\/noti-america.com\/site\/ecuador\/2023\/06\/17\/el-jetour-dashing-llega-a-ecuador\/"},"wordCount":353,"commentCount":0,"publisher":{"@id":"https:\/\/noti-america.com\/site\/ecuador\/#organization"},"image":{"@id":"https:\/\/noti-america.com\/site\/ecuador\/2023\/06\/17\/el-jetour-dashing-llega-a-ecuador\/#primaryimage"},"thumbnailUrl":"https:\/\/noti-america.com\/site\/ecuador\/wp-content\/uploads\/sites\/18\/2023\/06\/fd539ee0-9078-473a-8a1a-5a5c9ebe4f44-e1687030514453.jpg","articleSection":["Innovaci\u00f3n"],"inLanguage":"es","potentialAction":[{"@type":"CommentAction","name":"Comment","target":["https:\/\/noti-america.com\/site\/ecuador\/2023\/06\/17\/el-jetour-dashing-llega-a-ecuador\/#respond"]}]},{"@type":"WebPage","@id":"https:\/\/noti-america.com\/site\/ecuador\/2023\/06\/17\/el-jetour-dashing-llega-a-ecuador\/","url":"https:\/\/noti-america.com\/site\/ecuador\/2023\/06\/17\/el-jetour-dashing-llega-a-ecuador\/","name":"El Jetour Dashing llega a Ecuador - Ecuador | Noti-America.com","isPartOf":{"@id":"https:\/\/noti-america.com\/site\/ecuador\/#website"},"primaryImageOfPage":{"@id":"https:\/\/noti-america.com\/site\/ecuador\/2023\/06\/17\/el-jetour-dashing-llega-a-ecuador\/#primaryimage"},"image":{"@id":"https:\/\/noti-america.com\/site\/ecuador\/2023\/06\/17\/el-jetour-dashing-llega-a-ecuador\/#primaryimage"},"thumbnailUrl":"https:\/\/noti-america.com\/site\/ecuador\/wp-content\/uploads\/sites\/18\/2023\/06\/fd539ee0-9078-473a-8a1a-5a5c9ebe4f44-e1687030514453.jpg","datePublished":"2023-06-17T19:37:37+00:00","dateModified":"2023-06-17T19:54:09+00:00","breadcrumb":{"@id":"https:\/\/noti-america.com\/site\/ecuador\/2023\/06\/17\/el-jetour-dashing-llega-a-ecuador\/#breadcrumb"},"inLanguage":"es","potentialAction":[{"@type":"ReadAction","target":["https:\/\/noti-america.com\/site\/ecuador\/2023\/06\/17\/el-jetour-dashing-llega-a-ecuador\/"]}]},{"@type":"ImageObject","inLanguage":"es","@id":"https:\/\/noti-america.com\/site\/ecuador\/2023\/06\/17\/el-jetour-dashing-llega-a-ecuador\/#primaryimage","url":"https:\/\/noti-america.com\/site\/ecuador\/wp-content\/uploads\/sites\/18\/2023\/06\/fd539ee0-9078-473a-8a1a-5a5c9ebe4f44-e1687030514453.jpg","contentUrl":"https:\/\/noti-america.com\/site\/ecuador\/wp-content\/uploads\/sites\/18\/2023\/06\/fd539ee0-9078-473a-8a1a-5a5c9ebe4f44-e1687030514453.jpg","width":1200,"height":768,"caption":"El Jetour Dashing llega con un enfoque futurista."},{"@type":"BreadcrumbList","@id":"https:\/\/noti-america.com\/site\/ecuador\/2023\/06\/17\/el-jetour-dashing-llega-a-ecuador\/#breadcrumb","itemListElement":[{"@type":"ListItem","position":1,"name":"Portada","item":"https:\/\/noti-america.com\/site\/ecuador\/"},{"@type":"ListItem","position":2,"name":"El Jetour Dashing llega a Ecuador"}]},{"@type":"WebSite","@id":"https:\/\/noti-america.com\/site\/ecuador\/#website","url":"https:\/\/noti-america.com\/site\/ecuador\/","name":"Ecuador | Noti-America.com","description":"","publisher":{"@id":"https:\/\/noti-america.com\/site\/ecuador\/#organization"},"potentialAction":[{"@type":"SearchAction","target":{"@type":"EntryPoint","urlTemplate":"https:\/\/noti-america.com\/site\/ecuador\/?s={search_term_string}"},"query-input":{"@type":"PropertyValueSpecification","valueRequired":true,"valueName":"search_term_string"}}],"inLanguage":"es"},{"@type":"Organization","@id":"https:\/\/noti-america.com\/site\/ecuador\/#organization","name":"Noti-America LLC | Ecuador","url":"https:\/\/noti-america.com\/site\/ecuador\/","logo":{"@type":"ImageObject","inLanguage":"es","@id":"https:\/\/noti-america.com\/site\/ecuador\/#\/schema\/logo\/image\/","url":"https:\/\/noti-america.com\/site\/ecuador\/wp-content\/uploads\/sites\/18\/2020\/07\/LogoNA-4x3-1.jpg","contentUrl":"https:\/\/noti-america.com\/site\/ecuador\/wp-content\/uploads\/sites\/18\/2020\/07\/LogoNA-4x3-1.jpg","width":1236,"height":1080,"caption":"Noti-America LLC | Ecuador"},"image":{"@id":"https:\/\/noti-america.com\/site\/ecuador\/#\/schema\/logo\/image\/"},"sameAs":["https:\/\/x.com\/notiamerica"]},{"@type":"Person","@id":"https:\/\/noti-america.com\/site\/ecuador\/#\/schema\/person\/3b975e42f15abfe64bfe3abdd916efda","name":"Gregory Quintana Montiel","image":{"@type":"ImageObject","inLanguage":"es","@id":"https:\/\/secure.gravatar.com\/avatar\/2d6b802f7720c2ec7744dcbe608cc2f3417aeb964d58b443c6d612b77531de1d?s=96&d=mm&r=g","url":"https:\/\/secure.gravatar.com\/avatar\/2d6b802f7720c2ec7744dcbe608cc2f3417aeb964d58b443c6d612b77531de1d?s=96&d=mm&r=g","contentUrl":"https:\/\/secure.gravatar.com\/avatar\/2d6b802f7720c2ec7744dcbe608cc2f3417aeb964d58b443c6d612b77531de1d?s=96&d=mm&r=g","caption":"Gregory Quintana Montiel"},"description":"Licenciatura en Ciencias de la Comunicaci\u00f3n Social, egresado en la Especializaci\u00f3n Derecho Ambiental Desarrollo Sostenible y Sustentable, Miembro de la Comunidad de profesionales y experto para Latinoam\u00e9rica y el Caribe en Gesti\u00f3n por Resultado en el Desarrollo (COPLAC - GpRD) del Banco Interamericano de Desarrollo, experiencia en medios radiales y escritos.","sameAs":["https:\/\/x.com\/gdgregori1","gquintana"],"url":"https:\/\/noti-america.com\/site\/ecuador\/author\/gquintana\/"}]}},"_links":{"self":[{"href":"https:\/\/noti-america.com\/site\/ecuador\/wp-json\/wp\/v2\/posts\/25174","targetHints":{"allow":["GET"]}}],"collection":[{"href":"https:\/\/noti-america.com\/site\/ecuador\/wp-json\/wp\/v2\/posts"}],"about":[{"href":"https:\/\/noti-america.com\/site\/ecuador\/wp-json\/wp\/v2\/types\/post"}],"author":[{"embeddable":true,"href":"https:\/\/noti-america.com\/site\/ecuador\/wp-json\/wp\/v2\/users\/17"}],"replies":[{"embeddable":true,"href":"https:\/\/noti-america.com\/site\/ecuador\/wp-json\/wp\/v2\/comments?post=25174"}],"version-history":[{"count":4,"href":"https:\/\/noti-america.com\/site\/ecuador\/wp-json\/wp\/v2\/posts\/25174\/revisions"}],"predecessor-version":[{"id":25179,"href":"https:\/\/noti-america.com\/site\/ecuador\/wp-json\/wp\/v2\/posts\/25174\/revisions\/25179"}],"wp:featuredmedia":[{"embeddable":true,"href":"https:\/\/noti-america.com\/site\/ecuador\/wp-json\/wp\/v2\/media\/25175"}],"wp:attachment":[{"href":"https:\/\/noti-america.com\/site\/ecuador\/wp-json\/wp\/v2\/media?parent=25174"}],"wp:term":[{"taxonomy":"category","embeddable":true,"href":"https:\/\/noti-america.com\/site\/ecuador\/wp-json\/wp\/v2\/categories?post=25174"},{"taxonomy":"post_tag","embeddable":true,"href":"https:\/\/noti-america.com\/site\/ecuador\/wp-json\/wp\/v2\/tags?post=25174"}],"curies":[{"name":"wp","href":"https:\/\/api.w.org\/{rel}","templated":true}]}}