{"id":25126,"date":"2023-06-14T01:38:59","date_gmt":"2023-06-14T01:38:59","guid":{"rendered":"https:\/\/noti-america.com\/site\/ecuador\/?p=25126"},"modified":"2023-06-14T01:58:01","modified_gmt":"2023-06-14T01:58:01","slug":"en-ecuador-mujer-fue-sentencia-y-multada-por-el-delito-de-usura","status":"publish","type":"post","link":"https:\/\/noti-america.com\/site\/ecuador\/2023\/06\/14\/en-ecuador-mujer-fue-sentencia-y-multada-por-el-delito-de-usura\/","title":{"rendered":"En Ecuador mujer fue sentencia y multada por el delito de usura"},"content":{"rendered":"<p><span style=\"color: #000000\"><strong>REDACCI\u00d3N NOTI-AM\u00c8RICA (ECUADOR)<\/strong><\/span><\/p>\n<div style=\"width: 660px\" class=\"wp-caption alignnone\"><img loading=\"lazy\" decoding=\"async\" src=\"https:\/\/www.fiscalia.gob.ec\/wp-content\/uploads\/2023\/06\/Sentencia-por-el-delito-de-usura.jpg\" alt=\"Imagen de bolet\u00edn: Sentencia condenatoria por el delito de usura fue ratificada\" width=\"650\" height=\"400\" \/><p class=\"wp-caption-text\">Sentencia condenatoria por el delito de usura fue ratificada<\/p><\/div>\n<p style=\"text-align: justify\">La Sala Penal de la Corte Provincial de Pichincha rechaz\u00f3 el recurso presentado y ratific\u00f3 la sentencia condenatoria de dos a\u00f1os de prisi\u00f3n contra Blanca Mar\u00eda R., al encontrar su responsabilidad en el delito de usura. Tambi\u00e9n confirm\u00f3 el pago de 25.000 d\u00f3lares como medida de reparaci\u00f3n integral.<\/p>\n<p style=\"text-align: justify\">El hecho que investig\u00f3 Fiscal\u00eda se produjo desde 2004. Blanca Mar\u00eda R. entreg\u00f3 varios pr\u00e9stamos a la perjudicada, por un total de 17.000 d\u00f3lares. Este valor fue cancelado por la v\u00edctima mediante dep\u00f3sitos y efectivo hasta el 2009, cuando dej\u00f3 de pagar estas cuotas. Sin embargo, en el a\u00f1o 2010, la sentenciada demand\u00f3 a la v\u00edctima por una letra de cambio de 24.000 d\u00f3lares, lo que ocasion\u00f3 el embargo de todos sus bienes.<\/p>\n<p style=\"text-align: justify\">En la audiencia de apelaci\u00f3n, el fiscal del caso expuso que, en octubre de 2022, la Instituci\u00f3n demostr\u00f3 ante un Tribunal de primera instancia, que la sentenciada no ten\u00eda autorizaci\u00f3n para prestar dinero y cobrar intereses mayores a los permitidos por el Banco Central.<\/p>\n<p style=\"text-align: justify\">Seg\u00fan el testimonio del perito que analiz\u00f3 la documentaci\u00f3n financiera, se prob\u00f3 que entre 2005 y 2009, la perjudicada cancel\u00f3 13.673 d\u00f3lares, con una tasa de inter\u00e9s del 5% mensual, es decir 60% anual.<\/p>\n<p style=\"text-align: justify\">Agreg\u00f3 que, la pericia grafot\u00e9cnica practicada a la letra de cambio de 24.000 d\u00f3lares, determin\u00f3 que el documento fue llenado por cuatro bol\u00edgrafos diferentes, utilizados para escribir la cantidad, la fecha, la firma de Blanca Mar\u00eda R. y la firma de la v\u00edctima (deudor), que correspondi\u00f3 a momentos de escritura distintos.<\/p>\n<p style=\"text-align: justify\">Y con la prueba documental presentada se comprob\u00f3 que la sentenciada manten\u00eda procesos penales por el cobro irregular de cheques en contra de otras personas.<\/p>\n<p style=\"text-align: justify\">Los magistrados acogieron los argumentos manifestados por Fiscal\u00eda y rechazaron el recurso planteado, por lo que se confirm\u00f3 la sentencia en todas sus partes.<\/p>\n<p style=\"text-align: justify\">En este caso, por el principio de favorabilidad Blanca Mar\u00eda R. fue sentenciada por el delito de usura previsto en el art\u00edculo 583 y sancionado en el art\u00edculo 584 del C\u00f3digo Penal, vigente a la fecha de perpetrado el hecho.<\/p>\n<p><span style=\"color: #000000\"><strong>Fuente: FGE<\/strong><\/span><\/p>\n","protected":false},"excerpt":{"rendered":"<p>REDACCI\u00d3N NOTI-AM\u00c8RICA (ECUADOR) La Sala Penal de la Corte Provincial de Pichincha rechaz\u00f3 el recurso presentado y ratific\u00f3 la sentencia condenatoria de dos a\u00f1os de prisi\u00f3n contra Blanca Mar\u00eda R., al encontrar su responsabilidad&#46;&#46;&#46;<\/p>\n","protected":false},"author":17,"featured_media":25124,"comment_status":"open","ping_status":"open","sticky":false,"template":"","format":"standard","meta":{"_acf_changed":false,"om_disable_all_campaigns":false,"rop_custom_images_group":[],"rop_custom_messages_group":[],"rop_publish_now":"initial","rop_publish_now_accounts":{"twitter_242054905_242054905":""},"rop_publish_now_history":[],"rop_publish_now_status":"pending","_uf_show_specific_survey":0,"_uf_disable_surveys":false,"footnotes":""},"categories":[94],"tags":[],"class_list":["post-25126","post","type-post","status-publish","format-standard","has-post-thumbnail","hentry","category-judicial"],"acf":[],"aioseo_notices":[],"yoast_head":"<!-- This site is optimized with the Yoast SEO Premium plugin v24.9 (Yoast SEO v27.2) - https:\/\/yoast.com\/product\/yoast-seo-premium-wordpress\/ -->\n<title>En Ecuador mujer fue sentencia y multada por el delito de usura - Ecuador | Noti-America.com<\/title>\n<meta name=\"robots\" content=\"index, follow, max-snippet:-1, max-image-preview:large, max-video-preview:-1\" \/>\n<link rel=\"canonical\" href=\"https:\/\/noti-america.com\/site\/ecuador\/2023\/06\/14\/en-ecuador-mujer-fue-sentencia-y-multada-por-el-delito-de-usura\/\" \/>\n<meta property=\"og:locale\" content=\"es_ES\" \/>\n<meta property=\"og:type\" content=\"article\" \/>\n<meta property=\"og:title\" content=\"En Ecuador mujer fue sentencia y multada por el delito de usura\" \/>\n<meta property=\"og:description\" content=\"REDACCI\u00d3N NOTI-AM\u00c8RICA (ECUADOR) La Sala Penal de la Corte Provincial de Pichincha rechaz\u00f3 el recurso presentado y ratific\u00f3 la sentencia condenatoria de dos a\u00f1os de prisi\u00f3n contra Blanca Mar\u00eda R., al encontrar su responsabilidad&#046;&#046;&#046;\" \/>\n<meta property=\"og:url\" content=\"https:\/\/noti-america.com\/site\/ecuador\/2023\/06\/14\/en-ecuador-mujer-fue-sentencia-y-multada-por-el-delito-de-usura\/\" \/>\n<meta property=\"og:site_name\" content=\"Ecuador | Noti-America.com\" \/>\n<meta property=\"article:published_time\" content=\"2023-06-14T01:38:59+00:00\" \/>\n<meta property=\"article:modified_time\" content=\"2023-06-14T01:58:01+00:00\" \/>\n<meta property=\"og:image\" content=\"https:\/\/noti-america.com\/site\/ecuador\/wp-content\/uploads\/sites\/18\/2023\/06\/Sentencia-por-el-delito-de-usura.jpg\" \/>\n\t<meta property=\"og:image:width\" content=\"650\" \/>\n\t<meta property=\"og:image:height\" content=\"400\" \/>\n\t<meta property=\"og:image:type\" content=\"image\/jpeg\" \/>\n<meta name=\"author\" content=\"Gregory Quintana Montiel\" \/>\n<meta name=\"twitter:card\" content=\"summary_large_image\" \/>\n<meta name=\"twitter:creator\" content=\"@gdgregori1\" \/>\n<meta name=\"twitter:site\" content=\"@notiamerica\" \/>\n<meta name=\"twitter:label1\" content=\"Escrito por\" \/>\n\t<meta name=\"twitter:data1\" content=\"Gregory Quintana Montiel\" \/>\n\t<meta name=\"twitter:label2\" content=\"Tiempo estimado de lectura\" \/>\n\t<meta name=\"twitter:data2\" content=\"2 minutos\" \/>\n<script type=\"application\/ld+json\" class=\"yoast-schema-graph\">{\"@context\":\"https:\/\/schema.org\",\"@graph\":[{\"@type\":\"Article\",\"@id\":\"https:\/\/noti-america.com\/site\/ecuador\/2023\/06\/14\/en-ecuador-mujer-fue-sentencia-y-multada-por-el-delito-de-usura\/#article\",\"isPartOf\":{\"@id\":\"https:\/\/noti-america.com\/site\/ecuador\/2023\/06\/14\/en-ecuador-mujer-fue-sentencia-y-multada-por-el-delito-de-usura\/\"},\"author\":{\"name\":\"Gregory Quintana Montiel\",\"@id\":\"https:\/\/noti-america.com\/site\/ecuador\/#\/schema\/person\/3b975e42f15abfe64bfe3abdd916efda\"},\"headline\":\"En Ecuador mujer fue sentencia y multada por el delito de usura\",\"datePublished\":\"2023-06-14T01:38:59+00:00\",\"dateModified\":\"2023-06-14T01:58:01+00:00\",\"mainEntityOfPage\":{\"@id\":\"https:\/\/noti-america.com\/site\/ecuador\/2023\/06\/14\/en-ecuador-mujer-fue-sentencia-y-multada-por-el-delito-de-usura\/\"},\"wordCount\":392,\"commentCount\":0,\"publisher\":{\"@id\":\"https:\/\/noti-america.com\/site\/ecuador\/#organization\"},\"image\":{\"@id\":\"https:\/\/noti-america.com\/site\/ecuador\/2023\/06\/14\/en-ecuador-mujer-fue-sentencia-y-multada-por-el-delito-de-usura\/#primaryimage\"},\"thumbnailUrl\":\"https:\/\/noti-america.com\/site\/ecuador\/wp-content\/uploads\/sites\/18\/2023\/06\/Sentencia-por-el-delito-de-usura.jpg\",\"articleSection\":[\"Judicial\"],\"inLanguage\":\"es\",\"potentialAction\":[{\"@type\":\"CommentAction\",\"name\":\"Comment\",\"target\":[\"https:\/\/noti-america.com\/site\/ecuador\/2023\/06\/14\/en-ecuador-mujer-fue-sentencia-y-multada-por-el-delito-de-usura\/#respond\"]}]},{\"@type\":\"WebPage\",\"@id\":\"https:\/\/noti-america.com\/site\/ecuador\/2023\/06\/14\/en-ecuador-mujer-fue-sentencia-y-multada-por-el-delito-de-usura\/\",\"url\":\"https:\/\/noti-america.com\/site\/ecuador\/2023\/06\/14\/en-ecuador-mujer-fue-sentencia-y-multada-por-el-delito-de-usura\/\",\"name\":\"En Ecuador mujer fue sentencia y multada por el delito de usura - Ecuador | Noti-America.com\",\"isPartOf\":{\"@id\":\"https:\/\/noti-america.com\/site\/ecuador\/#website\"},\"primaryImageOfPage\":{\"@id\":\"https:\/\/noti-america.com\/site\/ecuador\/2023\/06\/14\/en-ecuador-mujer-fue-sentencia-y-multada-por-el-delito-de-usura\/#primaryimage\"},\"image\":{\"@id\":\"https:\/\/noti-america.com\/site\/ecuador\/2023\/06\/14\/en-ecuador-mujer-fue-sentencia-y-multada-por-el-delito-de-usura\/#primaryimage\"},\"thumbnailUrl\":\"https:\/\/noti-america.com\/site\/ecuador\/wp-content\/uploads\/sites\/18\/2023\/06\/Sentencia-por-el-delito-de-usura.jpg\",\"datePublished\":\"2023-06-14T01:38:59+00:00\",\"dateModified\":\"2023-06-14T01:58:01+00:00\",\"breadcrumb\":{\"@id\":\"https:\/\/noti-america.com\/site\/ecuador\/2023\/06\/14\/en-ecuador-mujer-fue-sentencia-y-multada-por-el-delito-de-usura\/#breadcrumb\"},\"inLanguage\":\"es\",\"potentialAction\":[{\"@type\":\"ReadAction\",\"target\":[\"https:\/\/noti-america.com\/site\/ecuador\/2023\/06\/14\/en-ecuador-mujer-fue-sentencia-y-multada-por-el-delito-de-usura\/\"]}]},{\"@type\":\"ImageObject\",\"inLanguage\":\"es\",\"@id\":\"https:\/\/noti-america.com\/site\/ecuador\/2023\/06\/14\/en-ecuador-mujer-fue-sentencia-y-multada-por-el-delito-de-usura\/#primaryimage\",\"url\":\"https:\/\/noti-america.com\/site\/ecuador\/wp-content\/uploads\/sites\/18\/2023\/06\/Sentencia-por-el-delito-de-usura.jpg\",\"contentUrl\":\"https:\/\/noti-america.com\/site\/ecuador\/wp-content\/uploads\/sites\/18\/2023\/06\/Sentencia-por-el-delito-de-usura.jpg\",\"width\":650,\"height\":400},{\"@type\":\"BreadcrumbList\",\"@id\":\"https:\/\/noti-america.com\/site\/ecuador\/2023\/06\/14\/en-ecuador-mujer-fue-sentencia-y-multada-por-el-delito-de-usura\/#breadcrumb\",\"itemListElement\":[{\"@type\":\"ListItem\",\"position\":1,\"name\":\"Portada\",\"item\":\"https:\/\/noti-america.com\/site\/ecuador\/\"},{\"@type\":\"ListItem\",\"position\":2,\"name\":\"En Ecuador mujer fue sentencia y multada por el delito de usura\"}]},{\"@type\":\"WebSite\",\"@id\":\"https:\/\/noti-america.com\/site\/ecuador\/#website\",\"url\":\"https:\/\/noti-america.com\/site\/ecuador\/\",\"name\":\"Ecuador | Noti-America.com\",\"description\":\"\",\"publisher\":{\"@id\":\"https:\/\/noti-america.com\/site\/ecuador\/#organization\"},\"potentialAction\":[{\"@type\":\"SearchAction\",\"target\":{\"@type\":\"EntryPoint\",\"urlTemplate\":\"https:\/\/noti-america.com\/site\/ecuador\/?s={search_term_string}\"},\"query-input\":{\"@type\":\"PropertyValueSpecification\",\"valueRequired\":true,\"valueName\":\"search_term_string\"}}],\"inLanguage\":\"es\"},{\"@type\":\"Organization\",\"@id\":\"https:\/\/noti-america.com\/site\/ecuador\/#organization\",\"name\":\"Noti-America LLC | Ecuador\",\"url\":\"https:\/\/noti-america.com\/site\/ecuador\/\",\"logo\":{\"@type\":\"ImageObject\",\"inLanguage\":\"es\",\"@id\":\"https:\/\/noti-america.com\/site\/ecuador\/#\/schema\/logo\/image\/\",\"url\":\"https:\/\/noti-america.com\/site\/ecuador\/wp-content\/uploads\/sites\/18\/2020\/07\/LogoNA-4x3-1.jpg\",\"contentUrl\":\"https:\/\/noti-america.com\/site\/ecuador\/wp-content\/uploads\/sites\/18\/2020\/07\/LogoNA-4x3-1.jpg\",\"width\":1236,\"height\":1080,\"caption\":\"Noti-America LLC | Ecuador\"},\"image\":{\"@id\":\"https:\/\/noti-america.com\/site\/ecuador\/#\/schema\/logo\/image\/\"},\"sameAs\":[\"https:\/\/x.com\/notiamerica\"]},{\"@type\":\"Person\",\"@id\":\"https:\/\/noti-america.com\/site\/ecuador\/#\/schema\/person\/3b975e42f15abfe64bfe3abdd916efda\",\"name\":\"Gregory Quintana Montiel\",\"image\":{\"@type\":\"ImageObject\",\"inLanguage\":\"es\",\"@id\":\"https:\/\/secure.gravatar.com\/avatar\/2d6b802f7720c2ec7744dcbe608cc2f3417aeb964d58b443c6d612b77531de1d?s=96&d=mm&r=g\",\"url\":\"https:\/\/secure.gravatar.com\/avatar\/2d6b802f7720c2ec7744dcbe608cc2f3417aeb964d58b443c6d612b77531de1d?s=96&d=mm&r=g\",\"contentUrl\":\"https:\/\/secure.gravatar.com\/avatar\/2d6b802f7720c2ec7744dcbe608cc2f3417aeb964d58b443c6d612b77531de1d?s=96&d=mm&r=g\",\"caption\":\"Gregory Quintana Montiel\"},\"description\":\"Licenciatura en Ciencias de la Comunicaci\u00f3n Social, egresado en la Especializaci\u00f3n Derecho Ambiental Desarrollo Sostenible y Sustentable, Miembro de la Comunidad de profesionales y experto para Latinoam\u00e9rica y el Caribe en Gesti\u00f3n por Resultado en el Desarrollo (COPLAC - GpRD) del Banco Interamericano de Desarrollo, experiencia en medios radiales y escritos.\",\"sameAs\":[\"https:\/\/x.com\/gdgregori1\",\"gquintana\"],\"url\":\"https:\/\/noti-america.com\/site\/ecuador\/author\/gquintana\/\"}]}<\/script>\n<!-- \/ Yoast SEO Premium plugin. -->","yoast_head_json":{"title":"En Ecuador mujer fue sentencia y multada por el delito de usura - Ecuador | Noti-America.com","robots":{"index":"index","follow":"follow","max-snippet":"max-snippet:-1","max-image-preview":"max-image-preview:large","max-video-preview":"max-video-preview:-1"},"canonical":"https:\/\/noti-america.com\/site\/ecuador\/2023\/06\/14\/en-ecuador-mujer-fue-sentencia-y-multada-por-el-delito-de-usura\/","og_locale":"es_ES","og_type":"article","og_title":"En Ecuador mujer fue sentencia y multada por el delito de usura","og_description":"REDACCI\u00d3N NOTI-AM\u00c8RICA (ECUADOR) La Sala Penal de la Corte Provincial de Pichincha rechaz\u00f3 el recurso presentado y ratific\u00f3 la sentencia condenatoria de dos a\u00f1os de prisi\u00f3n contra Blanca Mar\u00eda R., al encontrar su responsabilidad&#46;&#46;&#46;","og_url":"https:\/\/noti-america.com\/site\/ecuador\/2023\/06\/14\/en-ecuador-mujer-fue-sentencia-y-multada-por-el-delito-de-usura\/","og_site_name":"Ecuador | Noti-America.com","article_published_time":"2023-06-14T01:38:59+00:00","article_modified_time":"2023-06-14T01:58:01+00:00","og_image":[{"width":650,"height":400,"url":"https:\/\/noti-america.com\/site\/ecuador\/wp-content\/uploads\/sites\/18\/2023\/06\/Sentencia-por-el-delito-de-usura.jpg","type":"image\/jpeg"}],"author":"Gregory Quintana Montiel","twitter_card":"summary_large_image","twitter_creator":"@gdgregori1","twitter_site":"@notiamerica","twitter_misc":{"Escrito por":"Gregory Quintana Montiel","Tiempo estimado de lectura":"2 minutos"},"schema":{"@context":"https:\/\/schema.org","@graph":[{"@type":"Article","@id":"https:\/\/noti-america.com\/site\/ecuador\/2023\/06\/14\/en-ecuador-mujer-fue-sentencia-y-multada-por-el-delito-de-usura\/#article","isPartOf":{"@id":"https:\/\/noti-america.com\/site\/ecuador\/2023\/06\/14\/en-ecuador-mujer-fue-sentencia-y-multada-por-el-delito-de-usura\/"},"author":{"name":"Gregory Quintana Montiel","@id":"https:\/\/noti-america.com\/site\/ecuador\/#\/schema\/person\/3b975e42f15abfe64bfe3abdd916efda"},"headline":"En Ecuador mujer fue sentencia y multada por el delito de usura","datePublished":"2023-06-14T01:38:59+00:00","dateModified":"2023-06-14T01:58:01+00:00","mainEntityOfPage":{"@id":"https:\/\/noti-america.com\/site\/ecuador\/2023\/06\/14\/en-ecuador-mujer-fue-sentencia-y-multada-por-el-delito-de-usura\/"},"wordCount":392,"commentCount":0,"publisher":{"@id":"https:\/\/noti-america.com\/site\/ecuador\/#organization"},"image":{"@id":"https:\/\/noti-america.com\/site\/ecuador\/2023\/06\/14\/en-ecuador-mujer-fue-sentencia-y-multada-por-el-delito-de-usura\/#primaryimage"},"thumbnailUrl":"https:\/\/noti-america.com\/site\/ecuador\/wp-content\/uploads\/sites\/18\/2023\/06\/Sentencia-por-el-delito-de-usura.jpg","articleSection":["Judicial"],"inLanguage":"es","potentialAction":[{"@type":"CommentAction","name":"Comment","target":["https:\/\/noti-america.com\/site\/ecuador\/2023\/06\/14\/en-ecuador-mujer-fue-sentencia-y-multada-por-el-delito-de-usura\/#respond"]}]},{"@type":"WebPage","@id":"https:\/\/noti-america.com\/site\/ecuador\/2023\/06\/14\/en-ecuador-mujer-fue-sentencia-y-multada-por-el-delito-de-usura\/","url":"https:\/\/noti-america.com\/site\/ecuador\/2023\/06\/14\/en-ecuador-mujer-fue-sentencia-y-multada-por-el-delito-de-usura\/","name":"En Ecuador mujer fue sentencia y multada por el delito de usura - Ecuador | Noti-America.com","isPartOf":{"@id":"https:\/\/noti-america.com\/site\/ecuador\/#website"},"primaryImageOfPage":{"@id":"https:\/\/noti-america.com\/site\/ecuador\/2023\/06\/14\/en-ecuador-mujer-fue-sentencia-y-multada-por-el-delito-de-usura\/#primaryimage"},"image":{"@id":"https:\/\/noti-america.com\/site\/ecuador\/2023\/06\/14\/en-ecuador-mujer-fue-sentencia-y-multada-por-el-delito-de-usura\/#primaryimage"},"thumbnailUrl":"https:\/\/noti-america.com\/site\/ecuador\/wp-content\/uploads\/sites\/18\/2023\/06\/Sentencia-por-el-delito-de-usura.jpg","datePublished":"2023-06-14T01:38:59+00:00","dateModified":"2023-06-14T01:58:01+00:00","breadcrumb":{"@id":"https:\/\/noti-america.com\/site\/ecuador\/2023\/06\/14\/en-ecuador-mujer-fue-sentencia-y-multada-por-el-delito-de-usura\/#breadcrumb"},"inLanguage":"es","potentialAction":[{"@type":"ReadAction","target":["https:\/\/noti-america.com\/site\/ecuador\/2023\/06\/14\/en-ecuador-mujer-fue-sentencia-y-multada-por-el-delito-de-usura\/"]}]},{"@type":"ImageObject","inLanguage":"es","@id":"https:\/\/noti-america.com\/site\/ecuador\/2023\/06\/14\/en-ecuador-mujer-fue-sentencia-y-multada-por-el-delito-de-usura\/#primaryimage","url":"https:\/\/noti-america.com\/site\/ecuador\/wp-content\/uploads\/sites\/18\/2023\/06\/Sentencia-por-el-delito-de-usura.jpg","contentUrl":"https:\/\/noti-america.com\/site\/ecuador\/wp-content\/uploads\/sites\/18\/2023\/06\/Sentencia-por-el-delito-de-usura.jpg","width":650,"height":400},{"@type":"BreadcrumbList","@id":"https:\/\/noti-america.com\/site\/ecuador\/2023\/06\/14\/en-ecuador-mujer-fue-sentencia-y-multada-por-el-delito-de-usura\/#breadcrumb","itemListElement":[{"@type":"ListItem","position":1,"name":"Portada","item":"https:\/\/noti-america.com\/site\/ecuador\/"},{"@type":"ListItem","position":2,"name":"En Ecuador mujer fue sentencia y multada por el delito de usura"}]},{"@type":"WebSite","@id":"https:\/\/noti-america.com\/site\/ecuador\/#website","url":"https:\/\/noti-america.com\/site\/ecuador\/","name":"Ecuador | Noti-America.com","description":"","publisher":{"@id":"https:\/\/noti-america.com\/site\/ecuador\/#organization"},"potentialAction":[{"@type":"SearchAction","target":{"@type":"EntryPoint","urlTemplate":"https:\/\/noti-america.com\/site\/ecuador\/?s={search_term_string}"},"query-input":{"@type":"PropertyValueSpecification","valueRequired":true,"valueName":"search_term_string"}}],"inLanguage":"es"},{"@type":"Organization","@id":"https:\/\/noti-america.com\/site\/ecuador\/#organization","name":"Noti-America LLC | Ecuador","url":"https:\/\/noti-america.com\/site\/ecuador\/","logo":{"@type":"ImageObject","inLanguage":"es","@id":"https:\/\/noti-america.com\/site\/ecuador\/#\/schema\/logo\/image\/","url":"https:\/\/noti-america.com\/site\/ecuador\/wp-content\/uploads\/sites\/18\/2020\/07\/LogoNA-4x3-1.jpg","contentUrl":"https:\/\/noti-america.com\/site\/ecuador\/wp-content\/uploads\/sites\/18\/2020\/07\/LogoNA-4x3-1.jpg","width":1236,"height":1080,"caption":"Noti-America LLC | Ecuador"},"image":{"@id":"https:\/\/noti-america.com\/site\/ecuador\/#\/schema\/logo\/image\/"},"sameAs":["https:\/\/x.com\/notiamerica"]},{"@type":"Person","@id":"https:\/\/noti-america.com\/site\/ecuador\/#\/schema\/person\/3b975e42f15abfe64bfe3abdd916efda","name":"Gregory Quintana Montiel","image":{"@type":"ImageObject","inLanguage":"es","@id":"https:\/\/secure.gravatar.com\/avatar\/2d6b802f7720c2ec7744dcbe608cc2f3417aeb964d58b443c6d612b77531de1d?s=96&d=mm&r=g","url":"https:\/\/secure.gravatar.com\/avatar\/2d6b802f7720c2ec7744dcbe608cc2f3417aeb964d58b443c6d612b77531de1d?s=96&d=mm&r=g","contentUrl":"https:\/\/secure.gravatar.com\/avatar\/2d6b802f7720c2ec7744dcbe608cc2f3417aeb964d58b443c6d612b77531de1d?s=96&d=mm&r=g","caption":"Gregory Quintana Montiel"},"description":"Licenciatura en Ciencias de la Comunicaci\u00f3n Social, egresado en la Especializaci\u00f3n Derecho Ambiental Desarrollo Sostenible y Sustentable, Miembro de la Comunidad de profesionales y experto para Latinoam\u00e9rica y el Caribe en Gesti\u00f3n por Resultado en el Desarrollo (COPLAC - GpRD) del Banco Interamericano de Desarrollo, experiencia en medios radiales y escritos.","sameAs":["https:\/\/x.com\/gdgregori1","gquintana"],"url":"https:\/\/noti-america.com\/site\/ecuador\/author\/gquintana\/"}]}},"_links":{"self":[{"href":"https:\/\/noti-america.com\/site\/ecuador\/wp-json\/wp\/v2\/posts\/25126","targetHints":{"allow":["GET"]}}],"collection":[{"href":"https:\/\/noti-america.com\/site\/ecuador\/wp-json\/wp\/v2\/posts"}],"about":[{"href":"https:\/\/noti-america.com\/site\/ecuador\/wp-json\/wp\/v2\/types\/post"}],"author":[{"embeddable":true,"href":"https:\/\/noti-america.com\/site\/ecuador\/wp-json\/wp\/v2\/users\/17"}],"replies":[{"embeddable":true,"href":"https:\/\/noti-america.com\/site\/ecuador\/wp-json\/wp\/v2\/comments?post=25126"}],"version-history":[{"count":1,"href":"https:\/\/noti-america.com\/site\/ecuador\/wp-json\/wp\/v2\/posts\/25126\/revisions"}],"predecessor-version":[{"id":25127,"href":"https:\/\/noti-america.com\/site\/ecuador\/wp-json\/wp\/v2\/posts\/25126\/revisions\/25127"}],"wp:featuredmedia":[{"embeddable":true,"href":"https:\/\/noti-america.com\/site\/ecuador\/wp-json\/wp\/v2\/media\/25124"}],"wp:attachment":[{"href":"https:\/\/noti-america.com\/site\/ecuador\/wp-json\/wp\/v2\/media?parent=25126"}],"wp:term":[{"taxonomy":"category","embeddable":true,"href":"https:\/\/noti-america.com\/site\/ecuador\/wp-json\/wp\/v2\/categories?post=25126"},{"taxonomy":"post_tag","embeddable":true,"href":"https:\/\/noti-america.com\/site\/ecuador\/wp-json\/wp\/v2\/tags?post=25126"}],"curies":[{"name":"wp","href":"https:\/\/api.w.org\/{rel}","templated":true}]}}