{"id":25093,"date":"2023-06-13T03:06:44","date_gmt":"2023-06-13T03:06:44","guid":{"rendered":"https:\/\/noti-america.com\/site\/ecuador\/?p=25093"},"modified":"2023-06-13T03:06:44","modified_gmt":"2023-06-13T03:06:44","slug":"hospital-de-duran-cuenta-con-nueva-area-de-dialisis-y-equipos-de-imagen","status":"publish","type":"post","link":"https:\/\/noti-america.com\/site\/ecuador\/2023\/06\/13\/hospital-de-duran-cuenta-con-nueva-area-de-dialisis-y-equipos-de-imagen\/","title":{"rendered":"Hospital de Dur\u00e1n cuenta con nueva \u00e1rea de di\u00e1lisis y equipos de imagen"},"content":{"rendered":"<p>REDACCI\u00d3N NOTI AM\u00c9RICA (ECUADOR)<\/p>\n<p>AUTOR:\u00a0<strong>HENRY GARRIDO.<\/strong><\/p>\n<p style=\"text-align: justify\"><img loading=\"lazy\" decoding=\"async\" class=\"wp-image-25094 aligncenter\" src=\"https:\/\/noti-america.com\/site\/ecuador\/wp-content\/uploads\/sites\/18\/2023\/06\/Duran-300x200.jpg\" alt=\"\" width=\"306\" height=\"204\" srcset=\"https:\/\/noti-america.com\/site\/ecuador\/wp-content\/uploads\/sites\/18\/2023\/06\/Duran-300x200.jpg 300w, https:\/\/noti-america.com\/site\/ecuador\/wp-content\/uploads\/sites\/18\/2023\/06\/Duran-768x512.jpg 768w, https:\/\/noti-america.com\/site\/ecuador\/wp-content\/uploads\/sites\/18\/2023\/06\/Duran-272x182.jpg 272w, https:\/\/noti-america.com\/site\/ecuador\/wp-content\/uploads\/sites\/18\/2023\/06\/Duran.jpg 1024w\" sizes=\"auto, (max-width: 306px) 100vw, 306px\" \/>El ministro de Salud, Jos\u00e9 Ruales, presidi\u00f3 en Dur\u00e1n, provincia del Guayas, la entrega de equipamiento del \u00e1rea de im\u00e1genes y la Unidad de Di\u00e1lisis del Hospital General Dr. Enrique Ortega Moreira. Beneficios que finalizan la Fase ll de apertura del establecimiento de salud y que avanza con la ampliaci\u00f3n de su cartera de servicios.<\/p>\n<p style=\"text-align: justify\">Pacientes, usuarios y colaboradores de la casa de salud participaron de este evento, donde recibieron: un tom\u00f3grafo multicorte, un mam\u00f3grafo, dos arcos en C, 16 m\u00e1quinas de di\u00e1lisis y tres de hemodiafiltraci\u00f3n y hemadsorci\u00f3n. La inversi\u00f3n realizada para esta adquisici\u00f3n fue de 1.8 millones de d\u00f3lares.<\/p>\n<p style=\"text-align: justify\">Cabe indicar que, los nuevos equipos del \u00e1rea de im\u00e1genes ayudar\u00e1n a complementar el diagn\u00f3stico de alrededor de 4.500 pacientes al mes. En tanto, los de la Unidad de Di\u00e1lisis cubrir\u00e1n la demanda de 500 pacientes con insuficiencia renal que precisan tratamiento de hemodi\u00e1lisis mensualmente.<\/p>\n<p style=\"text-align: justify\">Durante un recorrido, el ministro tambi\u00e9n constat\u00f3 el funcionamiento de los equipos de microbiolog\u00eda del \u00e1rea de laboratorio; los cuales se encargan de realizar cultivos de sangre, garganta, orina, heces y otros que sirven para identificar bacterias y resistencia de medicamentos.<\/p>\n<p style=\"text-align: justify\">Asimismo, Ruales, junto a la familia Ortega Maldonado, devel\u00f3 el busto del recordado m\u00e9dico, investigador y docente, Dr. Enrique Ortega Moreira; en honor a que el Hospital de Dur\u00e1n lleva su nombre.<\/p>\n","protected":false},"excerpt":{"rendered":"<p>REDACCI\u00d3N NOTI AM\u00c9RICA (ECUADOR) AUTOR:\u00a0HENRY GARRIDO. El ministro de Salud, Jos\u00e9 Ruales, presidi\u00f3 en Dur\u00e1n, provincia del Guayas, la entrega de equipamiento del \u00e1rea de im\u00e1genes y la Unidad de Di\u00e1lisis del Hospital General&#46;&#46;&#46;<\/p>\n","protected":false},"author":17,"featured_media":25094,"comment_status":"open","ping_status":"open","sticky":false,"template":"","format":"standard","meta":{"_acf_changed":false,"om_disable_all_campaigns":false,"rop_custom_images_group":[],"rop_custom_messages_group":[],"rop_publish_now":"initial","rop_publish_now_accounts":{"twitter_242054905_242054905":""},"rop_publish_now_history":[],"rop_publish_now_status":"pending","_uf_show_specific_survey":0,"_uf_disable_surveys":false,"footnotes":""},"categories":[125],"tags":[],"class_list":["post-25093","post","type-post","status-publish","format-standard","has-post-thumbnail","hentry","category-actualidad"],"acf":[],"aioseo_notices":[],"yoast_head":"<!-- This site is optimized with the Yoast SEO Premium plugin v24.9 (Yoast SEO v27.2) - https:\/\/yoast.com\/product\/yoast-seo-premium-wordpress\/ -->\n<title>Hospital de Dur\u00e1n cuenta con nueva \u00e1rea de di\u00e1lisis y equipos de imagen - Ecuador | Noti-America.com<\/title>\n<meta name=\"robots\" content=\"index, follow, max-snippet:-1, max-image-preview:large, max-video-preview:-1\" \/>\n<link rel=\"canonical\" href=\"https:\/\/noti-america.com\/site\/ecuador\/2023\/06\/13\/hospital-de-duran-cuenta-con-nueva-area-de-dialisis-y-equipos-de-imagen\/\" \/>\n<meta property=\"og:locale\" content=\"es_ES\" \/>\n<meta property=\"og:type\" content=\"article\" \/>\n<meta property=\"og:title\" content=\"Hospital de Dur\u00e1n cuenta con nueva \u00e1rea de di\u00e1lisis y equipos de imagen\" \/>\n<meta property=\"og:description\" content=\"REDACCI\u00d3N NOTI AM\u00c9RICA (ECUADOR) AUTOR:\u00a0HENRY GARRIDO. El ministro de Salud, Jos\u00e9 Ruales, presidi\u00f3 en Dur\u00e1n, provincia del Guayas, la entrega de equipamiento del \u00e1rea de im\u00e1genes y la Unidad de Di\u00e1lisis del Hospital General&#046;&#046;&#046;\" \/>\n<meta property=\"og:url\" content=\"https:\/\/noti-america.com\/site\/ecuador\/2023\/06\/13\/hospital-de-duran-cuenta-con-nueva-area-de-dialisis-y-equipos-de-imagen\/\" \/>\n<meta property=\"og:site_name\" content=\"Ecuador | Noti-America.com\" \/>\n<meta property=\"article:published_time\" content=\"2023-06-13T03:06:44+00:00\" \/>\n<meta property=\"og:image\" content=\"https:\/\/noti-america.com\/site\/ecuador\/wp-content\/uploads\/sites\/18\/2023\/06\/Duran.jpg\" \/>\n\t<meta property=\"og:image:width\" content=\"1024\" \/>\n\t<meta property=\"og:image:height\" content=\"683\" \/>\n\t<meta property=\"og:image:type\" content=\"image\/jpeg\" \/>\n<meta name=\"author\" content=\"Gregory Quintana Montiel\" \/>\n<meta name=\"twitter:card\" content=\"summary_large_image\" \/>\n<meta name=\"twitter:creator\" content=\"@gdgregori1\" \/>\n<meta name=\"twitter:site\" content=\"@notiamerica\" \/>\n<meta name=\"twitter:label1\" content=\"Escrito por\" \/>\n\t<meta name=\"twitter:data1\" content=\"Gregory Quintana Montiel\" \/>\n\t<meta name=\"twitter:label2\" content=\"Tiempo estimado de lectura\" \/>\n\t<meta name=\"twitter:data2\" content=\"2 minutos\" \/>\n<script type=\"application\/ld+json\" class=\"yoast-schema-graph\">{\"@context\":\"https:\/\/schema.org\",\"@graph\":[{\"@type\":\"Article\",\"@id\":\"https:\/\/noti-america.com\/site\/ecuador\/2023\/06\/13\/hospital-de-duran-cuenta-con-nueva-area-de-dialisis-y-equipos-de-imagen\/#article\",\"isPartOf\":{\"@id\":\"https:\/\/noti-america.com\/site\/ecuador\/2023\/06\/13\/hospital-de-duran-cuenta-con-nueva-area-de-dialisis-y-equipos-de-imagen\/\"},\"author\":{\"name\":\"Gregory Quintana Montiel\",\"@id\":\"https:\/\/noti-america.com\/site\/ecuador\/#\/schema\/person\/3b975e42f15abfe64bfe3abdd916efda\"},\"headline\":\"Hospital de Dur\u00e1n cuenta con nueva \u00e1rea de di\u00e1lisis y equipos de imagen\",\"datePublished\":\"2023-06-13T03:06:44+00:00\",\"mainEntityOfPage\":{\"@id\":\"https:\/\/noti-america.com\/site\/ecuador\/2023\/06\/13\/hospital-de-duran-cuenta-con-nueva-area-de-dialisis-y-equipos-de-imagen\/\"},\"wordCount\":262,\"commentCount\":0,\"publisher\":{\"@id\":\"https:\/\/noti-america.com\/site\/ecuador\/#organization\"},\"image\":{\"@id\":\"https:\/\/noti-america.com\/site\/ecuador\/2023\/06\/13\/hospital-de-duran-cuenta-con-nueva-area-de-dialisis-y-equipos-de-imagen\/#primaryimage\"},\"thumbnailUrl\":\"https:\/\/noti-america.com\/site\/ecuador\/wp-content\/uploads\/sites\/18\/2023\/06\/Duran.jpg\",\"articleSection\":[\"Actualidad\"],\"inLanguage\":\"es\",\"potentialAction\":[{\"@type\":\"CommentAction\",\"name\":\"Comment\",\"target\":[\"https:\/\/noti-america.com\/site\/ecuador\/2023\/06\/13\/hospital-de-duran-cuenta-con-nueva-area-de-dialisis-y-equipos-de-imagen\/#respond\"]}]},{\"@type\":\"WebPage\",\"@id\":\"https:\/\/noti-america.com\/site\/ecuador\/2023\/06\/13\/hospital-de-duran-cuenta-con-nueva-area-de-dialisis-y-equipos-de-imagen\/\",\"url\":\"https:\/\/noti-america.com\/site\/ecuador\/2023\/06\/13\/hospital-de-duran-cuenta-con-nueva-area-de-dialisis-y-equipos-de-imagen\/\",\"name\":\"Hospital de Dur\u00e1n cuenta con nueva \u00e1rea de di\u00e1lisis y equipos de imagen - Ecuador | Noti-America.com\",\"isPartOf\":{\"@id\":\"https:\/\/noti-america.com\/site\/ecuador\/#website\"},\"primaryImageOfPage\":{\"@id\":\"https:\/\/noti-america.com\/site\/ecuador\/2023\/06\/13\/hospital-de-duran-cuenta-con-nueva-area-de-dialisis-y-equipos-de-imagen\/#primaryimage\"},\"image\":{\"@id\":\"https:\/\/noti-america.com\/site\/ecuador\/2023\/06\/13\/hospital-de-duran-cuenta-con-nueva-area-de-dialisis-y-equipos-de-imagen\/#primaryimage\"},\"thumbnailUrl\":\"https:\/\/noti-america.com\/site\/ecuador\/wp-content\/uploads\/sites\/18\/2023\/06\/Duran.jpg\",\"datePublished\":\"2023-06-13T03:06:44+00:00\",\"breadcrumb\":{\"@id\":\"https:\/\/noti-america.com\/site\/ecuador\/2023\/06\/13\/hospital-de-duran-cuenta-con-nueva-area-de-dialisis-y-equipos-de-imagen\/#breadcrumb\"},\"inLanguage\":\"es\",\"potentialAction\":[{\"@type\":\"ReadAction\",\"target\":[\"https:\/\/noti-america.com\/site\/ecuador\/2023\/06\/13\/hospital-de-duran-cuenta-con-nueva-area-de-dialisis-y-equipos-de-imagen\/\"]}]},{\"@type\":\"ImageObject\",\"inLanguage\":\"es\",\"@id\":\"https:\/\/noti-america.com\/site\/ecuador\/2023\/06\/13\/hospital-de-duran-cuenta-con-nueva-area-de-dialisis-y-equipos-de-imagen\/#primaryimage\",\"url\":\"https:\/\/noti-america.com\/site\/ecuador\/wp-content\/uploads\/sites\/18\/2023\/06\/Duran.jpg\",\"contentUrl\":\"https:\/\/noti-america.com\/site\/ecuador\/wp-content\/uploads\/sites\/18\/2023\/06\/Duran.jpg\",\"width\":1024,\"height\":683},{\"@type\":\"BreadcrumbList\",\"@id\":\"https:\/\/noti-america.com\/site\/ecuador\/2023\/06\/13\/hospital-de-duran-cuenta-con-nueva-area-de-dialisis-y-equipos-de-imagen\/#breadcrumb\",\"itemListElement\":[{\"@type\":\"ListItem\",\"position\":1,\"name\":\"Portada\",\"item\":\"https:\/\/noti-america.com\/site\/ecuador\/\"},{\"@type\":\"ListItem\",\"position\":2,\"name\":\"Hospital de Dur\u00e1n cuenta con nueva \u00e1rea de di\u00e1lisis y equipos de imagen\"}]},{\"@type\":\"WebSite\",\"@id\":\"https:\/\/noti-america.com\/site\/ecuador\/#website\",\"url\":\"https:\/\/noti-america.com\/site\/ecuador\/\",\"name\":\"Ecuador | Noti-America.com\",\"description\":\"\",\"publisher\":{\"@id\":\"https:\/\/noti-america.com\/site\/ecuador\/#organization\"},\"potentialAction\":[{\"@type\":\"SearchAction\",\"target\":{\"@type\":\"EntryPoint\",\"urlTemplate\":\"https:\/\/noti-america.com\/site\/ecuador\/?s={search_term_string}\"},\"query-input\":{\"@type\":\"PropertyValueSpecification\",\"valueRequired\":true,\"valueName\":\"search_term_string\"}}],\"inLanguage\":\"es\"},{\"@type\":\"Organization\",\"@id\":\"https:\/\/noti-america.com\/site\/ecuador\/#organization\",\"name\":\"Noti-America LLC | Ecuador\",\"url\":\"https:\/\/noti-america.com\/site\/ecuador\/\",\"logo\":{\"@type\":\"ImageObject\",\"inLanguage\":\"es\",\"@id\":\"https:\/\/noti-america.com\/site\/ecuador\/#\/schema\/logo\/image\/\",\"url\":\"https:\/\/noti-america.com\/site\/ecuador\/wp-content\/uploads\/sites\/18\/2020\/07\/LogoNA-4x3-1.jpg\",\"contentUrl\":\"https:\/\/noti-america.com\/site\/ecuador\/wp-content\/uploads\/sites\/18\/2020\/07\/LogoNA-4x3-1.jpg\",\"width\":1236,\"height\":1080,\"caption\":\"Noti-America LLC | Ecuador\"},\"image\":{\"@id\":\"https:\/\/noti-america.com\/site\/ecuador\/#\/schema\/logo\/image\/\"},\"sameAs\":[\"https:\/\/x.com\/notiamerica\"]},{\"@type\":\"Person\",\"@id\":\"https:\/\/noti-america.com\/site\/ecuador\/#\/schema\/person\/3b975e42f15abfe64bfe3abdd916efda\",\"name\":\"Gregory Quintana Montiel\",\"image\":{\"@type\":\"ImageObject\",\"inLanguage\":\"es\",\"@id\":\"https:\/\/secure.gravatar.com\/avatar\/2d6b802f7720c2ec7744dcbe608cc2f3417aeb964d58b443c6d612b77531de1d?s=96&d=mm&r=g\",\"url\":\"https:\/\/secure.gravatar.com\/avatar\/2d6b802f7720c2ec7744dcbe608cc2f3417aeb964d58b443c6d612b77531de1d?s=96&d=mm&r=g\",\"contentUrl\":\"https:\/\/secure.gravatar.com\/avatar\/2d6b802f7720c2ec7744dcbe608cc2f3417aeb964d58b443c6d612b77531de1d?s=96&d=mm&r=g\",\"caption\":\"Gregory Quintana Montiel\"},\"description\":\"Licenciatura en Ciencias de la Comunicaci\u00f3n Social, egresado en la Especializaci\u00f3n Derecho Ambiental Desarrollo Sostenible y Sustentable, Miembro de la Comunidad de profesionales y experto para Latinoam\u00e9rica y el Caribe en Gesti\u00f3n por Resultado en el Desarrollo (COPLAC - GpRD) del Banco Interamericano de Desarrollo, experiencia en medios radiales y escritos.\",\"sameAs\":[\"https:\/\/x.com\/gdgregori1\",\"gquintana\"],\"url\":\"https:\/\/noti-america.com\/site\/ecuador\/author\/gquintana\/\"}]}<\/script>\n<!-- \/ Yoast SEO Premium plugin. -->","yoast_head_json":{"title":"Hospital de Dur\u00e1n cuenta con nueva \u00e1rea de di\u00e1lisis y equipos de imagen - Ecuador | Noti-America.com","robots":{"index":"index","follow":"follow","max-snippet":"max-snippet:-1","max-image-preview":"max-image-preview:large","max-video-preview":"max-video-preview:-1"},"canonical":"https:\/\/noti-america.com\/site\/ecuador\/2023\/06\/13\/hospital-de-duran-cuenta-con-nueva-area-de-dialisis-y-equipos-de-imagen\/","og_locale":"es_ES","og_type":"article","og_title":"Hospital de Dur\u00e1n cuenta con nueva \u00e1rea de di\u00e1lisis y equipos de imagen","og_description":"REDACCI\u00d3N NOTI AM\u00c9RICA (ECUADOR) AUTOR:\u00a0HENRY GARRIDO. El ministro de Salud, Jos\u00e9 Ruales, presidi\u00f3 en Dur\u00e1n, provincia del Guayas, la entrega de equipamiento del \u00e1rea de im\u00e1genes y la Unidad de Di\u00e1lisis del Hospital General&#46;&#46;&#46;","og_url":"https:\/\/noti-america.com\/site\/ecuador\/2023\/06\/13\/hospital-de-duran-cuenta-con-nueva-area-de-dialisis-y-equipos-de-imagen\/","og_site_name":"Ecuador | Noti-America.com","article_published_time":"2023-06-13T03:06:44+00:00","og_image":[{"width":1024,"height":683,"url":"https:\/\/noti-america.com\/site\/ecuador\/wp-content\/uploads\/sites\/18\/2023\/06\/Duran.jpg","type":"image\/jpeg"}],"author":"Gregory Quintana Montiel","twitter_card":"summary_large_image","twitter_creator":"@gdgregori1","twitter_site":"@notiamerica","twitter_misc":{"Escrito por":"Gregory Quintana Montiel","Tiempo estimado de lectura":"2 minutos"},"schema":{"@context":"https:\/\/schema.org","@graph":[{"@type":"Article","@id":"https:\/\/noti-america.com\/site\/ecuador\/2023\/06\/13\/hospital-de-duran-cuenta-con-nueva-area-de-dialisis-y-equipos-de-imagen\/#article","isPartOf":{"@id":"https:\/\/noti-america.com\/site\/ecuador\/2023\/06\/13\/hospital-de-duran-cuenta-con-nueva-area-de-dialisis-y-equipos-de-imagen\/"},"author":{"name":"Gregory Quintana Montiel","@id":"https:\/\/noti-america.com\/site\/ecuador\/#\/schema\/person\/3b975e42f15abfe64bfe3abdd916efda"},"headline":"Hospital de Dur\u00e1n cuenta con nueva \u00e1rea de di\u00e1lisis y equipos de imagen","datePublished":"2023-06-13T03:06:44+00:00","mainEntityOfPage":{"@id":"https:\/\/noti-america.com\/site\/ecuador\/2023\/06\/13\/hospital-de-duran-cuenta-con-nueva-area-de-dialisis-y-equipos-de-imagen\/"},"wordCount":262,"commentCount":0,"publisher":{"@id":"https:\/\/noti-america.com\/site\/ecuador\/#organization"},"image":{"@id":"https:\/\/noti-america.com\/site\/ecuador\/2023\/06\/13\/hospital-de-duran-cuenta-con-nueva-area-de-dialisis-y-equipos-de-imagen\/#primaryimage"},"thumbnailUrl":"https:\/\/noti-america.com\/site\/ecuador\/wp-content\/uploads\/sites\/18\/2023\/06\/Duran.jpg","articleSection":["Actualidad"],"inLanguage":"es","potentialAction":[{"@type":"CommentAction","name":"Comment","target":["https:\/\/noti-america.com\/site\/ecuador\/2023\/06\/13\/hospital-de-duran-cuenta-con-nueva-area-de-dialisis-y-equipos-de-imagen\/#respond"]}]},{"@type":"WebPage","@id":"https:\/\/noti-america.com\/site\/ecuador\/2023\/06\/13\/hospital-de-duran-cuenta-con-nueva-area-de-dialisis-y-equipos-de-imagen\/","url":"https:\/\/noti-america.com\/site\/ecuador\/2023\/06\/13\/hospital-de-duran-cuenta-con-nueva-area-de-dialisis-y-equipos-de-imagen\/","name":"Hospital de Dur\u00e1n cuenta con nueva \u00e1rea de di\u00e1lisis y equipos de imagen - Ecuador | Noti-America.com","isPartOf":{"@id":"https:\/\/noti-america.com\/site\/ecuador\/#website"},"primaryImageOfPage":{"@id":"https:\/\/noti-america.com\/site\/ecuador\/2023\/06\/13\/hospital-de-duran-cuenta-con-nueva-area-de-dialisis-y-equipos-de-imagen\/#primaryimage"},"image":{"@id":"https:\/\/noti-america.com\/site\/ecuador\/2023\/06\/13\/hospital-de-duran-cuenta-con-nueva-area-de-dialisis-y-equipos-de-imagen\/#primaryimage"},"thumbnailUrl":"https:\/\/noti-america.com\/site\/ecuador\/wp-content\/uploads\/sites\/18\/2023\/06\/Duran.jpg","datePublished":"2023-06-13T03:06:44+00:00","breadcrumb":{"@id":"https:\/\/noti-america.com\/site\/ecuador\/2023\/06\/13\/hospital-de-duran-cuenta-con-nueva-area-de-dialisis-y-equipos-de-imagen\/#breadcrumb"},"inLanguage":"es","potentialAction":[{"@type":"ReadAction","target":["https:\/\/noti-america.com\/site\/ecuador\/2023\/06\/13\/hospital-de-duran-cuenta-con-nueva-area-de-dialisis-y-equipos-de-imagen\/"]}]},{"@type":"ImageObject","inLanguage":"es","@id":"https:\/\/noti-america.com\/site\/ecuador\/2023\/06\/13\/hospital-de-duran-cuenta-con-nueva-area-de-dialisis-y-equipos-de-imagen\/#primaryimage","url":"https:\/\/noti-america.com\/site\/ecuador\/wp-content\/uploads\/sites\/18\/2023\/06\/Duran.jpg","contentUrl":"https:\/\/noti-america.com\/site\/ecuador\/wp-content\/uploads\/sites\/18\/2023\/06\/Duran.jpg","width":1024,"height":683},{"@type":"BreadcrumbList","@id":"https:\/\/noti-america.com\/site\/ecuador\/2023\/06\/13\/hospital-de-duran-cuenta-con-nueva-area-de-dialisis-y-equipos-de-imagen\/#breadcrumb","itemListElement":[{"@type":"ListItem","position":1,"name":"Portada","item":"https:\/\/noti-america.com\/site\/ecuador\/"},{"@type":"ListItem","position":2,"name":"Hospital de Dur\u00e1n cuenta con nueva \u00e1rea de di\u00e1lisis y equipos de imagen"}]},{"@type":"WebSite","@id":"https:\/\/noti-america.com\/site\/ecuador\/#website","url":"https:\/\/noti-america.com\/site\/ecuador\/","name":"Ecuador | Noti-America.com","description":"","publisher":{"@id":"https:\/\/noti-america.com\/site\/ecuador\/#organization"},"potentialAction":[{"@type":"SearchAction","target":{"@type":"EntryPoint","urlTemplate":"https:\/\/noti-america.com\/site\/ecuador\/?s={search_term_string}"},"query-input":{"@type":"PropertyValueSpecification","valueRequired":true,"valueName":"search_term_string"}}],"inLanguage":"es"},{"@type":"Organization","@id":"https:\/\/noti-america.com\/site\/ecuador\/#organization","name":"Noti-America LLC | Ecuador","url":"https:\/\/noti-america.com\/site\/ecuador\/","logo":{"@type":"ImageObject","inLanguage":"es","@id":"https:\/\/noti-america.com\/site\/ecuador\/#\/schema\/logo\/image\/","url":"https:\/\/noti-america.com\/site\/ecuador\/wp-content\/uploads\/sites\/18\/2020\/07\/LogoNA-4x3-1.jpg","contentUrl":"https:\/\/noti-america.com\/site\/ecuador\/wp-content\/uploads\/sites\/18\/2020\/07\/LogoNA-4x3-1.jpg","width":1236,"height":1080,"caption":"Noti-America LLC | Ecuador"},"image":{"@id":"https:\/\/noti-america.com\/site\/ecuador\/#\/schema\/logo\/image\/"},"sameAs":["https:\/\/x.com\/notiamerica"]},{"@type":"Person","@id":"https:\/\/noti-america.com\/site\/ecuador\/#\/schema\/person\/3b975e42f15abfe64bfe3abdd916efda","name":"Gregory Quintana Montiel","image":{"@type":"ImageObject","inLanguage":"es","@id":"https:\/\/secure.gravatar.com\/avatar\/2d6b802f7720c2ec7744dcbe608cc2f3417aeb964d58b443c6d612b77531de1d?s=96&d=mm&r=g","url":"https:\/\/secure.gravatar.com\/avatar\/2d6b802f7720c2ec7744dcbe608cc2f3417aeb964d58b443c6d612b77531de1d?s=96&d=mm&r=g","contentUrl":"https:\/\/secure.gravatar.com\/avatar\/2d6b802f7720c2ec7744dcbe608cc2f3417aeb964d58b443c6d612b77531de1d?s=96&d=mm&r=g","caption":"Gregory Quintana Montiel"},"description":"Licenciatura en Ciencias de la Comunicaci\u00f3n Social, egresado en la Especializaci\u00f3n Derecho Ambiental Desarrollo Sostenible y Sustentable, Miembro de la Comunidad de profesionales y experto para Latinoam\u00e9rica y el Caribe en Gesti\u00f3n por Resultado en el Desarrollo (COPLAC - GpRD) del Banco Interamericano de Desarrollo, experiencia en medios radiales y escritos.","sameAs":["https:\/\/x.com\/gdgregori1","gquintana"],"url":"https:\/\/noti-america.com\/site\/ecuador\/author\/gquintana\/"}]}},"_links":{"self":[{"href":"https:\/\/noti-america.com\/site\/ecuador\/wp-json\/wp\/v2\/posts\/25093","targetHints":{"allow":["GET"]}}],"collection":[{"href":"https:\/\/noti-america.com\/site\/ecuador\/wp-json\/wp\/v2\/posts"}],"about":[{"href":"https:\/\/noti-america.com\/site\/ecuador\/wp-json\/wp\/v2\/types\/post"}],"author":[{"embeddable":true,"href":"https:\/\/noti-america.com\/site\/ecuador\/wp-json\/wp\/v2\/users\/17"}],"replies":[{"embeddable":true,"href":"https:\/\/noti-america.com\/site\/ecuador\/wp-json\/wp\/v2\/comments?post=25093"}],"version-history":[{"count":1,"href":"https:\/\/noti-america.com\/site\/ecuador\/wp-json\/wp\/v2\/posts\/25093\/revisions"}],"predecessor-version":[{"id":25095,"href":"https:\/\/noti-america.com\/site\/ecuador\/wp-json\/wp\/v2\/posts\/25093\/revisions\/25095"}],"wp:featuredmedia":[{"embeddable":true,"href":"https:\/\/noti-america.com\/site\/ecuador\/wp-json\/wp\/v2\/media\/25094"}],"wp:attachment":[{"href":"https:\/\/noti-america.com\/site\/ecuador\/wp-json\/wp\/v2\/media?parent=25093"}],"wp:term":[{"taxonomy":"category","embeddable":true,"href":"https:\/\/noti-america.com\/site\/ecuador\/wp-json\/wp\/v2\/categories?post=25093"},{"taxonomy":"post_tag","embeddable":true,"href":"https:\/\/noti-america.com\/site\/ecuador\/wp-json\/wp\/v2\/tags?post=25093"}],"curies":[{"name":"wp","href":"https:\/\/api.w.org\/{rel}","templated":true}]}}