{"id":25083,"date":"2023-06-11T16:37:11","date_gmt":"2023-06-11T16:37:11","guid":{"rendered":"https:\/\/noti-america.com\/site\/ecuador\/2023\/06\/11\/bvq-entrego-reconocimiento-al-banco-pichincha-2\/"},"modified":"2023-06-11T16:50:30","modified_gmt":"2023-06-11T16:50:30","slug":"bvq-entrego-reconocimiento-al-banco-pichincha-2","status":"publish","type":"post","link":"https:\/\/noti-america.com\/site\/ecuador\/2023\/06\/11\/bvq-entrego-reconocimiento-al-banco-pichincha-2\/","title":{"rendered":"BVQ entreg\u00f3 reconocimiento al Banco Pichincha"},"content":{"rendered":"<p><strong>REDACCI\u00d3N NOTI AM\u00c9RICA (ECUADOR)<\/strong><\/p>\n<div id=\"attachment_25081\" style=\"width: 573px\" class=\"wp-caption alignleft\"><img loading=\"lazy\" decoding=\"async\" aria-describedby=\"caption-attachment-25081\" class=\"wp-image-25081\" src=\"https:\/\/noti-america.com\/site\/ecuador\/wp-content\/uploads\/sites\/18\/2023\/06\/WhatsApp-Image-2023-06-09-at-16.26.00-300x200.jpeg\" alt=\"\" width=\"563\" height=\"375\" srcset=\"https:\/\/noti-america.com\/site\/ecuador\/wp-content\/uploads\/sites\/18\/2023\/06\/WhatsApp-Image-2023-06-09-at-16.26.00-300x200.jpeg 300w, https:\/\/noti-america.com\/site\/ecuador\/wp-content\/uploads\/sites\/18\/2023\/06\/WhatsApp-Image-2023-06-09-at-16.26.00-1024x682.jpeg 1024w, https:\/\/noti-america.com\/site\/ecuador\/wp-content\/uploads\/sites\/18\/2023\/06\/WhatsApp-Image-2023-06-09-at-16.26.00-768x512.jpeg 768w, https:\/\/noti-america.com\/site\/ecuador\/wp-content\/uploads\/sites\/18\/2023\/06\/WhatsApp-Image-2023-06-09-at-16.26.00-1536x1023.jpeg 1536w, https:\/\/noti-america.com\/site\/ecuador\/wp-content\/uploads\/sites\/18\/2023\/06\/WhatsApp-Image-2023-06-09-at-16.26.00-272x182.jpeg 272w, https:\/\/noti-america.com\/site\/ecuador\/wp-content\/uploads\/sites\/18\/2023\/06\/WhatsApp-Image-2023-06-09-at-16.26.00.jpeg 1600w\" sizes=\"auto, (max-width: 563px) 100vw, 563px\" \/><p id=\"caption-attachment-25081\" class=\"wp-caption-text\">Banco Pichincha es un emisor e inversionista ic\u00f3nico para el Ecuador porque dinamiza el mercado de valores ecuatoriano.<\/p><\/div>\n<p style=\"text-align: justify\">El Banco Pichincha recibi\u00f3 un reconocimiento de\u00a0 la Bolsa de Valores Quito (BVQ) por su \u00abimpecable trayectoria en el mercado de valores ecuatoriano, y su liderazgo en la emisi\u00f3n de bonos tem\u00e1ticos\u00bb.<\/p>\n<p style=\"text-align: justify\">Como miembro activo y relevante de la BVQ desde hace 53 a\u00f1os, Banco Pichincha se ha consolidado como la entidad financiera con la mayor emisi\u00f3n del mercado de valores ecuatoriano donde, desde 1995, ha colocado un total de $3.300 millones de d\u00f3lares en el mercado de valores. Adem\u00e1s, el Banco ha sido pionero en la emisi\u00f3n de bonos tem\u00e1ticos, marcando su liderazgo en el desarrollo de transacciones financieras innovadoras y sostenibles.<\/p>\n<p style=\"text-align: justify\">As\u00ed lo se\u00f1al\u00f3 Santiago Bayas, gerente General de Banco Pichincha, durante la entrega del reconocimiento, tras reiterar que prueba de ello es que, en 2019, Banco Pichincha se convirti\u00f3 en la primera instituci\u00f3n en emitir $150 millones de d\u00f3lares en bonos verdes, fortaleciendo la entrega de bio-cr\u00e9ditos para m\u00e1s de 30,000 clientes. Estas acciones han promovido inversiones sustentables y el desarrollo de una econom\u00eda m\u00e1s sostenible en el pa\u00eds.<\/p>\n<p style=\"text-align: justify\">Adem\u00e1s, en 2022, Banco Pichincha fue la primera instituci\u00f3n en emitir un bono social de g\u00e9nero por $100 millones de d\u00f3lares, lo que afianz\u00f3 su liderazgo en el \u00e1mbito de la inclusi\u00f3n y el apoyo a la mujer emprendedora, cuyo resultado es que 6 de cada 10 microcr\u00e9ditos se destinaron a mujeres. Esta iniciativa cont\u00f3 con importantes aliados como el Banco Interamericano de Desarrollo &#8211; BID Invest &#8211; y la Corporaci\u00f3n Financiera Internacional (ICF) del Banco Mundial, quienes han respaldado la emisi\u00f3n de dichos bonos.<\/p>\n<p style=\"text-align: justify\">\u00abSomos pioneros en el Ecuador en este tipo de operaciones, liderando el camino para otras transacciones similares. Estamos comprometidos en promover negocios e inversiones sustentables, as\u00ed como apoyar a mujeres empresarias a trav\u00e9s del bono de g\u00e9nero.\u00bb asegur\u00f3 Santiago Bayas, gerente General de Banco Pichincha.<\/p>\n<p style=\"text-align: justify\">Por su parte, Antonio Acosta, presidente de la entidad, coment\u00f3 que<em> \u201cInspirar y retribuir confianza se ha convertido en el prop\u00f3sito institucional que se ampara en tres pilares fundamentales como la sostenibilidad, la confianza, y la innovaci\u00f3n. Este reconocimiento ratifica nuestro compromiso de continuar fortaleciendo el sistema financiero y econ\u00f3mico del pa\u00eds.\u201d <\/em><\/p>\n<p style=\"text-align: justify\"><em>\u00a0<\/em>En representaci\u00f3n de la Bolsa de Valores Quito, Diana Torres, presidente, resalt\u00f3 que \u201cBanco Pichincha es un emisor e inversionista ic\u00f3nico para el Ecuador porque dinamiza el mercado de valores ecuatoriano de manera continua, no solo en instrumentos de renta fija, sino adem\u00e1s en renta variable al tener sus acciones cotizadas en bolsa, siendo una de las primeras instituciones bancarias del pa\u00eds en abrir su capital. Sin duda su impecable participaci\u00f3n en el mercado de valores ecuatoriano lo hace un referente financiero en el pa\u00eds.\u201d<\/p>\n<p style=\"text-align: justify\">Banco Pichincha contin\u00faa promoviendo la inversi\u00f3n en el mercado de valores de manera transparente y avalada por la BVQ, impulsando la dinamizaci\u00f3n econ\u00f3mica y fortaleciendo la confianza en Ecuador.<u><\/u><\/p>\n","protected":false},"excerpt":{"rendered":"<p>REDACCI\u00d3N NOTI AM\u00c9RICA (ECUADOR) El Banco Pichincha recibi\u00f3 un reconocimiento de\u00a0 la Bolsa de Valores Quito (BVQ) por su \u00abimpecable trayectoria en el mercado de valores ecuatoriano, y su liderazgo en la emisi\u00f3n de&#46;&#46;&#46;<\/p>\n","protected":false},"author":17,"featured_media":25084,"comment_status":"open","ping_status":"open","sticky":false,"template":"","format":"standard","meta":{"_acf_changed":false,"om_disable_all_campaigns":false,"rop_custom_images_group":[],"rop_custom_messages_group":[],"rop_publish_now":"initial","rop_publish_now_accounts":{"twitter_242054905_242054905":""},"rop_publish_now_history":[],"rop_publish_now_status":"pending","_uf_show_specific_survey":0,"_uf_disable_surveys":false,"footnotes":""},"categories":[5],"tags":[],"class_list":["post-25083","post","type-post","status-publish","format-standard","has-post-thumbnail","hentry","category-economia"],"acf":[],"aioseo_notices":[],"yoast_head":"<!-- This site is optimized with the Yoast SEO Premium plugin v24.9 (Yoast SEO v27.2) - https:\/\/yoast.com\/product\/yoast-seo-premium-wordpress\/ -->\n<title>BVQ entreg\u00f3 reconocimiento al Banco Pichincha - Ecuador | Noti-America.com<\/title>\n<meta name=\"robots\" content=\"index, follow, max-snippet:-1, max-image-preview:large, max-video-preview:-1\" \/>\n<link rel=\"canonical\" href=\"https:\/\/noti-america.com\/site\/ecuador\/2023\/06\/11\/bvq-entrego-reconocimiento-al-banco-pichincha-2\/\" \/>\n<meta property=\"og:locale\" content=\"es_ES\" \/>\n<meta property=\"og:type\" content=\"article\" \/>\n<meta property=\"og:title\" content=\"BVQ entreg\u00f3 reconocimiento al Banco Pichincha\" \/>\n<meta property=\"og:description\" content=\"REDACCI\u00d3N NOTI AM\u00c9RICA (ECUADOR) El Banco Pichincha recibi\u00f3 un reconocimiento de\u00a0 la Bolsa de Valores Quito (BVQ) por su \u00abimpecable trayectoria en el mercado de valores ecuatoriano, y su liderazgo en la emisi\u00f3n de&#046;&#046;&#046;\" \/>\n<meta property=\"og:url\" content=\"https:\/\/noti-america.com\/site\/ecuador\/2023\/06\/11\/bvq-entrego-reconocimiento-al-banco-pichincha-2\/\" \/>\n<meta property=\"og:site_name\" content=\"Ecuador | Noti-America.com\" \/>\n<meta property=\"article:published_time\" content=\"2023-06-11T16:37:11+00:00\" \/>\n<meta property=\"article:modified_time\" content=\"2023-06-11T16:50:30+00:00\" \/>\n<meta property=\"og:image\" content=\"https:\/\/noti-america.com\/site\/ecuador\/wp-content\/uploads\/sites\/18\/2023\/06\/WhatsApp-Image-2023-06-09-at-16.26.00.jpeg\" \/>\n\t<meta property=\"og:image:width\" content=\"1600\" \/>\n\t<meta property=\"og:image:height\" content=\"1066\" \/>\n\t<meta property=\"og:image:type\" content=\"image\/jpeg\" \/>\n<meta name=\"author\" content=\"Gregory Quintana Montiel\" \/>\n<meta name=\"twitter:card\" content=\"summary_large_image\" \/>\n<meta name=\"twitter:creator\" content=\"@gdgregori1\" \/>\n<meta name=\"twitter:site\" content=\"@notiamerica\" \/>\n<meta name=\"twitter:label1\" content=\"Escrito por\" \/>\n\t<meta name=\"twitter:data1\" content=\"Gregory Quintana Montiel\" \/>\n\t<meta name=\"twitter:label2\" content=\"Tiempo estimado de lectura\" \/>\n\t<meta name=\"twitter:data2\" content=\"3 minutos\" \/>\n<script type=\"application\/ld+json\" class=\"yoast-schema-graph\">{\"@context\":\"https:\/\/schema.org\",\"@graph\":[{\"@type\":\"Article\",\"@id\":\"https:\/\/noti-america.com\/site\/ecuador\/2023\/06\/11\/bvq-entrego-reconocimiento-al-banco-pichincha-2\/#article\",\"isPartOf\":{\"@id\":\"https:\/\/noti-america.com\/site\/ecuador\/2023\/06\/11\/bvq-entrego-reconocimiento-al-banco-pichincha-2\/\"},\"author\":{\"name\":\"Gregory Quintana Montiel\",\"@id\":\"https:\/\/noti-america.com\/site\/ecuador\/#\/schema\/person\/3b975e42f15abfe64bfe3abdd916efda\"},\"headline\":\"BVQ entreg\u00f3 reconocimiento al Banco Pichincha\",\"datePublished\":\"2023-06-11T16:37:11+00:00\",\"dateModified\":\"2023-06-11T16:50:30+00:00\",\"mainEntityOfPage\":{\"@id\":\"https:\/\/noti-america.com\/site\/ecuador\/2023\/06\/11\/bvq-entrego-reconocimiento-al-banco-pichincha-2\/\"},\"wordCount\":536,\"commentCount\":0,\"publisher\":{\"@id\":\"https:\/\/noti-america.com\/site\/ecuador\/#organization\"},\"image\":{\"@id\":\"https:\/\/noti-america.com\/site\/ecuador\/2023\/06\/11\/bvq-entrego-reconocimiento-al-banco-pichincha-2\/#primaryimage\"},\"thumbnailUrl\":\"https:\/\/noti-america.com\/site\/ecuador\/wp-content\/uploads\/sites\/18\/2023\/06\/WhatsApp-Image-2023-06-09-at-16.26.00.jpeg\",\"articleSection\":[\"Econom\u00eda\"],\"inLanguage\":\"es\",\"potentialAction\":[{\"@type\":\"CommentAction\",\"name\":\"Comment\",\"target\":[\"https:\/\/noti-america.com\/site\/ecuador\/2023\/06\/11\/bvq-entrego-reconocimiento-al-banco-pichincha-2\/#respond\"]}]},{\"@type\":\"WebPage\",\"@id\":\"https:\/\/noti-america.com\/site\/ecuador\/2023\/06\/11\/bvq-entrego-reconocimiento-al-banco-pichincha-2\/\",\"url\":\"https:\/\/noti-america.com\/site\/ecuador\/2023\/06\/11\/bvq-entrego-reconocimiento-al-banco-pichincha-2\/\",\"name\":\"BVQ entreg\u00f3 reconocimiento al Banco Pichincha - Ecuador | Noti-America.com\",\"isPartOf\":{\"@id\":\"https:\/\/noti-america.com\/site\/ecuador\/#website\"},\"primaryImageOfPage\":{\"@id\":\"https:\/\/noti-america.com\/site\/ecuador\/2023\/06\/11\/bvq-entrego-reconocimiento-al-banco-pichincha-2\/#primaryimage\"},\"image\":{\"@id\":\"https:\/\/noti-america.com\/site\/ecuador\/2023\/06\/11\/bvq-entrego-reconocimiento-al-banco-pichincha-2\/#primaryimage\"},\"thumbnailUrl\":\"https:\/\/noti-america.com\/site\/ecuador\/wp-content\/uploads\/sites\/18\/2023\/06\/WhatsApp-Image-2023-06-09-at-16.26.00.jpeg\",\"datePublished\":\"2023-06-11T16:37:11+00:00\",\"dateModified\":\"2023-06-11T16:50:30+00:00\",\"breadcrumb\":{\"@id\":\"https:\/\/noti-america.com\/site\/ecuador\/2023\/06\/11\/bvq-entrego-reconocimiento-al-banco-pichincha-2\/#breadcrumb\"},\"inLanguage\":\"es\",\"potentialAction\":[{\"@type\":\"ReadAction\",\"target\":[\"https:\/\/noti-america.com\/site\/ecuador\/2023\/06\/11\/bvq-entrego-reconocimiento-al-banco-pichincha-2\/\"]}]},{\"@type\":\"ImageObject\",\"inLanguage\":\"es\",\"@id\":\"https:\/\/noti-america.com\/site\/ecuador\/2023\/06\/11\/bvq-entrego-reconocimiento-al-banco-pichincha-2\/#primaryimage\",\"url\":\"https:\/\/noti-america.com\/site\/ecuador\/wp-content\/uploads\/sites\/18\/2023\/06\/WhatsApp-Image-2023-06-09-at-16.26.00.jpeg\",\"contentUrl\":\"https:\/\/noti-america.com\/site\/ecuador\/wp-content\/uploads\/sites\/18\/2023\/06\/WhatsApp-Image-2023-06-09-at-16.26.00.jpeg\",\"width\":1600,\"height\":1066},{\"@type\":\"BreadcrumbList\",\"@id\":\"https:\/\/noti-america.com\/site\/ecuador\/2023\/06\/11\/bvq-entrego-reconocimiento-al-banco-pichincha-2\/#breadcrumb\",\"itemListElement\":[{\"@type\":\"ListItem\",\"position\":1,\"name\":\"Portada\",\"item\":\"https:\/\/noti-america.com\/site\/ecuador\/\"},{\"@type\":\"ListItem\",\"position\":2,\"name\":\"BVQ entreg\u00f3 reconocimiento al Banco Pichincha\"}]},{\"@type\":\"WebSite\",\"@id\":\"https:\/\/noti-america.com\/site\/ecuador\/#website\",\"url\":\"https:\/\/noti-america.com\/site\/ecuador\/\",\"name\":\"Ecuador | Noti-America.com\",\"description\":\"\",\"publisher\":{\"@id\":\"https:\/\/noti-america.com\/site\/ecuador\/#organization\"},\"potentialAction\":[{\"@type\":\"SearchAction\",\"target\":{\"@type\":\"EntryPoint\",\"urlTemplate\":\"https:\/\/noti-america.com\/site\/ecuador\/?s={search_term_string}\"},\"query-input\":{\"@type\":\"PropertyValueSpecification\",\"valueRequired\":true,\"valueName\":\"search_term_string\"}}],\"inLanguage\":\"es\"},{\"@type\":\"Organization\",\"@id\":\"https:\/\/noti-america.com\/site\/ecuador\/#organization\",\"name\":\"Noti-America LLC | Ecuador\",\"url\":\"https:\/\/noti-america.com\/site\/ecuador\/\",\"logo\":{\"@type\":\"ImageObject\",\"inLanguage\":\"es\",\"@id\":\"https:\/\/noti-america.com\/site\/ecuador\/#\/schema\/logo\/image\/\",\"url\":\"https:\/\/noti-america.com\/site\/ecuador\/wp-content\/uploads\/sites\/18\/2020\/07\/LogoNA-4x3-1.jpg\",\"contentUrl\":\"https:\/\/noti-america.com\/site\/ecuador\/wp-content\/uploads\/sites\/18\/2020\/07\/LogoNA-4x3-1.jpg\",\"width\":1236,\"height\":1080,\"caption\":\"Noti-America LLC | Ecuador\"},\"image\":{\"@id\":\"https:\/\/noti-america.com\/site\/ecuador\/#\/schema\/logo\/image\/\"},\"sameAs\":[\"https:\/\/x.com\/notiamerica\"]},{\"@type\":\"Person\",\"@id\":\"https:\/\/noti-america.com\/site\/ecuador\/#\/schema\/person\/3b975e42f15abfe64bfe3abdd916efda\",\"name\":\"Gregory Quintana Montiel\",\"image\":{\"@type\":\"ImageObject\",\"inLanguage\":\"es\",\"@id\":\"https:\/\/secure.gravatar.com\/avatar\/2d6b802f7720c2ec7744dcbe608cc2f3417aeb964d58b443c6d612b77531de1d?s=96&d=mm&r=g\",\"url\":\"https:\/\/secure.gravatar.com\/avatar\/2d6b802f7720c2ec7744dcbe608cc2f3417aeb964d58b443c6d612b77531de1d?s=96&d=mm&r=g\",\"contentUrl\":\"https:\/\/secure.gravatar.com\/avatar\/2d6b802f7720c2ec7744dcbe608cc2f3417aeb964d58b443c6d612b77531de1d?s=96&d=mm&r=g\",\"caption\":\"Gregory Quintana Montiel\"},\"description\":\"Licenciatura en Ciencias de la Comunicaci\u00f3n Social, egresado en la Especializaci\u00f3n Derecho Ambiental Desarrollo Sostenible y Sustentable, Miembro de la Comunidad de profesionales y experto para Latinoam\u00e9rica y el Caribe en Gesti\u00f3n por Resultado en el Desarrollo (COPLAC - GpRD) del Banco Interamericano de Desarrollo, experiencia en medios radiales y escritos.\",\"sameAs\":[\"https:\/\/x.com\/gdgregori1\",\"gquintana\"],\"url\":\"https:\/\/noti-america.com\/site\/ecuador\/author\/gquintana\/\"}]}<\/script>\n<!-- \/ Yoast SEO Premium plugin. -->","yoast_head_json":{"title":"BVQ entreg\u00f3 reconocimiento al Banco Pichincha - Ecuador | Noti-America.com","robots":{"index":"index","follow":"follow","max-snippet":"max-snippet:-1","max-image-preview":"max-image-preview:large","max-video-preview":"max-video-preview:-1"},"canonical":"https:\/\/noti-america.com\/site\/ecuador\/2023\/06\/11\/bvq-entrego-reconocimiento-al-banco-pichincha-2\/","og_locale":"es_ES","og_type":"article","og_title":"BVQ entreg\u00f3 reconocimiento al Banco Pichincha","og_description":"REDACCI\u00d3N NOTI AM\u00c9RICA (ECUADOR) El Banco Pichincha recibi\u00f3 un reconocimiento de\u00a0 la Bolsa de Valores Quito (BVQ) por su \u00abimpecable trayectoria en el mercado de valores ecuatoriano, y su liderazgo en la emisi\u00f3n de&#46;&#46;&#46;","og_url":"https:\/\/noti-america.com\/site\/ecuador\/2023\/06\/11\/bvq-entrego-reconocimiento-al-banco-pichincha-2\/","og_site_name":"Ecuador | Noti-America.com","article_published_time":"2023-06-11T16:37:11+00:00","article_modified_time":"2023-06-11T16:50:30+00:00","og_image":[{"width":1600,"height":1066,"url":"https:\/\/noti-america.com\/site\/ecuador\/wp-content\/uploads\/sites\/18\/2023\/06\/WhatsApp-Image-2023-06-09-at-16.26.00.jpeg","type":"image\/jpeg"}],"author":"Gregory Quintana Montiel","twitter_card":"summary_large_image","twitter_creator":"@gdgregori1","twitter_site":"@notiamerica","twitter_misc":{"Escrito por":"Gregory Quintana Montiel","Tiempo estimado de lectura":"3 minutos"},"schema":{"@context":"https:\/\/schema.org","@graph":[{"@type":"Article","@id":"https:\/\/noti-america.com\/site\/ecuador\/2023\/06\/11\/bvq-entrego-reconocimiento-al-banco-pichincha-2\/#article","isPartOf":{"@id":"https:\/\/noti-america.com\/site\/ecuador\/2023\/06\/11\/bvq-entrego-reconocimiento-al-banco-pichincha-2\/"},"author":{"name":"Gregory Quintana Montiel","@id":"https:\/\/noti-america.com\/site\/ecuador\/#\/schema\/person\/3b975e42f15abfe64bfe3abdd916efda"},"headline":"BVQ entreg\u00f3 reconocimiento al Banco Pichincha","datePublished":"2023-06-11T16:37:11+00:00","dateModified":"2023-06-11T16:50:30+00:00","mainEntityOfPage":{"@id":"https:\/\/noti-america.com\/site\/ecuador\/2023\/06\/11\/bvq-entrego-reconocimiento-al-banco-pichincha-2\/"},"wordCount":536,"commentCount":0,"publisher":{"@id":"https:\/\/noti-america.com\/site\/ecuador\/#organization"},"image":{"@id":"https:\/\/noti-america.com\/site\/ecuador\/2023\/06\/11\/bvq-entrego-reconocimiento-al-banco-pichincha-2\/#primaryimage"},"thumbnailUrl":"https:\/\/noti-america.com\/site\/ecuador\/wp-content\/uploads\/sites\/18\/2023\/06\/WhatsApp-Image-2023-06-09-at-16.26.00.jpeg","articleSection":["Econom\u00eda"],"inLanguage":"es","potentialAction":[{"@type":"CommentAction","name":"Comment","target":["https:\/\/noti-america.com\/site\/ecuador\/2023\/06\/11\/bvq-entrego-reconocimiento-al-banco-pichincha-2\/#respond"]}]},{"@type":"WebPage","@id":"https:\/\/noti-america.com\/site\/ecuador\/2023\/06\/11\/bvq-entrego-reconocimiento-al-banco-pichincha-2\/","url":"https:\/\/noti-america.com\/site\/ecuador\/2023\/06\/11\/bvq-entrego-reconocimiento-al-banco-pichincha-2\/","name":"BVQ entreg\u00f3 reconocimiento al Banco Pichincha - Ecuador | Noti-America.com","isPartOf":{"@id":"https:\/\/noti-america.com\/site\/ecuador\/#website"},"primaryImageOfPage":{"@id":"https:\/\/noti-america.com\/site\/ecuador\/2023\/06\/11\/bvq-entrego-reconocimiento-al-banco-pichincha-2\/#primaryimage"},"image":{"@id":"https:\/\/noti-america.com\/site\/ecuador\/2023\/06\/11\/bvq-entrego-reconocimiento-al-banco-pichincha-2\/#primaryimage"},"thumbnailUrl":"https:\/\/noti-america.com\/site\/ecuador\/wp-content\/uploads\/sites\/18\/2023\/06\/WhatsApp-Image-2023-06-09-at-16.26.00.jpeg","datePublished":"2023-06-11T16:37:11+00:00","dateModified":"2023-06-11T16:50:30+00:00","breadcrumb":{"@id":"https:\/\/noti-america.com\/site\/ecuador\/2023\/06\/11\/bvq-entrego-reconocimiento-al-banco-pichincha-2\/#breadcrumb"},"inLanguage":"es","potentialAction":[{"@type":"ReadAction","target":["https:\/\/noti-america.com\/site\/ecuador\/2023\/06\/11\/bvq-entrego-reconocimiento-al-banco-pichincha-2\/"]}]},{"@type":"ImageObject","inLanguage":"es","@id":"https:\/\/noti-america.com\/site\/ecuador\/2023\/06\/11\/bvq-entrego-reconocimiento-al-banco-pichincha-2\/#primaryimage","url":"https:\/\/noti-america.com\/site\/ecuador\/wp-content\/uploads\/sites\/18\/2023\/06\/WhatsApp-Image-2023-06-09-at-16.26.00.jpeg","contentUrl":"https:\/\/noti-america.com\/site\/ecuador\/wp-content\/uploads\/sites\/18\/2023\/06\/WhatsApp-Image-2023-06-09-at-16.26.00.jpeg","width":1600,"height":1066},{"@type":"BreadcrumbList","@id":"https:\/\/noti-america.com\/site\/ecuador\/2023\/06\/11\/bvq-entrego-reconocimiento-al-banco-pichincha-2\/#breadcrumb","itemListElement":[{"@type":"ListItem","position":1,"name":"Portada","item":"https:\/\/noti-america.com\/site\/ecuador\/"},{"@type":"ListItem","position":2,"name":"BVQ entreg\u00f3 reconocimiento al Banco Pichincha"}]},{"@type":"WebSite","@id":"https:\/\/noti-america.com\/site\/ecuador\/#website","url":"https:\/\/noti-america.com\/site\/ecuador\/","name":"Ecuador | Noti-America.com","description":"","publisher":{"@id":"https:\/\/noti-america.com\/site\/ecuador\/#organization"},"potentialAction":[{"@type":"SearchAction","target":{"@type":"EntryPoint","urlTemplate":"https:\/\/noti-america.com\/site\/ecuador\/?s={search_term_string}"},"query-input":{"@type":"PropertyValueSpecification","valueRequired":true,"valueName":"search_term_string"}}],"inLanguage":"es"},{"@type":"Organization","@id":"https:\/\/noti-america.com\/site\/ecuador\/#organization","name":"Noti-America LLC | Ecuador","url":"https:\/\/noti-america.com\/site\/ecuador\/","logo":{"@type":"ImageObject","inLanguage":"es","@id":"https:\/\/noti-america.com\/site\/ecuador\/#\/schema\/logo\/image\/","url":"https:\/\/noti-america.com\/site\/ecuador\/wp-content\/uploads\/sites\/18\/2020\/07\/LogoNA-4x3-1.jpg","contentUrl":"https:\/\/noti-america.com\/site\/ecuador\/wp-content\/uploads\/sites\/18\/2020\/07\/LogoNA-4x3-1.jpg","width":1236,"height":1080,"caption":"Noti-America LLC | Ecuador"},"image":{"@id":"https:\/\/noti-america.com\/site\/ecuador\/#\/schema\/logo\/image\/"},"sameAs":["https:\/\/x.com\/notiamerica"]},{"@type":"Person","@id":"https:\/\/noti-america.com\/site\/ecuador\/#\/schema\/person\/3b975e42f15abfe64bfe3abdd916efda","name":"Gregory Quintana Montiel","image":{"@type":"ImageObject","inLanguage":"es","@id":"https:\/\/secure.gravatar.com\/avatar\/2d6b802f7720c2ec7744dcbe608cc2f3417aeb964d58b443c6d612b77531de1d?s=96&d=mm&r=g","url":"https:\/\/secure.gravatar.com\/avatar\/2d6b802f7720c2ec7744dcbe608cc2f3417aeb964d58b443c6d612b77531de1d?s=96&d=mm&r=g","contentUrl":"https:\/\/secure.gravatar.com\/avatar\/2d6b802f7720c2ec7744dcbe608cc2f3417aeb964d58b443c6d612b77531de1d?s=96&d=mm&r=g","caption":"Gregory Quintana Montiel"},"description":"Licenciatura en Ciencias de la Comunicaci\u00f3n Social, egresado en la Especializaci\u00f3n Derecho Ambiental Desarrollo Sostenible y Sustentable, Miembro de la Comunidad de profesionales y experto para Latinoam\u00e9rica y el Caribe en Gesti\u00f3n por Resultado en el Desarrollo (COPLAC - GpRD) del Banco Interamericano de Desarrollo, experiencia en medios radiales y escritos.","sameAs":["https:\/\/x.com\/gdgregori1","gquintana"],"url":"https:\/\/noti-america.com\/site\/ecuador\/author\/gquintana\/"}]}},"_links":{"self":[{"href":"https:\/\/noti-america.com\/site\/ecuador\/wp-json\/wp\/v2\/posts\/25083","targetHints":{"allow":["GET"]}}],"collection":[{"href":"https:\/\/noti-america.com\/site\/ecuador\/wp-json\/wp\/v2\/posts"}],"about":[{"href":"https:\/\/noti-america.com\/site\/ecuador\/wp-json\/wp\/v2\/types\/post"}],"author":[{"embeddable":true,"href":"https:\/\/noti-america.com\/site\/ecuador\/wp-json\/wp\/v2\/users\/17"}],"replies":[{"embeddable":true,"href":"https:\/\/noti-america.com\/site\/ecuador\/wp-json\/wp\/v2\/comments?post=25083"}],"version-history":[{"count":1,"href":"https:\/\/noti-america.com\/site\/ecuador\/wp-json\/wp\/v2\/posts\/25083\/revisions"}],"predecessor-version":[{"id":25085,"href":"https:\/\/noti-america.com\/site\/ecuador\/wp-json\/wp\/v2\/posts\/25083\/revisions\/25085"}],"wp:featuredmedia":[{"embeddable":true,"href":"https:\/\/noti-america.com\/site\/ecuador\/wp-json\/wp\/v2\/media\/25084"}],"wp:attachment":[{"href":"https:\/\/noti-america.com\/site\/ecuador\/wp-json\/wp\/v2\/media?parent=25083"}],"wp:term":[{"taxonomy":"category","embeddable":true,"href":"https:\/\/noti-america.com\/site\/ecuador\/wp-json\/wp\/v2\/categories?post=25083"},{"taxonomy":"post_tag","embeddable":true,"href":"https:\/\/noti-america.com\/site\/ecuador\/wp-json\/wp\/v2\/tags?post=25083"}],"curies":[{"name":"wp","href":"https:\/\/api.w.org\/{rel}","templated":true}]}}