{"id":24953,"date":"2023-05-04T00:34:56","date_gmt":"2023-05-04T00:34:56","guid":{"rendered":"https:\/\/noti-america.com\/site\/ecuador\/?p=24953"},"modified":"2023-05-04T03:18:21","modified_gmt":"2023-05-04T03:18:21","slug":"panaderias-con-promociones-por-el-dia-de-la-madre","status":"publish","type":"post","link":"https:\/\/noti-america.com\/site\/ecuador\/2023\/05\/04\/panaderias-con-promociones-por-el-dia-de-la-madre\/","title":{"rendered":"Panader\u00eda California con promociones por el D\u00eda de la Madre"},"content":{"rendered":"<p>REDACCI\u00d3N NOTI-AM\u00c9RICA\u00a0(ECUADOR)<\/p>\n<p>AUTOR: <strong>Henry Garrido.<\/strong><\/p>\n<div id=\"attachment_24956\" style=\"width: 331px\" class=\"wp-caption alignleft\"><img loading=\"lazy\" decoding=\"async\" aria-describedby=\"caption-attachment-24956\" class=\" wp-image-24956\" src=\"https:\/\/noti-america.com\/site\/ecuador\/wp-content\/uploads\/sites\/18\/2023\/05\/de86b31e-2cfe-470b-80d0-e7f2482cbbb4-300x144.jpg\" alt=\"\" width=\"321\" height=\"154\" srcset=\"https:\/\/noti-america.com\/site\/ecuador\/wp-content\/uploads\/sites\/18\/2023\/05\/de86b31e-2cfe-470b-80d0-e7f2482cbbb4-300x144.jpg 300w, https:\/\/noti-america.com\/site\/ecuador\/wp-content\/uploads\/sites\/18\/2023\/05\/de86b31e-2cfe-470b-80d0-e7f2482cbbb4-1024x492.jpg 1024w, https:\/\/noti-america.com\/site\/ecuador\/wp-content\/uploads\/sites\/18\/2023\/05\/de86b31e-2cfe-470b-80d0-e7f2482cbbb4-768x369.jpg 768w, https:\/\/noti-america.com\/site\/ecuador\/wp-content\/uploads\/sites\/18\/2023\/05\/de86b31e-2cfe-470b-80d0-e7f2482cbbb4-1536x738.jpg 1536w, https:\/\/noti-america.com\/site\/ecuador\/wp-content\/uploads\/sites\/18\/2023\/05\/de86b31e-2cfe-470b-80d0-e7f2482cbbb4-600x288.jpg 600w, https:\/\/noti-america.com\/site\/ecuador\/wp-content\/uploads\/sites\/18\/2023\/05\/de86b31e-2cfe-470b-80d0-e7f2482cbbb4.jpg 1600w\" sizes=\"auto, (max-width: 321px) 100vw, 321px\" \/><p id=\"caption-attachment-24956\" class=\"wp-caption-text\">Durante el mes de mayo panader\u00eda California ofrecer\u00e1 16 modelos de tortas.<\/p><\/div>\n<p style=\"text-align: justify\">Panader\u00eda y Pasteler\u00eda California, con 8 d\u00e9cadas de experiencia en el mercado ecuatoriano, ha venido brindando a sus consumidores productos de calidad.<\/p>\n<p style=\"text-align: justify\">Es por ello que en el marco de la celebraci\u00f3n del D\u00eda de la Madre, la compa\u00f1\u00eda de alimentos a decidido consentir a mam\u00e1, ofreciendo una variedad de ofertas en sus productos de temporadas ideales para agradar.<\/p>\n<p style=\"text-align: justify\">Entre los detalles est\u00e1 la elaboraci\u00f3n de tortas con 16 modelos diferentes que han sido dise\u00f1ados por este mes de mayo, y sus contenidos est\u00e1n hechas de masa especial, chocolate, manjar, entre otros ingredientes, las misma que podr\u00e1n ser adquiridas en los 58 locales que tienen a nivel nacional.<\/p>\n<p style=\"text-align: justify\">Agust\u00edn Alb\u00e1n, director comercial de panader\u00eda California, se\u00f1al\u00f3 que durante este mes de mayo decidieron obsequiar a sus clientes un paquete de dulce por cada torta que compren en sus locales. \u00abEs muy importante estar presente en esas ocasiones especiales que unen a las familias ecuatorianas, por ello el D\u00eda de la Madre no es la excepci\u00f3n y hemos innovado en los detalles que pueden alegrar este d\u00eda\u201d, expres\u00f3<\/p>\n<p style=\"text-align: justify\">El ejecutivo sostuvo que durante todo el mes de mayo tendr\u00e1n promociones y descuentos en todos sus productos. Adem\u00e1s, detall\u00f3 que el objetivo de la compa\u00f1\u00eda es ampliar su oferta y reconstruir su marca para direccionar sus negocios al servicio de cafeter\u00eda.<\/p>\n","protected":false},"excerpt":{"rendered":"<p>REDACCI\u00d3N NOTI-AM\u00c9RICA\u00a0(ECUADOR) AUTOR: Henry Garrido. Panader\u00eda y Pasteler\u00eda California, con 8 d\u00e9cadas de experiencia en el mercado ecuatoriano, ha venido brindando a sus consumidores productos de calidad. Es por ello que en el marco&#46;&#46;&#46;<\/p>\n","protected":false},"author":17,"featured_media":24956,"comment_status":"open","ping_status":"open","sticky":false,"template":"","format":"standard","meta":{"_acf_changed":false,"om_disable_all_campaigns":false,"rop_custom_images_group":[],"rop_custom_messages_group":[],"rop_publish_now":"initial","rop_publish_now_accounts":{"twitter_242054905_242054905":""},"rop_publish_now_history":[],"rop_publish_now_status":"pending","_uf_show_specific_survey":0,"_uf_disable_surveys":false,"footnotes":""},"categories":[125],"tags":[],"class_list":["post-24953","post","type-post","status-publish","format-standard","has-post-thumbnail","hentry","category-actualidad"],"acf":[],"aioseo_notices":[],"yoast_head":"<!-- This site is optimized with the Yoast SEO Premium plugin v24.9 (Yoast SEO v27.2) - https:\/\/yoast.com\/product\/yoast-seo-premium-wordpress\/ -->\n<title>Panader\u00eda California con promociones por el D\u00eda de la Madre - Ecuador | Noti-America.com<\/title>\n<meta name=\"robots\" content=\"index, follow, max-snippet:-1, max-image-preview:large, max-video-preview:-1\" \/>\n<link rel=\"canonical\" href=\"https:\/\/noti-america.com\/site\/ecuador\/2023\/05\/04\/panaderias-con-promociones-por-el-dia-de-la-madre\/\" \/>\n<meta property=\"og:locale\" content=\"es_ES\" \/>\n<meta property=\"og:type\" content=\"article\" \/>\n<meta property=\"og:title\" content=\"Panader\u00eda California con promociones por el D\u00eda de la Madre\" \/>\n<meta property=\"og:description\" content=\"REDACCI\u00d3N NOTI-AM\u00c9RICA\u00a0(ECUADOR) AUTOR: Henry Garrido. Panader\u00eda y Pasteler\u00eda California, con 8 d\u00e9cadas de experiencia en el mercado ecuatoriano, ha venido brindando a sus consumidores productos de calidad. Es por ello que en el marco&#046;&#046;&#046;\" \/>\n<meta property=\"og:url\" content=\"https:\/\/noti-america.com\/site\/ecuador\/2023\/05\/04\/panaderias-con-promociones-por-el-dia-de-la-madre\/\" \/>\n<meta property=\"og:site_name\" content=\"Ecuador | Noti-America.com\" \/>\n<meta property=\"article:published_time\" content=\"2023-05-04T00:34:56+00:00\" \/>\n<meta property=\"article:modified_time\" content=\"2023-05-04T03:18:21+00:00\" \/>\n<meta property=\"og:image\" content=\"https:\/\/noti-america.com\/site\/ecuador\/wp-content\/uploads\/sites\/18\/2023\/05\/de86b31e-2cfe-470b-80d0-e7f2482cbbb4.jpg\" \/>\n\t<meta property=\"og:image:width\" content=\"1600\" \/>\n\t<meta property=\"og:image:height\" content=\"769\" \/>\n\t<meta property=\"og:image:type\" content=\"image\/jpeg\" \/>\n<meta name=\"author\" content=\"Gregory Quintana Montiel\" \/>\n<meta name=\"twitter:card\" content=\"summary_large_image\" \/>\n<meta name=\"twitter:creator\" content=\"@gdgregori1\" \/>\n<meta name=\"twitter:site\" content=\"@notiamerica\" \/>\n<meta name=\"twitter:label1\" content=\"Escrito por\" \/>\n\t<meta name=\"twitter:data1\" content=\"Gregory Quintana Montiel\" \/>\n\t<meta name=\"twitter:label2\" content=\"Tiempo estimado de lectura\" \/>\n\t<meta name=\"twitter:data2\" content=\"2 minutos\" \/>\n<script type=\"application\/ld+json\" class=\"yoast-schema-graph\">{\"@context\":\"https:\/\/schema.org\",\"@graph\":[{\"@type\":\"Article\",\"@id\":\"https:\/\/noti-america.com\/site\/ecuador\/2023\/05\/04\/panaderias-con-promociones-por-el-dia-de-la-madre\/#article\",\"isPartOf\":{\"@id\":\"https:\/\/noti-america.com\/site\/ecuador\/2023\/05\/04\/panaderias-con-promociones-por-el-dia-de-la-madre\/\"},\"author\":{\"name\":\"Gregory Quintana Montiel\",\"@id\":\"https:\/\/noti-america.com\/site\/ecuador\/#\/schema\/person\/3b975e42f15abfe64bfe3abdd916efda\"},\"headline\":\"Panader\u00eda California con promociones por el D\u00eda de la Madre\",\"datePublished\":\"2023-05-04T00:34:56+00:00\",\"dateModified\":\"2023-05-04T03:18:21+00:00\",\"mainEntityOfPage\":{\"@id\":\"https:\/\/noti-america.com\/site\/ecuador\/2023\/05\/04\/panaderias-con-promociones-por-el-dia-de-la-madre\/\"},\"wordCount\":276,\"commentCount\":0,\"publisher\":{\"@id\":\"https:\/\/noti-america.com\/site\/ecuador\/#organization\"},\"image\":{\"@id\":\"https:\/\/noti-america.com\/site\/ecuador\/2023\/05\/04\/panaderias-con-promociones-por-el-dia-de-la-madre\/#primaryimage\"},\"thumbnailUrl\":\"https:\/\/noti-america.com\/site\/ecuador\/wp-content\/uploads\/sites\/18\/2023\/05\/de86b31e-2cfe-470b-80d0-e7f2482cbbb4.jpg\",\"articleSection\":[\"Actualidad\"],\"inLanguage\":\"es\",\"potentialAction\":[{\"@type\":\"CommentAction\",\"name\":\"Comment\",\"target\":[\"https:\/\/noti-america.com\/site\/ecuador\/2023\/05\/04\/panaderias-con-promociones-por-el-dia-de-la-madre\/#respond\"]}]},{\"@type\":\"WebPage\",\"@id\":\"https:\/\/noti-america.com\/site\/ecuador\/2023\/05\/04\/panaderias-con-promociones-por-el-dia-de-la-madre\/\",\"url\":\"https:\/\/noti-america.com\/site\/ecuador\/2023\/05\/04\/panaderias-con-promociones-por-el-dia-de-la-madre\/\",\"name\":\"Panader\u00eda California con promociones por el D\u00eda de la Madre - Ecuador | Noti-America.com\",\"isPartOf\":{\"@id\":\"https:\/\/noti-america.com\/site\/ecuador\/#website\"},\"primaryImageOfPage\":{\"@id\":\"https:\/\/noti-america.com\/site\/ecuador\/2023\/05\/04\/panaderias-con-promociones-por-el-dia-de-la-madre\/#primaryimage\"},\"image\":{\"@id\":\"https:\/\/noti-america.com\/site\/ecuador\/2023\/05\/04\/panaderias-con-promociones-por-el-dia-de-la-madre\/#primaryimage\"},\"thumbnailUrl\":\"https:\/\/noti-america.com\/site\/ecuador\/wp-content\/uploads\/sites\/18\/2023\/05\/de86b31e-2cfe-470b-80d0-e7f2482cbbb4.jpg\",\"datePublished\":\"2023-05-04T00:34:56+00:00\",\"dateModified\":\"2023-05-04T03:18:21+00:00\",\"breadcrumb\":{\"@id\":\"https:\/\/noti-america.com\/site\/ecuador\/2023\/05\/04\/panaderias-con-promociones-por-el-dia-de-la-madre\/#breadcrumb\"},\"inLanguage\":\"es\",\"potentialAction\":[{\"@type\":\"ReadAction\",\"target\":[\"https:\/\/noti-america.com\/site\/ecuador\/2023\/05\/04\/panaderias-con-promociones-por-el-dia-de-la-madre\/\"]}]},{\"@type\":\"ImageObject\",\"inLanguage\":\"es\",\"@id\":\"https:\/\/noti-america.com\/site\/ecuador\/2023\/05\/04\/panaderias-con-promociones-por-el-dia-de-la-madre\/#primaryimage\",\"url\":\"https:\/\/noti-america.com\/site\/ecuador\/wp-content\/uploads\/sites\/18\/2023\/05\/de86b31e-2cfe-470b-80d0-e7f2482cbbb4.jpg\",\"contentUrl\":\"https:\/\/noti-america.com\/site\/ecuador\/wp-content\/uploads\/sites\/18\/2023\/05\/de86b31e-2cfe-470b-80d0-e7f2482cbbb4.jpg\",\"width\":1600,\"height\":769,\"caption\":\"En este mes de mayo panader\u00eda California ofrecer\u00e1 16 modelos de tortas.\"},{\"@type\":\"BreadcrumbList\",\"@id\":\"https:\/\/noti-america.com\/site\/ecuador\/2023\/05\/04\/panaderias-con-promociones-por-el-dia-de-la-madre\/#breadcrumb\",\"itemListElement\":[{\"@type\":\"ListItem\",\"position\":1,\"name\":\"Portada\",\"item\":\"https:\/\/noti-america.com\/site\/ecuador\/\"},{\"@type\":\"ListItem\",\"position\":2,\"name\":\"Panader\u00eda California con promociones por el D\u00eda de la Madre\"}]},{\"@type\":\"WebSite\",\"@id\":\"https:\/\/noti-america.com\/site\/ecuador\/#website\",\"url\":\"https:\/\/noti-america.com\/site\/ecuador\/\",\"name\":\"Ecuador | Noti-America.com\",\"description\":\"\",\"publisher\":{\"@id\":\"https:\/\/noti-america.com\/site\/ecuador\/#organization\"},\"potentialAction\":[{\"@type\":\"SearchAction\",\"target\":{\"@type\":\"EntryPoint\",\"urlTemplate\":\"https:\/\/noti-america.com\/site\/ecuador\/?s={search_term_string}\"},\"query-input\":{\"@type\":\"PropertyValueSpecification\",\"valueRequired\":true,\"valueName\":\"search_term_string\"}}],\"inLanguage\":\"es\"},{\"@type\":\"Organization\",\"@id\":\"https:\/\/noti-america.com\/site\/ecuador\/#organization\",\"name\":\"Noti-America LLC | Ecuador\",\"url\":\"https:\/\/noti-america.com\/site\/ecuador\/\",\"logo\":{\"@type\":\"ImageObject\",\"inLanguage\":\"es\",\"@id\":\"https:\/\/noti-america.com\/site\/ecuador\/#\/schema\/logo\/image\/\",\"url\":\"https:\/\/noti-america.com\/site\/ecuador\/wp-content\/uploads\/sites\/18\/2020\/07\/LogoNA-4x3-1.jpg\",\"contentUrl\":\"https:\/\/noti-america.com\/site\/ecuador\/wp-content\/uploads\/sites\/18\/2020\/07\/LogoNA-4x3-1.jpg\",\"width\":1236,\"height\":1080,\"caption\":\"Noti-America LLC | Ecuador\"},\"image\":{\"@id\":\"https:\/\/noti-america.com\/site\/ecuador\/#\/schema\/logo\/image\/\"},\"sameAs\":[\"https:\/\/x.com\/notiamerica\"]},{\"@type\":\"Person\",\"@id\":\"https:\/\/noti-america.com\/site\/ecuador\/#\/schema\/person\/3b975e42f15abfe64bfe3abdd916efda\",\"name\":\"Gregory Quintana Montiel\",\"image\":{\"@type\":\"ImageObject\",\"inLanguage\":\"es\",\"@id\":\"https:\/\/secure.gravatar.com\/avatar\/2d6b802f7720c2ec7744dcbe608cc2f3417aeb964d58b443c6d612b77531de1d?s=96&d=mm&r=g\",\"url\":\"https:\/\/secure.gravatar.com\/avatar\/2d6b802f7720c2ec7744dcbe608cc2f3417aeb964d58b443c6d612b77531de1d?s=96&d=mm&r=g\",\"contentUrl\":\"https:\/\/secure.gravatar.com\/avatar\/2d6b802f7720c2ec7744dcbe608cc2f3417aeb964d58b443c6d612b77531de1d?s=96&d=mm&r=g\",\"caption\":\"Gregory Quintana Montiel\"},\"description\":\"Licenciatura en Ciencias de la Comunicaci\u00f3n Social, egresado en la Especializaci\u00f3n Derecho Ambiental Desarrollo Sostenible y Sustentable, Miembro de la Comunidad de profesionales y experto para Latinoam\u00e9rica y el Caribe en Gesti\u00f3n por Resultado en el Desarrollo (COPLAC - GpRD) del Banco Interamericano de Desarrollo, experiencia en medios radiales y escritos.\",\"sameAs\":[\"https:\/\/x.com\/gdgregori1\",\"gquintana\"],\"url\":\"https:\/\/noti-america.com\/site\/ecuador\/author\/gquintana\/\"}]}<\/script>\n<!-- \/ Yoast SEO Premium plugin. -->","yoast_head_json":{"title":"Panader\u00eda California con promociones por el D\u00eda de la Madre - Ecuador | Noti-America.com","robots":{"index":"index","follow":"follow","max-snippet":"max-snippet:-1","max-image-preview":"max-image-preview:large","max-video-preview":"max-video-preview:-1"},"canonical":"https:\/\/noti-america.com\/site\/ecuador\/2023\/05\/04\/panaderias-con-promociones-por-el-dia-de-la-madre\/","og_locale":"es_ES","og_type":"article","og_title":"Panader\u00eda California con promociones por el D\u00eda de la Madre","og_description":"REDACCI\u00d3N NOTI-AM\u00c9RICA\u00a0(ECUADOR) AUTOR: Henry Garrido. Panader\u00eda y Pasteler\u00eda California, con 8 d\u00e9cadas de experiencia en el mercado ecuatoriano, ha venido brindando a sus consumidores productos de calidad. Es por ello que en el marco&#46;&#46;&#46;","og_url":"https:\/\/noti-america.com\/site\/ecuador\/2023\/05\/04\/panaderias-con-promociones-por-el-dia-de-la-madre\/","og_site_name":"Ecuador | Noti-America.com","article_published_time":"2023-05-04T00:34:56+00:00","article_modified_time":"2023-05-04T03:18:21+00:00","og_image":[{"width":1600,"height":769,"url":"https:\/\/noti-america.com\/site\/ecuador\/wp-content\/uploads\/sites\/18\/2023\/05\/de86b31e-2cfe-470b-80d0-e7f2482cbbb4.jpg","type":"image\/jpeg"}],"author":"Gregory Quintana Montiel","twitter_card":"summary_large_image","twitter_creator":"@gdgregori1","twitter_site":"@notiamerica","twitter_misc":{"Escrito por":"Gregory Quintana Montiel","Tiempo estimado de lectura":"2 minutos"},"schema":{"@context":"https:\/\/schema.org","@graph":[{"@type":"Article","@id":"https:\/\/noti-america.com\/site\/ecuador\/2023\/05\/04\/panaderias-con-promociones-por-el-dia-de-la-madre\/#article","isPartOf":{"@id":"https:\/\/noti-america.com\/site\/ecuador\/2023\/05\/04\/panaderias-con-promociones-por-el-dia-de-la-madre\/"},"author":{"name":"Gregory Quintana Montiel","@id":"https:\/\/noti-america.com\/site\/ecuador\/#\/schema\/person\/3b975e42f15abfe64bfe3abdd916efda"},"headline":"Panader\u00eda California con promociones por el D\u00eda de la Madre","datePublished":"2023-05-04T00:34:56+00:00","dateModified":"2023-05-04T03:18:21+00:00","mainEntityOfPage":{"@id":"https:\/\/noti-america.com\/site\/ecuador\/2023\/05\/04\/panaderias-con-promociones-por-el-dia-de-la-madre\/"},"wordCount":276,"commentCount":0,"publisher":{"@id":"https:\/\/noti-america.com\/site\/ecuador\/#organization"},"image":{"@id":"https:\/\/noti-america.com\/site\/ecuador\/2023\/05\/04\/panaderias-con-promociones-por-el-dia-de-la-madre\/#primaryimage"},"thumbnailUrl":"https:\/\/noti-america.com\/site\/ecuador\/wp-content\/uploads\/sites\/18\/2023\/05\/de86b31e-2cfe-470b-80d0-e7f2482cbbb4.jpg","articleSection":["Actualidad"],"inLanguage":"es","potentialAction":[{"@type":"CommentAction","name":"Comment","target":["https:\/\/noti-america.com\/site\/ecuador\/2023\/05\/04\/panaderias-con-promociones-por-el-dia-de-la-madre\/#respond"]}]},{"@type":"WebPage","@id":"https:\/\/noti-america.com\/site\/ecuador\/2023\/05\/04\/panaderias-con-promociones-por-el-dia-de-la-madre\/","url":"https:\/\/noti-america.com\/site\/ecuador\/2023\/05\/04\/panaderias-con-promociones-por-el-dia-de-la-madre\/","name":"Panader\u00eda California con promociones por el D\u00eda de la Madre - Ecuador | Noti-America.com","isPartOf":{"@id":"https:\/\/noti-america.com\/site\/ecuador\/#website"},"primaryImageOfPage":{"@id":"https:\/\/noti-america.com\/site\/ecuador\/2023\/05\/04\/panaderias-con-promociones-por-el-dia-de-la-madre\/#primaryimage"},"image":{"@id":"https:\/\/noti-america.com\/site\/ecuador\/2023\/05\/04\/panaderias-con-promociones-por-el-dia-de-la-madre\/#primaryimage"},"thumbnailUrl":"https:\/\/noti-america.com\/site\/ecuador\/wp-content\/uploads\/sites\/18\/2023\/05\/de86b31e-2cfe-470b-80d0-e7f2482cbbb4.jpg","datePublished":"2023-05-04T00:34:56+00:00","dateModified":"2023-05-04T03:18:21+00:00","breadcrumb":{"@id":"https:\/\/noti-america.com\/site\/ecuador\/2023\/05\/04\/panaderias-con-promociones-por-el-dia-de-la-madre\/#breadcrumb"},"inLanguage":"es","potentialAction":[{"@type":"ReadAction","target":["https:\/\/noti-america.com\/site\/ecuador\/2023\/05\/04\/panaderias-con-promociones-por-el-dia-de-la-madre\/"]}]},{"@type":"ImageObject","inLanguage":"es","@id":"https:\/\/noti-america.com\/site\/ecuador\/2023\/05\/04\/panaderias-con-promociones-por-el-dia-de-la-madre\/#primaryimage","url":"https:\/\/noti-america.com\/site\/ecuador\/wp-content\/uploads\/sites\/18\/2023\/05\/de86b31e-2cfe-470b-80d0-e7f2482cbbb4.jpg","contentUrl":"https:\/\/noti-america.com\/site\/ecuador\/wp-content\/uploads\/sites\/18\/2023\/05\/de86b31e-2cfe-470b-80d0-e7f2482cbbb4.jpg","width":1600,"height":769,"caption":"En este mes de mayo panader\u00eda California ofrecer\u00e1 16 modelos de tortas."},{"@type":"BreadcrumbList","@id":"https:\/\/noti-america.com\/site\/ecuador\/2023\/05\/04\/panaderias-con-promociones-por-el-dia-de-la-madre\/#breadcrumb","itemListElement":[{"@type":"ListItem","position":1,"name":"Portada","item":"https:\/\/noti-america.com\/site\/ecuador\/"},{"@type":"ListItem","position":2,"name":"Panader\u00eda California con promociones por el D\u00eda de la Madre"}]},{"@type":"WebSite","@id":"https:\/\/noti-america.com\/site\/ecuador\/#website","url":"https:\/\/noti-america.com\/site\/ecuador\/","name":"Ecuador | Noti-America.com","description":"","publisher":{"@id":"https:\/\/noti-america.com\/site\/ecuador\/#organization"},"potentialAction":[{"@type":"SearchAction","target":{"@type":"EntryPoint","urlTemplate":"https:\/\/noti-america.com\/site\/ecuador\/?s={search_term_string}"},"query-input":{"@type":"PropertyValueSpecification","valueRequired":true,"valueName":"search_term_string"}}],"inLanguage":"es"},{"@type":"Organization","@id":"https:\/\/noti-america.com\/site\/ecuador\/#organization","name":"Noti-America LLC | Ecuador","url":"https:\/\/noti-america.com\/site\/ecuador\/","logo":{"@type":"ImageObject","inLanguage":"es","@id":"https:\/\/noti-america.com\/site\/ecuador\/#\/schema\/logo\/image\/","url":"https:\/\/noti-america.com\/site\/ecuador\/wp-content\/uploads\/sites\/18\/2020\/07\/LogoNA-4x3-1.jpg","contentUrl":"https:\/\/noti-america.com\/site\/ecuador\/wp-content\/uploads\/sites\/18\/2020\/07\/LogoNA-4x3-1.jpg","width":1236,"height":1080,"caption":"Noti-America LLC | Ecuador"},"image":{"@id":"https:\/\/noti-america.com\/site\/ecuador\/#\/schema\/logo\/image\/"},"sameAs":["https:\/\/x.com\/notiamerica"]},{"@type":"Person","@id":"https:\/\/noti-america.com\/site\/ecuador\/#\/schema\/person\/3b975e42f15abfe64bfe3abdd916efda","name":"Gregory Quintana Montiel","image":{"@type":"ImageObject","inLanguage":"es","@id":"https:\/\/secure.gravatar.com\/avatar\/2d6b802f7720c2ec7744dcbe608cc2f3417aeb964d58b443c6d612b77531de1d?s=96&d=mm&r=g","url":"https:\/\/secure.gravatar.com\/avatar\/2d6b802f7720c2ec7744dcbe608cc2f3417aeb964d58b443c6d612b77531de1d?s=96&d=mm&r=g","contentUrl":"https:\/\/secure.gravatar.com\/avatar\/2d6b802f7720c2ec7744dcbe608cc2f3417aeb964d58b443c6d612b77531de1d?s=96&d=mm&r=g","caption":"Gregory Quintana Montiel"},"description":"Licenciatura en Ciencias de la Comunicaci\u00f3n Social, egresado en la Especializaci\u00f3n Derecho Ambiental Desarrollo Sostenible y Sustentable, Miembro de la Comunidad de profesionales y experto para Latinoam\u00e9rica y el Caribe en Gesti\u00f3n por Resultado en el Desarrollo (COPLAC - GpRD) del Banco Interamericano de Desarrollo, experiencia en medios radiales y escritos.","sameAs":["https:\/\/x.com\/gdgregori1","gquintana"],"url":"https:\/\/noti-america.com\/site\/ecuador\/author\/gquintana\/"}]}},"_links":{"self":[{"href":"https:\/\/noti-america.com\/site\/ecuador\/wp-json\/wp\/v2\/posts\/24953","targetHints":{"allow":["GET"]}}],"collection":[{"href":"https:\/\/noti-america.com\/site\/ecuador\/wp-json\/wp\/v2\/posts"}],"about":[{"href":"https:\/\/noti-america.com\/site\/ecuador\/wp-json\/wp\/v2\/types\/post"}],"author":[{"embeddable":true,"href":"https:\/\/noti-america.com\/site\/ecuador\/wp-json\/wp\/v2\/users\/17"}],"replies":[{"embeddable":true,"href":"https:\/\/noti-america.com\/site\/ecuador\/wp-json\/wp\/v2\/comments?post=24953"}],"version-history":[{"count":4,"href":"https:\/\/noti-america.com\/site\/ecuador\/wp-json\/wp\/v2\/posts\/24953\/revisions"}],"predecessor-version":[{"id":24974,"href":"https:\/\/noti-america.com\/site\/ecuador\/wp-json\/wp\/v2\/posts\/24953\/revisions\/24974"}],"wp:featuredmedia":[{"embeddable":true,"href":"https:\/\/noti-america.com\/site\/ecuador\/wp-json\/wp\/v2\/media\/24956"}],"wp:attachment":[{"href":"https:\/\/noti-america.com\/site\/ecuador\/wp-json\/wp\/v2\/media?parent=24953"}],"wp:term":[{"taxonomy":"category","embeddable":true,"href":"https:\/\/noti-america.com\/site\/ecuador\/wp-json\/wp\/v2\/categories?post=24953"},{"taxonomy":"post_tag","embeddable":true,"href":"https:\/\/noti-america.com\/site\/ecuador\/wp-json\/wp\/v2\/tags?post=24953"}],"curies":[{"name":"wp","href":"https:\/\/api.w.org\/{rel}","templated":true}]}}