{"id":24865,"date":"2023-04-26T02:04:34","date_gmt":"2023-04-26T02:04:34","guid":{"rendered":"https:\/\/noti-america.com\/site\/ecuador\/2023\/04\/26\/mall-del-sol-ofrece-vasos-reutilizables-para-proteger-el-medio-ambiente-2\/"},"modified":"2023-04-26T02:44:37","modified_gmt":"2023-04-26T02:44:37","slug":"mall-del-sol-ofrece-vasos-reutilizables-para-proteger-el-medio-ambiente-2","status":"publish","type":"post","link":"https:\/\/noti-america.com\/site\/ecuador\/2023\/04\/26\/mall-del-sol-ofrece-vasos-reutilizables-para-proteger-el-medio-ambiente-2\/","title":{"rendered":"Mall del Sol ofrece vasos reutilizables para proteger el medio ambiente"},"content":{"rendered":"<p>REDACCI\u00d3N NOTI-AM\u00c9RICA\u00a0<strong>(ECUADOR).<\/strong><\/p>\n<p><img loading=\"lazy\" decoding=\"async\" class=\"size-medium wp-image-24863 aligncenter\" src=\"https:\/\/noti-america.com\/site\/ecuador\/wp-content\/uploads\/sites\/18\/2023\/04\/IMG-20230425-WA00541-300x200.jpg\" alt=\"\" width=\"300\" height=\"200\" srcset=\"https:\/\/noti-america.com\/site\/ecuador\/wp-content\/uploads\/sites\/18\/2023\/04\/IMG-20230425-WA00541-300x200.jpg 300w, https:\/\/noti-america.com\/site\/ecuador\/wp-content\/uploads\/sites\/18\/2023\/04\/IMG-20230425-WA00541-1024x683.jpg 1024w, https:\/\/noti-america.com\/site\/ecuador\/wp-content\/uploads\/sites\/18\/2023\/04\/IMG-20230425-WA00541-768x512.jpg 768w, https:\/\/noti-america.com\/site\/ecuador\/wp-content\/uploads\/sites\/18\/2023\/04\/IMG-20230425-WA00541-1536x1024.jpg 1536w, https:\/\/noti-america.com\/site\/ecuador\/wp-content\/uploads\/sites\/18\/2023\/04\/IMG-20230425-WA00541-600x400.jpg 600w, https:\/\/noti-america.com\/site\/ecuador\/wp-content\/uploads\/sites\/18\/2023\/04\/IMG-20230425-WA00541-272x182.jpg 272w, https:\/\/noti-america.com\/site\/ecuador\/wp-content\/uploads\/sites\/18\/2023\/04\/IMG-20230425-WA00541.jpg 1599w\" sizes=\"auto, (max-width: 300px) 100vw, 300px\" \/><\/p>\n<p style=\"text-align: justify\">El centro comercial Mall del Sol, buscando el beneficio del ecosistema, puso desde esta semana a disposici\u00f3n de sus clientes de los patios de comidas 5 mil vasos reutilizables para evitar el uso de 2.000 vasos de pl\u00e1sticos diarios.<br \/>\nYa el a\u00f1o pasado cambi\u00f3 los platos pl\u00e1sticos de un solo uso por vajillas de cer\u00e1mica y cubiertos de acero inoxidable reutilizables para impactar positivamente al planeta tierra. Con esa acci\u00f3n durante el a\u00f1o se evit\u00f3 el uso de 1\u2019352.671 platos y 2\u2019240.694 cubiertos pl\u00e1sticos.<br \/>\n\u201cLa implementaci\u00f3n de EcoSpot de Mall del Sol ha sido una gran apuesta para los usuarios y para el planeta. Hemos logrado aportar significativamente al bienestar del medioambiente convirti\u00e9ndonos en un punto sostenible de la ciudad\u201d, mencion\u00f3 la gerente comercial de Mall del Sol, Sof\u00eda Naranjo.<br \/>\nAdem\u00e1s con esta iniciativa se logr\u00f3 recolectar: 28.921 kg. de material reciclable y 372.240 kg. de desechos org\u00e1nicos, que desde noviembre de 2021, una parte de ellos han sido destinados a la cr\u00eda y reproducci\u00f3n de cerdos en el cant\u00f3n San Jacinto de Yaguachi.<br \/>\nCon la campa\u00f1a #ContigoyconelPlaneta de EcoSpot de Mall del Sol, el centro comercial ha sido el primero en Guayaquil en convertir su patio de comidas en un ejemplo de \u00abBasura Cero\u00bb y de \u00abEconom\u00eda Circular\u00bb.<\/p>\n","protected":false},"excerpt":{"rendered":"<p>REDACCI\u00d3N NOTI-AM\u00c9RICA\u00a0(ECUADOR). El centro comercial Mall del Sol, buscando el beneficio del ecosistema, puso desde esta semana a disposici\u00f3n de sus clientes de los patios de comidas 5 mil vasos reutilizables para evitar el&#46;&#46;&#46;<\/p>\n","protected":false},"author":81,"featured_media":24866,"comment_status":"open","ping_status":"open","sticky":false,"template":"","format":"standard","meta":{"_acf_changed":false,"om_disable_all_campaigns":false,"rop_custom_images_group":[],"rop_custom_messages_group":[],"rop_publish_now":"initial","rop_publish_now_accounts":{"twitter_242054905_242054905":""},"rop_publish_now_history":[],"rop_publish_now_status":"pending","_uf_show_specific_survey":0,"_uf_disable_surveys":false,"footnotes":""},"categories":[79,42],"tags":[],"class_list":["post-24865","post","type-post","status-publish","format-standard","has-post-thumbnail","hentry","category-ambiental","category-noticias"],"acf":[],"aioseo_notices":[],"yoast_head":"<!-- This site is optimized with the Yoast SEO Premium plugin v24.9 (Yoast SEO v27.2) - https:\/\/yoast.com\/product\/yoast-seo-premium-wordpress\/ -->\n<title>Mall del Sol ofrece vasos reutilizables para proteger el medio ambiente - Ecuador | Noti-America.com<\/title>\n<meta name=\"robots\" content=\"index, follow, max-snippet:-1, max-image-preview:large, max-video-preview:-1\" \/>\n<link rel=\"canonical\" href=\"https:\/\/noti-america.com\/site\/ecuador\/2023\/04\/26\/mall-del-sol-ofrece-vasos-reutilizables-para-proteger-el-medio-ambiente-2\/\" \/>\n<meta property=\"og:locale\" content=\"es_ES\" \/>\n<meta property=\"og:type\" content=\"article\" \/>\n<meta property=\"og:title\" content=\"Mall del Sol ofrece vasos reutilizables para proteger el medio ambiente\" \/>\n<meta property=\"og:description\" content=\"REDACCI\u00d3N NOTI-AM\u00c9RICA\u00a0(ECUADOR). El centro comercial Mall del Sol, buscando el beneficio del ecosistema, puso desde esta semana a disposici\u00f3n de sus clientes de los patios de comidas 5 mil vasos reutilizables para evitar el&#046;&#046;&#046;\" \/>\n<meta property=\"og:url\" content=\"https:\/\/noti-america.com\/site\/ecuador\/2023\/04\/26\/mall-del-sol-ofrece-vasos-reutilizables-para-proteger-el-medio-ambiente-2\/\" \/>\n<meta property=\"og:site_name\" content=\"Ecuador | Noti-America.com\" \/>\n<meta property=\"article:published_time\" content=\"2023-04-26T02:04:34+00:00\" \/>\n<meta property=\"article:modified_time\" content=\"2023-04-26T02:44:37+00:00\" \/>\n<meta property=\"og:image\" content=\"https:\/\/noti-america.com\/site\/ecuador\/wp-content\/uploads\/sites\/18\/2023\/04\/IMG-20230425-WA00541.jpg\" \/>\n\t<meta property=\"og:image:width\" content=\"1599\" \/>\n\t<meta property=\"og:image:height\" content=\"1066\" \/>\n\t<meta property=\"og:image:type\" content=\"image\/jpeg\" \/>\n<meta name=\"author\" content=\"Boris Moyano\" \/>\n<meta name=\"twitter:card\" content=\"summary_large_image\" \/>\n<meta name=\"twitter:creator\" content=\"@notiamerica\" \/>\n<meta name=\"twitter:site\" content=\"@notiamerica\" \/>\n<meta name=\"twitter:label1\" content=\"Escrito por\" \/>\n\t<meta name=\"twitter:data1\" content=\"Boris Moyano\" \/>\n\t<meta name=\"twitter:label2\" content=\"Tiempo estimado de lectura\" \/>\n\t<meta name=\"twitter:data2\" content=\"2 minutos\" \/>\n<script type=\"application\/ld+json\" class=\"yoast-schema-graph\">{\"@context\":\"https:\/\/schema.org\",\"@graph\":[{\"@type\":\"Article\",\"@id\":\"https:\/\/noti-america.com\/site\/ecuador\/2023\/04\/26\/mall-del-sol-ofrece-vasos-reutilizables-para-proteger-el-medio-ambiente-2\/#article\",\"isPartOf\":{\"@id\":\"https:\/\/noti-america.com\/site\/ecuador\/2023\/04\/26\/mall-del-sol-ofrece-vasos-reutilizables-para-proteger-el-medio-ambiente-2\/\"},\"author\":{\"name\":\"Boris Moyano\",\"@id\":\"https:\/\/noti-america.com\/site\/ecuador\/#\/schema\/person\/063740b70e1baad7ce400b3b8bd8b8e3\"},\"headline\":\"Mall del Sol ofrece vasos reutilizables para proteger el medio ambiente\",\"datePublished\":\"2023-04-26T02:04:34+00:00\",\"dateModified\":\"2023-04-26T02:44:37+00:00\",\"mainEntityOfPage\":{\"@id\":\"https:\/\/noti-america.com\/site\/ecuador\/2023\/04\/26\/mall-del-sol-ofrece-vasos-reutilizables-para-proteger-el-medio-ambiente-2\/\"},\"wordCount\":236,\"commentCount\":0,\"publisher\":{\"@id\":\"https:\/\/noti-america.com\/site\/ecuador\/#organization\"},\"image\":{\"@id\":\"https:\/\/noti-america.com\/site\/ecuador\/2023\/04\/26\/mall-del-sol-ofrece-vasos-reutilizables-para-proteger-el-medio-ambiente-2\/#primaryimage\"},\"thumbnailUrl\":\"https:\/\/noti-america.com\/site\/ecuador\/wp-content\/uploads\/sites\/18\/2023\/04\/IMG-20230425-WA00541.jpg\",\"articleSection\":[\"Ambiental\",\"Noticias\"],\"inLanguage\":\"es\",\"potentialAction\":[{\"@type\":\"CommentAction\",\"name\":\"Comment\",\"target\":[\"https:\/\/noti-america.com\/site\/ecuador\/2023\/04\/26\/mall-del-sol-ofrece-vasos-reutilizables-para-proteger-el-medio-ambiente-2\/#respond\"]}]},{\"@type\":\"WebPage\",\"@id\":\"https:\/\/noti-america.com\/site\/ecuador\/2023\/04\/26\/mall-del-sol-ofrece-vasos-reutilizables-para-proteger-el-medio-ambiente-2\/\",\"url\":\"https:\/\/noti-america.com\/site\/ecuador\/2023\/04\/26\/mall-del-sol-ofrece-vasos-reutilizables-para-proteger-el-medio-ambiente-2\/\",\"name\":\"Mall del Sol ofrece vasos reutilizables para proteger el medio ambiente - Ecuador | Noti-America.com\",\"isPartOf\":{\"@id\":\"https:\/\/noti-america.com\/site\/ecuador\/#website\"},\"primaryImageOfPage\":{\"@id\":\"https:\/\/noti-america.com\/site\/ecuador\/2023\/04\/26\/mall-del-sol-ofrece-vasos-reutilizables-para-proteger-el-medio-ambiente-2\/#primaryimage\"},\"image\":{\"@id\":\"https:\/\/noti-america.com\/site\/ecuador\/2023\/04\/26\/mall-del-sol-ofrece-vasos-reutilizables-para-proteger-el-medio-ambiente-2\/#primaryimage\"},\"thumbnailUrl\":\"https:\/\/noti-america.com\/site\/ecuador\/wp-content\/uploads\/sites\/18\/2023\/04\/IMG-20230425-WA00541.jpg\",\"datePublished\":\"2023-04-26T02:04:34+00:00\",\"dateModified\":\"2023-04-26T02:44:37+00:00\",\"breadcrumb\":{\"@id\":\"https:\/\/noti-america.com\/site\/ecuador\/2023\/04\/26\/mall-del-sol-ofrece-vasos-reutilizables-para-proteger-el-medio-ambiente-2\/#breadcrumb\"},\"inLanguage\":\"es\",\"potentialAction\":[{\"@type\":\"ReadAction\",\"target\":[\"https:\/\/noti-america.com\/site\/ecuador\/2023\/04\/26\/mall-del-sol-ofrece-vasos-reutilizables-para-proteger-el-medio-ambiente-2\/\"]}]},{\"@type\":\"ImageObject\",\"inLanguage\":\"es\",\"@id\":\"https:\/\/noti-america.com\/site\/ecuador\/2023\/04\/26\/mall-del-sol-ofrece-vasos-reutilizables-para-proteger-el-medio-ambiente-2\/#primaryimage\",\"url\":\"https:\/\/noti-america.com\/site\/ecuador\/wp-content\/uploads\/sites\/18\/2023\/04\/IMG-20230425-WA00541.jpg\",\"contentUrl\":\"https:\/\/noti-america.com\/site\/ecuador\/wp-content\/uploads\/sites\/18\/2023\/04\/IMG-20230425-WA00541.jpg\",\"width\":1599,\"height\":1066},{\"@type\":\"BreadcrumbList\",\"@id\":\"https:\/\/noti-america.com\/site\/ecuador\/2023\/04\/26\/mall-del-sol-ofrece-vasos-reutilizables-para-proteger-el-medio-ambiente-2\/#breadcrumb\",\"itemListElement\":[{\"@type\":\"ListItem\",\"position\":1,\"name\":\"Portada\",\"item\":\"https:\/\/noti-america.com\/site\/ecuador\/\"},{\"@type\":\"ListItem\",\"position\":2,\"name\":\"Mall del Sol ofrece vasos reutilizables para proteger el medio ambiente\"}]},{\"@type\":\"WebSite\",\"@id\":\"https:\/\/noti-america.com\/site\/ecuador\/#website\",\"url\":\"https:\/\/noti-america.com\/site\/ecuador\/\",\"name\":\"Ecuador | Noti-America.com\",\"description\":\"\",\"publisher\":{\"@id\":\"https:\/\/noti-america.com\/site\/ecuador\/#organization\"},\"potentialAction\":[{\"@type\":\"SearchAction\",\"target\":{\"@type\":\"EntryPoint\",\"urlTemplate\":\"https:\/\/noti-america.com\/site\/ecuador\/?s={search_term_string}\"},\"query-input\":{\"@type\":\"PropertyValueSpecification\",\"valueRequired\":true,\"valueName\":\"search_term_string\"}}],\"inLanguage\":\"es\"},{\"@type\":\"Organization\",\"@id\":\"https:\/\/noti-america.com\/site\/ecuador\/#organization\",\"name\":\"Noti-America LLC | Ecuador\",\"url\":\"https:\/\/noti-america.com\/site\/ecuador\/\",\"logo\":{\"@type\":\"ImageObject\",\"inLanguage\":\"es\",\"@id\":\"https:\/\/noti-america.com\/site\/ecuador\/#\/schema\/logo\/image\/\",\"url\":\"https:\/\/noti-america.com\/site\/ecuador\/wp-content\/uploads\/sites\/18\/2020\/07\/LogoNA-4x3-1.jpg\",\"contentUrl\":\"https:\/\/noti-america.com\/site\/ecuador\/wp-content\/uploads\/sites\/18\/2020\/07\/LogoNA-4x3-1.jpg\",\"width\":1236,\"height\":1080,\"caption\":\"Noti-America LLC | Ecuador\"},\"image\":{\"@id\":\"https:\/\/noti-america.com\/site\/ecuador\/#\/schema\/logo\/image\/\"},\"sameAs\":[\"https:\/\/x.com\/notiamerica\"]},{\"@type\":\"Person\",\"@id\":\"https:\/\/noti-america.com\/site\/ecuador\/#\/schema\/person\/063740b70e1baad7ce400b3b8bd8b8e3\",\"name\":\"Boris Moyano\",\"image\":{\"@type\":\"ImageObject\",\"inLanguage\":\"es\",\"@id\":\"https:\/\/secure.gravatar.com\/avatar\/1635fd8d206bae736e855dfe91602736d1ea92af1a7f3fa7f62c848f245a1404?s=96&d=mm&r=g\",\"url\":\"https:\/\/secure.gravatar.com\/avatar\/1635fd8d206bae736e855dfe91602736d1ea92af1a7f3fa7f62c848f245a1404?s=96&d=mm&r=g\",\"contentUrl\":\"https:\/\/secure.gravatar.com\/avatar\/1635fd8d206bae736e855dfe91602736d1ea92af1a7f3fa7f62c848f245a1404?s=96&d=mm&r=g\",\"caption\":\"Boris Moyano\"},\"url\":\"https:\/\/noti-america.com\/site\/ecuador\/author\/bmoyano\/\"}]}<\/script>\n<!-- \/ Yoast SEO Premium plugin. -->","yoast_head_json":{"title":"Mall del Sol ofrece vasos reutilizables para proteger el medio ambiente - Ecuador | Noti-America.com","robots":{"index":"index","follow":"follow","max-snippet":"max-snippet:-1","max-image-preview":"max-image-preview:large","max-video-preview":"max-video-preview:-1"},"canonical":"https:\/\/noti-america.com\/site\/ecuador\/2023\/04\/26\/mall-del-sol-ofrece-vasos-reutilizables-para-proteger-el-medio-ambiente-2\/","og_locale":"es_ES","og_type":"article","og_title":"Mall del Sol ofrece vasos reutilizables para proteger el medio ambiente","og_description":"REDACCI\u00d3N NOTI-AM\u00c9RICA\u00a0(ECUADOR). El centro comercial Mall del Sol, buscando el beneficio del ecosistema, puso desde esta semana a disposici\u00f3n de sus clientes de los patios de comidas 5 mil vasos reutilizables para evitar el&#46;&#46;&#46;","og_url":"https:\/\/noti-america.com\/site\/ecuador\/2023\/04\/26\/mall-del-sol-ofrece-vasos-reutilizables-para-proteger-el-medio-ambiente-2\/","og_site_name":"Ecuador | Noti-America.com","article_published_time":"2023-04-26T02:04:34+00:00","article_modified_time":"2023-04-26T02:44:37+00:00","og_image":[{"width":1599,"height":1066,"url":"https:\/\/noti-america.com\/site\/ecuador\/wp-content\/uploads\/sites\/18\/2023\/04\/IMG-20230425-WA00541.jpg","type":"image\/jpeg"}],"author":"Boris Moyano","twitter_card":"summary_large_image","twitter_creator":"@notiamerica","twitter_site":"@notiamerica","twitter_misc":{"Escrito por":"Boris Moyano","Tiempo estimado de lectura":"2 minutos"},"schema":{"@context":"https:\/\/schema.org","@graph":[{"@type":"Article","@id":"https:\/\/noti-america.com\/site\/ecuador\/2023\/04\/26\/mall-del-sol-ofrece-vasos-reutilizables-para-proteger-el-medio-ambiente-2\/#article","isPartOf":{"@id":"https:\/\/noti-america.com\/site\/ecuador\/2023\/04\/26\/mall-del-sol-ofrece-vasos-reutilizables-para-proteger-el-medio-ambiente-2\/"},"author":{"name":"Boris Moyano","@id":"https:\/\/noti-america.com\/site\/ecuador\/#\/schema\/person\/063740b70e1baad7ce400b3b8bd8b8e3"},"headline":"Mall del Sol ofrece vasos reutilizables para proteger el medio ambiente","datePublished":"2023-04-26T02:04:34+00:00","dateModified":"2023-04-26T02:44:37+00:00","mainEntityOfPage":{"@id":"https:\/\/noti-america.com\/site\/ecuador\/2023\/04\/26\/mall-del-sol-ofrece-vasos-reutilizables-para-proteger-el-medio-ambiente-2\/"},"wordCount":236,"commentCount":0,"publisher":{"@id":"https:\/\/noti-america.com\/site\/ecuador\/#organization"},"image":{"@id":"https:\/\/noti-america.com\/site\/ecuador\/2023\/04\/26\/mall-del-sol-ofrece-vasos-reutilizables-para-proteger-el-medio-ambiente-2\/#primaryimage"},"thumbnailUrl":"https:\/\/noti-america.com\/site\/ecuador\/wp-content\/uploads\/sites\/18\/2023\/04\/IMG-20230425-WA00541.jpg","articleSection":["Ambiental","Noticias"],"inLanguage":"es","potentialAction":[{"@type":"CommentAction","name":"Comment","target":["https:\/\/noti-america.com\/site\/ecuador\/2023\/04\/26\/mall-del-sol-ofrece-vasos-reutilizables-para-proteger-el-medio-ambiente-2\/#respond"]}]},{"@type":"WebPage","@id":"https:\/\/noti-america.com\/site\/ecuador\/2023\/04\/26\/mall-del-sol-ofrece-vasos-reutilizables-para-proteger-el-medio-ambiente-2\/","url":"https:\/\/noti-america.com\/site\/ecuador\/2023\/04\/26\/mall-del-sol-ofrece-vasos-reutilizables-para-proteger-el-medio-ambiente-2\/","name":"Mall del Sol ofrece vasos reutilizables para proteger el medio ambiente - Ecuador | Noti-America.com","isPartOf":{"@id":"https:\/\/noti-america.com\/site\/ecuador\/#website"},"primaryImageOfPage":{"@id":"https:\/\/noti-america.com\/site\/ecuador\/2023\/04\/26\/mall-del-sol-ofrece-vasos-reutilizables-para-proteger-el-medio-ambiente-2\/#primaryimage"},"image":{"@id":"https:\/\/noti-america.com\/site\/ecuador\/2023\/04\/26\/mall-del-sol-ofrece-vasos-reutilizables-para-proteger-el-medio-ambiente-2\/#primaryimage"},"thumbnailUrl":"https:\/\/noti-america.com\/site\/ecuador\/wp-content\/uploads\/sites\/18\/2023\/04\/IMG-20230425-WA00541.jpg","datePublished":"2023-04-26T02:04:34+00:00","dateModified":"2023-04-26T02:44:37+00:00","breadcrumb":{"@id":"https:\/\/noti-america.com\/site\/ecuador\/2023\/04\/26\/mall-del-sol-ofrece-vasos-reutilizables-para-proteger-el-medio-ambiente-2\/#breadcrumb"},"inLanguage":"es","potentialAction":[{"@type":"ReadAction","target":["https:\/\/noti-america.com\/site\/ecuador\/2023\/04\/26\/mall-del-sol-ofrece-vasos-reutilizables-para-proteger-el-medio-ambiente-2\/"]}]},{"@type":"ImageObject","inLanguage":"es","@id":"https:\/\/noti-america.com\/site\/ecuador\/2023\/04\/26\/mall-del-sol-ofrece-vasos-reutilizables-para-proteger-el-medio-ambiente-2\/#primaryimage","url":"https:\/\/noti-america.com\/site\/ecuador\/wp-content\/uploads\/sites\/18\/2023\/04\/IMG-20230425-WA00541.jpg","contentUrl":"https:\/\/noti-america.com\/site\/ecuador\/wp-content\/uploads\/sites\/18\/2023\/04\/IMG-20230425-WA00541.jpg","width":1599,"height":1066},{"@type":"BreadcrumbList","@id":"https:\/\/noti-america.com\/site\/ecuador\/2023\/04\/26\/mall-del-sol-ofrece-vasos-reutilizables-para-proteger-el-medio-ambiente-2\/#breadcrumb","itemListElement":[{"@type":"ListItem","position":1,"name":"Portada","item":"https:\/\/noti-america.com\/site\/ecuador\/"},{"@type":"ListItem","position":2,"name":"Mall del Sol ofrece vasos reutilizables para proteger el medio ambiente"}]},{"@type":"WebSite","@id":"https:\/\/noti-america.com\/site\/ecuador\/#website","url":"https:\/\/noti-america.com\/site\/ecuador\/","name":"Ecuador | Noti-America.com","description":"","publisher":{"@id":"https:\/\/noti-america.com\/site\/ecuador\/#organization"},"potentialAction":[{"@type":"SearchAction","target":{"@type":"EntryPoint","urlTemplate":"https:\/\/noti-america.com\/site\/ecuador\/?s={search_term_string}"},"query-input":{"@type":"PropertyValueSpecification","valueRequired":true,"valueName":"search_term_string"}}],"inLanguage":"es"},{"@type":"Organization","@id":"https:\/\/noti-america.com\/site\/ecuador\/#organization","name":"Noti-America LLC | Ecuador","url":"https:\/\/noti-america.com\/site\/ecuador\/","logo":{"@type":"ImageObject","inLanguage":"es","@id":"https:\/\/noti-america.com\/site\/ecuador\/#\/schema\/logo\/image\/","url":"https:\/\/noti-america.com\/site\/ecuador\/wp-content\/uploads\/sites\/18\/2020\/07\/LogoNA-4x3-1.jpg","contentUrl":"https:\/\/noti-america.com\/site\/ecuador\/wp-content\/uploads\/sites\/18\/2020\/07\/LogoNA-4x3-1.jpg","width":1236,"height":1080,"caption":"Noti-America LLC | Ecuador"},"image":{"@id":"https:\/\/noti-america.com\/site\/ecuador\/#\/schema\/logo\/image\/"},"sameAs":["https:\/\/x.com\/notiamerica"]},{"@type":"Person","@id":"https:\/\/noti-america.com\/site\/ecuador\/#\/schema\/person\/063740b70e1baad7ce400b3b8bd8b8e3","name":"Boris Moyano","image":{"@type":"ImageObject","inLanguage":"es","@id":"https:\/\/secure.gravatar.com\/avatar\/1635fd8d206bae736e855dfe91602736d1ea92af1a7f3fa7f62c848f245a1404?s=96&d=mm&r=g","url":"https:\/\/secure.gravatar.com\/avatar\/1635fd8d206bae736e855dfe91602736d1ea92af1a7f3fa7f62c848f245a1404?s=96&d=mm&r=g","contentUrl":"https:\/\/secure.gravatar.com\/avatar\/1635fd8d206bae736e855dfe91602736d1ea92af1a7f3fa7f62c848f245a1404?s=96&d=mm&r=g","caption":"Boris Moyano"},"url":"https:\/\/noti-america.com\/site\/ecuador\/author\/bmoyano\/"}]}},"_links":{"self":[{"href":"https:\/\/noti-america.com\/site\/ecuador\/wp-json\/wp\/v2\/posts\/24865","targetHints":{"allow":["GET"]}}],"collection":[{"href":"https:\/\/noti-america.com\/site\/ecuador\/wp-json\/wp\/v2\/posts"}],"about":[{"href":"https:\/\/noti-america.com\/site\/ecuador\/wp-json\/wp\/v2\/types\/post"}],"author":[{"embeddable":true,"href":"https:\/\/noti-america.com\/site\/ecuador\/wp-json\/wp\/v2\/users\/81"}],"replies":[{"embeddable":true,"href":"https:\/\/noti-america.com\/site\/ecuador\/wp-json\/wp\/v2\/comments?post=24865"}],"version-history":[{"count":1,"href":"https:\/\/noti-america.com\/site\/ecuador\/wp-json\/wp\/v2\/posts\/24865\/revisions"}],"predecessor-version":[{"id":24868,"href":"https:\/\/noti-america.com\/site\/ecuador\/wp-json\/wp\/v2\/posts\/24865\/revisions\/24868"}],"wp:featuredmedia":[{"embeddable":true,"href":"https:\/\/noti-america.com\/site\/ecuador\/wp-json\/wp\/v2\/media\/24866"}],"wp:attachment":[{"href":"https:\/\/noti-america.com\/site\/ecuador\/wp-json\/wp\/v2\/media?parent=24865"}],"wp:term":[{"taxonomy":"category","embeddable":true,"href":"https:\/\/noti-america.com\/site\/ecuador\/wp-json\/wp\/v2\/categories?post=24865"},{"taxonomy":"post_tag","embeddable":true,"href":"https:\/\/noti-america.com\/site\/ecuador\/wp-json\/wp\/v2\/tags?post=24865"}],"curies":[{"name":"wp","href":"https:\/\/api.w.org\/{rel}","templated":true}]}}