{"id":24816,"date":"2023-04-23T16:47:27","date_gmt":"2023-04-23T16:47:27","guid":{"rendered":"https:\/\/noti-america.com\/site\/ecuador\/?p=24816"},"modified":"2023-04-23T17:13:37","modified_gmt":"2023-04-23T17:13:37","slug":"por-que-los-pueblos-indigenas-pueden-contribuir-a-salvar-el-planeta","status":"publish","type":"post","link":"https:\/\/noti-america.com\/site\/ecuador\/2023\/04\/23\/por-que-los-pueblos-indigenas-pueden-contribuir-a-salvar-el-planeta\/","title":{"rendered":"Por qu\u00e9 los pueblos ind\u00edgenas pueden contribuir a salvar el planeta"},"content":{"rendered":"<p>REDACCI\u00d3N NOTI AM\u00c9RICA <span style=\"color: #000000\"><strong>(ECUADOR)<\/strong><\/span><\/p>\n<section class=\"region region-before-content\">\n<div id=\"block-views-block-story-photo-block-image\" class=\"views-element-container block block-views block-views-block-story-photo-block-image\">\n<div class=\"content block__content\">\n<div class=\"view view-story-photo view-id-story_photo view-display-id-block_image js-view-dom-id-47986ce302350f12569817a5290678f97578d5a8283d5a2abbab223ebe34237d\">\n<div class=\"view-content\">\n<div class=\"views-row\">\n<div class=\"node node--type-interview node--promoted node--view-mode-top-image clearfix container\" role=\"article\">\n<p class=\"quote\" style=\"text-align: justify\"><em><span style=\"color: #000000\"><strong>En las culturas ind\u00edgenas, observamos la cocina de una mujer. Si tiene una gran variedad de semillas aut\u00f3ctonas, significa que es laboriosa y un miembro valioso de la comunidad. Para nosotros, este es un indicador de riqueza m\u00e1s importante que el dinero.\u00a0 Naw Ei Ei Min , Miembro del pueblo ind\u00edgena Karen de Myanmar ONU\/Conor Lennon<\/strong><\/span><\/em><\/p>\n<div class=\"story-media\">\n<div class=\"media-image\">\n<div class=\"field field--name-field-interview-photo field--type-entity-reference field--label-hidden field__item\" style=\"text-align: justify\">\n<div style=\"width: 1180px\" class=\"wp-caption alignnone\"><img loading=\"lazy\" decoding=\"async\" title=\"Naw Ei Ei Min, miembro del Consejo Ejecutivo del Pacto de los Pueblos Ind\u00edgenas de Asia.\" src=\"https:\/\/global.unitednations.entermediadb.net\/assets\/mediadb\/services\/module\/asset\/downloads\/preset\/Libraries\/Production%20Library\/19-04-2023-Naw-Ei-Ei-Min.jpg\/image1170x530cropped.jpg\" alt=\"Naw Ei Ei Min, miembro del Consejo Ejecutivo del Pacto de los Pueblos Ind\u00edgenas de Asia.\" width=\"1170\" height=\"530\" \/><p class=\"wp-caption-text\">Naw Ei Ei Min, miembro del Consejo Ejecutivo del Pacto de los Pueblos Ind\u00edgenas de Asia.<\/p><\/div>\n<\/div>\n<\/div>\n<\/div>\n<div class=\"story-caption\">\n<div class=\"context-caption_credit type-entermedia_image media media--type-entermedia-image media--view-mode-caption-credit\">\n<div><\/div>\n<blockquote>\n<div class=\"field field--name-field-authors field--type-entity-reference field--label-hidden field__items\" style=\"text-align: justify\"><em>En temas de medio ambiente y de cuestiones relacionadas con la biodiversidad, la influencia de los pueblos ind\u00edgenas es m\u00e1s importante que nunca a nivel internacional, afirma un miembro del pueblo ind\u00edgena Karen de Myanmar.<\/em><\/div>\n<\/blockquote>\n<\/div>\n<\/div>\n<\/div>\n<\/div>\n<\/div>\n<\/div>\n<\/div>\n<\/div>\n<\/section>\n<div id=\"main-wrapper\" class=\"layout-main-wrapper clearfix\">\n<div id=\"main-container\" class=\"container layout-main-container\">\n<div class=\"row row-offcanvas row-offcanvas-left clearfix\"><main id=\"content\" class=\"main-content col-lg-9\" role=\"main\"><\/p>\n<section class=\"section\">\n<div id=\"block-views-block-content-fields-block-body\" class=\"views-element-container block block-views block-views-block-content-fields-block-body\">\n<div class=\"content block__content\">\n<div class=\"view view-content-fields view-id-content_fields view-display-id-block_body js-view-dom-id-ec429e34ce03296ab784cd63219bc2830ffd51a7fcb4c1d9fdb5e6541d6d3f15\">\n<div class=\"view-content\">\n<div class=\"views-row\">\n<div class=\"views-field views-field-field-interview-content\">\n<div class=\"field-content\">\n<div class=\"paragraph paragraph--type--one-column-text paragraph--view-mode--default\">\n<div class=\"lc-section lc-section-853 layoutcomponents-one-column container lc-inline_section-edit\">\n<div class=\"lc-inline_container-section-edit\">\n<div class=\"row lc-container-cols lc-inline_row-edit\">\n<div class=\"lc-inline_column_first-edit layoutcomponent-column col-md\">\n<div class=\"layout-builder__region js-layout-builder-region lc-inline_column_first-content-edit\" data-region=\"first\">\n<div class=\"block block-layout-builder block-field-block-paragraph-one-column-text-field-text-column\">\n<div class=\"content block__content\">\n<div class=\"clearfix text-formatted field field--name-field-text-column field--type-text-long field--label-hidden field__item\">\n<p style=\"text-align: justify\">Con motivo del D\u00eda Internacional de la Madre Tierra, que se celebra cada a\u00f1o el 22 de abril, Naw Ei Ei Min, miembro del pueblo ind\u00edgena Karen de Myanmar, nos explica por qu\u00e9 los pueblos ind\u00edgenas juegan un papel importante en la protecci\u00f3n del medio ambiente y en la lucha contra la crisis clim\u00e1tica.<\/p>\n<p style=\"text-align: justify\">\u00abPara los pueblos ind\u00edgenas, la tierra, el bosque y el agua representan la vida. Dependemos de la naturaleza y cuidamos de nuestro paisaje. La gesti\u00f3n de los recursos naturales es una parte importante de nuestra forma de vida. Por ejemplo, la forma en que utilizamos la rotaci\u00f3n de cultivos, y evitamos los monocultivos plantando varios tipos de cosechas en nuestras tierras.<\/p>\n<p style=\"text-align: justify\">En las culturas ind\u00edgenas, observamos la cocina de una mujer. Si tiene una gran variedad de semillas aut\u00f3ctonas, significa que es laboriosa y un miembro valioso de la comunidad. Para nosotros,\u00a0<strong>este es un indicador de riqueza m\u00e1s importante que el dinero<\/strong>.<\/p>\n<p style=\"text-align: justify\"><span style=\"color: #000000\"><strong>La influencia medioambiental es m\u00e1s importante que nunca<\/strong><\/span><\/p>\n<p style=\"text-align: justify\">Empec\u00e9 trabajando en el Pacto de los Pueblos Ind\u00edgenas de Asia, una organizaci\u00f3n que representa a 14 pa\u00edses del continente y que aboga por las comunidades ind\u00edgenas en la\u00a0<a href=\"https:\/\/www.un.org\/es\/ga\/about\/index.shtml\">Asamblea General<\/a>. Decid\u00ed centrarme en el papel que desempe\u00f1amos en la protecci\u00f3n de la biodiversidad.<\/p>\n<p style=\"text-align: justify\">Cuando se trata del medio ambiente y de cuestiones relacionadas con la biodiversidad, nuestra influencia es m\u00e1s importante que nunca a nivel internacional. En la Convenci\u00f3n Marco de las Naciones Unidas sobre el Cambio Clim\u00e1tico (<a href=\"https:\/\/unfccc.int\/\" target=\"_blank\" rel=\"noopener noreferrer\">UNFCC<\/a>C) existe ahora una plataforma de comunidades locales y pueblos ind\u00edgenas.<\/p>\n<p style=\"text-align: justify\">Es un gran logro para los pueblos ind\u00edgenas, ya que nos proporciona un \u00e1mbito de actuaci\u00f3n para el conocimiento ind\u00edgena y nos permite participar en el proceso de toma de decisiones.<\/p>\n<p style=\"text-align: justify\">Pero estos cambios deben extenderse tambi\u00e9n a nivel nacional, regional y comunitario.\u00a0<strong>El verdadero cambio tiene que producirse sobre el terreno<\/strong>. La compleja forma de negociaci\u00f3n de los acuerdos internacionales a veces no encaja con nuestra forma de comunicarnos; todav\u00eda tiene que haber m\u00e1s equidad, en t\u00e9rminos de nuestra participaci\u00f3n, y conceder la palabra a quienes nos preocupa el cambio clim\u00e1tico.<\/p>\n<p style=\"text-align: justify\"><span style=\"color: #000000\"><strong>La justicia clim\u00e1tica como elemento fundamental<\/strong><\/span><\/p>\n<p style=\"text-align: justify\">La destrucci\u00f3n del entorno natural implica la desaparici\u00f3n de nuestro modo de vida tradicional. Los pueblos ind\u00edgenas sufren los efectos del cambio clim\u00e1tico a diario, sobre el terreno, en sus tierras y en sus comunidades.<\/p>\n<p style=\"text-align: justify\">Nos enfrentamos a las amenazas del cambio clim\u00e1tico, y tambi\u00e9n a la continua explotaci\u00f3n de los recursos naturales.\u00a0<strong>Por eso es tan importante que exista la justicia clim\u00e1tica.<\/strong>\u00a0Si queremos encontrar soluciones duraderas a la crisis, debemos tener en cuenta las opiniones de los pueblos ind\u00edgenas\u00bb.<\/p>\n<p style=\"text-align: justify\">Naw Ei Ei Min representa al continente asi\u00e1tico en el Foro Permanente para las Cuestiones Ind\u00edgenas de las Naciones Unidas. Habl\u00f3 con Noticias ONU durante la 22\u00aa sesi\u00f3n del Foro que se celebra entre el 17 y el 28 de abril en la sede de la Organizaci\u00f3n en Nueva York.<\/p>\n<p><span style=\"color: #000000\"><strong>Fuente: ONU<\/strong><\/span><\/p>\n<\/div>\n<\/div>\n<\/div>\n<\/div>\n<\/div>\n<\/div>\n<\/div>\n<\/div>\n<\/div>\n<\/div>\n<\/div>\n<\/div>\n<\/div>\n<\/div>\n<\/div>\n<\/div>\n<\/section>\n<p><\/main><\/div>\n<\/div>\n<\/div>\n","protected":false},"excerpt":{"rendered":"<p>REDACCI\u00d3N NOTI AM\u00c9RICA (ECUADOR) En las culturas ind\u00edgenas, observamos la cocina de una mujer. Si tiene una gran variedad de semillas aut\u00f3ctonas, significa que es laboriosa y un miembro valioso de la comunidad. Para&#46;&#46;&#46;<\/p>\n","protected":false},"author":17,"featured_media":24817,"comment_status":"open","ping_status":"open","sticky":false,"template":"","format":"standard","meta":{"_acf_changed":false,"om_disable_all_campaigns":false,"rop_custom_images_group":[],"rop_custom_messages_group":[],"rop_publish_now":"initial","rop_publish_now_accounts":{"twitter_242054905_242054905":""},"rop_publish_now_history":[],"rop_publish_now_status":"pending","_uf_show_specific_survey":0,"_uf_disable_surveys":false,"footnotes":""},"categories":[125,4],"tags":[],"class_list":["post-24816","post","type-post","status-publish","format-standard","has-post-thumbnail","hentry","category-actualidad","category-internacionales"],"acf":[],"aioseo_notices":[],"yoast_head":"<!-- This site is optimized with the Yoast SEO Premium plugin v24.9 (Yoast SEO v27.2) - https:\/\/yoast.com\/product\/yoast-seo-premium-wordpress\/ -->\n<title>Por qu\u00e9 los pueblos ind\u00edgenas pueden contribuir a salvar el planeta - Ecuador | Noti-America.com<\/title>\n<meta name=\"robots\" content=\"index, follow, max-snippet:-1, max-image-preview:large, max-video-preview:-1\" \/>\n<link rel=\"canonical\" href=\"https:\/\/noti-america.com\/site\/ecuador\/2023\/04\/23\/por-que-los-pueblos-indigenas-pueden-contribuir-a-salvar-el-planeta\/\" \/>\n<meta property=\"og:locale\" content=\"es_ES\" \/>\n<meta property=\"og:type\" content=\"article\" \/>\n<meta property=\"og:title\" content=\"Por qu\u00e9 los pueblos ind\u00edgenas pueden contribuir a salvar el planeta\" \/>\n<meta property=\"og:description\" content=\"REDACCI\u00d3N NOTI AM\u00c9RICA (ECUADOR) En las culturas ind\u00edgenas, observamos la cocina de una mujer. Si tiene una gran variedad de semillas aut\u00f3ctonas, significa que es laboriosa y un miembro valioso de la comunidad. Para&#046;&#046;&#046;\" \/>\n<meta property=\"og:url\" content=\"https:\/\/noti-america.com\/site\/ecuador\/2023\/04\/23\/por-que-los-pueblos-indigenas-pueden-contribuir-a-salvar-el-planeta\/\" \/>\n<meta property=\"og:site_name\" content=\"Ecuador | Noti-America.com\" \/>\n<meta property=\"article:published_time\" content=\"2023-04-23T16:47:27+00:00\" \/>\n<meta property=\"article:modified_time\" content=\"2023-04-23T17:13:37+00:00\" \/>\n<meta property=\"og:image\" content=\"https:\/\/noti-america.com\/site\/ecuador\/wp-content\/uploads\/sites\/18\/2023\/04\/Naw-Ei-Ei-Min.jpg\" \/>\n\t<meta property=\"og:image:width\" content=\"1170\" \/>\n\t<meta property=\"og:image:height\" content=\"530\" \/>\n\t<meta property=\"og:image:type\" content=\"image\/jpeg\" \/>\n<meta name=\"author\" content=\"Gregory Quintana Montiel\" \/>\n<meta name=\"twitter:card\" content=\"summary_large_image\" \/>\n<meta name=\"twitter:creator\" content=\"@gdgregori1\" \/>\n<meta name=\"twitter:site\" content=\"@notiamerica\" \/>\n<meta name=\"twitter:label1\" content=\"Escrito por\" \/>\n\t<meta name=\"twitter:data1\" content=\"Gregory Quintana Montiel\" \/>\n\t<meta name=\"twitter:label2\" content=\"Tiempo estimado de lectura\" \/>\n\t<meta name=\"twitter:data2\" content=\"3 minutos\" \/>\n<script type=\"application\/ld+json\" class=\"yoast-schema-graph\">{\"@context\":\"https:\/\/schema.org\",\"@graph\":[{\"@type\":\"Article\",\"@id\":\"https:\/\/noti-america.com\/site\/ecuador\/2023\/04\/23\/por-que-los-pueblos-indigenas-pueden-contribuir-a-salvar-el-planeta\/#article\",\"isPartOf\":{\"@id\":\"https:\/\/noti-america.com\/site\/ecuador\/2023\/04\/23\/por-que-los-pueblos-indigenas-pueden-contribuir-a-salvar-el-planeta\/\"},\"author\":{\"name\":\"Gregory Quintana Montiel\",\"@id\":\"https:\/\/noti-america.com\/site\/ecuador\/#\/schema\/person\/3b975e42f15abfe64bfe3abdd916efda\"},\"headline\":\"Por qu\u00e9 los pueblos ind\u00edgenas pueden contribuir a salvar el planeta\",\"datePublished\":\"2023-04-23T16:47:27+00:00\",\"dateModified\":\"2023-04-23T17:13:37+00:00\",\"mainEntityOfPage\":{\"@id\":\"https:\/\/noti-america.com\/site\/ecuador\/2023\/04\/23\/por-que-los-pueblos-indigenas-pueden-contribuir-a-salvar-el-planeta\/\"},\"wordCount\":667,\"commentCount\":0,\"publisher\":{\"@id\":\"https:\/\/noti-america.com\/site\/ecuador\/#organization\"},\"image\":{\"@id\":\"https:\/\/noti-america.com\/site\/ecuador\/2023\/04\/23\/por-que-los-pueblos-indigenas-pueden-contribuir-a-salvar-el-planeta\/#primaryimage\"},\"thumbnailUrl\":\"https:\/\/noti-america.com\/site\/ecuador\/wp-content\/uploads\/sites\/18\/2023\/04\/Naw-Ei-Ei-Min.jpg\",\"articleSection\":[\"Actualidad\",\"Internacionales\"],\"inLanguage\":\"es\",\"potentialAction\":[{\"@type\":\"CommentAction\",\"name\":\"Comment\",\"target\":[\"https:\/\/noti-america.com\/site\/ecuador\/2023\/04\/23\/por-que-los-pueblos-indigenas-pueden-contribuir-a-salvar-el-planeta\/#respond\"]}]},{\"@type\":\"WebPage\",\"@id\":\"https:\/\/noti-america.com\/site\/ecuador\/2023\/04\/23\/por-que-los-pueblos-indigenas-pueden-contribuir-a-salvar-el-planeta\/\",\"url\":\"https:\/\/noti-america.com\/site\/ecuador\/2023\/04\/23\/por-que-los-pueblos-indigenas-pueden-contribuir-a-salvar-el-planeta\/\",\"name\":\"Por qu\u00e9 los pueblos ind\u00edgenas pueden contribuir a salvar el planeta - Ecuador | Noti-America.com\",\"isPartOf\":{\"@id\":\"https:\/\/noti-america.com\/site\/ecuador\/#website\"},\"primaryImageOfPage\":{\"@id\":\"https:\/\/noti-america.com\/site\/ecuador\/2023\/04\/23\/por-que-los-pueblos-indigenas-pueden-contribuir-a-salvar-el-planeta\/#primaryimage\"},\"image\":{\"@id\":\"https:\/\/noti-america.com\/site\/ecuador\/2023\/04\/23\/por-que-los-pueblos-indigenas-pueden-contribuir-a-salvar-el-planeta\/#primaryimage\"},\"thumbnailUrl\":\"https:\/\/noti-america.com\/site\/ecuador\/wp-content\/uploads\/sites\/18\/2023\/04\/Naw-Ei-Ei-Min.jpg\",\"datePublished\":\"2023-04-23T16:47:27+00:00\",\"dateModified\":\"2023-04-23T17:13:37+00:00\",\"breadcrumb\":{\"@id\":\"https:\/\/noti-america.com\/site\/ecuador\/2023\/04\/23\/por-que-los-pueblos-indigenas-pueden-contribuir-a-salvar-el-planeta\/#breadcrumb\"},\"inLanguage\":\"es\",\"potentialAction\":[{\"@type\":\"ReadAction\",\"target\":[\"https:\/\/noti-america.com\/site\/ecuador\/2023\/04\/23\/por-que-los-pueblos-indigenas-pueden-contribuir-a-salvar-el-planeta\/\"]}]},{\"@type\":\"ImageObject\",\"inLanguage\":\"es\",\"@id\":\"https:\/\/noti-america.com\/site\/ecuador\/2023\/04\/23\/por-que-los-pueblos-indigenas-pueden-contribuir-a-salvar-el-planeta\/#primaryimage\",\"url\":\"https:\/\/noti-america.com\/site\/ecuador\/wp-content\/uploads\/sites\/18\/2023\/04\/Naw-Ei-Ei-Min.jpg\",\"contentUrl\":\"https:\/\/noti-america.com\/site\/ecuador\/wp-content\/uploads\/sites\/18\/2023\/04\/Naw-Ei-Ei-Min.jpg\",\"width\":1170,\"height\":530},{\"@type\":\"BreadcrumbList\",\"@id\":\"https:\/\/noti-america.com\/site\/ecuador\/2023\/04\/23\/por-que-los-pueblos-indigenas-pueden-contribuir-a-salvar-el-planeta\/#breadcrumb\",\"itemListElement\":[{\"@type\":\"ListItem\",\"position\":1,\"name\":\"Portada\",\"item\":\"https:\/\/noti-america.com\/site\/ecuador\/\"},{\"@type\":\"ListItem\",\"position\":2,\"name\":\"Por qu\u00e9 los pueblos ind\u00edgenas pueden contribuir a salvar el planeta\"}]},{\"@type\":\"WebSite\",\"@id\":\"https:\/\/noti-america.com\/site\/ecuador\/#website\",\"url\":\"https:\/\/noti-america.com\/site\/ecuador\/\",\"name\":\"Ecuador | Noti-America.com\",\"description\":\"\",\"publisher\":{\"@id\":\"https:\/\/noti-america.com\/site\/ecuador\/#organization\"},\"potentialAction\":[{\"@type\":\"SearchAction\",\"target\":{\"@type\":\"EntryPoint\",\"urlTemplate\":\"https:\/\/noti-america.com\/site\/ecuador\/?s={search_term_string}\"},\"query-input\":{\"@type\":\"PropertyValueSpecification\",\"valueRequired\":true,\"valueName\":\"search_term_string\"}}],\"inLanguage\":\"es\"},{\"@type\":\"Organization\",\"@id\":\"https:\/\/noti-america.com\/site\/ecuador\/#organization\",\"name\":\"Noti-America LLC | Ecuador\",\"url\":\"https:\/\/noti-america.com\/site\/ecuador\/\",\"logo\":{\"@type\":\"ImageObject\",\"inLanguage\":\"es\",\"@id\":\"https:\/\/noti-america.com\/site\/ecuador\/#\/schema\/logo\/image\/\",\"url\":\"https:\/\/noti-america.com\/site\/ecuador\/wp-content\/uploads\/sites\/18\/2020\/07\/LogoNA-4x3-1.jpg\",\"contentUrl\":\"https:\/\/noti-america.com\/site\/ecuador\/wp-content\/uploads\/sites\/18\/2020\/07\/LogoNA-4x3-1.jpg\",\"width\":1236,\"height\":1080,\"caption\":\"Noti-America LLC | Ecuador\"},\"image\":{\"@id\":\"https:\/\/noti-america.com\/site\/ecuador\/#\/schema\/logo\/image\/\"},\"sameAs\":[\"https:\/\/x.com\/notiamerica\"]},{\"@type\":\"Person\",\"@id\":\"https:\/\/noti-america.com\/site\/ecuador\/#\/schema\/person\/3b975e42f15abfe64bfe3abdd916efda\",\"name\":\"Gregory Quintana Montiel\",\"image\":{\"@type\":\"ImageObject\",\"inLanguage\":\"es\",\"@id\":\"https:\/\/secure.gravatar.com\/avatar\/2d6b802f7720c2ec7744dcbe608cc2f3417aeb964d58b443c6d612b77531de1d?s=96&d=mm&r=g\",\"url\":\"https:\/\/secure.gravatar.com\/avatar\/2d6b802f7720c2ec7744dcbe608cc2f3417aeb964d58b443c6d612b77531de1d?s=96&d=mm&r=g\",\"contentUrl\":\"https:\/\/secure.gravatar.com\/avatar\/2d6b802f7720c2ec7744dcbe608cc2f3417aeb964d58b443c6d612b77531de1d?s=96&d=mm&r=g\",\"caption\":\"Gregory Quintana Montiel\"},\"description\":\"Licenciatura en Ciencias de la Comunicaci\u00f3n Social, egresado en la Especializaci\u00f3n Derecho Ambiental Desarrollo Sostenible y Sustentable, Miembro de la Comunidad de profesionales y experto para Latinoam\u00e9rica y el Caribe en Gesti\u00f3n por Resultado en el Desarrollo (COPLAC - GpRD) del Banco Interamericano de Desarrollo, experiencia en medios radiales y escritos.\",\"sameAs\":[\"https:\/\/x.com\/gdgregori1\",\"gquintana\"],\"url\":\"https:\/\/noti-america.com\/site\/ecuador\/author\/gquintana\/\"}]}<\/script>\n<!-- \/ Yoast SEO Premium plugin. -->","yoast_head_json":{"title":"Por qu\u00e9 los pueblos ind\u00edgenas pueden contribuir a salvar el planeta - Ecuador | Noti-America.com","robots":{"index":"index","follow":"follow","max-snippet":"max-snippet:-1","max-image-preview":"max-image-preview:large","max-video-preview":"max-video-preview:-1"},"canonical":"https:\/\/noti-america.com\/site\/ecuador\/2023\/04\/23\/por-que-los-pueblos-indigenas-pueden-contribuir-a-salvar-el-planeta\/","og_locale":"es_ES","og_type":"article","og_title":"Por qu\u00e9 los pueblos ind\u00edgenas pueden contribuir a salvar el planeta","og_description":"REDACCI\u00d3N NOTI AM\u00c9RICA (ECUADOR) En las culturas ind\u00edgenas, observamos la cocina de una mujer. Si tiene una gran variedad de semillas aut\u00f3ctonas, significa que es laboriosa y un miembro valioso de la comunidad. Para&#46;&#46;&#46;","og_url":"https:\/\/noti-america.com\/site\/ecuador\/2023\/04\/23\/por-que-los-pueblos-indigenas-pueden-contribuir-a-salvar-el-planeta\/","og_site_name":"Ecuador | Noti-America.com","article_published_time":"2023-04-23T16:47:27+00:00","article_modified_time":"2023-04-23T17:13:37+00:00","og_image":[{"width":1170,"height":530,"url":"https:\/\/noti-america.com\/site\/ecuador\/wp-content\/uploads\/sites\/18\/2023\/04\/Naw-Ei-Ei-Min.jpg","type":"image\/jpeg"}],"author":"Gregory Quintana Montiel","twitter_card":"summary_large_image","twitter_creator":"@gdgregori1","twitter_site":"@notiamerica","twitter_misc":{"Escrito por":"Gregory Quintana Montiel","Tiempo estimado de lectura":"3 minutos"},"schema":{"@context":"https:\/\/schema.org","@graph":[{"@type":"Article","@id":"https:\/\/noti-america.com\/site\/ecuador\/2023\/04\/23\/por-que-los-pueblos-indigenas-pueden-contribuir-a-salvar-el-planeta\/#article","isPartOf":{"@id":"https:\/\/noti-america.com\/site\/ecuador\/2023\/04\/23\/por-que-los-pueblos-indigenas-pueden-contribuir-a-salvar-el-planeta\/"},"author":{"name":"Gregory Quintana Montiel","@id":"https:\/\/noti-america.com\/site\/ecuador\/#\/schema\/person\/3b975e42f15abfe64bfe3abdd916efda"},"headline":"Por qu\u00e9 los pueblos ind\u00edgenas pueden contribuir a salvar el planeta","datePublished":"2023-04-23T16:47:27+00:00","dateModified":"2023-04-23T17:13:37+00:00","mainEntityOfPage":{"@id":"https:\/\/noti-america.com\/site\/ecuador\/2023\/04\/23\/por-que-los-pueblos-indigenas-pueden-contribuir-a-salvar-el-planeta\/"},"wordCount":667,"commentCount":0,"publisher":{"@id":"https:\/\/noti-america.com\/site\/ecuador\/#organization"},"image":{"@id":"https:\/\/noti-america.com\/site\/ecuador\/2023\/04\/23\/por-que-los-pueblos-indigenas-pueden-contribuir-a-salvar-el-planeta\/#primaryimage"},"thumbnailUrl":"https:\/\/noti-america.com\/site\/ecuador\/wp-content\/uploads\/sites\/18\/2023\/04\/Naw-Ei-Ei-Min.jpg","articleSection":["Actualidad","Internacionales"],"inLanguage":"es","potentialAction":[{"@type":"CommentAction","name":"Comment","target":["https:\/\/noti-america.com\/site\/ecuador\/2023\/04\/23\/por-que-los-pueblos-indigenas-pueden-contribuir-a-salvar-el-planeta\/#respond"]}]},{"@type":"WebPage","@id":"https:\/\/noti-america.com\/site\/ecuador\/2023\/04\/23\/por-que-los-pueblos-indigenas-pueden-contribuir-a-salvar-el-planeta\/","url":"https:\/\/noti-america.com\/site\/ecuador\/2023\/04\/23\/por-que-los-pueblos-indigenas-pueden-contribuir-a-salvar-el-planeta\/","name":"Por qu\u00e9 los pueblos ind\u00edgenas pueden contribuir a salvar el planeta - Ecuador | Noti-America.com","isPartOf":{"@id":"https:\/\/noti-america.com\/site\/ecuador\/#website"},"primaryImageOfPage":{"@id":"https:\/\/noti-america.com\/site\/ecuador\/2023\/04\/23\/por-que-los-pueblos-indigenas-pueden-contribuir-a-salvar-el-planeta\/#primaryimage"},"image":{"@id":"https:\/\/noti-america.com\/site\/ecuador\/2023\/04\/23\/por-que-los-pueblos-indigenas-pueden-contribuir-a-salvar-el-planeta\/#primaryimage"},"thumbnailUrl":"https:\/\/noti-america.com\/site\/ecuador\/wp-content\/uploads\/sites\/18\/2023\/04\/Naw-Ei-Ei-Min.jpg","datePublished":"2023-04-23T16:47:27+00:00","dateModified":"2023-04-23T17:13:37+00:00","breadcrumb":{"@id":"https:\/\/noti-america.com\/site\/ecuador\/2023\/04\/23\/por-que-los-pueblos-indigenas-pueden-contribuir-a-salvar-el-planeta\/#breadcrumb"},"inLanguage":"es","potentialAction":[{"@type":"ReadAction","target":["https:\/\/noti-america.com\/site\/ecuador\/2023\/04\/23\/por-que-los-pueblos-indigenas-pueden-contribuir-a-salvar-el-planeta\/"]}]},{"@type":"ImageObject","inLanguage":"es","@id":"https:\/\/noti-america.com\/site\/ecuador\/2023\/04\/23\/por-que-los-pueblos-indigenas-pueden-contribuir-a-salvar-el-planeta\/#primaryimage","url":"https:\/\/noti-america.com\/site\/ecuador\/wp-content\/uploads\/sites\/18\/2023\/04\/Naw-Ei-Ei-Min.jpg","contentUrl":"https:\/\/noti-america.com\/site\/ecuador\/wp-content\/uploads\/sites\/18\/2023\/04\/Naw-Ei-Ei-Min.jpg","width":1170,"height":530},{"@type":"BreadcrumbList","@id":"https:\/\/noti-america.com\/site\/ecuador\/2023\/04\/23\/por-que-los-pueblos-indigenas-pueden-contribuir-a-salvar-el-planeta\/#breadcrumb","itemListElement":[{"@type":"ListItem","position":1,"name":"Portada","item":"https:\/\/noti-america.com\/site\/ecuador\/"},{"@type":"ListItem","position":2,"name":"Por qu\u00e9 los pueblos ind\u00edgenas pueden contribuir a salvar el planeta"}]},{"@type":"WebSite","@id":"https:\/\/noti-america.com\/site\/ecuador\/#website","url":"https:\/\/noti-america.com\/site\/ecuador\/","name":"Ecuador | Noti-America.com","description":"","publisher":{"@id":"https:\/\/noti-america.com\/site\/ecuador\/#organization"},"potentialAction":[{"@type":"SearchAction","target":{"@type":"EntryPoint","urlTemplate":"https:\/\/noti-america.com\/site\/ecuador\/?s={search_term_string}"},"query-input":{"@type":"PropertyValueSpecification","valueRequired":true,"valueName":"search_term_string"}}],"inLanguage":"es"},{"@type":"Organization","@id":"https:\/\/noti-america.com\/site\/ecuador\/#organization","name":"Noti-America LLC | Ecuador","url":"https:\/\/noti-america.com\/site\/ecuador\/","logo":{"@type":"ImageObject","inLanguage":"es","@id":"https:\/\/noti-america.com\/site\/ecuador\/#\/schema\/logo\/image\/","url":"https:\/\/noti-america.com\/site\/ecuador\/wp-content\/uploads\/sites\/18\/2020\/07\/LogoNA-4x3-1.jpg","contentUrl":"https:\/\/noti-america.com\/site\/ecuador\/wp-content\/uploads\/sites\/18\/2020\/07\/LogoNA-4x3-1.jpg","width":1236,"height":1080,"caption":"Noti-America LLC | Ecuador"},"image":{"@id":"https:\/\/noti-america.com\/site\/ecuador\/#\/schema\/logo\/image\/"},"sameAs":["https:\/\/x.com\/notiamerica"]},{"@type":"Person","@id":"https:\/\/noti-america.com\/site\/ecuador\/#\/schema\/person\/3b975e42f15abfe64bfe3abdd916efda","name":"Gregory Quintana Montiel","image":{"@type":"ImageObject","inLanguage":"es","@id":"https:\/\/secure.gravatar.com\/avatar\/2d6b802f7720c2ec7744dcbe608cc2f3417aeb964d58b443c6d612b77531de1d?s=96&d=mm&r=g","url":"https:\/\/secure.gravatar.com\/avatar\/2d6b802f7720c2ec7744dcbe608cc2f3417aeb964d58b443c6d612b77531de1d?s=96&d=mm&r=g","contentUrl":"https:\/\/secure.gravatar.com\/avatar\/2d6b802f7720c2ec7744dcbe608cc2f3417aeb964d58b443c6d612b77531de1d?s=96&d=mm&r=g","caption":"Gregory Quintana Montiel"},"description":"Licenciatura en Ciencias de la Comunicaci\u00f3n Social, egresado en la Especializaci\u00f3n Derecho Ambiental Desarrollo Sostenible y Sustentable, Miembro de la Comunidad de profesionales y experto para Latinoam\u00e9rica y el Caribe en Gesti\u00f3n por Resultado en el Desarrollo (COPLAC - GpRD) del Banco Interamericano de Desarrollo, experiencia en medios radiales y escritos.","sameAs":["https:\/\/x.com\/gdgregori1","gquintana"],"url":"https:\/\/noti-america.com\/site\/ecuador\/author\/gquintana\/"}]}},"_links":{"self":[{"href":"https:\/\/noti-america.com\/site\/ecuador\/wp-json\/wp\/v2\/posts\/24816","targetHints":{"allow":["GET"]}}],"collection":[{"href":"https:\/\/noti-america.com\/site\/ecuador\/wp-json\/wp\/v2\/posts"}],"about":[{"href":"https:\/\/noti-america.com\/site\/ecuador\/wp-json\/wp\/v2\/types\/post"}],"author":[{"embeddable":true,"href":"https:\/\/noti-america.com\/site\/ecuador\/wp-json\/wp\/v2\/users\/17"}],"replies":[{"embeddable":true,"href":"https:\/\/noti-america.com\/site\/ecuador\/wp-json\/wp\/v2\/comments?post=24816"}],"version-history":[{"count":1,"href":"https:\/\/noti-america.com\/site\/ecuador\/wp-json\/wp\/v2\/posts\/24816\/revisions"}],"predecessor-version":[{"id":24818,"href":"https:\/\/noti-america.com\/site\/ecuador\/wp-json\/wp\/v2\/posts\/24816\/revisions\/24818"}],"wp:featuredmedia":[{"embeddable":true,"href":"https:\/\/noti-america.com\/site\/ecuador\/wp-json\/wp\/v2\/media\/24817"}],"wp:attachment":[{"href":"https:\/\/noti-america.com\/site\/ecuador\/wp-json\/wp\/v2\/media?parent=24816"}],"wp:term":[{"taxonomy":"category","embeddable":true,"href":"https:\/\/noti-america.com\/site\/ecuador\/wp-json\/wp\/v2\/categories?post=24816"},{"taxonomy":"post_tag","embeddable":true,"href":"https:\/\/noti-america.com\/site\/ecuador\/wp-json\/wp\/v2\/tags?post=24816"}],"curies":[{"name":"wp","href":"https:\/\/api.w.org\/{rel}","templated":true}]}}