{"id":24727,"date":"2023-04-11T01:28:06","date_gmt":"2023-04-11T01:28:06","guid":{"rendered":"https:\/\/noti-america.com\/site\/ecuador\/?p=24727"},"modified":"2023-04-11T01:28:06","modified_gmt":"2023-04-11T01:28:06","slug":"pronaca-entrega-kits-de-alimentos-a-familias-afectadas-por-fenomenos-naturales","status":"publish","type":"post","link":"https:\/\/noti-america.com\/site\/ecuador\/2023\/04\/11\/pronaca-entrega-kits-de-alimentos-a-familias-afectadas-por-fenomenos-naturales\/","title":{"rendered":"Pronaca entrega kits de alimentos a familias afectadas por fen\u00f3menos naturales"},"content":{"rendered":"<p>REDACCI\u00d3N NOTI-AM\u00c9RICA\u00a0(ECUADOR)<\/p>\n<p>AUTOR. <strong>Henry Garrido.<\/strong><\/p>\n<p style=\"text-align: justify\"><img loading=\"lazy\" decoding=\"async\" class=\"size-medium wp-image-24728 alignleft\" src=\"https:\/\/noti-america.com\/site\/ecuador\/wp-content\/uploads\/sites\/18\/2023\/04\/9b222354-3d21-4c41-bd3b-e064edf56d1c-300x216.jpg\" alt=\"\" width=\"300\" height=\"216\" srcset=\"https:\/\/noti-america.com\/site\/ecuador\/wp-content\/uploads\/sites\/18\/2023\/04\/9b222354-3d21-4c41-bd3b-e064edf56d1c-300x216.jpg 300w, https:\/\/noti-america.com\/site\/ecuador\/wp-content\/uploads\/sites\/18\/2023\/04\/9b222354-3d21-4c41-bd3b-e064edf56d1c-600x433.jpg 600w, https:\/\/noti-america.com\/site\/ecuador\/wp-content\/uploads\/sites\/18\/2023\/04\/9b222354-3d21-4c41-bd3b-e064edf56d1c.jpg 768w\" sizes=\"auto, (max-width: 300px) 100vw, 300px\" \/>Marzo fue un mes que estuvo marcado por dos incidencias naturales que tuvieron fuertes efectos en la poblaci\u00f3n ecuatoriana: el terremoto en Balao (Guayas) y la temporada invernal que ha afectado a todo el territorio nacional.<\/p>\n<p style=\"text-align: justify\">Seg\u00fan las cifras publicadas por las autoridades, m\u00e1s de 46.278 personas a escala nacional han sido perjudicadas por estos fen\u00f3menos naturales. Sin contar con los afectados por el deslave ocurrido en la ciudad de Alaus\u00ed (Chimborazo), donde casi 200 familias perdieron todo.<\/p>\n<p style=\"text-align: justify\">El terremoto de 6,5 en la escala de Richter que aconteci\u00f3 el 18 de marzo, caus\u00f3 graves da\u00f1os en las provincias de El Oro, Guayas y Azuay. Pocos d\u00edas m\u00e1s tarde, las intensas lluvias tambi\u00e9n afectaron principalmente a la Costa y a varias ciudades en la Sierra centro, con desbordamientos de r\u00edos y desplazamientos de tierra.<\/p>\n<p style=\"text-align: justify\">El Monse\u00f1or An\u00edbal Nieto, Obispo de San Jacinto en la provincia del Guayas, sostuvo que los habitantes se quedaron incomunicados ya que se registraron da\u00f1os en infraestructuras viales, por lo que la ayuda de la empresa privada fue fundamental para que la ciudadan\u00eda pueda abastecerse.<\/p>\n<p style=\"text-align: justify\">Pronaca se moviliz\u00f3 inmediatamente y \u00a0envi\u00f3 ayuda para m\u00e1s de 45 mil personas en las zonas de Chone (Manab\u00ed), Machala (El Oro), Pun\u00e1 (Guayas), Pallatanga (Chimborazo) y Santo Domingo de los Ts\u00e1chilas.<\/p>\n<p style=\"text-align: justify\">En el caso de la tragedia sucedida en Alaus\u00ed, la empresa tambi\u00e9n activ\u00f3 un plan para dotar de provisiones a parte de los afectados, a trav\u00e9s de la Iglesia San Pedro donde se entregaron los insumos, se pudo asistir a 815 de los damnificados.<\/p>\n<p style=\"text-align: justify\">\n<p>&nbsp;<\/p>\n","protected":false},"excerpt":{"rendered":"<p>REDACCI\u00d3N NOTI-AM\u00c9RICA\u00a0(ECUADOR) AUTOR. Henry Garrido. Marzo fue un mes que estuvo marcado por dos incidencias naturales que tuvieron fuertes efectos en la poblaci\u00f3n ecuatoriana: el terremoto en Balao (Guayas) y la temporada invernal que&#46;&#46;&#46;<\/p>\n","protected":false},"author":17,"featured_media":24728,"comment_status":"open","ping_status":"open","sticky":false,"template":"","format":"standard","meta":{"_acf_changed":false,"om_disable_all_campaigns":false,"rop_custom_images_group":[],"rop_custom_messages_group":[],"rop_publish_now":"initial","rop_publish_now_accounts":{"twitter_242054905_242054905":""},"rop_publish_now_history":[],"rop_publish_now_status":"pending","_uf_show_specific_survey":0,"_uf_disable_surveys":false,"footnotes":""},"categories":[125],"tags":[],"class_list":["post-24727","post","type-post","status-publish","format-standard","has-post-thumbnail","hentry","category-actualidad"],"acf":[],"aioseo_notices":[],"yoast_head":"<!-- This site is optimized with the Yoast SEO Premium plugin v24.9 (Yoast SEO v27.2) - https:\/\/yoast.com\/product\/yoast-seo-premium-wordpress\/ -->\n<title>Pronaca entrega kits de alimentos a familias afectadas por fen\u00f3menos naturales - Ecuador | Noti-America.com<\/title>\n<meta name=\"robots\" content=\"index, follow, max-snippet:-1, max-image-preview:large, max-video-preview:-1\" \/>\n<link rel=\"canonical\" href=\"https:\/\/noti-america.com\/site\/ecuador\/2023\/04\/11\/pronaca-entrega-kits-de-alimentos-a-familias-afectadas-por-fenomenos-naturales\/\" \/>\n<meta property=\"og:locale\" content=\"es_ES\" \/>\n<meta property=\"og:type\" content=\"article\" \/>\n<meta property=\"og:title\" content=\"Pronaca entrega kits de alimentos a familias afectadas por fen\u00f3menos naturales\" \/>\n<meta property=\"og:description\" content=\"REDACCI\u00d3N NOTI-AM\u00c9RICA\u00a0(ECUADOR) AUTOR. Henry Garrido. Marzo fue un mes que estuvo marcado por dos incidencias naturales que tuvieron fuertes efectos en la poblaci\u00f3n ecuatoriana: el terremoto en Balao (Guayas) y la temporada invernal que&#046;&#046;&#046;\" \/>\n<meta property=\"og:url\" content=\"https:\/\/noti-america.com\/site\/ecuador\/2023\/04\/11\/pronaca-entrega-kits-de-alimentos-a-familias-afectadas-por-fenomenos-naturales\/\" \/>\n<meta property=\"og:site_name\" content=\"Ecuador | Noti-America.com\" \/>\n<meta property=\"article:published_time\" content=\"2023-04-11T01:28:06+00:00\" \/>\n<meta property=\"og:image\" content=\"https:\/\/noti-america.com\/site\/ecuador\/wp-content\/uploads\/sites\/18\/2023\/04\/9b222354-3d21-4c41-bd3b-e064edf56d1c.jpg\" \/>\n\t<meta property=\"og:image:width\" content=\"768\" \/>\n\t<meta property=\"og:image:height\" content=\"554\" \/>\n\t<meta property=\"og:image:type\" content=\"image\/jpeg\" \/>\n<meta name=\"author\" content=\"Gregory Quintana Montiel\" \/>\n<meta name=\"twitter:card\" content=\"summary_large_image\" \/>\n<meta name=\"twitter:creator\" content=\"@gdgregori1\" \/>\n<meta name=\"twitter:site\" content=\"@notiamerica\" \/>\n<meta name=\"twitter:label1\" content=\"Escrito por\" \/>\n\t<meta name=\"twitter:data1\" content=\"Gregory Quintana Montiel\" \/>\n\t<meta name=\"twitter:label2\" content=\"Tiempo estimado de lectura\" \/>\n\t<meta name=\"twitter:data2\" content=\"2 minutos\" \/>\n<script type=\"application\/ld+json\" class=\"yoast-schema-graph\">{\"@context\":\"https:\/\/schema.org\",\"@graph\":[{\"@type\":\"Article\",\"@id\":\"https:\/\/noti-america.com\/site\/ecuador\/2023\/04\/11\/pronaca-entrega-kits-de-alimentos-a-familias-afectadas-por-fenomenos-naturales\/#article\",\"isPartOf\":{\"@id\":\"https:\/\/noti-america.com\/site\/ecuador\/2023\/04\/11\/pronaca-entrega-kits-de-alimentos-a-familias-afectadas-por-fenomenos-naturales\/\"},\"author\":{\"name\":\"Gregory Quintana Montiel\",\"@id\":\"https:\/\/noti-america.com\/site\/ecuador\/#\/schema\/person\/3b975e42f15abfe64bfe3abdd916efda\"},\"headline\":\"Pronaca entrega kits de alimentos a familias afectadas por fen\u00f3menos naturales\",\"datePublished\":\"2023-04-11T01:28:06+00:00\",\"mainEntityOfPage\":{\"@id\":\"https:\/\/noti-america.com\/site\/ecuador\/2023\/04\/11\/pronaca-entrega-kits-de-alimentos-a-familias-afectadas-por-fenomenos-naturales\/\"},\"wordCount\":287,\"commentCount\":1,\"publisher\":{\"@id\":\"https:\/\/noti-america.com\/site\/ecuador\/#organization\"},\"image\":{\"@id\":\"https:\/\/noti-america.com\/site\/ecuador\/2023\/04\/11\/pronaca-entrega-kits-de-alimentos-a-familias-afectadas-por-fenomenos-naturales\/#primaryimage\"},\"thumbnailUrl\":\"https:\/\/noti-america.com\/site\/ecuador\/wp-content\/uploads\/sites\/18\/2023\/04\/9b222354-3d21-4c41-bd3b-e064edf56d1c.jpg\",\"articleSection\":[\"Actualidad\"],\"inLanguage\":\"es\",\"potentialAction\":[{\"@type\":\"CommentAction\",\"name\":\"Comment\",\"target\":[\"https:\/\/noti-america.com\/site\/ecuador\/2023\/04\/11\/pronaca-entrega-kits-de-alimentos-a-familias-afectadas-por-fenomenos-naturales\/#respond\"]}]},{\"@type\":\"WebPage\",\"@id\":\"https:\/\/noti-america.com\/site\/ecuador\/2023\/04\/11\/pronaca-entrega-kits-de-alimentos-a-familias-afectadas-por-fenomenos-naturales\/\",\"url\":\"https:\/\/noti-america.com\/site\/ecuador\/2023\/04\/11\/pronaca-entrega-kits-de-alimentos-a-familias-afectadas-por-fenomenos-naturales\/\",\"name\":\"Pronaca entrega kits de alimentos a familias afectadas por fen\u00f3menos naturales - Ecuador | Noti-America.com\",\"isPartOf\":{\"@id\":\"https:\/\/noti-america.com\/site\/ecuador\/#website\"},\"primaryImageOfPage\":{\"@id\":\"https:\/\/noti-america.com\/site\/ecuador\/2023\/04\/11\/pronaca-entrega-kits-de-alimentos-a-familias-afectadas-por-fenomenos-naturales\/#primaryimage\"},\"image\":{\"@id\":\"https:\/\/noti-america.com\/site\/ecuador\/2023\/04\/11\/pronaca-entrega-kits-de-alimentos-a-familias-afectadas-por-fenomenos-naturales\/#primaryimage\"},\"thumbnailUrl\":\"https:\/\/noti-america.com\/site\/ecuador\/wp-content\/uploads\/sites\/18\/2023\/04\/9b222354-3d21-4c41-bd3b-e064edf56d1c.jpg\",\"datePublished\":\"2023-04-11T01:28:06+00:00\",\"breadcrumb\":{\"@id\":\"https:\/\/noti-america.com\/site\/ecuador\/2023\/04\/11\/pronaca-entrega-kits-de-alimentos-a-familias-afectadas-por-fenomenos-naturales\/#breadcrumb\"},\"inLanguage\":\"es\",\"potentialAction\":[{\"@type\":\"ReadAction\",\"target\":[\"https:\/\/noti-america.com\/site\/ecuador\/2023\/04\/11\/pronaca-entrega-kits-de-alimentos-a-familias-afectadas-por-fenomenos-naturales\/\"]}]},{\"@type\":\"ImageObject\",\"inLanguage\":\"es\",\"@id\":\"https:\/\/noti-america.com\/site\/ecuador\/2023\/04\/11\/pronaca-entrega-kits-de-alimentos-a-familias-afectadas-por-fenomenos-naturales\/#primaryimage\",\"url\":\"https:\/\/noti-america.com\/site\/ecuador\/wp-content\/uploads\/sites\/18\/2023\/04\/9b222354-3d21-4c41-bd3b-e064edf56d1c.jpg\",\"contentUrl\":\"https:\/\/noti-america.com\/site\/ecuador\/wp-content\/uploads\/sites\/18\/2023\/04\/9b222354-3d21-4c41-bd3b-e064edf56d1c.jpg\",\"width\":768,\"height\":554},{\"@type\":\"BreadcrumbList\",\"@id\":\"https:\/\/noti-america.com\/site\/ecuador\/2023\/04\/11\/pronaca-entrega-kits-de-alimentos-a-familias-afectadas-por-fenomenos-naturales\/#breadcrumb\",\"itemListElement\":[{\"@type\":\"ListItem\",\"position\":1,\"name\":\"Portada\",\"item\":\"https:\/\/noti-america.com\/site\/ecuador\/\"},{\"@type\":\"ListItem\",\"position\":2,\"name\":\"Pronaca entrega kits de alimentos a familias afectadas por fen\u00f3menos naturales\"}]},{\"@type\":\"WebSite\",\"@id\":\"https:\/\/noti-america.com\/site\/ecuador\/#website\",\"url\":\"https:\/\/noti-america.com\/site\/ecuador\/\",\"name\":\"Ecuador | Noti-America.com\",\"description\":\"\",\"publisher\":{\"@id\":\"https:\/\/noti-america.com\/site\/ecuador\/#organization\"},\"potentialAction\":[{\"@type\":\"SearchAction\",\"target\":{\"@type\":\"EntryPoint\",\"urlTemplate\":\"https:\/\/noti-america.com\/site\/ecuador\/?s={search_term_string}\"},\"query-input\":{\"@type\":\"PropertyValueSpecification\",\"valueRequired\":true,\"valueName\":\"search_term_string\"}}],\"inLanguage\":\"es\"},{\"@type\":\"Organization\",\"@id\":\"https:\/\/noti-america.com\/site\/ecuador\/#organization\",\"name\":\"Noti-America LLC | Ecuador\",\"url\":\"https:\/\/noti-america.com\/site\/ecuador\/\",\"logo\":{\"@type\":\"ImageObject\",\"inLanguage\":\"es\",\"@id\":\"https:\/\/noti-america.com\/site\/ecuador\/#\/schema\/logo\/image\/\",\"url\":\"https:\/\/noti-america.com\/site\/ecuador\/wp-content\/uploads\/sites\/18\/2020\/07\/LogoNA-4x3-1.jpg\",\"contentUrl\":\"https:\/\/noti-america.com\/site\/ecuador\/wp-content\/uploads\/sites\/18\/2020\/07\/LogoNA-4x3-1.jpg\",\"width\":1236,\"height\":1080,\"caption\":\"Noti-America LLC | Ecuador\"},\"image\":{\"@id\":\"https:\/\/noti-america.com\/site\/ecuador\/#\/schema\/logo\/image\/\"},\"sameAs\":[\"https:\/\/x.com\/notiamerica\"]},{\"@type\":\"Person\",\"@id\":\"https:\/\/noti-america.com\/site\/ecuador\/#\/schema\/person\/3b975e42f15abfe64bfe3abdd916efda\",\"name\":\"Gregory Quintana Montiel\",\"image\":{\"@type\":\"ImageObject\",\"inLanguage\":\"es\",\"@id\":\"https:\/\/secure.gravatar.com\/avatar\/2d6b802f7720c2ec7744dcbe608cc2f3417aeb964d58b443c6d612b77531de1d?s=96&d=mm&r=g\",\"url\":\"https:\/\/secure.gravatar.com\/avatar\/2d6b802f7720c2ec7744dcbe608cc2f3417aeb964d58b443c6d612b77531de1d?s=96&d=mm&r=g\",\"contentUrl\":\"https:\/\/secure.gravatar.com\/avatar\/2d6b802f7720c2ec7744dcbe608cc2f3417aeb964d58b443c6d612b77531de1d?s=96&d=mm&r=g\",\"caption\":\"Gregory Quintana Montiel\"},\"description\":\"Licenciatura en Ciencias de la Comunicaci\u00f3n Social, egresado en la Especializaci\u00f3n Derecho Ambiental Desarrollo Sostenible y Sustentable, Miembro de la Comunidad de profesionales y experto para Latinoam\u00e9rica y el Caribe en Gesti\u00f3n por Resultado en el Desarrollo (COPLAC - GpRD) del Banco Interamericano de Desarrollo, experiencia en medios radiales y escritos.\",\"sameAs\":[\"https:\/\/x.com\/gdgregori1\",\"gquintana\"],\"url\":\"https:\/\/noti-america.com\/site\/ecuador\/author\/gquintana\/\"}]}<\/script>\n<!-- \/ Yoast SEO Premium plugin. -->","yoast_head_json":{"title":"Pronaca entrega kits de alimentos a familias afectadas por fen\u00f3menos naturales - Ecuador | Noti-America.com","robots":{"index":"index","follow":"follow","max-snippet":"max-snippet:-1","max-image-preview":"max-image-preview:large","max-video-preview":"max-video-preview:-1"},"canonical":"https:\/\/noti-america.com\/site\/ecuador\/2023\/04\/11\/pronaca-entrega-kits-de-alimentos-a-familias-afectadas-por-fenomenos-naturales\/","og_locale":"es_ES","og_type":"article","og_title":"Pronaca entrega kits de alimentos a familias afectadas por fen\u00f3menos naturales","og_description":"REDACCI\u00d3N NOTI-AM\u00c9RICA\u00a0(ECUADOR) AUTOR. Henry Garrido. Marzo fue un mes que estuvo marcado por dos incidencias naturales que tuvieron fuertes efectos en la poblaci\u00f3n ecuatoriana: el terremoto en Balao (Guayas) y la temporada invernal que&#46;&#46;&#46;","og_url":"https:\/\/noti-america.com\/site\/ecuador\/2023\/04\/11\/pronaca-entrega-kits-de-alimentos-a-familias-afectadas-por-fenomenos-naturales\/","og_site_name":"Ecuador | Noti-America.com","article_published_time":"2023-04-11T01:28:06+00:00","og_image":[{"width":768,"height":554,"url":"https:\/\/noti-america.com\/site\/ecuador\/wp-content\/uploads\/sites\/18\/2023\/04\/9b222354-3d21-4c41-bd3b-e064edf56d1c.jpg","type":"image\/jpeg"}],"author":"Gregory Quintana Montiel","twitter_card":"summary_large_image","twitter_creator":"@gdgregori1","twitter_site":"@notiamerica","twitter_misc":{"Escrito por":"Gregory Quintana Montiel","Tiempo estimado de lectura":"2 minutos"},"schema":{"@context":"https:\/\/schema.org","@graph":[{"@type":"Article","@id":"https:\/\/noti-america.com\/site\/ecuador\/2023\/04\/11\/pronaca-entrega-kits-de-alimentos-a-familias-afectadas-por-fenomenos-naturales\/#article","isPartOf":{"@id":"https:\/\/noti-america.com\/site\/ecuador\/2023\/04\/11\/pronaca-entrega-kits-de-alimentos-a-familias-afectadas-por-fenomenos-naturales\/"},"author":{"name":"Gregory Quintana Montiel","@id":"https:\/\/noti-america.com\/site\/ecuador\/#\/schema\/person\/3b975e42f15abfe64bfe3abdd916efda"},"headline":"Pronaca entrega kits de alimentos a familias afectadas por fen\u00f3menos naturales","datePublished":"2023-04-11T01:28:06+00:00","mainEntityOfPage":{"@id":"https:\/\/noti-america.com\/site\/ecuador\/2023\/04\/11\/pronaca-entrega-kits-de-alimentos-a-familias-afectadas-por-fenomenos-naturales\/"},"wordCount":287,"commentCount":1,"publisher":{"@id":"https:\/\/noti-america.com\/site\/ecuador\/#organization"},"image":{"@id":"https:\/\/noti-america.com\/site\/ecuador\/2023\/04\/11\/pronaca-entrega-kits-de-alimentos-a-familias-afectadas-por-fenomenos-naturales\/#primaryimage"},"thumbnailUrl":"https:\/\/noti-america.com\/site\/ecuador\/wp-content\/uploads\/sites\/18\/2023\/04\/9b222354-3d21-4c41-bd3b-e064edf56d1c.jpg","articleSection":["Actualidad"],"inLanguage":"es","potentialAction":[{"@type":"CommentAction","name":"Comment","target":["https:\/\/noti-america.com\/site\/ecuador\/2023\/04\/11\/pronaca-entrega-kits-de-alimentos-a-familias-afectadas-por-fenomenos-naturales\/#respond"]}]},{"@type":"WebPage","@id":"https:\/\/noti-america.com\/site\/ecuador\/2023\/04\/11\/pronaca-entrega-kits-de-alimentos-a-familias-afectadas-por-fenomenos-naturales\/","url":"https:\/\/noti-america.com\/site\/ecuador\/2023\/04\/11\/pronaca-entrega-kits-de-alimentos-a-familias-afectadas-por-fenomenos-naturales\/","name":"Pronaca entrega kits de alimentos a familias afectadas por fen\u00f3menos naturales - Ecuador | Noti-America.com","isPartOf":{"@id":"https:\/\/noti-america.com\/site\/ecuador\/#website"},"primaryImageOfPage":{"@id":"https:\/\/noti-america.com\/site\/ecuador\/2023\/04\/11\/pronaca-entrega-kits-de-alimentos-a-familias-afectadas-por-fenomenos-naturales\/#primaryimage"},"image":{"@id":"https:\/\/noti-america.com\/site\/ecuador\/2023\/04\/11\/pronaca-entrega-kits-de-alimentos-a-familias-afectadas-por-fenomenos-naturales\/#primaryimage"},"thumbnailUrl":"https:\/\/noti-america.com\/site\/ecuador\/wp-content\/uploads\/sites\/18\/2023\/04\/9b222354-3d21-4c41-bd3b-e064edf56d1c.jpg","datePublished":"2023-04-11T01:28:06+00:00","breadcrumb":{"@id":"https:\/\/noti-america.com\/site\/ecuador\/2023\/04\/11\/pronaca-entrega-kits-de-alimentos-a-familias-afectadas-por-fenomenos-naturales\/#breadcrumb"},"inLanguage":"es","potentialAction":[{"@type":"ReadAction","target":["https:\/\/noti-america.com\/site\/ecuador\/2023\/04\/11\/pronaca-entrega-kits-de-alimentos-a-familias-afectadas-por-fenomenos-naturales\/"]}]},{"@type":"ImageObject","inLanguage":"es","@id":"https:\/\/noti-america.com\/site\/ecuador\/2023\/04\/11\/pronaca-entrega-kits-de-alimentos-a-familias-afectadas-por-fenomenos-naturales\/#primaryimage","url":"https:\/\/noti-america.com\/site\/ecuador\/wp-content\/uploads\/sites\/18\/2023\/04\/9b222354-3d21-4c41-bd3b-e064edf56d1c.jpg","contentUrl":"https:\/\/noti-america.com\/site\/ecuador\/wp-content\/uploads\/sites\/18\/2023\/04\/9b222354-3d21-4c41-bd3b-e064edf56d1c.jpg","width":768,"height":554},{"@type":"BreadcrumbList","@id":"https:\/\/noti-america.com\/site\/ecuador\/2023\/04\/11\/pronaca-entrega-kits-de-alimentos-a-familias-afectadas-por-fenomenos-naturales\/#breadcrumb","itemListElement":[{"@type":"ListItem","position":1,"name":"Portada","item":"https:\/\/noti-america.com\/site\/ecuador\/"},{"@type":"ListItem","position":2,"name":"Pronaca entrega kits de alimentos a familias afectadas por fen\u00f3menos naturales"}]},{"@type":"WebSite","@id":"https:\/\/noti-america.com\/site\/ecuador\/#website","url":"https:\/\/noti-america.com\/site\/ecuador\/","name":"Ecuador | Noti-America.com","description":"","publisher":{"@id":"https:\/\/noti-america.com\/site\/ecuador\/#organization"},"potentialAction":[{"@type":"SearchAction","target":{"@type":"EntryPoint","urlTemplate":"https:\/\/noti-america.com\/site\/ecuador\/?s={search_term_string}"},"query-input":{"@type":"PropertyValueSpecification","valueRequired":true,"valueName":"search_term_string"}}],"inLanguage":"es"},{"@type":"Organization","@id":"https:\/\/noti-america.com\/site\/ecuador\/#organization","name":"Noti-America LLC | Ecuador","url":"https:\/\/noti-america.com\/site\/ecuador\/","logo":{"@type":"ImageObject","inLanguage":"es","@id":"https:\/\/noti-america.com\/site\/ecuador\/#\/schema\/logo\/image\/","url":"https:\/\/noti-america.com\/site\/ecuador\/wp-content\/uploads\/sites\/18\/2020\/07\/LogoNA-4x3-1.jpg","contentUrl":"https:\/\/noti-america.com\/site\/ecuador\/wp-content\/uploads\/sites\/18\/2020\/07\/LogoNA-4x3-1.jpg","width":1236,"height":1080,"caption":"Noti-America LLC | Ecuador"},"image":{"@id":"https:\/\/noti-america.com\/site\/ecuador\/#\/schema\/logo\/image\/"},"sameAs":["https:\/\/x.com\/notiamerica"]},{"@type":"Person","@id":"https:\/\/noti-america.com\/site\/ecuador\/#\/schema\/person\/3b975e42f15abfe64bfe3abdd916efda","name":"Gregory Quintana Montiel","image":{"@type":"ImageObject","inLanguage":"es","@id":"https:\/\/secure.gravatar.com\/avatar\/2d6b802f7720c2ec7744dcbe608cc2f3417aeb964d58b443c6d612b77531de1d?s=96&d=mm&r=g","url":"https:\/\/secure.gravatar.com\/avatar\/2d6b802f7720c2ec7744dcbe608cc2f3417aeb964d58b443c6d612b77531de1d?s=96&d=mm&r=g","contentUrl":"https:\/\/secure.gravatar.com\/avatar\/2d6b802f7720c2ec7744dcbe608cc2f3417aeb964d58b443c6d612b77531de1d?s=96&d=mm&r=g","caption":"Gregory Quintana Montiel"},"description":"Licenciatura en Ciencias de la Comunicaci\u00f3n Social, egresado en la Especializaci\u00f3n Derecho Ambiental Desarrollo Sostenible y Sustentable, Miembro de la Comunidad de profesionales y experto para Latinoam\u00e9rica y el Caribe en Gesti\u00f3n por Resultado en el Desarrollo (COPLAC - GpRD) del Banco Interamericano de Desarrollo, experiencia en medios radiales y escritos.","sameAs":["https:\/\/x.com\/gdgregori1","gquintana"],"url":"https:\/\/noti-america.com\/site\/ecuador\/author\/gquintana\/"}]}},"_links":{"self":[{"href":"https:\/\/noti-america.com\/site\/ecuador\/wp-json\/wp\/v2\/posts\/24727","targetHints":{"allow":["GET"]}}],"collection":[{"href":"https:\/\/noti-america.com\/site\/ecuador\/wp-json\/wp\/v2\/posts"}],"about":[{"href":"https:\/\/noti-america.com\/site\/ecuador\/wp-json\/wp\/v2\/types\/post"}],"author":[{"embeddable":true,"href":"https:\/\/noti-america.com\/site\/ecuador\/wp-json\/wp\/v2\/users\/17"}],"replies":[{"embeddable":true,"href":"https:\/\/noti-america.com\/site\/ecuador\/wp-json\/wp\/v2\/comments?post=24727"}],"version-history":[{"count":1,"href":"https:\/\/noti-america.com\/site\/ecuador\/wp-json\/wp\/v2\/posts\/24727\/revisions"}],"predecessor-version":[{"id":24729,"href":"https:\/\/noti-america.com\/site\/ecuador\/wp-json\/wp\/v2\/posts\/24727\/revisions\/24729"}],"wp:featuredmedia":[{"embeddable":true,"href":"https:\/\/noti-america.com\/site\/ecuador\/wp-json\/wp\/v2\/media\/24728"}],"wp:attachment":[{"href":"https:\/\/noti-america.com\/site\/ecuador\/wp-json\/wp\/v2\/media?parent=24727"}],"wp:term":[{"taxonomy":"category","embeddable":true,"href":"https:\/\/noti-america.com\/site\/ecuador\/wp-json\/wp\/v2\/categories?post=24727"},{"taxonomy":"post_tag","embeddable":true,"href":"https:\/\/noti-america.com\/site\/ecuador\/wp-json\/wp\/v2\/tags?post=24727"}],"curies":[{"name":"wp","href":"https:\/\/api.w.org\/{rel}","templated":true}]}}