{"id":24580,"date":"2023-03-30T00:05:21","date_gmt":"2023-03-30T00:05:21","guid":{"rendered":"https:\/\/noti-america.com\/site\/ecuador\/?p=24580"},"modified":"2023-03-30T00:05:21","modified_gmt":"2023-03-30T00:05:21","slug":"hospital-de-duran-cuenta-con-tomografo-de-alta-tecnologia","status":"publish","type":"post","link":"https:\/\/noti-america.com\/site\/ecuador\/2023\/03\/30\/hospital-de-duran-cuenta-con-tomografo-de-alta-tecnologia\/","title":{"rendered":"Hospital de Dur\u00e1n cuenta con tom\u00f3grafo de alta tecnolog\u00eda"},"content":{"rendered":"<p>REDACCI\u00d3N NOTI-AM\u00c9RICA (ECUADOR)<\/p>\n<p>AUTOR: <strong>Henry Garrido.<\/strong><\/p>\n<div id=\"attachment_24581\" style=\"width: 277px\" class=\"wp-caption alignleft\"><img loading=\"lazy\" decoding=\"async\" aria-describedby=\"caption-attachment-24581\" class=\" wp-image-24581\" src=\"https:\/\/noti-america.com\/site\/ecuador\/wp-content\/uploads\/sites\/18\/2023\/03\/12775685-c8ba-4a88-91fd-7a4a530d5739-300x200.jpg\" alt=\"\" width=\"267\" height=\"178\" srcset=\"https:\/\/noti-america.com\/site\/ecuador\/wp-content\/uploads\/sites\/18\/2023\/03\/12775685-c8ba-4a88-91fd-7a4a530d5739-300x200.jpg 300w, https:\/\/noti-america.com\/site\/ecuador\/wp-content\/uploads\/sites\/18\/2023\/03\/12775685-c8ba-4a88-91fd-7a4a530d5739-272x182.jpg 272w, https:\/\/noti-america.com\/site\/ecuador\/wp-content\/uploads\/sites\/18\/2023\/03\/12775685-c8ba-4a88-91fd-7a4a530d5739.jpg 512w\" sizes=\"auto, (max-width: 267px) 100vw, 267px\" \/><p id=\"caption-attachment-24581\" class=\"wp-caption-text\">El nuevo tom\u00f3grafo cuenta con alta tecnolog\u00eda.<\/p><\/div>\n<p style=\"text-align: justify\">Con la finalidad de garantizar una atenci\u00f3n de calidad con tecnolog\u00eda de punta para los usuarios del Hospital General Dr. Enrique Ortega Moreira de Dur\u00e1n, gestion\u00f3 la donaci\u00f3n por parte del gobierno japon\u00e9s, de un tom\u00f3grafo multicorte capaz de escanear el cuerpo humano en 16 segundos y reconstruir hasta 128 im\u00e1genes tridimensionales.<\/p>\n<p style=\"text-align: justify\">El equipo, marca Canon Prime SP Aquilion, permite mayor amplitud, nitidez y precisi\u00f3n en los resultados. Tiene pantalla t\u00e1ctil, navegaci\u00f3n virtual y posee una camilla que ejecuta movimientos autom\u00e1ticos, asegurando exactitud en las tomas.<\/p>\n<p style=\"text-align: justify\">La cooperaci\u00f3n del gobierno de Jap\u00f3n comprende la instalaci\u00f3n del equipo, pruebas de funcionamiento y capacitaci\u00f3n del personal para el \u00f3ptimo funcionamiento del mismo.\u00a0 Una vez implementado, el equipo realizar\u00e1 alrededor de 500 tomograf\u00edas mensuales de t\u00f3rax, abdomen, cerebrales, \u00f3seas y de partes blandas; de gran utilidad para cirug\u00edas cardiacas, pulmonares, de col\u00f3n, entre otras.<\/p>\n<p style=\"text-align: justify\">Este tipo de pruebas computarizadas son completamente seguras, crean im\u00e1genes detalladas del interior del cuerpo humano, que incluyen la visualizaci\u00f3n de est\u00f3mago, vasos sangu\u00edneos, vejiga, laringe, etc.<\/p>\n<p style=\"text-align: justify\">Este tipo de pruebas computarizadas son completamente seguras, crean im\u00e1genes detalladas del interior del cuerpo humano, que incluyen la visualizaci\u00f3n de est\u00f3mago, vasos sangu\u00edneos, vejiga, laringe, etc.<\/p>\n","protected":false},"excerpt":{"rendered":"<p>REDACCI\u00d3N NOTI-AM\u00c9RICA (ECUADOR) AUTOR: Henry Garrido. Con la finalidad de garantizar una atenci\u00f3n de calidad con tecnolog\u00eda de punta para los usuarios del Hospital General Dr. Enrique Ortega Moreira de Dur\u00e1n, gestion\u00f3 la donaci\u00f3n&#46;&#46;&#46;<\/p>\n","protected":false},"author":17,"featured_media":24581,"comment_status":"open","ping_status":"open","sticky":false,"template":"","format":"standard","meta":{"_acf_changed":false,"om_disable_all_campaigns":false,"rop_custom_images_group":[],"rop_custom_messages_group":[],"rop_publish_now":"initial","rop_publish_now_accounts":{"twitter_242054905_242054905":""},"rop_publish_now_history":[],"rop_publish_now_status":"pending","_uf_show_specific_survey":0,"_uf_disable_surveys":false,"footnotes":""},"categories":[35],"tags":[],"class_list":["post-24580","post","type-post","status-publish","format-standard","has-post-thumbnail","hentry","category-salud"],"acf":[],"aioseo_notices":[],"yoast_head":"<!-- This site is optimized with the Yoast SEO Premium plugin v24.9 (Yoast SEO v27.2) - https:\/\/yoast.com\/product\/yoast-seo-premium-wordpress\/ -->\n<title>Hospital de Dur\u00e1n cuenta con tom\u00f3grafo de alta tecnolog\u00eda - Ecuador | Noti-America.com<\/title>\n<meta name=\"robots\" content=\"index, follow, max-snippet:-1, max-image-preview:large, max-video-preview:-1\" \/>\n<link rel=\"canonical\" href=\"https:\/\/noti-america.com\/site\/ecuador\/2023\/03\/30\/hospital-de-duran-cuenta-con-tomografo-de-alta-tecnologia\/\" \/>\n<meta property=\"og:locale\" content=\"es_ES\" \/>\n<meta property=\"og:type\" content=\"article\" \/>\n<meta property=\"og:title\" content=\"Hospital de Dur\u00e1n cuenta con tom\u00f3grafo de alta tecnolog\u00eda\" \/>\n<meta property=\"og:description\" content=\"REDACCI\u00d3N NOTI-AM\u00c9RICA (ECUADOR) AUTOR: Henry Garrido. Con la finalidad de garantizar una atenci\u00f3n de calidad con tecnolog\u00eda de punta para los usuarios del Hospital General Dr. Enrique Ortega Moreira de Dur\u00e1n, gestion\u00f3 la donaci\u00f3n&#046;&#046;&#046;\" \/>\n<meta property=\"og:url\" content=\"https:\/\/noti-america.com\/site\/ecuador\/2023\/03\/30\/hospital-de-duran-cuenta-con-tomografo-de-alta-tecnologia\/\" \/>\n<meta property=\"og:site_name\" content=\"Ecuador | Noti-America.com\" \/>\n<meta property=\"article:published_time\" content=\"2023-03-30T00:05:21+00:00\" \/>\n<meta property=\"og:image\" content=\"https:\/\/noti-america.com\/site\/ecuador\/wp-content\/uploads\/sites\/18\/2023\/03\/12775685-c8ba-4a88-91fd-7a4a530d5739.jpg\" \/>\n\t<meta property=\"og:image:width\" content=\"512\" \/>\n\t<meta property=\"og:image:height\" content=\"341\" \/>\n\t<meta property=\"og:image:type\" content=\"image\/jpeg\" \/>\n<meta name=\"author\" content=\"Gregory Quintana Montiel\" \/>\n<meta name=\"twitter:card\" content=\"summary_large_image\" \/>\n<meta name=\"twitter:creator\" content=\"@gdgregori1\" \/>\n<meta name=\"twitter:site\" content=\"@notiamerica\" \/>\n<meta name=\"twitter:label1\" content=\"Escrito por\" \/>\n\t<meta name=\"twitter:data1\" content=\"Gregory Quintana Montiel\" \/>\n\t<meta name=\"twitter:label2\" content=\"Tiempo estimado de lectura\" \/>\n\t<meta name=\"twitter:data2\" content=\"2 minutos\" \/>\n<script type=\"application\/ld+json\" class=\"yoast-schema-graph\">{\"@context\":\"https:\/\/schema.org\",\"@graph\":[{\"@type\":\"Article\",\"@id\":\"https:\/\/noti-america.com\/site\/ecuador\/2023\/03\/30\/hospital-de-duran-cuenta-con-tomografo-de-alta-tecnologia\/#article\",\"isPartOf\":{\"@id\":\"https:\/\/noti-america.com\/site\/ecuador\/2023\/03\/30\/hospital-de-duran-cuenta-con-tomografo-de-alta-tecnologia\/\"},\"author\":{\"name\":\"Gregory Quintana Montiel\",\"@id\":\"https:\/\/noti-america.com\/site\/ecuador\/#\/schema\/person\/3b975e42f15abfe64bfe3abdd916efda\"},\"headline\":\"Hospital de Dur\u00e1n cuenta con tom\u00f3grafo de alta tecnolog\u00eda\",\"datePublished\":\"2023-03-30T00:05:21+00:00\",\"mainEntityOfPage\":{\"@id\":\"https:\/\/noti-america.com\/site\/ecuador\/2023\/03\/30\/hospital-de-duran-cuenta-con-tomografo-de-alta-tecnologia\/\"},\"wordCount\":255,\"commentCount\":0,\"publisher\":{\"@id\":\"https:\/\/noti-america.com\/site\/ecuador\/#organization\"},\"image\":{\"@id\":\"https:\/\/noti-america.com\/site\/ecuador\/2023\/03\/30\/hospital-de-duran-cuenta-con-tomografo-de-alta-tecnologia\/#primaryimage\"},\"thumbnailUrl\":\"https:\/\/noti-america.com\/site\/ecuador\/wp-content\/uploads\/sites\/18\/2023\/03\/12775685-c8ba-4a88-91fd-7a4a530d5739.jpg\",\"articleSection\":[\"Salud\"],\"inLanguage\":\"es\",\"potentialAction\":[{\"@type\":\"CommentAction\",\"name\":\"Comment\",\"target\":[\"https:\/\/noti-america.com\/site\/ecuador\/2023\/03\/30\/hospital-de-duran-cuenta-con-tomografo-de-alta-tecnologia\/#respond\"]}]},{\"@type\":\"WebPage\",\"@id\":\"https:\/\/noti-america.com\/site\/ecuador\/2023\/03\/30\/hospital-de-duran-cuenta-con-tomografo-de-alta-tecnologia\/\",\"url\":\"https:\/\/noti-america.com\/site\/ecuador\/2023\/03\/30\/hospital-de-duran-cuenta-con-tomografo-de-alta-tecnologia\/\",\"name\":\"Hospital de Dur\u00e1n cuenta con tom\u00f3grafo de alta tecnolog\u00eda - Ecuador | Noti-America.com\",\"isPartOf\":{\"@id\":\"https:\/\/noti-america.com\/site\/ecuador\/#website\"},\"primaryImageOfPage\":{\"@id\":\"https:\/\/noti-america.com\/site\/ecuador\/2023\/03\/30\/hospital-de-duran-cuenta-con-tomografo-de-alta-tecnologia\/#primaryimage\"},\"image\":{\"@id\":\"https:\/\/noti-america.com\/site\/ecuador\/2023\/03\/30\/hospital-de-duran-cuenta-con-tomografo-de-alta-tecnologia\/#primaryimage\"},\"thumbnailUrl\":\"https:\/\/noti-america.com\/site\/ecuador\/wp-content\/uploads\/sites\/18\/2023\/03\/12775685-c8ba-4a88-91fd-7a4a530d5739.jpg\",\"datePublished\":\"2023-03-30T00:05:21+00:00\",\"breadcrumb\":{\"@id\":\"https:\/\/noti-america.com\/site\/ecuador\/2023\/03\/30\/hospital-de-duran-cuenta-con-tomografo-de-alta-tecnologia\/#breadcrumb\"},\"inLanguage\":\"es\",\"potentialAction\":[{\"@type\":\"ReadAction\",\"target\":[\"https:\/\/noti-america.com\/site\/ecuador\/2023\/03\/30\/hospital-de-duran-cuenta-con-tomografo-de-alta-tecnologia\/\"]}]},{\"@type\":\"ImageObject\",\"inLanguage\":\"es\",\"@id\":\"https:\/\/noti-america.com\/site\/ecuador\/2023\/03\/30\/hospital-de-duran-cuenta-con-tomografo-de-alta-tecnologia\/#primaryimage\",\"url\":\"https:\/\/noti-america.com\/site\/ecuador\/wp-content\/uploads\/sites\/18\/2023\/03\/12775685-c8ba-4a88-91fd-7a4a530d5739.jpg\",\"contentUrl\":\"https:\/\/noti-america.com\/site\/ecuador\/wp-content\/uploads\/sites\/18\/2023\/03\/12775685-c8ba-4a88-91fd-7a4a530d5739.jpg\",\"width\":512,\"height\":341},{\"@type\":\"BreadcrumbList\",\"@id\":\"https:\/\/noti-america.com\/site\/ecuador\/2023\/03\/30\/hospital-de-duran-cuenta-con-tomografo-de-alta-tecnologia\/#breadcrumb\",\"itemListElement\":[{\"@type\":\"ListItem\",\"position\":1,\"name\":\"Portada\",\"item\":\"https:\/\/noti-america.com\/site\/ecuador\/\"},{\"@type\":\"ListItem\",\"position\":2,\"name\":\"Hospital de Dur\u00e1n cuenta con tom\u00f3grafo de alta tecnolog\u00eda\"}]},{\"@type\":\"WebSite\",\"@id\":\"https:\/\/noti-america.com\/site\/ecuador\/#website\",\"url\":\"https:\/\/noti-america.com\/site\/ecuador\/\",\"name\":\"Ecuador | Noti-America.com\",\"description\":\"\",\"publisher\":{\"@id\":\"https:\/\/noti-america.com\/site\/ecuador\/#organization\"},\"potentialAction\":[{\"@type\":\"SearchAction\",\"target\":{\"@type\":\"EntryPoint\",\"urlTemplate\":\"https:\/\/noti-america.com\/site\/ecuador\/?s={search_term_string}\"},\"query-input\":{\"@type\":\"PropertyValueSpecification\",\"valueRequired\":true,\"valueName\":\"search_term_string\"}}],\"inLanguage\":\"es\"},{\"@type\":\"Organization\",\"@id\":\"https:\/\/noti-america.com\/site\/ecuador\/#organization\",\"name\":\"Noti-America LLC | Ecuador\",\"url\":\"https:\/\/noti-america.com\/site\/ecuador\/\",\"logo\":{\"@type\":\"ImageObject\",\"inLanguage\":\"es\",\"@id\":\"https:\/\/noti-america.com\/site\/ecuador\/#\/schema\/logo\/image\/\",\"url\":\"https:\/\/noti-america.com\/site\/ecuador\/wp-content\/uploads\/sites\/18\/2020\/07\/LogoNA-4x3-1.jpg\",\"contentUrl\":\"https:\/\/noti-america.com\/site\/ecuador\/wp-content\/uploads\/sites\/18\/2020\/07\/LogoNA-4x3-1.jpg\",\"width\":1236,\"height\":1080,\"caption\":\"Noti-America LLC | Ecuador\"},\"image\":{\"@id\":\"https:\/\/noti-america.com\/site\/ecuador\/#\/schema\/logo\/image\/\"},\"sameAs\":[\"https:\/\/x.com\/notiamerica\"]},{\"@type\":\"Person\",\"@id\":\"https:\/\/noti-america.com\/site\/ecuador\/#\/schema\/person\/3b975e42f15abfe64bfe3abdd916efda\",\"name\":\"Gregory Quintana Montiel\",\"image\":{\"@type\":\"ImageObject\",\"inLanguage\":\"es\",\"@id\":\"https:\/\/secure.gravatar.com\/avatar\/2d6b802f7720c2ec7744dcbe608cc2f3417aeb964d58b443c6d612b77531de1d?s=96&d=mm&r=g\",\"url\":\"https:\/\/secure.gravatar.com\/avatar\/2d6b802f7720c2ec7744dcbe608cc2f3417aeb964d58b443c6d612b77531de1d?s=96&d=mm&r=g\",\"contentUrl\":\"https:\/\/secure.gravatar.com\/avatar\/2d6b802f7720c2ec7744dcbe608cc2f3417aeb964d58b443c6d612b77531de1d?s=96&d=mm&r=g\",\"caption\":\"Gregory Quintana Montiel\"},\"description\":\"Licenciatura en Ciencias de la Comunicaci\u00f3n Social, egresado en la Especializaci\u00f3n Derecho Ambiental Desarrollo Sostenible y Sustentable, Miembro de la Comunidad de profesionales y experto para Latinoam\u00e9rica y el Caribe en Gesti\u00f3n por Resultado en el Desarrollo (COPLAC - GpRD) del Banco Interamericano de Desarrollo, experiencia en medios radiales y escritos.\",\"sameAs\":[\"https:\/\/x.com\/gdgregori1\",\"gquintana\"],\"url\":\"https:\/\/noti-america.com\/site\/ecuador\/author\/gquintana\/\"}]}<\/script>\n<!-- \/ Yoast SEO Premium plugin. -->","yoast_head_json":{"title":"Hospital de Dur\u00e1n cuenta con tom\u00f3grafo de alta tecnolog\u00eda - Ecuador | Noti-America.com","robots":{"index":"index","follow":"follow","max-snippet":"max-snippet:-1","max-image-preview":"max-image-preview:large","max-video-preview":"max-video-preview:-1"},"canonical":"https:\/\/noti-america.com\/site\/ecuador\/2023\/03\/30\/hospital-de-duran-cuenta-con-tomografo-de-alta-tecnologia\/","og_locale":"es_ES","og_type":"article","og_title":"Hospital de Dur\u00e1n cuenta con tom\u00f3grafo de alta tecnolog\u00eda","og_description":"REDACCI\u00d3N NOTI-AM\u00c9RICA (ECUADOR) AUTOR: Henry Garrido. Con la finalidad de garantizar una atenci\u00f3n de calidad con tecnolog\u00eda de punta para los usuarios del Hospital General Dr. Enrique Ortega Moreira de Dur\u00e1n, gestion\u00f3 la donaci\u00f3n&#46;&#46;&#46;","og_url":"https:\/\/noti-america.com\/site\/ecuador\/2023\/03\/30\/hospital-de-duran-cuenta-con-tomografo-de-alta-tecnologia\/","og_site_name":"Ecuador | Noti-America.com","article_published_time":"2023-03-30T00:05:21+00:00","og_image":[{"width":512,"height":341,"url":"https:\/\/noti-america.com\/site\/ecuador\/wp-content\/uploads\/sites\/18\/2023\/03\/12775685-c8ba-4a88-91fd-7a4a530d5739.jpg","type":"image\/jpeg"}],"author":"Gregory Quintana Montiel","twitter_card":"summary_large_image","twitter_creator":"@gdgregori1","twitter_site":"@notiamerica","twitter_misc":{"Escrito por":"Gregory Quintana Montiel","Tiempo estimado de lectura":"2 minutos"},"schema":{"@context":"https:\/\/schema.org","@graph":[{"@type":"Article","@id":"https:\/\/noti-america.com\/site\/ecuador\/2023\/03\/30\/hospital-de-duran-cuenta-con-tomografo-de-alta-tecnologia\/#article","isPartOf":{"@id":"https:\/\/noti-america.com\/site\/ecuador\/2023\/03\/30\/hospital-de-duran-cuenta-con-tomografo-de-alta-tecnologia\/"},"author":{"name":"Gregory Quintana Montiel","@id":"https:\/\/noti-america.com\/site\/ecuador\/#\/schema\/person\/3b975e42f15abfe64bfe3abdd916efda"},"headline":"Hospital de Dur\u00e1n cuenta con tom\u00f3grafo de alta tecnolog\u00eda","datePublished":"2023-03-30T00:05:21+00:00","mainEntityOfPage":{"@id":"https:\/\/noti-america.com\/site\/ecuador\/2023\/03\/30\/hospital-de-duran-cuenta-con-tomografo-de-alta-tecnologia\/"},"wordCount":255,"commentCount":0,"publisher":{"@id":"https:\/\/noti-america.com\/site\/ecuador\/#organization"},"image":{"@id":"https:\/\/noti-america.com\/site\/ecuador\/2023\/03\/30\/hospital-de-duran-cuenta-con-tomografo-de-alta-tecnologia\/#primaryimage"},"thumbnailUrl":"https:\/\/noti-america.com\/site\/ecuador\/wp-content\/uploads\/sites\/18\/2023\/03\/12775685-c8ba-4a88-91fd-7a4a530d5739.jpg","articleSection":["Salud"],"inLanguage":"es","potentialAction":[{"@type":"CommentAction","name":"Comment","target":["https:\/\/noti-america.com\/site\/ecuador\/2023\/03\/30\/hospital-de-duran-cuenta-con-tomografo-de-alta-tecnologia\/#respond"]}]},{"@type":"WebPage","@id":"https:\/\/noti-america.com\/site\/ecuador\/2023\/03\/30\/hospital-de-duran-cuenta-con-tomografo-de-alta-tecnologia\/","url":"https:\/\/noti-america.com\/site\/ecuador\/2023\/03\/30\/hospital-de-duran-cuenta-con-tomografo-de-alta-tecnologia\/","name":"Hospital de Dur\u00e1n cuenta con tom\u00f3grafo de alta tecnolog\u00eda - Ecuador | Noti-America.com","isPartOf":{"@id":"https:\/\/noti-america.com\/site\/ecuador\/#website"},"primaryImageOfPage":{"@id":"https:\/\/noti-america.com\/site\/ecuador\/2023\/03\/30\/hospital-de-duran-cuenta-con-tomografo-de-alta-tecnologia\/#primaryimage"},"image":{"@id":"https:\/\/noti-america.com\/site\/ecuador\/2023\/03\/30\/hospital-de-duran-cuenta-con-tomografo-de-alta-tecnologia\/#primaryimage"},"thumbnailUrl":"https:\/\/noti-america.com\/site\/ecuador\/wp-content\/uploads\/sites\/18\/2023\/03\/12775685-c8ba-4a88-91fd-7a4a530d5739.jpg","datePublished":"2023-03-30T00:05:21+00:00","breadcrumb":{"@id":"https:\/\/noti-america.com\/site\/ecuador\/2023\/03\/30\/hospital-de-duran-cuenta-con-tomografo-de-alta-tecnologia\/#breadcrumb"},"inLanguage":"es","potentialAction":[{"@type":"ReadAction","target":["https:\/\/noti-america.com\/site\/ecuador\/2023\/03\/30\/hospital-de-duran-cuenta-con-tomografo-de-alta-tecnologia\/"]}]},{"@type":"ImageObject","inLanguage":"es","@id":"https:\/\/noti-america.com\/site\/ecuador\/2023\/03\/30\/hospital-de-duran-cuenta-con-tomografo-de-alta-tecnologia\/#primaryimage","url":"https:\/\/noti-america.com\/site\/ecuador\/wp-content\/uploads\/sites\/18\/2023\/03\/12775685-c8ba-4a88-91fd-7a4a530d5739.jpg","contentUrl":"https:\/\/noti-america.com\/site\/ecuador\/wp-content\/uploads\/sites\/18\/2023\/03\/12775685-c8ba-4a88-91fd-7a4a530d5739.jpg","width":512,"height":341},{"@type":"BreadcrumbList","@id":"https:\/\/noti-america.com\/site\/ecuador\/2023\/03\/30\/hospital-de-duran-cuenta-con-tomografo-de-alta-tecnologia\/#breadcrumb","itemListElement":[{"@type":"ListItem","position":1,"name":"Portada","item":"https:\/\/noti-america.com\/site\/ecuador\/"},{"@type":"ListItem","position":2,"name":"Hospital de Dur\u00e1n cuenta con tom\u00f3grafo de alta tecnolog\u00eda"}]},{"@type":"WebSite","@id":"https:\/\/noti-america.com\/site\/ecuador\/#website","url":"https:\/\/noti-america.com\/site\/ecuador\/","name":"Ecuador | Noti-America.com","description":"","publisher":{"@id":"https:\/\/noti-america.com\/site\/ecuador\/#organization"},"potentialAction":[{"@type":"SearchAction","target":{"@type":"EntryPoint","urlTemplate":"https:\/\/noti-america.com\/site\/ecuador\/?s={search_term_string}"},"query-input":{"@type":"PropertyValueSpecification","valueRequired":true,"valueName":"search_term_string"}}],"inLanguage":"es"},{"@type":"Organization","@id":"https:\/\/noti-america.com\/site\/ecuador\/#organization","name":"Noti-America LLC | Ecuador","url":"https:\/\/noti-america.com\/site\/ecuador\/","logo":{"@type":"ImageObject","inLanguage":"es","@id":"https:\/\/noti-america.com\/site\/ecuador\/#\/schema\/logo\/image\/","url":"https:\/\/noti-america.com\/site\/ecuador\/wp-content\/uploads\/sites\/18\/2020\/07\/LogoNA-4x3-1.jpg","contentUrl":"https:\/\/noti-america.com\/site\/ecuador\/wp-content\/uploads\/sites\/18\/2020\/07\/LogoNA-4x3-1.jpg","width":1236,"height":1080,"caption":"Noti-America LLC | Ecuador"},"image":{"@id":"https:\/\/noti-america.com\/site\/ecuador\/#\/schema\/logo\/image\/"},"sameAs":["https:\/\/x.com\/notiamerica"]},{"@type":"Person","@id":"https:\/\/noti-america.com\/site\/ecuador\/#\/schema\/person\/3b975e42f15abfe64bfe3abdd916efda","name":"Gregory Quintana Montiel","image":{"@type":"ImageObject","inLanguage":"es","@id":"https:\/\/secure.gravatar.com\/avatar\/2d6b802f7720c2ec7744dcbe608cc2f3417aeb964d58b443c6d612b77531de1d?s=96&d=mm&r=g","url":"https:\/\/secure.gravatar.com\/avatar\/2d6b802f7720c2ec7744dcbe608cc2f3417aeb964d58b443c6d612b77531de1d?s=96&d=mm&r=g","contentUrl":"https:\/\/secure.gravatar.com\/avatar\/2d6b802f7720c2ec7744dcbe608cc2f3417aeb964d58b443c6d612b77531de1d?s=96&d=mm&r=g","caption":"Gregory Quintana Montiel"},"description":"Licenciatura en Ciencias de la Comunicaci\u00f3n Social, egresado en la Especializaci\u00f3n Derecho Ambiental Desarrollo Sostenible y Sustentable, Miembro de la Comunidad de profesionales y experto para Latinoam\u00e9rica y el Caribe en Gesti\u00f3n por Resultado en el Desarrollo (COPLAC - GpRD) del Banco Interamericano de Desarrollo, experiencia en medios radiales y escritos.","sameAs":["https:\/\/x.com\/gdgregori1","gquintana"],"url":"https:\/\/noti-america.com\/site\/ecuador\/author\/gquintana\/"}]}},"_links":{"self":[{"href":"https:\/\/noti-america.com\/site\/ecuador\/wp-json\/wp\/v2\/posts\/24580","targetHints":{"allow":["GET"]}}],"collection":[{"href":"https:\/\/noti-america.com\/site\/ecuador\/wp-json\/wp\/v2\/posts"}],"about":[{"href":"https:\/\/noti-america.com\/site\/ecuador\/wp-json\/wp\/v2\/types\/post"}],"author":[{"embeddable":true,"href":"https:\/\/noti-america.com\/site\/ecuador\/wp-json\/wp\/v2\/users\/17"}],"replies":[{"embeddable":true,"href":"https:\/\/noti-america.com\/site\/ecuador\/wp-json\/wp\/v2\/comments?post=24580"}],"version-history":[{"count":1,"href":"https:\/\/noti-america.com\/site\/ecuador\/wp-json\/wp\/v2\/posts\/24580\/revisions"}],"predecessor-version":[{"id":24582,"href":"https:\/\/noti-america.com\/site\/ecuador\/wp-json\/wp\/v2\/posts\/24580\/revisions\/24582"}],"wp:featuredmedia":[{"embeddable":true,"href":"https:\/\/noti-america.com\/site\/ecuador\/wp-json\/wp\/v2\/media\/24581"}],"wp:attachment":[{"href":"https:\/\/noti-america.com\/site\/ecuador\/wp-json\/wp\/v2\/media?parent=24580"}],"wp:term":[{"taxonomy":"category","embeddable":true,"href":"https:\/\/noti-america.com\/site\/ecuador\/wp-json\/wp\/v2\/categories?post=24580"},{"taxonomy":"post_tag","embeddable":true,"href":"https:\/\/noti-america.com\/site\/ecuador\/wp-json\/wp\/v2\/tags?post=24580"}],"curies":[{"name":"wp","href":"https:\/\/api.w.org\/{rel}","templated":true}]}}