{"id":24500,"date":"2023-03-22T01:03:56","date_gmt":"2023-03-22T01:03:56","guid":{"rendered":"https:\/\/noti-america.com\/site\/ecuador\/?p=24500"},"modified":"2023-03-22T01:03:56","modified_gmt":"2023-03-22T01:03:56","slug":"ecuador-capacita-a-productores-sobre-el-reciclaje-de-envases-vacios-de-agroquimicos","status":"publish","type":"post","link":"https:\/\/noti-america.com\/site\/ecuador\/2023\/03\/22\/ecuador-capacita-a-productores-sobre-el-reciclaje-de-envases-vacios-de-agroquimicos\/","title":{"rendered":"Ecuador capacita a productores sobre el reciclaje de envases vac\u00edos de agroqu\u00edmicos"},"content":{"rendered":"<p>REDACCI\u00d3N NOTI AM\u00c9RICA <span style=\"color: #000000\"><strong>(ECUADOR)<\/strong><\/span><\/p>\n<div style=\"width: 1610px\" class=\"wp-caption alignnone\"><img loading=\"lazy\" decoding=\"async\" src=\"https:\/\/www.agricultura.gob.ec\/wp-content\/uploads\/2023\/03\/Foto-Boletin-21Marzo-El-reciclaje-de-envases-vacios-de-agroquimicos-se-socializa-en-Pindal-y-Zapotillo.jpg\" alt=\"\" width=\"1600\" height=\"923\" \/><p class=\"wp-caption-text\">El reciclaje de envases vac\u00edos de agroqu\u00edmicos se socializa en Pindal y Zapotillo<\/p><\/div>\n<p style=\"text-align: justify\">Con el prop\u00f3sito de contribuir a la reducci\u00f3n de la contaminaci\u00f3n ambiental realizando un adecuado proceso de reciclado y disposici\u00f3n final de envases vac\u00edos de agroqu\u00edmicos, el Ministerio de Agricultura y Ganader\u00eda (MAG), a trav\u00e9s de la Direcci\u00f3n Distrital de Loja, capacita a los productores de los cantones Pindal y Zapotillo.<\/p>\n<p style=\"text-align: justify\">Las charlas te\u00f3rico-pr\u00e1ctico se realizan en el sector, donde se exponen las pr\u00e1cticas para un adecuado manejo de agroqu\u00edmicos y la disposici\u00f3n final de los respectivos envases vac\u00edos. En los \u00faltimos d\u00edas se capacitaron a quince productores maiceros de la parroquia Milagros, del cant\u00f3n Pindal, donde se logr\u00f3 contar con gran acogida y compromiso por esta actividad, quienes llevaron los envases vac\u00edos para que sean reciclados adecuadamente.<\/p>\n<p style=\"text-align: justify\">Adicional en esta capacitaci\u00f3n se orient\u00f3 sobre el control adecuado de plagas y enfermedades en los culticos, nutrici\u00f3n balanceada del cultivo de ma\u00edz, entre otros temas.<\/p>\n<p style=\"text-align: justify\">La iniciativa para la recolecci\u00f3n y el acopio de los envases pl\u00e1sticos de uso agropecuario, se la viene implementando a\u00f1os atr\u00e1s, donde se han obtenido buenos resultados, y es conocida por los productores en toda la provincia de Loja, y gracias a este trabajo se cuenta con varios centros de acopio primarios, y un centro de acopio temporal, implementado con la Asociaci\u00f3n de la Industria de Protecci\u00f3n de Cultivos y Salud Animal (APCSA), en la parroquia El Tambo, del cant\u00f3n Catamayo.<\/p>\n<p style=\"text-align: justify\">David Mart\u00ednez, t\u00e9cnico del Proyecto PIATER del MAG, sostuvo que esta es una de muchas acciones sostenibles que el Gobierno implementa para salvaguardar la salud de los productores y cuidar el medio ambiente, ya que estos envases de insumos agropecuarios muchas veces son utilizados para almacenar agua, la cual en algunos casos es para beber y ocasiona da\u00f1os a la salud; adem\u00e1s, tambi\u00e9n se convierten en posibles focos de contaminaci\u00f3n de cultivos agr\u00edcolas, entre otros.<\/p>\n","protected":false},"excerpt":{"rendered":"<p>REDACCI\u00d3N NOTI AM\u00c9RICA (ECUADOR) Con el prop\u00f3sito de contribuir a la reducci\u00f3n de la contaminaci\u00f3n ambiental realizando un adecuado proceso de reciclado y disposici\u00f3n final de envases vac\u00edos de agroqu\u00edmicos, el Ministerio de Agricultura&#46;&#46;&#46;<\/p>\n","protected":false},"author":17,"featured_media":24501,"comment_status":"open","ping_status":"open","sticky":false,"template":"","format":"standard","meta":{"_acf_changed":false,"om_disable_all_campaigns":false,"rop_custom_images_group":[],"rop_custom_messages_group":[],"rop_publish_now":"initial","rop_publish_now_accounts":{"twitter_242054905_242054905":""},"rop_publish_now_history":[],"rop_publish_now_status":"pending","_uf_show_specific_survey":0,"_uf_disable_surveys":false,"footnotes":""},"categories":[83],"tags":[],"class_list":["post-24500","post","type-post","status-publish","format-standard","has-post-thumbnail","hentry","category-agricultura"],"acf":[],"aioseo_notices":[],"yoast_head":"<!-- This site is optimized with the Yoast SEO Premium plugin v24.9 (Yoast SEO v27.2) - https:\/\/yoast.com\/product\/yoast-seo-premium-wordpress\/ -->\n<title>Ecuador capacita a productores sobre el reciclaje de envases vac\u00edos de agroqu\u00edmicos - Ecuador | Noti-America.com<\/title>\n<meta name=\"robots\" content=\"index, follow, max-snippet:-1, max-image-preview:large, max-video-preview:-1\" \/>\n<link rel=\"canonical\" href=\"https:\/\/noti-america.com\/site\/ecuador\/2023\/03\/22\/ecuador-capacita-a-productores-sobre-el-reciclaje-de-envases-vacios-de-agroquimicos\/\" \/>\n<meta property=\"og:locale\" content=\"es_ES\" \/>\n<meta property=\"og:type\" content=\"article\" \/>\n<meta property=\"og:title\" content=\"Ecuador capacita a productores sobre el reciclaje de envases vac\u00edos de agroqu\u00edmicos\" \/>\n<meta property=\"og:description\" content=\"REDACCI\u00d3N NOTI AM\u00c9RICA (ECUADOR) Con el prop\u00f3sito de contribuir a la reducci\u00f3n de la contaminaci\u00f3n ambiental realizando un adecuado proceso de reciclado y disposici\u00f3n final de envases vac\u00edos de agroqu\u00edmicos, el Ministerio de Agricultura&#046;&#046;&#046;\" \/>\n<meta property=\"og:url\" content=\"https:\/\/noti-america.com\/site\/ecuador\/2023\/03\/22\/ecuador-capacita-a-productores-sobre-el-reciclaje-de-envases-vacios-de-agroquimicos\/\" \/>\n<meta property=\"og:site_name\" content=\"Ecuador | Noti-America.com\" \/>\n<meta property=\"article:published_time\" content=\"2023-03-22T01:03:56+00:00\" \/>\n<meta property=\"og:image\" content=\"https:\/\/noti-america.com\/site\/ecuador\/wp-content\/uploads\/sites\/18\/2023\/03\/Foto-Boletin-21Marzo-El-reciclaje-de-envases-vacios-de-agroquimicos-se-socializa-en-Pindal-y-Zapotillo-1024x591-1.jpg\" \/>\n\t<meta property=\"og:image:width\" content=\"1024\" \/>\n\t<meta property=\"og:image:height\" content=\"591\" \/>\n\t<meta property=\"og:image:type\" content=\"image\/jpeg\" \/>\n<meta name=\"author\" content=\"Gregory Quintana Montiel\" \/>\n<meta name=\"twitter:card\" content=\"summary_large_image\" \/>\n<meta name=\"twitter:creator\" content=\"@gdgregori1\" \/>\n<meta name=\"twitter:site\" content=\"@notiamerica\" \/>\n<meta name=\"twitter:label1\" content=\"Escrito por\" \/>\n\t<meta name=\"twitter:data1\" content=\"Gregory Quintana Montiel\" \/>\n\t<meta name=\"twitter:label2\" content=\"Tiempo estimado de lectura\" \/>\n\t<meta name=\"twitter:data2\" content=\"2 minutos\" \/>\n<script type=\"application\/ld+json\" class=\"yoast-schema-graph\">{\"@context\":\"https:\/\/schema.org\",\"@graph\":[{\"@type\":\"Article\",\"@id\":\"https:\/\/noti-america.com\/site\/ecuador\/2023\/03\/22\/ecuador-capacita-a-productores-sobre-el-reciclaje-de-envases-vacios-de-agroquimicos\/#article\",\"isPartOf\":{\"@id\":\"https:\/\/noti-america.com\/site\/ecuador\/2023\/03\/22\/ecuador-capacita-a-productores-sobre-el-reciclaje-de-envases-vacios-de-agroquimicos\/\"},\"author\":{\"name\":\"Gregory Quintana Montiel\",\"@id\":\"https:\/\/noti-america.com\/site\/ecuador\/#\/schema\/person\/3b975e42f15abfe64bfe3abdd916efda\"},\"headline\":\"Ecuador capacita a productores sobre el reciclaje de envases vac\u00edos de agroqu\u00edmicos\",\"datePublished\":\"2023-03-22T01:03:56+00:00\",\"mainEntityOfPage\":{\"@id\":\"https:\/\/noti-america.com\/site\/ecuador\/2023\/03\/22\/ecuador-capacita-a-productores-sobre-el-reciclaje-de-envases-vacios-de-agroquimicos\/\"},\"wordCount\":376,\"commentCount\":0,\"publisher\":{\"@id\":\"https:\/\/noti-america.com\/site\/ecuador\/#organization\"},\"image\":{\"@id\":\"https:\/\/noti-america.com\/site\/ecuador\/2023\/03\/22\/ecuador-capacita-a-productores-sobre-el-reciclaje-de-envases-vacios-de-agroquimicos\/#primaryimage\"},\"thumbnailUrl\":\"https:\/\/noti-america.com\/site\/ecuador\/wp-content\/uploads\/sites\/18\/2023\/03\/Foto-Boletin-21Marzo-El-reciclaje-de-envases-vacios-de-agroquimicos-se-socializa-en-Pindal-y-Zapotillo-1024x591-1.jpg\",\"articleSection\":[\"Agricultura\"],\"inLanguage\":\"es\",\"potentialAction\":[{\"@type\":\"CommentAction\",\"name\":\"Comment\",\"target\":[\"https:\/\/noti-america.com\/site\/ecuador\/2023\/03\/22\/ecuador-capacita-a-productores-sobre-el-reciclaje-de-envases-vacios-de-agroquimicos\/#respond\"]}]},{\"@type\":\"WebPage\",\"@id\":\"https:\/\/noti-america.com\/site\/ecuador\/2023\/03\/22\/ecuador-capacita-a-productores-sobre-el-reciclaje-de-envases-vacios-de-agroquimicos\/\",\"url\":\"https:\/\/noti-america.com\/site\/ecuador\/2023\/03\/22\/ecuador-capacita-a-productores-sobre-el-reciclaje-de-envases-vacios-de-agroquimicos\/\",\"name\":\"Ecuador capacita a productores sobre el reciclaje de envases vac\u00edos de agroqu\u00edmicos - Ecuador | Noti-America.com\",\"isPartOf\":{\"@id\":\"https:\/\/noti-america.com\/site\/ecuador\/#website\"},\"primaryImageOfPage\":{\"@id\":\"https:\/\/noti-america.com\/site\/ecuador\/2023\/03\/22\/ecuador-capacita-a-productores-sobre-el-reciclaje-de-envases-vacios-de-agroquimicos\/#primaryimage\"},\"image\":{\"@id\":\"https:\/\/noti-america.com\/site\/ecuador\/2023\/03\/22\/ecuador-capacita-a-productores-sobre-el-reciclaje-de-envases-vacios-de-agroquimicos\/#primaryimage\"},\"thumbnailUrl\":\"https:\/\/noti-america.com\/site\/ecuador\/wp-content\/uploads\/sites\/18\/2023\/03\/Foto-Boletin-21Marzo-El-reciclaje-de-envases-vacios-de-agroquimicos-se-socializa-en-Pindal-y-Zapotillo-1024x591-1.jpg\",\"datePublished\":\"2023-03-22T01:03:56+00:00\",\"breadcrumb\":{\"@id\":\"https:\/\/noti-america.com\/site\/ecuador\/2023\/03\/22\/ecuador-capacita-a-productores-sobre-el-reciclaje-de-envases-vacios-de-agroquimicos\/#breadcrumb\"},\"inLanguage\":\"es\",\"potentialAction\":[{\"@type\":\"ReadAction\",\"target\":[\"https:\/\/noti-america.com\/site\/ecuador\/2023\/03\/22\/ecuador-capacita-a-productores-sobre-el-reciclaje-de-envases-vacios-de-agroquimicos\/\"]}]},{\"@type\":\"ImageObject\",\"inLanguage\":\"es\",\"@id\":\"https:\/\/noti-america.com\/site\/ecuador\/2023\/03\/22\/ecuador-capacita-a-productores-sobre-el-reciclaje-de-envases-vacios-de-agroquimicos\/#primaryimage\",\"url\":\"https:\/\/noti-america.com\/site\/ecuador\/wp-content\/uploads\/sites\/18\/2023\/03\/Foto-Boletin-21Marzo-El-reciclaje-de-envases-vacios-de-agroquimicos-se-socializa-en-Pindal-y-Zapotillo-1024x591-1.jpg\",\"contentUrl\":\"https:\/\/noti-america.com\/site\/ecuador\/wp-content\/uploads\/sites\/18\/2023\/03\/Foto-Boletin-21Marzo-El-reciclaje-de-envases-vacios-de-agroquimicos-se-socializa-en-Pindal-y-Zapotillo-1024x591-1.jpg\",\"width\":1024,\"height\":591},{\"@type\":\"BreadcrumbList\",\"@id\":\"https:\/\/noti-america.com\/site\/ecuador\/2023\/03\/22\/ecuador-capacita-a-productores-sobre-el-reciclaje-de-envases-vacios-de-agroquimicos\/#breadcrumb\",\"itemListElement\":[{\"@type\":\"ListItem\",\"position\":1,\"name\":\"Portada\",\"item\":\"https:\/\/noti-america.com\/site\/ecuador\/\"},{\"@type\":\"ListItem\",\"position\":2,\"name\":\"Ecuador capacita a productores sobre el reciclaje de envases vac\u00edos de agroqu\u00edmicos\"}]},{\"@type\":\"WebSite\",\"@id\":\"https:\/\/noti-america.com\/site\/ecuador\/#website\",\"url\":\"https:\/\/noti-america.com\/site\/ecuador\/\",\"name\":\"Ecuador | Noti-America.com\",\"description\":\"\",\"publisher\":{\"@id\":\"https:\/\/noti-america.com\/site\/ecuador\/#organization\"},\"potentialAction\":[{\"@type\":\"SearchAction\",\"target\":{\"@type\":\"EntryPoint\",\"urlTemplate\":\"https:\/\/noti-america.com\/site\/ecuador\/?s={search_term_string}\"},\"query-input\":{\"@type\":\"PropertyValueSpecification\",\"valueRequired\":true,\"valueName\":\"search_term_string\"}}],\"inLanguage\":\"es\"},{\"@type\":\"Organization\",\"@id\":\"https:\/\/noti-america.com\/site\/ecuador\/#organization\",\"name\":\"Noti-America LLC | Ecuador\",\"url\":\"https:\/\/noti-america.com\/site\/ecuador\/\",\"logo\":{\"@type\":\"ImageObject\",\"inLanguage\":\"es\",\"@id\":\"https:\/\/noti-america.com\/site\/ecuador\/#\/schema\/logo\/image\/\",\"url\":\"https:\/\/noti-america.com\/site\/ecuador\/wp-content\/uploads\/sites\/18\/2020\/07\/LogoNA-4x3-1.jpg\",\"contentUrl\":\"https:\/\/noti-america.com\/site\/ecuador\/wp-content\/uploads\/sites\/18\/2020\/07\/LogoNA-4x3-1.jpg\",\"width\":1236,\"height\":1080,\"caption\":\"Noti-America LLC | Ecuador\"},\"image\":{\"@id\":\"https:\/\/noti-america.com\/site\/ecuador\/#\/schema\/logo\/image\/\"},\"sameAs\":[\"https:\/\/x.com\/notiamerica\"]},{\"@type\":\"Person\",\"@id\":\"https:\/\/noti-america.com\/site\/ecuador\/#\/schema\/person\/3b975e42f15abfe64bfe3abdd916efda\",\"name\":\"Gregory Quintana Montiel\",\"image\":{\"@type\":\"ImageObject\",\"inLanguage\":\"es\",\"@id\":\"https:\/\/secure.gravatar.com\/avatar\/2d6b802f7720c2ec7744dcbe608cc2f3417aeb964d58b443c6d612b77531de1d?s=96&d=mm&r=g\",\"url\":\"https:\/\/secure.gravatar.com\/avatar\/2d6b802f7720c2ec7744dcbe608cc2f3417aeb964d58b443c6d612b77531de1d?s=96&d=mm&r=g\",\"contentUrl\":\"https:\/\/secure.gravatar.com\/avatar\/2d6b802f7720c2ec7744dcbe608cc2f3417aeb964d58b443c6d612b77531de1d?s=96&d=mm&r=g\",\"caption\":\"Gregory Quintana Montiel\"},\"description\":\"Licenciatura en Ciencias de la Comunicaci\u00f3n Social, egresado en la Especializaci\u00f3n Derecho Ambiental Desarrollo Sostenible y Sustentable, Miembro de la Comunidad de profesionales y experto para Latinoam\u00e9rica y el Caribe en Gesti\u00f3n por Resultado en el Desarrollo (COPLAC - GpRD) del Banco Interamericano de Desarrollo, experiencia en medios radiales y escritos.\",\"sameAs\":[\"https:\/\/x.com\/gdgregori1\",\"gquintana\"],\"url\":\"https:\/\/noti-america.com\/site\/ecuador\/author\/gquintana\/\"}]}<\/script>\n<!-- \/ Yoast SEO Premium plugin. -->","yoast_head_json":{"title":"Ecuador capacita a productores sobre el reciclaje de envases vac\u00edos de agroqu\u00edmicos - Ecuador | Noti-America.com","robots":{"index":"index","follow":"follow","max-snippet":"max-snippet:-1","max-image-preview":"max-image-preview:large","max-video-preview":"max-video-preview:-1"},"canonical":"https:\/\/noti-america.com\/site\/ecuador\/2023\/03\/22\/ecuador-capacita-a-productores-sobre-el-reciclaje-de-envases-vacios-de-agroquimicos\/","og_locale":"es_ES","og_type":"article","og_title":"Ecuador capacita a productores sobre el reciclaje de envases vac\u00edos de agroqu\u00edmicos","og_description":"REDACCI\u00d3N NOTI AM\u00c9RICA (ECUADOR) Con el prop\u00f3sito de contribuir a la reducci\u00f3n de la contaminaci\u00f3n ambiental realizando un adecuado proceso de reciclado y disposici\u00f3n final de envases vac\u00edos de agroqu\u00edmicos, el Ministerio de Agricultura&#46;&#46;&#46;","og_url":"https:\/\/noti-america.com\/site\/ecuador\/2023\/03\/22\/ecuador-capacita-a-productores-sobre-el-reciclaje-de-envases-vacios-de-agroquimicos\/","og_site_name":"Ecuador | Noti-America.com","article_published_time":"2023-03-22T01:03:56+00:00","og_image":[{"width":1024,"height":591,"url":"https:\/\/noti-america.com\/site\/ecuador\/wp-content\/uploads\/sites\/18\/2023\/03\/Foto-Boletin-21Marzo-El-reciclaje-de-envases-vacios-de-agroquimicos-se-socializa-en-Pindal-y-Zapotillo-1024x591-1.jpg","type":"image\/jpeg"}],"author":"Gregory Quintana Montiel","twitter_card":"summary_large_image","twitter_creator":"@gdgregori1","twitter_site":"@notiamerica","twitter_misc":{"Escrito por":"Gregory Quintana Montiel","Tiempo estimado de lectura":"2 minutos"},"schema":{"@context":"https:\/\/schema.org","@graph":[{"@type":"Article","@id":"https:\/\/noti-america.com\/site\/ecuador\/2023\/03\/22\/ecuador-capacita-a-productores-sobre-el-reciclaje-de-envases-vacios-de-agroquimicos\/#article","isPartOf":{"@id":"https:\/\/noti-america.com\/site\/ecuador\/2023\/03\/22\/ecuador-capacita-a-productores-sobre-el-reciclaje-de-envases-vacios-de-agroquimicos\/"},"author":{"name":"Gregory Quintana Montiel","@id":"https:\/\/noti-america.com\/site\/ecuador\/#\/schema\/person\/3b975e42f15abfe64bfe3abdd916efda"},"headline":"Ecuador capacita a productores sobre el reciclaje de envases vac\u00edos de agroqu\u00edmicos","datePublished":"2023-03-22T01:03:56+00:00","mainEntityOfPage":{"@id":"https:\/\/noti-america.com\/site\/ecuador\/2023\/03\/22\/ecuador-capacita-a-productores-sobre-el-reciclaje-de-envases-vacios-de-agroquimicos\/"},"wordCount":376,"commentCount":0,"publisher":{"@id":"https:\/\/noti-america.com\/site\/ecuador\/#organization"},"image":{"@id":"https:\/\/noti-america.com\/site\/ecuador\/2023\/03\/22\/ecuador-capacita-a-productores-sobre-el-reciclaje-de-envases-vacios-de-agroquimicos\/#primaryimage"},"thumbnailUrl":"https:\/\/noti-america.com\/site\/ecuador\/wp-content\/uploads\/sites\/18\/2023\/03\/Foto-Boletin-21Marzo-El-reciclaje-de-envases-vacios-de-agroquimicos-se-socializa-en-Pindal-y-Zapotillo-1024x591-1.jpg","articleSection":["Agricultura"],"inLanguage":"es","potentialAction":[{"@type":"CommentAction","name":"Comment","target":["https:\/\/noti-america.com\/site\/ecuador\/2023\/03\/22\/ecuador-capacita-a-productores-sobre-el-reciclaje-de-envases-vacios-de-agroquimicos\/#respond"]}]},{"@type":"WebPage","@id":"https:\/\/noti-america.com\/site\/ecuador\/2023\/03\/22\/ecuador-capacita-a-productores-sobre-el-reciclaje-de-envases-vacios-de-agroquimicos\/","url":"https:\/\/noti-america.com\/site\/ecuador\/2023\/03\/22\/ecuador-capacita-a-productores-sobre-el-reciclaje-de-envases-vacios-de-agroquimicos\/","name":"Ecuador capacita a productores sobre el reciclaje de envases vac\u00edos de agroqu\u00edmicos - Ecuador | Noti-America.com","isPartOf":{"@id":"https:\/\/noti-america.com\/site\/ecuador\/#website"},"primaryImageOfPage":{"@id":"https:\/\/noti-america.com\/site\/ecuador\/2023\/03\/22\/ecuador-capacita-a-productores-sobre-el-reciclaje-de-envases-vacios-de-agroquimicos\/#primaryimage"},"image":{"@id":"https:\/\/noti-america.com\/site\/ecuador\/2023\/03\/22\/ecuador-capacita-a-productores-sobre-el-reciclaje-de-envases-vacios-de-agroquimicos\/#primaryimage"},"thumbnailUrl":"https:\/\/noti-america.com\/site\/ecuador\/wp-content\/uploads\/sites\/18\/2023\/03\/Foto-Boletin-21Marzo-El-reciclaje-de-envases-vacios-de-agroquimicos-se-socializa-en-Pindal-y-Zapotillo-1024x591-1.jpg","datePublished":"2023-03-22T01:03:56+00:00","breadcrumb":{"@id":"https:\/\/noti-america.com\/site\/ecuador\/2023\/03\/22\/ecuador-capacita-a-productores-sobre-el-reciclaje-de-envases-vacios-de-agroquimicos\/#breadcrumb"},"inLanguage":"es","potentialAction":[{"@type":"ReadAction","target":["https:\/\/noti-america.com\/site\/ecuador\/2023\/03\/22\/ecuador-capacita-a-productores-sobre-el-reciclaje-de-envases-vacios-de-agroquimicos\/"]}]},{"@type":"ImageObject","inLanguage":"es","@id":"https:\/\/noti-america.com\/site\/ecuador\/2023\/03\/22\/ecuador-capacita-a-productores-sobre-el-reciclaje-de-envases-vacios-de-agroquimicos\/#primaryimage","url":"https:\/\/noti-america.com\/site\/ecuador\/wp-content\/uploads\/sites\/18\/2023\/03\/Foto-Boletin-21Marzo-El-reciclaje-de-envases-vacios-de-agroquimicos-se-socializa-en-Pindal-y-Zapotillo-1024x591-1.jpg","contentUrl":"https:\/\/noti-america.com\/site\/ecuador\/wp-content\/uploads\/sites\/18\/2023\/03\/Foto-Boletin-21Marzo-El-reciclaje-de-envases-vacios-de-agroquimicos-se-socializa-en-Pindal-y-Zapotillo-1024x591-1.jpg","width":1024,"height":591},{"@type":"BreadcrumbList","@id":"https:\/\/noti-america.com\/site\/ecuador\/2023\/03\/22\/ecuador-capacita-a-productores-sobre-el-reciclaje-de-envases-vacios-de-agroquimicos\/#breadcrumb","itemListElement":[{"@type":"ListItem","position":1,"name":"Portada","item":"https:\/\/noti-america.com\/site\/ecuador\/"},{"@type":"ListItem","position":2,"name":"Ecuador capacita a productores sobre el reciclaje de envases vac\u00edos de agroqu\u00edmicos"}]},{"@type":"WebSite","@id":"https:\/\/noti-america.com\/site\/ecuador\/#website","url":"https:\/\/noti-america.com\/site\/ecuador\/","name":"Ecuador | Noti-America.com","description":"","publisher":{"@id":"https:\/\/noti-america.com\/site\/ecuador\/#organization"},"potentialAction":[{"@type":"SearchAction","target":{"@type":"EntryPoint","urlTemplate":"https:\/\/noti-america.com\/site\/ecuador\/?s={search_term_string}"},"query-input":{"@type":"PropertyValueSpecification","valueRequired":true,"valueName":"search_term_string"}}],"inLanguage":"es"},{"@type":"Organization","@id":"https:\/\/noti-america.com\/site\/ecuador\/#organization","name":"Noti-America LLC | Ecuador","url":"https:\/\/noti-america.com\/site\/ecuador\/","logo":{"@type":"ImageObject","inLanguage":"es","@id":"https:\/\/noti-america.com\/site\/ecuador\/#\/schema\/logo\/image\/","url":"https:\/\/noti-america.com\/site\/ecuador\/wp-content\/uploads\/sites\/18\/2020\/07\/LogoNA-4x3-1.jpg","contentUrl":"https:\/\/noti-america.com\/site\/ecuador\/wp-content\/uploads\/sites\/18\/2020\/07\/LogoNA-4x3-1.jpg","width":1236,"height":1080,"caption":"Noti-America LLC | Ecuador"},"image":{"@id":"https:\/\/noti-america.com\/site\/ecuador\/#\/schema\/logo\/image\/"},"sameAs":["https:\/\/x.com\/notiamerica"]},{"@type":"Person","@id":"https:\/\/noti-america.com\/site\/ecuador\/#\/schema\/person\/3b975e42f15abfe64bfe3abdd916efda","name":"Gregory Quintana Montiel","image":{"@type":"ImageObject","inLanguage":"es","@id":"https:\/\/secure.gravatar.com\/avatar\/2d6b802f7720c2ec7744dcbe608cc2f3417aeb964d58b443c6d612b77531de1d?s=96&d=mm&r=g","url":"https:\/\/secure.gravatar.com\/avatar\/2d6b802f7720c2ec7744dcbe608cc2f3417aeb964d58b443c6d612b77531de1d?s=96&d=mm&r=g","contentUrl":"https:\/\/secure.gravatar.com\/avatar\/2d6b802f7720c2ec7744dcbe608cc2f3417aeb964d58b443c6d612b77531de1d?s=96&d=mm&r=g","caption":"Gregory Quintana Montiel"},"description":"Licenciatura en Ciencias de la Comunicaci\u00f3n Social, egresado en la Especializaci\u00f3n Derecho Ambiental Desarrollo Sostenible y Sustentable, Miembro de la Comunidad de profesionales y experto para Latinoam\u00e9rica y el Caribe en Gesti\u00f3n por Resultado en el Desarrollo (COPLAC - GpRD) del Banco Interamericano de Desarrollo, experiencia en medios radiales y escritos.","sameAs":["https:\/\/x.com\/gdgregori1","gquintana"],"url":"https:\/\/noti-america.com\/site\/ecuador\/author\/gquintana\/"}]}},"_links":{"self":[{"href":"https:\/\/noti-america.com\/site\/ecuador\/wp-json\/wp\/v2\/posts\/24500","targetHints":{"allow":["GET"]}}],"collection":[{"href":"https:\/\/noti-america.com\/site\/ecuador\/wp-json\/wp\/v2\/posts"}],"about":[{"href":"https:\/\/noti-america.com\/site\/ecuador\/wp-json\/wp\/v2\/types\/post"}],"author":[{"embeddable":true,"href":"https:\/\/noti-america.com\/site\/ecuador\/wp-json\/wp\/v2\/users\/17"}],"replies":[{"embeddable":true,"href":"https:\/\/noti-america.com\/site\/ecuador\/wp-json\/wp\/v2\/comments?post=24500"}],"version-history":[{"count":1,"href":"https:\/\/noti-america.com\/site\/ecuador\/wp-json\/wp\/v2\/posts\/24500\/revisions"}],"predecessor-version":[{"id":24502,"href":"https:\/\/noti-america.com\/site\/ecuador\/wp-json\/wp\/v2\/posts\/24500\/revisions\/24502"}],"wp:featuredmedia":[{"embeddable":true,"href":"https:\/\/noti-america.com\/site\/ecuador\/wp-json\/wp\/v2\/media\/24501"}],"wp:attachment":[{"href":"https:\/\/noti-america.com\/site\/ecuador\/wp-json\/wp\/v2\/media?parent=24500"}],"wp:term":[{"taxonomy":"category","embeddable":true,"href":"https:\/\/noti-america.com\/site\/ecuador\/wp-json\/wp\/v2\/categories?post=24500"},{"taxonomy":"post_tag","embeddable":true,"href":"https:\/\/noti-america.com\/site\/ecuador\/wp-json\/wp\/v2\/tags?post=24500"}],"curies":[{"name":"wp","href":"https:\/\/api.w.org\/{rel}","templated":true}]}}