{"id":2334,"date":"2018-10-26T00:53:43","date_gmt":"2018-10-26T00:53:43","guid":{"rendered":"http:\/\/noti-america.com\/site\/ecuador\/?p=2334"},"modified":"2018-10-26T00:56:35","modified_gmt":"2018-10-26T00:56:35","slug":"fallo-historico-a-favor-de-la-nacionalidad-ai-cofan-de-sinangoe-contra-la-mineria","status":"publish","type":"post","link":"https:\/\/noti-america.com\/site\/ecuador\/2018\/10\/26\/fallo-historico-a-favor-de-la-nacionalidad-ai-cofan-de-sinangoe-contra-la-mineria\/","title":{"rendered":"FALLO HIST\u00d3RICO A FAVOR DE LA NACIONALIDAD A\u2019I COF\u00c1N DE SINANGOE CONTRA LA MINER\u00cdA"},"content":{"rendered":"<p>REDACCI\u00d3N NOTI-AM\u00c9RICA (ECUADOR)<\/p>\n<p>El lunes 22 de octubre de 2018 se realiz\u00f3 en la Corte Provincial de Sucumb\u00edos la audiencia de sentencia en la acci\u00f3n de protecci\u00f3n solicitada por Defensor\u00eda del Pueblo y la comunidad A\u00b4i Cof\u00e1n de Sinangoe, en la cual se dictamin\u00f3 revertir todas las concesiones que estaban operando y cancelar el otorgamiento de las nuevas concesiones. Se reconoci\u00f3 la violaci\u00f3n a los derechos colectivos de la consulta previa libre e informada, el derecho al agua y los derechos de la naturaleza y el medio ambiente. Adem\u00e1s, se orden\u00f3 la reparaci\u00f3n de los impactos ocasionados y se dispuso que la Fiscal\u00eda y Contralor\u00eda, dentro del marco de sus competencias, realicen las investigaciones pertinentes.<\/p>\n<p>Fueron meses de exigir justicia y reparaci\u00f3n como parte de una demanda de acci\u00f3n de protecci\u00f3n, en la que la comunidad A\u2019i Cof\u00e1n de Sinangoe denunci\u00f3 a cuatro ministerios del Estado ecuatoriano por la entrega inconsulta de 32.000 hect\u00e1reas a concesiones mineras en la zona de los r\u00edos Cof\u00e1nes, Chingual y Aguarico.<\/p>\n<p><strong><em>\u201cSinangoe est\u00e1 luchando por el bienestar de todos, no solamente para el pueblo A\u2019i Cof\u00e1n sino para todas las personas de la provincia de Sucumb\u00edos, y las nacionalidades \u2013 A\u2019i Cof\u00e1n, Siona, Secoya y Kichwa y otros que nos estamos uniendo para defender los r\u00edos. Esta victoria es un gran logro para nuestros hijos y para las generaciones futuras. Seguiremos vigilando nuestro territorio y luchando para tener nuestro t\u00edtulo de propiedad\u201d,\u00a0<\/em><\/strong>afirm\u00f3 Mario Criollo, Presidente de la comunidad ancestral A\u2019i Cof\u00e1n de Sinangoe.<\/p>\n<p>La sentencia del tribunal reconoce que la actividad minera, en cualquiera de sus fases, en las cuencas hidrogr\u00e1ficas y en las inmediaciones de un \u00e1rea protegida, representa una amenaza directa y grave al derecho al agua, al territorio, a la consulta previa y a la vida de la comunidad A\u2019i Cof\u00e1n de Sinangoe y de las comunidades ribere\u00f1as al Aguarico.<\/p>\n<p>En su parte fundamental, la sentencia resolvi\u00f3 declarar vulnerados los derechos constitucionales en contra del pueblo A\u2019I Cof\u00e1n de Sinangoe. Reconoci\u00f3 el derecho a que se respeten sus costumbres y formas ancestrales de vida lo que constituye una riqueza irremplazable; como es el derecho a una vida digna que garantice el medio ambiente biodiverso donde Sinangoe se ha sustentado, pero particularmente el derecho al agua. En consecuencia, se dej\u00f3 sin efecto las concesiones mineras ya que \u00e9sta no afectaba \u00fanicamente al pueblo Cof\u00e1n de Sinangoe, sino tambi\u00e9n a otros pueblos a las orillas del Aguarico. Por tanto, es obligaci\u00f3n del Estado proteger estas zonas y por tal, prohibir la exploraci\u00f3n, explotaci\u00f3n y comercializaci\u00f3n de oro en dichas \u00e1reas.<\/p>\n<p>Esta victoria representa un importante precedente para la comunidad de Sinangoe y para todos los pueblos ind\u00edgenas de Ecuador que defienden sus territorios y su integridad del extractivismo.<\/p>\n<p>Cabe mencionar que el reconocimiento de los r\u00edos Cof\u00e1n, Chingual y Aguarico como una zona h\u00eddrica protegida por parte de la agencia de SENAGUA refuerza la sentencia y la argumentaci\u00f3n del caso, y representa un paso adelante hacia el reconocimiento y aplicaci\u00f3n de los derechos de la naturaleza.<\/p>\n<p>La comunidad agradece a todas las organizaciones y pueblos hermanos que apoyaron a Sinangoe en este proceso de lucha. Esta victoria es de todos y todas quienes tomamos parte en esta luch<\/p>\n","protected":false},"excerpt":{"rendered":"<p>REDACCI\u00d3N NOTI-AM\u00c9RICA (ECUADOR) El lunes 22 de octubre de 2018 se realiz\u00f3 en la Corte Provincial de Sucumb\u00edos la audiencia de sentencia en la acci\u00f3n de protecci\u00f3n solicitada por Defensor\u00eda del Pueblo y la&#46;&#46;&#46;<\/p>\n","protected":false},"author":17,"featured_media":2335,"comment_status":"open","ping_status":"open","sticky":false,"template":"","format":"standard","meta":{"_acf_changed":false,"om_disable_all_campaigns":false,"rop_custom_images_group":[],"rop_custom_messages_group":[],"rop_publish_now":"initial","rop_publish_now_accounts":{"twitter_242054905_242054905":""},"rop_publish_now_history":[],"rop_publish_now_status":"pending","_uf_show_specific_survey":0,"_uf_disable_surveys":false,"footnotes":""},"categories":[79],"tags":[],"class_list":["post-2334","post","type-post","status-publish","format-standard","has-post-thumbnail","hentry","category-ambiental"],"acf":[],"aioseo_notices":[],"yoast_head":"<!-- This site is optimized with the Yoast SEO Premium plugin v24.9 (Yoast SEO v27.2) - https:\/\/yoast.com\/product\/yoast-seo-premium-wordpress\/ -->\n<title>FALLO HIST\u00d3RICO A FAVOR DE LA NACIONALIDAD A\u2019I COF\u00c1N DE SINANGOE CONTRA LA MINER\u00cdA - Ecuador | Noti-America.com<\/title>\n<meta name=\"robots\" content=\"index, follow, max-snippet:-1, max-image-preview:large, max-video-preview:-1\" \/>\n<link rel=\"canonical\" href=\"https:\/\/noti-america.com\/site\/ecuador\/2018\/10\/26\/fallo-historico-a-favor-de-la-nacionalidad-ai-cofan-de-sinangoe-contra-la-mineria\/\" \/>\n<meta property=\"og:locale\" content=\"es_ES\" \/>\n<meta property=\"og:type\" content=\"article\" \/>\n<meta property=\"og:title\" content=\"FALLO HIST\u00d3RICO A FAVOR DE LA NACIONALIDAD A\u2019I COF\u00c1N DE SINANGOE CONTRA LA MINER\u00cdA\" \/>\n<meta property=\"og:description\" content=\"REDACCI\u00d3N NOTI-AM\u00c9RICA (ECUADOR) El lunes 22 de octubre de 2018 se realiz\u00f3 en la Corte Provincial de Sucumb\u00edos la audiencia de sentencia en la acci\u00f3n de protecci\u00f3n solicitada por Defensor\u00eda del Pueblo y la&#046;&#046;&#046;\" \/>\n<meta property=\"og:url\" content=\"https:\/\/noti-america.com\/site\/ecuador\/2018\/10\/26\/fallo-historico-a-favor-de-la-nacionalidad-ai-cofan-de-sinangoe-contra-la-mineria\/\" \/>\n<meta property=\"og:site_name\" content=\"Ecuador | Noti-America.com\" \/>\n<meta property=\"article:published_time\" content=\"2018-10-26T00:53:43+00:00\" \/>\n<meta property=\"article:modified_time\" content=\"2018-10-26T00:56:35+00:00\" \/>\n<meta property=\"og:image\" content=\"https:\/\/noti-america.com\/site\/ecuador\/wp-content\/uploads\/sites\/18\/2018\/10\/Fallo-histo\u0301rico-Sinangoe.jpg\" \/>\n\t<meta property=\"og:image:width\" content=\"1280\" \/>\n\t<meta property=\"og:image:height\" content=\"426\" \/>\n\t<meta property=\"og:image:type\" content=\"image\/jpeg\" \/>\n<meta name=\"author\" content=\"Gregory Quintana Montiel\" \/>\n<meta name=\"twitter:card\" content=\"summary_large_image\" \/>\n<meta name=\"twitter:creator\" content=\"@gdgregori1\" \/>\n<meta name=\"twitter:site\" content=\"@notiamerica\" \/>\n<meta name=\"twitter:label1\" content=\"Escrito por\" \/>\n\t<meta name=\"twitter:data1\" content=\"Gregory Quintana Montiel\" \/>\n\t<meta name=\"twitter:label2\" content=\"Tiempo estimado de lectura\" \/>\n\t<meta name=\"twitter:data2\" content=\"3 minutos\" \/>\n<script type=\"application\/ld+json\" class=\"yoast-schema-graph\">{\"@context\":\"https:\/\/schema.org\",\"@graph\":[{\"@type\":\"Article\",\"@id\":\"https:\/\/noti-america.com\/site\/ecuador\/2018\/10\/26\/fallo-historico-a-favor-de-la-nacionalidad-ai-cofan-de-sinangoe-contra-la-mineria\/#article\",\"isPartOf\":{\"@id\":\"https:\/\/noti-america.com\/site\/ecuador\/2018\/10\/26\/fallo-historico-a-favor-de-la-nacionalidad-ai-cofan-de-sinangoe-contra-la-mineria\/\"},\"author\":{\"name\":\"Gregory Quintana Montiel\",\"@id\":\"https:\/\/noti-america.com\/site\/ecuador\/#\/schema\/person\/3b975e42f15abfe64bfe3abdd916efda\"},\"headline\":\"FALLO HIST\u00d3RICO A FAVOR DE LA NACIONALIDAD A\u2019I COF\u00c1N DE SINANGOE CONTRA LA MINER\u00cdA\",\"datePublished\":\"2018-10-26T00:53:43+00:00\",\"dateModified\":\"2018-10-26T00:56:35+00:00\",\"mainEntityOfPage\":{\"@id\":\"https:\/\/noti-america.com\/site\/ecuador\/2018\/10\/26\/fallo-historico-a-favor-de-la-nacionalidad-ai-cofan-de-sinangoe-contra-la-mineria\/\"},\"wordCount\":598,\"commentCount\":0,\"publisher\":{\"@id\":\"https:\/\/noti-america.com\/site\/ecuador\/#organization\"},\"image\":{\"@id\":\"https:\/\/noti-america.com\/site\/ecuador\/2018\/10\/26\/fallo-historico-a-favor-de-la-nacionalidad-ai-cofan-de-sinangoe-contra-la-mineria\/#primaryimage\"},\"thumbnailUrl\":\"https:\/\/noti-america.com\/site\/ecuador\/wp-content\/uploads\/sites\/18\/2018\/10\/Fallo-histo\u0301rico-Sinangoe.jpg\",\"articleSection\":[\"Ambiental\"],\"inLanguage\":\"es\",\"potentialAction\":[{\"@type\":\"CommentAction\",\"name\":\"Comment\",\"target\":[\"https:\/\/noti-america.com\/site\/ecuador\/2018\/10\/26\/fallo-historico-a-favor-de-la-nacionalidad-ai-cofan-de-sinangoe-contra-la-mineria\/#respond\"]}]},{\"@type\":\"WebPage\",\"@id\":\"https:\/\/noti-america.com\/site\/ecuador\/2018\/10\/26\/fallo-historico-a-favor-de-la-nacionalidad-ai-cofan-de-sinangoe-contra-la-mineria\/\",\"url\":\"https:\/\/noti-america.com\/site\/ecuador\/2018\/10\/26\/fallo-historico-a-favor-de-la-nacionalidad-ai-cofan-de-sinangoe-contra-la-mineria\/\",\"name\":\"FALLO HIST\u00d3RICO A FAVOR DE LA NACIONALIDAD A\u2019I COF\u00c1N DE SINANGOE CONTRA LA MINER\u00cdA - Ecuador | Noti-America.com\",\"isPartOf\":{\"@id\":\"https:\/\/noti-america.com\/site\/ecuador\/#website\"},\"primaryImageOfPage\":{\"@id\":\"https:\/\/noti-america.com\/site\/ecuador\/2018\/10\/26\/fallo-historico-a-favor-de-la-nacionalidad-ai-cofan-de-sinangoe-contra-la-mineria\/#primaryimage\"},\"image\":{\"@id\":\"https:\/\/noti-america.com\/site\/ecuador\/2018\/10\/26\/fallo-historico-a-favor-de-la-nacionalidad-ai-cofan-de-sinangoe-contra-la-mineria\/#primaryimage\"},\"thumbnailUrl\":\"https:\/\/noti-america.com\/site\/ecuador\/wp-content\/uploads\/sites\/18\/2018\/10\/Fallo-histo\u0301rico-Sinangoe.jpg\",\"datePublished\":\"2018-10-26T00:53:43+00:00\",\"dateModified\":\"2018-10-26T00:56:35+00:00\",\"breadcrumb\":{\"@id\":\"https:\/\/noti-america.com\/site\/ecuador\/2018\/10\/26\/fallo-historico-a-favor-de-la-nacionalidad-ai-cofan-de-sinangoe-contra-la-mineria\/#breadcrumb\"},\"inLanguage\":\"es\",\"potentialAction\":[{\"@type\":\"ReadAction\",\"target\":[\"https:\/\/noti-america.com\/site\/ecuador\/2018\/10\/26\/fallo-historico-a-favor-de-la-nacionalidad-ai-cofan-de-sinangoe-contra-la-mineria\/\"]}]},{\"@type\":\"ImageObject\",\"inLanguage\":\"es\",\"@id\":\"https:\/\/noti-america.com\/site\/ecuador\/2018\/10\/26\/fallo-historico-a-favor-de-la-nacionalidad-ai-cofan-de-sinangoe-contra-la-mineria\/#primaryimage\",\"url\":\"https:\/\/noti-america.com\/site\/ecuador\/wp-content\/uploads\/sites\/18\/2018\/10\/Fallo-histo\u0301rico-Sinangoe.jpg\",\"contentUrl\":\"https:\/\/noti-america.com\/site\/ecuador\/wp-content\/uploads\/sites\/18\/2018\/10\/Fallo-histo\u0301rico-Sinangoe.jpg\",\"width\":1280,\"height\":426,\"caption\":\"\u201cSinangoe est\u00e1 luchando por el bienestar de todos, no solamente para el pueblo A\u2019i Cof\u00e1n sino para todas las personas de la provincia de Sucumb\u00edos, y las nacionalidades \u2013 A\u2019i Cof\u00e1n, Siona, Secoya y Kichwa y otros que nos estamos uniendo para defender los r\u00edos. Esta victoria es un gran logro para nuestros hijos y para las generaciones futuras. Seguiremos vigilando nuestro territorio y luchando para tener nuestro t\u00edtulo de propiedad\u201d\"},{\"@type\":\"BreadcrumbList\",\"@id\":\"https:\/\/noti-america.com\/site\/ecuador\/2018\/10\/26\/fallo-historico-a-favor-de-la-nacionalidad-ai-cofan-de-sinangoe-contra-la-mineria\/#breadcrumb\",\"itemListElement\":[{\"@type\":\"ListItem\",\"position\":1,\"name\":\"Portada\",\"item\":\"https:\/\/noti-america.com\/site\/ecuador\/\"},{\"@type\":\"ListItem\",\"position\":2,\"name\":\"FALLO HIST\u00d3RICO A FAVOR DE LA NACIONALIDAD A\u2019I COF\u00c1N DE SINANGOE CONTRA LA MINER\u00cdA\"}]},{\"@type\":\"WebSite\",\"@id\":\"https:\/\/noti-america.com\/site\/ecuador\/#website\",\"url\":\"https:\/\/noti-america.com\/site\/ecuador\/\",\"name\":\"Ecuador | Noti-America.com\",\"description\":\"\",\"publisher\":{\"@id\":\"https:\/\/noti-america.com\/site\/ecuador\/#organization\"},\"potentialAction\":[{\"@type\":\"SearchAction\",\"target\":{\"@type\":\"EntryPoint\",\"urlTemplate\":\"https:\/\/noti-america.com\/site\/ecuador\/?s={search_term_string}\"},\"query-input\":{\"@type\":\"PropertyValueSpecification\",\"valueRequired\":true,\"valueName\":\"search_term_string\"}}],\"inLanguage\":\"es\"},{\"@type\":\"Organization\",\"@id\":\"https:\/\/noti-america.com\/site\/ecuador\/#organization\",\"name\":\"Noti-America LLC | Ecuador\",\"url\":\"https:\/\/noti-america.com\/site\/ecuador\/\",\"logo\":{\"@type\":\"ImageObject\",\"inLanguage\":\"es\",\"@id\":\"https:\/\/noti-america.com\/site\/ecuador\/#\/schema\/logo\/image\/\",\"url\":\"https:\/\/noti-america.com\/site\/ecuador\/wp-content\/uploads\/sites\/18\/2020\/07\/LogoNA-4x3-1.jpg\",\"contentUrl\":\"https:\/\/noti-america.com\/site\/ecuador\/wp-content\/uploads\/sites\/18\/2020\/07\/LogoNA-4x3-1.jpg\",\"width\":1236,\"height\":1080,\"caption\":\"Noti-America LLC | Ecuador\"},\"image\":{\"@id\":\"https:\/\/noti-america.com\/site\/ecuador\/#\/schema\/logo\/image\/\"},\"sameAs\":[\"https:\/\/x.com\/notiamerica\"]},{\"@type\":\"Person\",\"@id\":\"https:\/\/noti-america.com\/site\/ecuador\/#\/schema\/person\/3b975e42f15abfe64bfe3abdd916efda\",\"name\":\"Gregory Quintana Montiel\",\"image\":{\"@type\":\"ImageObject\",\"inLanguage\":\"es\",\"@id\":\"https:\/\/secure.gravatar.com\/avatar\/2d6b802f7720c2ec7744dcbe608cc2f3417aeb964d58b443c6d612b77531de1d?s=96&d=mm&r=g\",\"url\":\"https:\/\/secure.gravatar.com\/avatar\/2d6b802f7720c2ec7744dcbe608cc2f3417aeb964d58b443c6d612b77531de1d?s=96&d=mm&r=g\",\"contentUrl\":\"https:\/\/secure.gravatar.com\/avatar\/2d6b802f7720c2ec7744dcbe608cc2f3417aeb964d58b443c6d612b77531de1d?s=96&d=mm&r=g\",\"caption\":\"Gregory Quintana Montiel\"},\"description\":\"Licenciatura en Ciencias de la Comunicaci\u00f3n Social, egresado en la Especializaci\u00f3n Derecho Ambiental Desarrollo Sostenible y Sustentable, Miembro de la Comunidad de profesionales y experto para Latinoam\u00e9rica y el Caribe en Gesti\u00f3n por Resultado en el Desarrollo (COPLAC - GpRD) del Banco Interamericano de Desarrollo, experiencia en medios radiales y escritos.\",\"sameAs\":[\"https:\/\/x.com\/gdgregori1\",\"gquintana\"],\"url\":\"https:\/\/noti-america.com\/site\/ecuador\/author\/gquintana\/\"}]}<\/script>\n<!-- \/ Yoast SEO Premium plugin. -->","yoast_head_json":{"title":"FALLO HIST\u00d3RICO A FAVOR DE LA NACIONALIDAD A\u2019I COF\u00c1N DE SINANGOE CONTRA LA MINER\u00cdA - Ecuador | Noti-America.com","robots":{"index":"index","follow":"follow","max-snippet":"max-snippet:-1","max-image-preview":"max-image-preview:large","max-video-preview":"max-video-preview:-1"},"canonical":"https:\/\/noti-america.com\/site\/ecuador\/2018\/10\/26\/fallo-historico-a-favor-de-la-nacionalidad-ai-cofan-de-sinangoe-contra-la-mineria\/","og_locale":"es_ES","og_type":"article","og_title":"FALLO HIST\u00d3RICO A FAVOR DE LA NACIONALIDAD A\u2019I COF\u00c1N DE SINANGOE CONTRA LA MINER\u00cdA","og_description":"REDACCI\u00d3N NOTI-AM\u00c9RICA (ECUADOR) El lunes 22 de octubre de 2018 se realiz\u00f3 en la Corte Provincial de Sucumb\u00edos la audiencia de sentencia en la acci\u00f3n de protecci\u00f3n solicitada por Defensor\u00eda del Pueblo y la&#46;&#46;&#46;","og_url":"https:\/\/noti-america.com\/site\/ecuador\/2018\/10\/26\/fallo-historico-a-favor-de-la-nacionalidad-ai-cofan-de-sinangoe-contra-la-mineria\/","og_site_name":"Ecuador | Noti-America.com","article_published_time":"2018-10-26T00:53:43+00:00","article_modified_time":"2018-10-26T00:56:35+00:00","og_image":[{"width":1280,"height":426,"url":"https:\/\/noti-america.com\/site\/ecuador\/wp-content\/uploads\/sites\/18\/2018\/10\/Fallo-histo\u0301rico-Sinangoe.jpg","type":"image\/jpeg"}],"author":"Gregory Quintana Montiel","twitter_card":"summary_large_image","twitter_creator":"@gdgregori1","twitter_site":"@notiamerica","twitter_misc":{"Escrito por":"Gregory Quintana Montiel","Tiempo estimado de lectura":"3 minutos"},"schema":{"@context":"https:\/\/schema.org","@graph":[{"@type":"Article","@id":"https:\/\/noti-america.com\/site\/ecuador\/2018\/10\/26\/fallo-historico-a-favor-de-la-nacionalidad-ai-cofan-de-sinangoe-contra-la-mineria\/#article","isPartOf":{"@id":"https:\/\/noti-america.com\/site\/ecuador\/2018\/10\/26\/fallo-historico-a-favor-de-la-nacionalidad-ai-cofan-de-sinangoe-contra-la-mineria\/"},"author":{"name":"Gregory Quintana Montiel","@id":"https:\/\/noti-america.com\/site\/ecuador\/#\/schema\/person\/3b975e42f15abfe64bfe3abdd916efda"},"headline":"FALLO HIST\u00d3RICO A FAVOR DE LA NACIONALIDAD A\u2019I COF\u00c1N DE SINANGOE CONTRA LA MINER\u00cdA","datePublished":"2018-10-26T00:53:43+00:00","dateModified":"2018-10-26T00:56:35+00:00","mainEntityOfPage":{"@id":"https:\/\/noti-america.com\/site\/ecuador\/2018\/10\/26\/fallo-historico-a-favor-de-la-nacionalidad-ai-cofan-de-sinangoe-contra-la-mineria\/"},"wordCount":598,"commentCount":0,"publisher":{"@id":"https:\/\/noti-america.com\/site\/ecuador\/#organization"},"image":{"@id":"https:\/\/noti-america.com\/site\/ecuador\/2018\/10\/26\/fallo-historico-a-favor-de-la-nacionalidad-ai-cofan-de-sinangoe-contra-la-mineria\/#primaryimage"},"thumbnailUrl":"https:\/\/noti-america.com\/site\/ecuador\/wp-content\/uploads\/sites\/18\/2018\/10\/Fallo-histo\u0301rico-Sinangoe.jpg","articleSection":["Ambiental"],"inLanguage":"es","potentialAction":[{"@type":"CommentAction","name":"Comment","target":["https:\/\/noti-america.com\/site\/ecuador\/2018\/10\/26\/fallo-historico-a-favor-de-la-nacionalidad-ai-cofan-de-sinangoe-contra-la-mineria\/#respond"]}]},{"@type":"WebPage","@id":"https:\/\/noti-america.com\/site\/ecuador\/2018\/10\/26\/fallo-historico-a-favor-de-la-nacionalidad-ai-cofan-de-sinangoe-contra-la-mineria\/","url":"https:\/\/noti-america.com\/site\/ecuador\/2018\/10\/26\/fallo-historico-a-favor-de-la-nacionalidad-ai-cofan-de-sinangoe-contra-la-mineria\/","name":"FALLO HIST\u00d3RICO A FAVOR DE LA NACIONALIDAD A\u2019I COF\u00c1N DE SINANGOE CONTRA LA MINER\u00cdA - Ecuador | Noti-America.com","isPartOf":{"@id":"https:\/\/noti-america.com\/site\/ecuador\/#website"},"primaryImageOfPage":{"@id":"https:\/\/noti-america.com\/site\/ecuador\/2018\/10\/26\/fallo-historico-a-favor-de-la-nacionalidad-ai-cofan-de-sinangoe-contra-la-mineria\/#primaryimage"},"image":{"@id":"https:\/\/noti-america.com\/site\/ecuador\/2018\/10\/26\/fallo-historico-a-favor-de-la-nacionalidad-ai-cofan-de-sinangoe-contra-la-mineria\/#primaryimage"},"thumbnailUrl":"https:\/\/noti-america.com\/site\/ecuador\/wp-content\/uploads\/sites\/18\/2018\/10\/Fallo-histo\u0301rico-Sinangoe.jpg","datePublished":"2018-10-26T00:53:43+00:00","dateModified":"2018-10-26T00:56:35+00:00","breadcrumb":{"@id":"https:\/\/noti-america.com\/site\/ecuador\/2018\/10\/26\/fallo-historico-a-favor-de-la-nacionalidad-ai-cofan-de-sinangoe-contra-la-mineria\/#breadcrumb"},"inLanguage":"es","potentialAction":[{"@type":"ReadAction","target":["https:\/\/noti-america.com\/site\/ecuador\/2018\/10\/26\/fallo-historico-a-favor-de-la-nacionalidad-ai-cofan-de-sinangoe-contra-la-mineria\/"]}]},{"@type":"ImageObject","inLanguage":"es","@id":"https:\/\/noti-america.com\/site\/ecuador\/2018\/10\/26\/fallo-historico-a-favor-de-la-nacionalidad-ai-cofan-de-sinangoe-contra-la-mineria\/#primaryimage","url":"https:\/\/noti-america.com\/site\/ecuador\/wp-content\/uploads\/sites\/18\/2018\/10\/Fallo-histo\u0301rico-Sinangoe.jpg","contentUrl":"https:\/\/noti-america.com\/site\/ecuador\/wp-content\/uploads\/sites\/18\/2018\/10\/Fallo-histo\u0301rico-Sinangoe.jpg","width":1280,"height":426,"caption":"\u201cSinangoe est\u00e1 luchando por el bienestar de todos, no solamente para el pueblo A\u2019i Cof\u00e1n sino para todas las personas de la provincia de Sucumb\u00edos, y las nacionalidades \u2013 A\u2019i Cof\u00e1n, Siona, Secoya y Kichwa y otros que nos estamos uniendo para defender los r\u00edos. Esta victoria es un gran logro para nuestros hijos y para las generaciones futuras. Seguiremos vigilando nuestro territorio y luchando para tener nuestro t\u00edtulo de propiedad\u201d"},{"@type":"BreadcrumbList","@id":"https:\/\/noti-america.com\/site\/ecuador\/2018\/10\/26\/fallo-historico-a-favor-de-la-nacionalidad-ai-cofan-de-sinangoe-contra-la-mineria\/#breadcrumb","itemListElement":[{"@type":"ListItem","position":1,"name":"Portada","item":"https:\/\/noti-america.com\/site\/ecuador\/"},{"@type":"ListItem","position":2,"name":"FALLO HIST\u00d3RICO A FAVOR DE LA NACIONALIDAD A\u2019I COF\u00c1N DE SINANGOE CONTRA LA MINER\u00cdA"}]},{"@type":"WebSite","@id":"https:\/\/noti-america.com\/site\/ecuador\/#website","url":"https:\/\/noti-america.com\/site\/ecuador\/","name":"Ecuador | Noti-America.com","description":"","publisher":{"@id":"https:\/\/noti-america.com\/site\/ecuador\/#organization"},"potentialAction":[{"@type":"SearchAction","target":{"@type":"EntryPoint","urlTemplate":"https:\/\/noti-america.com\/site\/ecuador\/?s={search_term_string}"},"query-input":{"@type":"PropertyValueSpecification","valueRequired":true,"valueName":"search_term_string"}}],"inLanguage":"es"},{"@type":"Organization","@id":"https:\/\/noti-america.com\/site\/ecuador\/#organization","name":"Noti-America LLC | Ecuador","url":"https:\/\/noti-america.com\/site\/ecuador\/","logo":{"@type":"ImageObject","inLanguage":"es","@id":"https:\/\/noti-america.com\/site\/ecuador\/#\/schema\/logo\/image\/","url":"https:\/\/noti-america.com\/site\/ecuador\/wp-content\/uploads\/sites\/18\/2020\/07\/LogoNA-4x3-1.jpg","contentUrl":"https:\/\/noti-america.com\/site\/ecuador\/wp-content\/uploads\/sites\/18\/2020\/07\/LogoNA-4x3-1.jpg","width":1236,"height":1080,"caption":"Noti-America LLC | Ecuador"},"image":{"@id":"https:\/\/noti-america.com\/site\/ecuador\/#\/schema\/logo\/image\/"},"sameAs":["https:\/\/x.com\/notiamerica"]},{"@type":"Person","@id":"https:\/\/noti-america.com\/site\/ecuador\/#\/schema\/person\/3b975e42f15abfe64bfe3abdd916efda","name":"Gregory Quintana Montiel","image":{"@type":"ImageObject","inLanguage":"es","@id":"https:\/\/secure.gravatar.com\/avatar\/2d6b802f7720c2ec7744dcbe608cc2f3417aeb964d58b443c6d612b77531de1d?s=96&d=mm&r=g","url":"https:\/\/secure.gravatar.com\/avatar\/2d6b802f7720c2ec7744dcbe608cc2f3417aeb964d58b443c6d612b77531de1d?s=96&d=mm&r=g","contentUrl":"https:\/\/secure.gravatar.com\/avatar\/2d6b802f7720c2ec7744dcbe608cc2f3417aeb964d58b443c6d612b77531de1d?s=96&d=mm&r=g","caption":"Gregory Quintana Montiel"},"description":"Licenciatura en Ciencias de la Comunicaci\u00f3n Social, egresado en la Especializaci\u00f3n Derecho Ambiental Desarrollo Sostenible y Sustentable, Miembro de la Comunidad de profesionales y experto para Latinoam\u00e9rica y el Caribe en Gesti\u00f3n por Resultado en el Desarrollo (COPLAC - GpRD) del Banco Interamericano de Desarrollo, experiencia en medios radiales y escritos.","sameAs":["https:\/\/x.com\/gdgregori1","gquintana"],"url":"https:\/\/noti-america.com\/site\/ecuador\/author\/gquintana\/"}]}},"_links":{"self":[{"href":"https:\/\/noti-america.com\/site\/ecuador\/wp-json\/wp\/v2\/posts\/2334","targetHints":{"allow":["GET"]}}],"collection":[{"href":"https:\/\/noti-america.com\/site\/ecuador\/wp-json\/wp\/v2\/posts"}],"about":[{"href":"https:\/\/noti-america.com\/site\/ecuador\/wp-json\/wp\/v2\/types\/post"}],"author":[{"embeddable":true,"href":"https:\/\/noti-america.com\/site\/ecuador\/wp-json\/wp\/v2\/users\/17"}],"replies":[{"embeddable":true,"href":"https:\/\/noti-america.com\/site\/ecuador\/wp-json\/wp\/v2\/comments?post=2334"}],"version-history":[{"count":1,"href":"https:\/\/noti-america.com\/site\/ecuador\/wp-json\/wp\/v2\/posts\/2334\/revisions"}],"predecessor-version":[{"id":2336,"href":"https:\/\/noti-america.com\/site\/ecuador\/wp-json\/wp\/v2\/posts\/2334\/revisions\/2336"}],"wp:featuredmedia":[{"embeddable":true,"href":"https:\/\/noti-america.com\/site\/ecuador\/wp-json\/wp\/v2\/media\/2335"}],"wp:attachment":[{"href":"https:\/\/noti-america.com\/site\/ecuador\/wp-json\/wp\/v2\/media?parent=2334"}],"wp:term":[{"taxonomy":"category","embeddable":true,"href":"https:\/\/noti-america.com\/site\/ecuador\/wp-json\/wp\/v2\/categories?post=2334"},{"taxonomy":"post_tag","embeddable":true,"href":"https:\/\/noti-america.com\/site\/ecuador\/wp-json\/wp\/v2\/tags?post=2334"}],"curies":[{"name":"wp","href":"https:\/\/api.w.org\/{rel}","templated":true}]}}