{"id":23316,"date":"2022-12-13T23:51:18","date_gmt":"2022-12-13T23:51:18","guid":{"rendered":"https:\/\/noti-america.com\/site\/ecuador\/?p=23316"},"modified":"2022-12-13T23:56:57","modified_gmt":"2022-12-13T23:56:57","slug":"bomberos-lanzan-campana-sobre-los-peligros-de-la-pirotecnia","status":"publish","type":"post","link":"https:\/\/noti-america.com\/site\/ecuador\/2022\/12\/13\/bomberos-lanzan-campana-sobre-los-peligros-de-la-pirotecnia\/","title":{"rendered":"Bomberos lanzan campa\u00f1a sobre los peligros de la pirotecnia"},"content":{"rendered":"<p>REDACCI\u00d3N NOTI-AM\u00c9RICA (ECUADOR)<\/p>\n<p>AUTOR: <strong>HENRY GARRIDO<\/strong>.<\/p>\n<div id=\"attachment_23317\" style=\"width: 342px\" class=\"wp-caption alignleft\"><img loading=\"lazy\" decoding=\"async\" aria-describedby=\"caption-attachment-23317\" class=\"wp-image-23317\" src=\"https:\/\/noti-america.com\/site\/ecuador\/wp-content\/uploads\/sites\/18\/2022\/12\/71a1297e-4f96-4d97-921e-127f52a3d24d-300x225.jpg\" alt=\"\" width=\"332\" height=\"249\" \/><p id=\"caption-attachment-23317\" class=\"wp-caption-text\"><strong>El coronel Mart\u00edn Cucal\u00f3n, present\u00f3 campa\u00f1a contra el uso de explosivos.<\/strong><\/p><\/div>\n<p style=\"text-align: justify\">Como cada a\u00f1o, el Benem\u00e9rito Cuerpo de Bomberos de Guayaquil (BCBG) present\u00f3 su campa\u00f1a denominada \u2018No apagues las fiestas\u2019. Se trata de un programa de prevenci\u00f3n para evitar el uso de fuegos pirot\u00e9cnicos por parte de la ciudadan\u00eda durante la temporada de diciembre.<\/p>\n<p style=\"text-align: justify\">El anuncio lo realiz\u00f3 el coronel Mart\u00edn Cucal\u00f3n, jefe de la instituci\u00f3n bomberil, ubicada en la avenida 9 de Octubre en el centro de la ciudad.<\/p>\n<p style=\"text-align: justify\">Seg\u00fan el\u00a0organismo de socorro, las emergencias relacionadas al uso de pirotecnia se presentan con mayor frecuencia durante las celebraciones de\u00a0Navidad y Fin de A\u00f1o. \u201cDurante todo el a\u00f1o, a trav\u00e9s de actividades con adultos y ni\u00f1os, se socializa los riesgos de los explosivos, buscando as\u00ed disminuir las cifras de afectados por el uso, fabricaci\u00f3n y almacenamiento de estos materiales altamente peligrosos\u201d, indic\u00f3 Cucal\u00f3n.<\/p>\n<p style=\"text-align: justify\">La entidad comunic\u00f3 que en 2020 y 2021 hubo una reducci\u00f3n significativa de este tipo emergencias relacionadas con pirotecnia debido a las restricciones de la pandemia.<\/p>\n<p style=\"text-align: justify\">Este a\u00f1o los bomberos incorporan como eje de la campa\u00f1a los ni\u00f1os con capacidades especiales y dentro del espectro autista. Ellos tambi\u00e9n se ven perjudicados por el uso de explosivos, debido a que muchos tienen hipersensibilidad a los sonidos.<\/p>\n<p style=\"text-align: justify\">Tambi\u00e9n se reforzar\u00e1 los consejos sobre el cuidado de las mascotas en esta \u00e9poca, quienes tambi\u00e9n sufren las consecuencias de los ruidos que emiten estos artefactos.<\/p>\n<p style=\"text-align: justify\">La campa\u00f1a ser\u00e1 difundida a trav\u00e9s de medios de comunicaci\u00f3n, redes sociales y mediante charlas a la comunidad.<\/p>\n<p style=\"text-align: justify\">\n","protected":false},"excerpt":{"rendered":"<p>REDACCI\u00d3N NOTI-AM\u00c9RICA (ECUADOR) AUTOR: HENRY GARRIDO. Como cada a\u00f1o, el Benem\u00e9rito Cuerpo de Bomberos de Guayaquil (BCBG) present\u00f3 su campa\u00f1a denominada \u2018No apagues las fiestas\u2019. Se trata de un programa de prevenci\u00f3n para evitar&#46;&#46;&#46;<\/p>\n","protected":false},"author":17,"featured_media":23317,"comment_status":"open","ping_status":"open","sticky":false,"template":"","format":"standard","meta":{"_acf_changed":false,"om_disable_all_campaigns":false,"rop_custom_images_group":[],"rop_custom_messages_group":[],"rop_publish_now":"initial","rop_publish_now_accounts":{"twitter_242054905_242054905":""},"rop_publish_now_history":[],"rop_publish_now_status":"pending","_uf_show_specific_survey":0,"_uf_disable_surveys":false,"footnotes":""},"categories":[125],"tags":[],"class_list":["post-23316","post","type-post","status-publish","format-standard","has-post-thumbnail","hentry","category-actualidad"],"acf":[],"aioseo_notices":[],"yoast_head":"<!-- This site is optimized with the Yoast SEO Premium plugin v24.9 (Yoast SEO v27.2) - https:\/\/yoast.com\/product\/yoast-seo-premium-wordpress\/ -->\n<title>Bomberos lanzan campa\u00f1a sobre los peligros de la pirotecnia - Ecuador | Noti-America.com<\/title>\n<meta name=\"robots\" content=\"index, follow, max-snippet:-1, max-image-preview:large, max-video-preview:-1\" \/>\n<link rel=\"canonical\" href=\"https:\/\/noti-america.com\/site\/ecuador\/2022\/12\/13\/bomberos-lanzan-campana-sobre-los-peligros-de-la-pirotecnia\/\" \/>\n<meta property=\"og:locale\" content=\"es_ES\" \/>\n<meta property=\"og:type\" content=\"article\" \/>\n<meta property=\"og:title\" content=\"Bomberos lanzan campa\u00f1a sobre los peligros de la pirotecnia\" \/>\n<meta property=\"og:description\" content=\"REDACCI\u00d3N NOTI-AM\u00c9RICA (ECUADOR) AUTOR: HENRY GARRIDO. Como cada a\u00f1o, el Benem\u00e9rito Cuerpo de Bomberos de Guayaquil (BCBG) present\u00f3 su campa\u00f1a denominada \u2018No apagues las fiestas\u2019. Se trata de un programa de prevenci\u00f3n para evitar&#046;&#046;&#046;\" \/>\n<meta property=\"og:url\" content=\"https:\/\/noti-america.com\/site\/ecuador\/2022\/12\/13\/bomberos-lanzan-campana-sobre-los-peligros-de-la-pirotecnia\/\" \/>\n<meta property=\"og:site_name\" content=\"Ecuador | Noti-America.com\" \/>\n<meta property=\"article:published_time\" content=\"2022-12-13T23:51:18+00:00\" \/>\n<meta property=\"article:modified_time\" content=\"2022-12-13T23:56:57+00:00\" \/>\n<meta property=\"og:image\" content=\"https:\/\/noti-america.com\/site\/ecuador\/wp-content\/uploads\/sites\/18\/2022\/12\/71a1297e-4f96-4d97-921e-127f52a3d24d-e1670975515701.jpg\" \/>\n\t<meta property=\"og:image:width\" content=\"1600\" \/>\n\t<meta property=\"og:image:height\" content=\"960\" \/>\n\t<meta property=\"og:image:type\" content=\"image\/jpeg\" \/>\n<meta name=\"author\" content=\"Gregory Quintana Montiel\" \/>\n<meta name=\"twitter:card\" content=\"summary_large_image\" \/>\n<meta name=\"twitter:creator\" content=\"@gdgregori1\" \/>\n<meta name=\"twitter:site\" content=\"@notiamerica\" \/>\n<meta name=\"twitter:label1\" content=\"Escrito por\" \/>\n\t<meta name=\"twitter:data1\" content=\"Gregory Quintana Montiel\" \/>\n\t<meta name=\"twitter:label2\" content=\"Tiempo estimado de lectura\" \/>\n\t<meta name=\"twitter:data2\" content=\"2 minutos\" \/>\n<script type=\"application\/ld+json\" class=\"yoast-schema-graph\">{\"@context\":\"https:\/\/schema.org\",\"@graph\":[{\"@type\":\"Article\",\"@id\":\"https:\/\/noti-america.com\/site\/ecuador\/2022\/12\/13\/bomberos-lanzan-campana-sobre-los-peligros-de-la-pirotecnia\/#article\",\"isPartOf\":{\"@id\":\"https:\/\/noti-america.com\/site\/ecuador\/2022\/12\/13\/bomberos-lanzan-campana-sobre-los-peligros-de-la-pirotecnia\/\"},\"author\":{\"name\":\"Gregory Quintana Montiel\",\"@id\":\"https:\/\/noti-america.com\/site\/ecuador\/#\/schema\/person\/3b975e42f15abfe64bfe3abdd916efda\"},\"headline\":\"Bomberos lanzan campa\u00f1a sobre los peligros de la pirotecnia\",\"datePublished\":\"2022-12-13T23:51:18+00:00\",\"dateModified\":\"2022-12-13T23:56:57+00:00\",\"mainEntityOfPage\":{\"@id\":\"https:\/\/noti-america.com\/site\/ecuador\/2022\/12\/13\/bomberos-lanzan-campana-sobre-los-peligros-de-la-pirotecnia\/\"},\"wordCount\":305,\"commentCount\":0,\"publisher\":{\"@id\":\"https:\/\/noti-america.com\/site\/ecuador\/#organization\"},\"image\":{\"@id\":\"https:\/\/noti-america.com\/site\/ecuador\/2022\/12\/13\/bomberos-lanzan-campana-sobre-los-peligros-de-la-pirotecnia\/#primaryimage\"},\"thumbnailUrl\":\"https:\/\/noti-america.com\/site\/ecuador\/wp-content\/uploads\/sites\/18\/2022\/12\/71a1297e-4f96-4d97-921e-127f52a3d24d-e1670975515701.jpg\",\"articleSection\":[\"Actualidad\"],\"inLanguage\":\"es\",\"potentialAction\":[{\"@type\":\"CommentAction\",\"name\":\"Comment\",\"target\":[\"https:\/\/noti-america.com\/site\/ecuador\/2022\/12\/13\/bomberos-lanzan-campana-sobre-los-peligros-de-la-pirotecnia\/#respond\"]}]},{\"@type\":\"WebPage\",\"@id\":\"https:\/\/noti-america.com\/site\/ecuador\/2022\/12\/13\/bomberos-lanzan-campana-sobre-los-peligros-de-la-pirotecnia\/\",\"url\":\"https:\/\/noti-america.com\/site\/ecuador\/2022\/12\/13\/bomberos-lanzan-campana-sobre-los-peligros-de-la-pirotecnia\/\",\"name\":\"Bomberos lanzan campa\u00f1a sobre los peligros de la pirotecnia - Ecuador | Noti-America.com\",\"isPartOf\":{\"@id\":\"https:\/\/noti-america.com\/site\/ecuador\/#website\"},\"primaryImageOfPage\":{\"@id\":\"https:\/\/noti-america.com\/site\/ecuador\/2022\/12\/13\/bomberos-lanzan-campana-sobre-los-peligros-de-la-pirotecnia\/#primaryimage\"},\"image\":{\"@id\":\"https:\/\/noti-america.com\/site\/ecuador\/2022\/12\/13\/bomberos-lanzan-campana-sobre-los-peligros-de-la-pirotecnia\/#primaryimage\"},\"thumbnailUrl\":\"https:\/\/noti-america.com\/site\/ecuador\/wp-content\/uploads\/sites\/18\/2022\/12\/71a1297e-4f96-4d97-921e-127f52a3d24d-e1670975515701.jpg\",\"datePublished\":\"2022-12-13T23:51:18+00:00\",\"dateModified\":\"2022-12-13T23:56:57+00:00\",\"breadcrumb\":{\"@id\":\"https:\/\/noti-america.com\/site\/ecuador\/2022\/12\/13\/bomberos-lanzan-campana-sobre-los-peligros-de-la-pirotecnia\/#breadcrumb\"},\"inLanguage\":\"es\",\"potentialAction\":[{\"@type\":\"ReadAction\",\"target\":[\"https:\/\/noti-america.com\/site\/ecuador\/2022\/12\/13\/bomberos-lanzan-campana-sobre-los-peligros-de-la-pirotecnia\/\"]}]},{\"@type\":\"ImageObject\",\"inLanguage\":\"es\",\"@id\":\"https:\/\/noti-america.com\/site\/ecuador\/2022\/12\/13\/bomberos-lanzan-campana-sobre-los-peligros-de-la-pirotecnia\/#primaryimage\",\"url\":\"https:\/\/noti-america.com\/site\/ecuador\/wp-content\/uploads\/sites\/18\/2022\/12\/71a1297e-4f96-4d97-921e-127f52a3d24d-e1670975515701.jpg\",\"contentUrl\":\"https:\/\/noti-america.com\/site\/ecuador\/wp-content\/uploads\/sites\/18\/2022\/12\/71a1297e-4f96-4d97-921e-127f52a3d24d-e1670975515701.jpg\",\"width\":1600,\"height\":960},{\"@type\":\"BreadcrumbList\",\"@id\":\"https:\/\/noti-america.com\/site\/ecuador\/2022\/12\/13\/bomberos-lanzan-campana-sobre-los-peligros-de-la-pirotecnia\/#breadcrumb\",\"itemListElement\":[{\"@type\":\"ListItem\",\"position\":1,\"name\":\"Portada\",\"item\":\"https:\/\/noti-america.com\/site\/ecuador\/\"},{\"@type\":\"ListItem\",\"position\":2,\"name\":\"Bomberos lanzan campa\u00f1a sobre los peligros de la pirotecnia\"}]},{\"@type\":\"WebSite\",\"@id\":\"https:\/\/noti-america.com\/site\/ecuador\/#website\",\"url\":\"https:\/\/noti-america.com\/site\/ecuador\/\",\"name\":\"Ecuador | Noti-America.com\",\"description\":\"\",\"publisher\":{\"@id\":\"https:\/\/noti-america.com\/site\/ecuador\/#organization\"},\"potentialAction\":[{\"@type\":\"SearchAction\",\"target\":{\"@type\":\"EntryPoint\",\"urlTemplate\":\"https:\/\/noti-america.com\/site\/ecuador\/?s={search_term_string}\"},\"query-input\":{\"@type\":\"PropertyValueSpecification\",\"valueRequired\":true,\"valueName\":\"search_term_string\"}}],\"inLanguage\":\"es\"},{\"@type\":\"Organization\",\"@id\":\"https:\/\/noti-america.com\/site\/ecuador\/#organization\",\"name\":\"Noti-America LLC | Ecuador\",\"url\":\"https:\/\/noti-america.com\/site\/ecuador\/\",\"logo\":{\"@type\":\"ImageObject\",\"inLanguage\":\"es\",\"@id\":\"https:\/\/noti-america.com\/site\/ecuador\/#\/schema\/logo\/image\/\",\"url\":\"https:\/\/noti-america.com\/site\/ecuador\/wp-content\/uploads\/sites\/18\/2020\/07\/LogoNA-4x3-1.jpg\",\"contentUrl\":\"https:\/\/noti-america.com\/site\/ecuador\/wp-content\/uploads\/sites\/18\/2020\/07\/LogoNA-4x3-1.jpg\",\"width\":1236,\"height\":1080,\"caption\":\"Noti-America LLC | Ecuador\"},\"image\":{\"@id\":\"https:\/\/noti-america.com\/site\/ecuador\/#\/schema\/logo\/image\/\"},\"sameAs\":[\"https:\/\/x.com\/notiamerica\"]},{\"@type\":\"Person\",\"@id\":\"https:\/\/noti-america.com\/site\/ecuador\/#\/schema\/person\/3b975e42f15abfe64bfe3abdd916efda\",\"name\":\"Gregory Quintana Montiel\",\"image\":{\"@type\":\"ImageObject\",\"inLanguage\":\"es\",\"@id\":\"https:\/\/secure.gravatar.com\/avatar\/2d6b802f7720c2ec7744dcbe608cc2f3417aeb964d58b443c6d612b77531de1d?s=96&d=mm&r=g\",\"url\":\"https:\/\/secure.gravatar.com\/avatar\/2d6b802f7720c2ec7744dcbe608cc2f3417aeb964d58b443c6d612b77531de1d?s=96&d=mm&r=g\",\"contentUrl\":\"https:\/\/secure.gravatar.com\/avatar\/2d6b802f7720c2ec7744dcbe608cc2f3417aeb964d58b443c6d612b77531de1d?s=96&d=mm&r=g\",\"caption\":\"Gregory Quintana Montiel\"},\"description\":\"Licenciatura en Ciencias de la Comunicaci\u00f3n Social, egresado en la Especializaci\u00f3n Derecho Ambiental Desarrollo Sostenible y Sustentable, Miembro de la Comunidad de profesionales y experto para Latinoam\u00e9rica y el Caribe en Gesti\u00f3n por Resultado en el Desarrollo (COPLAC - GpRD) del Banco Interamericano de Desarrollo, experiencia en medios radiales y escritos.\",\"sameAs\":[\"https:\/\/x.com\/gdgregori1\",\"gquintana\"],\"url\":\"https:\/\/noti-america.com\/site\/ecuador\/author\/gquintana\/\"}]}<\/script>\n<!-- \/ Yoast SEO Premium plugin. -->","yoast_head_json":{"title":"Bomberos lanzan campa\u00f1a sobre los peligros de la pirotecnia - Ecuador | Noti-America.com","robots":{"index":"index","follow":"follow","max-snippet":"max-snippet:-1","max-image-preview":"max-image-preview:large","max-video-preview":"max-video-preview:-1"},"canonical":"https:\/\/noti-america.com\/site\/ecuador\/2022\/12\/13\/bomberos-lanzan-campana-sobre-los-peligros-de-la-pirotecnia\/","og_locale":"es_ES","og_type":"article","og_title":"Bomberos lanzan campa\u00f1a sobre los peligros de la pirotecnia","og_description":"REDACCI\u00d3N NOTI-AM\u00c9RICA (ECUADOR) AUTOR: HENRY GARRIDO. Como cada a\u00f1o, el Benem\u00e9rito Cuerpo de Bomberos de Guayaquil (BCBG) present\u00f3 su campa\u00f1a denominada \u2018No apagues las fiestas\u2019. Se trata de un programa de prevenci\u00f3n para evitar&#46;&#46;&#46;","og_url":"https:\/\/noti-america.com\/site\/ecuador\/2022\/12\/13\/bomberos-lanzan-campana-sobre-los-peligros-de-la-pirotecnia\/","og_site_name":"Ecuador | Noti-America.com","article_published_time":"2022-12-13T23:51:18+00:00","article_modified_time":"2022-12-13T23:56:57+00:00","og_image":[{"width":1600,"height":960,"url":"https:\/\/noti-america.com\/site\/ecuador\/wp-content\/uploads\/sites\/18\/2022\/12\/71a1297e-4f96-4d97-921e-127f52a3d24d-e1670975515701.jpg","type":"image\/jpeg"}],"author":"Gregory Quintana Montiel","twitter_card":"summary_large_image","twitter_creator":"@gdgregori1","twitter_site":"@notiamerica","twitter_misc":{"Escrito por":"Gregory Quintana Montiel","Tiempo estimado de lectura":"2 minutos"},"schema":{"@context":"https:\/\/schema.org","@graph":[{"@type":"Article","@id":"https:\/\/noti-america.com\/site\/ecuador\/2022\/12\/13\/bomberos-lanzan-campana-sobre-los-peligros-de-la-pirotecnia\/#article","isPartOf":{"@id":"https:\/\/noti-america.com\/site\/ecuador\/2022\/12\/13\/bomberos-lanzan-campana-sobre-los-peligros-de-la-pirotecnia\/"},"author":{"name":"Gregory Quintana Montiel","@id":"https:\/\/noti-america.com\/site\/ecuador\/#\/schema\/person\/3b975e42f15abfe64bfe3abdd916efda"},"headline":"Bomberos lanzan campa\u00f1a sobre los peligros de la pirotecnia","datePublished":"2022-12-13T23:51:18+00:00","dateModified":"2022-12-13T23:56:57+00:00","mainEntityOfPage":{"@id":"https:\/\/noti-america.com\/site\/ecuador\/2022\/12\/13\/bomberos-lanzan-campana-sobre-los-peligros-de-la-pirotecnia\/"},"wordCount":305,"commentCount":0,"publisher":{"@id":"https:\/\/noti-america.com\/site\/ecuador\/#organization"},"image":{"@id":"https:\/\/noti-america.com\/site\/ecuador\/2022\/12\/13\/bomberos-lanzan-campana-sobre-los-peligros-de-la-pirotecnia\/#primaryimage"},"thumbnailUrl":"https:\/\/noti-america.com\/site\/ecuador\/wp-content\/uploads\/sites\/18\/2022\/12\/71a1297e-4f96-4d97-921e-127f52a3d24d-e1670975515701.jpg","articleSection":["Actualidad"],"inLanguage":"es","potentialAction":[{"@type":"CommentAction","name":"Comment","target":["https:\/\/noti-america.com\/site\/ecuador\/2022\/12\/13\/bomberos-lanzan-campana-sobre-los-peligros-de-la-pirotecnia\/#respond"]}]},{"@type":"WebPage","@id":"https:\/\/noti-america.com\/site\/ecuador\/2022\/12\/13\/bomberos-lanzan-campana-sobre-los-peligros-de-la-pirotecnia\/","url":"https:\/\/noti-america.com\/site\/ecuador\/2022\/12\/13\/bomberos-lanzan-campana-sobre-los-peligros-de-la-pirotecnia\/","name":"Bomberos lanzan campa\u00f1a sobre los peligros de la pirotecnia - Ecuador | Noti-America.com","isPartOf":{"@id":"https:\/\/noti-america.com\/site\/ecuador\/#website"},"primaryImageOfPage":{"@id":"https:\/\/noti-america.com\/site\/ecuador\/2022\/12\/13\/bomberos-lanzan-campana-sobre-los-peligros-de-la-pirotecnia\/#primaryimage"},"image":{"@id":"https:\/\/noti-america.com\/site\/ecuador\/2022\/12\/13\/bomberos-lanzan-campana-sobre-los-peligros-de-la-pirotecnia\/#primaryimage"},"thumbnailUrl":"https:\/\/noti-america.com\/site\/ecuador\/wp-content\/uploads\/sites\/18\/2022\/12\/71a1297e-4f96-4d97-921e-127f52a3d24d-e1670975515701.jpg","datePublished":"2022-12-13T23:51:18+00:00","dateModified":"2022-12-13T23:56:57+00:00","breadcrumb":{"@id":"https:\/\/noti-america.com\/site\/ecuador\/2022\/12\/13\/bomberos-lanzan-campana-sobre-los-peligros-de-la-pirotecnia\/#breadcrumb"},"inLanguage":"es","potentialAction":[{"@type":"ReadAction","target":["https:\/\/noti-america.com\/site\/ecuador\/2022\/12\/13\/bomberos-lanzan-campana-sobre-los-peligros-de-la-pirotecnia\/"]}]},{"@type":"ImageObject","inLanguage":"es","@id":"https:\/\/noti-america.com\/site\/ecuador\/2022\/12\/13\/bomberos-lanzan-campana-sobre-los-peligros-de-la-pirotecnia\/#primaryimage","url":"https:\/\/noti-america.com\/site\/ecuador\/wp-content\/uploads\/sites\/18\/2022\/12\/71a1297e-4f96-4d97-921e-127f52a3d24d-e1670975515701.jpg","contentUrl":"https:\/\/noti-america.com\/site\/ecuador\/wp-content\/uploads\/sites\/18\/2022\/12\/71a1297e-4f96-4d97-921e-127f52a3d24d-e1670975515701.jpg","width":1600,"height":960},{"@type":"BreadcrumbList","@id":"https:\/\/noti-america.com\/site\/ecuador\/2022\/12\/13\/bomberos-lanzan-campana-sobre-los-peligros-de-la-pirotecnia\/#breadcrumb","itemListElement":[{"@type":"ListItem","position":1,"name":"Portada","item":"https:\/\/noti-america.com\/site\/ecuador\/"},{"@type":"ListItem","position":2,"name":"Bomberos lanzan campa\u00f1a sobre los peligros de la pirotecnia"}]},{"@type":"WebSite","@id":"https:\/\/noti-america.com\/site\/ecuador\/#website","url":"https:\/\/noti-america.com\/site\/ecuador\/","name":"Ecuador | Noti-America.com","description":"","publisher":{"@id":"https:\/\/noti-america.com\/site\/ecuador\/#organization"},"potentialAction":[{"@type":"SearchAction","target":{"@type":"EntryPoint","urlTemplate":"https:\/\/noti-america.com\/site\/ecuador\/?s={search_term_string}"},"query-input":{"@type":"PropertyValueSpecification","valueRequired":true,"valueName":"search_term_string"}}],"inLanguage":"es"},{"@type":"Organization","@id":"https:\/\/noti-america.com\/site\/ecuador\/#organization","name":"Noti-America LLC | Ecuador","url":"https:\/\/noti-america.com\/site\/ecuador\/","logo":{"@type":"ImageObject","inLanguage":"es","@id":"https:\/\/noti-america.com\/site\/ecuador\/#\/schema\/logo\/image\/","url":"https:\/\/noti-america.com\/site\/ecuador\/wp-content\/uploads\/sites\/18\/2020\/07\/LogoNA-4x3-1.jpg","contentUrl":"https:\/\/noti-america.com\/site\/ecuador\/wp-content\/uploads\/sites\/18\/2020\/07\/LogoNA-4x3-1.jpg","width":1236,"height":1080,"caption":"Noti-America LLC | Ecuador"},"image":{"@id":"https:\/\/noti-america.com\/site\/ecuador\/#\/schema\/logo\/image\/"},"sameAs":["https:\/\/x.com\/notiamerica"]},{"@type":"Person","@id":"https:\/\/noti-america.com\/site\/ecuador\/#\/schema\/person\/3b975e42f15abfe64bfe3abdd916efda","name":"Gregory Quintana Montiel","image":{"@type":"ImageObject","inLanguage":"es","@id":"https:\/\/secure.gravatar.com\/avatar\/2d6b802f7720c2ec7744dcbe608cc2f3417aeb964d58b443c6d612b77531de1d?s=96&d=mm&r=g","url":"https:\/\/secure.gravatar.com\/avatar\/2d6b802f7720c2ec7744dcbe608cc2f3417aeb964d58b443c6d612b77531de1d?s=96&d=mm&r=g","contentUrl":"https:\/\/secure.gravatar.com\/avatar\/2d6b802f7720c2ec7744dcbe608cc2f3417aeb964d58b443c6d612b77531de1d?s=96&d=mm&r=g","caption":"Gregory Quintana Montiel"},"description":"Licenciatura en Ciencias de la Comunicaci\u00f3n Social, egresado en la Especializaci\u00f3n Derecho Ambiental Desarrollo Sostenible y Sustentable, Miembro de la Comunidad de profesionales y experto para Latinoam\u00e9rica y el Caribe en Gesti\u00f3n por Resultado en el Desarrollo (COPLAC - GpRD) del Banco Interamericano de Desarrollo, experiencia en medios radiales y escritos.","sameAs":["https:\/\/x.com\/gdgregori1","gquintana"],"url":"https:\/\/noti-america.com\/site\/ecuador\/author\/gquintana\/"}]}},"_links":{"self":[{"href":"https:\/\/noti-america.com\/site\/ecuador\/wp-json\/wp\/v2\/posts\/23316","targetHints":{"allow":["GET"]}}],"collection":[{"href":"https:\/\/noti-america.com\/site\/ecuador\/wp-json\/wp\/v2\/posts"}],"about":[{"href":"https:\/\/noti-america.com\/site\/ecuador\/wp-json\/wp\/v2\/types\/post"}],"author":[{"embeddable":true,"href":"https:\/\/noti-america.com\/site\/ecuador\/wp-json\/wp\/v2\/users\/17"}],"replies":[{"embeddable":true,"href":"https:\/\/noti-america.com\/site\/ecuador\/wp-json\/wp\/v2\/comments?post=23316"}],"version-history":[{"count":4,"href":"https:\/\/noti-america.com\/site\/ecuador\/wp-json\/wp\/v2\/posts\/23316\/revisions"}],"predecessor-version":[{"id":23321,"href":"https:\/\/noti-america.com\/site\/ecuador\/wp-json\/wp\/v2\/posts\/23316\/revisions\/23321"}],"wp:featuredmedia":[{"embeddable":true,"href":"https:\/\/noti-america.com\/site\/ecuador\/wp-json\/wp\/v2\/media\/23317"}],"wp:attachment":[{"href":"https:\/\/noti-america.com\/site\/ecuador\/wp-json\/wp\/v2\/media?parent=23316"}],"wp:term":[{"taxonomy":"category","embeddable":true,"href":"https:\/\/noti-america.com\/site\/ecuador\/wp-json\/wp\/v2\/categories?post=23316"},{"taxonomy":"post_tag","embeddable":true,"href":"https:\/\/noti-america.com\/site\/ecuador\/wp-json\/wp\/v2\/tags?post=23316"}],"curies":[{"name":"wp","href":"https:\/\/api.w.org\/{rel}","templated":true}]}}