{"id":23091,"date":"2022-12-03T02:52:01","date_gmt":"2022-12-03T02:52:01","guid":{"rendered":"https:\/\/noti-america.com\/site\/ecuador\/?p=23091"},"modified":"2022-12-03T03:04:08","modified_gmt":"2022-12-03T03:04:08","slug":"corte-justicia-ratifica-terna-para-elegir-nuevo-presidente-de-la-judicatura","status":"publish","type":"post","link":"https:\/\/noti-america.com\/site\/ecuador\/2022\/12\/03\/corte-justicia-ratifica-terna-para-elegir-nuevo-presidente-de-la-judicatura\/","title":{"rendered":"Corte de Justicia ratifica terna para elegir nuevo presidente de la Judicatura"},"content":{"rendered":"<p>REDACCI\u00d3N NOTI-AM\u00c9RICA\u00a0(ECUADOR)<\/p>\n<p>AUTOR:\u00a0<strong>HENRY GARRIDO.<\/strong><\/p>\n<div id=\"attachment_23098\" style=\"width: 571px\" class=\"wp-caption aligncenter\"><img loading=\"lazy\" decoding=\"async\" aria-describedby=\"caption-attachment-23098\" class=\" wp-image-23098\" src=\"https:\/\/noti-america.com\/site\/ecuador\/wp-content\/uploads\/sites\/18\/2022\/12\/Saquicela-300x180.jpg\" alt=\"\" width=\"561\" height=\"337\" srcset=\"https:\/\/noti-america.com\/site\/ecuador\/wp-content\/uploads\/sites\/18\/2022\/12\/Saquicela-300x180.jpg 300w, https:\/\/noti-america.com\/site\/ecuador\/wp-content\/uploads\/sites\/18\/2022\/12\/Saquicela-768x461.jpg 768w, https:\/\/noti-america.com\/site\/ecuador\/wp-content\/uploads\/sites\/18\/2022\/12\/Saquicela-600x360.jpg 600w, https:\/\/noti-america.com\/site\/ecuador\/wp-content\/uploads\/sites\/18\/2022\/12\/Saquicela.jpg 825w\" sizes=\"auto, (max-width: 561px) 100vw, 561px\" \/><p id=\"caption-attachment-23098\" class=\"wp-caption-text\"><strong>Iv\u00e1n Saquicela, presidente de la Corte Nacional de Justicia.<\/strong><\/p><\/div>\n<p style=\"text-align: justify\">El presidente de la Corte Nacional de Justicia (CNJ), Iv\u00e1n Saquicela, ratific\u00f3 su actuaci\u00f3n legal sobre la primera terna enviada el 8 de marzo del presente a\u00f1o, al Consejo de Participaci\u00f3n Ciudadana y Control Social (CPCCS) para elegir al titular del Consejo de la Judicatura (CJ).<\/p>\n<p style=\"text-align: justify\">El magistrado entreg\u00f3 el listado con los nombres de los aspirantes conformado por: Dar\u00edo Ordo\u00f1ez Aray, M\u00f3nica Jarr\u00edn Ald\u00e1s y Gonzalo Valencia Ar\u00e9valo, de los cuales ser\u00e1 seleccionado el nuevo vocal principal de la CNJ en el CJ, el mismo que deber\u00e1 presidir el organismo.<\/p>\n<p style=\"text-align: justify\">\u00abLa Corte Constitucional es clara, mediante dictamen 001- 11 en relaci\u00f3n a la consulta popular del a\u00f1o 2011, donde se resolvi\u00f3 que es el presidente de la Corte Nacional de Justicia, el que debe remitir la terna para elegir al titular de la Judicatura\u00bb, sostuvo Saquicela.<\/p>\n<p style=\"text-align: justify\">El funcionario destac\u00f3 que dicha terna fue aprobada por 16 jueces de los 21 que conforman el Pleno de la Corte Nacional de Justicia.<\/p>\n<p>&nbsp;<\/p>\n<p>&nbsp;<\/p>\n","protected":false},"excerpt":{"rendered":"<p>REDACCI\u00d3N NOTI-AM\u00c9RICA\u00a0(ECUADOR) AUTOR:\u00a0HENRY GARRIDO. El presidente de la Corte Nacional de Justicia (CNJ), Iv\u00e1n Saquicela, ratific\u00f3 su actuaci\u00f3n legal sobre la primera terna enviada el 8 de marzo del presente a\u00f1o, al Consejo de&#46;&#46;&#46;<\/p>\n","protected":false},"author":17,"featured_media":23098,"comment_status":"open","ping_status":"open","sticky":false,"template":"","format":"standard","meta":{"_acf_changed":false,"om_disable_all_campaigns":false,"rop_custom_images_group":[],"rop_custom_messages_group":[],"rop_publish_now":"initial","rop_publish_now_accounts":{"twitter_242054905_242054905":""},"rop_publish_now_history":[],"rop_publish_now_status":"pending","_uf_show_specific_survey":0,"_uf_disable_surveys":false,"footnotes":""},"categories":[94],"tags":[],"class_list":["post-23091","post","type-post","status-publish","format-standard","has-post-thumbnail","hentry","category-judicial"],"acf":[],"aioseo_notices":[],"yoast_head":"<!-- This site is optimized with the Yoast SEO Premium plugin v24.9 (Yoast SEO v27.2) - https:\/\/yoast.com\/product\/yoast-seo-premium-wordpress\/ -->\n<title>Corte de Justicia ratifica terna para elegir nuevo presidente de la Judicatura - Ecuador | Noti-America.com<\/title>\n<meta name=\"robots\" content=\"index, follow, max-snippet:-1, max-image-preview:large, max-video-preview:-1\" \/>\n<link rel=\"canonical\" href=\"https:\/\/noti-america.com\/site\/ecuador\/2022\/12\/03\/corte-justicia-ratifica-terna-para-elegir-nuevo-presidente-de-la-judicatura\/\" \/>\n<meta property=\"og:locale\" content=\"es_ES\" \/>\n<meta property=\"og:type\" content=\"article\" \/>\n<meta property=\"og:title\" content=\"Corte de Justicia ratifica terna para elegir nuevo presidente de la Judicatura\" \/>\n<meta property=\"og:description\" content=\"REDACCI\u00d3N NOTI-AM\u00c9RICA\u00a0(ECUADOR) AUTOR:\u00a0HENRY GARRIDO. El presidente de la Corte Nacional de Justicia (CNJ), Iv\u00e1n Saquicela, ratific\u00f3 su actuaci\u00f3n legal sobre la primera terna enviada el 8 de marzo del presente a\u00f1o, al Consejo de&#046;&#046;&#046;\" \/>\n<meta property=\"og:url\" content=\"https:\/\/noti-america.com\/site\/ecuador\/2022\/12\/03\/corte-justicia-ratifica-terna-para-elegir-nuevo-presidente-de-la-judicatura\/\" \/>\n<meta property=\"og:site_name\" content=\"Ecuador | Noti-America.com\" \/>\n<meta property=\"article:published_time\" content=\"2022-12-03T02:52:01+00:00\" \/>\n<meta property=\"article:modified_time\" content=\"2022-12-03T03:04:08+00:00\" \/>\n<meta property=\"og:image\" content=\"https:\/\/noti-america.com\/site\/ecuador\/wp-content\/uploads\/sites\/18\/2022\/12\/Saquicela.jpg\" \/>\n\t<meta property=\"og:image:width\" content=\"825\" \/>\n\t<meta property=\"og:image:height\" content=\"495\" \/>\n\t<meta property=\"og:image:type\" content=\"image\/jpeg\" \/>\n<meta name=\"author\" content=\"Gregory Quintana Montiel\" \/>\n<meta name=\"twitter:card\" content=\"summary_large_image\" \/>\n<meta name=\"twitter:creator\" content=\"@gdgregori1\" \/>\n<meta name=\"twitter:site\" content=\"@notiamerica\" \/>\n<meta name=\"twitter:label1\" content=\"Escrito por\" \/>\n\t<meta name=\"twitter:data1\" content=\"Gregory Quintana Montiel\" \/>\n\t<meta name=\"twitter:label2\" content=\"Tiempo estimado de lectura\" \/>\n\t<meta name=\"twitter:data2\" content=\"2 minutos\" \/>\n<script type=\"application\/ld+json\" class=\"yoast-schema-graph\">{\"@context\":\"https:\/\/schema.org\",\"@graph\":[{\"@type\":\"Article\",\"@id\":\"https:\/\/noti-america.com\/site\/ecuador\/2022\/12\/03\/corte-justicia-ratifica-terna-para-elegir-nuevo-presidente-de-la-judicatura\/#article\",\"isPartOf\":{\"@id\":\"https:\/\/noti-america.com\/site\/ecuador\/2022\/12\/03\/corte-justicia-ratifica-terna-para-elegir-nuevo-presidente-de-la-judicatura\/\"},\"author\":{\"name\":\"Gregory Quintana Montiel\",\"@id\":\"https:\/\/noti-america.com\/site\/ecuador\/#\/schema\/person\/3b975e42f15abfe64bfe3abdd916efda\"},\"headline\":\"Corte de Justicia ratifica terna para elegir nuevo presidente de la Judicatura\",\"datePublished\":\"2022-12-03T02:52:01+00:00\",\"dateModified\":\"2022-12-03T03:04:08+00:00\",\"mainEntityOfPage\":{\"@id\":\"https:\/\/noti-america.com\/site\/ecuador\/2022\/12\/03\/corte-justicia-ratifica-terna-para-elegir-nuevo-presidente-de-la-judicatura\/\"},\"wordCount\":207,\"commentCount\":0,\"publisher\":{\"@id\":\"https:\/\/noti-america.com\/site\/ecuador\/#organization\"},\"image\":{\"@id\":\"https:\/\/noti-america.com\/site\/ecuador\/2022\/12\/03\/corte-justicia-ratifica-terna-para-elegir-nuevo-presidente-de-la-judicatura\/#primaryimage\"},\"thumbnailUrl\":\"https:\/\/noti-america.com\/site\/ecuador\/wp-content\/uploads\/sites\/18\/2022\/12\/Saquicela.jpg\",\"articleSection\":[\"Judicial\"],\"inLanguage\":\"es\",\"potentialAction\":[{\"@type\":\"CommentAction\",\"name\":\"Comment\",\"target\":[\"https:\/\/noti-america.com\/site\/ecuador\/2022\/12\/03\/corte-justicia-ratifica-terna-para-elegir-nuevo-presidente-de-la-judicatura\/#respond\"]}]},{\"@type\":\"WebPage\",\"@id\":\"https:\/\/noti-america.com\/site\/ecuador\/2022\/12\/03\/corte-justicia-ratifica-terna-para-elegir-nuevo-presidente-de-la-judicatura\/\",\"url\":\"https:\/\/noti-america.com\/site\/ecuador\/2022\/12\/03\/corte-justicia-ratifica-terna-para-elegir-nuevo-presidente-de-la-judicatura\/\",\"name\":\"Corte de Justicia ratifica terna para elegir nuevo presidente de la Judicatura - Ecuador | Noti-America.com\",\"isPartOf\":{\"@id\":\"https:\/\/noti-america.com\/site\/ecuador\/#website\"},\"primaryImageOfPage\":{\"@id\":\"https:\/\/noti-america.com\/site\/ecuador\/2022\/12\/03\/corte-justicia-ratifica-terna-para-elegir-nuevo-presidente-de-la-judicatura\/#primaryimage\"},\"image\":{\"@id\":\"https:\/\/noti-america.com\/site\/ecuador\/2022\/12\/03\/corte-justicia-ratifica-terna-para-elegir-nuevo-presidente-de-la-judicatura\/#primaryimage\"},\"thumbnailUrl\":\"https:\/\/noti-america.com\/site\/ecuador\/wp-content\/uploads\/sites\/18\/2022\/12\/Saquicela.jpg\",\"datePublished\":\"2022-12-03T02:52:01+00:00\",\"dateModified\":\"2022-12-03T03:04:08+00:00\",\"breadcrumb\":{\"@id\":\"https:\/\/noti-america.com\/site\/ecuador\/2022\/12\/03\/corte-justicia-ratifica-terna-para-elegir-nuevo-presidente-de-la-judicatura\/#breadcrumb\"},\"inLanguage\":\"es\",\"potentialAction\":[{\"@type\":\"ReadAction\",\"target\":[\"https:\/\/noti-america.com\/site\/ecuador\/2022\/12\/03\/corte-justicia-ratifica-terna-para-elegir-nuevo-presidente-de-la-judicatura\/\"]}]},{\"@type\":\"ImageObject\",\"inLanguage\":\"es\",\"@id\":\"https:\/\/noti-america.com\/site\/ecuador\/2022\/12\/03\/corte-justicia-ratifica-terna-para-elegir-nuevo-presidente-de-la-judicatura\/#primaryimage\",\"url\":\"https:\/\/noti-america.com\/site\/ecuador\/wp-content\/uploads\/sites\/18\/2022\/12\/Saquicela.jpg\",\"contentUrl\":\"https:\/\/noti-america.com\/site\/ecuador\/wp-content\/uploads\/sites\/18\/2022\/12\/Saquicela.jpg\",\"width\":825,\"height\":495},{\"@type\":\"BreadcrumbList\",\"@id\":\"https:\/\/noti-america.com\/site\/ecuador\/2022\/12\/03\/corte-justicia-ratifica-terna-para-elegir-nuevo-presidente-de-la-judicatura\/#breadcrumb\",\"itemListElement\":[{\"@type\":\"ListItem\",\"position\":1,\"name\":\"Portada\",\"item\":\"https:\/\/noti-america.com\/site\/ecuador\/\"},{\"@type\":\"ListItem\",\"position\":2,\"name\":\"Corte de Justicia ratifica terna para elegir nuevo presidente de la Judicatura\"}]},{\"@type\":\"WebSite\",\"@id\":\"https:\/\/noti-america.com\/site\/ecuador\/#website\",\"url\":\"https:\/\/noti-america.com\/site\/ecuador\/\",\"name\":\"Ecuador | Noti-America.com\",\"description\":\"\",\"publisher\":{\"@id\":\"https:\/\/noti-america.com\/site\/ecuador\/#organization\"},\"potentialAction\":[{\"@type\":\"SearchAction\",\"target\":{\"@type\":\"EntryPoint\",\"urlTemplate\":\"https:\/\/noti-america.com\/site\/ecuador\/?s={search_term_string}\"},\"query-input\":{\"@type\":\"PropertyValueSpecification\",\"valueRequired\":true,\"valueName\":\"search_term_string\"}}],\"inLanguage\":\"es\"},{\"@type\":\"Organization\",\"@id\":\"https:\/\/noti-america.com\/site\/ecuador\/#organization\",\"name\":\"Noti-America LLC | Ecuador\",\"url\":\"https:\/\/noti-america.com\/site\/ecuador\/\",\"logo\":{\"@type\":\"ImageObject\",\"inLanguage\":\"es\",\"@id\":\"https:\/\/noti-america.com\/site\/ecuador\/#\/schema\/logo\/image\/\",\"url\":\"https:\/\/noti-america.com\/site\/ecuador\/wp-content\/uploads\/sites\/18\/2020\/07\/LogoNA-4x3-1.jpg\",\"contentUrl\":\"https:\/\/noti-america.com\/site\/ecuador\/wp-content\/uploads\/sites\/18\/2020\/07\/LogoNA-4x3-1.jpg\",\"width\":1236,\"height\":1080,\"caption\":\"Noti-America LLC | Ecuador\"},\"image\":{\"@id\":\"https:\/\/noti-america.com\/site\/ecuador\/#\/schema\/logo\/image\/\"},\"sameAs\":[\"https:\/\/x.com\/notiamerica\"]},{\"@type\":\"Person\",\"@id\":\"https:\/\/noti-america.com\/site\/ecuador\/#\/schema\/person\/3b975e42f15abfe64bfe3abdd916efda\",\"name\":\"Gregory Quintana Montiel\",\"image\":{\"@type\":\"ImageObject\",\"inLanguage\":\"es\",\"@id\":\"https:\/\/secure.gravatar.com\/avatar\/2d6b802f7720c2ec7744dcbe608cc2f3417aeb964d58b443c6d612b77531de1d?s=96&d=mm&r=g\",\"url\":\"https:\/\/secure.gravatar.com\/avatar\/2d6b802f7720c2ec7744dcbe608cc2f3417aeb964d58b443c6d612b77531de1d?s=96&d=mm&r=g\",\"contentUrl\":\"https:\/\/secure.gravatar.com\/avatar\/2d6b802f7720c2ec7744dcbe608cc2f3417aeb964d58b443c6d612b77531de1d?s=96&d=mm&r=g\",\"caption\":\"Gregory Quintana Montiel\"},\"description\":\"Licenciatura en Ciencias de la Comunicaci\u00f3n Social, egresado en la Especializaci\u00f3n Derecho Ambiental Desarrollo Sostenible y Sustentable, Miembro de la Comunidad de profesionales y experto para Latinoam\u00e9rica y el Caribe en Gesti\u00f3n por Resultado en el Desarrollo (COPLAC - GpRD) del Banco Interamericano de Desarrollo, experiencia en medios radiales y escritos.\",\"sameAs\":[\"https:\/\/x.com\/gdgregori1\",\"gquintana\"],\"url\":\"https:\/\/noti-america.com\/site\/ecuador\/author\/gquintana\/\"}]}<\/script>\n<!-- \/ Yoast SEO Premium plugin. -->","yoast_head_json":{"title":"Corte de Justicia ratifica terna para elegir nuevo presidente de la Judicatura - Ecuador | Noti-America.com","robots":{"index":"index","follow":"follow","max-snippet":"max-snippet:-1","max-image-preview":"max-image-preview:large","max-video-preview":"max-video-preview:-1"},"canonical":"https:\/\/noti-america.com\/site\/ecuador\/2022\/12\/03\/corte-justicia-ratifica-terna-para-elegir-nuevo-presidente-de-la-judicatura\/","og_locale":"es_ES","og_type":"article","og_title":"Corte de Justicia ratifica terna para elegir nuevo presidente de la Judicatura","og_description":"REDACCI\u00d3N NOTI-AM\u00c9RICA\u00a0(ECUADOR) AUTOR:\u00a0HENRY GARRIDO. El presidente de la Corte Nacional de Justicia (CNJ), Iv\u00e1n Saquicela, ratific\u00f3 su actuaci\u00f3n legal sobre la primera terna enviada el 8 de marzo del presente a\u00f1o, al Consejo de&#46;&#46;&#46;","og_url":"https:\/\/noti-america.com\/site\/ecuador\/2022\/12\/03\/corte-justicia-ratifica-terna-para-elegir-nuevo-presidente-de-la-judicatura\/","og_site_name":"Ecuador | Noti-America.com","article_published_time":"2022-12-03T02:52:01+00:00","article_modified_time":"2022-12-03T03:04:08+00:00","og_image":[{"width":825,"height":495,"url":"https:\/\/noti-america.com\/site\/ecuador\/wp-content\/uploads\/sites\/18\/2022\/12\/Saquicela.jpg","type":"image\/jpeg"}],"author":"Gregory Quintana Montiel","twitter_card":"summary_large_image","twitter_creator":"@gdgregori1","twitter_site":"@notiamerica","twitter_misc":{"Escrito por":"Gregory Quintana Montiel","Tiempo estimado de lectura":"2 minutos"},"schema":{"@context":"https:\/\/schema.org","@graph":[{"@type":"Article","@id":"https:\/\/noti-america.com\/site\/ecuador\/2022\/12\/03\/corte-justicia-ratifica-terna-para-elegir-nuevo-presidente-de-la-judicatura\/#article","isPartOf":{"@id":"https:\/\/noti-america.com\/site\/ecuador\/2022\/12\/03\/corte-justicia-ratifica-terna-para-elegir-nuevo-presidente-de-la-judicatura\/"},"author":{"name":"Gregory Quintana Montiel","@id":"https:\/\/noti-america.com\/site\/ecuador\/#\/schema\/person\/3b975e42f15abfe64bfe3abdd916efda"},"headline":"Corte de Justicia ratifica terna para elegir nuevo presidente de la Judicatura","datePublished":"2022-12-03T02:52:01+00:00","dateModified":"2022-12-03T03:04:08+00:00","mainEntityOfPage":{"@id":"https:\/\/noti-america.com\/site\/ecuador\/2022\/12\/03\/corte-justicia-ratifica-terna-para-elegir-nuevo-presidente-de-la-judicatura\/"},"wordCount":207,"commentCount":0,"publisher":{"@id":"https:\/\/noti-america.com\/site\/ecuador\/#organization"},"image":{"@id":"https:\/\/noti-america.com\/site\/ecuador\/2022\/12\/03\/corte-justicia-ratifica-terna-para-elegir-nuevo-presidente-de-la-judicatura\/#primaryimage"},"thumbnailUrl":"https:\/\/noti-america.com\/site\/ecuador\/wp-content\/uploads\/sites\/18\/2022\/12\/Saquicela.jpg","articleSection":["Judicial"],"inLanguage":"es","potentialAction":[{"@type":"CommentAction","name":"Comment","target":["https:\/\/noti-america.com\/site\/ecuador\/2022\/12\/03\/corte-justicia-ratifica-terna-para-elegir-nuevo-presidente-de-la-judicatura\/#respond"]}]},{"@type":"WebPage","@id":"https:\/\/noti-america.com\/site\/ecuador\/2022\/12\/03\/corte-justicia-ratifica-terna-para-elegir-nuevo-presidente-de-la-judicatura\/","url":"https:\/\/noti-america.com\/site\/ecuador\/2022\/12\/03\/corte-justicia-ratifica-terna-para-elegir-nuevo-presidente-de-la-judicatura\/","name":"Corte de Justicia ratifica terna para elegir nuevo presidente de la Judicatura - Ecuador | Noti-America.com","isPartOf":{"@id":"https:\/\/noti-america.com\/site\/ecuador\/#website"},"primaryImageOfPage":{"@id":"https:\/\/noti-america.com\/site\/ecuador\/2022\/12\/03\/corte-justicia-ratifica-terna-para-elegir-nuevo-presidente-de-la-judicatura\/#primaryimage"},"image":{"@id":"https:\/\/noti-america.com\/site\/ecuador\/2022\/12\/03\/corte-justicia-ratifica-terna-para-elegir-nuevo-presidente-de-la-judicatura\/#primaryimage"},"thumbnailUrl":"https:\/\/noti-america.com\/site\/ecuador\/wp-content\/uploads\/sites\/18\/2022\/12\/Saquicela.jpg","datePublished":"2022-12-03T02:52:01+00:00","dateModified":"2022-12-03T03:04:08+00:00","breadcrumb":{"@id":"https:\/\/noti-america.com\/site\/ecuador\/2022\/12\/03\/corte-justicia-ratifica-terna-para-elegir-nuevo-presidente-de-la-judicatura\/#breadcrumb"},"inLanguage":"es","potentialAction":[{"@type":"ReadAction","target":["https:\/\/noti-america.com\/site\/ecuador\/2022\/12\/03\/corte-justicia-ratifica-terna-para-elegir-nuevo-presidente-de-la-judicatura\/"]}]},{"@type":"ImageObject","inLanguage":"es","@id":"https:\/\/noti-america.com\/site\/ecuador\/2022\/12\/03\/corte-justicia-ratifica-terna-para-elegir-nuevo-presidente-de-la-judicatura\/#primaryimage","url":"https:\/\/noti-america.com\/site\/ecuador\/wp-content\/uploads\/sites\/18\/2022\/12\/Saquicela.jpg","contentUrl":"https:\/\/noti-america.com\/site\/ecuador\/wp-content\/uploads\/sites\/18\/2022\/12\/Saquicela.jpg","width":825,"height":495},{"@type":"BreadcrumbList","@id":"https:\/\/noti-america.com\/site\/ecuador\/2022\/12\/03\/corte-justicia-ratifica-terna-para-elegir-nuevo-presidente-de-la-judicatura\/#breadcrumb","itemListElement":[{"@type":"ListItem","position":1,"name":"Portada","item":"https:\/\/noti-america.com\/site\/ecuador\/"},{"@type":"ListItem","position":2,"name":"Corte de Justicia ratifica terna para elegir nuevo presidente de la Judicatura"}]},{"@type":"WebSite","@id":"https:\/\/noti-america.com\/site\/ecuador\/#website","url":"https:\/\/noti-america.com\/site\/ecuador\/","name":"Ecuador | Noti-America.com","description":"","publisher":{"@id":"https:\/\/noti-america.com\/site\/ecuador\/#organization"},"potentialAction":[{"@type":"SearchAction","target":{"@type":"EntryPoint","urlTemplate":"https:\/\/noti-america.com\/site\/ecuador\/?s={search_term_string}"},"query-input":{"@type":"PropertyValueSpecification","valueRequired":true,"valueName":"search_term_string"}}],"inLanguage":"es"},{"@type":"Organization","@id":"https:\/\/noti-america.com\/site\/ecuador\/#organization","name":"Noti-America LLC | Ecuador","url":"https:\/\/noti-america.com\/site\/ecuador\/","logo":{"@type":"ImageObject","inLanguage":"es","@id":"https:\/\/noti-america.com\/site\/ecuador\/#\/schema\/logo\/image\/","url":"https:\/\/noti-america.com\/site\/ecuador\/wp-content\/uploads\/sites\/18\/2020\/07\/LogoNA-4x3-1.jpg","contentUrl":"https:\/\/noti-america.com\/site\/ecuador\/wp-content\/uploads\/sites\/18\/2020\/07\/LogoNA-4x3-1.jpg","width":1236,"height":1080,"caption":"Noti-America LLC | Ecuador"},"image":{"@id":"https:\/\/noti-america.com\/site\/ecuador\/#\/schema\/logo\/image\/"},"sameAs":["https:\/\/x.com\/notiamerica"]},{"@type":"Person","@id":"https:\/\/noti-america.com\/site\/ecuador\/#\/schema\/person\/3b975e42f15abfe64bfe3abdd916efda","name":"Gregory Quintana Montiel","image":{"@type":"ImageObject","inLanguage":"es","@id":"https:\/\/secure.gravatar.com\/avatar\/2d6b802f7720c2ec7744dcbe608cc2f3417aeb964d58b443c6d612b77531de1d?s=96&d=mm&r=g","url":"https:\/\/secure.gravatar.com\/avatar\/2d6b802f7720c2ec7744dcbe608cc2f3417aeb964d58b443c6d612b77531de1d?s=96&d=mm&r=g","contentUrl":"https:\/\/secure.gravatar.com\/avatar\/2d6b802f7720c2ec7744dcbe608cc2f3417aeb964d58b443c6d612b77531de1d?s=96&d=mm&r=g","caption":"Gregory Quintana Montiel"},"description":"Licenciatura en Ciencias de la Comunicaci\u00f3n Social, egresado en la Especializaci\u00f3n Derecho Ambiental Desarrollo Sostenible y Sustentable, Miembro de la Comunidad de profesionales y experto para Latinoam\u00e9rica y el Caribe en Gesti\u00f3n por Resultado en el Desarrollo (COPLAC - GpRD) del Banco Interamericano de Desarrollo, experiencia en medios radiales y escritos.","sameAs":["https:\/\/x.com\/gdgregori1","gquintana"],"url":"https:\/\/noti-america.com\/site\/ecuador\/author\/gquintana\/"}]}},"_links":{"self":[{"href":"https:\/\/noti-america.com\/site\/ecuador\/wp-json\/wp\/v2\/posts\/23091","targetHints":{"allow":["GET"]}}],"collection":[{"href":"https:\/\/noti-america.com\/site\/ecuador\/wp-json\/wp\/v2\/posts"}],"about":[{"href":"https:\/\/noti-america.com\/site\/ecuador\/wp-json\/wp\/v2\/types\/post"}],"author":[{"embeddable":true,"href":"https:\/\/noti-america.com\/site\/ecuador\/wp-json\/wp\/v2\/users\/17"}],"replies":[{"embeddable":true,"href":"https:\/\/noti-america.com\/site\/ecuador\/wp-json\/wp\/v2\/comments?post=23091"}],"version-history":[{"count":5,"href":"https:\/\/noti-america.com\/site\/ecuador\/wp-json\/wp\/v2\/posts\/23091\/revisions"}],"predecessor-version":[{"id":23103,"href":"https:\/\/noti-america.com\/site\/ecuador\/wp-json\/wp\/v2\/posts\/23091\/revisions\/23103"}],"wp:featuredmedia":[{"embeddable":true,"href":"https:\/\/noti-america.com\/site\/ecuador\/wp-json\/wp\/v2\/media\/23098"}],"wp:attachment":[{"href":"https:\/\/noti-america.com\/site\/ecuador\/wp-json\/wp\/v2\/media?parent=23091"}],"wp:term":[{"taxonomy":"category","embeddable":true,"href":"https:\/\/noti-america.com\/site\/ecuador\/wp-json\/wp\/v2\/categories?post=23091"},{"taxonomy":"post_tag","embeddable":true,"href":"https:\/\/noti-america.com\/site\/ecuador\/wp-json\/wp\/v2\/tags?post=23091"}],"curies":[{"name":"wp","href":"https:\/\/api.w.org\/{rel}","templated":true}]}}