{"id":22922,"date":"2022-11-25T01:57:27","date_gmt":"2022-11-25T01:57:27","guid":{"rendered":"https:\/\/noti-america.com\/site\/ecuador\/?p=22922"},"modified":"2022-11-25T01:59:50","modified_gmt":"2022-11-25T01:59:50","slug":"ecuador-enfrentaria-a-paises-bajos-com-variantes","status":"publish","type":"post","link":"https:\/\/noti-america.com\/site\/ecuador\/2022\/11\/25\/ecuador-enfrentaria-a-paises-bajos-com-variantes\/","title":{"rendered":"Ecuador enfrentar\u00eda a Pa\u00edses Bajos con variantes"},"content":{"rendered":"<p>REDACCI\u00d3N NOTI-AM\u00c9RICA\u00a0<strong>(ECUADOR).<\/strong><\/p>\n<p><img loading=\"lazy\" decoding=\"async\" class=\"size-medium wp-image-22923 aligncenter\" src=\"https:\/\/noti-america.com\/site\/ecuador\/wp-content\/uploads\/sites\/18\/2022\/11\/IMG-20221124-WA0198-300x191.jpg\" alt=\"\" width=\"300\" height=\"191\" srcset=\"https:\/\/noti-america.com\/site\/ecuador\/wp-content\/uploads\/sites\/18\/2022\/11\/IMG-20221124-WA0198-300x191.jpg 300w, https:\/\/noti-america.com\/site\/ecuador\/wp-content\/uploads\/sites\/18\/2022\/11\/IMG-20221124-WA0198-600x382.jpg 600w, https:\/\/noti-america.com\/site\/ecuador\/wp-content\/uploads\/sites\/18\/2022\/11\/IMG-20221124-WA0198.jpg 719w\" sizes=\"auto, (max-width: 300px) 100vw, 300px\" \/><\/p>\n<p style=\"text-align: justify\">La selecci\u00f3n de Ecuador podr\u00eda enfrentar a Pa\u00edses Bajos con una o algunas variantes en relaci\u00f3n al once que logr\u00f3 la victoria ante Qatar.<br \/>\nEl DT Gustavo Alfaro maneja una duda por lesi\u00f3n, un cambio t\u00e1ctico y una variante en el esquema. La Tri no repetir\u00eda la presencia de doble delantero en el ataque y regresar\u00eda a usar tres zagueros centrales en la \u00faltima l\u00ednea. Jackson Porozo ser\u00eda el tercer zaguero\u00a0en esta\u00a0defensa que pondr\u00eda el t\u00e9cnico.<br \/>\nSebasti\u00e1n M\u00e9ndez y Mois\u00e9s Caicedo ser\u00edan los dos volantes que estar\u00edan en el once nuevamente, en la primera jornada fueron dos de mejor desempe\u00f1o. El cambio que podr\u00eda tener la Tri es Enner Valencia, quien por lesi\u00f3n est\u00e1 como duda.<br \/>\nPor la banda derecha Gonzalo Plata continuar\u00eda en el equipo, aunque el ingreso de \u00c1ngel Mena es una opci\u00f3n. El encuentro es este viernes 25 de noviembre a las 11h00 de Ecuador.<br \/>\nEn resumen, los que saldr\u00edan a la cancha para enfrentar al equipo m\u00e1s duro del Grupo A, ser\u00edan: Gal\u00edndez; Porozo, Hincapi\u00e9, Torres; Preciado, Caicedo, M\u00e9ndez, Estupi\u00f1an; Estrada, Mena; Enner Valencia.<\/p>\n","protected":false},"excerpt":{"rendered":"<p>REDACCI\u00d3N NOTI-AM\u00c9RICA\u00a0(ECUADOR). La selecci\u00f3n de Ecuador podr\u00eda enfrentar a Pa\u00edses Bajos con una o algunas variantes en relaci\u00f3n al once que logr\u00f3 la victoria ante Qatar. El DT Gustavo Alfaro maneja una duda por&#46;&#46;&#46;<\/p>\n","protected":false},"author":81,"featured_media":22923,"comment_status":"open","ping_status":"open","sticky":false,"template":"","format":"standard","meta":{"_acf_changed":false,"om_disable_all_campaigns":false,"rop_custom_images_group":[],"rop_custom_messages_group":[],"rop_publish_now":"initial","rop_publish_now_accounts":{"twitter_242054905_242054905":""},"rop_publish_now_history":[],"rop_publish_now_status":"pending","_uf_show_specific_survey":0,"_uf_disable_surveys":false,"footnotes":""},"categories":[1],"tags":[],"class_list":["post-22922","post","type-post","status-publish","format-standard","has-post-thumbnail","hentry","category-uncategorized"],"acf":[],"aioseo_notices":[],"yoast_head":"<!-- This site is optimized with the Yoast SEO Premium plugin v24.9 (Yoast SEO v27.2) - https:\/\/yoast.com\/product\/yoast-seo-premium-wordpress\/ -->\n<title>Ecuador enfrentar\u00eda a Pa\u00edses Bajos con variantes - Ecuador | Noti-America.com<\/title>\n<meta name=\"robots\" content=\"index, follow, max-snippet:-1, max-image-preview:large, max-video-preview:-1\" \/>\n<link rel=\"canonical\" href=\"https:\/\/noti-america.com\/site\/ecuador\/2022\/11\/25\/ecuador-enfrentaria-a-paises-bajos-com-variantes\/\" \/>\n<meta property=\"og:locale\" content=\"es_ES\" \/>\n<meta property=\"og:type\" content=\"article\" \/>\n<meta property=\"og:title\" content=\"Ecuador enfrentar\u00eda a Pa\u00edses Bajos con variantes\" \/>\n<meta property=\"og:description\" content=\"REDACCI\u00d3N NOTI-AM\u00c9RICA\u00a0(ECUADOR). La selecci\u00f3n de Ecuador podr\u00eda enfrentar a Pa\u00edses Bajos con una o algunas variantes en relaci\u00f3n al once que logr\u00f3 la victoria ante Qatar. El DT Gustavo Alfaro maneja una duda por&#046;&#046;&#046;\" \/>\n<meta property=\"og:url\" content=\"https:\/\/noti-america.com\/site\/ecuador\/2022\/11\/25\/ecuador-enfrentaria-a-paises-bajos-com-variantes\/\" \/>\n<meta property=\"og:site_name\" content=\"Ecuador | Noti-America.com\" \/>\n<meta property=\"article:published_time\" content=\"2022-11-25T01:57:27+00:00\" \/>\n<meta property=\"article:modified_time\" content=\"2022-11-25T01:59:50+00:00\" \/>\n<meta property=\"og:image\" content=\"https:\/\/noti-america.com\/site\/ecuador\/wp-content\/uploads\/sites\/18\/2022\/11\/IMG-20221124-WA0198.jpg\" \/>\n\t<meta property=\"og:image:width\" content=\"719\" \/>\n\t<meta property=\"og:image:height\" content=\"458\" \/>\n\t<meta property=\"og:image:type\" content=\"image\/jpeg\" \/>\n<meta name=\"author\" content=\"Boris Moyano\" \/>\n<meta name=\"twitter:card\" content=\"summary_large_image\" \/>\n<meta name=\"twitter:creator\" content=\"@notiamerica\" \/>\n<meta name=\"twitter:site\" content=\"@notiamerica\" \/>\n<meta name=\"twitter:label1\" content=\"Escrito por\" \/>\n\t<meta name=\"twitter:data1\" content=\"Boris Moyano\" \/>\n\t<meta name=\"twitter:label2\" content=\"Tiempo estimado de lectura\" \/>\n\t<meta name=\"twitter:data2\" content=\"2 minutos\" \/>\n<script type=\"application\/ld+json\" class=\"yoast-schema-graph\">{\"@context\":\"https:\/\/schema.org\",\"@graph\":[{\"@type\":\"Article\",\"@id\":\"https:\/\/noti-america.com\/site\/ecuador\/2022\/11\/25\/ecuador-enfrentaria-a-paises-bajos-com-variantes\/#article\",\"isPartOf\":{\"@id\":\"https:\/\/noti-america.com\/site\/ecuador\/2022\/11\/25\/ecuador-enfrentaria-a-paises-bajos-com-variantes\/\"},\"author\":{\"name\":\"Boris Moyano\",\"@id\":\"https:\/\/noti-america.com\/site\/ecuador\/#\/schema\/person\/063740b70e1baad7ce400b3b8bd8b8e3\"},\"headline\":\"Ecuador enfrentar\u00eda a Pa\u00edses Bajos con variantes\",\"datePublished\":\"2022-11-25T01:57:27+00:00\",\"dateModified\":\"2022-11-25T01:59:50+00:00\",\"mainEntityOfPage\":{\"@id\":\"https:\/\/noti-america.com\/site\/ecuador\/2022\/11\/25\/ecuador-enfrentaria-a-paises-bajos-com-variantes\/\"},\"wordCount\":221,\"commentCount\":0,\"publisher\":{\"@id\":\"https:\/\/noti-america.com\/site\/ecuador\/#organization\"},\"image\":{\"@id\":\"https:\/\/noti-america.com\/site\/ecuador\/2022\/11\/25\/ecuador-enfrentaria-a-paises-bajos-com-variantes\/#primaryimage\"},\"thumbnailUrl\":\"https:\/\/noti-america.com\/site\/ecuador\/wp-content\/uploads\/sites\/18\/2022\/11\/IMG-20221124-WA0198.jpg\",\"articleSection\":[\"Uncategorized\"],\"inLanguage\":\"es\",\"potentialAction\":[{\"@type\":\"CommentAction\",\"name\":\"Comment\",\"target\":[\"https:\/\/noti-america.com\/site\/ecuador\/2022\/11\/25\/ecuador-enfrentaria-a-paises-bajos-com-variantes\/#respond\"]}]},{\"@type\":\"WebPage\",\"@id\":\"https:\/\/noti-america.com\/site\/ecuador\/2022\/11\/25\/ecuador-enfrentaria-a-paises-bajos-com-variantes\/\",\"url\":\"https:\/\/noti-america.com\/site\/ecuador\/2022\/11\/25\/ecuador-enfrentaria-a-paises-bajos-com-variantes\/\",\"name\":\"Ecuador enfrentar\u00eda a Pa\u00edses Bajos con variantes - Ecuador | Noti-America.com\",\"isPartOf\":{\"@id\":\"https:\/\/noti-america.com\/site\/ecuador\/#website\"},\"primaryImageOfPage\":{\"@id\":\"https:\/\/noti-america.com\/site\/ecuador\/2022\/11\/25\/ecuador-enfrentaria-a-paises-bajos-com-variantes\/#primaryimage\"},\"image\":{\"@id\":\"https:\/\/noti-america.com\/site\/ecuador\/2022\/11\/25\/ecuador-enfrentaria-a-paises-bajos-com-variantes\/#primaryimage\"},\"thumbnailUrl\":\"https:\/\/noti-america.com\/site\/ecuador\/wp-content\/uploads\/sites\/18\/2022\/11\/IMG-20221124-WA0198.jpg\",\"datePublished\":\"2022-11-25T01:57:27+00:00\",\"dateModified\":\"2022-11-25T01:59:50+00:00\",\"breadcrumb\":{\"@id\":\"https:\/\/noti-america.com\/site\/ecuador\/2022\/11\/25\/ecuador-enfrentaria-a-paises-bajos-com-variantes\/#breadcrumb\"},\"inLanguage\":\"es\",\"potentialAction\":[{\"@type\":\"ReadAction\",\"target\":[\"https:\/\/noti-america.com\/site\/ecuador\/2022\/11\/25\/ecuador-enfrentaria-a-paises-bajos-com-variantes\/\"]}]},{\"@type\":\"ImageObject\",\"inLanguage\":\"es\",\"@id\":\"https:\/\/noti-america.com\/site\/ecuador\/2022\/11\/25\/ecuador-enfrentaria-a-paises-bajos-com-variantes\/#primaryimage\",\"url\":\"https:\/\/noti-america.com\/site\/ecuador\/wp-content\/uploads\/sites\/18\/2022\/11\/IMG-20221124-WA0198.jpg\",\"contentUrl\":\"https:\/\/noti-america.com\/site\/ecuador\/wp-content\/uploads\/sites\/18\/2022\/11\/IMG-20221124-WA0198.jpg\",\"width\":719,\"height\":458},{\"@type\":\"BreadcrumbList\",\"@id\":\"https:\/\/noti-america.com\/site\/ecuador\/2022\/11\/25\/ecuador-enfrentaria-a-paises-bajos-com-variantes\/#breadcrumb\",\"itemListElement\":[{\"@type\":\"ListItem\",\"position\":1,\"name\":\"Portada\",\"item\":\"https:\/\/noti-america.com\/site\/ecuador\/\"},{\"@type\":\"ListItem\",\"position\":2,\"name\":\"Ecuador enfrentar\u00eda a Pa\u00edses Bajos con variantes\"}]},{\"@type\":\"WebSite\",\"@id\":\"https:\/\/noti-america.com\/site\/ecuador\/#website\",\"url\":\"https:\/\/noti-america.com\/site\/ecuador\/\",\"name\":\"Ecuador | Noti-America.com\",\"description\":\"\",\"publisher\":{\"@id\":\"https:\/\/noti-america.com\/site\/ecuador\/#organization\"},\"potentialAction\":[{\"@type\":\"SearchAction\",\"target\":{\"@type\":\"EntryPoint\",\"urlTemplate\":\"https:\/\/noti-america.com\/site\/ecuador\/?s={search_term_string}\"},\"query-input\":{\"@type\":\"PropertyValueSpecification\",\"valueRequired\":true,\"valueName\":\"search_term_string\"}}],\"inLanguage\":\"es\"},{\"@type\":\"Organization\",\"@id\":\"https:\/\/noti-america.com\/site\/ecuador\/#organization\",\"name\":\"Noti-America LLC | Ecuador\",\"url\":\"https:\/\/noti-america.com\/site\/ecuador\/\",\"logo\":{\"@type\":\"ImageObject\",\"inLanguage\":\"es\",\"@id\":\"https:\/\/noti-america.com\/site\/ecuador\/#\/schema\/logo\/image\/\",\"url\":\"https:\/\/noti-america.com\/site\/ecuador\/wp-content\/uploads\/sites\/18\/2020\/07\/LogoNA-4x3-1.jpg\",\"contentUrl\":\"https:\/\/noti-america.com\/site\/ecuador\/wp-content\/uploads\/sites\/18\/2020\/07\/LogoNA-4x3-1.jpg\",\"width\":1236,\"height\":1080,\"caption\":\"Noti-America LLC | Ecuador\"},\"image\":{\"@id\":\"https:\/\/noti-america.com\/site\/ecuador\/#\/schema\/logo\/image\/\"},\"sameAs\":[\"https:\/\/x.com\/notiamerica\"]},{\"@type\":\"Person\",\"@id\":\"https:\/\/noti-america.com\/site\/ecuador\/#\/schema\/person\/063740b70e1baad7ce400b3b8bd8b8e3\",\"name\":\"Boris Moyano\",\"image\":{\"@type\":\"ImageObject\",\"inLanguage\":\"es\",\"@id\":\"https:\/\/secure.gravatar.com\/avatar\/1635fd8d206bae736e855dfe91602736d1ea92af1a7f3fa7f62c848f245a1404?s=96&d=mm&r=g\",\"url\":\"https:\/\/secure.gravatar.com\/avatar\/1635fd8d206bae736e855dfe91602736d1ea92af1a7f3fa7f62c848f245a1404?s=96&d=mm&r=g\",\"contentUrl\":\"https:\/\/secure.gravatar.com\/avatar\/1635fd8d206bae736e855dfe91602736d1ea92af1a7f3fa7f62c848f245a1404?s=96&d=mm&r=g\",\"caption\":\"Boris Moyano\"},\"url\":\"https:\/\/noti-america.com\/site\/ecuador\/author\/bmoyano\/\"}]}<\/script>\n<!-- \/ Yoast SEO Premium plugin. -->","yoast_head_json":{"title":"Ecuador enfrentar\u00eda a Pa\u00edses Bajos con variantes - Ecuador | Noti-America.com","robots":{"index":"index","follow":"follow","max-snippet":"max-snippet:-1","max-image-preview":"max-image-preview:large","max-video-preview":"max-video-preview:-1"},"canonical":"https:\/\/noti-america.com\/site\/ecuador\/2022\/11\/25\/ecuador-enfrentaria-a-paises-bajos-com-variantes\/","og_locale":"es_ES","og_type":"article","og_title":"Ecuador enfrentar\u00eda a Pa\u00edses Bajos con variantes","og_description":"REDACCI\u00d3N NOTI-AM\u00c9RICA\u00a0(ECUADOR). La selecci\u00f3n de Ecuador podr\u00eda enfrentar a Pa\u00edses Bajos con una o algunas variantes en relaci\u00f3n al once que logr\u00f3 la victoria ante Qatar. El DT Gustavo Alfaro maneja una duda por&#46;&#46;&#46;","og_url":"https:\/\/noti-america.com\/site\/ecuador\/2022\/11\/25\/ecuador-enfrentaria-a-paises-bajos-com-variantes\/","og_site_name":"Ecuador | Noti-America.com","article_published_time":"2022-11-25T01:57:27+00:00","article_modified_time":"2022-11-25T01:59:50+00:00","og_image":[{"width":719,"height":458,"url":"https:\/\/noti-america.com\/site\/ecuador\/wp-content\/uploads\/sites\/18\/2022\/11\/IMG-20221124-WA0198.jpg","type":"image\/jpeg"}],"author":"Boris Moyano","twitter_card":"summary_large_image","twitter_creator":"@notiamerica","twitter_site":"@notiamerica","twitter_misc":{"Escrito por":"Boris Moyano","Tiempo estimado de lectura":"2 minutos"},"schema":{"@context":"https:\/\/schema.org","@graph":[{"@type":"Article","@id":"https:\/\/noti-america.com\/site\/ecuador\/2022\/11\/25\/ecuador-enfrentaria-a-paises-bajos-com-variantes\/#article","isPartOf":{"@id":"https:\/\/noti-america.com\/site\/ecuador\/2022\/11\/25\/ecuador-enfrentaria-a-paises-bajos-com-variantes\/"},"author":{"name":"Boris Moyano","@id":"https:\/\/noti-america.com\/site\/ecuador\/#\/schema\/person\/063740b70e1baad7ce400b3b8bd8b8e3"},"headline":"Ecuador enfrentar\u00eda a Pa\u00edses Bajos con variantes","datePublished":"2022-11-25T01:57:27+00:00","dateModified":"2022-11-25T01:59:50+00:00","mainEntityOfPage":{"@id":"https:\/\/noti-america.com\/site\/ecuador\/2022\/11\/25\/ecuador-enfrentaria-a-paises-bajos-com-variantes\/"},"wordCount":221,"commentCount":0,"publisher":{"@id":"https:\/\/noti-america.com\/site\/ecuador\/#organization"},"image":{"@id":"https:\/\/noti-america.com\/site\/ecuador\/2022\/11\/25\/ecuador-enfrentaria-a-paises-bajos-com-variantes\/#primaryimage"},"thumbnailUrl":"https:\/\/noti-america.com\/site\/ecuador\/wp-content\/uploads\/sites\/18\/2022\/11\/IMG-20221124-WA0198.jpg","articleSection":["Uncategorized"],"inLanguage":"es","potentialAction":[{"@type":"CommentAction","name":"Comment","target":["https:\/\/noti-america.com\/site\/ecuador\/2022\/11\/25\/ecuador-enfrentaria-a-paises-bajos-com-variantes\/#respond"]}]},{"@type":"WebPage","@id":"https:\/\/noti-america.com\/site\/ecuador\/2022\/11\/25\/ecuador-enfrentaria-a-paises-bajos-com-variantes\/","url":"https:\/\/noti-america.com\/site\/ecuador\/2022\/11\/25\/ecuador-enfrentaria-a-paises-bajos-com-variantes\/","name":"Ecuador enfrentar\u00eda a Pa\u00edses Bajos con variantes - Ecuador | Noti-America.com","isPartOf":{"@id":"https:\/\/noti-america.com\/site\/ecuador\/#website"},"primaryImageOfPage":{"@id":"https:\/\/noti-america.com\/site\/ecuador\/2022\/11\/25\/ecuador-enfrentaria-a-paises-bajos-com-variantes\/#primaryimage"},"image":{"@id":"https:\/\/noti-america.com\/site\/ecuador\/2022\/11\/25\/ecuador-enfrentaria-a-paises-bajos-com-variantes\/#primaryimage"},"thumbnailUrl":"https:\/\/noti-america.com\/site\/ecuador\/wp-content\/uploads\/sites\/18\/2022\/11\/IMG-20221124-WA0198.jpg","datePublished":"2022-11-25T01:57:27+00:00","dateModified":"2022-11-25T01:59:50+00:00","breadcrumb":{"@id":"https:\/\/noti-america.com\/site\/ecuador\/2022\/11\/25\/ecuador-enfrentaria-a-paises-bajos-com-variantes\/#breadcrumb"},"inLanguage":"es","potentialAction":[{"@type":"ReadAction","target":["https:\/\/noti-america.com\/site\/ecuador\/2022\/11\/25\/ecuador-enfrentaria-a-paises-bajos-com-variantes\/"]}]},{"@type":"ImageObject","inLanguage":"es","@id":"https:\/\/noti-america.com\/site\/ecuador\/2022\/11\/25\/ecuador-enfrentaria-a-paises-bajos-com-variantes\/#primaryimage","url":"https:\/\/noti-america.com\/site\/ecuador\/wp-content\/uploads\/sites\/18\/2022\/11\/IMG-20221124-WA0198.jpg","contentUrl":"https:\/\/noti-america.com\/site\/ecuador\/wp-content\/uploads\/sites\/18\/2022\/11\/IMG-20221124-WA0198.jpg","width":719,"height":458},{"@type":"BreadcrumbList","@id":"https:\/\/noti-america.com\/site\/ecuador\/2022\/11\/25\/ecuador-enfrentaria-a-paises-bajos-com-variantes\/#breadcrumb","itemListElement":[{"@type":"ListItem","position":1,"name":"Portada","item":"https:\/\/noti-america.com\/site\/ecuador\/"},{"@type":"ListItem","position":2,"name":"Ecuador enfrentar\u00eda a Pa\u00edses Bajos con variantes"}]},{"@type":"WebSite","@id":"https:\/\/noti-america.com\/site\/ecuador\/#website","url":"https:\/\/noti-america.com\/site\/ecuador\/","name":"Ecuador | Noti-America.com","description":"","publisher":{"@id":"https:\/\/noti-america.com\/site\/ecuador\/#organization"},"potentialAction":[{"@type":"SearchAction","target":{"@type":"EntryPoint","urlTemplate":"https:\/\/noti-america.com\/site\/ecuador\/?s={search_term_string}"},"query-input":{"@type":"PropertyValueSpecification","valueRequired":true,"valueName":"search_term_string"}}],"inLanguage":"es"},{"@type":"Organization","@id":"https:\/\/noti-america.com\/site\/ecuador\/#organization","name":"Noti-America LLC | Ecuador","url":"https:\/\/noti-america.com\/site\/ecuador\/","logo":{"@type":"ImageObject","inLanguage":"es","@id":"https:\/\/noti-america.com\/site\/ecuador\/#\/schema\/logo\/image\/","url":"https:\/\/noti-america.com\/site\/ecuador\/wp-content\/uploads\/sites\/18\/2020\/07\/LogoNA-4x3-1.jpg","contentUrl":"https:\/\/noti-america.com\/site\/ecuador\/wp-content\/uploads\/sites\/18\/2020\/07\/LogoNA-4x3-1.jpg","width":1236,"height":1080,"caption":"Noti-America LLC | Ecuador"},"image":{"@id":"https:\/\/noti-america.com\/site\/ecuador\/#\/schema\/logo\/image\/"},"sameAs":["https:\/\/x.com\/notiamerica"]},{"@type":"Person","@id":"https:\/\/noti-america.com\/site\/ecuador\/#\/schema\/person\/063740b70e1baad7ce400b3b8bd8b8e3","name":"Boris Moyano","image":{"@type":"ImageObject","inLanguage":"es","@id":"https:\/\/secure.gravatar.com\/avatar\/1635fd8d206bae736e855dfe91602736d1ea92af1a7f3fa7f62c848f245a1404?s=96&d=mm&r=g","url":"https:\/\/secure.gravatar.com\/avatar\/1635fd8d206bae736e855dfe91602736d1ea92af1a7f3fa7f62c848f245a1404?s=96&d=mm&r=g","contentUrl":"https:\/\/secure.gravatar.com\/avatar\/1635fd8d206bae736e855dfe91602736d1ea92af1a7f3fa7f62c848f245a1404?s=96&d=mm&r=g","caption":"Boris Moyano"},"url":"https:\/\/noti-america.com\/site\/ecuador\/author\/bmoyano\/"}]}},"_links":{"self":[{"href":"https:\/\/noti-america.com\/site\/ecuador\/wp-json\/wp\/v2\/posts\/22922","targetHints":{"allow":["GET"]}}],"collection":[{"href":"https:\/\/noti-america.com\/site\/ecuador\/wp-json\/wp\/v2\/posts"}],"about":[{"href":"https:\/\/noti-america.com\/site\/ecuador\/wp-json\/wp\/v2\/types\/post"}],"author":[{"embeddable":true,"href":"https:\/\/noti-america.com\/site\/ecuador\/wp-json\/wp\/v2\/users\/81"}],"replies":[{"embeddable":true,"href":"https:\/\/noti-america.com\/site\/ecuador\/wp-json\/wp\/v2\/comments?post=22922"}],"version-history":[{"count":2,"href":"https:\/\/noti-america.com\/site\/ecuador\/wp-json\/wp\/v2\/posts\/22922\/revisions"}],"predecessor-version":[{"id":22925,"href":"https:\/\/noti-america.com\/site\/ecuador\/wp-json\/wp\/v2\/posts\/22922\/revisions\/22925"}],"wp:featuredmedia":[{"embeddable":true,"href":"https:\/\/noti-america.com\/site\/ecuador\/wp-json\/wp\/v2\/media\/22923"}],"wp:attachment":[{"href":"https:\/\/noti-america.com\/site\/ecuador\/wp-json\/wp\/v2\/media?parent=22922"}],"wp:term":[{"taxonomy":"category","embeddable":true,"href":"https:\/\/noti-america.com\/site\/ecuador\/wp-json\/wp\/v2\/categories?post=22922"},{"taxonomy":"post_tag","embeddable":true,"href":"https:\/\/noti-america.com\/site\/ecuador\/wp-json\/wp\/v2\/tags?post=22922"}],"curies":[{"name":"wp","href":"https:\/\/api.w.org\/{rel}","templated":true}]}}