{"id":22512,"date":"2022-11-04T03:29:51","date_gmt":"2022-11-04T03:29:51","guid":{"rendered":"https:\/\/noti-america.com\/site\/ecuador\/?p=22512"},"modified":"2022-11-04T16:09:59","modified_gmt":"2022-11-04T16:09:59","slug":"la-adaptacion-al-cambio-climatico-necesita-del-apoyo-economico-de-todos-los-gobiernos","status":"publish","type":"post","link":"https:\/\/noti-america.com\/site\/ecuador\/2022\/11\/04\/la-adaptacion-al-cambio-climatico-necesita-del-apoyo-economico-de-todos-los-gobiernos\/","title":{"rendered":"La adaptaci\u00f3n al cambio clim\u00e1tico necesita del apoyo econ\u00f3mico de todos los Gobiernos"},"content":{"rendered":"<p><strong>REDACCI\u00d3N NOTI-AM\u00c9RICA (ECUADOR)<\/strong><\/p>\n<section class=\"region region-before-content\">\n<div id=\"block-views-block-story-photo-block-image\" class=\"views-element-container block block-views block-views-block-story-photo-block-image\">\n<div class=\"content block__content\">\n<div class=\"view view-story-photo view-id-story_photo view-display-id-block_image js-view-dom-id-35aef4ecb38d1d5f5998c2bb9ed6b59e075b50146d681d65053707bd1fd2d270\">\n<div class=\"view-content\">\n<div class=\"views-row\">\n<div class=\"node node--type-news-story node--view-mode-top-image clearfix container\" role=\"article\">\n<h5 style=\"text-align: center\"><span class=\"field field--name-title field--type-string field--label-hidden\">Se necesitan m\u00e1s fondos para adaptarnos al cambio clim\u00e1tico y a un clima cada vez m\u00e1s peligroso.<\/span><\/h5>\n<p style=\"text-align: justify\">Se estima que las necesidades anuales de adaptaci\u00f3n oscilan entre 160.000 y 340.000 millones de d\u00f3lares para el final de la d\u00e9cada, y hasta 565.000 millones para 2050. El Secretario General de la ONU propone cuatro maneras para desbloquear los fondos necesarios.<\/p>\n<div class=\"story-media\">\n<div class=\"media-image\">\n<div class=\"field field--name-field-news-story-photo field--type-entity-reference field--label-hidden field__item\"><img loading=\"lazy\" decoding=\"async\" title=\"Unos j\u00f3venes recogen agua potable de una l\u00ednea de suministro de agua bajo el agua de las inundaciones en la provincia de Sindh, Pakist\u00e1n.\" src=\"https:\/\/global.unitednations.entermediadb.net\/assets\/mediadb\/services\/module\/asset\/downloads\/preset\/Libraries\/Production%20Library\/02-11-2022_UNICEF_Pakistan.jpg\/image1170x530cropped.jpg\" alt=\"Unos j\u00f3venes recogen agua potable de una l\u00ednea de suministro de agua bajo el agua de las inundaciones en la provincia de Sindh, Pakist\u00e1n.\" width=\"1170\" height=\"530\" \/><\/div>\n<\/div>\n<\/div>\n<div class=\"story-caption\">\n<div class=\"context-caption_credit type-entermedia_image media media--type-entermedia-image media--view-mode-caption-credit\">\n<div class=\"field field--name-field-authors field--type-entity-reference field--label-hidden field__items\">\n<div class=\"field__item\" style=\"text-align: justify\">\u00a9 UNICEF\/Asad Zaidi. Unos j\u00f3venes recogen agua potable de una l\u00ednea de suministro de agua bajo el agua de las inundaciones en la provincia de Sindh, Pakist\u00e1n.<\/div>\n<\/div>\n<\/div>\n<\/div>\n<\/div>\n<\/div>\n<\/div>\n<\/div>\n<\/div>\n<\/div>\n<\/section>\n<div id=\"main-wrapper\" class=\"layout-main-wrapper clearfix\">\n<div id=\"main-container\" class=\"container layout-main-container\">\n<div class=\"row row-offcanvas row-offcanvas-left clearfix\">\n<p>&nbsp;<\/p>\n<section class=\"section\">\n<div id=\"block-views-block-content-fields-block-body\" class=\"views-element-container block block-views block-views-block-content-fields-block-body\">\n<div class=\"content block__content\">\n<div class=\"view view-content-fields view-id-content_fields view-display-id-block_body js-view-dom-id-a35bdabd0aaff8efe6f08790a0725fe7ab8d0fe3b2bdd703515f3e9f0de52cf3\">\n<div class=\"view-content\">\n<div class=\"views-row\">\n<div class=\"views-field views-field-field-news-story\">\n<div class=\"field-content\">\n<div class=\"paragraph paragraph--type--one-column-text paragraph--view-mode--default\">\n<div class=\"lc-section lc-section-315 layoutcomponents-one-column container lc-inline_section-edit\">\n<div class=\"lc-inline_container-section-edit\">\n<div class=\"row lc-container-cols lc-inline_row-edit\">\n<div class=\"lc-inline_column_first-edit layoutcomponent-column col-md\">\n<div class=\"layout-builder__region js-layout-builder-region lc-inline_column_first-content-edit\" data-region=\"first\">\n<div class=\"block block-layout-builder block-field-block-paragraph-one-column-text-field-text-column\">\n<div class=\"content block__content\">\n<div class=\"clearfix text-formatted field field--name-field-text-column field--type-text-long field--label-hidden field__item\">\n<p style=\"text-align: justify\">El Programa de las\u00a0<a href=\"https:\/\/www.unenvironment.org\/es\" target=\"_blank\" rel=\"noopener noreferrer\">Naciones Unidas para el Medio Ambiente<\/a>\u00a0(PNUMA) afirma en su \u00faltimo informe, publicado este jueves, que los pa\u00edses deben intensificar urgentemente sus esfuerzos para adaptarse a los adversos efectos actuales y futuros del cambio clim\u00e1tico.<\/p>\n<p style=\"text-align: justify\">El Informe sobre la Brecha de Adaptaci\u00f3n 2022 se ha publicado antes de la Conferencia de las Naciones Unidas sobre el Clima COP27, que se inaugura este fin de semana en Sharm El-Sheikh (Egipto).<\/p>\n<p style=\"text-align: justify\">En el documento, se pide un aumento de la financiaci\u00f3n y la aplicaci\u00f3n de medidas destinadas a ayudar a las naciones y comunidades vulnerables a adaptarse a la emergencia clim\u00e1tica ante los crecientes riesgos de un clima cuyos cambios est\u00e1n aumentando los fen\u00f3menos clim\u00e1ticos extremos.<\/p>\n<p style=\"text-align: justify\">Se estima que las necesidades anuales de adaptaci\u00f3n oscilan entre 160.000 y 340.000 millones de d\u00f3lares para el final de la d\u00e9cada, y hasta 565.000 millones para 2050.<\/p>\n<h4 style=\"text-align: justify\">Actuar con urgencia ahora<\/h4>\n<p style=\"text-align: justify\">\u00abEl cambio clim\u00e1tico est\u00e1 asestando un golpe tras otro a la humanidad, como pudimos comprobar a lo largo de 2022, de forma m\u00e1s visceral en las inundaciones que anegaron gran parte de Pakist\u00e1n\u00bb, declar\u00f3 Inger Andersen, directora ejecutiva de la citada agencia de la ONU.<\/p>\n<p style=\"text-align: justify\">\u00abEl mundo debe reducir urgentemente las emisiones de gases de efecto invernadero para limitar los impactos del cambio clim\u00e1tico. Pero tambi\u00e9n\u00a0<strong>debemos aumentar urgentemente los esfuerzos para adaptarnos a los impactos que ya est\u00e1n aqu\u00ed y a los que vendr\u00e1n<\/strong>\u00ab.<\/p>\n<p style=\"text-align: justify\">El informe subraya que la adaptaci\u00f3n, adem\u00e1s de la mitigaci\u00f3n, debe ser el centro de la respuesta mundial a la crisis clim\u00e1tica.<\/p>\n<h4 style=\"text-align: justify\">Los impactos se intensificar\u00e1n<\/h4>\n<p style=\"text-align: justify\">En el marco del hist\u00f3rico Acuerdo de Par\u00eds de 2015 sobre el cambio clim\u00e1tico, los pa\u00edses se comprometieron a limitar el calentamiento global a 1,5 \u00b0C por encima de las temperaturas preindustriales, pero est\u00e1n muy lejos de conseguirlo.<\/p>\n<p style=\"text-align: justify\">Las inundaciones de Pakist\u00e1n y otros impactos actuales, como la hist\u00f3rica sequ\u00eda en el Cuerno de \u00c1frica,\u00a0<strong>se est\u00e1n produciendo cuando el aumento de la temperatura global est\u00e1 a s\u00f3lo 1,1\u00b0C por encima de los niveles preindustriales<\/strong>.<\/p>\n<p style=\"text-align: justify\">En un informe complementario publicado a principios de esta semana, el PNUMA se\u00f1al\u00f3 que las Contribuciones Determinadas a Nivel Nacional (CDN) -los planes nacionales de los gobiernos para hacer frente al cambio clim\u00e1tico- apuntan a un calentamiento global de hasta 2,6 \u00b0C para finales de siglo.<\/p>\n<p style=\"text-align: justify\">Adem\u00e1s, las investigaciones del Grupo Intergubernamental de Expertos sobre el Cambio Clim\u00e1tico (<a href=\"https:\/\/www.ipcc.ch\/\" target=\"_blank\" rel=\"noopener noreferrer\">IPCC<\/a>) muestran que los riesgos clim\u00e1ticos se intensificar\u00e1n con cada d\u00e9cima de grado.<\/p>\n<div class=\"align-center context-un_news_large_uncropped_credit_caption type-entermedia_image media media--type-entermedia-image media--view-mode-un-news-large-uncropped-credit-caption\" style=\"text-align: justify\" data-quickedit-entity-id=\"media\/47107\">\n<div class=\"field field--name-thumbnail field--type-image field--label-hidden field__item\">\n<div style=\"width: 1034px\" class=\"wp-caption alignnone\"><img loading=\"lazy\" decoding=\"async\" title=\"Unos ni\u00f1os buscan trozos de madera para ayudar a sus padres a reconstruir su casa despu\u00e9s de que fuera destruida por los fuertes vientos del hurac\u00e1n Iota en Nicaragua.\" src=\"https:\/\/global.unitednations.entermediadb.net\/assets\/mediadb\/services\/module\/asset\/downloads\/preset\/Collections\/UNHCR\/Embargoed%202\/28-10-2021_UNICEF-372812_Nicaragua.jpg\/image1024x768.jpg\" alt=\"Unos ni\u00f1os buscan trozos de madera para ayudar a sus padres a reconstruir su casa despu\u00e9s de que fuera destruida por los fuertes vientos del hurac\u00e1n Iota en Nicaragua.\" width=\"1024\" height=\"768\" \/><p class=\"wp-caption-text\">\u00a9 UNICEF\/Inti Ocon\/AFP-Services. Unos ni\u00f1os buscan trozos de madera para ayudar a sus padres a reconstruir su casa despu\u00e9s de que fuera destruida por los fuertes vientos del hurac\u00e1n Iota en Nicaragua.<\/p><\/div>\n<\/div>\n<\/div>\n<h4 style=\"text-align: justify\">Fracaso en la protecci\u00f3n<\/h4>\n<p style=\"text-align: justify\">Para el\u00a0<a href=\"https:\/\/www.un.org\/sg\/es\">Secretario General<\/a>\u00a0de la ONU, Ant\u00f3nio Guterres, el informe deja claro que\u00a0<strong>el mundo no est\u00e1 protegiendo a las personas de lo que \u00e9l llam\u00f3 \u00ablos impactos actuales\u00bb del cambio clim\u00e1tico<\/strong>.<\/p>\n<p style=\"text-align: justify\">\u00abLas necesidades de adaptaci\u00f3n en el mundo en desarrollo se disparar\u00e1n hasta 340.000 millones de d\u00f3lares al a\u00f1o para 2030. Sin embargo, el apoyo a la adaptaci\u00f3n hoy en d\u00eda es menos de una d\u00e9cima parte de esa cantidad\u00bb, dijo en un mensaje para marcar el lanzamiento.<\/p>\n<p style=\"text-align: justify\">\u00ab<strong>Las personas y comunidades m\u00e1s vulnerables est\u00e1n pagando el precio. Esto es inaceptable<\/strong>\u00ab.<\/p>\n<p style=\"text-align: justify\">El informe se\u00f1ala que los avances en materia de adaptaci\u00f3n han sido \u00ablentos e irregulares\u00bb.<\/p>\n<p style=\"text-align: justify\">El 80% de los pa\u00edses cuenta con al menos un instrumento de planificaci\u00f3n de la adaptaci\u00f3n nacional, mientras que solo un tercio de los 197 gobiernos que forman parte de la Convenci\u00f3n Marco de las Naciones Unidas sobre el Cambio Clim\u00e1tico (CMNUCC) han incorporado objetivos cuantificados y con plazos definidos en materia de adaptaci\u00f3n.<\/p>\n<p style=\"text-align: justify\">Adem\u00e1s, casi el 90% de los instrumentos de planificaci\u00f3n analizados tienen en cuenta el g\u00e9nero y los grupos desfavorecidos, como los pueblos ind\u00edgenas.<\/p>\n<div class=\"align-center context-un_news_large_uncropped_credit_caption type-entermedia_image media media--type-entermedia-image media--view-mode-un-news-large-uncropped-credit-caption\" style=\"text-align: justify\" data-quickedit-entity-id=\"media\/41484\">\n<div class=\"field field--name-thumbnail field--type-image field--label-hidden field__item\">\n<div style=\"width: 1034px\" class=\"wp-caption alignnone\"><img loading=\"lazy\" decoding=\"async\" title=\"Los incendios forestales que asolan partes del oeste de Estados Unidos ti\u00f1eron de naranja el cielo de San Francisco.\" src=\"https:\/\/global.unitednations.entermediadb.net\/assets\/mediadb\/services\/module\/asset\/downloads\/preset\/Libraries\/Production+Library\/09-05-2022_Unsplash_San-Francisco.jpg\/image1024x768.jpg\" alt=\"Los incendios forestales que asolan partes del oeste de Estados Unidos ti\u00f1eron de naranja el cielo de San Francisco.\" width=\"1024\" height=\"768\" \/><p class=\"wp-caption-text\">\u00a9 Unsplash\/Patrick Perkins. Los incendios forestales que asolan partes del oeste de Estados Unidos ti\u00f1eron de naranja el cielo de San Francisco.<\/p><\/div>\n<\/div>\n<\/div>\n<h4 style=\"text-align: justify\">La financiaci\u00f3n es un problema<\/h4>\n<p style=\"text-align: justify\"><strong>Sin embargo, la financiaci\u00f3n de estos planes sigue siendo el punto de fricci\u00f3n<\/strong>. Los costes de adaptaci\u00f3n estimados son entre cinco y diez veces mayores que los flujos de financiaci\u00f3n internacional para la adaptaci\u00f3n de los pa\u00edses en desarrollo, que alcanzaron los 29.000 millones en 2020, lo que supone un aumento del 4% respecto al a\u00f1o anterior.<\/p>\n<p style=\"text-align: justify\">Ese mismo a\u00f1o, los flujos combinados de financiaci\u00f3n para la adaptaci\u00f3n y la mitigaci\u00f3n se quedaron al menos 17.000 millones de d\u00f3lares por debajo de los 100.000 millones prometidos a\u00f1o tras a\u00f1o a los pa\u00edses en desarrollo.<\/p>\n<p style=\"text-align: justify\">El PNUMA dijo que\u00a0<strong>es necesario un aumento significativo para cumplir el objetivo de duplicar los flujos de financiaci\u00f3n de 2019 para 2025<\/strong>, como se destac\u00f3 en el resultado de la Conferencia de las Naciones Unidas sobre el Cambio Clim\u00e1tico, celebrada el a\u00f1o pasado en Glasgow, en el Reino Unido, tambi\u00e9n conocida como COP26.<\/p>\n<p style=\"text-align: justify\">\u00abLas naciones deben respaldar las firmes palabras del Pacto Clim\u00e1tico de Glasgow con acciones contundentes para aumentar las inversiones y los resultados en materia de adaptaci\u00f3n, a partir de la COP27\u00bb, afirm\u00f3 Andersen.<\/p>\n<p style=\"text-align: justify\">Entretanto, aunque la aplicaci\u00f3n de las medidas de adaptaci\u00f3n, principalmente en la agricultura, el agua, los ecosistemas y los sectores transversales, est\u00e1 aumentando, no est\u00e1 a la altura de los impactos clim\u00e1ticos y podr\u00eda verse superada por la aceleraci\u00f3n de los riesgos clim\u00e1ticos.<\/p>\n<div class=\"align-center context-un_news_large_uncropped_credit_caption type-entermedia_image media media--type-entermedia-image media--view-mode-un-news-large-uncropped-credit-caption\" style=\"text-align: justify\" data-quickedit-entity-id=\"media\/46117\">\n<div class=\"field field--name-thumbnail field--type-image field--label-hidden field__item\">\n<div style=\"width: 1034px\" class=\"wp-caption alignnone\"><img loading=\"lazy\" decoding=\"async\" title=\"La gente busca agua en el sur de Madagascar, azotado por la sequ\u00eda.\" src=\"https:\/\/global.unitednations.entermediadb.net\/assets\/mediadb\/services\/module\/asset\/downloads\/preset\/Libraries\/Production%20Library\/13-10-2022_WFP_Madagascar.jpg\/image1024x768.jpg\" alt=\"La gente busca agua en el sur de Madagascar, azotado por la sequ\u00eda.\" width=\"1024\" height=\"768\" \/><p class=\"wp-caption-text\">PMA\/Tsiory Andriantsoarana. La gente busca agua en el sur de Madagascar, azotado por la sequ\u00eda.<\/p><\/div>\n<\/div>\n<\/div>\n<h4 style=\"text-align: justify\">No hay tiempo que perder<\/h4>\n<p style=\"text-align: justify\">Subrayando la necesidad de una fuerte voluntad pol\u00edtica para aumentar las inversiones y los resultados, el Secretario General dijo\u00a0<strong>que la brecha de adaptaci\u00f3n debe ser abordada de cuatro maneras cr\u00edticas<\/strong>.<\/p>\n<p style=\"text-align: justify\">Primero, Guterres pidi\u00f3 que\u00a0<strong>se aumente dr\u00e1sticamente la cantidad y la calidad de la financiaci\u00f3n<\/strong>\u00a0para que los pa\u00edses desarrollados alcancen el objetivo de duplicar el apoyo a la adaptaci\u00f3n hasta los 40.000 millones de d\u00f3lares anuales para 2025.<\/p>\n<p style=\"text-align: justify\">\u201cEn la COP27, los Estados deben presentar una hoja de ruta cre\u00edble con hitos claros sobre c\u00f3mo se entregar\u00e1 este dinero, preferiblemente como subvenciones, no como pr\u00e9stamos\u00bb, dijo Guterres.<\/p>\n<p style=\"text-align: justify\">Tambi\u00e9n deben utilizar su influencia como accionistas gubernamentales de los Bancos Multilaterales de Desarrollo para priorizar la adaptaci\u00f3n, la resiliencia y la vulnerabilidad.\u00a0 Al menos la mitad de toda la financiaci\u00f3n clim\u00e1tica deber\u00eda fluir hacia la adaptaci\u00f3n.<\/p>\n<h4 style=\"text-align: justify\">Desbloquear\u00bb las v\u00edas de inversi\u00f3n<\/h4>\n<p style=\"text-align: justify\">Segundo, el mundo necesita urgentemente\u00a0<strong>un nuevo modelo de negocios para convertir las prioridades de adaptaci\u00f3n en proyectos invertibles<\/strong>, continu\u00f3, se\u00f1alando el desajuste entre lo que los gobiernos proponen y lo que los financiadores consideran invertible.<\/p>\n<p style=\"text-align: justify\">\u00abEl proceso de inversi\u00f3n est\u00e1 bloqueado; debemos desbloquearlo ahora. Necesitamos un aumento global de la inversi\u00f3n en adaptaci\u00f3n para salvar millones de vidas de la carnicer\u00eda clim\u00e1tica.\u00a0 Ya es hora de que haya una coordinaci\u00f3n sin precedentes entre los gobiernos receptores, los socios de desarrollo y otros financiadores\u00bb, dijo.<\/p>\n<p style=\"text-align: justify\">Para ello, el Secretario General ha pedido al\u00a0<a href=\"http:\/\/www.undp.org\/content\/undp\/es\/home.html\" target=\"_blank\" rel=\"noopener noreferrer\">Programa de las Naciones Unidas para el Desarrollo<\/a>\u00a0(PNUD) y a varios fondos para el clima que trabajen con financiadores p\u00fablicos y privados para poner a prueba un nuevo acelerador para la adaptaci\u00f3n al cambio clim\u00e1tico en determinados pa\u00edses.<\/p>\n<div class=\"align-center context-un_news_large_uncropped_credit_caption type-entermedia_image media media--type-entermedia-image media--view-mode-un-news-large-uncropped-credit-caption\" style=\"text-align: justify\" data-quickedit-entity-id=\"media\/46177\">\n<div class=\"field field--name-thumbnail field--type-image field--label-hidden field__item\">\n<div style=\"width: 1034px\" class=\"wp-caption alignnone\"><img loading=\"lazy\" decoding=\"async\" title=\"Los pa\u00edses menos desarrollados que cuentan con un sistema de alerta temprana multirriesgos no llegan al 50%.\" src=\"https:\/\/global.unitednations.entermediadb.net\/assets\/mediadb\/services\/module\/asset\/downloads\/preset\/Libraries\/Production%20Library\/13-10-2022_UNDRR_Bangladesh.jpg\/image1024x768.jpg\" alt=\"Los pa\u00edses menos desarrollados que cuentan con un sistema de alerta temprana multirriesgos no llegan al 50%.\" width=\"1024\" height=\"768\" \/><p class=\"wp-caption-text\">UNDRR\/Chris Huby. Los pa\u00edses menos desarrollados que cuentan con un sistema de alerta temprana multirriesgos no llegan al 50%.<\/p><\/div>\n<\/div>\n<\/div>\n<h4 style=\"text-align: justify\">La alerta temprana salva vidas<\/h4>\n<p style=\"text-align: justify\">Tercero, Guterres destac\u00f3 la necesidad de \u00ab<strong>mejorar los datos y la informaci\u00f3n sobre los riesgos clim\u00e1ticos\u00a0<\/strong>que son cruciales para proteger las vidas y los medios de subsistencia en los pa\u00edses y comunidades vulnerables.<\/p>\n<p style=\"text-align: justify\">En su \u00faltimo punto, el responsable de la ONU subray\u00f3 la importancia de cumplir su llamamiento a favor de sistemas universales de alerta temprana en un plazo de cinco a\u00f1os y pidi\u00f3 que se proporcione el apoyo financiero y t\u00e9cnico necesario para aplicar un plan de acci\u00f3n que la Organizaci\u00f3n Meteorol\u00f3gica Mundial (<a href=\"https:\/\/public.wmo.int\/es\" target=\"_blank\" rel=\"noopener noreferrer\">OMM<\/a>) presentar\u00e1 en la COP27.<\/p>\n<p style=\"text-align: justify\">Aunque estas \u00e1reas prioritarias exigen una cooperaci\u00f3n y un apoyo internacional sin precedentes, tambi\u00e9n reconoci\u00f3 que en muchos lugares es demasiado tarde para la adaptaci\u00f3n.<\/p>\n<p style=\"text-align: justify\">Por lo tanto,\u00a0<strong>la COP27 debe proporcionar una hoja de ruta clara y con plazos definidos para cerrar la brecha de financiaci\u00f3n\u00a0<\/strong>para hacer frente a las p\u00e9rdidas y los da\u00f1os, una cuesti\u00f3n que, seg\u00fan dijo, ser\u00e1 \u00abuna prueba de fuego para el \u00e9xito\u00bb de la Conferencia en Egipto.<\/p>\n<p><strong>Fuente: ONU<\/strong><\/p>\n<\/div>\n<\/div>\n<\/div>\n<\/div>\n<\/div>\n<\/div>\n<\/div>\n<\/div>\n<\/div>\n<\/div>\n<\/div>\n<\/div>\n<\/div>\n<\/div>\n<\/div>\n<\/div>\n<\/section>\n<p>&nbsp;<\/p>\n<\/div>\n<\/div>\n<\/div>\n","protected":false},"excerpt":{"rendered":"<p>REDACCI\u00d3N NOTI-AM\u00c9RICA (ECUADOR) Se necesitan m\u00e1s fondos para adaptarnos al cambio clim\u00e1tico y a un clima cada vez m\u00e1s peligroso. Se estima que las necesidades anuales de adaptaci\u00f3n oscilan entre 160.000 y 340.000 millones&#46;&#46;&#46;<\/p>\n","protected":false},"author":17,"featured_media":22514,"comment_status":"open","ping_status":"open","sticky":false,"template":"","format":"standard","meta":{"_acf_changed":false,"om_disable_all_campaigns":false,"rop_custom_images_group":[],"rop_custom_messages_group":[],"rop_publish_now":"initial","rop_publish_now_accounts":{"twitter_242054905_242054905":""},"rop_publish_now_history":[],"rop_publish_now_status":"pending","_uf_show_specific_survey":0,"_uf_disable_surveys":false,"footnotes":""},"categories":[111],"tags":[],"class_list":["post-22512","post","type-post","status-publish","format-standard","has-post-thumbnail","hentry","category-sostenibilidad-y-cambio-climatico"],"acf":[],"aioseo_notices":[],"yoast_head":"<!-- This site is optimized with the Yoast SEO Premium plugin v24.9 (Yoast SEO v27.2) - https:\/\/yoast.com\/product\/yoast-seo-premium-wordpress\/ -->\n<title>La adaptaci\u00f3n al cambio clim\u00e1tico necesita del apoyo econ\u00f3mico de todos los Gobiernos - Ecuador | Noti-America.com<\/title>\n<meta name=\"robots\" content=\"index, follow, max-snippet:-1, max-image-preview:large, max-video-preview:-1\" \/>\n<link rel=\"canonical\" href=\"https:\/\/noti-america.com\/site\/ecuador\/2022\/11\/04\/la-adaptacion-al-cambio-climatico-necesita-del-apoyo-economico-de-todos-los-gobiernos\/\" \/>\n<meta property=\"og:locale\" content=\"es_ES\" \/>\n<meta property=\"og:type\" content=\"article\" \/>\n<meta property=\"og:title\" content=\"La adaptaci\u00f3n al cambio clim\u00e1tico necesita del apoyo econ\u00f3mico de todos los Gobiernos\" \/>\n<meta property=\"og:description\" content=\"REDACCI\u00d3N NOTI-AM\u00c9RICA (ECUADOR) Se necesitan m\u00e1s fondos para adaptarnos al cambio clim\u00e1tico y a un clima cada vez m\u00e1s peligroso. Se estima que las necesidades anuales de adaptaci\u00f3n oscilan entre 160.000 y 340.000 millones&#046;&#046;&#046;\" \/>\n<meta property=\"og:url\" content=\"https:\/\/noti-america.com\/site\/ecuador\/2022\/11\/04\/la-adaptacion-al-cambio-climatico-necesita-del-apoyo-economico-de-todos-los-gobiernos\/\" \/>\n<meta property=\"og:site_name\" content=\"Ecuador | Noti-America.com\" \/>\n<meta property=\"article:published_time\" content=\"2022-11-04T03:29:51+00:00\" \/>\n<meta property=\"article:modified_time\" content=\"2022-11-04T16:09:59+00:00\" \/>\n<meta property=\"og:image\" content=\"https:\/\/noti-america.com\/site\/ecuador\/wp-content\/uploads\/sites\/18\/2022\/11\/\u00a9-UNICEF-Inti-Ocon-AFP-Services-1.jpg\" \/>\n\t<meta property=\"og:image:width\" content=\"896\" \/>\n\t<meta property=\"og:image:height\" content=\"553\" \/>\n\t<meta property=\"og:image:type\" content=\"image\/jpeg\" \/>\n<meta name=\"author\" content=\"Gregory Quintana Montiel\" \/>\n<meta name=\"twitter:card\" content=\"summary_large_image\" \/>\n<meta name=\"twitter:creator\" content=\"@gdgregori1\" \/>\n<meta name=\"twitter:site\" content=\"@notiamerica\" \/>\n<meta name=\"twitter:label1\" content=\"Escrito por\" \/>\n\t<meta name=\"twitter:data1\" content=\"Gregory Quintana Montiel\" \/>\n\t<meta name=\"twitter:label2\" content=\"Tiempo estimado de lectura\" \/>\n\t<meta name=\"twitter:data2\" content=\"8 minutos\" \/>\n<script type=\"application\/ld+json\" class=\"yoast-schema-graph\">{\"@context\":\"https:\/\/schema.org\",\"@graph\":[{\"@type\":\"Article\",\"@id\":\"https:\/\/noti-america.com\/site\/ecuador\/2022\/11\/04\/la-adaptacion-al-cambio-climatico-necesita-del-apoyo-economico-de-todos-los-gobiernos\/#article\",\"isPartOf\":{\"@id\":\"https:\/\/noti-america.com\/site\/ecuador\/2022\/11\/04\/la-adaptacion-al-cambio-climatico-necesita-del-apoyo-economico-de-todos-los-gobiernos\/\"},\"author\":{\"name\":\"Gregory Quintana Montiel\",\"@id\":\"https:\/\/noti-america.com\/site\/ecuador\/#\/schema\/person\/3b975e42f15abfe64bfe3abdd916efda\"},\"headline\":\"La adaptaci\u00f3n al cambio clim\u00e1tico necesita del apoyo econ\u00f3mico de todos los Gobiernos\",\"datePublished\":\"2022-11-04T03:29:51+00:00\",\"dateModified\":\"2022-11-04T16:09:59+00:00\",\"mainEntityOfPage\":{\"@id\":\"https:\/\/noti-america.com\/site\/ecuador\/2022\/11\/04\/la-adaptacion-al-cambio-climatico-necesita-del-apoyo-economico-de-todos-los-gobiernos\/\"},\"wordCount\":1626,\"commentCount\":0,\"publisher\":{\"@id\":\"https:\/\/noti-america.com\/site\/ecuador\/#organization\"},\"image\":{\"@id\":\"https:\/\/noti-america.com\/site\/ecuador\/2022\/11\/04\/la-adaptacion-al-cambio-climatico-necesita-del-apoyo-economico-de-todos-los-gobiernos\/#primaryimage\"},\"thumbnailUrl\":\"https:\/\/noti-america.com\/site\/ecuador\/wp-content\/uploads\/sites\/18\/2022\/11\/\u00a9-UNICEF-Inti-Ocon-AFP-Services-1.jpg\",\"articleSection\":[\"Sostenibilidad y Cambio Clim\u00e1tico\"],\"inLanguage\":\"es\",\"potentialAction\":[{\"@type\":\"CommentAction\",\"name\":\"Comment\",\"target\":[\"https:\/\/noti-america.com\/site\/ecuador\/2022\/11\/04\/la-adaptacion-al-cambio-climatico-necesita-del-apoyo-economico-de-todos-los-gobiernos\/#respond\"]}]},{\"@type\":\"WebPage\",\"@id\":\"https:\/\/noti-america.com\/site\/ecuador\/2022\/11\/04\/la-adaptacion-al-cambio-climatico-necesita-del-apoyo-economico-de-todos-los-gobiernos\/\",\"url\":\"https:\/\/noti-america.com\/site\/ecuador\/2022\/11\/04\/la-adaptacion-al-cambio-climatico-necesita-del-apoyo-economico-de-todos-los-gobiernos\/\",\"name\":\"La adaptaci\u00f3n al cambio clim\u00e1tico necesita del apoyo econ\u00f3mico de todos los Gobiernos - Ecuador | Noti-America.com\",\"isPartOf\":{\"@id\":\"https:\/\/noti-america.com\/site\/ecuador\/#website\"},\"primaryImageOfPage\":{\"@id\":\"https:\/\/noti-america.com\/site\/ecuador\/2022\/11\/04\/la-adaptacion-al-cambio-climatico-necesita-del-apoyo-economico-de-todos-los-gobiernos\/#primaryimage\"},\"image\":{\"@id\":\"https:\/\/noti-america.com\/site\/ecuador\/2022\/11\/04\/la-adaptacion-al-cambio-climatico-necesita-del-apoyo-economico-de-todos-los-gobiernos\/#primaryimage\"},\"thumbnailUrl\":\"https:\/\/noti-america.com\/site\/ecuador\/wp-content\/uploads\/sites\/18\/2022\/11\/\u00a9-UNICEF-Inti-Ocon-AFP-Services-1.jpg\",\"datePublished\":\"2022-11-04T03:29:51+00:00\",\"dateModified\":\"2022-11-04T16:09:59+00:00\",\"breadcrumb\":{\"@id\":\"https:\/\/noti-america.com\/site\/ecuador\/2022\/11\/04\/la-adaptacion-al-cambio-climatico-necesita-del-apoyo-economico-de-todos-los-gobiernos\/#breadcrumb\"},\"inLanguage\":\"es\",\"potentialAction\":[{\"@type\":\"ReadAction\",\"target\":[\"https:\/\/noti-america.com\/site\/ecuador\/2022\/11\/04\/la-adaptacion-al-cambio-climatico-necesita-del-apoyo-economico-de-todos-los-gobiernos\/\"]}]},{\"@type\":\"ImageObject\",\"inLanguage\":\"es\",\"@id\":\"https:\/\/noti-america.com\/site\/ecuador\/2022\/11\/04\/la-adaptacion-al-cambio-climatico-necesita-del-apoyo-economico-de-todos-los-gobiernos\/#primaryimage\",\"url\":\"https:\/\/noti-america.com\/site\/ecuador\/wp-content\/uploads\/sites\/18\/2022\/11\/\u00a9-UNICEF-Inti-Ocon-AFP-Services-1.jpg\",\"contentUrl\":\"https:\/\/noti-america.com\/site\/ecuador\/wp-content\/uploads\/sites\/18\/2022\/11\/\u00a9-UNICEF-Inti-Ocon-AFP-Services-1.jpg\",\"width\":896,\"height\":553},{\"@type\":\"BreadcrumbList\",\"@id\":\"https:\/\/noti-america.com\/site\/ecuador\/2022\/11\/04\/la-adaptacion-al-cambio-climatico-necesita-del-apoyo-economico-de-todos-los-gobiernos\/#breadcrumb\",\"itemListElement\":[{\"@type\":\"ListItem\",\"position\":1,\"name\":\"Portada\",\"item\":\"https:\/\/noti-america.com\/site\/ecuador\/\"},{\"@type\":\"ListItem\",\"position\":2,\"name\":\"La adaptaci\u00f3n al cambio clim\u00e1tico necesita del apoyo econ\u00f3mico de todos los Gobiernos\"}]},{\"@type\":\"WebSite\",\"@id\":\"https:\/\/noti-america.com\/site\/ecuador\/#website\",\"url\":\"https:\/\/noti-america.com\/site\/ecuador\/\",\"name\":\"Ecuador | Noti-America.com\",\"description\":\"\",\"publisher\":{\"@id\":\"https:\/\/noti-america.com\/site\/ecuador\/#organization\"},\"potentialAction\":[{\"@type\":\"SearchAction\",\"target\":{\"@type\":\"EntryPoint\",\"urlTemplate\":\"https:\/\/noti-america.com\/site\/ecuador\/?s={search_term_string}\"},\"query-input\":{\"@type\":\"PropertyValueSpecification\",\"valueRequired\":true,\"valueName\":\"search_term_string\"}}],\"inLanguage\":\"es\"},{\"@type\":\"Organization\",\"@id\":\"https:\/\/noti-america.com\/site\/ecuador\/#organization\",\"name\":\"Noti-America LLC | Ecuador\",\"url\":\"https:\/\/noti-america.com\/site\/ecuador\/\",\"logo\":{\"@type\":\"ImageObject\",\"inLanguage\":\"es\",\"@id\":\"https:\/\/noti-america.com\/site\/ecuador\/#\/schema\/logo\/image\/\",\"url\":\"https:\/\/noti-america.com\/site\/ecuador\/wp-content\/uploads\/sites\/18\/2020\/07\/LogoNA-4x3-1.jpg\",\"contentUrl\":\"https:\/\/noti-america.com\/site\/ecuador\/wp-content\/uploads\/sites\/18\/2020\/07\/LogoNA-4x3-1.jpg\",\"width\":1236,\"height\":1080,\"caption\":\"Noti-America LLC | Ecuador\"},\"image\":{\"@id\":\"https:\/\/noti-america.com\/site\/ecuador\/#\/schema\/logo\/image\/\"},\"sameAs\":[\"https:\/\/x.com\/notiamerica\"]},{\"@type\":\"Person\",\"@id\":\"https:\/\/noti-america.com\/site\/ecuador\/#\/schema\/person\/3b975e42f15abfe64bfe3abdd916efda\",\"name\":\"Gregory Quintana Montiel\",\"image\":{\"@type\":\"ImageObject\",\"inLanguage\":\"es\",\"@id\":\"https:\/\/secure.gravatar.com\/avatar\/2d6b802f7720c2ec7744dcbe608cc2f3417aeb964d58b443c6d612b77531de1d?s=96&d=mm&r=g\",\"url\":\"https:\/\/secure.gravatar.com\/avatar\/2d6b802f7720c2ec7744dcbe608cc2f3417aeb964d58b443c6d612b77531de1d?s=96&d=mm&r=g\",\"contentUrl\":\"https:\/\/secure.gravatar.com\/avatar\/2d6b802f7720c2ec7744dcbe608cc2f3417aeb964d58b443c6d612b77531de1d?s=96&d=mm&r=g\",\"caption\":\"Gregory Quintana Montiel\"},\"description\":\"Licenciatura en Ciencias de la Comunicaci\u00f3n Social, egresado en la Especializaci\u00f3n Derecho Ambiental Desarrollo Sostenible y Sustentable, Miembro de la Comunidad de profesionales y experto para Latinoam\u00e9rica y el Caribe en Gesti\u00f3n por Resultado en el Desarrollo (COPLAC - GpRD) del Banco Interamericano de Desarrollo, experiencia en medios radiales y escritos.\",\"sameAs\":[\"https:\/\/x.com\/gdgregori1\",\"gquintana\"],\"url\":\"https:\/\/noti-america.com\/site\/ecuador\/author\/gquintana\/\"}]}<\/script>\n<!-- \/ Yoast SEO Premium plugin. -->","yoast_head_json":{"title":"La adaptaci\u00f3n al cambio clim\u00e1tico necesita del apoyo econ\u00f3mico de todos los Gobiernos - Ecuador | Noti-America.com","robots":{"index":"index","follow":"follow","max-snippet":"max-snippet:-1","max-image-preview":"max-image-preview:large","max-video-preview":"max-video-preview:-1"},"canonical":"https:\/\/noti-america.com\/site\/ecuador\/2022\/11\/04\/la-adaptacion-al-cambio-climatico-necesita-del-apoyo-economico-de-todos-los-gobiernos\/","og_locale":"es_ES","og_type":"article","og_title":"La adaptaci\u00f3n al cambio clim\u00e1tico necesita del apoyo econ\u00f3mico de todos los Gobiernos","og_description":"REDACCI\u00d3N NOTI-AM\u00c9RICA (ECUADOR) Se necesitan m\u00e1s fondos para adaptarnos al cambio clim\u00e1tico y a un clima cada vez m\u00e1s peligroso. Se estima que las necesidades anuales de adaptaci\u00f3n oscilan entre 160.000 y 340.000 millones&#46;&#46;&#46;","og_url":"https:\/\/noti-america.com\/site\/ecuador\/2022\/11\/04\/la-adaptacion-al-cambio-climatico-necesita-del-apoyo-economico-de-todos-los-gobiernos\/","og_site_name":"Ecuador | Noti-America.com","article_published_time":"2022-11-04T03:29:51+00:00","article_modified_time":"2022-11-04T16:09:59+00:00","og_image":[{"width":896,"height":553,"url":"https:\/\/noti-america.com\/site\/ecuador\/wp-content\/uploads\/sites\/18\/2022\/11\/\u00a9-UNICEF-Inti-Ocon-AFP-Services-1.jpg","type":"image\/jpeg"}],"author":"Gregory Quintana Montiel","twitter_card":"summary_large_image","twitter_creator":"@gdgregori1","twitter_site":"@notiamerica","twitter_misc":{"Escrito por":"Gregory Quintana Montiel","Tiempo estimado de lectura":"8 minutos"},"schema":{"@context":"https:\/\/schema.org","@graph":[{"@type":"Article","@id":"https:\/\/noti-america.com\/site\/ecuador\/2022\/11\/04\/la-adaptacion-al-cambio-climatico-necesita-del-apoyo-economico-de-todos-los-gobiernos\/#article","isPartOf":{"@id":"https:\/\/noti-america.com\/site\/ecuador\/2022\/11\/04\/la-adaptacion-al-cambio-climatico-necesita-del-apoyo-economico-de-todos-los-gobiernos\/"},"author":{"name":"Gregory Quintana Montiel","@id":"https:\/\/noti-america.com\/site\/ecuador\/#\/schema\/person\/3b975e42f15abfe64bfe3abdd916efda"},"headline":"La adaptaci\u00f3n al cambio clim\u00e1tico necesita del apoyo econ\u00f3mico de todos los Gobiernos","datePublished":"2022-11-04T03:29:51+00:00","dateModified":"2022-11-04T16:09:59+00:00","mainEntityOfPage":{"@id":"https:\/\/noti-america.com\/site\/ecuador\/2022\/11\/04\/la-adaptacion-al-cambio-climatico-necesita-del-apoyo-economico-de-todos-los-gobiernos\/"},"wordCount":1626,"commentCount":0,"publisher":{"@id":"https:\/\/noti-america.com\/site\/ecuador\/#organization"},"image":{"@id":"https:\/\/noti-america.com\/site\/ecuador\/2022\/11\/04\/la-adaptacion-al-cambio-climatico-necesita-del-apoyo-economico-de-todos-los-gobiernos\/#primaryimage"},"thumbnailUrl":"https:\/\/noti-america.com\/site\/ecuador\/wp-content\/uploads\/sites\/18\/2022\/11\/\u00a9-UNICEF-Inti-Ocon-AFP-Services-1.jpg","articleSection":["Sostenibilidad y Cambio Clim\u00e1tico"],"inLanguage":"es","potentialAction":[{"@type":"CommentAction","name":"Comment","target":["https:\/\/noti-america.com\/site\/ecuador\/2022\/11\/04\/la-adaptacion-al-cambio-climatico-necesita-del-apoyo-economico-de-todos-los-gobiernos\/#respond"]}]},{"@type":"WebPage","@id":"https:\/\/noti-america.com\/site\/ecuador\/2022\/11\/04\/la-adaptacion-al-cambio-climatico-necesita-del-apoyo-economico-de-todos-los-gobiernos\/","url":"https:\/\/noti-america.com\/site\/ecuador\/2022\/11\/04\/la-adaptacion-al-cambio-climatico-necesita-del-apoyo-economico-de-todos-los-gobiernos\/","name":"La adaptaci\u00f3n al cambio clim\u00e1tico necesita del apoyo econ\u00f3mico de todos los Gobiernos - Ecuador | Noti-America.com","isPartOf":{"@id":"https:\/\/noti-america.com\/site\/ecuador\/#website"},"primaryImageOfPage":{"@id":"https:\/\/noti-america.com\/site\/ecuador\/2022\/11\/04\/la-adaptacion-al-cambio-climatico-necesita-del-apoyo-economico-de-todos-los-gobiernos\/#primaryimage"},"image":{"@id":"https:\/\/noti-america.com\/site\/ecuador\/2022\/11\/04\/la-adaptacion-al-cambio-climatico-necesita-del-apoyo-economico-de-todos-los-gobiernos\/#primaryimage"},"thumbnailUrl":"https:\/\/noti-america.com\/site\/ecuador\/wp-content\/uploads\/sites\/18\/2022\/11\/\u00a9-UNICEF-Inti-Ocon-AFP-Services-1.jpg","datePublished":"2022-11-04T03:29:51+00:00","dateModified":"2022-11-04T16:09:59+00:00","breadcrumb":{"@id":"https:\/\/noti-america.com\/site\/ecuador\/2022\/11\/04\/la-adaptacion-al-cambio-climatico-necesita-del-apoyo-economico-de-todos-los-gobiernos\/#breadcrumb"},"inLanguage":"es","potentialAction":[{"@type":"ReadAction","target":["https:\/\/noti-america.com\/site\/ecuador\/2022\/11\/04\/la-adaptacion-al-cambio-climatico-necesita-del-apoyo-economico-de-todos-los-gobiernos\/"]}]},{"@type":"ImageObject","inLanguage":"es","@id":"https:\/\/noti-america.com\/site\/ecuador\/2022\/11\/04\/la-adaptacion-al-cambio-climatico-necesita-del-apoyo-economico-de-todos-los-gobiernos\/#primaryimage","url":"https:\/\/noti-america.com\/site\/ecuador\/wp-content\/uploads\/sites\/18\/2022\/11\/\u00a9-UNICEF-Inti-Ocon-AFP-Services-1.jpg","contentUrl":"https:\/\/noti-america.com\/site\/ecuador\/wp-content\/uploads\/sites\/18\/2022\/11\/\u00a9-UNICEF-Inti-Ocon-AFP-Services-1.jpg","width":896,"height":553},{"@type":"BreadcrumbList","@id":"https:\/\/noti-america.com\/site\/ecuador\/2022\/11\/04\/la-adaptacion-al-cambio-climatico-necesita-del-apoyo-economico-de-todos-los-gobiernos\/#breadcrumb","itemListElement":[{"@type":"ListItem","position":1,"name":"Portada","item":"https:\/\/noti-america.com\/site\/ecuador\/"},{"@type":"ListItem","position":2,"name":"La adaptaci\u00f3n al cambio clim\u00e1tico necesita del apoyo econ\u00f3mico de todos los Gobiernos"}]},{"@type":"WebSite","@id":"https:\/\/noti-america.com\/site\/ecuador\/#website","url":"https:\/\/noti-america.com\/site\/ecuador\/","name":"Ecuador | Noti-America.com","description":"","publisher":{"@id":"https:\/\/noti-america.com\/site\/ecuador\/#organization"},"potentialAction":[{"@type":"SearchAction","target":{"@type":"EntryPoint","urlTemplate":"https:\/\/noti-america.com\/site\/ecuador\/?s={search_term_string}"},"query-input":{"@type":"PropertyValueSpecification","valueRequired":true,"valueName":"search_term_string"}}],"inLanguage":"es"},{"@type":"Organization","@id":"https:\/\/noti-america.com\/site\/ecuador\/#organization","name":"Noti-America LLC | Ecuador","url":"https:\/\/noti-america.com\/site\/ecuador\/","logo":{"@type":"ImageObject","inLanguage":"es","@id":"https:\/\/noti-america.com\/site\/ecuador\/#\/schema\/logo\/image\/","url":"https:\/\/noti-america.com\/site\/ecuador\/wp-content\/uploads\/sites\/18\/2020\/07\/LogoNA-4x3-1.jpg","contentUrl":"https:\/\/noti-america.com\/site\/ecuador\/wp-content\/uploads\/sites\/18\/2020\/07\/LogoNA-4x3-1.jpg","width":1236,"height":1080,"caption":"Noti-America LLC | Ecuador"},"image":{"@id":"https:\/\/noti-america.com\/site\/ecuador\/#\/schema\/logo\/image\/"},"sameAs":["https:\/\/x.com\/notiamerica"]},{"@type":"Person","@id":"https:\/\/noti-america.com\/site\/ecuador\/#\/schema\/person\/3b975e42f15abfe64bfe3abdd916efda","name":"Gregory Quintana Montiel","image":{"@type":"ImageObject","inLanguage":"es","@id":"https:\/\/secure.gravatar.com\/avatar\/2d6b802f7720c2ec7744dcbe608cc2f3417aeb964d58b443c6d612b77531de1d?s=96&d=mm&r=g","url":"https:\/\/secure.gravatar.com\/avatar\/2d6b802f7720c2ec7744dcbe608cc2f3417aeb964d58b443c6d612b77531de1d?s=96&d=mm&r=g","contentUrl":"https:\/\/secure.gravatar.com\/avatar\/2d6b802f7720c2ec7744dcbe608cc2f3417aeb964d58b443c6d612b77531de1d?s=96&d=mm&r=g","caption":"Gregory Quintana Montiel"},"description":"Licenciatura en Ciencias de la Comunicaci\u00f3n Social, egresado en la Especializaci\u00f3n Derecho Ambiental Desarrollo Sostenible y Sustentable, Miembro de la Comunidad de profesionales y experto para Latinoam\u00e9rica y el Caribe en Gesti\u00f3n por Resultado en el Desarrollo (COPLAC - GpRD) del Banco Interamericano de Desarrollo, experiencia en medios radiales y escritos.","sameAs":["https:\/\/x.com\/gdgregori1","gquintana"],"url":"https:\/\/noti-america.com\/site\/ecuador\/author\/gquintana\/"}]}},"_links":{"self":[{"href":"https:\/\/noti-america.com\/site\/ecuador\/wp-json\/wp\/v2\/posts\/22512","targetHints":{"allow":["GET"]}}],"collection":[{"href":"https:\/\/noti-america.com\/site\/ecuador\/wp-json\/wp\/v2\/posts"}],"about":[{"href":"https:\/\/noti-america.com\/site\/ecuador\/wp-json\/wp\/v2\/types\/post"}],"author":[{"embeddable":true,"href":"https:\/\/noti-america.com\/site\/ecuador\/wp-json\/wp\/v2\/users\/17"}],"replies":[{"embeddable":true,"href":"https:\/\/noti-america.com\/site\/ecuador\/wp-json\/wp\/v2\/comments?post=22512"}],"version-history":[{"count":2,"href":"https:\/\/noti-america.com\/site\/ecuador\/wp-json\/wp\/v2\/posts\/22512\/revisions"}],"predecessor-version":[{"id":22515,"href":"https:\/\/noti-america.com\/site\/ecuador\/wp-json\/wp\/v2\/posts\/22512\/revisions\/22515"}],"wp:featuredmedia":[{"embeddable":true,"href":"https:\/\/noti-america.com\/site\/ecuador\/wp-json\/wp\/v2\/media\/22514"}],"wp:attachment":[{"href":"https:\/\/noti-america.com\/site\/ecuador\/wp-json\/wp\/v2\/media?parent=22512"}],"wp:term":[{"taxonomy":"category","embeddable":true,"href":"https:\/\/noti-america.com\/site\/ecuador\/wp-json\/wp\/v2\/categories?post=22512"},{"taxonomy":"post_tag","embeddable":true,"href":"https:\/\/noti-america.com\/site\/ecuador\/wp-json\/wp\/v2\/tags?post=22512"}],"curies":[{"name":"wp","href":"https:\/\/api.w.org\/{rel}","templated":true}]}}