{"id":22322,"date":"2022-10-26T17:04:26","date_gmt":"2022-10-26T17:04:26","guid":{"rendered":"https:\/\/noti-america.com\/site\/ecuador\/?p=22322"},"modified":"2022-10-26T17:14:04","modified_gmt":"2022-10-26T17:14:04","slug":"22322","status":"publish","type":"post","link":"https:\/\/noti-america.com\/site\/ecuador\/2022\/10\/26\/22322\/","title":{"rendered":"El Biess abre su feria inmobiliaria hasta el 30 de octubre"},"content":{"rendered":"<p>REDACCI\u00d3N NOTI-AM\u00c9RICA\u00a0<strong>(ECUADOR).<\/strong><\/p>\n<div id=\"attachment_22323\" style=\"width: 310px\" class=\"wp-caption alignnone\"><img loading=\"lazy\" decoding=\"async\" aria-describedby=\"caption-attachment-22323\" class=\"size-medium wp-image-22323\" src=\"https:\/\/noti-america.com\/site\/ecuador\/wp-content\/uploads\/sites\/18\/2022\/10\/FB_IMG_1666801788615-300x200.jpg\" alt=\"El horario de atenci\u00f3n de la feria sera: mi\u00e9rcoles 26 al viernes 28 de octubre, desde las 16h00 hasta las 21h00; s\u00e1bado 29 y domingo 30 de 11h00 hasta las 21h00.\" width=\"300\" height=\"200\" srcset=\"https:\/\/noti-america.com\/site\/ecuador\/wp-content\/uploads\/sites\/18\/2022\/10\/FB_IMG_1666801788615-300x200.jpg 300w, https:\/\/noti-america.com\/site\/ecuador\/wp-content\/uploads\/sites\/18\/2022\/10\/FB_IMG_1666801788615-600x400.jpg 600w, https:\/\/noti-america.com\/site\/ecuador\/wp-content\/uploads\/sites\/18\/2022\/10\/FB_IMG_1666801788615-272x182.jpg 272w, https:\/\/noti-america.com\/site\/ecuador\/wp-content\/uploads\/sites\/18\/2022\/10\/FB_IMG_1666801788615.jpg 720w\" sizes=\"auto, (max-width: 300px) 100vw, 300px\" \/><p id=\"caption-attachment-22323\" class=\"wp-caption-text\">El horario de la feria es: de hoy al viernes 28, de 16h00 a las 21h00; y el 29 y domingo 30, de 11h00 hasta las 21h00.<\/p><\/div>\n<p style=\"text-align: justify\">El Banco del Instituto Ecuatoriano de Seguridad Social &#8211; Biess- abre desde hoy, hasta el 30 de Octubre, las puertas de la Feria Biess 2022.<br \/>\nEste es el evento inmobiliario m\u00e1s grande del pa\u00eds y se realiza en Guayaquil, en el Centro de Convenciones, que tiene 3.000 mts. cuadrados de recinto ferial.<br \/>\nLa feria presenta una amplia oferta de proyectos inmobiliarios, con facilidades y asesor\u00eda, para que la ciudadan\u00eda obtenga \u00a0la casa de sus sue\u00f1os con financiamiento.<br \/>\nEl banco del IESS brinda servicios financieros que permiten mejorar la calidad de vida de los afiliados, jubilados y pensionistas, mediante la concesi\u00f3n de pr\u00e9stamos que impulsan el desarrollo del sector de la construcci\u00f3n, generan empleo y dinamizan la recuperaci\u00f3n de la econom\u00eda nacional.<br \/>\nDe enero a septiembre de este a\u00f1o el Biess ha colocado m\u00e1s de 482 millones de d\u00f3lares en 8.203 cr\u00e9ditos para vivienda. Se prev\u00e9 que este 2022 se entreguen 752 millones de d\u00f3lares.<\/p>\n","protected":false},"excerpt":{"rendered":"<p>REDACCI\u00d3N NOTI-AM\u00c9RICA\u00a0(ECUADOR). El Banco del Instituto Ecuatoriano de Seguridad Social &#8211; Biess- abre desde hoy, hasta el 30 de Octubre, las puertas de la Feria Biess 2022. Este es el evento inmobiliario m\u00e1s grande&#46;&#46;&#46;<\/p>\n","protected":false},"author":81,"featured_media":22323,"comment_status":"open","ping_status":"open","sticky":false,"template":"","format":"standard","meta":{"_acf_changed":false,"om_disable_all_campaigns":false,"rop_custom_images_group":[],"rop_custom_messages_group":[],"rop_publish_now":"initial","rop_publish_now_accounts":{"twitter_242054905_242054905":""},"rop_publish_now_history":[],"rop_publish_now_status":"pending","_uf_show_specific_survey":0,"_uf_disable_surveys":false,"footnotes":""},"categories":[125],"tags":[],"class_list":["post-22322","post","type-post","status-publish","format-standard","has-post-thumbnail","hentry","category-actualidad"],"acf":[],"aioseo_notices":[],"yoast_head":"<!-- This site is optimized with the Yoast SEO Premium plugin v24.9 (Yoast SEO v27.2) - https:\/\/yoast.com\/product\/yoast-seo-premium-wordpress\/ -->\n<title>El Biess abre su feria inmobiliaria hasta el 30 de octubre - Ecuador | Noti-America.com<\/title>\n<meta name=\"robots\" content=\"index, follow, max-snippet:-1, max-image-preview:large, max-video-preview:-1\" \/>\n<link rel=\"canonical\" href=\"https:\/\/noti-america.com\/site\/ecuador\/2022\/10\/26\/22322\/\" \/>\n<meta property=\"og:locale\" content=\"es_ES\" \/>\n<meta property=\"og:type\" content=\"article\" \/>\n<meta property=\"og:title\" content=\"El Biess abre su feria inmobiliaria hasta el 30 de octubre\" \/>\n<meta property=\"og:description\" content=\"REDACCI\u00d3N NOTI-AM\u00c9RICA\u00a0(ECUADOR). El Banco del Instituto Ecuatoriano de Seguridad Social &#8211; Biess- abre desde hoy, hasta el 30 de Octubre, las puertas de la Feria Biess 2022. Este es el evento inmobiliario m\u00e1s grande&#046;&#046;&#046;\" \/>\n<meta property=\"og:url\" content=\"https:\/\/noti-america.com\/site\/ecuador\/2022\/10\/26\/22322\/\" \/>\n<meta property=\"og:site_name\" content=\"Ecuador | Noti-America.com\" \/>\n<meta property=\"article:published_time\" content=\"2022-10-26T17:04:26+00:00\" \/>\n<meta property=\"article:modified_time\" content=\"2022-10-26T17:14:04+00:00\" \/>\n<meta property=\"og:image\" content=\"https:\/\/noti-america.com\/site\/ecuador\/wp-content\/uploads\/sites\/18\/2022\/10\/FB_IMG_1666801788615.jpg\" \/>\n\t<meta property=\"og:image:width\" content=\"720\" \/>\n\t<meta property=\"og:image:height\" content=\"480\" \/>\n\t<meta property=\"og:image:type\" content=\"image\/jpeg\" \/>\n<meta name=\"author\" content=\"Boris Moyano\" \/>\n<meta name=\"twitter:card\" content=\"summary_large_image\" \/>\n<meta name=\"twitter:creator\" content=\"@notiamerica\" \/>\n<meta name=\"twitter:site\" content=\"@notiamerica\" \/>\n<meta name=\"twitter:label1\" content=\"Escrito por\" \/>\n\t<meta name=\"twitter:data1\" content=\"Boris Moyano\" \/>\n\t<meta name=\"twitter:label2\" content=\"Tiempo estimado de lectura\" \/>\n\t<meta name=\"twitter:data2\" content=\"2 minutos\" \/>\n<script type=\"application\/ld+json\" class=\"yoast-schema-graph\">{\"@context\":\"https:\/\/schema.org\",\"@graph\":[{\"@type\":\"Article\",\"@id\":\"https:\/\/noti-america.com\/site\/ecuador\/2022\/10\/26\/22322\/#article\",\"isPartOf\":{\"@id\":\"https:\/\/noti-america.com\/site\/ecuador\/2022\/10\/26\/22322\/\"},\"author\":{\"name\":\"Boris Moyano\",\"@id\":\"https:\/\/noti-america.com\/site\/ecuador\/#\/schema\/person\/063740b70e1baad7ce400b3b8bd8b8e3\"},\"headline\":\"El Biess abre su feria inmobiliaria hasta el 30 de octubre\",\"datePublished\":\"2022-10-26T17:04:26+00:00\",\"dateModified\":\"2022-10-26T17:14:04+00:00\",\"mainEntityOfPage\":{\"@id\":\"https:\/\/noti-america.com\/site\/ecuador\/2022\/10\/26\/22322\/\"},\"wordCount\":208,\"commentCount\":0,\"publisher\":{\"@id\":\"https:\/\/noti-america.com\/site\/ecuador\/#organization\"},\"image\":{\"@id\":\"https:\/\/noti-america.com\/site\/ecuador\/2022\/10\/26\/22322\/#primaryimage\"},\"thumbnailUrl\":\"https:\/\/noti-america.com\/site\/ecuador\/wp-content\/uploads\/sites\/18\/2022\/10\/FB_IMG_1666801788615.jpg\",\"articleSection\":[\"Actualidad\"],\"inLanguage\":\"es\",\"potentialAction\":[{\"@type\":\"CommentAction\",\"name\":\"Comment\",\"target\":[\"https:\/\/noti-america.com\/site\/ecuador\/2022\/10\/26\/22322\/#respond\"]}]},{\"@type\":\"WebPage\",\"@id\":\"https:\/\/noti-america.com\/site\/ecuador\/2022\/10\/26\/22322\/\",\"url\":\"https:\/\/noti-america.com\/site\/ecuador\/2022\/10\/26\/22322\/\",\"name\":\"El Biess abre su feria inmobiliaria hasta el 30 de octubre - Ecuador | Noti-America.com\",\"isPartOf\":{\"@id\":\"https:\/\/noti-america.com\/site\/ecuador\/#website\"},\"primaryImageOfPage\":{\"@id\":\"https:\/\/noti-america.com\/site\/ecuador\/2022\/10\/26\/22322\/#primaryimage\"},\"image\":{\"@id\":\"https:\/\/noti-america.com\/site\/ecuador\/2022\/10\/26\/22322\/#primaryimage\"},\"thumbnailUrl\":\"https:\/\/noti-america.com\/site\/ecuador\/wp-content\/uploads\/sites\/18\/2022\/10\/FB_IMG_1666801788615.jpg\",\"datePublished\":\"2022-10-26T17:04:26+00:00\",\"dateModified\":\"2022-10-26T17:14:04+00:00\",\"breadcrumb\":{\"@id\":\"https:\/\/noti-america.com\/site\/ecuador\/2022\/10\/26\/22322\/#breadcrumb\"},\"inLanguage\":\"es\",\"potentialAction\":[{\"@type\":\"ReadAction\",\"target\":[\"https:\/\/noti-america.com\/site\/ecuador\/2022\/10\/26\/22322\/\"]}]},{\"@type\":\"ImageObject\",\"inLanguage\":\"es\",\"@id\":\"https:\/\/noti-america.com\/site\/ecuador\/2022\/10\/26\/22322\/#primaryimage\",\"url\":\"https:\/\/noti-america.com\/site\/ecuador\/wp-content\/uploads\/sites\/18\/2022\/10\/FB_IMG_1666801788615.jpg\",\"contentUrl\":\"https:\/\/noti-america.com\/site\/ecuador\/wp-content\/uploads\/sites\/18\/2022\/10\/FB_IMG_1666801788615.jpg\",\"width\":720,\"height\":480,\"caption\":\"El horario de atenci\u00f3n de la feria sera: mi\u00e9rcoles 26 al viernes 28 de octubre, desde las 16h00 hasta las 21h00; s\u00e1bado 29 y domingo 30 de 11h00 hasta las 21h00.\"},{\"@type\":\"BreadcrumbList\",\"@id\":\"https:\/\/noti-america.com\/site\/ecuador\/2022\/10\/26\/22322\/#breadcrumb\",\"itemListElement\":[{\"@type\":\"ListItem\",\"position\":1,\"name\":\"Portada\",\"item\":\"https:\/\/noti-america.com\/site\/ecuador\/\"},{\"@type\":\"ListItem\",\"position\":2,\"name\":\"El Biess abre su feria inmobiliaria hasta el 30 de octubre\"}]},{\"@type\":\"WebSite\",\"@id\":\"https:\/\/noti-america.com\/site\/ecuador\/#website\",\"url\":\"https:\/\/noti-america.com\/site\/ecuador\/\",\"name\":\"Ecuador | Noti-America.com\",\"description\":\"\",\"publisher\":{\"@id\":\"https:\/\/noti-america.com\/site\/ecuador\/#organization\"},\"potentialAction\":[{\"@type\":\"SearchAction\",\"target\":{\"@type\":\"EntryPoint\",\"urlTemplate\":\"https:\/\/noti-america.com\/site\/ecuador\/?s={search_term_string}\"},\"query-input\":{\"@type\":\"PropertyValueSpecification\",\"valueRequired\":true,\"valueName\":\"search_term_string\"}}],\"inLanguage\":\"es\"},{\"@type\":\"Organization\",\"@id\":\"https:\/\/noti-america.com\/site\/ecuador\/#organization\",\"name\":\"Noti-America LLC | Ecuador\",\"url\":\"https:\/\/noti-america.com\/site\/ecuador\/\",\"logo\":{\"@type\":\"ImageObject\",\"inLanguage\":\"es\",\"@id\":\"https:\/\/noti-america.com\/site\/ecuador\/#\/schema\/logo\/image\/\",\"url\":\"https:\/\/noti-america.com\/site\/ecuador\/wp-content\/uploads\/sites\/18\/2020\/07\/LogoNA-4x3-1.jpg\",\"contentUrl\":\"https:\/\/noti-america.com\/site\/ecuador\/wp-content\/uploads\/sites\/18\/2020\/07\/LogoNA-4x3-1.jpg\",\"width\":1236,\"height\":1080,\"caption\":\"Noti-America LLC | Ecuador\"},\"image\":{\"@id\":\"https:\/\/noti-america.com\/site\/ecuador\/#\/schema\/logo\/image\/\"},\"sameAs\":[\"https:\/\/x.com\/notiamerica\"]},{\"@type\":\"Person\",\"@id\":\"https:\/\/noti-america.com\/site\/ecuador\/#\/schema\/person\/063740b70e1baad7ce400b3b8bd8b8e3\",\"name\":\"Boris Moyano\",\"image\":{\"@type\":\"ImageObject\",\"inLanguage\":\"es\",\"@id\":\"https:\/\/secure.gravatar.com\/avatar\/1635fd8d206bae736e855dfe91602736d1ea92af1a7f3fa7f62c848f245a1404?s=96&d=mm&r=g\",\"url\":\"https:\/\/secure.gravatar.com\/avatar\/1635fd8d206bae736e855dfe91602736d1ea92af1a7f3fa7f62c848f245a1404?s=96&d=mm&r=g\",\"contentUrl\":\"https:\/\/secure.gravatar.com\/avatar\/1635fd8d206bae736e855dfe91602736d1ea92af1a7f3fa7f62c848f245a1404?s=96&d=mm&r=g\",\"caption\":\"Boris Moyano\"},\"url\":\"https:\/\/noti-america.com\/site\/ecuador\/author\/bmoyano\/\"}]}<\/script>\n<!-- \/ Yoast SEO Premium plugin. -->","yoast_head_json":{"title":"El Biess abre su feria inmobiliaria hasta el 30 de octubre - Ecuador | Noti-America.com","robots":{"index":"index","follow":"follow","max-snippet":"max-snippet:-1","max-image-preview":"max-image-preview:large","max-video-preview":"max-video-preview:-1"},"canonical":"https:\/\/noti-america.com\/site\/ecuador\/2022\/10\/26\/22322\/","og_locale":"es_ES","og_type":"article","og_title":"El Biess abre su feria inmobiliaria hasta el 30 de octubre","og_description":"REDACCI\u00d3N NOTI-AM\u00c9RICA\u00a0(ECUADOR). El Banco del Instituto Ecuatoriano de Seguridad Social &#8211; Biess- abre desde hoy, hasta el 30 de Octubre, las puertas de la Feria Biess 2022. Este es el evento inmobiliario m\u00e1s grande&#46;&#46;&#46;","og_url":"https:\/\/noti-america.com\/site\/ecuador\/2022\/10\/26\/22322\/","og_site_name":"Ecuador | Noti-America.com","article_published_time":"2022-10-26T17:04:26+00:00","article_modified_time":"2022-10-26T17:14:04+00:00","og_image":[{"width":720,"height":480,"url":"https:\/\/noti-america.com\/site\/ecuador\/wp-content\/uploads\/sites\/18\/2022\/10\/FB_IMG_1666801788615.jpg","type":"image\/jpeg"}],"author":"Boris Moyano","twitter_card":"summary_large_image","twitter_creator":"@notiamerica","twitter_site":"@notiamerica","twitter_misc":{"Escrito por":"Boris Moyano","Tiempo estimado de lectura":"2 minutos"},"schema":{"@context":"https:\/\/schema.org","@graph":[{"@type":"Article","@id":"https:\/\/noti-america.com\/site\/ecuador\/2022\/10\/26\/22322\/#article","isPartOf":{"@id":"https:\/\/noti-america.com\/site\/ecuador\/2022\/10\/26\/22322\/"},"author":{"name":"Boris Moyano","@id":"https:\/\/noti-america.com\/site\/ecuador\/#\/schema\/person\/063740b70e1baad7ce400b3b8bd8b8e3"},"headline":"El Biess abre su feria inmobiliaria hasta el 30 de octubre","datePublished":"2022-10-26T17:04:26+00:00","dateModified":"2022-10-26T17:14:04+00:00","mainEntityOfPage":{"@id":"https:\/\/noti-america.com\/site\/ecuador\/2022\/10\/26\/22322\/"},"wordCount":208,"commentCount":0,"publisher":{"@id":"https:\/\/noti-america.com\/site\/ecuador\/#organization"},"image":{"@id":"https:\/\/noti-america.com\/site\/ecuador\/2022\/10\/26\/22322\/#primaryimage"},"thumbnailUrl":"https:\/\/noti-america.com\/site\/ecuador\/wp-content\/uploads\/sites\/18\/2022\/10\/FB_IMG_1666801788615.jpg","articleSection":["Actualidad"],"inLanguage":"es","potentialAction":[{"@type":"CommentAction","name":"Comment","target":["https:\/\/noti-america.com\/site\/ecuador\/2022\/10\/26\/22322\/#respond"]}]},{"@type":"WebPage","@id":"https:\/\/noti-america.com\/site\/ecuador\/2022\/10\/26\/22322\/","url":"https:\/\/noti-america.com\/site\/ecuador\/2022\/10\/26\/22322\/","name":"El Biess abre su feria inmobiliaria hasta el 30 de octubre - Ecuador | Noti-America.com","isPartOf":{"@id":"https:\/\/noti-america.com\/site\/ecuador\/#website"},"primaryImageOfPage":{"@id":"https:\/\/noti-america.com\/site\/ecuador\/2022\/10\/26\/22322\/#primaryimage"},"image":{"@id":"https:\/\/noti-america.com\/site\/ecuador\/2022\/10\/26\/22322\/#primaryimage"},"thumbnailUrl":"https:\/\/noti-america.com\/site\/ecuador\/wp-content\/uploads\/sites\/18\/2022\/10\/FB_IMG_1666801788615.jpg","datePublished":"2022-10-26T17:04:26+00:00","dateModified":"2022-10-26T17:14:04+00:00","breadcrumb":{"@id":"https:\/\/noti-america.com\/site\/ecuador\/2022\/10\/26\/22322\/#breadcrumb"},"inLanguage":"es","potentialAction":[{"@type":"ReadAction","target":["https:\/\/noti-america.com\/site\/ecuador\/2022\/10\/26\/22322\/"]}]},{"@type":"ImageObject","inLanguage":"es","@id":"https:\/\/noti-america.com\/site\/ecuador\/2022\/10\/26\/22322\/#primaryimage","url":"https:\/\/noti-america.com\/site\/ecuador\/wp-content\/uploads\/sites\/18\/2022\/10\/FB_IMG_1666801788615.jpg","contentUrl":"https:\/\/noti-america.com\/site\/ecuador\/wp-content\/uploads\/sites\/18\/2022\/10\/FB_IMG_1666801788615.jpg","width":720,"height":480,"caption":"El horario de atenci\u00f3n de la feria sera: mi\u00e9rcoles 26 al viernes 28 de octubre, desde las 16h00 hasta las 21h00; s\u00e1bado 29 y domingo 30 de 11h00 hasta las 21h00."},{"@type":"BreadcrumbList","@id":"https:\/\/noti-america.com\/site\/ecuador\/2022\/10\/26\/22322\/#breadcrumb","itemListElement":[{"@type":"ListItem","position":1,"name":"Portada","item":"https:\/\/noti-america.com\/site\/ecuador\/"},{"@type":"ListItem","position":2,"name":"El Biess abre su feria inmobiliaria hasta el 30 de octubre"}]},{"@type":"WebSite","@id":"https:\/\/noti-america.com\/site\/ecuador\/#website","url":"https:\/\/noti-america.com\/site\/ecuador\/","name":"Ecuador | Noti-America.com","description":"","publisher":{"@id":"https:\/\/noti-america.com\/site\/ecuador\/#organization"},"potentialAction":[{"@type":"SearchAction","target":{"@type":"EntryPoint","urlTemplate":"https:\/\/noti-america.com\/site\/ecuador\/?s={search_term_string}"},"query-input":{"@type":"PropertyValueSpecification","valueRequired":true,"valueName":"search_term_string"}}],"inLanguage":"es"},{"@type":"Organization","@id":"https:\/\/noti-america.com\/site\/ecuador\/#organization","name":"Noti-America LLC | Ecuador","url":"https:\/\/noti-america.com\/site\/ecuador\/","logo":{"@type":"ImageObject","inLanguage":"es","@id":"https:\/\/noti-america.com\/site\/ecuador\/#\/schema\/logo\/image\/","url":"https:\/\/noti-america.com\/site\/ecuador\/wp-content\/uploads\/sites\/18\/2020\/07\/LogoNA-4x3-1.jpg","contentUrl":"https:\/\/noti-america.com\/site\/ecuador\/wp-content\/uploads\/sites\/18\/2020\/07\/LogoNA-4x3-1.jpg","width":1236,"height":1080,"caption":"Noti-America LLC | Ecuador"},"image":{"@id":"https:\/\/noti-america.com\/site\/ecuador\/#\/schema\/logo\/image\/"},"sameAs":["https:\/\/x.com\/notiamerica"]},{"@type":"Person","@id":"https:\/\/noti-america.com\/site\/ecuador\/#\/schema\/person\/063740b70e1baad7ce400b3b8bd8b8e3","name":"Boris Moyano","image":{"@type":"ImageObject","inLanguage":"es","@id":"https:\/\/secure.gravatar.com\/avatar\/1635fd8d206bae736e855dfe91602736d1ea92af1a7f3fa7f62c848f245a1404?s=96&d=mm&r=g","url":"https:\/\/secure.gravatar.com\/avatar\/1635fd8d206bae736e855dfe91602736d1ea92af1a7f3fa7f62c848f245a1404?s=96&d=mm&r=g","contentUrl":"https:\/\/secure.gravatar.com\/avatar\/1635fd8d206bae736e855dfe91602736d1ea92af1a7f3fa7f62c848f245a1404?s=96&d=mm&r=g","caption":"Boris Moyano"},"url":"https:\/\/noti-america.com\/site\/ecuador\/author\/bmoyano\/"}]}},"_links":{"self":[{"href":"https:\/\/noti-america.com\/site\/ecuador\/wp-json\/wp\/v2\/posts\/22322","targetHints":{"allow":["GET"]}}],"collection":[{"href":"https:\/\/noti-america.com\/site\/ecuador\/wp-json\/wp\/v2\/posts"}],"about":[{"href":"https:\/\/noti-america.com\/site\/ecuador\/wp-json\/wp\/v2\/types\/post"}],"author":[{"embeddable":true,"href":"https:\/\/noti-america.com\/site\/ecuador\/wp-json\/wp\/v2\/users\/81"}],"replies":[{"embeddable":true,"href":"https:\/\/noti-america.com\/site\/ecuador\/wp-json\/wp\/v2\/comments?post=22322"}],"version-history":[{"count":3,"href":"https:\/\/noti-america.com\/site\/ecuador\/wp-json\/wp\/v2\/posts\/22322\/revisions"}],"predecessor-version":[{"id":22330,"href":"https:\/\/noti-america.com\/site\/ecuador\/wp-json\/wp\/v2\/posts\/22322\/revisions\/22330"}],"wp:featuredmedia":[{"embeddable":true,"href":"https:\/\/noti-america.com\/site\/ecuador\/wp-json\/wp\/v2\/media\/22323"}],"wp:attachment":[{"href":"https:\/\/noti-america.com\/site\/ecuador\/wp-json\/wp\/v2\/media?parent=22322"}],"wp:term":[{"taxonomy":"category","embeddable":true,"href":"https:\/\/noti-america.com\/site\/ecuador\/wp-json\/wp\/v2\/categories?post=22322"},{"taxonomy":"post_tag","embeddable":true,"href":"https:\/\/noti-america.com\/site\/ecuador\/wp-json\/wp\/v2\/tags?post=22322"}],"curies":[{"name":"wp","href":"https:\/\/api.w.org\/{rel}","templated":true}]}}