{"id":2172,"date":"2018-10-05T02:22:14","date_gmt":"2018-10-05T02:22:14","guid":{"rendered":"http:\/\/noti-america.com\/site\/ecuador\/?p=2172"},"modified":"2018-10-05T02:22:14","modified_gmt":"2018-10-05T02:22:14","slug":"las-enormes-virtudes-del-pan-elaborado-con-escana","status":"publish","type":"post","link":"https:\/\/noti-america.com\/site\/ecuador\/2018\/10\/05\/las-enormes-virtudes-del-pan-elaborado-con-escana\/","title":{"rendered":"Las enormes virtudes del pan elaborado con esca\u00f1a"},"content":{"rendered":"<p>REDACCI\u00d3N NOTI-AM\u00c9RICA (ECUADOR)<\/p>\n<p>En la actualidad, hay un inter\u00e9s creciente por la recuperaci\u00f3n de variedades antiguas de cereales debido a su alto valor nutricional, especialmente para producir alimentos integrales con caracter\u00edsticas nutricionales mejoradas. Un equipo de investigadores de AINIA centro tecnol\u00f3gico y la Universidad de Bolonia han estudiado los beneficios para<strong>\u00a0la salud de productos de panader\u00eda<\/strong>\u00a0elaborados con un cereal ancestral conocido como esca\u00f1a (einkorn).<\/p>\n<p>La esca\u00f1a (Triticum monococcum) fue uno de los primeros cereales cultivados por el hombre. En comparaci\u00f3n con otras variedades de trigo, tiene un mayor contenido en prote\u00ednas, \u00e1cidos grasos poliinsaturados, fructanos y fitoqu\u00edmicos (como tocoles, carotenoides, alquilresorcinoles, fitoesteroles). Por estas propiedades, es un ingrediente muy interesante para la elaboraci\u00f3n de alimentos funcionales de panader\u00eda con propiedades nutricionales mejoradas.<\/p>\n<p>&nbsp;<\/p>\n<h3>Niveles m\u00e1s altos de carotenoides<\/h3>\n<p>En concreto, los panes elaborados con harina de einkorn, han sido evaluados en un digestor din\u00e1mico in vitro de AINIA para comprobar sus efectos beneficiosos en el cuerpo humano. El resultado ha sido que se han obtenido unos niveles m\u00e1s altos de carotenoides en los ensayos realizados con\u00a0<em>panes elaborados con harina de este cereal antiguo<\/em>, que en los elaborados con cereales modernos.<\/p>\n<p>Los carotenoides, como por ejemplo el betacaroteno presente en las zanahorias, albaricoques, br\u00f3coli&#8230; Diferentes estudios han reconocido los potenciales efectos protectores y antioxidantes de los carotenoides contra enfermedades oculares degenerativas y otros trastornos carenciales. En este sentido, tambi\u00e9n se ha podido demostrar, con cultivos celulares, el efecto antiinflamatorio en el aparato digestivo del<strong>\u00a0pan elaborado con harina einkorn.<\/strong><\/p>\n<p>Para Bego\u00f1a Ruiz, responsable del Departamento de Bioensayos de AINIA centro tecnol\u00f3gico: \u201cLos resultados obtenidos en este estudio contribuir\u00e1n a mejorar el conocimiento de las propiedades beneficiosas de las variedades de cereales ancestrales, y con ello ofrecer una oportunidad a la elaboraci\u00f3n de nuevos productos de panader\u00eda con potencial efecto saludable para los consumidores\u201d.<\/p>\n<p>Fuente: SINC<\/p>\n","protected":false},"excerpt":{"rendered":"<p>REDACCI\u00d3N NOTI-AM\u00c9RICA (ECUADOR) En la actualidad, hay un inter\u00e9s creciente por la recuperaci\u00f3n de variedades antiguas de cereales debido a su alto valor nutricional, especialmente para producir alimentos integrales con caracter\u00edsticas nutricionales mejoradas. Un&#46;&#46;&#46;<\/p>\n","protected":false},"author":17,"featured_media":2173,"comment_status":"open","ping_status":"open","sticky":false,"template":"","format":"standard","meta":{"_acf_changed":false,"om_disable_all_campaigns":false,"rop_custom_images_group":[],"rop_custom_messages_group":[],"rop_publish_now":"initial","rop_publish_now_accounts":{"twitter_242054905_242054905":""},"rop_publish_now_history":[],"rop_publish_now_status":"pending","_uf_show_specific_survey":0,"_uf_disable_surveys":false,"footnotes":""},"categories":[35],"tags":[],"class_list":["post-2172","post","type-post","status-publish","format-standard","has-post-thumbnail","hentry","category-salud"],"acf":[],"aioseo_notices":[],"yoast_head":"<!-- This site is optimized with the Yoast SEO Premium plugin v24.9 (Yoast SEO v27.2) - https:\/\/yoast.com\/product\/yoast-seo-premium-wordpress\/ -->\n<title>Las enormes virtudes del pan elaborado con esca\u00f1a - Ecuador | Noti-America.com<\/title>\n<meta name=\"robots\" content=\"index, follow, max-snippet:-1, max-image-preview:large, max-video-preview:-1\" \/>\n<link rel=\"canonical\" href=\"https:\/\/noti-america.com\/site\/ecuador\/2018\/10\/05\/las-enormes-virtudes-del-pan-elaborado-con-escana\/\" \/>\n<meta property=\"og:locale\" content=\"es_ES\" \/>\n<meta property=\"og:type\" content=\"article\" \/>\n<meta property=\"og:title\" content=\"Las enormes virtudes del pan elaborado con esca\u00f1a\" \/>\n<meta property=\"og:description\" content=\"REDACCI\u00d3N NOTI-AM\u00c9RICA (ECUADOR) En la actualidad, hay un inter\u00e9s creciente por la recuperaci\u00f3n de variedades antiguas de cereales debido a su alto valor nutricional, especialmente para producir alimentos integrales con caracter\u00edsticas nutricionales mejoradas. Un&#046;&#046;&#046;\" \/>\n<meta property=\"og:url\" content=\"https:\/\/noti-america.com\/site\/ecuador\/2018\/10\/05\/las-enormes-virtudes-del-pan-elaborado-con-escana\/\" \/>\n<meta property=\"og:site_name\" content=\"Ecuador | Noti-America.com\" \/>\n<meta property=\"article:published_time\" content=\"2018-10-05T02:22:14+00:00\" \/>\n<meta property=\"og:image\" content=\"https:\/\/noti-america.com\/site\/ecuador\/wp-content\/uploads\/sites\/18\/2018\/10\/Las-enormes-virtudes-del-pan-elaborado-con-esca\u00f1a.jpg\" \/>\n\t<meta property=\"og:image:width\" content=\"730\" \/>\n\t<meta property=\"og:image:height\" content=\"456\" \/>\n\t<meta property=\"og:image:type\" content=\"image\/jpeg\" \/>\n<meta name=\"author\" content=\"Gregory Quintana Montiel\" \/>\n<meta name=\"twitter:card\" content=\"summary_large_image\" \/>\n<meta name=\"twitter:creator\" content=\"@gdgregori1\" \/>\n<meta name=\"twitter:site\" content=\"@notiamerica\" \/>\n<meta name=\"twitter:label1\" content=\"Escrito por\" \/>\n\t<meta name=\"twitter:data1\" content=\"Gregory Quintana Montiel\" \/>\n\t<meta name=\"twitter:label2\" content=\"Tiempo estimado de lectura\" \/>\n\t<meta name=\"twitter:data2\" content=\"2 minutos\" \/>\n<script type=\"application\/ld+json\" class=\"yoast-schema-graph\">{\"@context\":\"https:\/\/schema.org\",\"@graph\":[{\"@type\":\"Article\",\"@id\":\"https:\/\/noti-america.com\/site\/ecuador\/2018\/10\/05\/las-enormes-virtudes-del-pan-elaborado-con-escana\/#article\",\"isPartOf\":{\"@id\":\"https:\/\/noti-america.com\/site\/ecuador\/2018\/10\/05\/las-enormes-virtudes-del-pan-elaborado-con-escana\/\"},\"author\":{\"name\":\"Gregory Quintana Montiel\",\"@id\":\"https:\/\/noti-america.com\/site\/ecuador\/#\/schema\/person\/3b975e42f15abfe64bfe3abdd916efda\"},\"headline\":\"Las enormes virtudes del pan elaborado con esca\u00f1a\",\"datePublished\":\"2018-10-05T02:22:14+00:00\",\"mainEntityOfPage\":{\"@id\":\"https:\/\/noti-america.com\/site\/ecuador\/2018\/10\/05\/las-enormes-virtudes-del-pan-elaborado-con-escana\/\"},\"wordCount\":340,\"commentCount\":0,\"publisher\":{\"@id\":\"https:\/\/noti-america.com\/site\/ecuador\/#organization\"},\"image\":{\"@id\":\"https:\/\/noti-america.com\/site\/ecuador\/2018\/10\/05\/las-enormes-virtudes-del-pan-elaborado-con-escana\/#primaryimage\"},\"thumbnailUrl\":\"https:\/\/noti-america.com\/site\/ecuador\/wp-content\/uploads\/sites\/18\/2018\/10\/Las-enormes-virtudes-del-pan-elaborado-con-esca\u00f1a.jpg\",\"articleSection\":[\"Salud\"],\"inLanguage\":\"es\",\"potentialAction\":[{\"@type\":\"CommentAction\",\"name\":\"Comment\",\"target\":[\"https:\/\/noti-america.com\/site\/ecuador\/2018\/10\/05\/las-enormes-virtudes-del-pan-elaborado-con-escana\/#respond\"]}]},{\"@type\":\"WebPage\",\"@id\":\"https:\/\/noti-america.com\/site\/ecuador\/2018\/10\/05\/las-enormes-virtudes-del-pan-elaborado-con-escana\/\",\"url\":\"https:\/\/noti-america.com\/site\/ecuador\/2018\/10\/05\/las-enormes-virtudes-del-pan-elaborado-con-escana\/\",\"name\":\"Las enormes virtudes del pan elaborado con esca\u00f1a - Ecuador | Noti-America.com\",\"isPartOf\":{\"@id\":\"https:\/\/noti-america.com\/site\/ecuador\/#website\"},\"primaryImageOfPage\":{\"@id\":\"https:\/\/noti-america.com\/site\/ecuador\/2018\/10\/05\/las-enormes-virtudes-del-pan-elaborado-con-escana\/#primaryimage\"},\"image\":{\"@id\":\"https:\/\/noti-america.com\/site\/ecuador\/2018\/10\/05\/las-enormes-virtudes-del-pan-elaborado-con-escana\/#primaryimage\"},\"thumbnailUrl\":\"https:\/\/noti-america.com\/site\/ecuador\/wp-content\/uploads\/sites\/18\/2018\/10\/Las-enormes-virtudes-del-pan-elaborado-con-esca\u00f1a.jpg\",\"datePublished\":\"2018-10-05T02:22:14+00:00\",\"breadcrumb\":{\"@id\":\"https:\/\/noti-america.com\/site\/ecuador\/2018\/10\/05\/las-enormes-virtudes-del-pan-elaborado-con-escana\/#breadcrumb\"},\"inLanguage\":\"es\",\"potentialAction\":[{\"@type\":\"ReadAction\",\"target\":[\"https:\/\/noti-america.com\/site\/ecuador\/2018\/10\/05\/las-enormes-virtudes-del-pan-elaborado-con-escana\/\"]}]},{\"@type\":\"ImageObject\",\"inLanguage\":\"es\",\"@id\":\"https:\/\/noti-america.com\/site\/ecuador\/2018\/10\/05\/las-enormes-virtudes-del-pan-elaborado-con-escana\/#primaryimage\",\"url\":\"https:\/\/noti-america.com\/site\/ecuador\/wp-content\/uploads\/sites\/18\/2018\/10\/Las-enormes-virtudes-del-pan-elaborado-con-esca\u00f1a.jpg\",\"contentUrl\":\"https:\/\/noti-america.com\/site\/ecuador\/wp-content\/uploads\/sites\/18\/2018\/10\/Las-enormes-virtudes-del-pan-elaborado-con-esca\u00f1a.jpg\",\"width\":730,\"height\":456,\"caption\":\"La esca\u00f1a (Triticum monococcum) fue uno de los primeros cereales cultivados por el hombre. En comparaci\u00f3n con otras variedades de trigo, tiene un mayor contenido en prote\u00ednas, \u00e1cidos grasos poliinsaturados.\"},{\"@type\":\"BreadcrumbList\",\"@id\":\"https:\/\/noti-america.com\/site\/ecuador\/2018\/10\/05\/las-enormes-virtudes-del-pan-elaborado-con-escana\/#breadcrumb\",\"itemListElement\":[{\"@type\":\"ListItem\",\"position\":1,\"name\":\"Portada\",\"item\":\"https:\/\/noti-america.com\/site\/ecuador\/\"},{\"@type\":\"ListItem\",\"position\":2,\"name\":\"Las enormes virtudes del pan elaborado con esca\u00f1a\"}]},{\"@type\":\"WebSite\",\"@id\":\"https:\/\/noti-america.com\/site\/ecuador\/#website\",\"url\":\"https:\/\/noti-america.com\/site\/ecuador\/\",\"name\":\"Ecuador | Noti-America.com\",\"description\":\"\",\"publisher\":{\"@id\":\"https:\/\/noti-america.com\/site\/ecuador\/#organization\"},\"potentialAction\":[{\"@type\":\"SearchAction\",\"target\":{\"@type\":\"EntryPoint\",\"urlTemplate\":\"https:\/\/noti-america.com\/site\/ecuador\/?s={search_term_string}\"},\"query-input\":{\"@type\":\"PropertyValueSpecification\",\"valueRequired\":true,\"valueName\":\"search_term_string\"}}],\"inLanguage\":\"es\"},{\"@type\":\"Organization\",\"@id\":\"https:\/\/noti-america.com\/site\/ecuador\/#organization\",\"name\":\"Noti-America LLC | Ecuador\",\"url\":\"https:\/\/noti-america.com\/site\/ecuador\/\",\"logo\":{\"@type\":\"ImageObject\",\"inLanguage\":\"es\",\"@id\":\"https:\/\/noti-america.com\/site\/ecuador\/#\/schema\/logo\/image\/\",\"url\":\"https:\/\/noti-america.com\/site\/ecuador\/wp-content\/uploads\/sites\/18\/2020\/07\/LogoNA-4x3-1.jpg\",\"contentUrl\":\"https:\/\/noti-america.com\/site\/ecuador\/wp-content\/uploads\/sites\/18\/2020\/07\/LogoNA-4x3-1.jpg\",\"width\":1236,\"height\":1080,\"caption\":\"Noti-America LLC | Ecuador\"},\"image\":{\"@id\":\"https:\/\/noti-america.com\/site\/ecuador\/#\/schema\/logo\/image\/\"},\"sameAs\":[\"https:\/\/x.com\/notiamerica\"]},{\"@type\":\"Person\",\"@id\":\"https:\/\/noti-america.com\/site\/ecuador\/#\/schema\/person\/3b975e42f15abfe64bfe3abdd916efda\",\"name\":\"Gregory Quintana Montiel\",\"image\":{\"@type\":\"ImageObject\",\"inLanguage\":\"es\",\"@id\":\"https:\/\/secure.gravatar.com\/avatar\/2d6b802f7720c2ec7744dcbe608cc2f3417aeb964d58b443c6d612b77531de1d?s=96&d=mm&r=g\",\"url\":\"https:\/\/secure.gravatar.com\/avatar\/2d6b802f7720c2ec7744dcbe608cc2f3417aeb964d58b443c6d612b77531de1d?s=96&d=mm&r=g\",\"contentUrl\":\"https:\/\/secure.gravatar.com\/avatar\/2d6b802f7720c2ec7744dcbe608cc2f3417aeb964d58b443c6d612b77531de1d?s=96&d=mm&r=g\",\"caption\":\"Gregory Quintana Montiel\"},\"description\":\"Licenciatura en Ciencias de la Comunicaci\u00f3n Social, egresado en la Especializaci\u00f3n Derecho Ambiental Desarrollo Sostenible y Sustentable, Miembro de la Comunidad de profesionales y experto para Latinoam\u00e9rica y el Caribe en Gesti\u00f3n por Resultado en el Desarrollo (COPLAC - GpRD) del Banco Interamericano de Desarrollo, experiencia en medios radiales y escritos.\",\"sameAs\":[\"https:\/\/x.com\/gdgregori1\",\"gquintana\"],\"url\":\"https:\/\/noti-america.com\/site\/ecuador\/author\/gquintana\/\"}]}<\/script>\n<!-- \/ Yoast SEO Premium plugin. -->","yoast_head_json":{"title":"Las enormes virtudes del pan elaborado con esca\u00f1a - Ecuador | Noti-America.com","robots":{"index":"index","follow":"follow","max-snippet":"max-snippet:-1","max-image-preview":"max-image-preview:large","max-video-preview":"max-video-preview:-1"},"canonical":"https:\/\/noti-america.com\/site\/ecuador\/2018\/10\/05\/las-enormes-virtudes-del-pan-elaborado-con-escana\/","og_locale":"es_ES","og_type":"article","og_title":"Las enormes virtudes del pan elaborado con esca\u00f1a","og_description":"REDACCI\u00d3N NOTI-AM\u00c9RICA (ECUADOR) En la actualidad, hay un inter\u00e9s creciente por la recuperaci\u00f3n de variedades antiguas de cereales debido a su alto valor nutricional, especialmente para producir alimentos integrales con caracter\u00edsticas nutricionales mejoradas. Un&#46;&#46;&#46;","og_url":"https:\/\/noti-america.com\/site\/ecuador\/2018\/10\/05\/las-enormes-virtudes-del-pan-elaborado-con-escana\/","og_site_name":"Ecuador | Noti-America.com","article_published_time":"2018-10-05T02:22:14+00:00","og_image":[{"width":730,"height":456,"url":"https:\/\/noti-america.com\/site\/ecuador\/wp-content\/uploads\/sites\/18\/2018\/10\/Las-enormes-virtudes-del-pan-elaborado-con-esca\u00f1a.jpg","type":"image\/jpeg"}],"author":"Gregory Quintana Montiel","twitter_card":"summary_large_image","twitter_creator":"@gdgregori1","twitter_site":"@notiamerica","twitter_misc":{"Escrito por":"Gregory Quintana Montiel","Tiempo estimado de lectura":"2 minutos"},"schema":{"@context":"https:\/\/schema.org","@graph":[{"@type":"Article","@id":"https:\/\/noti-america.com\/site\/ecuador\/2018\/10\/05\/las-enormes-virtudes-del-pan-elaborado-con-escana\/#article","isPartOf":{"@id":"https:\/\/noti-america.com\/site\/ecuador\/2018\/10\/05\/las-enormes-virtudes-del-pan-elaborado-con-escana\/"},"author":{"name":"Gregory Quintana Montiel","@id":"https:\/\/noti-america.com\/site\/ecuador\/#\/schema\/person\/3b975e42f15abfe64bfe3abdd916efda"},"headline":"Las enormes virtudes del pan elaborado con esca\u00f1a","datePublished":"2018-10-05T02:22:14+00:00","mainEntityOfPage":{"@id":"https:\/\/noti-america.com\/site\/ecuador\/2018\/10\/05\/las-enormes-virtudes-del-pan-elaborado-con-escana\/"},"wordCount":340,"commentCount":0,"publisher":{"@id":"https:\/\/noti-america.com\/site\/ecuador\/#organization"},"image":{"@id":"https:\/\/noti-america.com\/site\/ecuador\/2018\/10\/05\/las-enormes-virtudes-del-pan-elaborado-con-escana\/#primaryimage"},"thumbnailUrl":"https:\/\/noti-america.com\/site\/ecuador\/wp-content\/uploads\/sites\/18\/2018\/10\/Las-enormes-virtudes-del-pan-elaborado-con-esca\u00f1a.jpg","articleSection":["Salud"],"inLanguage":"es","potentialAction":[{"@type":"CommentAction","name":"Comment","target":["https:\/\/noti-america.com\/site\/ecuador\/2018\/10\/05\/las-enormes-virtudes-del-pan-elaborado-con-escana\/#respond"]}]},{"@type":"WebPage","@id":"https:\/\/noti-america.com\/site\/ecuador\/2018\/10\/05\/las-enormes-virtudes-del-pan-elaborado-con-escana\/","url":"https:\/\/noti-america.com\/site\/ecuador\/2018\/10\/05\/las-enormes-virtudes-del-pan-elaborado-con-escana\/","name":"Las enormes virtudes del pan elaborado con esca\u00f1a - Ecuador | Noti-America.com","isPartOf":{"@id":"https:\/\/noti-america.com\/site\/ecuador\/#website"},"primaryImageOfPage":{"@id":"https:\/\/noti-america.com\/site\/ecuador\/2018\/10\/05\/las-enormes-virtudes-del-pan-elaborado-con-escana\/#primaryimage"},"image":{"@id":"https:\/\/noti-america.com\/site\/ecuador\/2018\/10\/05\/las-enormes-virtudes-del-pan-elaborado-con-escana\/#primaryimage"},"thumbnailUrl":"https:\/\/noti-america.com\/site\/ecuador\/wp-content\/uploads\/sites\/18\/2018\/10\/Las-enormes-virtudes-del-pan-elaborado-con-esca\u00f1a.jpg","datePublished":"2018-10-05T02:22:14+00:00","breadcrumb":{"@id":"https:\/\/noti-america.com\/site\/ecuador\/2018\/10\/05\/las-enormes-virtudes-del-pan-elaborado-con-escana\/#breadcrumb"},"inLanguage":"es","potentialAction":[{"@type":"ReadAction","target":["https:\/\/noti-america.com\/site\/ecuador\/2018\/10\/05\/las-enormes-virtudes-del-pan-elaborado-con-escana\/"]}]},{"@type":"ImageObject","inLanguage":"es","@id":"https:\/\/noti-america.com\/site\/ecuador\/2018\/10\/05\/las-enormes-virtudes-del-pan-elaborado-con-escana\/#primaryimage","url":"https:\/\/noti-america.com\/site\/ecuador\/wp-content\/uploads\/sites\/18\/2018\/10\/Las-enormes-virtudes-del-pan-elaborado-con-esca\u00f1a.jpg","contentUrl":"https:\/\/noti-america.com\/site\/ecuador\/wp-content\/uploads\/sites\/18\/2018\/10\/Las-enormes-virtudes-del-pan-elaborado-con-esca\u00f1a.jpg","width":730,"height":456,"caption":"La esca\u00f1a (Triticum monococcum) fue uno de los primeros cereales cultivados por el hombre. En comparaci\u00f3n con otras variedades de trigo, tiene un mayor contenido en prote\u00ednas, \u00e1cidos grasos poliinsaturados."},{"@type":"BreadcrumbList","@id":"https:\/\/noti-america.com\/site\/ecuador\/2018\/10\/05\/las-enormes-virtudes-del-pan-elaborado-con-escana\/#breadcrumb","itemListElement":[{"@type":"ListItem","position":1,"name":"Portada","item":"https:\/\/noti-america.com\/site\/ecuador\/"},{"@type":"ListItem","position":2,"name":"Las enormes virtudes del pan elaborado con esca\u00f1a"}]},{"@type":"WebSite","@id":"https:\/\/noti-america.com\/site\/ecuador\/#website","url":"https:\/\/noti-america.com\/site\/ecuador\/","name":"Ecuador | Noti-America.com","description":"","publisher":{"@id":"https:\/\/noti-america.com\/site\/ecuador\/#organization"},"potentialAction":[{"@type":"SearchAction","target":{"@type":"EntryPoint","urlTemplate":"https:\/\/noti-america.com\/site\/ecuador\/?s={search_term_string}"},"query-input":{"@type":"PropertyValueSpecification","valueRequired":true,"valueName":"search_term_string"}}],"inLanguage":"es"},{"@type":"Organization","@id":"https:\/\/noti-america.com\/site\/ecuador\/#organization","name":"Noti-America LLC | Ecuador","url":"https:\/\/noti-america.com\/site\/ecuador\/","logo":{"@type":"ImageObject","inLanguage":"es","@id":"https:\/\/noti-america.com\/site\/ecuador\/#\/schema\/logo\/image\/","url":"https:\/\/noti-america.com\/site\/ecuador\/wp-content\/uploads\/sites\/18\/2020\/07\/LogoNA-4x3-1.jpg","contentUrl":"https:\/\/noti-america.com\/site\/ecuador\/wp-content\/uploads\/sites\/18\/2020\/07\/LogoNA-4x3-1.jpg","width":1236,"height":1080,"caption":"Noti-America LLC | Ecuador"},"image":{"@id":"https:\/\/noti-america.com\/site\/ecuador\/#\/schema\/logo\/image\/"},"sameAs":["https:\/\/x.com\/notiamerica"]},{"@type":"Person","@id":"https:\/\/noti-america.com\/site\/ecuador\/#\/schema\/person\/3b975e42f15abfe64bfe3abdd916efda","name":"Gregory Quintana Montiel","image":{"@type":"ImageObject","inLanguage":"es","@id":"https:\/\/secure.gravatar.com\/avatar\/2d6b802f7720c2ec7744dcbe608cc2f3417aeb964d58b443c6d612b77531de1d?s=96&d=mm&r=g","url":"https:\/\/secure.gravatar.com\/avatar\/2d6b802f7720c2ec7744dcbe608cc2f3417aeb964d58b443c6d612b77531de1d?s=96&d=mm&r=g","contentUrl":"https:\/\/secure.gravatar.com\/avatar\/2d6b802f7720c2ec7744dcbe608cc2f3417aeb964d58b443c6d612b77531de1d?s=96&d=mm&r=g","caption":"Gregory Quintana Montiel"},"description":"Licenciatura en Ciencias de la Comunicaci\u00f3n Social, egresado en la Especializaci\u00f3n Derecho Ambiental Desarrollo Sostenible y Sustentable, Miembro de la Comunidad de profesionales y experto para Latinoam\u00e9rica y el Caribe en Gesti\u00f3n por Resultado en el Desarrollo (COPLAC - GpRD) del Banco Interamericano de Desarrollo, experiencia en medios radiales y escritos.","sameAs":["https:\/\/x.com\/gdgregori1","gquintana"],"url":"https:\/\/noti-america.com\/site\/ecuador\/author\/gquintana\/"}]}},"_links":{"self":[{"href":"https:\/\/noti-america.com\/site\/ecuador\/wp-json\/wp\/v2\/posts\/2172","targetHints":{"allow":["GET"]}}],"collection":[{"href":"https:\/\/noti-america.com\/site\/ecuador\/wp-json\/wp\/v2\/posts"}],"about":[{"href":"https:\/\/noti-america.com\/site\/ecuador\/wp-json\/wp\/v2\/types\/post"}],"author":[{"embeddable":true,"href":"https:\/\/noti-america.com\/site\/ecuador\/wp-json\/wp\/v2\/users\/17"}],"replies":[{"embeddable":true,"href":"https:\/\/noti-america.com\/site\/ecuador\/wp-json\/wp\/v2\/comments?post=2172"}],"version-history":[{"count":1,"href":"https:\/\/noti-america.com\/site\/ecuador\/wp-json\/wp\/v2\/posts\/2172\/revisions"}],"predecessor-version":[{"id":2174,"href":"https:\/\/noti-america.com\/site\/ecuador\/wp-json\/wp\/v2\/posts\/2172\/revisions\/2174"}],"wp:featuredmedia":[{"embeddable":true,"href":"https:\/\/noti-america.com\/site\/ecuador\/wp-json\/wp\/v2\/media\/2173"}],"wp:attachment":[{"href":"https:\/\/noti-america.com\/site\/ecuador\/wp-json\/wp\/v2\/media?parent=2172"}],"wp:term":[{"taxonomy":"category","embeddable":true,"href":"https:\/\/noti-america.com\/site\/ecuador\/wp-json\/wp\/v2\/categories?post=2172"},{"taxonomy":"post_tag","embeddable":true,"href":"https:\/\/noti-america.com\/site\/ecuador\/wp-json\/wp\/v2\/tags?post=2172"}],"curies":[{"name":"wp","href":"https:\/\/api.w.org\/{rel}","templated":true}]}}