{"id":20678,"date":"2022-06-23T13:58:50","date_gmt":"2022-06-23T13:58:50","guid":{"rendered":"https:\/\/noti-america.com\/site\/ecuador\/?p=20678"},"modified":"2022-06-23T13:58:50","modified_gmt":"2022-06-23T13:58:50","slug":"garantias-constitucionales-analiza-situacion-de-la-movilizacion-indigena","status":"publish","type":"post","link":"https:\/\/noti-america.com\/site\/ecuador\/2022\/06\/23\/garantias-constitucionales-analiza-situacion-de-la-movilizacion-indigena\/","title":{"rendered":"Garant\u00edas Constitucionales analiza situaci\u00f3n de la movilizaci\u00f3n ind\u00edgena"},"content":{"rendered":"<p><strong>REDACCI\u00d3N NOTI AM\u00c9RICA (ECUADOR)<\/strong><\/p>\n<div id=\"attachment_20679\" style=\"width: 688px\" class=\"wp-caption alignleft\"><img loading=\"lazy\" decoding=\"async\" aria-describedby=\"caption-attachment-20679\" class=\"wp-image-20679\" src=\"https:\/\/noti-america.com\/site\/ecuador\/wp-content\/uploads\/sites\/18\/2022\/06\/descarga-3.jpg\" alt=\"\" width=\"678\" height=\"451\" srcset=\"https:\/\/noti-america.com\/site\/ecuador\/wp-content\/uploads\/sites\/18\/2022\/06\/descarga-3.jpg 275w, https:\/\/noti-america.com\/site\/ecuador\/wp-content\/uploads\/sites\/18\/2022\/06\/descarga-3-272x182.jpg 272w\" sizes=\"auto, (max-width: 678px) 100vw, 678px\" \/><p id=\"caption-attachment-20679\" class=\"wp-caption-text\">Desmanes y supuestas violaciones de derechos fueron analizados.<\/p><\/div>\n<p style=\"text-align: justify\">La Comisi\u00f3n de Garant\u00edas Constitucionales avanza en el proceso de investigaci\u00f3n de la movilizaci\u00f3n realizada por el sector ind\u00edgena y la detenci\u00f3n de Leonidas Iza, presidente de la Confederaci\u00f3n de Nacionalidades Ind\u00edgenas del Ecuador.<\/p>\n<p style=\"text-align: justify\">Fausto Salinas, comandante general de la Polic\u00eda Nacional se\u00f1al\u00f3 que la instituci\u00f3n ejecuta su labor amparada en lo que determina la Constituci\u00f3n, la ley y los instrumentos internacionales en materia de derechos humanos.<\/p>\n<p style=\"text-align: justify\">Habl\u00f3 de la capacitaci\u00f3n permanente que reciben los servidores policiales en cuanto al uso de la fuerza, porte de armas letales y no letales, as\u00ed como el plan de operaciones de seguridad y orden p\u00fablico.<\/p>\n<p style=\"text-align: justify\">Sobre la detenci\u00f3n de Leonidas Iza, se\u00f1al\u00f3 que se actu\u00f3 conforme lo determina el C\u00f3digo Org\u00e1nico Integral Penal, en la aprehensi\u00f3n por flagrancia.<\/p>\n<p style=\"text-align: justify\">Precis\u00f3 que la jueza Paola Bed\u00f3n declar\u00f3 la legalidad de la aprehensi\u00f3n y calific\u00f3 la flagrancia. Inform\u00f3 que el veh\u00edculo utilizado pertenece al Ministerio de Gobierno y est\u00e1 asignado a la Polic\u00eda Nacional.<\/p>\n<p style=\"text-align: justify\">Varias inquietudes fueron expuestas por parlamentarios con relaci\u00f3n a la autonom\u00eda universitaria y el ingreso de efectivos policiales a sus instalaciones; sanciones a polic\u00edas por represi\u00f3n desmedida a estudiantes del Colegio Mej\u00eda, una mujer en Santo Domingo y el caso Guayllabamba; n\u00famero de efectivos heridos; quienes son los actores sociales inmersos en procesos de desestabilizaci\u00f3n y terrorismo; n\u00famero de detenidos a nivel nacional, entre otros temas. Fausto Salinas, dijo que enviar\u00e1 por escrito las respuestas a las preguntas planteadas en virtud de tener que atender una situaci\u00f3n cr\u00edtica en la provincia de Pastaza.<\/p>\n<p style=\"text-align: justify\">Luis Lara, ministro de Defensa Nacional, enfatiz\u00f3 que las Fuerzas Armadas no ejecutaron ninguna operaci\u00f3n militar con relaci\u00f3n a la aprehensi\u00f3n de Leonidas Iza por no ser de su competencia.<\/p>\n<p style=\"text-align: justify\">Indic\u00f3 que el veh\u00edculo que se utiliz\u00f3 para esa detenci\u00f3n no pertenece al Ministerio de Defensa ni a las Fuerzas Armadas.<\/p>\n<p style=\"text-align: justify\">Record\u00f3 que las Fuerzas Armadas tienen un rol complementario de apoyo a la Polic\u00eda Nacional y se deriva del estado de excepci\u00f3n.<\/p>\n<p style=\"text-align: justify\">Dijo que las Fuerzas Armadas no permitir\u00e1n que se intente romper el orden constitucional o cualquier acci\u00f3n en contra de la democracia. Mencion\u00f3 que la instituci\u00f3n ante las manifestaciones realiz\u00f3 una planificaci\u00f3n con respeto a los derechos humanos.<\/p>\n<p style=\"text-align: justify\">Fausto Murillo, presidente del Consejo de la Judicatura, al dar respuesta respecto de las fechas de ingreso a la Funci\u00f3n Judicial, explic\u00f3 que la jueza Paola Bed\u00f3n fue posesionada el 26 de junio de 2015, en la Corte Provincial de Cotopaxi, que en el proceso de evaluaci\u00f3n tuvo una calificaci\u00f3n de 98\/100 y no tiene sanciones disciplinarias ni expedientes en marcha.<\/p>\n<p style=\"text-align: justify\">\n","protected":false},"excerpt":{"rendered":"<p>REDACCI\u00d3N NOTI AM\u00c9RICA (ECUADOR) La Comisi\u00f3n de Garant\u00edas Constitucionales avanza en el proceso de investigaci\u00f3n de la movilizaci\u00f3n realizada por el sector ind\u00edgena y la detenci\u00f3n de Leonidas Iza, presidente de la Confederaci\u00f3n de&#46;&#46;&#46;<\/p>\n","protected":false},"author":113,"featured_media":20679,"comment_status":"open","ping_status":"open","sticky":false,"template":"","format":"standard","meta":{"_acf_changed":false,"om_disable_all_campaigns":false,"rop_custom_images_group":[],"rop_custom_messages_group":[],"rop_publish_now":"initial","rop_publish_now_accounts":{"twitter_242054905_242054905":""},"rop_publish_now_history":[],"rop_publish_now_status":"pending","_uf_show_specific_survey":0,"_uf_disable_surveys":false,"footnotes":""},"categories":[1],"tags":[],"class_list":["post-20678","post","type-post","status-publish","format-standard","has-post-thumbnail","hentry","category-uncategorized"],"acf":[],"aioseo_notices":[],"yoast_head":"<!-- This site is optimized with the Yoast SEO Premium plugin v24.9 (Yoast SEO v27.2) - https:\/\/yoast.com\/product\/yoast-seo-premium-wordpress\/ -->\n<title>Garant\u00edas Constitucionales analiza situaci\u00f3n de la movilizaci\u00f3n ind\u00edgena - Ecuador | Noti-America.com<\/title>\n<meta name=\"robots\" content=\"index, follow, max-snippet:-1, max-image-preview:large, max-video-preview:-1\" \/>\n<link rel=\"canonical\" href=\"https:\/\/noti-america.com\/site\/ecuador\/2022\/06\/23\/garantias-constitucionales-analiza-situacion-de-la-movilizacion-indigena\/\" \/>\n<meta property=\"og:locale\" content=\"es_ES\" \/>\n<meta property=\"og:type\" content=\"article\" \/>\n<meta property=\"og:title\" content=\"Garant\u00edas Constitucionales analiza situaci\u00f3n de la movilizaci\u00f3n ind\u00edgena\" \/>\n<meta property=\"og:description\" content=\"REDACCI\u00d3N NOTI AM\u00c9RICA (ECUADOR) La Comisi\u00f3n de Garant\u00edas Constitucionales avanza en el proceso de investigaci\u00f3n de la movilizaci\u00f3n realizada por el sector ind\u00edgena y la detenci\u00f3n de Leonidas Iza, presidente de la Confederaci\u00f3n de&#046;&#046;&#046;\" \/>\n<meta property=\"og:url\" content=\"https:\/\/noti-america.com\/site\/ecuador\/2022\/06\/23\/garantias-constitucionales-analiza-situacion-de-la-movilizacion-indigena\/\" \/>\n<meta property=\"og:site_name\" content=\"Ecuador | Noti-America.com\" \/>\n<meta property=\"article:published_time\" content=\"2022-06-23T13:58:50+00:00\" \/>\n<meta property=\"og:image\" content=\"https:\/\/noti-america.com\/site\/ecuador\/wp-content\/uploads\/sites\/18\/2022\/06\/descarga-3.jpg\" \/>\n\t<meta property=\"og:image:width\" content=\"275\" \/>\n\t<meta property=\"og:image:height\" content=\"183\" \/>\n\t<meta property=\"og:image:type\" content=\"image\/jpeg\" \/>\n<meta name=\"author\" content=\"Henry Ortiz\" \/>\n<meta name=\"twitter:card\" content=\"summary_large_image\" \/>\n<meta name=\"twitter:creator\" content=\"@notiamerica\" \/>\n<meta name=\"twitter:site\" content=\"@notiamerica\" \/>\n<meta name=\"twitter:label1\" content=\"Escrito por\" \/>\n\t<meta name=\"twitter:data1\" content=\"Henry Ortiz\" \/>\n\t<meta name=\"twitter:label2\" content=\"Tiempo estimado de lectura\" \/>\n\t<meta name=\"twitter:data2\" content=\"3 minutos\" \/>\n<script type=\"application\/ld+json\" class=\"yoast-schema-graph\">{\"@context\":\"https:\/\/schema.org\",\"@graph\":[{\"@type\":\"Article\",\"@id\":\"https:\/\/noti-america.com\/site\/ecuador\/2022\/06\/23\/garantias-constitucionales-analiza-situacion-de-la-movilizacion-indigena\/#article\",\"isPartOf\":{\"@id\":\"https:\/\/noti-america.com\/site\/ecuador\/2022\/06\/23\/garantias-constitucionales-analiza-situacion-de-la-movilizacion-indigena\/\"},\"author\":{\"name\":\"Henry Ortiz\",\"@id\":\"https:\/\/noti-america.com\/site\/ecuador\/#\/schema\/person\/b9d1630cc6598af759d45c790a347283\"},\"headline\":\"Garant\u00edas Constitucionales analiza situaci\u00f3n de la movilizaci\u00f3n ind\u00edgena\",\"datePublished\":\"2022-06-23T13:58:50+00:00\",\"mainEntityOfPage\":{\"@id\":\"https:\/\/noti-america.com\/site\/ecuador\/2022\/06\/23\/garantias-constitucionales-analiza-situacion-de-la-movilizacion-indigena\/\"},\"wordCount\":501,\"commentCount\":0,\"publisher\":{\"@id\":\"https:\/\/noti-america.com\/site\/ecuador\/#organization\"},\"image\":{\"@id\":\"https:\/\/noti-america.com\/site\/ecuador\/2022\/06\/23\/garantias-constitucionales-analiza-situacion-de-la-movilizacion-indigena\/#primaryimage\"},\"thumbnailUrl\":\"https:\/\/noti-america.com\/site\/ecuador\/wp-content\/uploads\/sites\/18\/2022\/06\/descarga-3.jpg\",\"articleSection\":[\"Uncategorized\"],\"inLanguage\":\"es\",\"potentialAction\":[{\"@type\":\"CommentAction\",\"name\":\"Comment\",\"target\":[\"https:\/\/noti-america.com\/site\/ecuador\/2022\/06\/23\/garantias-constitucionales-analiza-situacion-de-la-movilizacion-indigena\/#respond\"]}]},{\"@type\":\"WebPage\",\"@id\":\"https:\/\/noti-america.com\/site\/ecuador\/2022\/06\/23\/garantias-constitucionales-analiza-situacion-de-la-movilizacion-indigena\/\",\"url\":\"https:\/\/noti-america.com\/site\/ecuador\/2022\/06\/23\/garantias-constitucionales-analiza-situacion-de-la-movilizacion-indigena\/\",\"name\":\"Garant\u00edas Constitucionales analiza situaci\u00f3n de la movilizaci\u00f3n ind\u00edgena - Ecuador | Noti-America.com\",\"isPartOf\":{\"@id\":\"https:\/\/noti-america.com\/site\/ecuador\/#website\"},\"primaryImageOfPage\":{\"@id\":\"https:\/\/noti-america.com\/site\/ecuador\/2022\/06\/23\/garantias-constitucionales-analiza-situacion-de-la-movilizacion-indigena\/#primaryimage\"},\"image\":{\"@id\":\"https:\/\/noti-america.com\/site\/ecuador\/2022\/06\/23\/garantias-constitucionales-analiza-situacion-de-la-movilizacion-indigena\/#primaryimage\"},\"thumbnailUrl\":\"https:\/\/noti-america.com\/site\/ecuador\/wp-content\/uploads\/sites\/18\/2022\/06\/descarga-3.jpg\",\"datePublished\":\"2022-06-23T13:58:50+00:00\",\"breadcrumb\":{\"@id\":\"https:\/\/noti-america.com\/site\/ecuador\/2022\/06\/23\/garantias-constitucionales-analiza-situacion-de-la-movilizacion-indigena\/#breadcrumb\"},\"inLanguage\":\"es\",\"potentialAction\":[{\"@type\":\"ReadAction\",\"target\":[\"https:\/\/noti-america.com\/site\/ecuador\/2022\/06\/23\/garantias-constitucionales-analiza-situacion-de-la-movilizacion-indigena\/\"]}]},{\"@type\":\"ImageObject\",\"inLanguage\":\"es\",\"@id\":\"https:\/\/noti-america.com\/site\/ecuador\/2022\/06\/23\/garantias-constitucionales-analiza-situacion-de-la-movilizacion-indigena\/#primaryimage\",\"url\":\"https:\/\/noti-america.com\/site\/ecuador\/wp-content\/uploads\/sites\/18\/2022\/06\/descarga-3.jpg\",\"contentUrl\":\"https:\/\/noti-america.com\/site\/ecuador\/wp-content\/uploads\/sites\/18\/2022\/06\/descarga-3.jpg\",\"width\":275,\"height\":183},{\"@type\":\"BreadcrumbList\",\"@id\":\"https:\/\/noti-america.com\/site\/ecuador\/2022\/06\/23\/garantias-constitucionales-analiza-situacion-de-la-movilizacion-indigena\/#breadcrumb\",\"itemListElement\":[{\"@type\":\"ListItem\",\"position\":1,\"name\":\"Portada\",\"item\":\"https:\/\/noti-america.com\/site\/ecuador\/\"},{\"@type\":\"ListItem\",\"position\":2,\"name\":\"Garant\u00edas Constitucionales analiza situaci\u00f3n de la movilizaci\u00f3n ind\u00edgena\"}]},{\"@type\":\"WebSite\",\"@id\":\"https:\/\/noti-america.com\/site\/ecuador\/#website\",\"url\":\"https:\/\/noti-america.com\/site\/ecuador\/\",\"name\":\"Ecuador | Noti-America.com\",\"description\":\"\",\"publisher\":{\"@id\":\"https:\/\/noti-america.com\/site\/ecuador\/#organization\"},\"potentialAction\":[{\"@type\":\"SearchAction\",\"target\":{\"@type\":\"EntryPoint\",\"urlTemplate\":\"https:\/\/noti-america.com\/site\/ecuador\/?s={search_term_string}\"},\"query-input\":{\"@type\":\"PropertyValueSpecification\",\"valueRequired\":true,\"valueName\":\"search_term_string\"}}],\"inLanguage\":\"es\"},{\"@type\":\"Organization\",\"@id\":\"https:\/\/noti-america.com\/site\/ecuador\/#organization\",\"name\":\"Noti-America LLC | Ecuador\",\"url\":\"https:\/\/noti-america.com\/site\/ecuador\/\",\"logo\":{\"@type\":\"ImageObject\",\"inLanguage\":\"es\",\"@id\":\"https:\/\/noti-america.com\/site\/ecuador\/#\/schema\/logo\/image\/\",\"url\":\"https:\/\/noti-america.com\/site\/ecuador\/wp-content\/uploads\/sites\/18\/2020\/07\/LogoNA-4x3-1.jpg\",\"contentUrl\":\"https:\/\/noti-america.com\/site\/ecuador\/wp-content\/uploads\/sites\/18\/2020\/07\/LogoNA-4x3-1.jpg\",\"width\":1236,\"height\":1080,\"caption\":\"Noti-America LLC | Ecuador\"},\"image\":{\"@id\":\"https:\/\/noti-america.com\/site\/ecuador\/#\/schema\/logo\/image\/\"},\"sameAs\":[\"https:\/\/x.com\/notiamerica\"]},{\"@type\":\"Person\",\"@id\":\"https:\/\/noti-america.com\/site\/ecuador\/#\/schema\/person\/b9d1630cc6598af759d45c790a347283\",\"name\":\"Henry Ortiz\",\"image\":{\"@type\":\"ImageObject\",\"inLanguage\":\"es\",\"@id\":\"https:\/\/secure.gravatar.com\/avatar\/0b5407b5b302fbb6a578e625dca512ac2983ee5fa9ea941d581b83c40212e4c8?s=96&d=mm&r=g\",\"url\":\"https:\/\/secure.gravatar.com\/avatar\/0b5407b5b302fbb6a578e625dca512ac2983ee5fa9ea941d581b83c40212e4c8?s=96&d=mm&r=g\",\"contentUrl\":\"https:\/\/secure.gravatar.com\/avatar\/0b5407b5b302fbb6a578e625dca512ac2983ee5fa9ea941d581b83c40212e4c8?s=96&d=mm&r=g\",\"caption\":\"Henry Ortiz\"},\"url\":\"https:\/\/noti-america.com\/site\/ecuador\/author\/hortiz\/\"}]}<\/script>\n<!-- \/ Yoast SEO Premium plugin. -->","yoast_head_json":{"title":"Garant\u00edas Constitucionales analiza situaci\u00f3n de la movilizaci\u00f3n ind\u00edgena - Ecuador | Noti-America.com","robots":{"index":"index","follow":"follow","max-snippet":"max-snippet:-1","max-image-preview":"max-image-preview:large","max-video-preview":"max-video-preview:-1"},"canonical":"https:\/\/noti-america.com\/site\/ecuador\/2022\/06\/23\/garantias-constitucionales-analiza-situacion-de-la-movilizacion-indigena\/","og_locale":"es_ES","og_type":"article","og_title":"Garant\u00edas Constitucionales analiza situaci\u00f3n de la movilizaci\u00f3n ind\u00edgena","og_description":"REDACCI\u00d3N NOTI AM\u00c9RICA (ECUADOR) La Comisi\u00f3n de Garant\u00edas Constitucionales avanza en el proceso de investigaci\u00f3n de la movilizaci\u00f3n realizada por el sector ind\u00edgena y la detenci\u00f3n de Leonidas Iza, presidente de la Confederaci\u00f3n de&#46;&#46;&#46;","og_url":"https:\/\/noti-america.com\/site\/ecuador\/2022\/06\/23\/garantias-constitucionales-analiza-situacion-de-la-movilizacion-indigena\/","og_site_name":"Ecuador | Noti-America.com","article_published_time":"2022-06-23T13:58:50+00:00","og_image":[{"width":275,"height":183,"url":"https:\/\/noti-america.com\/site\/ecuador\/wp-content\/uploads\/sites\/18\/2022\/06\/descarga-3.jpg","type":"image\/jpeg"}],"author":"Henry Ortiz","twitter_card":"summary_large_image","twitter_creator":"@notiamerica","twitter_site":"@notiamerica","twitter_misc":{"Escrito por":"Henry Ortiz","Tiempo estimado de lectura":"3 minutos"},"schema":{"@context":"https:\/\/schema.org","@graph":[{"@type":"Article","@id":"https:\/\/noti-america.com\/site\/ecuador\/2022\/06\/23\/garantias-constitucionales-analiza-situacion-de-la-movilizacion-indigena\/#article","isPartOf":{"@id":"https:\/\/noti-america.com\/site\/ecuador\/2022\/06\/23\/garantias-constitucionales-analiza-situacion-de-la-movilizacion-indigena\/"},"author":{"name":"Henry Ortiz","@id":"https:\/\/noti-america.com\/site\/ecuador\/#\/schema\/person\/b9d1630cc6598af759d45c790a347283"},"headline":"Garant\u00edas Constitucionales analiza situaci\u00f3n de la movilizaci\u00f3n ind\u00edgena","datePublished":"2022-06-23T13:58:50+00:00","mainEntityOfPage":{"@id":"https:\/\/noti-america.com\/site\/ecuador\/2022\/06\/23\/garantias-constitucionales-analiza-situacion-de-la-movilizacion-indigena\/"},"wordCount":501,"commentCount":0,"publisher":{"@id":"https:\/\/noti-america.com\/site\/ecuador\/#organization"},"image":{"@id":"https:\/\/noti-america.com\/site\/ecuador\/2022\/06\/23\/garantias-constitucionales-analiza-situacion-de-la-movilizacion-indigena\/#primaryimage"},"thumbnailUrl":"https:\/\/noti-america.com\/site\/ecuador\/wp-content\/uploads\/sites\/18\/2022\/06\/descarga-3.jpg","articleSection":["Uncategorized"],"inLanguage":"es","potentialAction":[{"@type":"CommentAction","name":"Comment","target":["https:\/\/noti-america.com\/site\/ecuador\/2022\/06\/23\/garantias-constitucionales-analiza-situacion-de-la-movilizacion-indigena\/#respond"]}]},{"@type":"WebPage","@id":"https:\/\/noti-america.com\/site\/ecuador\/2022\/06\/23\/garantias-constitucionales-analiza-situacion-de-la-movilizacion-indigena\/","url":"https:\/\/noti-america.com\/site\/ecuador\/2022\/06\/23\/garantias-constitucionales-analiza-situacion-de-la-movilizacion-indigena\/","name":"Garant\u00edas Constitucionales analiza situaci\u00f3n de la movilizaci\u00f3n ind\u00edgena - Ecuador | Noti-America.com","isPartOf":{"@id":"https:\/\/noti-america.com\/site\/ecuador\/#website"},"primaryImageOfPage":{"@id":"https:\/\/noti-america.com\/site\/ecuador\/2022\/06\/23\/garantias-constitucionales-analiza-situacion-de-la-movilizacion-indigena\/#primaryimage"},"image":{"@id":"https:\/\/noti-america.com\/site\/ecuador\/2022\/06\/23\/garantias-constitucionales-analiza-situacion-de-la-movilizacion-indigena\/#primaryimage"},"thumbnailUrl":"https:\/\/noti-america.com\/site\/ecuador\/wp-content\/uploads\/sites\/18\/2022\/06\/descarga-3.jpg","datePublished":"2022-06-23T13:58:50+00:00","breadcrumb":{"@id":"https:\/\/noti-america.com\/site\/ecuador\/2022\/06\/23\/garantias-constitucionales-analiza-situacion-de-la-movilizacion-indigena\/#breadcrumb"},"inLanguage":"es","potentialAction":[{"@type":"ReadAction","target":["https:\/\/noti-america.com\/site\/ecuador\/2022\/06\/23\/garantias-constitucionales-analiza-situacion-de-la-movilizacion-indigena\/"]}]},{"@type":"ImageObject","inLanguage":"es","@id":"https:\/\/noti-america.com\/site\/ecuador\/2022\/06\/23\/garantias-constitucionales-analiza-situacion-de-la-movilizacion-indigena\/#primaryimage","url":"https:\/\/noti-america.com\/site\/ecuador\/wp-content\/uploads\/sites\/18\/2022\/06\/descarga-3.jpg","contentUrl":"https:\/\/noti-america.com\/site\/ecuador\/wp-content\/uploads\/sites\/18\/2022\/06\/descarga-3.jpg","width":275,"height":183},{"@type":"BreadcrumbList","@id":"https:\/\/noti-america.com\/site\/ecuador\/2022\/06\/23\/garantias-constitucionales-analiza-situacion-de-la-movilizacion-indigena\/#breadcrumb","itemListElement":[{"@type":"ListItem","position":1,"name":"Portada","item":"https:\/\/noti-america.com\/site\/ecuador\/"},{"@type":"ListItem","position":2,"name":"Garant\u00edas Constitucionales analiza situaci\u00f3n de la movilizaci\u00f3n ind\u00edgena"}]},{"@type":"WebSite","@id":"https:\/\/noti-america.com\/site\/ecuador\/#website","url":"https:\/\/noti-america.com\/site\/ecuador\/","name":"Ecuador | Noti-America.com","description":"","publisher":{"@id":"https:\/\/noti-america.com\/site\/ecuador\/#organization"},"potentialAction":[{"@type":"SearchAction","target":{"@type":"EntryPoint","urlTemplate":"https:\/\/noti-america.com\/site\/ecuador\/?s={search_term_string}"},"query-input":{"@type":"PropertyValueSpecification","valueRequired":true,"valueName":"search_term_string"}}],"inLanguage":"es"},{"@type":"Organization","@id":"https:\/\/noti-america.com\/site\/ecuador\/#organization","name":"Noti-America LLC | Ecuador","url":"https:\/\/noti-america.com\/site\/ecuador\/","logo":{"@type":"ImageObject","inLanguage":"es","@id":"https:\/\/noti-america.com\/site\/ecuador\/#\/schema\/logo\/image\/","url":"https:\/\/noti-america.com\/site\/ecuador\/wp-content\/uploads\/sites\/18\/2020\/07\/LogoNA-4x3-1.jpg","contentUrl":"https:\/\/noti-america.com\/site\/ecuador\/wp-content\/uploads\/sites\/18\/2020\/07\/LogoNA-4x3-1.jpg","width":1236,"height":1080,"caption":"Noti-America LLC | Ecuador"},"image":{"@id":"https:\/\/noti-america.com\/site\/ecuador\/#\/schema\/logo\/image\/"},"sameAs":["https:\/\/x.com\/notiamerica"]},{"@type":"Person","@id":"https:\/\/noti-america.com\/site\/ecuador\/#\/schema\/person\/b9d1630cc6598af759d45c790a347283","name":"Henry Ortiz","image":{"@type":"ImageObject","inLanguage":"es","@id":"https:\/\/secure.gravatar.com\/avatar\/0b5407b5b302fbb6a578e625dca512ac2983ee5fa9ea941d581b83c40212e4c8?s=96&d=mm&r=g","url":"https:\/\/secure.gravatar.com\/avatar\/0b5407b5b302fbb6a578e625dca512ac2983ee5fa9ea941d581b83c40212e4c8?s=96&d=mm&r=g","contentUrl":"https:\/\/secure.gravatar.com\/avatar\/0b5407b5b302fbb6a578e625dca512ac2983ee5fa9ea941d581b83c40212e4c8?s=96&d=mm&r=g","caption":"Henry Ortiz"},"url":"https:\/\/noti-america.com\/site\/ecuador\/author\/hortiz\/"}]}},"_links":{"self":[{"href":"https:\/\/noti-america.com\/site\/ecuador\/wp-json\/wp\/v2\/posts\/20678","targetHints":{"allow":["GET"]}}],"collection":[{"href":"https:\/\/noti-america.com\/site\/ecuador\/wp-json\/wp\/v2\/posts"}],"about":[{"href":"https:\/\/noti-america.com\/site\/ecuador\/wp-json\/wp\/v2\/types\/post"}],"author":[{"embeddable":true,"href":"https:\/\/noti-america.com\/site\/ecuador\/wp-json\/wp\/v2\/users\/113"}],"replies":[{"embeddable":true,"href":"https:\/\/noti-america.com\/site\/ecuador\/wp-json\/wp\/v2\/comments?post=20678"}],"version-history":[{"count":1,"href":"https:\/\/noti-america.com\/site\/ecuador\/wp-json\/wp\/v2\/posts\/20678\/revisions"}],"predecessor-version":[{"id":20680,"href":"https:\/\/noti-america.com\/site\/ecuador\/wp-json\/wp\/v2\/posts\/20678\/revisions\/20680"}],"wp:featuredmedia":[{"embeddable":true,"href":"https:\/\/noti-america.com\/site\/ecuador\/wp-json\/wp\/v2\/media\/20679"}],"wp:attachment":[{"href":"https:\/\/noti-america.com\/site\/ecuador\/wp-json\/wp\/v2\/media?parent=20678"}],"wp:term":[{"taxonomy":"category","embeddable":true,"href":"https:\/\/noti-america.com\/site\/ecuador\/wp-json\/wp\/v2\/categories?post=20678"},{"taxonomy":"post_tag","embeddable":true,"href":"https:\/\/noti-america.com\/site\/ecuador\/wp-json\/wp\/v2\/tags?post=20678"}],"curies":[{"name":"wp","href":"https:\/\/api.w.org\/{rel}","templated":true}]}}