{"id":2016,"date":"2018-09-25T18:43:10","date_gmt":"2018-09-25T18:43:10","guid":{"rendered":"http:\/\/noti-america.com\/site\/ecuador\/?p=2016"},"modified":"2018-09-25T18:43:10","modified_gmt":"2018-09-25T18:43:10","slug":"transportistas-intraprovinciales-de-guayas-y-atm-arman-agenda-para-revision-vehicular","status":"publish","type":"post","link":"https:\/\/noti-america.com\/site\/ecuador\/2018\/09\/25\/transportistas-intraprovinciales-de-guayas-y-atm-arman-agenda-para-revision-vehicular\/","title":{"rendered":"TRANSPORTISTAS INTRAPROVINCIALES DE GUAYAS Y ATM ARMAN AGENDA PARA REVISI\u00d3N VEHICULAR"},"content":{"rendered":"<p>REDACCI\u00d3N NOTI-AM\u00c9RICA (ECUADOR) LCDA. VANESSA CRUZ GARC\u00cdA<\/p>\n<p>Andr\u00e9s Roche, gerente de la ATM, y el presidente de la Uni\u00f3n de Trasportistas Intraprovinciales del Guayas, Miguel Achundia, dialogaron para desarrollar una agenda que permita que las 1.300 unidades que forman el gremio, realicen la Revisi\u00f3n T\u00e9cnica Vehicular. De ese total de unidades m\u00e1s de 700 son las que ingresan a la Terminal Terrestre de Guayaquil donde la ATM inici\u00f3 la semana anterior operativos para constatar la RTV de las unidades de la transportaci\u00f3n intra e interprovincial.<\/p>\n<p>\u201cLa prioridad de la transportaci\u00f3n debe ser un servicio con seguridad y nosotros como autoridad vigilar que esto se cumpla, expres\u00f3 Andr\u00e9s Roche al inicio del di\u00e1logo con m\u00e1s de una treintena de representantes de las diferentes operadoras del transporte intraprovincial y con su principal Miguel Anchundia.<\/p>\n<p>Record\u00f3 que en el operativo que se realiz\u00f3 la semana anterior, a la salida de la Terminal Terrestre de Guayaquil, 18 buses interprovinciales que no contaban con la RTV fueron llevados a la revisi\u00f3n t\u00e9cnica de la v\u00eda a Daule, \u201ctan s\u00f3lo uno aprob\u00f3\u201d, reiter\u00f3 Roche.<\/p>\n<p>Los asociados en asamblea cumplida en d\u00edas anteriores hab\u00eda resuelto realizar la RTV y \u201choy que ha tomado la iniciativa la ATM que todos los buses de transporte p\u00fablico que lleguen a la Terminal Terrestre deben tener la RTV, nosotros la hemos acogido de la mejor manera. Como Guayas hemos resuelto hacerlo, a\u00fan cuando en muchos cantones no haya RTV. Adem\u00e1s, estamos haciendo de nexo para que otras provincias como Manab\u00ed, Santa Elena, Los R\u00edos, y cada una de las provincias que lo est\u00e1n solicitando. En Santa Elena Liverpesa realiz\u00f3 la revisi\u00f3n t\u00e9cnica, totalmente, de su flota\u201d, As\u00ed lo mencion\u00f3\u00a0Miguel Anchundia.<\/p>\n<p>Roche, expres\u00f3 que desde la ATM qued\u00f3 abierta la invitaci\u00f3n para que todo bus que quiera que su veh\u00edculo est\u00e9 en \u00edntegras condiciones haga la RTV, \u201cno interesa que lo hagan en Guayaquil, sino que lo hagan, en cualquiera de las ciudades que tienen la RTV, en el Pa\u00eds\u201d.<\/p>\n<p>Adem\u00e1s anunci\u00f3 que ha hablado con Abel G\u00f3mez de la FENACOTIP y se\u00f1al\u00f3 que existe igual preocupaci\u00f3n de realizar la RTV, \u201cvaloremos siempre la norma de seguridad, la prioridad de nuestras dos funciones, ustedes como parte de la transportaci\u00f3n p\u00fablica, es vigilar para que se cumpla la seguridad y la nuestra, es vigilar que ustedes en esa actividad regularda de orden p\u00fablico se cumpla la seguridad a favor de los ciudadanos a quienes estamos obligados a servir\u201d,<\/p>\n","protected":false},"excerpt":{"rendered":"<p>REDACCI\u00d3N NOTI-AM\u00c9RICA (ECUADOR) LCDA. VANESSA CRUZ GARC\u00cdA Andr\u00e9s Roche, gerente de la ATM, y el presidente de la Uni\u00f3n de Trasportistas Intraprovinciales del Guayas, Miguel Achundia, dialogaron para desarrollar una agenda que permita que&#46;&#46;&#46;<\/p>\n","protected":false},"author":17,"featured_media":2017,"comment_status":"open","ping_status":"open","sticky":false,"template":"","format":"standard","meta":{"_acf_changed":false,"om_disable_all_campaigns":false,"rop_custom_images_group":[],"rop_custom_messages_group":[],"rop_publish_now":"initial","rop_publish_now_accounts":{"twitter_242054905_242054905":""},"rop_publish_now_history":[],"rop_publish_now_status":"pending","_uf_show_specific_survey":0,"_uf_disable_surveys":false,"footnotes":""},"categories":[42],"tags":[],"class_list":["post-2016","post","type-post","status-publish","format-standard","has-post-thumbnail","hentry","category-noticias"],"acf":[],"aioseo_notices":[],"yoast_head":"<!-- This site is optimized with the Yoast SEO Premium plugin v24.9 (Yoast SEO v27.2) - https:\/\/yoast.com\/product\/yoast-seo-premium-wordpress\/ -->\n<title>TRANSPORTISTAS INTRAPROVINCIALES DE GUAYAS Y ATM ARMAN AGENDA PARA REVISI\u00d3N VEHICULAR - Ecuador | Noti-America.com<\/title>\n<meta name=\"robots\" content=\"index, follow, max-snippet:-1, max-image-preview:large, max-video-preview:-1\" \/>\n<link rel=\"canonical\" href=\"https:\/\/noti-america.com\/site\/ecuador\/2018\/09\/25\/transportistas-intraprovinciales-de-guayas-y-atm-arman-agenda-para-revision-vehicular\/\" \/>\n<meta property=\"og:locale\" content=\"es_ES\" \/>\n<meta property=\"og:type\" content=\"article\" \/>\n<meta property=\"og:title\" content=\"TRANSPORTISTAS INTRAPROVINCIALES DE GUAYAS Y ATM ARMAN AGENDA PARA REVISI\u00d3N VEHICULAR\" \/>\n<meta property=\"og:description\" content=\"REDACCI\u00d3N NOTI-AM\u00c9RICA (ECUADOR) LCDA. VANESSA CRUZ GARC\u00cdA Andr\u00e9s Roche, gerente de la ATM, y el presidente de la Uni\u00f3n de Trasportistas Intraprovinciales del Guayas, Miguel Achundia, dialogaron para desarrollar una agenda que permita que&#046;&#046;&#046;\" \/>\n<meta property=\"og:url\" content=\"https:\/\/noti-america.com\/site\/ecuador\/2018\/09\/25\/transportistas-intraprovinciales-de-guayas-y-atm-arman-agenda-para-revision-vehicular\/\" \/>\n<meta property=\"og:site_name\" content=\"Ecuador | Noti-America.com\" \/>\n<meta property=\"article:published_time\" content=\"2018-09-25T18:43:10+00:00\" \/>\n<meta property=\"og:image\" content=\"https:\/\/noti-america.com\/site\/ecuador\/wp-content\/uploads\/sites\/18\/2018\/09\/f0c6de90-2e9b-4108-b559-8ef7e135b658.jpg\" \/>\n\t<meta property=\"og:image:width\" content=\"1280\" \/>\n\t<meta property=\"og:image:height\" content=\"960\" \/>\n\t<meta property=\"og:image:type\" content=\"image\/jpeg\" \/>\n<meta name=\"author\" content=\"Gregory Quintana Montiel\" \/>\n<meta name=\"twitter:card\" content=\"summary_large_image\" \/>\n<meta name=\"twitter:creator\" content=\"@gdgregori1\" \/>\n<meta name=\"twitter:site\" content=\"@notiamerica\" \/>\n<meta name=\"twitter:label1\" content=\"Escrito por\" \/>\n\t<meta name=\"twitter:data1\" content=\"Gregory Quintana Montiel\" \/>\n\t<meta name=\"twitter:label2\" content=\"Tiempo estimado de lectura\" \/>\n\t<meta name=\"twitter:data2\" content=\"2 minutos\" \/>\n<script type=\"application\/ld+json\" class=\"yoast-schema-graph\">{\"@context\":\"https:\/\/schema.org\",\"@graph\":[{\"@type\":\"Article\",\"@id\":\"https:\/\/noti-america.com\/site\/ecuador\/2018\/09\/25\/transportistas-intraprovinciales-de-guayas-y-atm-arman-agenda-para-revision-vehicular\/#article\",\"isPartOf\":{\"@id\":\"https:\/\/noti-america.com\/site\/ecuador\/2018\/09\/25\/transportistas-intraprovinciales-de-guayas-y-atm-arman-agenda-para-revision-vehicular\/\"},\"author\":{\"name\":\"Gregory Quintana Montiel\",\"@id\":\"https:\/\/noti-america.com\/site\/ecuador\/#\/schema\/person\/3b975e42f15abfe64bfe3abdd916efda\"},\"headline\":\"TRANSPORTISTAS INTRAPROVINCIALES DE GUAYAS Y ATM ARMAN AGENDA PARA REVISI\u00d3N VEHICULAR\",\"datePublished\":\"2018-09-25T18:43:10+00:00\",\"mainEntityOfPage\":{\"@id\":\"https:\/\/noti-america.com\/site\/ecuador\/2018\/09\/25\/transportistas-intraprovinciales-de-guayas-y-atm-arman-agenda-para-revision-vehicular\/\"},\"wordCount\":451,\"commentCount\":0,\"publisher\":{\"@id\":\"https:\/\/noti-america.com\/site\/ecuador\/#organization\"},\"image\":{\"@id\":\"https:\/\/noti-america.com\/site\/ecuador\/2018\/09\/25\/transportistas-intraprovinciales-de-guayas-y-atm-arman-agenda-para-revision-vehicular\/#primaryimage\"},\"thumbnailUrl\":\"https:\/\/noti-america.com\/site\/ecuador\/wp-content\/uploads\/sites\/18\/2018\/09\/f0c6de90-2e9b-4108-b559-8ef7e135b658.jpg\",\"articleSection\":[\"Noticias\"],\"inLanguage\":\"es\",\"potentialAction\":[{\"@type\":\"CommentAction\",\"name\":\"Comment\",\"target\":[\"https:\/\/noti-america.com\/site\/ecuador\/2018\/09\/25\/transportistas-intraprovinciales-de-guayas-y-atm-arman-agenda-para-revision-vehicular\/#respond\"]}]},{\"@type\":\"WebPage\",\"@id\":\"https:\/\/noti-america.com\/site\/ecuador\/2018\/09\/25\/transportistas-intraprovinciales-de-guayas-y-atm-arman-agenda-para-revision-vehicular\/\",\"url\":\"https:\/\/noti-america.com\/site\/ecuador\/2018\/09\/25\/transportistas-intraprovinciales-de-guayas-y-atm-arman-agenda-para-revision-vehicular\/\",\"name\":\"TRANSPORTISTAS INTRAPROVINCIALES DE GUAYAS Y ATM ARMAN AGENDA PARA REVISI\u00d3N VEHICULAR - Ecuador | Noti-America.com\",\"isPartOf\":{\"@id\":\"https:\/\/noti-america.com\/site\/ecuador\/#website\"},\"primaryImageOfPage\":{\"@id\":\"https:\/\/noti-america.com\/site\/ecuador\/2018\/09\/25\/transportistas-intraprovinciales-de-guayas-y-atm-arman-agenda-para-revision-vehicular\/#primaryimage\"},\"image\":{\"@id\":\"https:\/\/noti-america.com\/site\/ecuador\/2018\/09\/25\/transportistas-intraprovinciales-de-guayas-y-atm-arman-agenda-para-revision-vehicular\/#primaryimage\"},\"thumbnailUrl\":\"https:\/\/noti-america.com\/site\/ecuador\/wp-content\/uploads\/sites\/18\/2018\/09\/f0c6de90-2e9b-4108-b559-8ef7e135b658.jpg\",\"datePublished\":\"2018-09-25T18:43:10+00:00\",\"breadcrumb\":{\"@id\":\"https:\/\/noti-america.com\/site\/ecuador\/2018\/09\/25\/transportistas-intraprovinciales-de-guayas-y-atm-arman-agenda-para-revision-vehicular\/#breadcrumb\"},\"inLanguage\":\"es\",\"potentialAction\":[{\"@type\":\"ReadAction\",\"target\":[\"https:\/\/noti-america.com\/site\/ecuador\/2018\/09\/25\/transportistas-intraprovinciales-de-guayas-y-atm-arman-agenda-para-revision-vehicular\/\"]}]},{\"@type\":\"ImageObject\",\"inLanguage\":\"es\",\"@id\":\"https:\/\/noti-america.com\/site\/ecuador\/2018\/09\/25\/transportistas-intraprovinciales-de-guayas-y-atm-arman-agenda-para-revision-vehicular\/#primaryimage\",\"url\":\"https:\/\/noti-america.com\/site\/ecuador\/wp-content\/uploads\/sites\/18\/2018\/09\/f0c6de90-2e9b-4108-b559-8ef7e135b658.jpg\",\"contentUrl\":\"https:\/\/noti-america.com\/site\/ecuador\/wp-content\/uploads\/sites\/18\/2018\/09\/f0c6de90-2e9b-4108-b559-8ef7e135b658.jpg\",\"width\":1280,\"height\":960},{\"@type\":\"BreadcrumbList\",\"@id\":\"https:\/\/noti-america.com\/site\/ecuador\/2018\/09\/25\/transportistas-intraprovinciales-de-guayas-y-atm-arman-agenda-para-revision-vehicular\/#breadcrumb\",\"itemListElement\":[{\"@type\":\"ListItem\",\"position\":1,\"name\":\"Portada\",\"item\":\"https:\/\/noti-america.com\/site\/ecuador\/\"},{\"@type\":\"ListItem\",\"position\":2,\"name\":\"TRANSPORTISTAS INTRAPROVINCIALES DE GUAYAS Y ATM ARMAN AGENDA PARA REVISI\u00d3N VEHICULAR\"}]},{\"@type\":\"WebSite\",\"@id\":\"https:\/\/noti-america.com\/site\/ecuador\/#website\",\"url\":\"https:\/\/noti-america.com\/site\/ecuador\/\",\"name\":\"Ecuador | Noti-America.com\",\"description\":\"\",\"publisher\":{\"@id\":\"https:\/\/noti-america.com\/site\/ecuador\/#organization\"},\"potentialAction\":[{\"@type\":\"SearchAction\",\"target\":{\"@type\":\"EntryPoint\",\"urlTemplate\":\"https:\/\/noti-america.com\/site\/ecuador\/?s={search_term_string}\"},\"query-input\":{\"@type\":\"PropertyValueSpecification\",\"valueRequired\":true,\"valueName\":\"search_term_string\"}}],\"inLanguage\":\"es\"},{\"@type\":\"Organization\",\"@id\":\"https:\/\/noti-america.com\/site\/ecuador\/#organization\",\"name\":\"Noti-America LLC | Ecuador\",\"url\":\"https:\/\/noti-america.com\/site\/ecuador\/\",\"logo\":{\"@type\":\"ImageObject\",\"inLanguage\":\"es\",\"@id\":\"https:\/\/noti-america.com\/site\/ecuador\/#\/schema\/logo\/image\/\",\"url\":\"https:\/\/noti-america.com\/site\/ecuador\/wp-content\/uploads\/sites\/18\/2020\/07\/LogoNA-4x3-1.jpg\",\"contentUrl\":\"https:\/\/noti-america.com\/site\/ecuador\/wp-content\/uploads\/sites\/18\/2020\/07\/LogoNA-4x3-1.jpg\",\"width\":1236,\"height\":1080,\"caption\":\"Noti-America LLC | Ecuador\"},\"image\":{\"@id\":\"https:\/\/noti-america.com\/site\/ecuador\/#\/schema\/logo\/image\/\"},\"sameAs\":[\"https:\/\/x.com\/notiamerica\"]},{\"@type\":\"Person\",\"@id\":\"https:\/\/noti-america.com\/site\/ecuador\/#\/schema\/person\/3b975e42f15abfe64bfe3abdd916efda\",\"name\":\"Gregory Quintana Montiel\",\"image\":{\"@type\":\"ImageObject\",\"inLanguage\":\"es\",\"@id\":\"https:\/\/secure.gravatar.com\/avatar\/2d6b802f7720c2ec7744dcbe608cc2f3417aeb964d58b443c6d612b77531de1d?s=96&d=mm&r=g\",\"url\":\"https:\/\/secure.gravatar.com\/avatar\/2d6b802f7720c2ec7744dcbe608cc2f3417aeb964d58b443c6d612b77531de1d?s=96&d=mm&r=g\",\"contentUrl\":\"https:\/\/secure.gravatar.com\/avatar\/2d6b802f7720c2ec7744dcbe608cc2f3417aeb964d58b443c6d612b77531de1d?s=96&d=mm&r=g\",\"caption\":\"Gregory Quintana Montiel\"},\"description\":\"Licenciatura en Ciencias de la Comunicaci\u00f3n Social, egresado en la Especializaci\u00f3n Derecho Ambiental Desarrollo Sostenible y Sustentable, Miembro de la Comunidad de profesionales y experto para Latinoam\u00e9rica y el Caribe en Gesti\u00f3n por Resultado en el Desarrollo (COPLAC - GpRD) del Banco Interamericano de Desarrollo, experiencia en medios radiales y escritos.\",\"sameAs\":[\"https:\/\/x.com\/gdgregori1\",\"gquintana\"],\"url\":\"https:\/\/noti-america.com\/site\/ecuador\/author\/gquintana\/\"}]}<\/script>\n<!-- \/ Yoast SEO Premium plugin. -->","yoast_head_json":{"title":"TRANSPORTISTAS INTRAPROVINCIALES DE GUAYAS Y ATM ARMAN AGENDA PARA REVISI\u00d3N VEHICULAR - Ecuador | Noti-America.com","robots":{"index":"index","follow":"follow","max-snippet":"max-snippet:-1","max-image-preview":"max-image-preview:large","max-video-preview":"max-video-preview:-1"},"canonical":"https:\/\/noti-america.com\/site\/ecuador\/2018\/09\/25\/transportistas-intraprovinciales-de-guayas-y-atm-arman-agenda-para-revision-vehicular\/","og_locale":"es_ES","og_type":"article","og_title":"TRANSPORTISTAS INTRAPROVINCIALES DE GUAYAS Y ATM ARMAN AGENDA PARA REVISI\u00d3N VEHICULAR","og_description":"REDACCI\u00d3N NOTI-AM\u00c9RICA (ECUADOR) LCDA. VANESSA CRUZ GARC\u00cdA Andr\u00e9s Roche, gerente de la ATM, y el presidente de la Uni\u00f3n de Trasportistas Intraprovinciales del Guayas, Miguel Achundia, dialogaron para desarrollar una agenda que permita que&#46;&#46;&#46;","og_url":"https:\/\/noti-america.com\/site\/ecuador\/2018\/09\/25\/transportistas-intraprovinciales-de-guayas-y-atm-arman-agenda-para-revision-vehicular\/","og_site_name":"Ecuador | Noti-America.com","article_published_time":"2018-09-25T18:43:10+00:00","og_image":[{"width":1280,"height":960,"url":"https:\/\/noti-america.com\/site\/ecuador\/wp-content\/uploads\/sites\/18\/2018\/09\/f0c6de90-2e9b-4108-b559-8ef7e135b658.jpg","type":"image\/jpeg"}],"author":"Gregory Quintana Montiel","twitter_card":"summary_large_image","twitter_creator":"@gdgregori1","twitter_site":"@notiamerica","twitter_misc":{"Escrito por":"Gregory Quintana Montiel","Tiempo estimado de lectura":"2 minutos"},"schema":{"@context":"https:\/\/schema.org","@graph":[{"@type":"Article","@id":"https:\/\/noti-america.com\/site\/ecuador\/2018\/09\/25\/transportistas-intraprovinciales-de-guayas-y-atm-arman-agenda-para-revision-vehicular\/#article","isPartOf":{"@id":"https:\/\/noti-america.com\/site\/ecuador\/2018\/09\/25\/transportistas-intraprovinciales-de-guayas-y-atm-arman-agenda-para-revision-vehicular\/"},"author":{"name":"Gregory Quintana Montiel","@id":"https:\/\/noti-america.com\/site\/ecuador\/#\/schema\/person\/3b975e42f15abfe64bfe3abdd916efda"},"headline":"TRANSPORTISTAS INTRAPROVINCIALES DE GUAYAS Y ATM ARMAN AGENDA PARA REVISI\u00d3N VEHICULAR","datePublished":"2018-09-25T18:43:10+00:00","mainEntityOfPage":{"@id":"https:\/\/noti-america.com\/site\/ecuador\/2018\/09\/25\/transportistas-intraprovinciales-de-guayas-y-atm-arman-agenda-para-revision-vehicular\/"},"wordCount":451,"commentCount":0,"publisher":{"@id":"https:\/\/noti-america.com\/site\/ecuador\/#organization"},"image":{"@id":"https:\/\/noti-america.com\/site\/ecuador\/2018\/09\/25\/transportistas-intraprovinciales-de-guayas-y-atm-arman-agenda-para-revision-vehicular\/#primaryimage"},"thumbnailUrl":"https:\/\/noti-america.com\/site\/ecuador\/wp-content\/uploads\/sites\/18\/2018\/09\/f0c6de90-2e9b-4108-b559-8ef7e135b658.jpg","articleSection":["Noticias"],"inLanguage":"es","potentialAction":[{"@type":"CommentAction","name":"Comment","target":["https:\/\/noti-america.com\/site\/ecuador\/2018\/09\/25\/transportistas-intraprovinciales-de-guayas-y-atm-arman-agenda-para-revision-vehicular\/#respond"]}]},{"@type":"WebPage","@id":"https:\/\/noti-america.com\/site\/ecuador\/2018\/09\/25\/transportistas-intraprovinciales-de-guayas-y-atm-arman-agenda-para-revision-vehicular\/","url":"https:\/\/noti-america.com\/site\/ecuador\/2018\/09\/25\/transportistas-intraprovinciales-de-guayas-y-atm-arman-agenda-para-revision-vehicular\/","name":"TRANSPORTISTAS INTRAPROVINCIALES DE GUAYAS Y ATM ARMAN AGENDA PARA REVISI\u00d3N VEHICULAR - Ecuador | Noti-America.com","isPartOf":{"@id":"https:\/\/noti-america.com\/site\/ecuador\/#website"},"primaryImageOfPage":{"@id":"https:\/\/noti-america.com\/site\/ecuador\/2018\/09\/25\/transportistas-intraprovinciales-de-guayas-y-atm-arman-agenda-para-revision-vehicular\/#primaryimage"},"image":{"@id":"https:\/\/noti-america.com\/site\/ecuador\/2018\/09\/25\/transportistas-intraprovinciales-de-guayas-y-atm-arman-agenda-para-revision-vehicular\/#primaryimage"},"thumbnailUrl":"https:\/\/noti-america.com\/site\/ecuador\/wp-content\/uploads\/sites\/18\/2018\/09\/f0c6de90-2e9b-4108-b559-8ef7e135b658.jpg","datePublished":"2018-09-25T18:43:10+00:00","breadcrumb":{"@id":"https:\/\/noti-america.com\/site\/ecuador\/2018\/09\/25\/transportistas-intraprovinciales-de-guayas-y-atm-arman-agenda-para-revision-vehicular\/#breadcrumb"},"inLanguage":"es","potentialAction":[{"@type":"ReadAction","target":["https:\/\/noti-america.com\/site\/ecuador\/2018\/09\/25\/transportistas-intraprovinciales-de-guayas-y-atm-arman-agenda-para-revision-vehicular\/"]}]},{"@type":"ImageObject","inLanguage":"es","@id":"https:\/\/noti-america.com\/site\/ecuador\/2018\/09\/25\/transportistas-intraprovinciales-de-guayas-y-atm-arman-agenda-para-revision-vehicular\/#primaryimage","url":"https:\/\/noti-america.com\/site\/ecuador\/wp-content\/uploads\/sites\/18\/2018\/09\/f0c6de90-2e9b-4108-b559-8ef7e135b658.jpg","contentUrl":"https:\/\/noti-america.com\/site\/ecuador\/wp-content\/uploads\/sites\/18\/2018\/09\/f0c6de90-2e9b-4108-b559-8ef7e135b658.jpg","width":1280,"height":960},{"@type":"BreadcrumbList","@id":"https:\/\/noti-america.com\/site\/ecuador\/2018\/09\/25\/transportistas-intraprovinciales-de-guayas-y-atm-arman-agenda-para-revision-vehicular\/#breadcrumb","itemListElement":[{"@type":"ListItem","position":1,"name":"Portada","item":"https:\/\/noti-america.com\/site\/ecuador\/"},{"@type":"ListItem","position":2,"name":"TRANSPORTISTAS INTRAPROVINCIALES DE GUAYAS Y ATM ARMAN AGENDA PARA REVISI\u00d3N VEHICULAR"}]},{"@type":"WebSite","@id":"https:\/\/noti-america.com\/site\/ecuador\/#website","url":"https:\/\/noti-america.com\/site\/ecuador\/","name":"Ecuador | Noti-America.com","description":"","publisher":{"@id":"https:\/\/noti-america.com\/site\/ecuador\/#organization"},"potentialAction":[{"@type":"SearchAction","target":{"@type":"EntryPoint","urlTemplate":"https:\/\/noti-america.com\/site\/ecuador\/?s={search_term_string}"},"query-input":{"@type":"PropertyValueSpecification","valueRequired":true,"valueName":"search_term_string"}}],"inLanguage":"es"},{"@type":"Organization","@id":"https:\/\/noti-america.com\/site\/ecuador\/#organization","name":"Noti-America LLC | Ecuador","url":"https:\/\/noti-america.com\/site\/ecuador\/","logo":{"@type":"ImageObject","inLanguage":"es","@id":"https:\/\/noti-america.com\/site\/ecuador\/#\/schema\/logo\/image\/","url":"https:\/\/noti-america.com\/site\/ecuador\/wp-content\/uploads\/sites\/18\/2020\/07\/LogoNA-4x3-1.jpg","contentUrl":"https:\/\/noti-america.com\/site\/ecuador\/wp-content\/uploads\/sites\/18\/2020\/07\/LogoNA-4x3-1.jpg","width":1236,"height":1080,"caption":"Noti-America LLC | Ecuador"},"image":{"@id":"https:\/\/noti-america.com\/site\/ecuador\/#\/schema\/logo\/image\/"},"sameAs":["https:\/\/x.com\/notiamerica"]},{"@type":"Person","@id":"https:\/\/noti-america.com\/site\/ecuador\/#\/schema\/person\/3b975e42f15abfe64bfe3abdd916efda","name":"Gregory Quintana Montiel","image":{"@type":"ImageObject","inLanguage":"es","@id":"https:\/\/secure.gravatar.com\/avatar\/2d6b802f7720c2ec7744dcbe608cc2f3417aeb964d58b443c6d612b77531de1d?s=96&d=mm&r=g","url":"https:\/\/secure.gravatar.com\/avatar\/2d6b802f7720c2ec7744dcbe608cc2f3417aeb964d58b443c6d612b77531de1d?s=96&d=mm&r=g","contentUrl":"https:\/\/secure.gravatar.com\/avatar\/2d6b802f7720c2ec7744dcbe608cc2f3417aeb964d58b443c6d612b77531de1d?s=96&d=mm&r=g","caption":"Gregory Quintana Montiel"},"description":"Licenciatura en Ciencias de la Comunicaci\u00f3n Social, egresado en la Especializaci\u00f3n Derecho Ambiental Desarrollo Sostenible y Sustentable, Miembro de la Comunidad de profesionales y experto para Latinoam\u00e9rica y el Caribe en Gesti\u00f3n por Resultado en el Desarrollo (COPLAC - GpRD) del Banco Interamericano de Desarrollo, experiencia en medios radiales y escritos.","sameAs":["https:\/\/x.com\/gdgregori1","gquintana"],"url":"https:\/\/noti-america.com\/site\/ecuador\/author\/gquintana\/"}]}},"_links":{"self":[{"href":"https:\/\/noti-america.com\/site\/ecuador\/wp-json\/wp\/v2\/posts\/2016","targetHints":{"allow":["GET"]}}],"collection":[{"href":"https:\/\/noti-america.com\/site\/ecuador\/wp-json\/wp\/v2\/posts"}],"about":[{"href":"https:\/\/noti-america.com\/site\/ecuador\/wp-json\/wp\/v2\/types\/post"}],"author":[{"embeddable":true,"href":"https:\/\/noti-america.com\/site\/ecuador\/wp-json\/wp\/v2\/users\/17"}],"replies":[{"embeddable":true,"href":"https:\/\/noti-america.com\/site\/ecuador\/wp-json\/wp\/v2\/comments?post=2016"}],"version-history":[{"count":1,"href":"https:\/\/noti-america.com\/site\/ecuador\/wp-json\/wp\/v2\/posts\/2016\/revisions"}],"predecessor-version":[{"id":2018,"href":"https:\/\/noti-america.com\/site\/ecuador\/wp-json\/wp\/v2\/posts\/2016\/revisions\/2018"}],"wp:featuredmedia":[{"embeddable":true,"href":"https:\/\/noti-america.com\/site\/ecuador\/wp-json\/wp\/v2\/media\/2017"}],"wp:attachment":[{"href":"https:\/\/noti-america.com\/site\/ecuador\/wp-json\/wp\/v2\/media?parent=2016"}],"wp:term":[{"taxonomy":"category","embeddable":true,"href":"https:\/\/noti-america.com\/site\/ecuador\/wp-json\/wp\/v2\/categories?post=2016"},{"taxonomy":"post_tag","embeddable":true,"href":"https:\/\/noti-america.com\/site\/ecuador\/wp-json\/wp\/v2\/tags?post=2016"}],"curies":[{"name":"wp","href":"https:\/\/api.w.org\/{rel}","templated":true}]}}