{"id":19617,"date":"2022-04-21T21:55:42","date_gmt":"2022-04-21T21:55:42","guid":{"rendered":"https:\/\/noti-america.com\/site\/ecuador\/?p=19617"},"modified":"2022-04-22T14:12:51","modified_gmt":"2022-04-22T14:12:51","slug":"los-delfines-del-golfo-de-guayaquil-que-se-encuentran-en-peligro","status":"publish","type":"post","link":"https:\/\/noti-america.com\/site\/ecuador\/2022\/04\/21\/los-delfines-del-golfo-de-guayaquil-que-se-encuentran-en-peligro\/","title":{"rendered":"Los delfines del Golfo de Guayaquil se encuentran en peligro"},"content":{"rendered":"<p style=\"text-align: justify\"><strong>REDACCI\u00d3N NOTI AM\u00c9RICA (ECUADOR)<\/strong><\/p>\n<div id=\"attachment_19618\" style=\"width: 654px\" class=\"wp-caption alignleft\"><img loading=\"lazy\" decoding=\"async\" aria-describedby=\"caption-attachment-19618\" class=\"wp-image-19618\" src=\"https:\/\/noti-america.com\/site\/ecuador\/wp-content\/uploads\/sites\/18\/2022\/04\/Delfines-del-Golfo-de-Guayaquil-que-se-encuentran-en-peligro-9-300x200.jpeg\" alt=\"\" width=\"644\" height=\"429\" srcset=\"https:\/\/noti-america.com\/site\/ecuador\/wp-content\/uploads\/sites\/18\/2022\/04\/Delfines-del-Golfo-de-Guayaquil-que-se-encuentran-en-peligro-9-300x200.jpeg 300w, https:\/\/noti-america.com\/site\/ecuador\/wp-content\/uploads\/sites\/18\/2022\/04\/Delfines-del-Golfo-de-Guayaquil-que-se-encuentran-en-peligro-9-1024x682.jpeg 1024w, https:\/\/noti-america.com\/site\/ecuador\/wp-content\/uploads\/sites\/18\/2022\/04\/Delfines-del-Golfo-de-Guayaquil-que-se-encuentran-en-peligro-9-768x512.jpeg 768w, https:\/\/noti-america.com\/site\/ecuador\/wp-content\/uploads\/sites\/18\/2022\/04\/Delfines-del-Golfo-de-Guayaquil-que-se-encuentran-en-peligro-9-272x182.jpeg 272w, https:\/\/noti-america.com\/site\/ecuador\/wp-content\/uploads\/sites\/18\/2022\/04\/Delfines-del-Golfo-de-Guayaquil-que-se-encuentran-en-peligro-9.jpeg 1280w\" sizes=\"auto, (max-width: 644px) 100vw, 644px\" \/><p id=\"caption-attachment-19618\" class=\"wp-caption-text\">Existen \u00fanicamente 29 delfines en poblaci\u00f3n entre el Morro y Posorja.<\/p><\/div>\n<p style=\"text-align: justify\"><span style=\"font-weight: 400\">La Direcci\u00f3n de Ambiente y Preservaci\u00f3n de \u00c1reas Verdes articula con distintas instituciones p\u00fablicas y privadas la ejecuci\u00f3n de acciones para la preservaci\u00f3n de los delfines costeros de Guayaquil (Posorja y El Morro), as\u00ed como la conservaci\u00f3n de su ecosistema.\u00a0\u00a0<\/span><\/p>\n<p style=\"text-align: justify\"><span style=\"font-weight: 400\">Es por ello que se han realizado mesas de trabajo con la comunidad, operadores tur\u00edsticos, ministerios de Ambiente y Turismo, Empresa Municipal de Turismo, Conservaci\u00f3n Internacional Ecuador y WWF Ecuador con la\u00a0<\/span><span style=\"font-weight: 400\">finalidad de elaborar un plan estrat\u00e9gico para la protecci\u00f3n de los delfines costeros.\u00a0\u00a0<\/span><\/p>\n<p style=\"text-align: justify\"><span style=\"font-weight: 400\">La directora de Ambiente y Preservaci\u00f3n de \u00c1reas Verdes, Mar\u00eda Fernanda Rumbea, manifest\u00f3 que \u201cexisten \u00fanicamente 29 delfines en poblaci\u00f3n entre el Morro y Posorja, que se ha visto disminuida con el transcurso de los a\u00f1os\u201d, por lo que, precisamente se toman medidas para aportar en la construcci\u00f3n de diversos planes de acci\u00f3n.\u00a0\u00a0<\/span><\/p>\n<p style=\"text-align: justify\"><span style=\"font-weight: 400\">\u201cQue finalmente la gente pueda adoptar nuevas normas de conducta, que adopten compromisos para cada uno de nosotros contribuir con nuestros \u00e1mbitos de competencia\u201d, asegur\u00f3 tambi\u00e9n por su parte, el bi\u00f3logo Fernando F\u00e9lix, experto en conservaci\u00f3n de los delfines de la zona\u00a0<\/span><\/p>\n<p style=\"text-align: justify\"><span style=\"font-weight: 400\">V\u00edctor Morocho, representante de la cooperativa de pescadores artesanales Manglares Porte\u00f1os de Puerto El Morro dijo que \u201cel compromiso de nuestra comunidad es permanecer unidos y organizados, mantener los estuarios limpios, no a la contaminaci\u00f3n, todo el respeto a las normas que se establecen para las artes de pesca con eso podemos tener un mejor estuario y condiciones para el delf\u00edn\u201d.\u00a0<\/span><\/p>\n","protected":false},"excerpt":{"rendered":"<p>REDACCI\u00d3N NOTI AM\u00c9RICA (ECUADOR) La Direcci\u00f3n de Ambiente y Preservaci\u00f3n de \u00c1reas Verdes articula con distintas instituciones p\u00fablicas y privadas la ejecuci\u00f3n de acciones para la preservaci\u00f3n de los delfines costeros de Guayaquil (Posorja&#46;&#46;&#46;<\/p>\n","protected":false},"author":113,"featured_media":19618,"comment_status":"open","ping_status":"open","sticky":false,"template":"","format":"standard","meta":{"_acf_changed":false,"om_disable_all_campaigns":false,"rop_custom_images_group":[],"rop_custom_messages_group":[],"rop_publish_now":"initial","rop_publish_now_accounts":{"twitter_242054905_242054905":""},"rop_publish_now_history":[],"rop_publish_now_status":"pending","_uf_show_specific_survey":0,"_uf_disable_surveys":false,"footnotes":""},"categories":[125],"tags":[],"class_list":["post-19617","post","type-post","status-publish","format-standard","has-post-thumbnail","hentry","category-actualidad"],"acf":[],"aioseo_notices":[],"yoast_head":"<!-- This site is optimized with the Yoast SEO Premium plugin v24.9 (Yoast SEO v27.2) - https:\/\/yoast.com\/product\/yoast-seo-premium-wordpress\/ -->\n<title>Los delfines del Golfo de Guayaquil se encuentran en peligro - Ecuador | Noti-America.com<\/title>\n<meta name=\"robots\" content=\"index, follow, max-snippet:-1, max-image-preview:large, max-video-preview:-1\" \/>\n<link rel=\"canonical\" href=\"https:\/\/noti-america.com\/site\/ecuador\/2022\/04\/21\/los-delfines-del-golfo-de-guayaquil-que-se-encuentran-en-peligro\/\" \/>\n<meta property=\"og:locale\" content=\"es_ES\" \/>\n<meta property=\"og:type\" content=\"article\" \/>\n<meta property=\"og:title\" content=\"Los delfines del Golfo de Guayaquil se encuentran en peligro\" \/>\n<meta property=\"og:description\" content=\"REDACCI\u00d3N NOTI AM\u00c9RICA (ECUADOR) La Direcci\u00f3n de Ambiente y Preservaci\u00f3n de \u00c1reas Verdes articula con distintas instituciones p\u00fablicas y privadas la ejecuci\u00f3n de acciones para la preservaci\u00f3n de los delfines costeros de Guayaquil (Posorja&#046;&#046;&#046;\" \/>\n<meta property=\"og:url\" content=\"https:\/\/noti-america.com\/site\/ecuador\/2022\/04\/21\/los-delfines-del-golfo-de-guayaquil-que-se-encuentran-en-peligro\/\" \/>\n<meta property=\"og:site_name\" content=\"Ecuador | Noti-America.com\" \/>\n<meta property=\"article:published_time\" content=\"2022-04-21T21:55:42+00:00\" \/>\n<meta property=\"article:modified_time\" content=\"2022-04-22T14:12:51+00:00\" \/>\n<meta property=\"og:image\" content=\"https:\/\/noti-america.com\/site\/ecuador\/wp-content\/uploads\/sites\/18\/2022\/04\/Delfines-del-Golfo-de-Guayaquil-que-se-encuentran-en-peligro-9.jpeg\" \/>\n\t<meta property=\"og:image:width\" content=\"1280\" \/>\n\t<meta property=\"og:image:height\" content=\"853\" \/>\n\t<meta property=\"og:image:type\" content=\"image\/jpeg\" \/>\n<meta name=\"author\" content=\"Henry Ortiz\" \/>\n<meta name=\"twitter:card\" content=\"summary_large_image\" \/>\n<meta name=\"twitter:creator\" content=\"@notiamerica\" \/>\n<meta name=\"twitter:site\" content=\"@notiamerica\" \/>\n<meta name=\"twitter:label1\" content=\"Escrito por\" \/>\n\t<meta name=\"twitter:data1\" content=\"Henry Ortiz\" \/>\n\t<meta name=\"twitter:label2\" content=\"Tiempo estimado de lectura\" \/>\n\t<meta name=\"twitter:data2\" content=\"2 minutos\" \/>\n<script type=\"application\/ld+json\" class=\"yoast-schema-graph\">{\"@context\":\"https:\/\/schema.org\",\"@graph\":[{\"@type\":\"Article\",\"@id\":\"https:\/\/noti-america.com\/site\/ecuador\/2022\/04\/21\/los-delfines-del-golfo-de-guayaquil-que-se-encuentran-en-peligro\/#article\",\"isPartOf\":{\"@id\":\"https:\/\/noti-america.com\/site\/ecuador\/2022\/04\/21\/los-delfines-del-golfo-de-guayaquil-que-se-encuentran-en-peligro\/\"},\"author\":{\"name\":\"Henry Ortiz\",\"@id\":\"https:\/\/noti-america.com\/site\/ecuador\/#\/schema\/person\/b9d1630cc6598af759d45c790a347283\"},\"headline\":\"Los delfines del Golfo de Guayaquil se encuentran en peligro\",\"datePublished\":\"2022-04-21T21:55:42+00:00\",\"dateModified\":\"2022-04-22T14:12:51+00:00\",\"mainEntityOfPage\":{\"@id\":\"https:\/\/noti-america.com\/site\/ecuador\/2022\/04\/21\/los-delfines-del-golfo-de-guayaquil-que-se-encuentran-en-peligro\/\"},\"wordCount\":298,\"commentCount\":0,\"publisher\":{\"@id\":\"https:\/\/noti-america.com\/site\/ecuador\/#organization\"},\"image\":{\"@id\":\"https:\/\/noti-america.com\/site\/ecuador\/2022\/04\/21\/los-delfines-del-golfo-de-guayaquil-que-se-encuentran-en-peligro\/#primaryimage\"},\"thumbnailUrl\":\"https:\/\/noti-america.com\/site\/ecuador\/wp-content\/uploads\/sites\/18\/2022\/04\/Delfines-del-Golfo-de-Guayaquil-que-se-encuentran-en-peligro-9.jpeg\",\"articleSection\":[\"Actualidad\"],\"inLanguage\":\"es\",\"potentialAction\":[{\"@type\":\"CommentAction\",\"name\":\"Comment\",\"target\":[\"https:\/\/noti-america.com\/site\/ecuador\/2022\/04\/21\/los-delfines-del-golfo-de-guayaquil-que-se-encuentran-en-peligro\/#respond\"]}]},{\"@type\":\"WebPage\",\"@id\":\"https:\/\/noti-america.com\/site\/ecuador\/2022\/04\/21\/los-delfines-del-golfo-de-guayaquil-que-se-encuentran-en-peligro\/\",\"url\":\"https:\/\/noti-america.com\/site\/ecuador\/2022\/04\/21\/los-delfines-del-golfo-de-guayaquil-que-se-encuentran-en-peligro\/\",\"name\":\"Los delfines del Golfo de Guayaquil se encuentran en peligro - Ecuador | Noti-America.com\",\"isPartOf\":{\"@id\":\"https:\/\/noti-america.com\/site\/ecuador\/#website\"},\"primaryImageOfPage\":{\"@id\":\"https:\/\/noti-america.com\/site\/ecuador\/2022\/04\/21\/los-delfines-del-golfo-de-guayaquil-que-se-encuentran-en-peligro\/#primaryimage\"},\"image\":{\"@id\":\"https:\/\/noti-america.com\/site\/ecuador\/2022\/04\/21\/los-delfines-del-golfo-de-guayaquil-que-se-encuentran-en-peligro\/#primaryimage\"},\"thumbnailUrl\":\"https:\/\/noti-america.com\/site\/ecuador\/wp-content\/uploads\/sites\/18\/2022\/04\/Delfines-del-Golfo-de-Guayaquil-que-se-encuentran-en-peligro-9.jpeg\",\"datePublished\":\"2022-04-21T21:55:42+00:00\",\"dateModified\":\"2022-04-22T14:12:51+00:00\",\"breadcrumb\":{\"@id\":\"https:\/\/noti-america.com\/site\/ecuador\/2022\/04\/21\/los-delfines-del-golfo-de-guayaquil-que-se-encuentran-en-peligro\/#breadcrumb\"},\"inLanguage\":\"es\",\"potentialAction\":[{\"@type\":\"ReadAction\",\"target\":[\"https:\/\/noti-america.com\/site\/ecuador\/2022\/04\/21\/los-delfines-del-golfo-de-guayaquil-que-se-encuentran-en-peligro\/\"]}]},{\"@type\":\"ImageObject\",\"inLanguage\":\"es\",\"@id\":\"https:\/\/noti-america.com\/site\/ecuador\/2022\/04\/21\/los-delfines-del-golfo-de-guayaquil-que-se-encuentran-en-peligro\/#primaryimage\",\"url\":\"https:\/\/noti-america.com\/site\/ecuador\/wp-content\/uploads\/sites\/18\/2022\/04\/Delfines-del-Golfo-de-Guayaquil-que-se-encuentran-en-peligro-9.jpeg\",\"contentUrl\":\"https:\/\/noti-america.com\/site\/ecuador\/wp-content\/uploads\/sites\/18\/2022\/04\/Delfines-del-Golfo-de-Guayaquil-que-se-encuentran-en-peligro-9.jpeg\",\"width\":1280,\"height\":853},{\"@type\":\"BreadcrumbList\",\"@id\":\"https:\/\/noti-america.com\/site\/ecuador\/2022\/04\/21\/los-delfines-del-golfo-de-guayaquil-que-se-encuentran-en-peligro\/#breadcrumb\",\"itemListElement\":[{\"@type\":\"ListItem\",\"position\":1,\"name\":\"Portada\",\"item\":\"https:\/\/noti-america.com\/site\/ecuador\/\"},{\"@type\":\"ListItem\",\"position\":2,\"name\":\"Los delfines del Golfo de Guayaquil se encuentran en peligro\"}]},{\"@type\":\"WebSite\",\"@id\":\"https:\/\/noti-america.com\/site\/ecuador\/#website\",\"url\":\"https:\/\/noti-america.com\/site\/ecuador\/\",\"name\":\"Ecuador | Noti-America.com\",\"description\":\"\",\"publisher\":{\"@id\":\"https:\/\/noti-america.com\/site\/ecuador\/#organization\"},\"potentialAction\":[{\"@type\":\"SearchAction\",\"target\":{\"@type\":\"EntryPoint\",\"urlTemplate\":\"https:\/\/noti-america.com\/site\/ecuador\/?s={search_term_string}\"},\"query-input\":{\"@type\":\"PropertyValueSpecification\",\"valueRequired\":true,\"valueName\":\"search_term_string\"}}],\"inLanguage\":\"es\"},{\"@type\":\"Organization\",\"@id\":\"https:\/\/noti-america.com\/site\/ecuador\/#organization\",\"name\":\"Noti-America LLC | Ecuador\",\"url\":\"https:\/\/noti-america.com\/site\/ecuador\/\",\"logo\":{\"@type\":\"ImageObject\",\"inLanguage\":\"es\",\"@id\":\"https:\/\/noti-america.com\/site\/ecuador\/#\/schema\/logo\/image\/\",\"url\":\"https:\/\/noti-america.com\/site\/ecuador\/wp-content\/uploads\/sites\/18\/2020\/07\/LogoNA-4x3-1.jpg\",\"contentUrl\":\"https:\/\/noti-america.com\/site\/ecuador\/wp-content\/uploads\/sites\/18\/2020\/07\/LogoNA-4x3-1.jpg\",\"width\":1236,\"height\":1080,\"caption\":\"Noti-America LLC | Ecuador\"},\"image\":{\"@id\":\"https:\/\/noti-america.com\/site\/ecuador\/#\/schema\/logo\/image\/\"},\"sameAs\":[\"https:\/\/x.com\/notiamerica\"]},{\"@type\":\"Person\",\"@id\":\"https:\/\/noti-america.com\/site\/ecuador\/#\/schema\/person\/b9d1630cc6598af759d45c790a347283\",\"name\":\"Henry Ortiz\",\"image\":{\"@type\":\"ImageObject\",\"inLanguage\":\"es\",\"@id\":\"https:\/\/secure.gravatar.com\/avatar\/0b5407b5b302fbb6a578e625dca512ac2983ee5fa9ea941d581b83c40212e4c8?s=96&d=mm&r=g\",\"url\":\"https:\/\/secure.gravatar.com\/avatar\/0b5407b5b302fbb6a578e625dca512ac2983ee5fa9ea941d581b83c40212e4c8?s=96&d=mm&r=g\",\"contentUrl\":\"https:\/\/secure.gravatar.com\/avatar\/0b5407b5b302fbb6a578e625dca512ac2983ee5fa9ea941d581b83c40212e4c8?s=96&d=mm&r=g\",\"caption\":\"Henry Ortiz\"},\"url\":\"https:\/\/noti-america.com\/site\/ecuador\/author\/hortiz\/\"}]}<\/script>\n<!-- \/ Yoast SEO Premium plugin. -->","yoast_head_json":{"title":"Los delfines del Golfo de Guayaquil se encuentran en peligro - Ecuador | Noti-America.com","robots":{"index":"index","follow":"follow","max-snippet":"max-snippet:-1","max-image-preview":"max-image-preview:large","max-video-preview":"max-video-preview:-1"},"canonical":"https:\/\/noti-america.com\/site\/ecuador\/2022\/04\/21\/los-delfines-del-golfo-de-guayaquil-que-se-encuentran-en-peligro\/","og_locale":"es_ES","og_type":"article","og_title":"Los delfines del Golfo de Guayaquil se encuentran en peligro","og_description":"REDACCI\u00d3N NOTI AM\u00c9RICA (ECUADOR) La Direcci\u00f3n de Ambiente y Preservaci\u00f3n de \u00c1reas Verdes articula con distintas instituciones p\u00fablicas y privadas la ejecuci\u00f3n de acciones para la preservaci\u00f3n de los delfines costeros de Guayaquil (Posorja&#46;&#46;&#46;","og_url":"https:\/\/noti-america.com\/site\/ecuador\/2022\/04\/21\/los-delfines-del-golfo-de-guayaquil-que-se-encuentran-en-peligro\/","og_site_name":"Ecuador | Noti-America.com","article_published_time":"2022-04-21T21:55:42+00:00","article_modified_time":"2022-04-22T14:12:51+00:00","og_image":[{"width":1280,"height":853,"url":"https:\/\/noti-america.com\/site\/ecuador\/wp-content\/uploads\/sites\/18\/2022\/04\/Delfines-del-Golfo-de-Guayaquil-que-se-encuentran-en-peligro-9.jpeg","type":"image\/jpeg"}],"author":"Henry Ortiz","twitter_card":"summary_large_image","twitter_creator":"@notiamerica","twitter_site":"@notiamerica","twitter_misc":{"Escrito por":"Henry Ortiz","Tiempo estimado de lectura":"2 minutos"},"schema":{"@context":"https:\/\/schema.org","@graph":[{"@type":"Article","@id":"https:\/\/noti-america.com\/site\/ecuador\/2022\/04\/21\/los-delfines-del-golfo-de-guayaquil-que-se-encuentran-en-peligro\/#article","isPartOf":{"@id":"https:\/\/noti-america.com\/site\/ecuador\/2022\/04\/21\/los-delfines-del-golfo-de-guayaquil-que-se-encuentran-en-peligro\/"},"author":{"name":"Henry Ortiz","@id":"https:\/\/noti-america.com\/site\/ecuador\/#\/schema\/person\/b9d1630cc6598af759d45c790a347283"},"headline":"Los delfines del Golfo de Guayaquil se encuentran en peligro","datePublished":"2022-04-21T21:55:42+00:00","dateModified":"2022-04-22T14:12:51+00:00","mainEntityOfPage":{"@id":"https:\/\/noti-america.com\/site\/ecuador\/2022\/04\/21\/los-delfines-del-golfo-de-guayaquil-que-se-encuentran-en-peligro\/"},"wordCount":298,"commentCount":0,"publisher":{"@id":"https:\/\/noti-america.com\/site\/ecuador\/#organization"},"image":{"@id":"https:\/\/noti-america.com\/site\/ecuador\/2022\/04\/21\/los-delfines-del-golfo-de-guayaquil-que-se-encuentran-en-peligro\/#primaryimage"},"thumbnailUrl":"https:\/\/noti-america.com\/site\/ecuador\/wp-content\/uploads\/sites\/18\/2022\/04\/Delfines-del-Golfo-de-Guayaquil-que-se-encuentran-en-peligro-9.jpeg","articleSection":["Actualidad"],"inLanguage":"es","potentialAction":[{"@type":"CommentAction","name":"Comment","target":["https:\/\/noti-america.com\/site\/ecuador\/2022\/04\/21\/los-delfines-del-golfo-de-guayaquil-que-se-encuentran-en-peligro\/#respond"]}]},{"@type":"WebPage","@id":"https:\/\/noti-america.com\/site\/ecuador\/2022\/04\/21\/los-delfines-del-golfo-de-guayaquil-que-se-encuentran-en-peligro\/","url":"https:\/\/noti-america.com\/site\/ecuador\/2022\/04\/21\/los-delfines-del-golfo-de-guayaquil-que-se-encuentran-en-peligro\/","name":"Los delfines del Golfo de Guayaquil se encuentran en peligro - Ecuador | Noti-America.com","isPartOf":{"@id":"https:\/\/noti-america.com\/site\/ecuador\/#website"},"primaryImageOfPage":{"@id":"https:\/\/noti-america.com\/site\/ecuador\/2022\/04\/21\/los-delfines-del-golfo-de-guayaquil-que-se-encuentran-en-peligro\/#primaryimage"},"image":{"@id":"https:\/\/noti-america.com\/site\/ecuador\/2022\/04\/21\/los-delfines-del-golfo-de-guayaquil-que-se-encuentran-en-peligro\/#primaryimage"},"thumbnailUrl":"https:\/\/noti-america.com\/site\/ecuador\/wp-content\/uploads\/sites\/18\/2022\/04\/Delfines-del-Golfo-de-Guayaquil-que-se-encuentran-en-peligro-9.jpeg","datePublished":"2022-04-21T21:55:42+00:00","dateModified":"2022-04-22T14:12:51+00:00","breadcrumb":{"@id":"https:\/\/noti-america.com\/site\/ecuador\/2022\/04\/21\/los-delfines-del-golfo-de-guayaquil-que-se-encuentran-en-peligro\/#breadcrumb"},"inLanguage":"es","potentialAction":[{"@type":"ReadAction","target":["https:\/\/noti-america.com\/site\/ecuador\/2022\/04\/21\/los-delfines-del-golfo-de-guayaquil-que-se-encuentran-en-peligro\/"]}]},{"@type":"ImageObject","inLanguage":"es","@id":"https:\/\/noti-america.com\/site\/ecuador\/2022\/04\/21\/los-delfines-del-golfo-de-guayaquil-que-se-encuentran-en-peligro\/#primaryimage","url":"https:\/\/noti-america.com\/site\/ecuador\/wp-content\/uploads\/sites\/18\/2022\/04\/Delfines-del-Golfo-de-Guayaquil-que-se-encuentran-en-peligro-9.jpeg","contentUrl":"https:\/\/noti-america.com\/site\/ecuador\/wp-content\/uploads\/sites\/18\/2022\/04\/Delfines-del-Golfo-de-Guayaquil-que-se-encuentran-en-peligro-9.jpeg","width":1280,"height":853},{"@type":"BreadcrumbList","@id":"https:\/\/noti-america.com\/site\/ecuador\/2022\/04\/21\/los-delfines-del-golfo-de-guayaquil-que-se-encuentran-en-peligro\/#breadcrumb","itemListElement":[{"@type":"ListItem","position":1,"name":"Portada","item":"https:\/\/noti-america.com\/site\/ecuador\/"},{"@type":"ListItem","position":2,"name":"Los delfines del Golfo de Guayaquil se encuentran en peligro"}]},{"@type":"WebSite","@id":"https:\/\/noti-america.com\/site\/ecuador\/#website","url":"https:\/\/noti-america.com\/site\/ecuador\/","name":"Ecuador | Noti-America.com","description":"","publisher":{"@id":"https:\/\/noti-america.com\/site\/ecuador\/#organization"},"potentialAction":[{"@type":"SearchAction","target":{"@type":"EntryPoint","urlTemplate":"https:\/\/noti-america.com\/site\/ecuador\/?s={search_term_string}"},"query-input":{"@type":"PropertyValueSpecification","valueRequired":true,"valueName":"search_term_string"}}],"inLanguage":"es"},{"@type":"Organization","@id":"https:\/\/noti-america.com\/site\/ecuador\/#organization","name":"Noti-America LLC | Ecuador","url":"https:\/\/noti-america.com\/site\/ecuador\/","logo":{"@type":"ImageObject","inLanguage":"es","@id":"https:\/\/noti-america.com\/site\/ecuador\/#\/schema\/logo\/image\/","url":"https:\/\/noti-america.com\/site\/ecuador\/wp-content\/uploads\/sites\/18\/2020\/07\/LogoNA-4x3-1.jpg","contentUrl":"https:\/\/noti-america.com\/site\/ecuador\/wp-content\/uploads\/sites\/18\/2020\/07\/LogoNA-4x3-1.jpg","width":1236,"height":1080,"caption":"Noti-America LLC | Ecuador"},"image":{"@id":"https:\/\/noti-america.com\/site\/ecuador\/#\/schema\/logo\/image\/"},"sameAs":["https:\/\/x.com\/notiamerica"]},{"@type":"Person","@id":"https:\/\/noti-america.com\/site\/ecuador\/#\/schema\/person\/b9d1630cc6598af759d45c790a347283","name":"Henry Ortiz","image":{"@type":"ImageObject","inLanguage":"es","@id":"https:\/\/secure.gravatar.com\/avatar\/0b5407b5b302fbb6a578e625dca512ac2983ee5fa9ea941d581b83c40212e4c8?s=96&d=mm&r=g","url":"https:\/\/secure.gravatar.com\/avatar\/0b5407b5b302fbb6a578e625dca512ac2983ee5fa9ea941d581b83c40212e4c8?s=96&d=mm&r=g","contentUrl":"https:\/\/secure.gravatar.com\/avatar\/0b5407b5b302fbb6a578e625dca512ac2983ee5fa9ea941d581b83c40212e4c8?s=96&d=mm&r=g","caption":"Henry Ortiz"},"url":"https:\/\/noti-america.com\/site\/ecuador\/author\/hortiz\/"}]}},"_links":{"self":[{"href":"https:\/\/noti-america.com\/site\/ecuador\/wp-json\/wp\/v2\/posts\/19617","targetHints":{"allow":["GET"]}}],"collection":[{"href":"https:\/\/noti-america.com\/site\/ecuador\/wp-json\/wp\/v2\/posts"}],"about":[{"href":"https:\/\/noti-america.com\/site\/ecuador\/wp-json\/wp\/v2\/types\/post"}],"author":[{"embeddable":true,"href":"https:\/\/noti-america.com\/site\/ecuador\/wp-json\/wp\/v2\/users\/113"}],"replies":[{"embeddable":true,"href":"https:\/\/noti-america.com\/site\/ecuador\/wp-json\/wp\/v2\/comments?post=19617"}],"version-history":[{"count":3,"href":"https:\/\/noti-america.com\/site\/ecuador\/wp-json\/wp\/v2\/posts\/19617\/revisions"}],"predecessor-version":[{"id":19646,"href":"https:\/\/noti-america.com\/site\/ecuador\/wp-json\/wp\/v2\/posts\/19617\/revisions\/19646"}],"wp:featuredmedia":[{"embeddable":true,"href":"https:\/\/noti-america.com\/site\/ecuador\/wp-json\/wp\/v2\/media\/19618"}],"wp:attachment":[{"href":"https:\/\/noti-america.com\/site\/ecuador\/wp-json\/wp\/v2\/media?parent=19617"}],"wp:term":[{"taxonomy":"category","embeddable":true,"href":"https:\/\/noti-america.com\/site\/ecuador\/wp-json\/wp\/v2\/categories?post=19617"},{"taxonomy":"post_tag","embeddable":true,"href":"https:\/\/noti-america.com\/site\/ecuador\/wp-json\/wp\/v2\/tags?post=19617"}],"curies":[{"name":"wp","href":"https:\/\/api.w.org\/{rel}","templated":true}]}}