{"id":18663,"date":"2022-03-02T11:52:07","date_gmt":"2022-03-02T11:52:07","guid":{"rendered":"https:\/\/noti-america.com\/site\/ecuador\/?p=18663"},"modified":"2022-03-02T11:52:07","modified_gmt":"2022-03-02T11:52:07","slug":"colapso-de-puente-en-el-canton-giron-provoco-la-evacuacion-de-familias","status":"publish","type":"post","link":"https:\/\/noti-america.com\/site\/ecuador\/2022\/03\/02\/colapso-de-puente-en-el-canton-giron-provoco-la-evacuacion-de-familias\/","title":{"rendered":"Colapso de puente en el cant\u00f3n Gir\u00f3n provoc\u00f3 la evacuaci\u00f3n de familias"},"content":{"rendered":"<p><strong>REDACCI\u00d3N NOTI AM\u00c9RICA (ECUADOR)<\/strong><\/p>\n<div id=\"attachment_18664\" style=\"width: 599px\" class=\"wp-caption alignleft\"><img loading=\"lazy\" decoding=\"async\" aria-describedby=\"caption-attachment-18664\" class=\"wp-image-18664\" src=\"https:\/\/noti-america.com\/site\/ecuador\/wp-content\/uploads\/sites\/18\/2022\/03\/2-mar-descarga.jpg\" alt=\"\" width=\"589\" height=\"330\" \/><p id=\"caption-attachment-18664\" class=\"wp-caption-text\">Al momento no se registra represamiento del r\u00edo Chorro debido a que no han existido precipitaciones en las \u00faltimas horas, se mantiene el monitoreo constante en la zona por parte del SNGRE y el GAD Gir\u00f3n.<\/p><\/div>\n<p style=\"text-align: justify\">En horas de la noche, se registr\u00f3 el colapso de un puente ubicado en la calle Arturo S\u00e1ndez, del cant\u00f3n Gir\u00f3n. Ante este evento, desde el Servicio Nacional de Gesti\u00f3n de Riesgos y Emergencias (SNGRE) se coordinaron las acciones de respuesta, el levantamiento de informaci\u00f3n y las inspecciones en la zona, junto con la Unidad de Gesti\u00f3n de Riesgos del Gobierno Aut\u00f3nomo Descentralizado (GAD) Municipal.<\/p>\n<p style=\"text-align: justify\">El Cuerpo de Bomberos de Gir\u00f3n atendi\u00f3 la emergencia evacuando por precauci\u00f3n a una familia de 4 integrantes, quienes se encuentran en un hogar de acogida debido a que la vivienda est\u00e1 situada junto al puente afectado.<\/p>\n<p style=\"text-align: justify\">El Comit\u00e9 de Operaciones de Emergencia (COE) cantonal de Gir\u00f3n se activ\u00f3 tomando las siguientes acciones:<\/p>\n<ul style=\"text-align: justify\">\n<li>Se mantiene en sesi\u00f3n permanente el COE cantonal.<\/li>\n<li>Se realizan los arreglos en la matriz de agua potable.<\/li>\n<li>Se realizaron trabajos en la zona y se restableci\u00f3 el sistema el\u00e9ctrico.<\/li>\n<li>Se mantiene cerrado el paso a la zona para evitar futuros accidentes.<\/li>\n<li>Bomberos Gir\u00f3n se mantiene activado.<\/li>\n<li>Polic\u00eda Nacional se mantiene activado.<\/li>\n<\/ul>\n<p style=\"text-align: justify\">El SNGRE, en conjunto con los t\u00e9cnicos del GAD Municipal de Gir\u00f3n, realizaron una inspecci\u00f3n t\u00e9cnica por la zona del puente colapsado y los puentes que se encuentran sobre el r\u00edo Chorro, en donde se da recomendaciones preventivas debido a la antig\u00fcedad de los mismos. De manera adicional se coordin\u00f3 con la Prefectura del Azuay para el env\u00edo de maquinaria de apoyo para la limpieza de los escombros del puente.<\/p>\n<p style=\"text-align: justify\">\n","protected":false},"excerpt":{"rendered":"<p>REDACCI\u00d3N NOTI AM\u00c9RICA (ECUADOR) En horas de la noche, se registr\u00f3 el colapso de un puente ubicado en la calle Arturo S\u00e1ndez, del cant\u00f3n Gir\u00f3n. Ante este evento, desde el Servicio Nacional de Gesti\u00f3n&#46;&#46;&#46;<\/p>\n","protected":false},"author":113,"featured_media":18664,"comment_status":"open","ping_status":"open","sticky":false,"template":"","format":"standard","meta":{"_acf_changed":false,"om_disable_all_campaigns":false,"rop_custom_images_group":[],"rop_custom_messages_group":[],"rop_publish_now":"initial","rop_publish_now_accounts":{"twitter_242054905_242054905":""},"rop_publish_now_history":[],"rop_publish_now_status":"pending","_uf_show_specific_survey":0,"_uf_disable_surveys":false,"footnotes":""},"categories":[42],"tags":[],"class_list":["post-18663","post","type-post","status-publish","format-standard","has-post-thumbnail","hentry","category-noticias"],"acf":[],"aioseo_notices":[],"yoast_head":"<!-- This site is optimized with the Yoast SEO Premium plugin v24.9 (Yoast SEO v27.2) - https:\/\/yoast.com\/product\/yoast-seo-premium-wordpress\/ -->\n<title>Colapso de puente en el cant\u00f3n Gir\u00f3n provoc\u00f3 la evacuaci\u00f3n de familias - Ecuador | Noti-America.com<\/title>\n<meta name=\"robots\" content=\"index, follow, max-snippet:-1, max-image-preview:large, max-video-preview:-1\" \/>\n<link rel=\"canonical\" href=\"https:\/\/noti-america.com\/site\/ecuador\/2022\/03\/02\/colapso-de-puente-en-el-canton-giron-provoco-la-evacuacion-de-familias\/\" \/>\n<meta property=\"og:locale\" content=\"es_ES\" \/>\n<meta property=\"og:type\" content=\"article\" \/>\n<meta property=\"og:title\" content=\"Colapso de puente en el cant\u00f3n Gir\u00f3n provoc\u00f3 la evacuaci\u00f3n de familias\" \/>\n<meta property=\"og:description\" content=\"REDACCI\u00d3N NOTI AM\u00c9RICA (ECUADOR) En horas de la noche, se registr\u00f3 el colapso de un puente ubicado en la calle Arturo S\u00e1ndez, del cant\u00f3n Gir\u00f3n. Ante este evento, desde el Servicio Nacional de Gesti\u00f3n&#046;&#046;&#046;\" \/>\n<meta property=\"og:url\" content=\"https:\/\/noti-america.com\/site\/ecuador\/2022\/03\/02\/colapso-de-puente-en-el-canton-giron-provoco-la-evacuacion-de-familias\/\" \/>\n<meta property=\"og:site_name\" content=\"Ecuador | Noti-America.com\" \/>\n<meta property=\"article:published_time\" content=\"2022-03-02T11:52:07+00:00\" \/>\n<meta property=\"og:image\" content=\"https:\/\/noti-america.com\/site\/ecuador\/wp-content\/uploads\/sites\/18\/2022\/03\/2-mar-descarga.jpg\" \/>\n\t<meta property=\"og:image:width\" content=\"300\" \/>\n\t<meta property=\"og:image:height\" content=\"168\" \/>\n\t<meta property=\"og:image:type\" content=\"image\/jpeg\" \/>\n<meta name=\"author\" content=\"Henry Ortiz\" \/>\n<meta name=\"twitter:card\" content=\"summary_large_image\" \/>\n<meta name=\"twitter:creator\" content=\"@notiamerica\" \/>\n<meta name=\"twitter:site\" content=\"@notiamerica\" \/>\n<meta name=\"twitter:label1\" content=\"Escrito por\" \/>\n\t<meta name=\"twitter:data1\" content=\"Henry Ortiz\" \/>\n\t<meta name=\"twitter:label2\" content=\"Tiempo estimado de lectura\" \/>\n\t<meta name=\"twitter:data2\" content=\"2 minutos\" \/>\n<script type=\"application\/ld+json\" class=\"yoast-schema-graph\">{\"@context\":\"https:\/\/schema.org\",\"@graph\":[{\"@type\":\"Article\",\"@id\":\"https:\/\/noti-america.com\/site\/ecuador\/2022\/03\/02\/colapso-de-puente-en-el-canton-giron-provoco-la-evacuacion-de-familias\/#article\",\"isPartOf\":{\"@id\":\"https:\/\/noti-america.com\/site\/ecuador\/2022\/03\/02\/colapso-de-puente-en-el-canton-giron-provoco-la-evacuacion-de-familias\/\"},\"author\":{\"name\":\"Henry Ortiz\",\"@id\":\"https:\/\/noti-america.com\/site\/ecuador\/#\/schema\/person\/b9d1630cc6598af759d45c790a347283\"},\"headline\":\"Colapso de puente en el cant\u00f3n Gir\u00f3n provoc\u00f3 la evacuaci\u00f3n de familias\",\"datePublished\":\"2022-03-02T11:52:07+00:00\",\"mainEntityOfPage\":{\"@id\":\"https:\/\/noti-america.com\/site\/ecuador\/2022\/03\/02\/colapso-de-puente-en-el-canton-giron-provoco-la-evacuacion-de-familias\/\"},\"wordCount\":326,\"commentCount\":0,\"publisher\":{\"@id\":\"https:\/\/noti-america.com\/site\/ecuador\/#organization\"},\"image\":{\"@id\":\"https:\/\/noti-america.com\/site\/ecuador\/2022\/03\/02\/colapso-de-puente-en-el-canton-giron-provoco-la-evacuacion-de-familias\/#primaryimage\"},\"thumbnailUrl\":\"https:\/\/noti-america.com\/site\/ecuador\/wp-content\/uploads\/sites\/18\/2022\/03\/2-mar-descarga.jpg\",\"articleSection\":[\"Noticias\"],\"inLanguage\":\"es\",\"potentialAction\":[{\"@type\":\"CommentAction\",\"name\":\"Comment\",\"target\":[\"https:\/\/noti-america.com\/site\/ecuador\/2022\/03\/02\/colapso-de-puente-en-el-canton-giron-provoco-la-evacuacion-de-familias\/#respond\"]}]},{\"@type\":\"WebPage\",\"@id\":\"https:\/\/noti-america.com\/site\/ecuador\/2022\/03\/02\/colapso-de-puente-en-el-canton-giron-provoco-la-evacuacion-de-familias\/\",\"url\":\"https:\/\/noti-america.com\/site\/ecuador\/2022\/03\/02\/colapso-de-puente-en-el-canton-giron-provoco-la-evacuacion-de-familias\/\",\"name\":\"Colapso de puente en el cant\u00f3n Gir\u00f3n provoc\u00f3 la evacuaci\u00f3n de familias - Ecuador | Noti-America.com\",\"isPartOf\":{\"@id\":\"https:\/\/noti-america.com\/site\/ecuador\/#website\"},\"primaryImageOfPage\":{\"@id\":\"https:\/\/noti-america.com\/site\/ecuador\/2022\/03\/02\/colapso-de-puente-en-el-canton-giron-provoco-la-evacuacion-de-familias\/#primaryimage\"},\"image\":{\"@id\":\"https:\/\/noti-america.com\/site\/ecuador\/2022\/03\/02\/colapso-de-puente-en-el-canton-giron-provoco-la-evacuacion-de-familias\/#primaryimage\"},\"thumbnailUrl\":\"https:\/\/noti-america.com\/site\/ecuador\/wp-content\/uploads\/sites\/18\/2022\/03\/2-mar-descarga.jpg\",\"datePublished\":\"2022-03-02T11:52:07+00:00\",\"breadcrumb\":{\"@id\":\"https:\/\/noti-america.com\/site\/ecuador\/2022\/03\/02\/colapso-de-puente-en-el-canton-giron-provoco-la-evacuacion-de-familias\/#breadcrumb\"},\"inLanguage\":\"es\",\"potentialAction\":[{\"@type\":\"ReadAction\",\"target\":[\"https:\/\/noti-america.com\/site\/ecuador\/2022\/03\/02\/colapso-de-puente-en-el-canton-giron-provoco-la-evacuacion-de-familias\/\"]}]},{\"@type\":\"ImageObject\",\"inLanguage\":\"es\",\"@id\":\"https:\/\/noti-america.com\/site\/ecuador\/2022\/03\/02\/colapso-de-puente-en-el-canton-giron-provoco-la-evacuacion-de-familias\/#primaryimage\",\"url\":\"https:\/\/noti-america.com\/site\/ecuador\/wp-content\/uploads\/sites\/18\/2022\/03\/2-mar-descarga.jpg\",\"contentUrl\":\"https:\/\/noti-america.com\/site\/ecuador\/wp-content\/uploads\/sites\/18\/2022\/03\/2-mar-descarga.jpg\",\"width\":300,\"height\":168},{\"@type\":\"BreadcrumbList\",\"@id\":\"https:\/\/noti-america.com\/site\/ecuador\/2022\/03\/02\/colapso-de-puente-en-el-canton-giron-provoco-la-evacuacion-de-familias\/#breadcrumb\",\"itemListElement\":[{\"@type\":\"ListItem\",\"position\":1,\"name\":\"Portada\",\"item\":\"https:\/\/noti-america.com\/site\/ecuador\/\"},{\"@type\":\"ListItem\",\"position\":2,\"name\":\"Colapso de puente en el cant\u00f3n Gir\u00f3n provoc\u00f3 la evacuaci\u00f3n de familias\"}]},{\"@type\":\"WebSite\",\"@id\":\"https:\/\/noti-america.com\/site\/ecuador\/#website\",\"url\":\"https:\/\/noti-america.com\/site\/ecuador\/\",\"name\":\"Ecuador | Noti-America.com\",\"description\":\"\",\"publisher\":{\"@id\":\"https:\/\/noti-america.com\/site\/ecuador\/#organization\"},\"potentialAction\":[{\"@type\":\"SearchAction\",\"target\":{\"@type\":\"EntryPoint\",\"urlTemplate\":\"https:\/\/noti-america.com\/site\/ecuador\/?s={search_term_string}\"},\"query-input\":{\"@type\":\"PropertyValueSpecification\",\"valueRequired\":true,\"valueName\":\"search_term_string\"}}],\"inLanguage\":\"es\"},{\"@type\":\"Organization\",\"@id\":\"https:\/\/noti-america.com\/site\/ecuador\/#organization\",\"name\":\"Noti-America LLC | Ecuador\",\"url\":\"https:\/\/noti-america.com\/site\/ecuador\/\",\"logo\":{\"@type\":\"ImageObject\",\"inLanguage\":\"es\",\"@id\":\"https:\/\/noti-america.com\/site\/ecuador\/#\/schema\/logo\/image\/\",\"url\":\"https:\/\/noti-america.com\/site\/ecuador\/wp-content\/uploads\/sites\/18\/2020\/07\/LogoNA-4x3-1.jpg\",\"contentUrl\":\"https:\/\/noti-america.com\/site\/ecuador\/wp-content\/uploads\/sites\/18\/2020\/07\/LogoNA-4x3-1.jpg\",\"width\":1236,\"height\":1080,\"caption\":\"Noti-America LLC | Ecuador\"},\"image\":{\"@id\":\"https:\/\/noti-america.com\/site\/ecuador\/#\/schema\/logo\/image\/\"},\"sameAs\":[\"https:\/\/x.com\/notiamerica\"]},{\"@type\":\"Person\",\"@id\":\"https:\/\/noti-america.com\/site\/ecuador\/#\/schema\/person\/b9d1630cc6598af759d45c790a347283\",\"name\":\"Henry Ortiz\",\"image\":{\"@type\":\"ImageObject\",\"inLanguage\":\"es\",\"@id\":\"https:\/\/secure.gravatar.com\/avatar\/0b5407b5b302fbb6a578e625dca512ac2983ee5fa9ea941d581b83c40212e4c8?s=96&d=mm&r=g\",\"url\":\"https:\/\/secure.gravatar.com\/avatar\/0b5407b5b302fbb6a578e625dca512ac2983ee5fa9ea941d581b83c40212e4c8?s=96&d=mm&r=g\",\"contentUrl\":\"https:\/\/secure.gravatar.com\/avatar\/0b5407b5b302fbb6a578e625dca512ac2983ee5fa9ea941d581b83c40212e4c8?s=96&d=mm&r=g\",\"caption\":\"Henry Ortiz\"},\"url\":\"https:\/\/noti-america.com\/site\/ecuador\/author\/hortiz\/\"}]}<\/script>\n<!-- \/ Yoast SEO Premium plugin. -->","yoast_head_json":{"title":"Colapso de puente en el cant\u00f3n Gir\u00f3n provoc\u00f3 la evacuaci\u00f3n de familias - Ecuador | Noti-America.com","robots":{"index":"index","follow":"follow","max-snippet":"max-snippet:-1","max-image-preview":"max-image-preview:large","max-video-preview":"max-video-preview:-1"},"canonical":"https:\/\/noti-america.com\/site\/ecuador\/2022\/03\/02\/colapso-de-puente-en-el-canton-giron-provoco-la-evacuacion-de-familias\/","og_locale":"es_ES","og_type":"article","og_title":"Colapso de puente en el cant\u00f3n Gir\u00f3n provoc\u00f3 la evacuaci\u00f3n de familias","og_description":"REDACCI\u00d3N NOTI AM\u00c9RICA (ECUADOR) En horas de la noche, se registr\u00f3 el colapso de un puente ubicado en la calle Arturo S\u00e1ndez, del cant\u00f3n Gir\u00f3n. Ante este evento, desde el Servicio Nacional de Gesti\u00f3n&#46;&#46;&#46;","og_url":"https:\/\/noti-america.com\/site\/ecuador\/2022\/03\/02\/colapso-de-puente-en-el-canton-giron-provoco-la-evacuacion-de-familias\/","og_site_name":"Ecuador | Noti-America.com","article_published_time":"2022-03-02T11:52:07+00:00","og_image":[{"width":300,"height":168,"url":"https:\/\/noti-america.com\/site\/ecuador\/wp-content\/uploads\/sites\/18\/2022\/03\/2-mar-descarga.jpg","type":"image\/jpeg"}],"author":"Henry Ortiz","twitter_card":"summary_large_image","twitter_creator":"@notiamerica","twitter_site":"@notiamerica","twitter_misc":{"Escrito por":"Henry Ortiz","Tiempo estimado de lectura":"2 minutos"},"schema":{"@context":"https:\/\/schema.org","@graph":[{"@type":"Article","@id":"https:\/\/noti-america.com\/site\/ecuador\/2022\/03\/02\/colapso-de-puente-en-el-canton-giron-provoco-la-evacuacion-de-familias\/#article","isPartOf":{"@id":"https:\/\/noti-america.com\/site\/ecuador\/2022\/03\/02\/colapso-de-puente-en-el-canton-giron-provoco-la-evacuacion-de-familias\/"},"author":{"name":"Henry Ortiz","@id":"https:\/\/noti-america.com\/site\/ecuador\/#\/schema\/person\/b9d1630cc6598af759d45c790a347283"},"headline":"Colapso de puente en el cant\u00f3n Gir\u00f3n provoc\u00f3 la evacuaci\u00f3n de familias","datePublished":"2022-03-02T11:52:07+00:00","mainEntityOfPage":{"@id":"https:\/\/noti-america.com\/site\/ecuador\/2022\/03\/02\/colapso-de-puente-en-el-canton-giron-provoco-la-evacuacion-de-familias\/"},"wordCount":326,"commentCount":0,"publisher":{"@id":"https:\/\/noti-america.com\/site\/ecuador\/#organization"},"image":{"@id":"https:\/\/noti-america.com\/site\/ecuador\/2022\/03\/02\/colapso-de-puente-en-el-canton-giron-provoco-la-evacuacion-de-familias\/#primaryimage"},"thumbnailUrl":"https:\/\/noti-america.com\/site\/ecuador\/wp-content\/uploads\/sites\/18\/2022\/03\/2-mar-descarga.jpg","articleSection":["Noticias"],"inLanguage":"es","potentialAction":[{"@type":"CommentAction","name":"Comment","target":["https:\/\/noti-america.com\/site\/ecuador\/2022\/03\/02\/colapso-de-puente-en-el-canton-giron-provoco-la-evacuacion-de-familias\/#respond"]}]},{"@type":"WebPage","@id":"https:\/\/noti-america.com\/site\/ecuador\/2022\/03\/02\/colapso-de-puente-en-el-canton-giron-provoco-la-evacuacion-de-familias\/","url":"https:\/\/noti-america.com\/site\/ecuador\/2022\/03\/02\/colapso-de-puente-en-el-canton-giron-provoco-la-evacuacion-de-familias\/","name":"Colapso de puente en el cant\u00f3n Gir\u00f3n provoc\u00f3 la evacuaci\u00f3n de familias - Ecuador | Noti-America.com","isPartOf":{"@id":"https:\/\/noti-america.com\/site\/ecuador\/#website"},"primaryImageOfPage":{"@id":"https:\/\/noti-america.com\/site\/ecuador\/2022\/03\/02\/colapso-de-puente-en-el-canton-giron-provoco-la-evacuacion-de-familias\/#primaryimage"},"image":{"@id":"https:\/\/noti-america.com\/site\/ecuador\/2022\/03\/02\/colapso-de-puente-en-el-canton-giron-provoco-la-evacuacion-de-familias\/#primaryimage"},"thumbnailUrl":"https:\/\/noti-america.com\/site\/ecuador\/wp-content\/uploads\/sites\/18\/2022\/03\/2-mar-descarga.jpg","datePublished":"2022-03-02T11:52:07+00:00","breadcrumb":{"@id":"https:\/\/noti-america.com\/site\/ecuador\/2022\/03\/02\/colapso-de-puente-en-el-canton-giron-provoco-la-evacuacion-de-familias\/#breadcrumb"},"inLanguage":"es","potentialAction":[{"@type":"ReadAction","target":["https:\/\/noti-america.com\/site\/ecuador\/2022\/03\/02\/colapso-de-puente-en-el-canton-giron-provoco-la-evacuacion-de-familias\/"]}]},{"@type":"ImageObject","inLanguage":"es","@id":"https:\/\/noti-america.com\/site\/ecuador\/2022\/03\/02\/colapso-de-puente-en-el-canton-giron-provoco-la-evacuacion-de-familias\/#primaryimage","url":"https:\/\/noti-america.com\/site\/ecuador\/wp-content\/uploads\/sites\/18\/2022\/03\/2-mar-descarga.jpg","contentUrl":"https:\/\/noti-america.com\/site\/ecuador\/wp-content\/uploads\/sites\/18\/2022\/03\/2-mar-descarga.jpg","width":300,"height":168},{"@type":"BreadcrumbList","@id":"https:\/\/noti-america.com\/site\/ecuador\/2022\/03\/02\/colapso-de-puente-en-el-canton-giron-provoco-la-evacuacion-de-familias\/#breadcrumb","itemListElement":[{"@type":"ListItem","position":1,"name":"Portada","item":"https:\/\/noti-america.com\/site\/ecuador\/"},{"@type":"ListItem","position":2,"name":"Colapso de puente en el cant\u00f3n Gir\u00f3n provoc\u00f3 la evacuaci\u00f3n de familias"}]},{"@type":"WebSite","@id":"https:\/\/noti-america.com\/site\/ecuador\/#website","url":"https:\/\/noti-america.com\/site\/ecuador\/","name":"Ecuador | Noti-America.com","description":"","publisher":{"@id":"https:\/\/noti-america.com\/site\/ecuador\/#organization"},"potentialAction":[{"@type":"SearchAction","target":{"@type":"EntryPoint","urlTemplate":"https:\/\/noti-america.com\/site\/ecuador\/?s={search_term_string}"},"query-input":{"@type":"PropertyValueSpecification","valueRequired":true,"valueName":"search_term_string"}}],"inLanguage":"es"},{"@type":"Organization","@id":"https:\/\/noti-america.com\/site\/ecuador\/#organization","name":"Noti-America LLC | Ecuador","url":"https:\/\/noti-america.com\/site\/ecuador\/","logo":{"@type":"ImageObject","inLanguage":"es","@id":"https:\/\/noti-america.com\/site\/ecuador\/#\/schema\/logo\/image\/","url":"https:\/\/noti-america.com\/site\/ecuador\/wp-content\/uploads\/sites\/18\/2020\/07\/LogoNA-4x3-1.jpg","contentUrl":"https:\/\/noti-america.com\/site\/ecuador\/wp-content\/uploads\/sites\/18\/2020\/07\/LogoNA-4x3-1.jpg","width":1236,"height":1080,"caption":"Noti-America LLC | Ecuador"},"image":{"@id":"https:\/\/noti-america.com\/site\/ecuador\/#\/schema\/logo\/image\/"},"sameAs":["https:\/\/x.com\/notiamerica"]},{"@type":"Person","@id":"https:\/\/noti-america.com\/site\/ecuador\/#\/schema\/person\/b9d1630cc6598af759d45c790a347283","name":"Henry Ortiz","image":{"@type":"ImageObject","inLanguage":"es","@id":"https:\/\/secure.gravatar.com\/avatar\/0b5407b5b302fbb6a578e625dca512ac2983ee5fa9ea941d581b83c40212e4c8?s=96&d=mm&r=g","url":"https:\/\/secure.gravatar.com\/avatar\/0b5407b5b302fbb6a578e625dca512ac2983ee5fa9ea941d581b83c40212e4c8?s=96&d=mm&r=g","contentUrl":"https:\/\/secure.gravatar.com\/avatar\/0b5407b5b302fbb6a578e625dca512ac2983ee5fa9ea941d581b83c40212e4c8?s=96&d=mm&r=g","caption":"Henry Ortiz"},"url":"https:\/\/noti-america.com\/site\/ecuador\/author\/hortiz\/"}]}},"_links":{"self":[{"href":"https:\/\/noti-america.com\/site\/ecuador\/wp-json\/wp\/v2\/posts\/18663","targetHints":{"allow":["GET"]}}],"collection":[{"href":"https:\/\/noti-america.com\/site\/ecuador\/wp-json\/wp\/v2\/posts"}],"about":[{"href":"https:\/\/noti-america.com\/site\/ecuador\/wp-json\/wp\/v2\/types\/post"}],"author":[{"embeddable":true,"href":"https:\/\/noti-america.com\/site\/ecuador\/wp-json\/wp\/v2\/users\/113"}],"replies":[{"embeddable":true,"href":"https:\/\/noti-america.com\/site\/ecuador\/wp-json\/wp\/v2\/comments?post=18663"}],"version-history":[{"count":1,"href":"https:\/\/noti-america.com\/site\/ecuador\/wp-json\/wp\/v2\/posts\/18663\/revisions"}],"predecessor-version":[{"id":18665,"href":"https:\/\/noti-america.com\/site\/ecuador\/wp-json\/wp\/v2\/posts\/18663\/revisions\/18665"}],"wp:featuredmedia":[{"embeddable":true,"href":"https:\/\/noti-america.com\/site\/ecuador\/wp-json\/wp\/v2\/media\/18664"}],"wp:attachment":[{"href":"https:\/\/noti-america.com\/site\/ecuador\/wp-json\/wp\/v2\/media?parent=18663"}],"wp:term":[{"taxonomy":"category","embeddable":true,"href":"https:\/\/noti-america.com\/site\/ecuador\/wp-json\/wp\/v2\/categories?post=18663"},{"taxonomy":"post_tag","embeddable":true,"href":"https:\/\/noti-america.com\/site\/ecuador\/wp-json\/wp\/v2\/tags?post=18663"}],"curies":[{"name":"wp","href":"https:\/\/api.w.org\/{rel}","templated":true}]}}