{"id":18539,"date":"2022-02-21T16:35:56","date_gmt":"2022-02-21T16:35:56","guid":{"rendered":"https:\/\/noti-america.com\/site\/ecuador\/?p=18539"},"modified":"2022-02-21T16:35:56","modified_gmt":"2022-02-21T16:35:56","slug":"no-hay-mineria-artesanal-sino-mineria-empresarial-en-yutzupino","status":"publish","type":"post","link":"https:\/\/noti-america.com\/site\/ecuador\/2022\/02\/21\/no-hay-mineria-artesanal-sino-mineria-empresarial-en-yutzupino\/","title":{"rendered":"No hay miner\u00eda artesanal, sino miner\u00eda empresarial en Yutzupino"},"content":{"rendered":"<p><strong>REDACCI\u00d3N NOTI AM\u00c9RICA (ECUADOR)<\/strong><\/p>\n<p><img loading=\"lazy\" decoding=\"async\" class=\"wp-image-18540 alignright\" src=\"https:\/\/noti-america.com\/site\/ecuador\/wp-content\/uploads\/sites\/18\/2022\/02\/21-feb-16AEAC12-877D-4B71-A511-E39DEE8A66E9-300x198-1.jpeg\" alt=\"\" width=\"620\" height=\"409\" \/><\/p>\n<p class=\"s6\" style=\"text-align: justify\"><span class=\"s10\">Esta afectaci\u00f3n a la naturaleza no es producto de la miner\u00eda artesanal, sino de la miner\u00eda empresarial ilegal, que ha invertido mucho dinero, y\u00a0se\u00a0ha\u00a0aprovechado de las condiciones de vida de la gente del sector\u00a0para inmiscuirla en este proceso, que no trae sino,\u00a0destrucci\u00f3n, contaminaci\u00f3n y empeora la calidad de vida de sus habitantes.<\/span><\/p>\n<p class=\"s6\" style=\"text-align: justify\"><span class=\"s10\">As\u00ed lo se\u00f1al\u00f3 la ministra de Gobierno, Alexandra Vela, quien constat\u00f3 los ava<\/span><span class=\"s10\">nces del operativo en Yutzupino, <\/span><span class=\"s10\">que inici\u00f3 el pasado<\/span><span class=\"s10\">\u00a0domingo 13<\/span><span class=\"s10\">\u00a0de febrero, en el que<\/span><span class=\"s10\">\u00a0se<\/span>\u00a0<span class=\"s10\">dio<\/span><span class=\"s10\">\u00a0un duro golpe a la miner\u00eda ilegal imperante,\u00a0<\/span><span class=\"s10\">en<\/span><span class=\"s10\">\u00a0la provincia de Napo.<\/span><\/p>\n<p class=\"s11\" style=\"text-align: justify\"><span class=\"s10\">La\u00a0<\/span><span class=\"s10\">S<\/span><span class=\"s10\">ecretaria de Estado se\u00f1al\u00f3<\/span><span class=\"s10\">\u00a0que el operati<\/span><span class=\"s10\">vo<\/span><span class=\"s10\">\u00a0marcha seg\u00fan el cronograma.\u00a0<\/span><span class=\"s10\">\u201c<\/span><span class=\"s10\">En la primera\u00a0<\/span><span class=\"s10\">f<\/span><span class=\"s10\">ase, que tiene que ver con la planificaci\u00f3n, y primera parte de la ejecuci\u00f3n, verificaci\u00f3n y consolidaci\u00f3n sobre el \u00e1rea, los resultados\u00a0<\/span><span class=\"s10\">fueron<\/span><span class=\"s10\">\u00a0los esperados. En\u00a0<\/span><span class=\"s10\">la<\/span>\u00a0<span class=\"s10\">segunda\u00a0<\/span><span class=\"s10\">fase, se realizar\u00e1 la auditor\u00eda ambiental, en la que participar\u00e1 el Ministerio del Ambiente. Esto ir\u00e1\u00a0<\/span><span class=\"s10\">acompa\u00f1ado<\/span><span class=\"s10\">\u00a0de una siguiente fase<\/span><span class=\"s10\">,\u00a0<\/span><span class=\"s10\">que tiene que ver con planes de remediaci\u00f3n ambiental<\/span><span class=\"s10\">\u201d<\/span><span class=\"s10\">, asegur\u00f3.<\/span><\/p>\n<p class=\"s11\" style=\"text-align: justify\"><span class=\"s10\">Inform\u00f3 que de las 107\u00a0<\/span><span class=\"s10\">retroexcavadoras<\/span><span class=\"s10\">\u00a0visualizadas,\u00a0<\/span><span class=\"s10\">87<\/span><span class=\"s10\">\u00a0se encuentran a \u00f3rdenes de la autoridad competente, quien determinar\u00e1 el futuro de las mismas. Asimismo, dijo\u00a0<\/span><span class=\"s10\">que\u00a0<\/span><span class=\"s10\">polic\u00edas y militares se encuentran\u00a0<\/span><span class=\"s10\">haciendo un reconocimiento\u00a0<\/span><span class=\"s10\">en\u00a0<\/span><span class=\"s10\">el \u00e1rea, para desmontar maquinarias que sirven para el triturado de material p\u00e9treo, paso previo para la b\u00fasqueda y obtenci\u00f3n de oro.<\/span><\/p>\n<p class=\"s11\" style=\"text-align: justify\"><span class=\"s10\">La<\/span><span class=\"s10\">\u00a0Ministra agradeci\u00f3 y\u00a0<\/span><span class=\"s10\">felicit\u00f3<\/span><span class=\"s10\">\u00a0en nombre del Gobierno, a\u00a0<\/span><span class=\"s10\">la Polic\u00eda Nacional<\/span><span class=\"s10\">\u00a0y<\/span><span class=\"s10\">\u00a0a las<\/span>\u00a0<span class=\"s10\">Fuerzas Armadas<\/span><span class=\"s10\">,<\/span>\u00a0<span class=\"s10\">por la tarea cumplida y\u00a0<\/span><span class=\"s10\">por el compromiso con los habita<\/span><span class=\"s10\">ntes del sector y con la\u00a0<\/span><span class=\"s10\">pa<\/span><span class=\"s10\">tria<\/span><span class=\"s10\">, al tiempo<\/span><span class=\"s10\">\u00a0de anunciar: \u201cno nos retiraremos hasta ver a este sitio libre de m\u00e1quinas, y con la seguridad que nunca m\u00e1s se volver\u00e1 a\u00a0<\/span><span class=\"s10\">afectar<\/span><span class=\"s10\">\u00a0a la naturaleza<\/span><span class=\"s10\">\u00a0de\u00a0<\/span><span class=\"s10\">este hermoso paraje\u00a0<\/span><span class=\"s10\">del Oriente ecuatoriano<\/span><span class=\"s10\">\u201d.<\/span><\/p>\n<p class=\"s11\" style=\"text-align: justify\"><span class=\"s10\"> Rei<\/span><span class=\"s10\">ter\u00f3 que<\/span>\u00a0<span class=\"s10\">el compromiso del Gobierno Nacional es defender la naturaleza en todo el territorio donde se\u00a0<\/span><span class=\"s10\">la\u00a0<\/span><span class=\"s10\">pretenda afectar<\/span><span class=\"s10\">.<\/span><\/p>\n<p class=\"s11\" style=\"text-align: justify\"><span class=\"s10\">Al ser consultada si ser\u00e1n sancionadas las autoridades provinciales que se encontrar\u00edan supuestamente ligadas a la miner\u00eda \u00a0ilegal,\u00a0<\/span><span class=\"s10\">la\u00a0<\/span><span class=\"s10\">Ministra\u00a0<\/span><span class=\"s10\">fue tajante<\/span><span class=\"s10\"> en decir que se\u00a0<\/span><span class=\"s10\">sancionar\u00e1<\/span><span class=\"s10\">,<\/span><span class=\"s10\">\u00a0sea quien sea<\/span><span class=\"s10\">\u00a0el<\/span>\u00a0<span class=\"s10\">responsable\u00a0<\/span><span class=\"s10\">de este latrocinio a la naturaleza.\u00a0<\/span><\/p>\n<p class=\"s11\" style=\"text-align: justify\"><span class=\"s10\">\u201c<\/span><span class=\"s10\">Nosotros llevaremos<\/span>\u00a0<span class=\"s10\">de forma responsable las investigaciones,<\/span><span class=\"s10\">\u00a0en conjunto<\/span><span class=\"s10\">\u00a0con<\/span>\u00a0<span class=\"s10\">la auditor\u00eda de da\u00f1o ambiental que levantar\u00e1 \u00a0<\/span><span class=\"s10\">el Ministerio de Ambiente<\/span><span class=\"s10\">. S<\/span><span class=\"s10\">er\u00e1n los fiscales y \u00a0<\/span><span class=\"s10\">jueces<\/span>\u00a0<span class=\"s10\">quienes mediante acusaciones y sentencias <\/span><span class=\"s10\">determinar\u00e1n a los culpables de esta <\/span><span class=\"s10\">actividad il\u00edcita<\/span><span class=\"s10\">\u00a0<\/span><span class=\"s10\">\u201d, dijo<\/span><\/p>\n","protected":false},"excerpt":{"rendered":"<p>REDACCI\u00d3N NOTI AM\u00c9RICA (ECUADOR) Esta afectaci\u00f3n a la naturaleza no es producto de la miner\u00eda artesanal, sino de la miner\u00eda empresarial ilegal, que ha invertido mucho dinero, y\u00a0se\u00a0ha\u00a0aprovechado de las condiciones de vida de&#46;&#46;&#46;<\/p>\n","protected":false},"author":113,"featured_media":18540,"comment_status":"open","ping_status":"open","sticky":false,"template":"","format":"standard","meta":{"_acf_changed":false,"om_disable_all_campaigns":false,"rop_custom_images_group":[],"rop_custom_messages_group":[],"rop_publish_now":"initial","rop_publish_now_accounts":{"twitter_242054905_242054905":""},"rop_publish_now_history":[],"rop_publish_now_status":"pending","_uf_show_specific_survey":0,"_uf_disable_surveys":false,"footnotes":""},"categories":[1],"tags":[],"class_list":["post-18539","post","type-post","status-publish","format-standard","has-post-thumbnail","hentry","category-uncategorized"],"acf":[],"aioseo_notices":[],"yoast_head":"<!-- This site is optimized with the Yoast SEO Premium plugin v24.9 (Yoast SEO v27.2) - https:\/\/yoast.com\/product\/yoast-seo-premium-wordpress\/ -->\n<title>No hay miner\u00eda artesanal, sino miner\u00eda empresarial en Yutzupino - Ecuador | Noti-America.com<\/title>\n<meta name=\"robots\" content=\"index, follow, max-snippet:-1, max-image-preview:large, max-video-preview:-1\" \/>\n<link rel=\"canonical\" href=\"https:\/\/noti-america.com\/site\/ecuador\/2022\/02\/21\/no-hay-mineria-artesanal-sino-mineria-empresarial-en-yutzupino\/\" \/>\n<meta property=\"og:locale\" content=\"es_ES\" \/>\n<meta property=\"og:type\" content=\"article\" \/>\n<meta property=\"og:title\" content=\"No hay miner\u00eda artesanal, sino miner\u00eda empresarial en Yutzupino\" \/>\n<meta property=\"og:description\" content=\"REDACCI\u00d3N NOTI AM\u00c9RICA (ECUADOR) Esta afectaci\u00f3n a la naturaleza no es producto de la miner\u00eda artesanal, sino de la miner\u00eda empresarial ilegal, que ha invertido mucho dinero, y\u00a0se\u00a0ha\u00a0aprovechado de las condiciones de vida de&#046;&#046;&#046;\" \/>\n<meta property=\"og:url\" content=\"https:\/\/noti-america.com\/site\/ecuador\/2022\/02\/21\/no-hay-mineria-artesanal-sino-mineria-empresarial-en-yutzupino\/\" \/>\n<meta property=\"og:site_name\" content=\"Ecuador | Noti-America.com\" \/>\n<meta property=\"article:published_time\" content=\"2022-02-21T16:35:56+00:00\" \/>\n<meta property=\"og:image\" content=\"https:\/\/noti-america.com\/site\/ecuador\/wp-content\/uploads\/sites\/18\/2022\/02\/21-feb-16AEAC12-877D-4B71-A511-E39DEE8A66E9-300x198-1.jpeg\" \/>\n\t<meta property=\"og:image:width\" content=\"300\" \/>\n\t<meta property=\"og:image:height\" content=\"198\" \/>\n\t<meta property=\"og:image:type\" content=\"image\/jpeg\" \/>\n<meta name=\"author\" content=\"Henry Ortiz\" \/>\n<meta name=\"twitter:card\" content=\"summary_large_image\" \/>\n<meta name=\"twitter:creator\" content=\"@notiamerica\" \/>\n<meta name=\"twitter:site\" content=\"@notiamerica\" \/>\n<meta name=\"twitter:label1\" content=\"Escrito por\" \/>\n\t<meta name=\"twitter:data1\" content=\"Henry Ortiz\" \/>\n\t<meta name=\"twitter:label2\" content=\"Tiempo estimado de lectura\" \/>\n\t<meta name=\"twitter:data2\" content=\"3 minutos\" \/>\n<script type=\"application\/ld+json\" class=\"yoast-schema-graph\">{\"@context\":\"https:\/\/schema.org\",\"@graph\":[{\"@type\":\"Article\",\"@id\":\"https:\/\/noti-america.com\/site\/ecuador\/2022\/02\/21\/no-hay-mineria-artesanal-sino-mineria-empresarial-en-yutzupino\/#article\",\"isPartOf\":{\"@id\":\"https:\/\/noti-america.com\/site\/ecuador\/2022\/02\/21\/no-hay-mineria-artesanal-sino-mineria-empresarial-en-yutzupino\/\"},\"author\":{\"name\":\"Henry Ortiz\",\"@id\":\"https:\/\/noti-america.com\/site\/ecuador\/#\/schema\/person\/b9d1630cc6598af759d45c790a347283\"},\"headline\":\"No hay miner\u00eda artesanal, sino miner\u00eda empresarial en Yutzupino\",\"datePublished\":\"2022-02-21T16:35:56+00:00\",\"mainEntityOfPage\":{\"@id\":\"https:\/\/noti-america.com\/site\/ecuador\/2022\/02\/21\/no-hay-mineria-artesanal-sino-mineria-empresarial-en-yutzupino\/\"},\"wordCount\":453,\"commentCount\":0,\"publisher\":{\"@id\":\"https:\/\/noti-america.com\/site\/ecuador\/#organization\"},\"image\":{\"@id\":\"https:\/\/noti-america.com\/site\/ecuador\/2022\/02\/21\/no-hay-mineria-artesanal-sino-mineria-empresarial-en-yutzupino\/#primaryimage\"},\"thumbnailUrl\":\"https:\/\/noti-america.com\/site\/ecuador\/wp-content\/uploads\/sites\/18\/2022\/02\/21-feb-16AEAC12-877D-4B71-A511-E39DEE8A66E9-300x198-1.jpeg\",\"articleSection\":[\"Uncategorized\"],\"inLanguage\":\"es\",\"potentialAction\":[{\"@type\":\"CommentAction\",\"name\":\"Comment\",\"target\":[\"https:\/\/noti-america.com\/site\/ecuador\/2022\/02\/21\/no-hay-mineria-artesanal-sino-mineria-empresarial-en-yutzupino\/#respond\"]}]},{\"@type\":\"WebPage\",\"@id\":\"https:\/\/noti-america.com\/site\/ecuador\/2022\/02\/21\/no-hay-mineria-artesanal-sino-mineria-empresarial-en-yutzupino\/\",\"url\":\"https:\/\/noti-america.com\/site\/ecuador\/2022\/02\/21\/no-hay-mineria-artesanal-sino-mineria-empresarial-en-yutzupino\/\",\"name\":\"No hay miner\u00eda artesanal, sino miner\u00eda empresarial en Yutzupino - Ecuador | Noti-America.com\",\"isPartOf\":{\"@id\":\"https:\/\/noti-america.com\/site\/ecuador\/#website\"},\"primaryImageOfPage\":{\"@id\":\"https:\/\/noti-america.com\/site\/ecuador\/2022\/02\/21\/no-hay-mineria-artesanal-sino-mineria-empresarial-en-yutzupino\/#primaryimage\"},\"image\":{\"@id\":\"https:\/\/noti-america.com\/site\/ecuador\/2022\/02\/21\/no-hay-mineria-artesanal-sino-mineria-empresarial-en-yutzupino\/#primaryimage\"},\"thumbnailUrl\":\"https:\/\/noti-america.com\/site\/ecuador\/wp-content\/uploads\/sites\/18\/2022\/02\/21-feb-16AEAC12-877D-4B71-A511-E39DEE8A66E9-300x198-1.jpeg\",\"datePublished\":\"2022-02-21T16:35:56+00:00\",\"breadcrumb\":{\"@id\":\"https:\/\/noti-america.com\/site\/ecuador\/2022\/02\/21\/no-hay-mineria-artesanal-sino-mineria-empresarial-en-yutzupino\/#breadcrumb\"},\"inLanguage\":\"es\",\"potentialAction\":[{\"@type\":\"ReadAction\",\"target\":[\"https:\/\/noti-america.com\/site\/ecuador\/2022\/02\/21\/no-hay-mineria-artesanal-sino-mineria-empresarial-en-yutzupino\/\"]}]},{\"@type\":\"ImageObject\",\"inLanguage\":\"es\",\"@id\":\"https:\/\/noti-america.com\/site\/ecuador\/2022\/02\/21\/no-hay-mineria-artesanal-sino-mineria-empresarial-en-yutzupino\/#primaryimage\",\"url\":\"https:\/\/noti-america.com\/site\/ecuador\/wp-content\/uploads\/sites\/18\/2022\/02\/21-feb-16AEAC12-877D-4B71-A511-E39DEE8A66E9-300x198-1.jpeg\",\"contentUrl\":\"https:\/\/noti-america.com\/site\/ecuador\/wp-content\/uploads\/sites\/18\/2022\/02\/21-feb-16AEAC12-877D-4B71-A511-E39DEE8A66E9-300x198-1.jpeg\",\"width\":300,\"height\":198},{\"@type\":\"BreadcrumbList\",\"@id\":\"https:\/\/noti-america.com\/site\/ecuador\/2022\/02\/21\/no-hay-mineria-artesanal-sino-mineria-empresarial-en-yutzupino\/#breadcrumb\",\"itemListElement\":[{\"@type\":\"ListItem\",\"position\":1,\"name\":\"Portada\",\"item\":\"https:\/\/noti-america.com\/site\/ecuador\/\"},{\"@type\":\"ListItem\",\"position\":2,\"name\":\"No hay miner\u00eda artesanal, sino miner\u00eda empresarial en Yutzupino\"}]},{\"@type\":\"WebSite\",\"@id\":\"https:\/\/noti-america.com\/site\/ecuador\/#website\",\"url\":\"https:\/\/noti-america.com\/site\/ecuador\/\",\"name\":\"Ecuador | Noti-America.com\",\"description\":\"\",\"publisher\":{\"@id\":\"https:\/\/noti-america.com\/site\/ecuador\/#organization\"},\"potentialAction\":[{\"@type\":\"SearchAction\",\"target\":{\"@type\":\"EntryPoint\",\"urlTemplate\":\"https:\/\/noti-america.com\/site\/ecuador\/?s={search_term_string}\"},\"query-input\":{\"@type\":\"PropertyValueSpecification\",\"valueRequired\":true,\"valueName\":\"search_term_string\"}}],\"inLanguage\":\"es\"},{\"@type\":\"Organization\",\"@id\":\"https:\/\/noti-america.com\/site\/ecuador\/#organization\",\"name\":\"Noti-America LLC | Ecuador\",\"url\":\"https:\/\/noti-america.com\/site\/ecuador\/\",\"logo\":{\"@type\":\"ImageObject\",\"inLanguage\":\"es\",\"@id\":\"https:\/\/noti-america.com\/site\/ecuador\/#\/schema\/logo\/image\/\",\"url\":\"https:\/\/noti-america.com\/site\/ecuador\/wp-content\/uploads\/sites\/18\/2020\/07\/LogoNA-4x3-1.jpg\",\"contentUrl\":\"https:\/\/noti-america.com\/site\/ecuador\/wp-content\/uploads\/sites\/18\/2020\/07\/LogoNA-4x3-1.jpg\",\"width\":1236,\"height\":1080,\"caption\":\"Noti-America LLC | Ecuador\"},\"image\":{\"@id\":\"https:\/\/noti-america.com\/site\/ecuador\/#\/schema\/logo\/image\/\"},\"sameAs\":[\"https:\/\/x.com\/notiamerica\"]},{\"@type\":\"Person\",\"@id\":\"https:\/\/noti-america.com\/site\/ecuador\/#\/schema\/person\/b9d1630cc6598af759d45c790a347283\",\"name\":\"Henry Ortiz\",\"image\":{\"@type\":\"ImageObject\",\"inLanguage\":\"es\",\"@id\":\"https:\/\/secure.gravatar.com\/avatar\/0b5407b5b302fbb6a578e625dca512ac2983ee5fa9ea941d581b83c40212e4c8?s=96&d=mm&r=g\",\"url\":\"https:\/\/secure.gravatar.com\/avatar\/0b5407b5b302fbb6a578e625dca512ac2983ee5fa9ea941d581b83c40212e4c8?s=96&d=mm&r=g\",\"contentUrl\":\"https:\/\/secure.gravatar.com\/avatar\/0b5407b5b302fbb6a578e625dca512ac2983ee5fa9ea941d581b83c40212e4c8?s=96&d=mm&r=g\",\"caption\":\"Henry Ortiz\"},\"url\":\"https:\/\/noti-america.com\/site\/ecuador\/author\/hortiz\/\"}]}<\/script>\n<!-- \/ Yoast SEO Premium plugin. -->","yoast_head_json":{"title":"No hay miner\u00eda artesanal, sino miner\u00eda empresarial en Yutzupino - Ecuador | Noti-America.com","robots":{"index":"index","follow":"follow","max-snippet":"max-snippet:-1","max-image-preview":"max-image-preview:large","max-video-preview":"max-video-preview:-1"},"canonical":"https:\/\/noti-america.com\/site\/ecuador\/2022\/02\/21\/no-hay-mineria-artesanal-sino-mineria-empresarial-en-yutzupino\/","og_locale":"es_ES","og_type":"article","og_title":"No hay miner\u00eda artesanal, sino miner\u00eda empresarial en Yutzupino","og_description":"REDACCI\u00d3N NOTI AM\u00c9RICA (ECUADOR) Esta afectaci\u00f3n a la naturaleza no es producto de la miner\u00eda artesanal, sino de la miner\u00eda empresarial ilegal, que ha invertido mucho dinero, y\u00a0se\u00a0ha\u00a0aprovechado de las condiciones de vida de&#46;&#46;&#46;","og_url":"https:\/\/noti-america.com\/site\/ecuador\/2022\/02\/21\/no-hay-mineria-artesanal-sino-mineria-empresarial-en-yutzupino\/","og_site_name":"Ecuador | Noti-America.com","article_published_time":"2022-02-21T16:35:56+00:00","og_image":[{"width":300,"height":198,"url":"https:\/\/noti-america.com\/site\/ecuador\/wp-content\/uploads\/sites\/18\/2022\/02\/21-feb-16AEAC12-877D-4B71-A511-E39DEE8A66E9-300x198-1.jpeg","type":"image\/jpeg"}],"author":"Henry Ortiz","twitter_card":"summary_large_image","twitter_creator":"@notiamerica","twitter_site":"@notiamerica","twitter_misc":{"Escrito por":"Henry Ortiz","Tiempo estimado de lectura":"3 minutos"},"schema":{"@context":"https:\/\/schema.org","@graph":[{"@type":"Article","@id":"https:\/\/noti-america.com\/site\/ecuador\/2022\/02\/21\/no-hay-mineria-artesanal-sino-mineria-empresarial-en-yutzupino\/#article","isPartOf":{"@id":"https:\/\/noti-america.com\/site\/ecuador\/2022\/02\/21\/no-hay-mineria-artesanal-sino-mineria-empresarial-en-yutzupino\/"},"author":{"name":"Henry Ortiz","@id":"https:\/\/noti-america.com\/site\/ecuador\/#\/schema\/person\/b9d1630cc6598af759d45c790a347283"},"headline":"No hay miner\u00eda artesanal, sino miner\u00eda empresarial en Yutzupino","datePublished":"2022-02-21T16:35:56+00:00","mainEntityOfPage":{"@id":"https:\/\/noti-america.com\/site\/ecuador\/2022\/02\/21\/no-hay-mineria-artesanal-sino-mineria-empresarial-en-yutzupino\/"},"wordCount":453,"commentCount":0,"publisher":{"@id":"https:\/\/noti-america.com\/site\/ecuador\/#organization"},"image":{"@id":"https:\/\/noti-america.com\/site\/ecuador\/2022\/02\/21\/no-hay-mineria-artesanal-sino-mineria-empresarial-en-yutzupino\/#primaryimage"},"thumbnailUrl":"https:\/\/noti-america.com\/site\/ecuador\/wp-content\/uploads\/sites\/18\/2022\/02\/21-feb-16AEAC12-877D-4B71-A511-E39DEE8A66E9-300x198-1.jpeg","articleSection":["Uncategorized"],"inLanguage":"es","potentialAction":[{"@type":"CommentAction","name":"Comment","target":["https:\/\/noti-america.com\/site\/ecuador\/2022\/02\/21\/no-hay-mineria-artesanal-sino-mineria-empresarial-en-yutzupino\/#respond"]}]},{"@type":"WebPage","@id":"https:\/\/noti-america.com\/site\/ecuador\/2022\/02\/21\/no-hay-mineria-artesanal-sino-mineria-empresarial-en-yutzupino\/","url":"https:\/\/noti-america.com\/site\/ecuador\/2022\/02\/21\/no-hay-mineria-artesanal-sino-mineria-empresarial-en-yutzupino\/","name":"No hay miner\u00eda artesanal, sino miner\u00eda empresarial en Yutzupino - Ecuador | Noti-America.com","isPartOf":{"@id":"https:\/\/noti-america.com\/site\/ecuador\/#website"},"primaryImageOfPage":{"@id":"https:\/\/noti-america.com\/site\/ecuador\/2022\/02\/21\/no-hay-mineria-artesanal-sino-mineria-empresarial-en-yutzupino\/#primaryimage"},"image":{"@id":"https:\/\/noti-america.com\/site\/ecuador\/2022\/02\/21\/no-hay-mineria-artesanal-sino-mineria-empresarial-en-yutzupino\/#primaryimage"},"thumbnailUrl":"https:\/\/noti-america.com\/site\/ecuador\/wp-content\/uploads\/sites\/18\/2022\/02\/21-feb-16AEAC12-877D-4B71-A511-E39DEE8A66E9-300x198-1.jpeg","datePublished":"2022-02-21T16:35:56+00:00","breadcrumb":{"@id":"https:\/\/noti-america.com\/site\/ecuador\/2022\/02\/21\/no-hay-mineria-artesanal-sino-mineria-empresarial-en-yutzupino\/#breadcrumb"},"inLanguage":"es","potentialAction":[{"@type":"ReadAction","target":["https:\/\/noti-america.com\/site\/ecuador\/2022\/02\/21\/no-hay-mineria-artesanal-sino-mineria-empresarial-en-yutzupino\/"]}]},{"@type":"ImageObject","inLanguage":"es","@id":"https:\/\/noti-america.com\/site\/ecuador\/2022\/02\/21\/no-hay-mineria-artesanal-sino-mineria-empresarial-en-yutzupino\/#primaryimage","url":"https:\/\/noti-america.com\/site\/ecuador\/wp-content\/uploads\/sites\/18\/2022\/02\/21-feb-16AEAC12-877D-4B71-A511-E39DEE8A66E9-300x198-1.jpeg","contentUrl":"https:\/\/noti-america.com\/site\/ecuador\/wp-content\/uploads\/sites\/18\/2022\/02\/21-feb-16AEAC12-877D-4B71-A511-E39DEE8A66E9-300x198-1.jpeg","width":300,"height":198},{"@type":"BreadcrumbList","@id":"https:\/\/noti-america.com\/site\/ecuador\/2022\/02\/21\/no-hay-mineria-artesanal-sino-mineria-empresarial-en-yutzupino\/#breadcrumb","itemListElement":[{"@type":"ListItem","position":1,"name":"Portada","item":"https:\/\/noti-america.com\/site\/ecuador\/"},{"@type":"ListItem","position":2,"name":"No hay miner\u00eda artesanal, sino miner\u00eda empresarial en Yutzupino"}]},{"@type":"WebSite","@id":"https:\/\/noti-america.com\/site\/ecuador\/#website","url":"https:\/\/noti-america.com\/site\/ecuador\/","name":"Ecuador | Noti-America.com","description":"","publisher":{"@id":"https:\/\/noti-america.com\/site\/ecuador\/#organization"},"potentialAction":[{"@type":"SearchAction","target":{"@type":"EntryPoint","urlTemplate":"https:\/\/noti-america.com\/site\/ecuador\/?s={search_term_string}"},"query-input":{"@type":"PropertyValueSpecification","valueRequired":true,"valueName":"search_term_string"}}],"inLanguage":"es"},{"@type":"Organization","@id":"https:\/\/noti-america.com\/site\/ecuador\/#organization","name":"Noti-America LLC | Ecuador","url":"https:\/\/noti-america.com\/site\/ecuador\/","logo":{"@type":"ImageObject","inLanguage":"es","@id":"https:\/\/noti-america.com\/site\/ecuador\/#\/schema\/logo\/image\/","url":"https:\/\/noti-america.com\/site\/ecuador\/wp-content\/uploads\/sites\/18\/2020\/07\/LogoNA-4x3-1.jpg","contentUrl":"https:\/\/noti-america.com\/site\/ecuador\/wp-content\/uploads\/sites\/18\/2020\/07\/LogoNA-4x3-1.jpg","width":1236,"height":1080,"caption":"Noti-America LLC | Ecuador"},"image":{"@id":"https:\/\/noti-america.com\/site\/ecuador\/#\/schema\/logo\/image\/"},"sameAs":["https:\/\/x.com\/notiamerica"]},{"@type":"Person","@id":"https:\/\/noti-america.com\/site\/ecuador\/#\/schema\/person\/b9d1630cc6598af759d45c790a347283","name":"Henry Ortiz","image":{"@type":"ImageObject","inLanguage":"es","@id":"https:\/\/secure.gravatar.com\/avatar\/0b5407b5b302fbb6a578e625dca512ac2983ee5fa9ea941d581b83c40212e4c8?s=96&d=mm&r=g","url":"https:\/\/secure.gravatar.com\/avatar\/0b5407b5b302fbb6a578e625dca512ac2983ee5fa9ea941d581b83c40212e4c8?s=96&d=mm&r=g","contentUrl":"https:\/\/secure.gravatar.com\/avatar\/0b5407b5b302fbb6a578e625dca512ac2983ee5fa9ea941d581b83c40212e4c8?s=96&d=mm&r=g","caption":"Henry Ortiz"},"url":"https:\/\/noti-america.com\/site\/ecuador\/author\/hortiz\/"}]}},"_links":{"self":[{"href":"https:\/\/noti-america.com\/site\/ecuador\/wp-json\/wp\/v2\/posts\/18539","targetHints":{"allow":["GET"]}}],"collection":[{"href":"https:\/\/noti-america.com\/site\/ecuador\/wp-json\/wp\/v2\/posts"}],"about":[{"href":"https:\/\/noti-america.com\/site\/ecuador\/wp-json\/wp\/v2\/types\/post"}],"author":[{"embeddable":true,"href":"https:\/\/noti-america.com\/site\/ecuador\/wp-json\/wp\/v2\/users\/113"}],"replies":[{"embeddable":true,"href":"https:\/\/noti-america.com\/site\/ecuador\/wp-json\/wp\/v2\/comments?post=18539"}],"version-history":[{"count":1,"href":"https:\/\/noti-america.com\/site\/ecuador\/wp-json\/wp\/v2\/posts\/18539\/revisions"}],"predecessor-version":[{"id":18541,"href":"https:\/\/noti-america.com\/site\/ecuador\/wp-json\/wp\/v2\/posts\/18539\/revisions\/18541"}],"wp:featuredmedia":[{"embeddable":true,"href":"https:\/\/noti-america.com\/site\/ecuador\/wp-json\/wp\/v2\/media\/18540"}],"wp:attachment":[{"href":"https:\/\/noti-america.com\/site\/ecuador\/wp-json\/wp\/v2\/media?parent=18539"}],"wp:term":[{"taxonomy":"category","embeddable":true,"href":"https:\/\/noti-america.com\/site\/ecuador\/wp-json\/wp\/v2\/categories?post=18539"},{"taxonomy":"post_tag","embeddable":true,"href":"https:\/\/noti-america.com\/site\/ecuador\/wp-json\/wp\/v2\/tags?post=18539"}],"curies":[{"name":"wp","href":"https:\/\/api.w.org\/{rel}","templated":true}]}}