{"id":18480,"date":"2022-02-18T11:38:26","date_gmt":"2022-02-18T11:38:26","guid":{"rendered":"https:\/\/noti-america.com\/site\/ecuador\/?p=18480"},"modified":"2022-02-18T11:38:26","modified_gmt":"2022-02-18T11:38:26","slug":"comision-interamericana-de-educacion-de-la-oea-pide-iniciar-la-reactivacion-postpandemia","status":"publish","type":"post","link":"https:\/\/noti-america.com\/site\/ecuador\/2022\/02\/18\/comision-interamericana-de-educacion-de-la-oea-pide-iniciar-la-reactivacion-postpandemia\/","title":{"rendered":"Comisi\u00f3n Interamericana de Educaci\u00f3n de la OEA pide iniciar la reactivaci\u00f3n postpandemia"},"content":{"rendered":"<p><strong>REDACCI\u00d3N NOTI AM\u00c9RICA (ECUADOR)<\/strong><\/p>\n<p><img loading=\"lazy\" decoding=\"async\" class=\"wp-image-18481 alignright\" src=\"https:\/\/noti-america.com\/site\/ecuador\/wp-content\/uploads\/sites\/18\/2022\/02\/18-feb-descarga-300x65.png\" alt=\"\" width=\"725\" height=\"157\" srcset=\"https:\/\/noti-america.com\/site\/ecuador\/wp-content\/uploads\/sites\/18\/2022\/02\/18-feb-descarga-300x65.png 300w, https:\/\/noti-america.com\/site\/ecuador\/wp-content\/uploads\/sites\/18\/2022\/02\/18-feb-descarga.png 483w\" sizes=\"auto, (max-width: 725px) 100vw, 725px\" \/><\/p>\n<p style=\"text-align: justify\"><em>\u00ab<\/em>Se debe repensar y reimaginar el futuro de los sistemas educativos con el fin de garantizar su equidad y resiliencia, en beneficio de los ni\u00f1os, ni\u00f1as y j\u00f3venes de la regi\u00f3n\u00bb<\/p>\n<p style=\"text-align: justify\">Este fue el criterio expuesto por la ministra de Educaci\u00f3n Mar\u00eda Brown P\u00e9rez, en su en calidad de vicepresidenta de la Comisi\u00f3n Interamericana de Educaci\u00f3n, quien particip\u00f3 de manera virtual en la primera Reuni\u00f3n Extraordinaria de la Comisi\u00f3n Interamericana de Educaci\u00f3n (CIE) de la Organizaci\u00f3n de Estados Americanos.<\/p>\n<p style=\"text-align: justify\">En el encuentro se profundiz\u00f3 la segunda fase de la Agenda Educativa Interamericana (2022-2027), que promueve el di\u00e1logo pol\u00edtico y la cooperaci\u00f3n entre los Ministerios de Educaci\u00f3n de los Estados Miembros de la OEA.<\/p>\n<p style=\"text-align: justify\">La reuni\u00f3n estuvo presidida por el ministro de Educaci\u00f3n de Argentina Jaime Perczyk en calidad de Presidente de la CIE; en conjunto con la ministra de Educaci\u00f3n de Ecuador, Mar\u00eda Brown P\u00e9rez en calidad de Vicepresidenta.<\/p>\n<p style=\"text-align: justify\">En la reuni\u00f3n se dio a conocer que los Ministerios de Educaci\u00f3n de las Am\u00e9ricas han enfocado su trabajo para garantizar la continuidad de la educaci\u00f3n en los diferentes niveles del sistema educativo, promoviendo la atenci\u00f3n en los m\u00e1s afectados por la pandemia, as\u00ed como la importancia del retorno a las aulas de manera segura.<\/p>\n<p style=\"text-align: justify\">Tambi\u00e9n se discutieron las l\u00edneas de trabajo de la segunda fase de la Agenda Educativa Interamericana (2022-2027):<\/p>\n<p style=\"text-align: justify\"><em><strong>Enfoque sist\u00e9mico para la construcci\u00f3n de sistemas educativos resilientes<\/strong><\/em><\/p>\n<ul style=\"text-align: justify\">\n<li>Recuperaci\u00f3n, reparaci\u00f3n y reactivaci\u00f3n del sector educativo postpandemia.<\/li>\n<li>Uso de nuevas tecnolog\u00edas en la educaci\u00f3n y la agenda educativa digital.<\/li>\n<li>Desarrollo profesional y capacitaci\u00f3n docente.<\/li>\n<li>Educaci\u00f3n para la mitigaci\u00f3n del cambio clim\u00e1tico.<\/li>\n<li>Agenda de investigaciones vinculadas a los sistemas educativos nacionales y regionales<\/li>\n<\/ul>\n<p style=\"text-align: justify\"><strong>Agenda intersectorial<\/strong><\/p>\n<ul style=\"text-align: justify\">\n<li>Movilidad estudiantil y reconocimiento de estudios entre los pa\u00edses de la regi\u00f3n.<\/li>\n<li>Desarrollo profesional y formaci\u00f3n docente articulada entre los pa\u00edses de la regi\u00f3n.<\/li>\n<li>Relaci\u00f3n entre educaci\u00f3n, empleo y el desarrollo de los pa\u00edses.<\/li>\n<li>Desarrollo de ambientes escolares saludables.<\/li>\n<\/ul>\n<p style=\"text-align: justify\">Estas reuniones son un espacio de di\u00e1logo para el trabajo colaborativo con todos los pa\u00edses de las Am\u00e9ricas, que se fortalece y ejecuta a trav\u00e9s de la cooperaci\u00f3n interamericana, para garantizar una educaci\u00f3n de calidad, inclusiva y con equidad, y promover oportunidades de aprendizaje permanente para todos.<\/p>\n","protected":false},"excerpt":{"rendered":"<p>REDACCI\u00d3N NOTI AM\u00c9RICA (ECUADOR) \u00abSe debe repensar y reimaginar el futuro de los sistemas educativos con el fin de garantizar su equidad y resiliencia, en beneficio de los ni\u00f1os, ni\u00f1as y j\u00f3venes de la&#46;&#46;&#46;<\/p>\n","protected":false},"author":113,"featured_media":18481,"comment_status":"open","ping_status":"open","sticky":false,"template":"","format":"standard","meta":{"_acf_changed":false,"om_disable_all_campaigns":false,"rop_custom_images_group":[],"rop_custom_messages_group":[],"rop_publish_now":"initial","rop_publish_now_accounts":{"twitter_242054905_242054905":""},"rop_publish_now_history":[],"rop_publish_now_status":"pending","_uf_show_specific_survey":0,"_uf_disable_surveys":false,"footnotes":""},"categories":[103],"tags":[],"class_list":["post-18480","post","type-post","status-publish","format-standard","has-post-thumbnail","hentry","category-educacion"],"acf":[],"aioseo_notices":[],"yoast_head":"<!-- This site is optimized with the Yoast SEO Premium plugin v24.9 (Yoast SEO v27.2) - https:\/\/yoast.com\/product\/yoast-seo-premium-wordpress\/ -->\n<title>Comisi\u00f3n Interamericana de Educaci\u00f3n de la OEA pide iniciar la reactivaci\u00f3n postpandemia - Ecuador | Noti-America.com<\/title>\n<meta name=\"robots\" content=\"index, follow, max-snippet:-1, max-image-preview:large, max-video-preview:-1\" \/>\n<link rel=\"canonical\" href=\"https:\/\/noti-america.com\/site\/ecuador\/2022\/02\/18\/comision-interamericana-de-educacion-de-la-oea-pide-iniciar-la-reactivacion-postpandemia\/\" \/>\n<meta property=\"og:locale\" content=\"es_ES\" \/>\n<meta property=\"og:type\" content=\"article\" \/>\n<meta property=\"og:title\" content=\"Comisi\u00f3n Interamericana de Educaci\u00f3n de la OEA pide iniciar la reactivaci\u00f3n postpandemia\" \/>\n<meta property=\"og:description\" content=\"REDACCI\u00d3N NOTI AM\u00c9RICA (ECUADOR) \u00abSe debe repensar y reimaginar el futuro de los sistemas educativos con el fin de garantizar su equidad y resiliencia, en beneficio de los ni\u00f1os, ni\u00f1as y j\u00f3venes de la&#046;&#046;&#046;\" \/>\n<meta property=\"og:url\" content=\"https:\/\/noti-america.com\/site\/ecuador\/2022\/02\/18\/comision-interamericana-de-educacion-de-la-oea-pide-iniciar-la-reactivacion-postpandemia\/\" \/>\n<meta property=\"og:site_name\" content=\"Ecuador | Noti-America.com\" \/>\n<meta property=\"article:published_time\" content=\"2022-02-18T11:38:26+00:00\" \/>\n<meta property=\"og:image\" content=\"https:\/\/noti-america.com\/site\/ecuador\/wp-content\/uploads\/sites\/18\/2022\/02\/18-feb-descarga.png\" \/>\n\t<meta property=\"og:image:width\" content=\"483\" \/>\n\t<meta property=\"og:image:height\" content=\"104\" \/>\n\t<meta property=\"og:image:type\" content=\"image\/png\" \/>\n<meta name=\"author\" content=\"Henry Ortiz\" \/>\n<meta name=\"twitter:card\" content=\"summary_large_image\" \/>\n<meta name=\"twitter:creator\" content=\"@notiamerica\" \/>\n<meta name=\"twitter:site\" content=\"@notiamerica\" \/>\n<meta name=\"twitter:label1\" content=\"Escrito por\" \/>\n\t<meta name=\"twitter:data1\" content=\"Henry Ortiz\" \/>\n\t<meta name=\"twitter:label2\" content=\"Tiempo estimado de lectura\" \/>\n\t<meta name=\"twitter:data2\" content=\"2 minutos\" \/>\n<script type=\"application\/ld+json\" class=\"yoast-schema-graph\">{\"@context\":\"https:\/\/schema.org\",\"@graph\":[{\"@type\":\"Article\",\"@id\":\"https:\/\/noti-america.com\/site\/ecuador\/2022\/02\/18\/comision-interamericana-de-educacion-de-la-oea-pide-iniciar-la-reactivacion-postpandemia\/#article\",\"isPartOf\":{\"@id\":\"https:\/\/noti-america.com\/site\/ecuador\/2022\/02\/18\/comision-interamericana-de-educacion-de-la-oea-pide-iniciar-la-reactivacion-postpandemia\/\"},\"author\":{\"name\":\"Henry Ortiz\",\"@id\":\"https:\/\/noti-america.com\/site\/ecuador\/#\/schema\/person\/b9d1630cc6598af759d45c790a347283\"},\"headline\":\"Comisi\u00f3n Interamericana de Educaci\u00f3n de la OEA pide iniciar la reactivaci\u00f3n postpandemia\",\"datePublished\":\"2022-02-18T11:38:26+00:00\",\"mainEntityOfPage\":{\"@id\":\"https:\/\/noti-america.com\/site\/ecuador\/2022\/02\/18\/comision-interamericana-de-educacion-de-la-oea-pide-iniciar-la-reactivacion-postpandemia\/\"},\"wordCount\":437,\"commentCount\":0,\"publisher\":{\"@id\":\"https:\/\/noti-america.com\/site\/ecuador\/#organization\"},\"image\":{\"@id\":\"https:\/\/noti-america.com\/site\/ecuador\/2022\/02\/18\/comision-interamericana-de-educacion-de-la-oea-pide-iniciar-la-reactivacion-postpandemia\/#primaryimage\"},\"thumbnailUrl\":\"https:\/\/noti-america.com\/site\/ecuador\/wp-content\/uploads\/sites\/18\/2022\/02\/18-feb-descarga.png\",\"articleSection\":[\"Educaci\u00f3n\"],\"inLanguage\":\"es\",\"potentialAction\":[{\"@type\":\"CommentAction\",\"name\":\"Comment\",\"target\":[\"https:\/\/noti-america.com\/site\/ecuador\/2022\/02\/18\/comision-interamericana-de-educacion-de-la-oea-pide-iniciar-la-reactivacion-postpandemia\/#respond\"]}]},{\"@type\":\"WebPage\",\"@id\":\"https:\/\/noti-america.com\/site\/ecuador\/2022\/02\/18\/comision-interamericana-de-educacion-de-la-oea-pide-iniciar-la-reactivacion-postpandemia\/\",\"url\":\"https:\/\/noti-america.com\/site\/ecuador\/2022\/02\/18\/comision-interamericana-de-educacion-de-la-oea-pide-iniciar-la-reactivacion-postpandemia\/\",\"name\":\"Comisi\u00f3n Interamericana de Educaci\u00f3n de la OEA pide iniciar la reactivaci\u00f3n postpandemia - Ecuador | Noti-America.com\",\"isPartOf\":{\"@id\":\"https:\/\/noti-america.com\/site\/ecuador\/#website\"},\"primaryImageOfPage\":{\"@id\":\"https:\/\/noti-america.com\/site\/ecuador\/2022\/02\/18\/comision-interamericana-de-educacion-de-la-oea-pide-iniciar-la-reactivacion-postpandemia\/#primaryimage\"},\"image\":{\"@id\":\"https:\/\/noti-america.com\/site\/ecuador\/2022\/02\/18\/comision-interamericana-de-educacion-de-la-oea-pide-iniciar-la-reactivacion-postpandemia\/#primaryimage\"},\"thumbnailUrl\":\"https:\/\/noti-america.com\/site\/ecuador\/wp-content\/uploads\/sites\/18\/2022\/02\/18-feb-descarga.png\",\"datePublished\":\"2022-02-18T11:38:26+00:00\",\"breadcrumb\":{\"@id\":\"https:\/\/noti-america.com\/site\/ecuador\/2022\/02\/18\/comision-interamericana-de-educacion-de-la-oea-pide-iniciar-la-reactivacion-postpandemia\/#breadcrumb\"},\"inLanguage\":\"es\",\"potentialAction\":[{\"@type\":\"ReadAction\",\"target\":[\"https:\/\/noti-america.com\/site\/ecuador\/2022\/02\/18\/comision-interamericana-de-educacion-de-la-oea-pide-iniciar-la-reactivacion-postpandemia\/\"]}]},{\"@type\":\"ImageObject\",\"inLanguage\":\"es\",\"@id\":\"https:\/\/noti-america.com\/site\/ecuador\/2022\/02\/18\/comision-interamericana-de-educacion-de-la-oea-pide-iniciar-la-reactivacion-postpandemia\/#primaryimage\",\"url\":\"https:\/\/noti-america.com\/site\/ecuador\/wp-content\/uploads\/sites\/18\/2022\/02\/18-feb-descarga.png\",\"contentUrl\":\"https:\/\/noti-america.com\/site\/ecuador\/wp-content\/uploads\/sites\/18\/2022\/02\/18-feb-descarga.png\",\"width\":483,\"height\":104},{\"@type\":\"BreadcrumbList\",\"@id\":\"https:\/\/noti-america.com\/site\/ecuador\/2022\/02\/18\/comision-interamericana-de-educacion-de-la-oea-pide-iniciar-la-reactivacion-postpandemia\/#breadcrumb\",\"itemListElement\":[{\"@type\":\"ListItem\",\"position\":1,\"name\":\"Portada\",\"item\":\"https:\/\/noti-america.com\/site\/ecuador\/\"},{\"@type\":\"ListItem\",\"position\":2,\"name\":\"Comisi\u00f3n Interamericana de Educaci\u00f3n de la OEA pide iniciar la reactivaci\u00f3n postpandemia\"}]},{\"@type\":\"WebSite\",\"@id\":\"https:\/\/noti-america.com\/site\/ecuador\/#website\",\"url\":\"https:\/\/noti-america.com\/site\/ecuador\/\",\"name\":\"Ecuador | Noti-America.com\",\"description\":\"\",\"publisher\":{\"@id\":\"https:\/\/noti-america.com\/site\/ecuador\/#organization\"},\"potentialAction\":[{\"@type\":\"SearchAction\",\"target\":{\"@type\":\"EntryPoint\",\"urlTemplate\":\"https:\/\/noti-america.com\/site\/ecuador\/?s={search_term_string}\"},\"query-input\":{\"@type\":\"PropertyValueSpecification\",\"valueRequired\":true,\"valueName\":\"search_term_string\"}}],\"inLanguage\":\"es\"},{\"@type\":\"Organization\",\"@id\":\"https:\/\/noti-america.com\/site\/ecuador\/#organization\",\"name\":\"Noti-America LLC | Ecuador\",\"url\":\"https:\/\/noti-america.com\/site\/ecuador\/\",\"logo\":{\"@type\":\"ImageObject\",\"inLanguage\":\"es\",\"@id\":\"https:\/\/noti-america.com\/site\/ecuador\/#\/schema\/logo\/image\/\",\"url\":\"https:\/\/noti-america.com\/site\/ecuador\/wp-content\/uploads\/sites\/18\/2020\/07\/LogoNA-4x3-1.jpg\",\"contentUrl\":\"https:\/\/noti-america.com\/site\/ecuador\/wp-content\/uploads\/sites\/18\/2020\/07\/LogoNA-4x3-1.jpg\",\"width\":1236,\"height\":1080,\"caption\":\"Noti-America LLC | Ecuador\"},\"image\":{\"@id\":\"https:\/\/noti-america.com\/site\/ecuador\/#\/schema\/logo\/image\/\"},\"sameAs\":[\"https:\/\/x.com\/notiamerica\"]},{\"@type\":\"Person\",\"@id\":\"https:\/\/noti-america.com\/site\/ecuador\/#\/schema\/person\/b9d1630cc6598af759d45c790a347283\",\"name\":\"Henry Ortiz\",\"image\":{\"@type\":\"ImageObject\",\"inLanguage\":\"es\",\"@id\":\"https:\/\/secure.gravatar.com\/avatar\/0b5407b5b302fbb6a578e625dca512ac2983ee5fa9ea941d581b83c40212e4c8?s=96&d=mm&r=g\",\"url\":\"https:\/\/secure.gravatar.com\/avatar\/0b5407b5b302fbb6a578e625dca512ac2983ee5fa9ea941d581b83c40212e4c8?s=96&d=mm&r=g\",\"contentUrl\":\"https:\/\/secure.gravatar.com\/avatar\/0b5407b5b302fbb6a578e625dca512ac2983ee5fa9ea941d581b83c40212e4c8?s=96&d=mm&r=g\",\"caption\":\"Henry Ortiz\"},\"url\":\"https:\/\/noti-america.com\/site\/ecuador\/author\/hortiz\/\"}]}<\/script>\n<!-- \/ Yoast SEO Premium plugin. -->","yoast_head_json":{"title":"Comisi\u00f3n Interamericana de Educaci\u00f3n de la OEA pide iniciar la reactivaci\u00f3n postpandemia - Ecuador | Noti-America.com","robots":{"index":"index","follow":"follow","max-snippet":"max-snippet:-1","max-image-preview":"max-image-preview:large","max-video-preview":"max-video-preview:-1"},"canonical":"https:\/\/noti-america.com\/site\/ecuador\/2022\/02\/18\/comision-interamericana-de-educacion-de-la-oea-pide-iniciar-la-reactivacion-postpandemia\/","og_locale":"es_ES","og_type":"article","og_title":"Comisi\u00f3n Interamericana de Educaci\u00f3n de la OEA pide iniciar la reactivaci\u00f3n postpandemia","og_description":"REDACCI\u00d3N NOTI AM\u00c9RICA (ECUADOR) \u00abSe debe repensar y reimaginar el futuro de los sistemas educativos con el fin de garantizar su equidad y resiliencia, en beneficio de los ni\u00f1os, ni\u00f1as y j\u00f3venes de la&#46;&#46;&#46;","og_url":"https:\/\/noti-america.com\/site\/ecuador\/2022\/02\/18\/comision-interamericana-de-educacion-de-la-oea-pide-iniciar-la-reactivacion-postpandemia\/","og_site_name":"Ecuador | Noti-America.com","article_published_time":"2022-02-18T11:38:26+00:00","og_image":[{"width":483,"height":104,"url":"https:\/\/noti-america.com\/site\/ecuador\/wp-content\/uploads\/sites\/18\/2022\/02\/18-feb-descarga.png","type":"image\/png"}],"author":"Henry Ortiz","twitter_card":"summary_large_image","twitter_creator":"@notiamerica","twitter_site":"@notiamerica","twitter_misc":{"Escrito por":"Henry Ortiz","Tiempo estimado de lectura":"2 minutos"},"schema":{"@context":"https:\/\/schema.org","@graph":[{"@type":"Article","@id":"https:\/\/noti-america.com\/site\/ecuador\/2022\/02\/18\/comision-interamericana-de-educacion-de-la-oea-pide-iniciar-la-reactivacion-postpandemia\/#article","isPartOf":{"@id":"https:\/\/noti-america.com\/site\/ecuador\/2022\/02\/18\/comision-interamericana-de-educacion-de-la-oea-pide-iniciar-la-reactivacion-postpandemia\/"},"author":{"name":"Henry Ortiz","@id":"https:\/\/noti-america.com\/site\/ecuador\/#\/schema\/person\/b9d1630cc6598af759d45c790a347283"},"headline":"Comisi\u00f3n Interamericana de Educaci\u00f3n de la OEA pide iniciar la reactivaci\u00f3n postpandemia","datePublished":"2022-02-18T11:38:26+00:00","mainEntityOfPage":{"@id":"https:\/\/noti-america.com\/site\/ecuador\/2022\/02\/18\/comision-interamericana-de-educacion-de-la-oea-pide-iniciar-la-reactivacion-postpandemia\/"},"wordCount":437,"commentCount":0,"publisher":{"@id":"https:\/\/noti-america.com\/site\/ecuador\/#organization"},"image":{"@id":"https:\/\/noti-america.com\/site\/ecuador\/2022\/02\/18\/comision-interamericana-de-educacion-de-la-oea-pide-iniciar-la-reactivacion-postpandemia\/#primaryimage"},"thumbnailUrl":"https:\/\/noti-america.com\/site\/ecuador\/wp-content\/uploads\/sites\/18\/2022\/02\/18-feb-descarga.png","articleSection":["Educaci\u00f3n"],"inLanguage":"es","potentialAction":[{"@type":"CommentAction","name":"Comment","target":["https:\/\/noti-america.com\/site\/ecuador\/2022\/02\/18\/comision-interamericana-de-educacion-de-la-oea-pide-iniciar-la-reactivacion-postpandemia\/#respond"]}]},{"@type":"WebPage","@id":"https:\/\/noti-america.com\/site\/ecuador\/2022\/02\/18\/comision-interamericana-de-educacion-de-la-oea-pide-iniciar-la-reactivacion-postpandemia\/","url":"https:\/\/noti-america.com\/site\/ecuador\/2022\/02\/18\/comision-interamericana-de-educacion-de-la-oea-pide-iniciar-la-reactivacion-postpandemia\/","name":"Comisi\u00f3n Interamericana de Educaci\u00f3n de la OEA pide iniciar la reactivaci\u00f3n postpandemia - Ecuador | Noti-America.com","isPartOf":{"@id":"https:\/\/noti-america.com\/site\/ecuador\/#website"},"primaryImageOfPage":{"@id":"https:\/\/noti-america.com\/site\/ecuador\/2022\/02\/18\/comision-interamericana-de-educacion-de-la-oea-pide-iniciar-la-reactivacion-postpandemia\/#primaryimage"},"image":{"@id":"https:\/\/noti-america.com\/site\/ecuador\/2022\/02\/18\/comision-interamericana-de-educacion-de-la-oea-pide-iniciar-la-reactivacion-postpandemia\/#primaryimage"},"thumbnailUrl":"https:\/\/noti-america.com\/site\/ecuador\/wp-content\/uploads\/sites\/18\/2022\/02\/18-feb-descarga.png","datePublished":"2022-02-18T11:38:26+00:00","breadcrumb":{"@id":"https:\/\/noti-america.com\/site\/ecuador\/2022\/02\/18\/comision-interamericana-de-educacion-de-la-oea-pide-iniciar-la-reactivacion-postpandemia\/#breadcrumb"},"inLanguage":"es","potentialAction":[{"@type":"ReadAction","target":["https:\/\/noti-america.com\/site\/ecuador\/2022\/02\/18\/comision-interamericana-de-educacion-de-la-oea-pide-iniciar-la-reactivacion-postpandemia\/"]}]},{"@type":"ImageObject","inLanguage":"es","@id":"https:\/\/noti-america.com\/site\/ecuador\/2022\/02\/18\/comision-interamericana-de-educacion-de-la-oea-pide-iniciar-la-reactivacion-postpandemia\/#primaryimage","url":"https:\/\/noti-america.com\/site\/ecuador\/wp-content\/uploads\/sites\/18\/2022\/02\/18-feb-descarga.png","contentUrl":"https:\/\/noti-america.com\/site\/ecuador\/wp-content\/uploads\/sites\/18\/2022\/02\/18-feb-descarga.png","width":483,"height":104},{"@type":"BreadcrumbList","@id":"https:\/\/noti-america.com\/site\/ecuador\/2022\/02\/18\/comision-interamericana-de-educacion-de-la-oea-pide-iniciar-la-reactivacion-postpandemia\/#breadcrumb","itemListElement":[{"@type":"ListItem","position":1,"name":"Portada","item":"https:\/\/noti-america.com\/site\/ecuador\/"},{"@type":"ListItem","position":2,"name":"Comisi\u00f3n Interamericana de Educaci\u00f3n de la OEA pide iniciar la reactivaci\u00f3n postpandemia"}]},{"@type":"WebSite","@id":"https:\/\/noti-america.com\/site\/ecuador\/#website","url":"https:\/\/noti-america.com\/site\/ecuador\/","name":"Ecuador | Noti-America.com","description":"","publisher":{"@id":"https:\/\/noti-america.com\/site\/ecuador\/#organization"},"potentialAction":[{"@type":"SearchAction","target":{"@type":"EntryPoint","urlTemplate":"https:\/\/noti-america.com\/site\/ecuador\/?s={search_term_string}"},"query-input":{"@type":"PropertyValueSpecification","valueRequired":true,"valueName":"search_term_string"}}],"inLanguage":"es"},{"@type":"Organization","@id":"https:\/\/noti-america.com\/site\/ecuador\/#organization","name":"Noti-America LLC | Ecuador","url":"https:\/\/noti-america.com\/site\/ecuador\/","logo":{"@type":"ImageObject","inLanguage":"es","@id":"https:\/\/noti-america.com\/site\/ecuador\/#\/schema\/logo\/image\/","url":"https:\/\/noti-america.com\/site\/ecuador\/wp-content\/uploads\/sites\/18\/2020\/07\/LogoNA-4x3-1.jpg","contentUrl":"https:\/\/noti-america.com\/site\/ecuador\/wp-content\/uploads\/sites\/18\/2020\/07\/LogoNA-4x3-1.jpg","width":1236,"height":1080,"caption":"Noti-America LLC | Ecuador"},"image":{"@id":"https:\/\/noti-america.com\/site\/ecuador\/#\/schema\/logo\/image\/"},"sameAs":["https:\/\/x.com\/notiamerica"]},{"@type":"Person","@id":"https:\/\/noti-america.com\/site\/ecuador\/#\/schema\/person\/b9d1630cc6598af759d45c790a347283","name":"Henry Ortiz","image":{"@type":"ImageObject","inLanguage":"es","@id":"https:\/\/secure.gravatar.com\/avatar\/0b5407b5b302fbb6a578e625dca512ac2983ee5fa9ea941d581b83c40212e4c8?s=96&d=mm&r=g","url":"https:\/\/secure.gravatar.com\/avatar\/0b5407b5b302fbb6a578e625dca512ac2983ee5fa9ea941d581b83c40212e4c8?s=96&d=mm&r=g","contentUrl":"https:\/\/secure.gravatar.com\/avatar\/0b5407b5b302fbb6a578e625dca512ac2983ee5fa9ea941d581b83c40212e4c8?s=96&d=mm&r=g","caption":"Henry Ortiz"},"url":"https:\/\/noti-america.com\/site\/ecuador\/author\/hortiz\/"}]}},"_links":{"self":[{"href":"https:\/\/noti-america.com\/site\/ecuador\/wp-json\/wp\/v2\/posts\/18480","targetHints":{"allow":["GET"]}}],"collection":[{"href":"https:\/\/noti-america.com\/site\/ecuador\/wp-json\/wp\/v2\/posts"}],"about":[{"href":"https:\/\/noti-america.com\/site\/ecuador\/wp-json\/wp\/v2\/types\/post"}],"author":[{"embeddable":true,"href":"https:\/\/noti-america.com\/site\/ecuador\/wp-json\/wp\/v2\/users\/113"}],"replies":[{"embeddable":true,"href":"https:\/\/noti-america.com\/site\/ecuador\/wp-json\/wp\/v2\/comments?post=18480"}],"version-history":[{"count":1,"href":"https:\/\/noti-america.com\/site\/ecuador\/wp-json\/wp\/v2\/posts\/18480\/revisions"}],"predecessor-version":[{"id":18482,"href":"https:\/\/noti-america.com\/site\/ecuador\/wp-json\/wp\/v2\/posts\/18480\/revisions\/18482"}],"wp:featuredmedia":[{"embeddable":true,"href":"https:\/\/noti-america.com\/site\/ecuador\/wp-json\/wp\/v2\/media\/18481"}],"wp:attachment":[{"href":"https:\/\/noti-america.com\/site\/ecuador\/wp-json\/wp\/v2\/media?parent=18480"}],"wp:term":[{"taxonomy":"category","embeddable":true,"href":"https:\/\/noti-america.com\/site\/ecuador\/wp-json\/wp\/v2\/categories?post=18480"},{"taxonomy":"post_tag","embeddable":true,"href":"https:\/\/noti-america.com\/site\/ecuador\/wp-json\/wp\/v2\/tags?post=18480"}],"curies":[{"name":"wp","href":"https:\/\/api.w.org\/{rel}","templated":true}]}}