{"id":18464,"date":"2022-02-17T15:09:09","date_gmt":"2022-02-17T15:09:09","guid":{"rendered":"https:\/\/noti-america.com\/site\/ecuador\/?p=18464"},"modified":"2022-02-17T15:09:09","modified_gmt":"2022-02-17T15:09:09","slug":"mesas-de-dialogo-se-desarrollaron-en-la-iv-reunion-del-consejo-de-comercio-e-inversiones","status":"publish","type":"post","link":"https:\/\/noti-america.com\/site\/ecuador\/2022\/02\/17\/mesas-de-dialogo-se-desarrollaron-en-la-iv-reunion-del-consejo-de-comercio-e-inversiones\/","title":{"rendered":"Mesas de di\u00e1logo se desarrollaron en la \u00abIV reuni\u00f3n del Consejo de Comercio e Inversiones\u00bb"},"content":{"rendered":"<p><strong>REDACCI\u00d3N NOTI AM\u00c9RICA (ECUADOR)<\/strong><\/p>\n<div id=\"attachment_18465\" style=\"width: 681px\" class=\"wp-caption alignright\"><img loading=\"lazy\" decoding=\"async\" aria-describedby=\"caption-attachment-18465\" class=\"wp-image-18465\" src=\"https:\/\/noti-america.com\/site\/ecuador\/wp-content\/uploads\/sites\/18\/2022\/02\/15-feb-IMG-20220216-WA0030-300x200.jpg\" alt=\"\" width=\"671\" height=\"447\" srcset=\"https:\/\/noti-america.com\/site\/ecuador\/wp-content\/uploads\/sites\/18\/2022\/02\/15-feb-IMG-20220216-WA0030-300x200.jpg 300w, https:\/\/noti-america.com\/site\/ecuador\/wp-content\/uploads\/sites\/18\/2022\/02\/15-feb-IMG-20220216-WA0030-1024x682.jpg 1024w, https:\/\/noti-america.com\/site\/ecuador\/wp-content\/uploads\/sites\/18\/2022\/02\/15-feb-IMG-20220216-WA0030-768x512.jpg 768w, https:\/\/noti-america.com\/site\/ecuador\/wp-content\/uploads\/sites\/18\/2022\/02\/15-feb-IMG-20220216-WA0030-272x182.jpg 272w, https:\/\/noti-america.com\/site\/ecuador\/wp-content\/uploads\/sites\/18\/2022\/02\/15-feb-IMG-20220216-WA0030.jpg 1280w\" sizes=\"auto, (max-width: 671px) 100vw, 671px\" \/><p id=\"caption-attachment-18465\" class=\"wp-caption-text\">Consta los funcionarios estadounidenses y ecuatorianos en el encuentro de Guayaquil.<\/p><\/div>\n<p style=\"text-align: justify\">El Ministerio de Producci\u00f3n y la Embajada de Ecuador en Estados Unidos recibieron,\u00a0 en Guayaquil, a la delegaci\u00f3n de la Oficina del Representante de Comercio de los Estados Unidos (USTR, por sus siglas en ingl\u00e9s) para ejecutar la IV reuni\u00f3n del Consejo de Comercio e Inversiones con los Estados Unidos (TIC, por siglas en ingl\u00e9s).<\/p>\n<p style=\"text-align: justify\">Para consolidar los avances, funcionarios del MPCEIP y del USTR mantuvieron mesas t\u00e9cnicas en las que dialogaron sobre varios temas de inter\u00e9s bilateral: asuntos agr\u00edcolas, laborales y medio ambiente. La propuesta de acciones para profundizar las relaciones comerciales, mejorar los procesos de importaci\u00f3n y exportaci\u00f3n, el fortalecimiento de los compromisos en materia laboral y ambiental para una producci\u00f3n m\u00e1s sostenible, fueron el centro de discusi\u00f3n.<\/p>\n<p style=\"text-align: justify\">Tambi\u00e9n mipymes, emprendedores, l\u00edderes de grupos ind\u00edgenas y de mujeres, dialogaron con la delegaci\u00f3n estadounidense sobre su participaci\u00f3n en el comercio internacional y escucharon de primera mano planteamientos que puedan aportar a su internacionalizaci\u00f3n.<\/p>\n<p style=\"text-align: justify\">El 82% de las empresas vinculadas a las exportaciones no petroleras hacia Estados Unidos son mipymes o pertenecen a la Econom\u00eda Popular y Solidaria.<\/p>\n<p style=\"text-align: justify\">Son estos importantes sectores de la econom\u00eda, los que tambi\u00e9n se beneficiar\u00eda directamente del fortalecimiento comercial con este pa\u00eds.<\/p>\n<p style=\"text-align: justify\">Los beneficios del Protocolo al Acuerdo del Consejo de Comercio e Inversiones (Acuerdo de Primera Fase), en vigor desde agosto de 2021, fueron analizados para identificar compromisos y dar cumplimiento con los aspectos relacionados a la Facilitaci\u00f3n del Comercio y las Buenas Pr\u00e1cticas Regulatorias.<\/p>\n<p style=\"text-align: justify\">El Ministro de Producci\u00f3n, Comercio Exterior, Inversiones y Pesca, Julio Jos\u00e9 Prado, manifest\u00f3 la importancia que este espacio representa para profundizar y avanzar en las relaciones comerciales con Estados Unidos, principal socio comercial de Ecuador.<\/p>\n<p style=\"text-align: justify\">El Embajador Jayme White, Representante Comercial Adjunto, expres\u00f3 la voluntad de continuar el di\u00e1logo t\u00e9cnico y analizar v\u00edas de cooperaci\u00f3n entre ambos pa\u00edses, en concordancia con lo dispuesto en esta jornada del TIC.<\/p>\n<p style=\"text-align: justify\">\n","protected":false},"excerpt":{"rendered":"<p>REDACCI\u00d3N NOTI AM\u00c9RICA (ECUADOR) El Ministerio de Producci\u00f3n y la Embajada de Ecuador en Estados Unidos recibieron,\u00a0 en Guayaquil, a la delegaci\u00f3n de la Oficina del Representante de Comercio de los Estados Unidos (USTR,&#46;&#46;&#46;<\/p>\n","protected":false},"author":113,"featured_media":18465,"comment_status":"open","ping_status":"open","sticky":false,"template":"","format":"standard","meta":{"_acf_changed":false,"om_disable_all_campaigns":false,"rop_custom_images_group":[],"rop_custom_messages_group":[],"rop_publish_now":"initial","rop_publish_now_accounts":{"twitter_242054905_242054905":""},"rop_publish_now_history":[],"rop_publish_now_status":"pending","_uf_show_specific_survey":0,"_uf_disable_surveys":false,"footnotes":""},"categories":[5],"tags":[],"class_list":["post-18464","post","type-post","status-publish","format-standard","has-post-thumbnail","hentry","category-economia"],"acf":[],"aioseo_notices":[],"yoast_head":"<!-- This site is optimized with the Yoast SEO Premium plugin v24.9 (Yoast SEO v27.2) - https:\/\/yoast.com\/product\/yoast-seo-premium-wordpress\/ -->\n<title>Mesas de di\u00e1logo se desarrollaron en la &quot;IV reuni\u00f3n del Consejo de Comercio e Inversiones&quot; - Ecuador | Noti-America.com<\/title>\n<meta name=\"robots\" content=\"index, follow, max-snippet:-1, max-image-preview:large, max-video-preview:-1\" \/>\n<link rel=\"canonical\" href=\"https:\/\/noti-america.com\/site\/ecuador\/2022\/02\/17\/mesas-de-dialogo-se-desarrollaron-en-la-iv-reunion-del-consejo-de-comercio-e-inversiones\/\" \/>\n<meta property=\"og:locale\" content=\"es_ES\" \/>\n<meta property=\"og:type\" content=\"article\" \/>\n<meta property=\"og:title\" content=\"Mesas de di\u00e1logo se desarrollaron en la &quot;IV reuni\u00f3n del Consejo de Comercio e Inversiones&quot;\" \/>\n<meta property=\"og:description\" content=\"REDACCI\u00d3N NOTI AM\u00c9RICA (ECUADOR) El Ministerio de Producci\u00f3n y la Embajada de Ecuador en Estados Unidos recibieron,\u00a0 en Guayaquil, a la delegaci\u00f3n de la Oficina del Representante de Comercio de los Estados Unidos (USTR,&#046;&#046;&#046;\" \/>\n<meta property=\"og:url\" content=\"https:\/\/noti-america.com\/site\/ecuador\/2022\/02\/17\/mesas-de-dialogo-se-desarrollaron-en-la-iv-reunion-del-consejo-de-comercio-e-inversiones\/\" \/>\n<meta property=\"og:site_name\" content=\"Ecuador | Noti-America.com\" \/>\n<meta property=\"article:published_time\" content=\"2022-02-17T15:09:09+00:00\" \/>\n<meta property=\"og:image\" content=\"https:\/\/noti-america.com\/site\/ecuador\/wp-content\/uploads\/sites\/18\/2022\/02\/15-feb-IMG-20220216-WA0030.jpg\" \/>\n\t<meta property=\"og:image:width\" content=\"1280\" \/>\n\t<meta property=\"og:image:height\" content=\"853\" \/>\n\t<meta property=\"og:image:type\" content=\"image\/jpeg\" \/>\n<meta name=\"author\" content=\"Henry Ortiz\" \/>\n<meta name=\"twitter:card\" content=\"summary_large_image\" \/>\n<meta name=\"twitter:creator\" content=\"@notiamerica\" \/>\n<meta name=\"twitter:site\" content=\"@notiamerica\" \/>\n<meta name=\"twitter:label1\" content=\"Escrito por\" \/>\n\t<meta name=\"twitter:data1\" content=\"Henry Ortiz\" \/>\n\t<meta name=\"twitter:label2\" content=\"Tiempo estimado de lectura\" \/>\n\t<meta name=\"twitter:data2\" content=\"2 minutos\" \/>\n<script type=\"application\/ld+json\" class=\"yoast-schema-graph\">{\"@context\":\"https:\/\/schema.org\",\"@graph\":[{\"@type\":\"Article\",\"@id\":\"https:\/\/noti-america.com\/site\/ecuador\/2022\/02\/17\/mesas-de-dialogo-se-desarrollaron-en-la-iv-reunion-del-consejo-de-comercio-e-inversiones\/#article\",\"isPartOf\":{\"@id\":\"https:\/\/noti-america.com\/site\/ecuador\/2022\/02\/17\/mesas-de-dialogo-se-desarrollaron-en-la-iv-reunion-del-consejo-de-comercio-e-inversiones\/\"},\"author\":{\"name\":\"Henry Ortiz\",\"@id\":\"https:\/\/noti-america.com\/site\/ecuador\/#\/schema\/person\/b9d1630cc6598af759d45c790a347283\"},\"headline\":\"Mesas de di\u00e1logo se desarrollaron en la \u00abIV reuni\u00f3n del Consejo de Comercio e Inversiones\u00bb\",\"datePublished\":\"2022-02-17T15:09:09+00:00\",\"mainEntityOfPage\":{\"@id\":\"https:\/\/noti-america.com\/site\/ecuador\/2022\/02\/17\/mesas-de-dialogo-se-desarrollaron-en-la-iv-reunion-del-consejo-de-comercio-e-inversiones\/\"},\"wordCount\":380,\"commentCount\":0,\"publisher\":{\"@id\":\"https:\/\/noti-america.com\/site\/ecuador\/#organization\"},\"image\":{\"@id\":\"https:\/\/noti-america.com\/site\/ecuador\/2022\/02\/17\/mesas-de-dialogo-se-desarrollaron-en-la-iv-reunion-del-consejo-de-comercio-e-inversiones\/#primaryimage\"},\"thumbnailUrl\":\"https:\/\/noti-america.com\/site\/ecuador\/wp-content\/uploads\/sites\/18\/2022\/02\/15-feb-IMG-20220216-WA0030.jpg\",\"articleSection\":[\"Econom\u00eda\"],\"inLanguage\":\"es\",\"potentialAction\":[{\"@type\":\"CommentAction\",\"name\":\"Comment\",\"target\":[\"https:\/\/noti-america.com\/site\/ecuador\/2022\/02\/17\/mesas-de-dialogo-se-desarrollaron-en-la-iv-reunion-del-consejo-de-comercio-e-inversiones\/#respond\"]}]},{\"@type\":\"WebPage\",\"@id\":\"https:\/\/noti-america.com\/site\/ecuador\/2022\/02\/17\/mesas-de-dialogo-se-desarrollaron-en-la-iv-reunion-del-consejo-de-comercio-e-inversiones\/\",\"url\":\"https:\/\/noti-america.com\/site\/ecuador\/2022\/02\/17\/mesas-de-dialogo-se-desarrollaron-en-la-iv-reunion-del-consejo-de-comercio-e-inversiones\/\",\"name\":\"Mesas de di\u00e1logo se desarrollaron en la \\\"IV reuni\u00f3n del Consejo de Comercio e Inversiones\\\" - Ecuador | Noti-America.com\",\"isPartOf\":{\"@id\":\"https:\/\/noti-america.com\/site\/ecuador\/#website\"},\"primaryImageOfPage\":{\"@id\":\"https:\/\/noti-america.com\/site\/ecuador\/2022\/02\/17\/mesas-de-dialogo-se-desarrollaron-en-la-iv-reunion-del-consejo-de-comercio-e-inversiones\/#primaryimage\"},\"image\":{\"@id\":\"https:\/\/noti-america.com\/site\/ecuador\/2022\/02\/17\/mesas-de-dialogo-se-desarrollaron-en-la-iv-reunion-del-consejo-de-comercio-e-inversiones\/#primaryimage\"},\"thumbnailUrl\":\"https:\/\/noti-america.com\/site\/ecuador\/wp-content\/uploads\/sites\/18\/2022\/02\/15-feb-IMG-20220216-WA0030.jpg\",\"datePublished\":\"2022-02-17T15:09:09+00:00\",\"breadcrumb\":{\"@id\":\"https:\/\/noti-america.com\/site\/ecuador\/2022\/02\/17\/mesas-de-dialogo-se-desarrollaron-en-la-iv-reunion-del-consejo-de-comercio-e-inversiones\/#breadcrumb\"},\"inLanguage\":\"es\",\"potentialAction\":[{\"@type\":\"ReadAction\",\"target\":[\"https:\/\/noti-america.com\/site\/ecuador\/2022\/02\/17\/mesas-de-dialogo-se-desarrollaron-en-la-iv-reunion-del-consejo-de-comercio-e-inversiones\/\"]}]},{\"@type\":\"ImageObject\",\"inLanguage\":\"es\",\"@id\":\"https:\/\/noti-america.com\/site\/ecuador\/2022\/02\/17\/mesas-de-dialogo-se-desarrollaron-en-la-iv-reunion-del-consejo-de-comercio-e-inversiones\/#primaryimage\",\"url\":\"https:\/\/noti-america.com\/site\/ecuador\/wp-content\/uploads\/sites\/18\/2022\/02\/15-feb-IMG-20220216-WA0030.jpg\",\"contentUrl\":\"https:\/\/noti-america.com\/site\/ecuador\/wp-content\/uploads\/sites\/18\/2022\/02\/15-feb-IMG-20220216-WA0030.jpg\",\"width\":1280,\"height\":853},{\"@type\":\"BreadcrumbList\",\"@id\":\"https:\/\/noti-america.com\/site\/ecuador\/2022\/02\/17\/mesas-de-dialogo-se-desarrollaron-en-la-iv-reunion-del-consejo-de-comercio-e-inversiones\/#breadcrumb\",\"itemListElement\":[{\"@type\":\"ListItem\",\"position\":1,\"name\":\"Portada\",\"item\":\"https:\/\/noti-america.com\/site\/ecuador\/\"},{\"@type\":\"ListItem\",\"position\":2,\"name\":\"Mesas de di\u00e1logo se desarrollaron en la \u00abIV reuni\u00f3n del Consejo de Comercio e Inversiones\u00bb\"}]},{\"@type\":\"WebSite\",\"@id\":\"https:\/\/noti-america.com\/site\/ecuador\/#website\",\"url\":\"https:\/\/noti-america.com\/site\/ecuador\/\",\"name\":\"Ecuador | Noti-America.com\",\"description\":\"\",\"publisher\":{\"@id\":\"https:\/\/noti-america.com\/site\/ecuador\/#organization\"},\"potentialAction\":[{\"@type\":\"SearchAction\",\"target\":{\"@type\":\"EntryPoint\",\"urlTemplate\":\"https:\/\/noti-america.com\/site\/ecuador\/?s={search_term_string}\"},\"query-input\":{\"@type\":\"PropertyValueSpecification\",\"valueRequired\":true,\"valueName\":\"search_term_string\"}}],\"inLanguage\":\"es\"},{\"@type\":\"Organization\",\"@id\":\"https:\/\/noti-america.com\/site\/ecuador\/#organization\",\"name\":\"Noti-America LLC | Ecuador\",\"url\":\"https:\/\/noti-america.com\/site\/ecuador\/\",\"logo\":{\"@type\":\"ImageObject\",\"inLanguage\":\"es\",\"@id\":\"https:\/\/noti-america.com\/site\/ecuador\/#\/schema\/logo\/image\/\",\"url\":\"https:\/\/noti-america.com\/site\/ecuador\/wp-content\/uploads\/sites\/18\/2020\/07\/LogoNA-4x3-1.jpg\",\"contentUrl\":\"https:\/\/noti-america.com\/site\/ecuador\/wp-content\/uploads\/sites\/18\/2020\/07\/LogoNA-4x3-1.jpg\",\"width\":1236,\"height\":1080,\"caption\":\"Noti-America LLC | Ecuador\"},\"image\":{\"@id\":\"https:\/\/noti-america.com\/site\/ecuador\/#\/schema\/logo\/image\/\"},\"sameAs\":[\"https:\/\/x.com\/notiamerica\"]},{\"@type\":\"Person\",\"@id\":\"https:\/\/noti-america.com\/site\/ecuador\/#\/schema\/person\/b9d1630cc6598af759d45c790a347283\",\"name\":\"Henry Ortiz\",\"image\":{\"@type\":\"ImageObject\",\"inLanguage\":\"es\",\"@id\":\"https:\/\/secure.gravatar.com\/avatar\/0b5407b5b302fbb6a578e625dca512ac2983ee5fa9ea941d581b83c40212e4c8?s=96&d=mm&r=g\",\"url\":\"https:\/\/secure.gravatar.com\/avatar\/0b5407b5b302fbb6a578e625dca512ac2983ee5fa9ea941d581b83c40212e4c8?s=96&d=mm&r=g\",\"contentUrl\":\"https:\/\/secure.gravatar.com\/avatar\/0b5407b5b302fbb6a578e625dca512ac2983ee5fa9ea941d581b83c40212e4c8?s=96&d=mm&r=g\",\"caption\":\"Henry Ortiz\"},\"url\":\"https:\/\/noti-america.com\/site\/ecuador\/author\/hortiz\/\"}]}<\/script>\n<!-- \/ Yoast SEO Premium plugin. -->","yoast_head_json":{"title":"Mesas de di\u00e1logo se desarrollaron en la \"IV reuni\u00f3n del Consejo de Comercio e Inversiones\" - Ecuador | Noti-America.com","robots":{"index":"index","follow":"follow","max-snippet":"max-snippet:-1","max-image-preview":"max-image-preview:large","max-video-preview":"max-video-preview:-1"},"canonical":"https:\/\/noti-america.com\/site\/ecuador\/2022\/02\/17\/mesas-de-dialogo-se-desarrollaron-en-la-iv-reunion-del-consejo-de-comercio-e-inversiones\/","og_locale":"es_ES","og_type":"article","og_title":"Mesas de di\u00e1logo se desarrollaron en la \"IV reuni\u00f3n del Consejo de Comercio e Inversiones\"","og_description":"REDACCI\u00d3N NOTI AM\u00c9RICA (ECUADOR) El Ministerio de Producci\u00f3n y la Embajada de Ecuador en Estados Unidos recibieron,\u00a0 en Guayaquil, a la delegaci\u00f3n de la Oficina del Representante de Comercio de los Estados Unidos (USTR,&#46;&#46;&#46;","og_url":"https:\/\/noti-america.com\/site\/ecuador\/2022\/02\/17\/mesas-de-dialogo-se-desarrollaron-en-la-iv-reunion-del-consejo-de-comercio-e-inversiones\/","og_site_name":"Ecuador | Noti-America.com","article_published_time":"2022-02-17T15:09:09+00:00","og_image":[{"width":1280,"height":853,"url":"https:\/\/noti-america.com\/site\/ecuador\/wp-content\/uploads\/sites\/18\/2022\/02\/15-feb-IMG-20220216-WA0030.jpg","type":"image\/jpeg"}],"author":"Henry Ortiz","twitter_card":"summary_large_image","twitter_creator":"@notiamerica","twitter_site":"@notiamerica","twitter_misc":{"Escrito por":"Henry Ortiz","Tiempo estimado de lectura":"2 minutos"},"schema":{"@context":"https:\/\/schema.org","@graph":[{"@type":"Article","@id":"https:\/\/noti-america.com\/site\/ecuador\/2022\/02\/17\/mesas-de-dialogo-se-desarrollaron-en-la-iv-reunion-del-consejo-de-comercio-e-inversiones\/#article","isPartOf":{"@id":"https:\/\/noti-america.com\/site\/ecuador\/2022\/02\/17\/mesas-de-dialogo-se-desarrollaron-en-la-iv-reunion-del-consejo-de-comercio-e-inversiones\/"},"author":{"name":"Henry Ortiz","@id":"https:\/\/noti-america.com\/site\/ecuador\/#\/schema\/person\/b9d1630cc6598af759d45c790a347283"},"headline":"Mesas de di\u00e1logo se desarrollaron en la \u00abIV reuni\u00f3n del Consejo de Comercio e Inversiones\u00bb","datePublished":"2022-02-17T15:09:09+00:00","mainEntityOfPage":{"@id":"https:\/\/noti-america.com\/site\/ecuador\/2022\/02\/17\/mesas-de-dialogo-se-desarrollaron-en-la-iv-reunion-del-consejo-de-comercio-e-inversiones\/"},"wordCount":380,"commentCount":0,"publisher":{"@id":"https:\/\/noti-america.com\/site\/ecuador\/#organization"},"image":{"@id":"https:\/\/noti-america.com\/site\/ecuador\/2022\/02\/17\/mesas-de-dialogo-se-desarrollaron-en-la-iv-reunion-del-consejo-de-comercio-e-inversiones\/#primaryimage"},"thumbnailUrl":"https:\/\/noti-america.com\/site\/ecuador\/wp-content\/uploads\/sites\/18\/2022\/02\/15-feb-IMG-20220216-WA0030.jpg","articleSection":["Econom\u00eda"],"inLanguage":"es","potentialAction":[{"@type":"CommentAction","name":"Comment","target":["https:\/\/noti-america.com\/site\/ecuador\/2022\/02\/17\/mesas-de-dialogo-se-desarrollaron-en-la-iv-reunion-del-consejo-de-comercio-e-inversiones\/#respond"]}]},{"@type":"WebPage","@id":"https:\/\/noti-america.com\/site\/ecuador\/2022\/02\/17\/mesas-de-dialogo-se-desarrollaron-en-la-iv-reunion-del-consejo-de-comercio-e-inversiones\/","url":"https:\/\/noti-america.com\/site\/ecuador\/2022\/02\/17\/mesas-de-dialogo-se-desarrollaron-en-la-iv-reunion-del-consejo-de-comercio-e-inversiones\/","name":"Mesas de di\u00e1logo se desarrollaron en la \"IV reuni\u00f3n del Consejo de Comercio e Inversiones\" - Ecuador | Noti-America.com","isPartOf":{"@id":"https:\/\/noti-america.com\/site\/ecuador\/#website"},"primaryImageOfPage":{"@id":"https:\/\/noti-america.com\/site\/ecuador\/2022\/02\/17\/mesas-de-dialogo-se-desarrollaron-en-la-iv-reunion-del-consejo-de-comercio-e-inversiones\/#primaryimage"},"image":{"@id":"https:\/\/noti-america.com\/site\/ecuador\/2022\/02\/17\/mesas-de-dialogo-se-desarrollaron-en-la-iv-reunion-del-consejo-de-comercio-e-inversiones\/#primaryimage"},"thumbnailUrl":"https:\/\/noti-america.com\/site\/ecuador\/wp-content\/uploads\/sites\/18\/2022\/02\/15-feb-IMG-20220216-WA0030.jpg","datePublished":"2022-02-17T15:09:09+00:00","breadcrumb":{"@id":"https:\/\/noti-america.com\/site\/ecuador\/2022\/02\/17\/mesas-de-dialogo-se-desarrollaron-en-la-iv-reunion-del-consejo-de-comercio-e-inversiones\/#breadcrumb"},"inLanguage":"es","potentialAction":[{"@type":"ReadAction","target":["https:\/\/noti-america.com\/site\/ecuador\/2022\/02\/17\/mesas-de-dialogo-se-desarrollaron-en-la-iv-reunion-del-consejo-de-comercio-e-inversiones\/"]}]},{"@type":"ImageObject","inLanguage":"es","@id":"https:\/\/noti-america.com\/site\/ecuador\/2022\/02\/17\/mesas-de-dialogo-se-desarrollaron-en-la-iv-reunion-del-consejo-de-comercio-e-inversiones\/#primaryimage","url":"https:\/\/noti-america.com\/site\/ecuador\/wp-content\/uploads\/sites\/18\/2022\/02\/15-feb-IMG-20220216-WA0030.jpg","contentUrl":"https:\/\/noti-america.com\/site\/ecuador\/wp-content\/uploads\/sites\/18\/2022\/02\/15-feb-IMG-20220216-WA0030.jpg","width":1280,"height":853},{"@type":"BreadcrumbList","@id":"https:\/\/noti-america.com\/site\/ecuador\/2022\/02\/17\/mesas-de-dialogo-se-desarrollaron-en-la-iv-reunion-del-consejo-de-comercio-e-inversiones\/#breadcrumb","itemListElement":[{"@type":"ListItem","position":1,"name":"Portada","item":"https:\/\/noti-america.com\/site\/ecuador\/"},{"@type":"ListItem","position":2,"name":"Mesas de di\u00e1logo se desarrollaron en la \u00abIV reuni\u00f3n del Consejo de Comercio e Inversiones\u00bb"}]},{"@type":"WebSite","@id":"https:\/\/noti-america.com\/site\/ecuador\/#website","url":"https:\/\/noti-america.com\/site\/ecuador\/","name":"Ecuador | Noti-America.com","description":"","publisher":{"@id":"https:\/\/noti-america.com\/site\/ecuador\/#organization"},"potentialAction":[{"@type":"SearchAction","target":{"@type":"EntryPoint","urlTemplate":"https:\/\/noti-america.com\/site\/ecuador\/?s={search_term_string}"},"query-input":{"@type":"PropertyValueSpecification","valueRequired":true,"valueName":"search_term_string"}}],"inLanguage":"es"},{"@type":"Organization","@id":"https:\/\/noti-america.com\/site\/ecuador\/#organization","name":"Noti-America LLC | Ecuador","url":"https:\/\/noti-america.com\/site\/ecuador\/","logo":{"@type":"ImageObject","inLanguage":"es","@id":"https:\/\/noti-america.com\/site\/ecuador\/#\/schema\/logo\/image\/","url":"https:\/\/noti-america.com\/site\/ecuador\/wp-content\/uploads\/sites\/18\/2020\/07\/LogoNA-4x3-1.jpg","contentUrl":"https:\/\/noti-america.com\/site\/ecuador\/wp-content\/uploads\/sites\/18\/2020\/07\/LogoNA-4x3-1.jpg","width":1236,"height":1080,"caption":"Noti-America LLC | Ecuador"},"image":{"@id":"https:\/\/noti-america.com\/site\/ecuador\/#\/schema\/logo\/image\/"},"sameAs":["https:\/\/x.com\/notiamerica"]},{"@type":"Person","@id":"https:\/\/noti-america.com\/site\/ecuador\/#\/schema\/person\/b9d1630cc6598af759d45c790a347283","name":"Henry Ortiz","image":{"@type":"ImageObject","inLanguage":"es","@id":"https:\/\/secure.gravatar.com\/avatar\/0b5407b5b302fbb6a578e625dca512ac2983ee5fa9ea941d581b83c40212e4c8?s=96&d=mm&r=g","url":"https:\/\/secure.gravatar.com\/avatar\/0b5407b5b302fbb6a578e625dca512ac2983ee5fa9ea941d581b83c40212e4c8?s=96&d=mm&r=g","contentUrl":"https:\/\/secure.gravatar.com\/avatar\/0b5407b5b302fbb6a578e625dca512ac2983ee5fa9ea941d581b83c40212e4c8?s=96&d=mm&r=g","caption":"Henry Ortiz"},"url":"https:\/\/noti-america.com\/site\/ecuador\/author\/hortiz\/"}]}},"_links":{"self":[{"href":"https:\/\/noti-america.com\/site\/ecuador\/wp-json\/wp\/v2\/posts\/18464","targetHints":{"allow":["GET"]}}],"collection":[{"href":"https:\/\/noti-america.com\/site\/ecuador\/wp-json\/wp\/v2\/posts"}],"about":[{"href":"https:\/\/noti-america.com\/site\/ecuador\/wp-json\/wp\/v2\/types\/post"}],"author":[{"embeddable":true,"href":"https:\/\/noti-america.com\/site\/ecuador\/wp-json\/wp\/v2\/users\/113"}],"replies":[{"embeddable":true,"href":"https:\/\/noti-america.com\/site\/ecuador\/wp-json\/wp\/v2\/comments?post=18464"}],"version-history":[{"count":1,"href":"https:\/\/noti-america.com\/site\/ecuador\/wp-json\/wp\/v2\/posts\/18464\/revisions"}],"predecessor-version":[{"id":18466,"href":"https:\/\/noti-america.com\/site\/ecuador\/wp-json\/wp\/v2\/posts\/18464\/revisions\/18466"}],"wp:featuredmedia":[{"embeddable":true,"href":"https:\/\/noti-america.com\/site\/ecuador\/wp-json\/wp\/v2\/media\/18465"}],"wp:attachment":[{"href":"https:\/\/noti-america.com\/site\/ecuador\/wp-json\/wp\/v2\/media?parent=18464"}],"wp:term":[{"taxonomy":"category","embeddable":true,"href":"https:\/\/noti-america.com\/site\/ecuador\/wp-json\/wp\/v2\/categories?post=18464"},{"taxonomy":"post_tag","embeddable":true,"href":"https:\/\/noti-america.com\/site\/ecuador\/wp-json\/wp\/v2\/tags?post=18464"}],"curies":[{"name":"wp","href":"https:\/\/api.w.org\/{rel}","templated":true}]}}