{"id":18419,"date":"2022-02-15T11:18:32","date_gmt":"2022-02-15T11:18:32","guid":{"rendered":"https:\/\/noti-america.com\/site\/ecuador\/?p=18419"},"modified":"2022-02-15T11:18:32","modified_gmt":"2022-02-15T11:18:32","slug":"ministerio-de-energia-suspende-toda-actividad-minera-en-napo","status":"publish","type":"post","link":"https:\/\/noti-america.com\/site\/ecuador\/2022\/02\/15\/ministerio-de-energia-suspende-toda-actividad-minera-en-napo\/","title":{"rendered":"Ministerio de Energ\u00eda suspende toda actividad minera en Napo"},"content":{"rendered":"<p><strong>REDACCI\u00d3N NOTI AM\u00c9RICA (ECUADOR)<\/strong><\/p>\n<div id=\"attachment_18420\" style=\"width: 824px\" class=\"wp-caption aligncenter\"><img loading=\"lazy\" decoding=\"async\" aria-describedby=\"caption-attachment-18420\" class=\"wp-image-18420\" src=\"https:\/\/noti-america.com\/site\/ecuador\/wp-content\/uploads\/sites\/18\/2022\/02\/15-feb-images.jpg\" alt=\"\" width=\"814\" height=\"456\" \/><p id=\"caption-attachment-18420\" class=\"wp-caption-text\">Elementos de las Fuerzas Armadas resguardan el sitio donde operaban los mineros ilegales.<\/p><\/div>\n<p style=\"text-align: justify\">La Comisi\u00f3n de Biodiversidad de la Asamblea Nacional fiscaliza y da seguimiento a los problemas de miner\u00eda ilegal en el pa\u00eds, particularmente en la provincia de Napo. En este marco, la ministra de Gobierno, Alexandra Vela se\u00f1al\u00f3 que confiscar\u00e1n toda maquinaria y equipos dedicados a actividades il\u00edcitas; mientras el ministro de Energ\u00eda, Juan Carlos Bermeo inform\u00f3 que suspender\u00e1n toda actividad minera en la provincia de Napo, a fin de atender las demandas de la poblaci\u00f3n y garantizar su bienestar.<\/p>\n<p style=\"text-align: justify\">En la mesa legislativa, la ministra Vela precis\u00f3 que en la comunidad Yutzupino, personas y organizaciones realizan actividades mineras sin contar con los permisos correspondientes. \u201cSe ha verificado miner\u00eda en las parroquias de Tena, Puerto Napo, T\u00e1lag, Pano y Carlos Julio Arosemena Tola y que a fines de octubre de 2021 se increment\u00f3 la miner\u00eda ilegal en Yutsupina y Carlos Julio Arosemana Tola; en Napo existen 52 concesiones mineras de diversa \u00edndole en r\u00e9gimen general y 85 concesiones artesanales, de las cuales solo 12 tienen licencia ambiental, 26 est\u00e1n en etapa de regularizaci\u00f3n y 14 no inician tr\u00e1mites\u201d, asegur\u00f3.<\/p>\n<p style=\"text-align: justify\">Adem\u00e1s, sugiri\u00f3 que entre las reformas a la Ley de Miner\u00eda se incorporen regulaciones estrictas para controlar el uso del mercurio en la explotaci\u00f3n del oro, que tiene impactos letales en los seres humanos; se incluyan disposiciones que permitan el decomiso y remate de retroescavadoras y otras herramientas usadas en miner\u00eda ilegal.<\/p>\n<p style=\"text-align: justify\">El ministro de Energ\u00eda, Juan Carlos Bermeo inform\u00f3 que como ente rector de la miner\u00eda ha colaborado en todas las tareas, para el combate a la miner\u00eda ilegal. Ratific\u00f3 que se suspender\u00e1 toda actividad minera en la provincia de Napo hasta subsanar el problema.<\/p>\n<p style=\"text-align: justify\">Mientras, el ministro de Ambiente, Gustavo Manrique dijo que junto al Ministerio de Gobierno trabajan en la confiscaci\u00f3n de maquinaria y equipos utilizados en las actividades il\u00edcitas.<\/p>\n<p style=\"text-align: justify\">El Subsecretario de Calidad del Ministerio de Ambiente, Jos\u00e9 Antonio D\u00e1valos precis\u00f3 que existen concesiones mineras que nunca intentaron regularizarse, por lo que presentaron la respectiva denuncia en la Fiscal\u00eda para que investigue presuntos delitos ambientales. Se\u00f1al\u00f3 que en el sector de Yutzupino, del cant\u00f3n Tena, hay 22 puntos de miner\u00eda ilegal que est\u00e1n controlados desde el 13 de febrero de 2022.<\/p>\n<p style=\"text-align: justify\">La viceministra de Transporte y Obras P\u00fablicas, Carolina Ormaza detall\u00f3 el proceso de inscripci\u00f3n, matriculaci\u00f3n, registro de equipos y maquinaria con la que posiblemente realizar\u00edan estas actividades. Expres\u00f3 que en 2021 se registraron 284 m\u00e1quinas y 11 adicionales este a\u00f1o, que son objeto de las comprobaciones necesarias.<\/p>\n<p style=\"text-align: justify\">El director de la Agencia de Regulaci\u00f3n, Jaime Cepeda indic\u00f3 que la venta de combustibles est\u00e1 sujeta a controles en Napo, en donde no se debe rebasar la venta de 1.200 galones. Indic\u00f3 que la Direcci\u00f3n Distrital Napo en el 2021 realiz\u00f3 12 procesos administrativos que implicaron decomisos de maquinaria que se ven\u00eda usando en la miner\u00eda ilegal.<\/p>\n<p style=\"text-align: justify\">La Fiscal de la Naci\u00f3n, Diana Salazar advirti\u00f3 que la corrupci\u00f3n se da en todo nivel. Mencion\u00f3 que su labor tiene nudos cr\u00edticos que corresponden a la influencia del Consejo de la Judicatura cuyos jueces entorpecen el trabajo de la Fiscal\u00eda y favorecen actividades il\u00edcitas.<\/p>\n<p style=\"text-align: justify\">En cambio, Carlos Cabrera, comandante General de Polic\u00eda inform\u00f3 que en el operativo en la zona de Yutzupino en Napo participan 1.563 efectivos policiales y militares desde la madrugada del 12 de febrero. Vamos a neutralizar e inutilizar la maquinaria que se usa para la actividad minera ilegal, precis\u00f3.<\/p>\n<p style=\"text-align: justify\">\n","protected":false},"excerpt":{"rendered":"<p>REDACCI\u00d3N NOTI AM\u00c9RICA (ECUADOR) La Comisi\u00f3n de Biodiversidad de la Asamblea Nacional fiscaliza y da seguimiento a los problemas de miner\u00eda ilegal en el pa\u00eds, particularmente en la provincia de Napo. En este marco,&#46;&#46;&#46;<\/p>\n","protected":false},"author":113,"featured_media":18420,"comment_status":"open","ping_status":"open","sticky":false,"template":"","format":"standard","meta":{"_acf_changed":false,"om_disable_all_campaigns":false,"rop_custom_images_group":[],"rop_custom_messages_group":[],"rop_publish_now":"initial","rop_publish_now_accounts":{"twitter_242054905_242054905":""},"rop_publish_now_history":[],"rop_publish_now_status":"pending","_uf_show_specific_survey":0,"_uf_disable_surveys":false,"footnotes":""},"categories":[125],"tags":[],"class_list":["post-18419","post","type-post","status-publish","format-standard","has-post-thumbnail","hentry","category-actualidad"],"acf":[],"aioseo_notices":[],"yoast_head":"<!-- This site is optimized with the Yoast SEO Premium plugin v24.9 (Yoast SEO v27.2) - https:\/\/yoast.com\/product\/yoast-seo-premium-wordpress\/ -->\n<title>Ministerio de Energ\u00eda suspende toda actividad minera en Napo - Ecuador | Noti-America.com<\/title>\n<meta name=\"robots\" content=\"index, follow, max-snippet:-1, max-image-preview:large, max-video-preview:-1\" \/>\n<link rel=\"canonical\" href=\"https:\/\/noti-america.com\/site\/ecuador\/2022\/02\/15\/ministerio-de-energia-suspende-toda-actividad-minera-en-napo\/\" \/>\n<meta property=\"og:locale\" content=\"es_ES\" \/>\n<meta property=\"og:type\" content=\"article\" \/>\n<meta property=\"og:title\" content=\"Ministerio de Energ\u00eda suspende toda actividad minera en Napo\" \/>\n<meta property=\"og:description\" content=\"REDACCI\u00d3N NOTI AM\u00c9RICA (ECUADOR) La Comisi\u00f3n de Biodiversidad de la Asamblea Nacional fiscaliza y da seguimiento a los problemas de miner\u00eda ilegal en el pa\u00eds, particularmente en la provincia de Napo. En este marco,&#046;&#046;&#046;\" \/>\n<meta property=\"og:url\" content=\"https:\/\/noti-america.com\/site\/ecuador\/2022\/02\/15\/ministerio-de-energia-suspende-toda-actividad-minera-en-napo\/\" \/>\n<meta property=\"og:site_name\" content=\"Ecuador | Noti-America.com\" \/>\n<meta property=\"article:published_time\" content=\"2022-02-15T11:18:32+00:00\" \/>\n<meta property=\"og:image\" content=\"https:\/\/noti-america.com\/site\/ecuador\/wp-content\/uploads\/sites\/18\/2022\/02\/15-feb-images.jpg\" \/>\n\t<meta property=\"og:image:width\" content=\"300\" \/>\n\t<meta property=\"og:image:height\" content=\"168\" \/>\n\t<meta property=\"og:image:type\" content=\"image\/jpeg\" \/>\n<meta name=\"author\" content=\"Henry Ortiz\" \/>\n<meta name=\"twitter:card\" content=\"summary_large_image\" \/>\n<meta name=\"twitter:creator\" content=\"@notiamerica\" \/>\n<meta name=\"twitter:site\" content=\"@notiamerica\" \/>\n<meta name=\"twitter:label1\" content=\"Escrito por\" \/>\n\t<meta name=\"twitter:data1\" content=\"Henry Ortiz\" \/>\n\t<meta name=\"twitter:label2\" content=\"Tiempo estimado de lectura\" \/>\n\t<meta name=\"twitter:data2\" content=\"3 minutos\" \/>\n<script type=\"application\/ld+json\" class=\"yoast-schema-graph\">{\"@context\":\"https:\/\/schema.org\",\"@graph\":[{\"@type\":\"Article\",\"@id\":\"https:\/\/noti-america.com\/site\/ecuador\/2022\/02\/15\/ministerio-de-energia-suspende-toda-actividad-minera-en-napo\/#article\",\"isPartOf\":{\"@id\":\"https:\/\/noti-america.com\/site\/ecuador\/2022\/02\/15\/ministerio-de-energia-suspende-toda-actividad-minera-en-napo\/\"},\"author\":{\"name\":\"Henry Ortiz\",\"@id\":\"https:\/\/noti-america.com\/site\/ecuador\/#\/schema\/person\/b9d1630cc6598af759d45c790a347283\"},\"headline\":\"Ministerio de Energ\u00eda suspende toda actividad minera en Napo\",\"datePublished\":\"2022-02-15T11:18:32+00:00\",\"mainEntityOfPage\":{\"@id\":\"https:\/\/noti-america.com\/site\/ecuador\/2022\/02\/15\/ministerio-de-energia-suspende-toda-actividad-minera-en-napo\/\"},\"wordCount\":628,\"commentCount\":0,\"publisher\":{\"@id\":\"https:\/\/noti-america.com\/site\/ecuador\/#organization\"},\"image\":{\"@id\":\"https:\/\/noti-america.com\/site\/ecuador\/2022\/02\/15\/ministerio-de-energia-suspende-toda-actividad-minera-en-napo\/#primaryimage\"},\"thumbnailUrl\":\"https:\/\/noti-america.com\/site\/ecuador\/wp-content\/uploads\/sites\/18\/2022\/02\/15-feb-images.jpg\",\"articleSection\":[\"Actualidad\"],\"inLanguage\":\"es\",\"potentialAction\":[{\"@type\":\"CommentAction\",\"name\":\"Comment\",\"target\":[\"https:\/\/noti-america.com\/site\/ecuador\/2022\/02\/15\/ministerio-de-energia-suspende-toda-actividad-minera-en-napo\/#respond\"]}]},{\"@type\":\"WebPage\",\"@id\":\"https:\/\/noti-america.com\/site\/ecuador\/2022\/02\/15\/ministerio-de-energia-suspende-toda-actividad-minera-en-napo\/\",\"url\":\"https:\/\/noti-america.com\/site\/ecuador\/2022\/02\/15\/ministerio-de-energia-suspende-toda-actividad-minera-en-napo\/\",\"name\":\"Ministerio de Energ\u00eda suspende toda actividad minera en Napo - Ecuador | Noti-America.com\",\"isPartOf\":{\"@id\":\"https:\/\/noti-america.com\/site\/ecuador\/#website\"},\"primaryImageOfPage\":{\"@id\":\"https:\/\/noti-america.com\/site\/ecuador\/2022\/02\/15\/ministerio-de-energia-suspende-toda-actividad-minera-en-napo\/#primaryimage\"},\"image\":{\"@id\":\"https:\/\/noti-america.com\/site\/ecuador\/2022\/02\/15\/ministerio-de-energia-suspende-toda-actividad-minera-en-napo\/#primaryimage\"},\"thumbnailUrl\":\"https:\/\/noti-america.com\/site\/ecuador\/wp-content\/uploads\/sites\/18\/2022\/02\/15-feb-images.jpg\",\"datePublished\":\"2022-02-15T11:18:32+00:00\",\"breadcrumb\":{\"@id\":\"https:\/\/noti-america.com\/site\/ecuador\/2022\/02\/15\/ministerio-de-energia-suspende-toda-actividad-minera-en-napo\/#breadcrumb\"},\"inLanguage\":\"es\",\"potentialAction\":[{\"@type\":\"ReadAction\",\"target\":[\"https:\/\/noti-america.com\/site\/ecuador\/2022\/02\/15\/ministerio-de-energia-suspende-toda-actividad-minera-en-napo\/\"]}]},{\"@type\":\"ImageObject\",\"inLanguage\":\"es\",\"@id\":\"https:\/\/noti-america.com\/site\/ecuador\/2022\/02\/15\/ministerio-de-energia-suspende-toda-actividad-minera-en-napo\/#primaryimage\",\"url\":\"https:\/\/noti-america.com\/site\/ecuador\/wp-content\/uploads\/sites\/18\/2022\/02\/15-feb-images.jpg\",\"contentUrl\":\"https:\/\/noti-america.com\/site\/ecuador\/wp-content\/uploads\/sites\/18\/2022\/02\/15-feb-images.jpg\",\"width\":300,\"height\":168},{\"@type\":\"BreadcrumbList\",\"@id\":\"https:\/\/noti-america.com\/site\/ecuador\/2022\/02\/15\/ministerio-de-energia-suspende-toda-actividad-minera-en-napo\/#breadcrumb\",\"itemListElement\":[{\"@type\":\"ListItem\",\"position\":1,\"name\":\"Portada\",\"item\":\"https:\/\/noti-america.com\/site\/ecuador\/\"},{\"@type\":\"ListItem\",\"position\":2,\"name\":\"Ministerio de Energ\u00eda suspende toda actividad minera en Napo\"}]},{\"@type\":\"WebSite\",\"@id\":\"https:\/\/noti-america.com\/site\/ecuador\/#website\",\"url\":\"https:\/\/noti-america.com\/site\/ecuador\/\",\"name\":\"Ecuador | Noti-America.com\",\"description\":\"\",\"publisher\":{\"@id\":\"https:\/\/noti-america.com\/site\/ecuador\/#organization\"},\"potentialAction\":[{\"@type\":\"SearchAction\",\"target\":{\"@type\":\"EntryPoint\",\"urlTemplate\":\"https:\/\/noti-america.com\/site\/ecuador\/?s={search_term_string}\"},\"query-input\":{\"@type\":\"PropertyValueSpecification\",\"valueRequired\":true,\"valueName\":\"search_term_string\"}}],\"inLanguage\":\"es\"},{\"@type\":\"Organization\",\"@id\":\"https:\/\/noti-america.com\/site\/ecuador\/#organization\",\"name\":\"Noti-America LLC | Ecuador\",\"url\":\"https:\/\/noti-america.com\/site\/ecuador\/\",\"logo\":{\"@type\":\"ImageObject\",\"inLanguage\":\"es\",\"@id\":\"https:\/\/noti-america.com\/site\/ecuador\/#\/schema\/logo\/image\/\",\"url\":\"https:\/\/noti-america.com\/site\/ecuador\/wp-content\/uploads\/sites\/18\/2020\/07\/LogoNA-4x3-1.jpg\",\"contentUrl\":\"https:\/\/noti-america.com\/site\/ecuador\/wp-content\/uploads\/sites\/18\/2020\/07\/LogoNA-4x3-1.jpg\",\"width\":1236,\"height\":1080,\"caption\":\"Noti-America LLC | Ecuador\"},\"image\":{\"@id\":\"https:\/\/noti-america.com\/site\/ecuador\/#\/schema\/logo\/image\/\"},\"sameAs\":[\"https:\/\/x.com\/notiamerica\"]},{\"@type\":\"Person\",\"@id\":\"https:\/\/noti-america.com\/site\/ecuador\/#\/schema\/person\/b9d1630cc6598af759d45c790a347283\",\"name\":\"Henry Ortiz\",\"image\":{\"@type\":\"ImageObject\",\"inLanguage\":\"es\",\"@id\":\"https:\/\/secure.gravatar.com\/avatar\/0b5407b5b302fbb6a578e625dca512ac2983ee5fa9ea941d581b83c40212e4c8?s=96&d=mm&r=g\",\"url\":\"https:\/\/secure.gravatar.com\/avatar\/0b5407b5b302fbb6a578e625dca512ac2983ee5fa9ea941d581b83c40212e4c8?s=96&d=mm&r=g\",\"contentUrl\":\"https:\/\/secure.gravatar.com\/avatar\/0b5407b5b302fbb6a578e625dca512ac2983ee5fa9ea941d581b83c40212e4c8?s=96&d=mm&r=g\",\"caption\":\"Henry Ortiz\"},\"url\":\"https:\/\/noti-america.com\/site\/ecuador\/author\/hortiz\/\"}]}<\/script>\n<!-- \/ Yoast SEO Premium plugin. -->","yoast_head_json":{"title":"Ministerio de Energ\u00eda suspende toda actividad minera en Napo - Ecuador | Noti-America.com","robots":{"index":"index","follow":"follow","max-snippet":"max-snippet:-1","max-image-preview":"max-image-preview:large","max-video-preview":"max-video-preview:-1"},"canonical":"https:\/\/noti-america.com\/site\/ecuador\/2022\/02\/15\/ministerio-de-energia-suspende-toda-actividad-minera-en-napo\/","og_locale":"es_ES","og_type":"article","og_title":"Ministerio de Energ\u00eda suspende toda actividad minera en Napo","og_description":"REDACCI\u00d3N NOTI AM\u00c9RICA (ECUADOR) La Comisi\u00f3n de Biodiversidad de la Asamblea Nacional fiscaliza y da seguimiento a los problemas de miner\u00eda ilegal en el pa\u00eds, particularmente en la provincia de Napo. En este marco,&#46;&#46;&#46;","og_url":"https:\/\/noti-america.com\/site\/ecuador\/2022\/02\/15\/ministerio-de-energia-suspende-toda-actividad-minera-en-napo\/","og_site_name":"Ecuador | Noti-America.com","article_published_time":"2022-02-15T11:18:32+00:00","og_image":[{"width":300,"height":168,"url":"https:\/\/noti-america.com\/site\/ecuador\/wp-content\/uploads\/sites\/18\/2022\/02\/15-feb-images.jpg","type":"image\/jpeg"}],"author":"Henry Ortiz","twitter_card":"summary_large_image","twitter_creator":"@notiamerica","twitter_site":"@notiamerica","twitter_misc":{"Escrito por":"Henry Ortiz","Tiempo estimado de lectura":"3 minutos"},"schema":{"@context":"https:\/\/schema.org","@graph":[{"@type":"Article","@id":"https:\/\/noti-america.com\/site\/ecuador\/2022\/02\/15\/ministerio-de-energia-suspende-toda-actividad-minera-en-napo\/#article","isPartOf":{"@id":"https:\/\/noti-america.com\/site\/ecuador\/2022\/02\/15\/ministerio-de-energia-suspende-toda-actividad-minera-en-napo\/"},"author":{"name":"Henry Ortiz","@id":"https:\/\/noti-america.com\/site\/ecuador\/#\/schema\/person\/b9d1630cc6598af759d45c790a347283"},"headline":"Ministerio de Energ\u00eda suspende toda actividad minera en Napo","datePublished":"2022-02-15T11:18:32+00:00","mainEntityOfPage":{"@id":"https:\/\/noti-america.com\/site\/ecuador\/2022\/02\/15\/ministerio-de-energia-suspende-toda-actividad-minera-en-napo\/"},"wordCount":628,"commentCount":0,"publisher":{"@id":"https:\/\/noti-america.com\/site\/ecuador\/#organization"},"image":{"@id":"https:\/\/noti-america.com\/site\/ecuador\/2022\/02\/15\/ministerio-de-energia-suspende-toda-actividad-minera-en-napo\/#primaryimage"},"thumbnailUrl":"https:\/\/noti-america.com\/site\/ecuador\/wp-content\/uploads\/sites\/18\/2022\/02\/15-feb-images.jpg","articleSection":["Actualidad"],"inLanguage":"es","potentialAction":[{"@type":"CommentAction","name":"Comment","target":["https:\/\/noti-america.com\/site\/ecuador\/2022\/02\/15\/ministerio-de-energia-suspende-toda-actividad-minera-en-napo\/#respond"]}]},{"@type":"WebPage","@id":"https:\/\/noti-america.com\/site\/ecuador\/2022\/02\/15\/ministerio-de-energia-suspende-toda-actividad-minera-en-napo\/","url":"https:\/\/noti-america.com\/site\/ecuador\/2022\/02\/15\/ministerio-de-energia-suspende-toda-actividad-minera-en-napo\/","name":"Ministerio de Energ\u00eda suspende toda actividad minera en Napo - Ecuador | Noti-America.com","isPartOf":{"@id":"https:\/\/noti-america.com\/site\/ecuador\/#website"},"primaryImageOfPage":{"@id":"https:\/\/noti-america.com\/site\/ecuador\/2022\/02\/15\/ministerio-de-energia-suspende-toda-actividad-minera-en-napo\/#primaryimage"},"image":{"@id":"https:\/\/noti-america.com\/site\/ecuador\/2022\/02\/15\/ministerio-de-energia-suspende-toda-actividad-minera-en-napo\/#primaryimage"},"thumbnailUrl":"https:\/\/noti-america.com\/site\/ecuador\/wp-content\/uploads\/sites\/18\/2022\/02\/15-feb-images.jpg","datePublished":"2022-02-15T11:18:32+00:00","breadcrumb":{"@id":"https:\/\/noti-america.com\/site\/ecuador\/2022\/02\/15\/ministerio-de-energia-suspende-toda-actividad-minera-en-napo\/#breadcrumb"},"inLanguage":"es","potentialAction":[{"@type":"ReadAction","target":["https:\/\/noti-america.com\/site\/ecuador\/2022\/02\/15\/ministerio-de-energia-suspende-toda-actividad-minera-en-napo\/"]}]},{"@type":"ImageObject","inLanguage":"es","@id":"https:\/\/noti-america.com\/site\/ecuador\/2022\/02\/15\/ministerio-de-energia-suspende-toda-actividad-minera-en-napo\/#primaryimage","url":"https:\/\/noti-america.com\/site\/ecuador\/wp-content\/uploads\/sites\/18\/2022\/02\/15-feb-images.jpg","contentUrl":"https:\/\/noti-america.com\/site\/ecuador\/wp-content\/uploads\/sites\/18\/2022\/02\/15-feb-images.jpg","width":300,"height":168},{"@type":"BreadcrumbList","@id":"https:\/\/noti-america.com\/site\/ecuador\/2022\/02\/15\/ministerio-de-energia-suspende-toda-actividad-minera-en-napo\/#breadcrumb","itemListElement":[{"@type":"ListItem","position":1,"name":"Portada","item":"https:\/\/noti-america.com\/site\/ecuador\/"},{"@type":"ListItem","position":2,"name":"Ministerio de Energ\u00eda suspende toda actividad minera en Napo"}]},{"@type":"WebSite","@id":"https:\/\/noti-america.com\/site\/ecuador\/#website","url":"https:\/\/noti-america.com\/site\/ecuador\/","name":"Ecuador | Noti-America.com","description":"","publisher":{"@id":"https:\/\/noti-america.com\/site\/ecuador\/#organization"},"potentialAction":[{"@type":"SearchAction","target":{"@type":"EntryPoint","urlTemplate":"https:\/\/noti-america.com\/site\/ecuador\/?s={search_term_string}"},"query-input":{"@type":"PropertyValueSpecification","valueRequired":true,"valueName":"search_term_string"}}],"inLanguage":"es"},{"@type":"Organization","@id":"https:\/\/noti-america.com\/site\/ecuador\/#organization","name":"Noti-America LLC | Ecuador","url":"https:\/\/noti-america.com\/site\/ecuador\/","logo":{"@type":"ImageObject","inLanguage":"es","@id":"https:\/\/noti-america.com\/site\/ecuador\/#\/schema\/logo\/image\/","url":"https:\/\/noti-america.com\/site\/ecuador\/wp-content\/uploads\/sites\/18\/2020\/07\/LogoNA-4x3-1.jpg","contentUrl":"https:\/\/noti-america.com\/site\/ecuador\/wp-content\/uploads\/sites\/18\/2020\/07\/LogoNA-4x3-1.jpg","width":1236,"height":1080,"caption":"Noti-America LLC | Ecuador"},"image":{"@id":"https:\/\/noti-america.com\/site\/ecuador\/#\/schema\/logo\/image\/"},"sameAs":["https:\/\/x.com\/notiamerica"]},{"@type":"Person","@id":"https:\/\/noti-america.com\/site\/ecuador\/#\/schema\/person\/b9d1630cc6598af759d45c790a347283","name":"Henry Ortiz","image":{"@type":"ImageObject","inLanguage":"es","@id":"https:\/\/secure.gravatar.com\/avatar\/0b5407b5b302fbb6a578e625dca512ac2983ee5fa9ea941d581b83c40212e4c8?s=96&d=mm&r=g","url":"https:\/\/secure.gravatar.com\/avatar\/0b5407b5b302fbb6a578e625dca512ac2983ee5fa9ea941d581b83c40212e4c8?s=96&d=mm&r=g","contentUrl":"https:\/\/secure.gravatar.com\/avatar\/0b5407b5b302fbb6a578e625dca512ac2983ee5fa9ea941d581b83c40212e4c8?s=96&d=mm&r=g","caption":"Henry Ortiz"},"url":"https:\/\/noti-america.com\/site\/ecuador\/author\/hortiz\/"}]}},"_links":{"self":[{"href":"https:\/\/noti-america.com\/site\/ecuador\/wp-json\/wp\/v2\/posts\/18419","targetHints":{"allow":["GET"]}}],"collection":[{"href":"https:\/\/noti-america.com\/site\/ecuador\/wp-json\/wp\/v2\/posts"}],"about":[{"href":"https:\/\/noti-america.com\/site\/ecuador\/wp-json\/wp\/v2\/types\/post"}],"author":[{"embeddable":true,"href":"https:\/\/noti-america.com\/site\/ecuador\/wp-json\/wp\/v2\/users\/113"}],"replies":[{"embeddable":true,"href":"https:\/\/noti-america.com\/site\/ecuador\/wp-json\/wp\/v2\/comments?post=18419"}],"version-history":[{"count":1,"href":"https:\/\/noti-america.com\/site\/ecuador\/wp-json\/wp\/v2\/posts\/18419\/revisions"}],"predecessor-version":[{"id":18421,"href":"https:\/\/noti-america.com\/site\/ecuador\/wp-json\/wp\/v2\/posts\/18419\/revisions\/18421"}],"wp:featuredmedia":[{"embeddable":true,"href":"https:\/\/noti-america.com\/site\/ecuador\/wp-json\/wp\/v2\/media\/18420"}],"wp:attachment":[{"href":"https:\/\/noti-america.com\/site\/ecuador\/wp-json\/wp\/v2\/media?parent=18419"}],"wp:term":[{"taxonomy":"category","embeddable":true,"href":"https:\/\/noti-america.com\/site\/ecuador\/wp-json\/wp\/v2\/categories?post=18419"},{"taxonomy":"post_tag","embeddable":true,"href":"https:\/\/noti-america.com\/site\/ecuador\/wp-json\/wp\/v2\/tags?post=18419"}],"curies":[{"name":"wp","href":"https:\/\/api.w.org\/{rel}","templated":true}]}}