{"id":18383,"date":"2022-02-11T12:37:42","date_gmt":"2022-02-11T12:37:42","guid":{"rendered":"https:\/\/noti-america.com\/site\/ecuador\/?p=18383"},"modified":"2022-02-11T12:37:42","modified_gmt":"2022-02-11T12:37:42","slug":"estados-unidos-abre-convocatoria-para-estudios-con-beca-de-posgrado-a-ecuatorianos","status":"publish","type":"post","link":"https:\/\/noti-america.com\/site\/ecuador\/2022\/02\/11\/estados-unidos-abre-convocatoria-para-estudios-con-beca-de-posgrado-a-ecuatorianos\/","title":{"rendered":"Estados Unidos abre convocatoria para estudios con beca de posgrado a ecuatorianos"},"content":{"rendered":"<p><strong>REDACCI\u00d3N NOTI AM\u00c9RICA (ECUADOR)<\/strong><\/p>\n<div id=\"attachment_18384\" style=\"width: 564px\" class=\"wp-caption alignright\"><img loading=\"lazy\" decoding=\"async\" aria-describedby=\"caption-attachment-18384\" class=\"wp-image-18384 \" src=\"https:\/\/noti-america.com\/site\/ecuador\/wp-content\/uploads\/sites\/18\/2022\/02\/11-feb-Becario-Fullbright-563x750-1-225x300.jpeg\" alt=\"\" width=\"554\" height=\"738\" srcset=\"https:\/\/noti-america.com\/site\/ecuador\/wp-content\/uploads\/sites\/18\/2022\/02\/11-feb-Becario-Fullbright-563x750-1-225x300.jpeg 225w, https:\/\/noti-america.com\/site\/ecuador\/wp-content\/uploads\/sites\/18\/2022\/02\/11-feb-Becario-Fullbright-563x750-1.jpeg 563w\" sizes=\"auto, (max-width: 554px) 100vw, 554px\" \/><p id=\"caption-attachment-18384\" class=\"wp-caption-text\">Gerardo Aguilar, becario Fulbright de 2019 en la Universidad de Arkansas, Estados Unidos.<\/p><\/div>\n<p class=\"x_x_paragraph\" style=\"text-align: justify\"><span class=\"x_x_normaltextrun\"><span lang=\"ES-EC\">Desde el 24 de enero est\u00e1 abierta la convocatoria anual para aplicar a la Beca Fulbright, auspiciada por el Gobierno de los Estados Unidos, que ofrece becas a ecuatorianos con demostrada excelencia acad\u00e9mica y profesional, y con potencial de liderazgo, para estudios de maestr\u00eda o doctorado en los Estados Unidos. \u00a0<\/span><\/span><\/p>\n<p class=\"x_x_paragraph\" style=\"text-align: justify\"><span class=\"x_x_normaltextrun\"><span lang=\"ES-EC\">La beca\u00a0<\/span>financia por hasta\u00a0dos a\u00f1os acad\u00e9micos,\u00a0en los que adem\u00e1s de obtener una\u00a0experiencia \u00fanica,\u00a0el seleccionado ser\u00e1\u00a0parte de una prestigiosa red de m\u00e1s de 400.000 becarios a nivel mundial.\u00a0<\/span><\/p>\n<p class=\"x_x_paragraph\" style=\"text-align: justify\"><span class=\"x_x_normaltextrun\">Los becados ser\u00e1n\u00a0financiados con\u00a0apoyo de las universidades\u00a0estadounidenses, por un m\u00e1ximo de dos a\u00f1os.\u00a0<\/span>El porcentaje de beca que otorgan las universidades depender\u00e1 del perfil y m\u00e9rito de cada estudiante. La\u00a0Comisi\u00f3n\u00a0<span class=\"x_x_spellingerror\"><span lang=\"ES-EC\">Fulbright<\/span><\/span><span class=\"x_x_normaltextrun\"><span lang=\"ES-EC\">\u00a0se encarga de\u00a0<\/span>cubrir\u00a0los costos de manutenci\u00f3n y vivienda de los becarios seleccionados.\u00a0<\/span><span class=\"x_x_eop\"><span lang=\"ES\">\u00a0<\/span><\/span><span lang=\"ES\">\u00a0<\/span><\/p>\n<p class=\"x_x_paragraph\" style=\"text-align: justify\"><span class=\"x_x_normaltextrun\"><span lang=\"ES-EC\">Para Gerard<\/span>o Aguilar, becario\u00a0<\/span><span class=\"x_x_spellingerror\"><span lang=\"ES-EC\">Fulbright<\/span><\/span><span class=\"x_x_normaltextrun\"><span lang=\"ES-EC\">\u00a02019, este programa de posgrados es una experiencia \u00fanica:\u00a0<\/span>\u201cEstoy muy agradecido por esta gran oportunidad de haber podido formar parte de\u00a0<\/span><span class=\"x_x_spellingerror\"><span lang=\"ES-EC\">Fulbright<\/span><\/span><span class=\"x_x_normaltextrun\"><span lang=\"ES-EC\">.<\/span>\u00a0Ha sido una experiencia muy enriquecedora para m\u00ed, en todo sentido. He crecido profesionalmente, acad\u00e9micamente y sobre todo como persona. He formado fuertes lazos de amistad con personas de distintas partes del mundo que no podr\u00eda haber conocido de otro modo\u201d.<\/span><span class=\"x_x_eop\"><span lang=\"ES\">\u00a0<\/span>\u00a0<\/span><\/p>\n<p class=\"x_x_paragraph\" style=\"text-align: justify\"><span class=\"x_x_normaltextrun\"><span lang=\"ES-EC\">La Comisi\u00f3n\u00a0<\/span><\/span><span class=\"x_x_spellingerror\"><span lang=\"ES-EC\">Fulbright<\/span><\/span><span class=\"x_x_normaltextrun\"><span lang=\"ES-EC\">\u00a0busca activamente candidatos de diversos or\u00edgenes para este programa de becas<\/span>.\u00a0Adem\u00e1s, su\u00a0<\/span><span class=\"x_x_normaltextrun\"><span lang=\"ES-EC\">prop\u00f3sito<\/span>\u00a0es\u00a0fomentar el entendimiento mutuo y la amistad entre los Estados Unidos y el Ecuador por medio del intercambio acad\u00e9mico y cultural.\u00a0Los\u00a0Estados Unidos valora los intercambios educativos y culturales como herramientas importantes para ayudar a otros a comprender mejor la cultura, la pol\u00edtica exterior y las perspectivas estadounidenses.<\/span><span class=\"x_x_eop\"><span lang=\"ES\">\u00a0<\/span>\u00a0<\/span><\/p>\n<p class=\"x_x_paragraph\" style=\"text-align: justify\"><span class=\"x_x_eop\"><span lang=\"ES\">Quienes quieran seguir un posgrado en los Estados Unidos, inicia una asesor\u00eda gratuita en Fulbright Ecuador. Para m\u00e1s informaci\u00f3n sobre las becas y como postular, visita:<\/span><\/span><span lang=\"ES\">\u00a0<\/span><a title=\"Original URL: https:\/\/www.fulbright.org.ec\/wb#\/ES\/home. Click or tap if you trust this link.\" href=\"https:\/\/gcc02.safelinks.protection.outlook.com\/?url=https%3A%2F%2Fwww.fulbright.org.ec%2Fwb%23%2FES%2Fhome&amp;data=04%7C01%7CLlumiquingaWV%40state.gov%7C7c6689112d194d437b4b08d9db6d0155%7C66cf50745afe48d1a691a12b2121f44b%7C0%7C0%7C637782083485277715%7CUnknown%7CTWFpbGZsb3d8eyJWIjoiMC4wLjAwMDAiLCJQIjoiV2luMzIiLCJBTiI6Ik1haWwiLCJXVCI6Mn0%3D%7C3000&amp;sdata=ihAr9e3wIRYgE80cQ0x48fpUmbbA%2BPObDeDWoo%2BdTdk%3D&amp;reserved=0\" target=\"_blank\" rel=\"noopener noreferrer\" data-auth=\"Verified\" data-linkindex=\"1\"><span class=\"x_x_normaltextrun\"><span lang=\"ES-EC\">https:\/\/www.fulbright.org.ec\/wb#\/ES\/home<\/span><\/span><\/a><\/p>\n","protected":false},"excerpt":{"rendered":"<p>REDACCI\u00d3N NOTI AM\u00c9RICA (ECUADOR) Desde el 24 de enero est\u00e1 abierta la convocatoria anual para aplicar a la Beca Fulbright, auspiciada por el Gobierno de los Estados Unidos, que ofrece becas a ecuatorianos con&#46;&#46;&#46;<\/p>\n","protected":false},"author":113,"featured_media":18384,"comment_status":"open","ping_status":"open","sticky":false,"template":"","format":"standard","meta":{"_acf_changed":false,"om_disable_all_campaigns":false,"rop_custom_images_group":[],"rop_custom_messages_group":[],"rop_publish_now":"initial","rop_publish_now_accounts":{"twitter_242054905_242054905":""},"rop_publish_now_history":[],"rop_publish_now_status":"pending","_uf_show_specific_survey":0,"_uf_disable_surveys":false,"footnotes":""},"categories":[125],"tags":[],"class_list":["post-18383","post","type-post","status-publish","format-standard","has-post-thumbnail","hentry","category-actualidad"],"acf":[],"aioseo_notices":[],"yoast_head":"<!-- This site is optimized with the Yoast SEO Premium plugin v24.9 (Yoast SEO v27.2) - https:\/\/yoast.com\/product\/yoast-seo-premium-wordpress\/ -->\n<title>Estados Unidos abre convocatoria para estudios con beca de posgrado a ecuatorianos - Ecuador | Noti-America.com<\/title>\n<meta name=\"robots\" content=\"index, follow, max-snippet:-1, max-image-preview:large, max-video-preview:-1\" \/>\n<link rel=\"canonical\" href=\"https:\/\/noti-america.com\/site\/ecuador\/2022\/02\/11\/estados-unidos-abre-convocatoria-para-estudios-con-beca-de-posgrado-a-ecuatorianos\/\" \/>\n<meta property=\"og:locale\" content=\"es_ES\" \/>\n<meta property=\"og:type\" content=\"article\" \/>\n<meta property=\"og:title\" content=\"Estados Unidos abre convocatoria para estudios con beca de posgrado a ecuatorianos\" \/>\n<meta property=\"og:description\" content=\"REDACCI\u00d3N NOTI AM\u00c9RICA (ECUADOR) Desde el 24 de enero est\u00e1 abierta la convocatoria anual para aplicar a la Beca Fulbright, auspiciada por el Gobierno de los Estados Unidos, que ofrece becas a ecuatorianos con&#046;&#046;&#046;\" \/>\n<meta property=\"og:url\" content=\"https:\/\/noti-america.com\/site\/ecuador\/2022\/02\/11\/estados-unidos-abre-convocatoria-para-estudios-con-beca-de-posgrado-a-ecuatorianos\/\" \/>\n<meta property=\"og:site_name\" content=\"Ecuador | Noti-America.com\" \/>\n<meta property=\"article:published_time\" content=\"2022-02-11T12:37:42+00:00\" \/>\n<meta property=\"og:image\" content=\"https:\/\/noti-america.com\/site\/ecuador\/wp-content\/uploads\/sites\/18\/2022\/02\/11-feb-Becario-Fullbright-563x750-1.jpeg\" \/>\n\t<meta property=\"og:image:width\" content=\"563\" \/>\n\t<meta property=\"og:image:height\" content=\"750\" \/>\n\t<meta property=\"og:image:type\" content=\"image\/jpeg\" \/>\n<meta name=\"author\" content=\"Henry Ortiz\" \/>\n<meta name=\"twitter:card\" content=\"summary_large_image\" \/>\n<meta name=\"twitter:creator\" content=\"@notiamerica\" \/>\n<meta name=\"twitter:site\" content=\"@notiamerica\" \/>\n<meta name=\"twitter:label1\" content=\"Escrito por\" \/>\n\t<meta name=\"twitter:data1\" content=\"Henry Ortiz\" \/>\n\t<meta name=\"twitter:label2\" content=\"Tiempo estimado de lectura\" \/>\n\t<meta name=\"twitter:data2\" content=\"2 minutos\" \/>\n<script type=\"application\/ld+json\" class=\"yoast-schema-graph\">{\"@context\":\"https:\/\/schema.org\",\"@graph\":[{\"@type\":\"Article\",\"@id\":\"https:\/\/noti-america.com\/site\/ecuador\/2022\/02\/11\/estados-unidos-abre-convocatoria-para-estudios-con-beca-de-posgrado-a-ecuatorianos\/#article\",\"isPartOf\":{\"@id\":\"https:\/\/noti-america.com\/site\/ecuador\/2022\/02\/11\/estados-unidos-abre-convocatoria-para-estudios-con-beca-de-posgrado-a-ecuatorianos\/\"},\"author\":{\"name\":\"Henry Ortiz\",\"@id\":\"https:\/\/noti-america.com\/site\/ecuador\/#\/schema\/person\/b9d1630cc6598af759d45c790a347283\"},\"headline\":\"Estados Unidos abre convocatoria para estudios con beca de posgrado a ecuatorianos\",\"datePublished\":\"2022-02-11T12:37:42+00:00\",\"mainEntityOfPage\":{\"@id\":\"https:\/\/noti-america.com\/site\/ecuador\/2022\/02\/11\/estados-unidos-abre-convocatoria-para-estudios-con-beca-de-posgrado-a-ecuatorianos\/\"},\"wordCount\":359,\"commentCount\":0,\"publisher\":{\"@id\":\"https:\/\/noti-america.com\/site\/ecuador\/#organization\"},\"image\":{\"@id\":\"https:\/\/noti-america.com\/site\/ecuador\/2022\/02\/11\/estados-unidos-abre-convocatoria-para-estudios-con-beca-de-posgrado-a-ecuatorianos\/#primaryimage\"},\"thumbnailUrl\":\"https:\/\/noti-america.com\/site\/ecuador\/wp-content\/uploads\/sites\/18\/2022\/02\/11-feb-Becario-Fullbright-563x750-1.jpeg\",\"articleSection\":[\"Actualidad\"],\"inLanguage\":\"es\",\"potentialAction\":[{\"@type\":\"CommentAction\",\"name\":\"Comment\",\"target\":[\"https:\/\/noti-america.com\/site\/ecuador\/2022\/02\/11\/estados-unidos-abre-convocatoria-para-estudios-con-beca-de-posgrado-a-ecuatorianos\/#respond\"]}]},{\"@type\":\"WebPage\",\"@id\":\"https:\/\/noti-america.com\/site\/ecuador\/2022\/02\/11\/estados-unidos-abre-convocatoria-para-estudios-con-beca-de-posgrado-a-ecuatorianos\/\",\"url\":\"https:\/\/noti-america.com\/site\/ecuador\/2022\/02\/11\/estados-unidos-abre-convocatoria-para-estudios-con-beca-de-posgrado-a-ecuatorianos\/\",\"name\":\"Estados Unidos abre convocatoria para estudios con beca de posgrado a ecuatorianos - Ecuador | Noti-America.com\",\"isPartOf\":{\"@id\":\"https:\/\/noti-america.com\/site\/ecuador\/#website\"},\"primaryImageOfPage\":{\"@id\":\"https:\/\/noti-america.com\/site\/ecuador\/2022\/02\/11\/estados-unidos-abre-convocatoria-para-estudios-con-beca-de-posgrado-a-ecuatorianos\/#primaryimage\"},\"image\":{\"@id\":\"https:\/\/noti-america.com\/site\/ecuador\/2022\/02\/11\/estados-unidos-abre-convocatoria-para-estudios-con-beca-de-posgrado-a-ecuatorianos\/#primaryimage\"},\"thumbnailUrl\":\"https:\/\/noti-america.com\/site\/ecuador\/wp-content\/uploads\/sites\/18\/2022\/02\/11-feb-Becario-Fullbright-563x750-1.jpeg\",\"datePublished\":\"2022-02-11T12:37:42+00:00\",\"breadcrumb\":{\"@id\":\"https:\/\/noti-america.com\/site\/ecuador\/2022\/02\/11\/estados-unidos-abre-convocatoria-para-estudios-con-beca-de-posgrado-a-ecuatorianos\/#breadcrumb\"},\"inLanguage\":\"es\",\"potentialAction\":[{\"@type\":\"ReadAction\",\"target\":[\"https:\/\/noti-america.com\/site\/ecuador\/2022\/02\/11\/estados-unidos-abre-convocatoria-para-estudios-con-beca-de-posgrado-a-ecuatorianos\/\"]}]},{\"@type\":\"ImageObject\",\"inLanguage\":\"es\",\"@id\":\"https:\/\/noti-america.com\/site\/ecuador\/2022\/02\/11\/estados-unidos-abre-convocatoria-para-estudios-con-beca-de-posgrado-a-ecuatorianos\/#primaryimage\",\"url\":\"https:\/\/noti-america.com\/site\/ecuador\/wp-content\/uploads\/sites\/18\/2022\/02\/11-feb-Becario-Fullbright-563x750-1.jpeg\",\"contentUrl\":\"https:\/\/noti-america.com\/site\/ecuador\/wp-content\/uploads\/sites\/18\/2022\/02\/11-feb-Becario-Fullbright-563x750-1.jpeg\",\"width\":563,\"height\":750},{\"@type\":\"BreadcrumbList\",\"@id\":\"https:\/\/noti-america.com\/site\/ecuador\/2022\/02\/11\/estados-unidos-abre-convocatoria-para-estudios-con-beca-de-posgrado-a-ecuatorianos\/#breadcrumb\",\"itemListElement\":[{\"@type\":\"ListItem\",\"position\":1,\"name\":\"Portada\",\"item\":\"https:\/\/noti-america.com\/site\/ecuador\/\"},{\"@type\":\"ListItem\",\"position\":2,\"name\":\"Estados Unidos abre convocatoria para estudios con beca de posgrado a ecuatorianos\"}]},{\"@type\":\"WebSite\",\"@id\":\"https:\/\/noti-america.com\/site\/ecuador\/#website\",\"url\":\"https:\/\/noti-america.com\/site\/ecuador\/\",\"name\":\"Ecuador | Noti-America.com\",\"description\":\"\",\"publisher\":{\"@id\":\"https:\/\/noti-america.com\/site\/ecuador\/#organization\"},\"potentialAction\":[{\"@type\":\"SearchAction\",\"target\":{\"@type\":\"EntryPoint\",\"urlTemplate\":\"https:\/\/noti-america.com\/site\/ecuador\/?s={search_term_string}\"},\"query-input\":{\"@type\":\"PropertyValueSpecification\",\"valueRequired\":true,\"valueName\":\"search_term_string\"}}],\"inLanguage\":\"es\"},{\"@type\":\"Organization\",\"@id\":\"https:\/\/noti-america.com\/site\/ecuador\/#organization\",\"name\":\"Noti-America LLC | Ecuador\",\"url\":\"https:\/\/noti-america.com\/site\/ecuador\/\",\"logo\":{\"@type\":\"ImageObject\",\"inLanguage\":\"es\",\"@id\":\"https:\/\/noti-america.com\/site\/ecuador\/#\/schema\/logo\/image\/\",\"url\":\"https:\/\/noti-america.com\/site\/ecuador\/wp-content\/uploads\/sites\/18\/2020\/07\/LogoNA-4x3-1.jpg\",\"contentUrl\":\"https:\/\/noti-america.com\/site\/ecuador\/wp-content\/uploads\/sites\/18\/2020\/07\/LogoNA-4x3-1.jpg\",\"width\":1236,\"height\":1080,\"caption\":\"Noti-America LLC | Ecuador\"},\"image\":{\"@id\":\"https:\/\/noti-america.com\/site\/ecuador\/#\/schema\/logo\/image\/\"},\"sameAs\":[\"https:\/\/x.com\/notiamerica\"]},{\"@type\":\"Person\",\"@id\":\"https:\/\/noti-america.com\/site\/ecuador\/#\/schema\/person\/b9d1630cc6598af759d45c790a347283\",\"name\":\"Henry Ortiz\",\"image\":{\"@type\":\"ImageObject\",\"inLanguage\":\"es\",\"@id\":\"https:\/\/secure.gravatar.com\/avatar\/0b5407b5b302fbb6a578e625dca512ac2983ee5fa9ea941d581b83c40212e4c8?s=96&d=mm&r=g\",\"url\":\"https:\/\/secure.gravatar.com\/avatar\/0b5407b5b302fbb6a578e625dca512ac2983ee5fa9ea941d581b83c40212e4c8?s=96&d=mm&r=g\",\"contentUrl\":\"https:\/\/secure.gravatar.com\/avatar\/0b5407b5b302fbb6a578e625dca512ac2983ee5fa9ea941d581b83c40212e4c8?s=96&d=mm&r=g\",\"caption\":\"Henry Ortiz\"},\"url\":\"https:\/\/noti-america.com\/site\/ecuador\/author\/hortiz\/\"}]}<\/script>\n<!-- \/ Yoast SEO Premium plugin. -->","yoast_head_json":{"title":"Estados Unidos abre convocatoria para estudios con beca de posgrado a ecuatorianos - Ecuador | Noti-America.com","robots":{"index":"index","follow":"follow","max-snippet":"max-snippet:-1","max-image-preview":"max-image-preview:large","max-video-preview":"max-video-preview:-1"},"canonical":"https:\/\/noti-america.com\/site\/ecuador\/2022\/02\/11\/estados-unidos-abre-convocatoria-para-estudios-con-beca-de-posgrado-a-ecuatorianos\/","og_locale":"es_ES","og_type":"article","og_title":"Estados Unidos abre convocatoria para estudios con beca de posgrado a ecuatorianos","og_description":"REDACCI\u00d3N NOTI AM\u00c9RICA (ECUADOR) Desde el 24 de enero est\u00e1 abierta la convocatoria anual para aplicar a la Beca Fulbright, auspiciada por el Gobierno de los Estados Unidos, que ofrece becas a ecuatorianos con&#46;&#46;&#46;","og_url":"https:\/\/noti-america.com\/site\/ecuador\/2022\/02\/11\/estados-unidos-abre-convocatoria-para-estudios-con-beca-de-posgrado-a-ecuatorianos\/","og_site_name":"Ecuador | Noti-America.com","article_published_time":"2022-02-11T12:37:42+00:00","og_image":[{"width":563,"height":750,"url":"https:\/\/noti-america.com\/site\/ecuador\/wp-content\/uploads\/sites\/18\/2022\/02\/11-feb-Becario-Fullbright-563x750-1.jpeg","type":"image\/jpeg"}],"author":"Henry Ortiz","twitter_card":"summary_large_image","twitter_creator":"@notiamerica","twitter_site":"@notiamerica","twitter_misc":{"Escrito por":"Henry Ortiz","Tiempo estimado de lectura":"2 minutos"},"schema":{"@context":"https:\/\/schema.org","@graph":[{"@type":"Article","@id":"https:\/\/noti-america.com\/site\/ecuador\/2022\/02\/11\/estados-unidos-abre-convocatoria-para-estudios-con-beca-de-posgrado-a-ecuatorianos\/#article","isPartOf":{"@id":"https:\/\/noti-america.com\/site\/ecuador\/2022\/02\/11\/estados-unidos-abre-convocatoria-para-estudios-con-beca-de-posgrado-a-ecuatorianos\/"},"author":{"name":"Henry Ortiz","@id":"https:\/\/noti-america.com\/site\/ecuador\/#\/schema\/person\/b9d1630cc6598af759d45c790a347283"},"headline":"Estados Unidos abre convocatoria para estudios con beca de posgrado a ecuatorianos","datePublished":"2022-02-11T12:37:42+00:00","mainEntityOfPage":{"@id":"https:\/\/noti-america.com\/site\/ecuador\/2022\/02\/11\/estados-unidos-abre-convocatoria-para-estudios-con-beca-de-posgrado-a-ecuatorianos\/"},"wordCount":359,"commentCount":0,"publisher":{"@id":"https:\/\/noti-america.com\/site\/ecuador\/#organization"},"image":{"@id":"https:\/\/noti-america.com\/site\/ecuador\/2022\/02\/11\/estados-unidos-abre-convocatoria-para-estudios-con-beca-de-posgrado-a-ecuatorianos\/#primaryimage"},"thumbnailUrl":"https:\/\/noti-america.com\/site\/ecuador\/wp-content\/uploads\/sites\/18\/2022\/02\/11-feb-Becario-Fullbright-563x750-1.jpeg","articleSection":["Actualidad"],"inLanguage":"es","potentialAction":[{"@type":"CommentAction","name":"Comment","target":["https:\/\/noti-america.com\/site\/ecuador\/2022\/02\/11\/estados-unidos-abre-convocatoria-para-estudios-con-beca-de-posgrado-a-ecuatorianos\/#respond"]}]},{"@type":"WebPage","@id":"https:\/\/noti-america.com\/site\/ecuador\/2022\/02\/11\/estados-unidos-abre-convocatoria-para-estudios-con-beca-de-posgrado-a-ecuatorianos\/","url":"https:\/\/noti-america.com\/site\/ecuador\/2022\/02\/11\/estados-unidos-abre-convocatoria-para-estudios-con-beca-de-posgrado-a-ecuatorianos\/","name":"Estados Unidos abre convocatoria para estudios con beca de posgrado a ecuatorianos - Ecuador | Noti-America.com","isPartOf":{"@id":"https:\/\/noti-america.com\/site\/ecuador\/#website"},"primaryImageOfPage":{"@id":"https:\/\/noti-america.com\/site\/ecuador\/2022\/02\/11\/estados-unidos-abre-convocatoria-para-estudios-con-beca-de-posgrado-a-ecuatorianos\/#primaryimage"},"image":{"@id":"https:\/\/noti-america.com\/site\/ecuador\/2022\/02\/11\/estados-unidos-abre-convocatoria-para-estudios-con-beca-de-posgrado-a-ecuatorianos\/#primaryimage"},"thumbnailUrl":"https:\/\/noti-america.com\/site\/ecuador\/wp-content\/uploads\/sites\/18\/2022\/02\/11-feb-Becario-Fullbright-563x750-1.jpeg","datePublished":"2022-02-11T12:37:42+00:00","breadcrumb":{"@id":"https:\/\/noti-america.com\/site\/ecuador\/2022\/02\/11\/estados-unidos-abre-convocatoria-para-estudios-con-beca-de-posgrado-a-ecuatorianos\/#breadcrumb"},"inLanguage":"es","potentialAction":[{"@type":"ReadAction","target":["https:\/\/noti-america.com\/site\/ecuador\/2022\/02\/11\/estados-unidos-abre-convocatoria-para-estudios-con-beca-de-posgrado-a-ecuatorianos\/"]}]},{"@type":"ImageObject","inLanguage":"es","@id":"https:\/\/noti-america.com\/site\/ecuador\/2022\/02\/11\/estados-unidos-abre-convocatoria-para-estudios-con-beca-de-posgrado-a-ecuatorianos\/#primaryimage","url":"https:\/\/noti-america.com\/site\/ecuador\/wp-content\/uploads\/sites\/18\/2022\/02\/11-feb-Becario-Fullbright-563x750-1.jpeg","contentUrl":"https:\/\/noti-america.com\/site\/ecuador\/wp-content\/uploads\/sites\/18\/2022\/02\/11-feb-Becario-Fullbright-563x750-1.jpeg","width":563,"height":750},{"@type":"BreadcrumbList","@id":"https:\/\/noti-america.com\/site\/ecuador\/2022\/02\/11\/estados-unidos-abre-convocatoria-para-estudios-con-beca-de-posgrado-a-ecuatorianos\/#breadcrumb","itemListElement":[{"@type":"ListItem","position":1,"name":"Portada","item":"https:\/\/noti-america.com\/site\/ecuador\/"},{"@type":"ListItem","position":2,"name":"Estados Unidos abre convocatoria para estudios con beca de posgrado a ecuatorianos"}]},{"@type":"WebSite","@id":"https:\/\/noti-america.com\/site\/ecuador\/#website","url":"https:\/\/noti-america.com\/site\/ecuador\/","name":"Ecuador | Noti-America.com","description":"","publisher":{"@id":"https:\/\/noti-america.com\/site\/ecuador\/#organization"},"potentialAction":[{"@type":"SearchAction","target":{"@type":"EntryPoint","urlTemplate":"https:\/\/noti-america.com\/site\/ecuador\/?s={search_term_string}"},"query-input":{"@type":"PropertyValueSpecification","valueRequired":true,"valueName":"search_term_string"}}],"inLanguage":"es"},{"@type":"Organization","@id":"https:\/\/noti-america.com\/site\/ecuador\/#organization","name":"Noti-America LLC | Ecuador","url":"https:\/\/noti-america.com\/site\/ecuador\/","logo":{"@type":"ImageObject","inLanguage":"es","@id":"https:\/\/noti-america.com\/site\/ecuador\/#\/schema\/logo\/image\/","url":"https:\/\/noti-america.com\/site\/ecuador\/wp-content\/uploads\/sites\/18\/2020\/07\/LogoNA-4x3-1.jpg","contentUrl":"https:\/\/noti-america.com\/site\/ecuador\/wp-content\/uploads\/sites\/18\/2020\/07\/LogoNA-4x3-1.jpg","width":1236,"height":1080,"caption":"Noti-America LLC | Ecuador"},"image":{"@id":"https:\/\/noti-america.com\/site\/ecuador\/#\/schema\/logo\/image\/"},"sameAs":["https:\/\/x.com\/notiamerica"]},{"@type":"Person","@id":"https:\/\/noti-america.com\/site\/ecuador\/#\/schema\/person\/b9d1630cc6598af759d45c790a347283","name":"Henry Ortiz","image":{"@type":"ImageObject","inLanguage":"es","@id":"https:\/\/secure.gravatar.com\/avatar\/0b5407b5b302fbb6a578e625dca512ac2983ee5fa9ea941d581b83c40212e4c8?s=96&d=mm&r=g","url":"https:\/\/secure.gravatar.com\/avatar\/0b5407b5b302fbb6a578e625dca512ac2983ee5fa9ea941d581b83c40212e4c8?s=96&d=mm&r=g","contentUrl":"https:\/\/secure.gravatar.com\/avatar\/0b5407b5b302fbb6a578e625dca512ac2983ee5fa9ea941d581b83c40212e4c8?s=96&d=mm&r=g","caption":"Henry Ortiz"},"url":"https:\/\/noti-america.com\/site\/ecuador\/author\/hortiz\/"}]}},"_links":{"self":[{"href":"https:\/\/noti-america.com\/site\/ecuador\/wp-json\/wp\/v2\/posts\/18383","targetHints":{"allow":["GET"]}}],"collection":[{"href":"https:\/\/noti-america.com\/site\/ecuador\/wp-json\/wp\/v2\/posts"}],"about":[{"href":"https:\/\/noti-america.com\/site\/ecuador\/wp-json\/wp\/v2\/types\/post"}],"author":[{"embeddable":true,"href":"https:\/\/noti-america.com\/site\/ecuador\/wp-json\/wp\/v2\/users\/113"}],"replies":[{"embeddable":true,"href":"https:\/\/noti-america.com\/site\/ecuador\/wp-json\/wp\/v2\/comments?post=18383"}],"version-history":[{"count":1,"href":"https:\/\/noti-america.com\/site\/ecuador\/wp-json\/wp\/v2\/posts\/18383\/revisions"}],"predecessor-version":[{"id":18385,"href":"https:\/\/noti-america.com\/site\/ecuador\/wp-json\/wp\/v2\/posts\/18383\/revisions\/18385"}],"wp:featuredmedia":[{"embeddable":true,"href":"https:\/\/noti-america.com\/site\/ecuador\/wp-json\/wp\/v2\/media\/18384"}],"wp:attachment":[{"href":"https:\/\/noti-america.com\/site\/ecuador\/wp-json\/wp\/v2\/media?parent=18383"}],"wp:term":[{"taxonomy":"category","embeddable":true,"href":"https:\/\/noti-america.com\/site\/ecuador\/wp-json\/wp\/v2\/categories?post=18383"},{"taxonomy":"post_tag","embeddable":true,"href":"https:\/\/noti-america.com\/site\/ecuador\/wp-json\/wp\/v2\/tags?post=18383"}],"curies":[{"name":"wp","href":"https:\/\/api.w.org\/{rel}","templated":true}]}}