{"id":18300,"date":"2022-02-07T19:54:49","date_gmt":"2022-02-07T19:54:49","guid":{"rendered":"https:\/\/noti-america.com\/site\/ecuador\/?p=18300"},"modified":"2022-02-07T19:54:49","modified_gmt":"2022-02-07T19:54:49","slug":"ministro-de-agricultura-entrego-creditos-al-1-de-interes-en-el-oro","status":"publish","type":"post","link":"https:\/\/noti-america.com\/site\/ecuador\/2022\/02\/07\/ministro-de-agricultura-entrego-creditos-al-1-de-interes-en-el-oro\/","title":{"rendered":"Ministro de Agricultura entreg\u00f3 cr\u00e9ditos al 1% de inter\u00e9s en El Oro"},"content":{"rendered":"<p><strong>REDACCI\u00d3N NOTI AM\u00c9RICA (ECUADOR)<\/strong><\/p>\n<div id=\"attachment_18301\" style=\"width: 643px\" class=\"wp-caption alignright\"><img loading=\"lazy\" decoding=\"async\" aria-describedby=\"caption-attachment-18301\" class=\"wp-image-18301\" src=\"https:\/\/noti-america.com\/site\/ecuador\/wp-content\/uploads\/sites\/18\/2022\/02\/7-feb-IMG-20220204-WA0065-300x200.jpg\" alt=\"\" width=\"633\" height=\"422\" srcset=\"https:\/\/noti-america.com\/site\/ecuador\/wp-content\/uploads\/sites\/18\/2022\/02\/7-feb-IMG-20220204-WA0065-300x200.jpg 300w, https:\/\/noti-america.com\/site\/ecuador\/wp-content\/uploads\/sites\/18\/2022\/02\/7-feb-IMG-20220204-WA0065-1024x682.jpg 1024w, https:\/\/noti-america.com\/site\/ecuador\/wp-content\/uploads\/sites\/18\/2022\/02\/7-feb-IMG-20220204-WA0065-768x512.jpg 768w, https:\/\/noti-america.com\/site\/ecuador\/wp-content\/uploads\/sites\/18\/2022\/02\/7-feb-IMG-20220204-WA0065-272x182.jpg 272w, https:\/\/noti-america.com\/site\/ecuador\/wp-content\/uploads\/sites\/18\/2022\/02\/7-feb-IMG-20220204-WA0065.jpg 1280w\" sizes=\"auto, (max-width: 633px) 100vw, 633px\" \/><p id=\"caption-attachment-18301\" class=\"wp-caption-text\">Consta el ministro de Agricultura, Pedro \u00c1lava, junto a una beneficiaria de los cr\u00e9ditos.<\/p><\/div>\n<p style=\"text-align: justify\">\u00abCr\u00e9ditos de las Oportunidades\u00bb al 1% de inter\u00e9s, a 30 a\u00f1os plazo, y t\u00edtulos de propiedad de tierras entreg\u00f3 el ministro de Agricultura y Ganader\u00eda, Pedro \u00c1lava, a productores agropecuarios de El Oro.<\/p>\n<p style=\"text-align: justify\">En Machala, el Ministro inaugur\u00f3 la Biof\u00e1brica Montubia Biomont, un centro privado dedicado al mejoramiento gen\u00e9tico y a la propagaci\u00f3n de plantas a trav\u00e9s de la t\u00e9cnica in vitro que actualmente trabaja con distintas variedades de banano, vainilla tahitensis y sacha inchi.<\/p>\n<p style=\"text-align: justify\">Esta empresa generar\u00e1 fuentes de empleo y mejorar\u00e1 los procesos productivos locales. Adem\u00e1s, junto a la Universidad T\u00e9cnica de Machala se impulsan procesos de investigaci\u00f3n para la propagaci\u00f3n de mejores variedades de banano y de mayor resistencia, por ejemplo, frente al Fusarium Raza 4.<\/p>\n<p style=\"text-align: justify\">El ministro se reuni\u00f3 con representantes bananeros y estuvo en Zaruma, donde entreg\u00f3 diez Cr\u00e9ditos de las Oportunidades por un total de 36.000 d\u00f3lares, recursos con los que beneficiarios podr\u00e1n dar mantenimiento a sus cultivos, mejorar la producci\u00f3n, as\u00ed como impulsar la cr\u00eda de animales.<\/p>\n<p style=\"text-align: justify\">\u00abHoy, hacemos realidad el sue\u00f1o de tener cr\u00e9ditos al m\u00e1s bajo inter\u00e9s, en m\u00e1ximo dos d\u00edas, sin tramitolog\u00eda, sin tener que acudir a los intermediarios\u00bb, dijo el ministro.<\/p>\n<p style=\"text-align: justify\">Agreg\u00f3 que cr\u00e9ditos se convierten en oportunidades para que las personas mejoren su producci\u00f3n agropecuaria o emprendan en negocios.<\/p>\n<p style=\"text-align: justify\">Yahaira Pardo, productora beneficiada con el cr\u00e9dito, afirm\u00f3 que \u201ces muy gratificante para nosotros acceder a estos cr\u00e9ditos, ya que es una ayuda muy buena\u201d<\/p>\n<p style=\"text-align: justify\">Adem\u00e1s, los productores de Zaruma recibieron 18 t\u00edtulos de propiedad de tierras que equivalen a 41 hect\u00e1reas, y que se suman a los 321 t\u00edtulos de propiedad entregados durante el Gobierno del Encuentro. Este documento es el primer paso para acceder a beneficios, como el Cr\u00e9dito de las Oportunidades, al 1% de inter\u00e9s, y a 30 a\u00f1os plazo.<\/p>\n<p style=\"text-align: justify\">Camita Valarezo, productora beneficiaria, agradeci\u00f3 al Ministro de Agricultura y Ganader\u00eda porque cumple con lo que promete, e indic\u00f3 que ahora con el t\u00edtulo de propiedad podr\u00e1 acceder a otros beneficios del Gobierno Nacional, adem\u00e1s de que tiene la seguridad que la tierra pertenece.<\/p>\n<p style=\"text-align: justify\">\n","protected":false},"excerpt":{"rendered":"<p>REDACCI\u00d3N NOTI AM\u00c9RICA (ECUADOR) \u00abCr\u00e9ditos de las Oportunidades\u00bb al 1% de inter\u00e9s, a 30 a\u00f1os plazo, y t\u00edtulos de propiedad de tierras entreg\u00f3 el ministro de Agricultura y Ganader\u00eda, Pedro \u00c1lava, a productores agropecuarios&#46;&#46;&#46;<\/p>\n","protected":false},"author":113,"featured_media":18301,"comment_status":"open","ping_status":"open","sticky":false,"template":"","format":"standard","meta":{"_acf_changed":false,"om_disable_all_campaigns":false,"rop_custom_images_group":[],"rop_custom_messages_group":[],"rop_publish_now":"initial","rop_publish_now_accounts":{"twitter_242054905_242054905":""},"rop_publish_now_history":[],"rop_publish_now_status":"pending","_uf_show_specific_survey":0,"_uf_disable_surveys":false,"footnotes":""},"categories":[83],"tags":[],"class_list":["post-18300","post","type-post","status-publish","format-standard","has-post-thumbnail","hentry","category-agricultura"],"acf":[],"aioseo_notices":[],"yoast_head":"<!-- This site is optimized with the Yoast SEO Premium plugin v24.9 (Yoast SEO v27.2) - https:\/\/yoast.com\/product\/yoast-seo-premium-wordpress\/ -->\n<title>Ministro de Agricultura entreg\u00f3 cr\u00e9ditos al 1% de inter\u00e9s en El Oro - Ecuador | Noti-America.com<\/title>\n<meta name=\"robots\" content=\"index, follow, max-snippet:-1, max-image-preview:large, max-video-preview:-1\" \/>\n<link rel=\"canonical\" href=\"https:\/\/noti-america.com\/site\/ecuador\/2022\/02\/07\/ministro-de-agricultura-entrego-creditos-al-1-de-interes-en-el-oro\/\" \/>\n<meta property=\"og:locale\" content=\"es_ES\" \/>\n<meta property=\"og:type\" content=\"article\" \/>\n<meta property=\"og:title\" content=\"Ministro de Agricultura entreg\u00f3 cr\u00e9ditos al 1% de inter\u00e9s en El Oro\" \/>\n<meta property=\"og:description\" content=\"REDACCI\u00d3N NOTI AM\u00c9RICA (ECUADOR) \u00abCr\u00e9ditos de las Oportunidades\u00bb al 1% de inter\u00e9s, a 30 a\u00f1os plazo, y t\u00edtulos de propiedad de tierras entreg\u00f3 el ministro de Agricultura y Ganader\u00eda, Pedro \u00c1lava, a productores agropecuarios&#046;&#046;&#046;\" \/>\n<meta property=\"og:url\" content=\"https:\/\/noti-america.com\/site\/ecuador\/2022\/02\/07\/ministro-de-agricultura-entrego-creditos-al-1-de-interes-en-el-oro\/\" \/>\n<meta property=\"og:site_name\" content=\"Ecuador | Noti-America.com\" \/>\n<meta property=\"article:published_time\" content=\"2022-02-07T19:54:49+00:00\" \/>\n<meta property=\"og:image\" content=\"https:\/\/noti-america.com\/site\/ecuador\/wp-content\/uploads\/sites\/18\/2022\/02\/7-feb-IMG-20220204-WA0065.jpg\" \/>\n\t<meta property=\"og:image:width\" content=\"1280\" \/>\n\t<meta property=\"og:image:height\" content=\"853\" \/>\n\t<meta property=\"og:image:type\" content=\"image\/jpeg\" \/>\n<meta name=\"author\" content=\"Henry Ortiz\" \/>\n<meta name=\"twitter:card\" content=\"summary_large_image\" \/>\n<meta name=\"twitter:creator\" content=\"@notiamerica\" \/>\n<meta name=\"twitter:site\" content=\"@notiamerica\" \/>\n<meta name=\"twitter:label1\" content=\"Escrito por\" \/>\n\t<meta name=\"twitter:data1\" content=\"Henry Ortiz\" \/>\n\t<meta name=\"twitter:label2\" content=\"Tiempo estimado de lectura\" \/>\n\t<meta name=\"twitter:data2\" content=\"2 minutos\" \/>\n<script type=\"application\/ld+json\" class=\"yoast-schema-graph\">{\"@context\":\"https:\/\/schema.org\",\"@graph\":[{\"@type\":\"Article\",\"@id\":\"https:\/\/noti-america.com\/site\/ecuador\/2022\/02\/07\/ministro-de-agricultura-entrego-creditos-al-1-de-interes-en-el-oro\/#article\",\"isPartOf\":{\"@id\":\"https:\/\/noti-america.com\/site\/ecuador\/2022\/02\/07\/ministro-de-agricultura-entrego-creditos-al-1-de-interes-en-el-oro\/\"},\"author\":{\"name\":\"Henry Ortiz\",\"@id\":\"https:\/\/noti-america.com\/site\/ecuador\/#\/schema\/person\/b9d1630cc6598af759d45c790a347283\"},\"headline\":\"Ministro de Agricultura entreg\u00f3 cr\u00e9ditos al 1% de inter\u00e9s en El Oro\",\"datePublished\":\"2022-02-07T19:54:49+00:00\",\"mainEntityOfPage\":{\"@id\":\"https:\/\/noti-america.com\/site\/ecuador\/2022\/02\/07\/ministro-de-agricultura-entrego-creditos-al-1-de-interes-en-el-oro\/\"},\"wordCount\":410,\"commentCount\":0,\"publisher\":{\"@id\":\"https:\/\/noti-america.com\/site\/ecuador\/#organization\"},\"image\":{\"@id\":\"https:\/\/noti-america.com\/site\/ecuador\/2022\/02\/07\/ministro-de-agricultura-entrego-creditos-al-1-de-interes-en-el-oro\/#primaryimage\"},\"thumbnailUrl\":\"https:\/\/noti-america.com\/site\/ecuador\/wp-content\/uploads\/sites\/18\/2022\/02\/7-feb-IMG-20220204-WA0065.jpg\",\"articleSection\":[\"Agricultura\"],\"inLanguage\":\"es\",\"potentialAction\":[{\"@type\":\"CommentAction\",\"name\":\"Comment\",\"target\":[\"https:\/\/noti-america.com\/site\/ecuador\/2022\/02\/07\/ministro-de-agricultura-entrego-creditos-al-1-de-interes-en-el-oro\/#respond\"]}]},{\"@type\":\"WebPage\",\"@id\":\"https:\/\/noti-america.com\/site\/ecuador\/2022\/02\/07\/ministro-de-agricultura-entrego-creditos-al-1-de-interes-en-el-oro\/\",\"url\":\"https:\/\/noti-america.com\/site\/ecuador\/2022\/02\/07\/ministro-de-agricultura-entrego-creditos-al-1-de-interes-en-el-oro\/\",\"name\":\"Ministro de Agricultura entreg\u00f3 cr\u00e9ditos al 1% de inter\u00e9s en El Oro - Ecuador | Noti-America.com\",\"isPartOf\":{\"@id\":\"https:\/\/noti-america.com\/site\/ecuador\/#website\"},\"primaryImageOfPage\":{\"@id\":\"https:\/\/noti-america.com\/site\/ecuador\/2022\/02\/07\/ministro-de-agricultura-entrego-creditos-al-1-de-interes-en-el-oro\/#primaryimage\"},\"image\":{\"@id\":\"https:\/\/noti-america.com\/site\/ecuador\/2022\/02\/07\/ministro-de-agricultura-entrego-creditos-al-1-de-interes-en-el-oro\/#primaryimage\"},\"thumbnailUrl\":\"https:\/\/noti-america.com\/site\/ecuador\/wp-content\/uploads\/sites\/18\/2022\/02\/7-feb-IMG-20220204-WA0065.jpg\",\"datePublished\":\"2022-02-07T19:54:49+00:00\",\"breadcrumb\":{\"@id\":\"https:\/\/noti-america.com\/site\/ecuador\/2022\/02\/07\/ministro-de-agricultura-entrego-creditos-al-1-de-interes-en-el-oro\/#breadcrumb\"},\"inLanguage\":\"es\",\"potentialAction\":[{\"@type\":\"ReadAction\",\"target\":[\"https:\/\/noti-america.com\/site\/ecuador\/2022\/02\/07\/ministro-de-agricultura-entrego-creditos-al-1-de-interes-en-el-oro\/\"]}]},{\"@type\":\"ImageObject\",\"inLanguage\":\"es\",\"@id\":\"https:\/\/noti-america.com\/site\/ecuador\/2022\/02\/07\/ministro-de-agricultura-entrego-creditos-al-1-de-interes-en-el-oro\/#primaryimage\",\"url\":\"https:\/\/noti-america.com\/site\/ecuador\/wp-content\/uploads\/sites\/18\/2022\/02\/7-feb-IMG-20220204-WA0065.jpg\",\"contentUrl\":\"https:\/\/noti-america.com\/site\/ecuador\/wp-content\/uploads\/sites\/18\/2022\/02\/7-feb-IMG-20220204-WA0065.jpg\",\"width\":1280,\"height\":853},{\"@type\":\"BreadcrumbList\",\"@id\":\"https:\/\/noti-america.com\/site\/ecuador\/2022\/02\/07\/ministro-de-agricultura-entrego-creditos-al-1-de-interes-en-el-oro\/#breadcrumb\",\"itemListElement\":[{\"@type\":\"ListItem\",\"position\":1,\"name\":\"Portada\",\"item\":\"https:\/\/noti-america.com\/site\/ecuador\/\"},{\"@type\":\"ListItem\",\"position\":2,\"name\":\"Ministro de Agricultura entreg\u00f3 cr\u00e9ditos al 1% de inter\u00e9s en El Oro\"}]},{\"@type\":\"WebSite\",\"@id\":\"https:\/\/noti-america.com\/site\/ecuador\/#website\",\"url\":\"https:\/\/noti-america.com\/site\/ecuador\/\",\"name\":\"Ecuador | Noti-America.com\",\"description\":\"\",\"publisher\":{\"@id\":\"https:\/\/noti-america.com\/site\/ecuador\/#organization\"},\"potentialAction\":[{\"@type\":\"SearchAction\",\"target\":{\"@type\":\"EntryPoint\",\"urlTemplate\":\"https:\/\/noti-america.com\/site\/ecuador\/?s={search_term_string}\"},\"query-input\":{\"@type\":\"PropertyValueSpecification\",\"valueRequired\":true,\"valueName\":\"search_term_string\"}}],\"inLanguage\":\"es\"},{\"@type\":\"Organization\",\"@id\":\"https:\/\/noti-america.com\/site\/ecuador\/#organization\",\"name\":\"Noti-America LLC | Ecuador\",\"url\":\"https:\/\/noti-america.com\/site\/ecuador\/\",\"logo\":{\"@type\":\"ImageObject\",\"inLanguage\":\"es\",\"@id\":\"https:\/\/noti-america.com\/site\/ecuador\/#\/schema\/logo\/image\/\",\"url\":\"https:\/\/noti-america.com\/site\/ecuador\/wp-content\/uploads\/sites\/18\/2020\/07\/LogoNA-4x3-1.jpg\",\"contentUrl\":\"https:\/\/noti-america.com\/site\/ecuador\/wp-content\/uploads\/sites\/18\/2020\/07\/LogoNA-4x3-1.jpg\",\"width\":1236,\"height\":1080,\"caption\":\"Noti-America LLC | Ecuador\"},\"image\":{\"@id\":\"https:\/\/noti-america.com\/site\/ecuador\/#\/schema\/logo\/image\/\"},\"sameAs\":[\"https:\/\/x.com\/notiamerica\"]},{\"@type\":\"Person\",\"@id\":\"https:\/\/noti-america.com\/site\/ecuador\/#\/schema\/person\/b9d1630cc6598af759d45c790a347283\",\"name\":\"Henry Ortiz\",\"image\":{\"@type\":\"ImageObject\",\"inLanguage\":\"es\",\"@id\":\"https:\/\/secure.gravatar.com\/avatar\/0b5407b5b302fbb6a578e625dca512ac2983ee5fa9ea941d581b83c40212e4c8?s=96&d=mm&r=g\",\"url\":\"https:\/\/secure.gravatar.com\/avatar\/0b5407b5b302fbb6a578e625dca512ac2983ee5fa9ea941d581b83c40212e4c8?s=96&d=mm&r=g\",\"contentUrl\":\"https:\/\/secure.gravatar.com\/avatar\/0b5407b5b302fbb6a578e625dca512ac2983ee5fa9ea941d581b83c40212e4c8?s=96&d=mm&r=g\",\"caption\":\"Henry Ortiz\"},\"url\":\"https:\/\/noti-america.com\/site\/ecuador\/author\/hortiz\/\"}]}<\/script>\n<!-- \/ Yoast SEO Premium plugin. -->","yoast_head_json":{"title":"Ministro de Agricultura entreg\u00f3 cr\u00e9ditos al 1% de inter\u00e9s en El Oro - Ecuador | Noti-America.com","robots":{"index":"index","follow":"follow","max-snippet":"max-snippet:-1","max-image-preview":"max-image-preview:large","max-video-preview":"max-video-preview:-1"},"canonical":"https:\/\/noti-america.com\/site\/ecuador\/2022\/02\/07\/ministro-de-agricultura-entrego-creditos-al-1-de-interes-en-el-oro\/","og_locale":"es_ES","og_type":"article","og_title":"Ministro de Agricultura entreg\u00f3 cr\u00e9ditos al 1% de inter\u00e9s en El Oro","og_description":"REDACCI\u00d3N NOTI AM\u00c9RICA (ECUADOR) \u00abCr\u00e9ditos de las Oportunidades\u00bb al 1% de inter\u00e9s, a 30 a\u00f1os plazo, y t\u00edtulos de propiedad de tierras entreg\u00f3 el ministro de Agricultura y Ganader\u00eda, Pedro \u00c1lava, a productores agropecuarios&#46;&#46;&#46;","og_url":"https:\/\/noti-america.com\/site\/ecuador\/2022\/02\/07\/ministro-de-agricultura-entrego-creditos-al-1-de-interes-en-el-oro\/","og_site_name":"Ecuador | Noti-America.com","article_published_time":"2022-02-07T19:54:49+00:00","og_image":[{"width":1280,"height":853,"url":"https:\/\/noti-america.com\/site\/ecuador\/wp-content\/uploads\/sites\/18\/2022\/02\/7-feb-IMG-20220204-WA0065.jpg","type":"image\/jpeg"}],"author":"Henry Ortiz","twitter_card":"summary_large_image","twitter_creator":"@notiamerica","twitter_site":"@notiamerica","twitter_misc":{"Escrito por":"Henry Ortiz","Tiempo estimado de lectura":"2 minutos"},"schema":{"@context":"https:\/\/schema.org","@graph":[{"@type":"Article","@id":"https:\/\/noti-america.com\/site\/ecuador\/2022\/02\/07\/ministro-de-agricultura-entrego-creditos-al-1-de-interes-en-el-oro\/#article","isPartOf":{"@id":"https:\/\/noti-america.com\/site\/ecuador\/2022\/02\/07\/ministro-de-agricultura-entrego-creditos-al-1-de-interes-en-el-oro\/"},"author":{"name":"Henry Ortiz","@id":"https:\/\/noti-america.com\/site\/ecuador\/#\/schema\/person\/b9d1630cc6598af759d45c790a347283"},"headline":"Ministro de Agricultura entreg\u00f3 cr\u00e9ditos al 1% de inter\u00e9s en El Oro","datePublished":"2022-02-07T19:54:49+00:00","mainEntityOfPage":{"@id":"https:\/\/noti-america.com\/site\/ecuador\/2022\/02\/07\/ministro-de-agricultura-entrego-creditos-al-1-de-interes-en-el-oro\/"},"wordCount":410,"commentCount":0,"publisher":{"@id":"https:\/\/noti-america.com\/site\/ecuador\/#organization"},"image":{"@id":"https:\/\/noti-america.com\/site\/ecuador\/2022\/02\/07\/ministro-de-agricultura-entrego-creditos-al-1-de-interes-en-el-oro\/#primaryimage"},"thumbnailUrl":"https:\/\/noti-america.com\/site\/ecuador\/wp-content\/uploads\/sites\/18\/2022\/02\/7-feb-IMG-20220204-WA0065.jpg","articleSection":["Agricultura"],"inLanguage":"es","potentialAction":[{"@type":"CommentAction","name":"Comment","target":["https:\/\/noti-america.com\/site\/ecuador\/2022\/02\/07\/ministro-de-agricultura-entrego-creditos-al-1-de-interes-en-el-oro\/#respond"]}]},{"@type":"WebPage","@id":"https:\/\/noti-america.com\/site\/ecuador\/2022\/02\/07\/ministro-de-agricultura-entrego-creditos-al-1-de-interes-en-el-oro\/","url":"https:\/\/noti-america.com\/site\/ecuador\/2022\/02\/07\/ministro-de-agricultura-entrego-creditos-al-1-de-interes-en-el-oro\/","name":"Ministro de Agricultura entreg\u00f3 cr\u00e9ditos al 1% de inter\u00e9s en El Oro - Ecuador | Noti-America.com","isPartOf":{"@id":"https:\/\/noti-america.com\/site\/ecuador\/#website"},"primaryImageOfPage":{"@id":"https:\/\/noti-america.com\/site\/ecuador\/2022\/02\/07\/ministro-de-agricultura-entrego-creditos-al-1-de-interes-en-el-oro\/#primaryimage"},"image":{"@id":"https:\/\/noti-america.com\/site\/ecuador\/2022\/02\/07\/ministro-de-agricultura-entrego-creditos-al-1-de-interes-en-el-oro\/#primaryimage"},"thumbnailUrl":"https:\/\/noti-america.com\/site\/ecuador\/wp-content\/uploads\/sites\/18\/2022\/02\/7-feb-IMG-20220204-WA0065.jpg","datePublished":"2022-02-07T19:54:49+00:00","breadcrumb":{"@id":"https:\/\/noti-america.com\/site\/ecuador\/2022\/02\/07\/ministro-de-agricultura-entrego-creditos-al-1-de-interes-en-el-oro\/#breadcrumb"},"inLanguage":"es","potentialAction":[{"@type":"ReadAction","target":["https:\/\/noti-america.com\/site\/ecuador\/2022\/02\/07\/ministro-de-agricultura-entrego-creditos-al-1-de-interes-en-el-oro\/"]}]},{"@type":"ImageObject","inLanguage":"es","@id":"https:\/\/noti-america.com\/site\/ecuador\/2022\/02\/07\/ministro-de-agricultura-entrego-creditos-al-1-de-interes-en-el-oro\/#primaryimage","url":"https:\/\/noti-america.com\/site\/ecuador\/wp-content\/uploads\/sites\/18\/2022\/02\/7-feb-IMG-20220204-WA0065.jpg","contentUrl":"https:\/\/noti-america.com\/site\/ecuador\/wp-content\/uploads\/sites\/18\/2022\/02\/7-feb-IMG-20220204-WA0065.jpg","width":1280,"height":853},{"@type":"BreadcrumbList","@id":"https:\/\/noti-america.com\/site\/ecuador\/2022\/02\/07\/ministro-de-agricultura-entrego-creditos-al-1-de-interes-en-el-oro\/#breadcrumb","itemListElement":[{"@type":"ListItem","position":1,"name":"Portada","item":"https:\/\/noti-america.com\/site\/ecuador\/"},{"@type":"ListItem","position":2,"name":"Ministro de Agricultura entreg\u00f3 cr\u00e9ditos al 1% de inter\u00e9s en El Oro"}]},{"@type":"WebSite","@id":"https:\/\/noti-america.com\/site\/ecuador\/#website","url":"https:\/\/noti-america.com\/site\/ecuador\/","name":"Ecuador | Noti-America.com","description":"","publisher":{"@id":"https:\/\/noti-america.com\/site\/ecuador\/#organization"},"potentialAction":[{"@type":"SearchAction","target":{"@type":"EntryPoint","urlTemplate":"https:\/\/noti-america.com\/site\/ecuador\/?s={search_term_string}"},"query-input":{"@type":"PropertyValueSpecification","valueRequired":true,"valueName":"search_term_string"}}],"inLanguage":"es"},{"@type":"Organization","@id":"https:\/\/noti-america.com\/site\/ecuador\/#organization","name":"Noti-America LLC | Ecuador","url":"https:\/\/noti-america.com\/site\/ecuador\/","logo":{"@type":"ImageObject","inLanguage":"es","@id":"https:\/\/noti-america.com\/site\/ecuador\/#\/schema\/logo\/image\/","url":"https:\/\/noti-america.com\/site\/ecuador\/wp-content\/uploads\/sites\/18\/2020\/07\/LogoNA-4x3-1.jpg","contentUrl":"https:\/\/noti-america.com\/site\/ecuador\/wp-content\/uploads\/sites\/18\/2020\/07\/LogoNA-4x3-1.jpg","width":1236,"height":1080,"caption":"Noti-America LLC | Ecuador"},"image":{"@id":"https:\/\/noti-america.com\/site\/ecuador\/#\/schema\/logo\/image\/"},"sameAs":["https:\/\/x.com\/notiamerica"]},{"@type":"Person","@id":"https:\/\/noti-america.com\/site\/ecuador\/#\/schema\/person\/b9d1630cc6598af759d45c790a347283","name":"Henry Ortiz","image":{"@type":"ImageObject","inLanguage":"es","@id":"https:\/\/secure.gravatar.com\/avatar\/0b5407b5b302fbb6a578e625dca512ac2983ee5fa9ea941d581b83c40212e4c8?s=96&d=mm&r=g","url":"https:\/\/secure.gravatar.com\/avatar\/0b5407b5b302fbb6a578e625dca512ac2983ee5fa9ea941d581b83c40212e4c8?s=96&d=mm&r=g","contentUrl":"https:\/\/secure.gravatar.com\/avatar\/0b5407b5b302fbb6a578e625dca512ac2983ee5fa9ea941d581b83c40212e4c8?s=96&d=mm&r=g","caption":"Henry Ortiz"},"url":"https:\/\/noti-america.com\/site\/ecuador\/author\/hortiz\/"}]}},"_links":{"self":[{"href":"https:\/\/noti-america.com\/site\/ecuador\/wp-json\/wp\/v2\/posts\/18300","targetHints":{"allow":["GET"]}}],"collection":[{"href":"https:\/\/noti-america.com\/site\/ecuador\/wp-json\/wp\/v2\/posts"}],"about":[{"href":"https:\/\/noti-america.com\/site\/ecuador\/wp-json\/wp\/v2\/types\/post"}],"author":[{"embeddable":true,"href":"https:\/\/noti-america.com\/site\/ecuador\/wp-json\/wp\/v2\/users\/113"}],"replies":[{"embeddable":true,"href":"https:\/\/noti-america.com\/site\/ecuador\/wp-json\/wp\/v2\/comments?post=18300"}],"version-history":[{"count":1,"href":"https:\/\/noti-america.com\/site\/ecuador\/wp-json\/wp\/v2\/posts\/18300\/revisions"}],"predecessor-version":[{"id":18302,"href":"https:\/\/noti-america.com\/site\/ecuador\/wp-json\/wp\/v2\/posts\/18300\/revisions\/18302"}],"wp:featuredmedia":[{"embeddable":true,"href":"https:\/\/noti-america.com\/site\/ecuador\/wp-json\/wp\/v2\/media\/18301"}],"wp:attachment":[{"href":"https:\/\/noti-america.com\/site\/ecuador\/wp-json\/wp\/v2\/media?parent=18300"}],"wp:term":[{"taxonomy":"category","embeddable":true,"href":"https:\/\/noti-america.com\/site\/ecuador\/wp-json\/wp\/v2\/categories?post=18300"},{"taxonomy":"post_tag","embeddable":true,"href":"https:\/\/noti-america.com\/site\/ecuador\/wp-json\/wp\/v2\/tags?post=18300"}],"curies":[{"name":"wp","href":"https:\/\/api.w.org\/{rel}","templated":true}]}}