{"id":18294,"date":"2022-02-07T19:31:20","date_gmt":"2022-02-07T19:31:20","guid":{"rendered":"https:\/\/noti-america.com\/site\/ecuador\/?p=18294"},"modified":"2022-02-07T19:31:20","modified_gmt":"2022-02-07T19:31:20","slug":"1400-000-estudiantes-volvieron-a-clases-presenciales-en-ecuador","status":"publish","type":"post","link":"https:\/\/noti-america.com\/site\/ecuador\/2022\/02\/07\/1400-000-estudiantes-volvieron-a-clases-presenciales-en-ecuador\/","title":{"rendered":"1\u00b4400.000 estudiantes volvieron a clases presenciales en Ecuador"},"content":{"rendered":"<p><strong>REDACCI\u00d3N NOTI AM\u00c9RICA (ECUADOR)<\/strong><\/p>\n<div id=\"attachment_18295\" style=\"width: 603px\" class=\"wp-caption alignright\"><img loading=\"lazy\" decoding=\"async\" aria-describedby=\"caption-attachment-18295\" class=\"wp-image-18295\" src=\"https:\/\/noti-america.com\/site\/ecuador\/wp-content\/uploads\/sites\/18\/2022\/02\/7-feb-Ministra-clases-regreso-escuela-1-300x169.png\" alt=\"\" width=\"593\" height=\"334\" srcset=\"https:\/\/noti-america.com\/site\/ecuador\/wp-content\/uploads\/sites\/18\/2022\/02\/7-feb-Ministra-clases-regreso-escuela-1-300x169.png 300w, https:\/\/noti-america.com\/site\/ecuador\/wp-content\/uploads\/sites\/18\/2022\/02\/7-feb-Ministra-clases-regreso-escuela-1-768x432.png 768w, https:\/\/noti-america.com\/site\/ecuador\/wp-content\/uploads\/sites\/18\/2022\/02\/7-feb-Ministra-clases-regreso-escuela-1.png 800w\" sizes=\"auto, (max-width: 593px) 100vw, 593px\" \/><p id=\"caption-attachment-18295\" class=\"wp-caption-text\">La ministra de Educaci\u00f3n durante su visita recibi\u00f3 a los estudiantes que retornaron a clases presenciales.<\/p><\/div>\n<p style=\"text-align: justify\">Con el objetivo de garantizar una educaci\u00f3n de calidad a los ni\u00f1os, ni\u00f1as y adolescentes del pa\u00eds, hoy retornaron a la presencialidad alrededor de 1\u00b4400.000 estudiantes, de los planteles educativos que tienen sus Planes Institucionales de Continuidad Educativa (PICE) aprobados.<\/p>\n<p style=\"text-align: justify\">Para constatar que el retorno se realice de manera adecuada y cumpliendo con los protocolos de bioseguridad dispuestos por el Comit\u00e9 de Operaciones de Emergencia (COE) Nacional, la ministra de Educaci\u00f3n, Mar\u00eda Brown P\u00e9rez estuvo en la provincia de Azuay,\u00a0 donde visit\u00f3 la Unidad Educativa Paccha, en la ciudad de Cuenca, a la cual asisten 731.<\/p>\n<p style=\"text-align: justify\">Durante su recorrido resalt\u00f3 que las instituciones educativas son un espacio de crecimiento, desarrollo e interacci\u00f3n para los ni\u00f1os, ni\u00f1as y adolescentes.<\/p>\n<p style=\"text-align: justify\">Mar\u00eda Brown P\u00e9rez dijo que \u201clo \u00faltimo que debe cerrarse en una emergencia es una escuela. Estamos aqu\u00ed para reiterar nuestro compromiso con la educaci\u00f3n, es momento de regresar a clases presenciales, los estudiantes necesitan verse, crecer y aprender juntos.\u201d<\/p>\n<p style=\"text-align: justify\">Mientras que el viceministro de Gesti\u00f3n Educativa, Andr\u00e9s Chiriboga, asisti\u00f3 a la Unidad Educativa Fiscal Luciano Andrade Mar\u00edn, ubicada al norte de Quito, en donde asistieron alrededor de 600 estudiantes de Educaci\u00f3n B\u00e1sica Superior.<\/p>\n<p style=\"text-align: justify\">En su visita a esta instituci\u00f3n educativa, el Viceministro dio la bienvenida a los j\u00f3venes en donde se\u00f1al\u00f3, \u201cestamos contentos de tenerles nuevamente. La vacunaci\u00f3n junto con las medidas de bioseguridad son la mejor forma para retornar a las aulas de manera segura.\u201d<\/p>\n<p style=\"text-align: justify\">De igual forma la viceministra de Educaci\u00f3n, Cinthya Game Varas, recorri\u00f3 las instalaciones de la Unidad Educativa Machachi, en el cant\u00f3n Mej\u00eda, en la cual asistieron 726 estudiantes jornada matutina.<\/p>\n<p style=\"text-align: justify\">\n","protected":false},"excerpt":{"rendered":"<p>REDACCI\u00d3N NOTI AM\u00c9RICA (ECUADOR) Con el objetivo de garantizar una educaci\u00f3n de calidad a los ni\u00f1os, ni\u00f1as y adolescentes del pa\u00eds, hoy retornaron a la presencialidad alrededor de 1\u00b4400.000 estudiantes, de los planteles educativos&#46;&#46;&#46;<\/p>\n","protected":false},"author":113,"featured_media":18295,"comment_status":"open","ping_status":"open","sticky":false,"template":"","format":"standard","meta":{"_acf_changed":false,"om_disable_all_campaigns":false,"rop_custom_images_group":[],"rop_custom_messages_group":[],"rop_publish_now":"initial","rop_publish_now_accounts":{"twitter_242054905_242054905":""},"rop_publish_now_history":[],"rop_publish_now_status":"pending","_uf_show_specific_survey":0,"_uf_disable_surveys":false,"footnotes":""},"categories":[125],"tags":[],"class_list":["post-18294","post","type-post","status-publish","format-standard","has-post-thumbnail","hentry","category-actualidad"],"acf":[],"aioseo_notices":[],"yoast_head":"<!-- This site is optimized with the Yoast SEO Premium plugin v24.9 (Yoast SEO v27.2) - https:\/\/yoast.com\/product\/yoast-seo-premium-wordpress\/ -->\n<title>1\u00b4400.000 estudiantes volvieron a clases presenciales en Ecuador - Ecuador | Noti-America.com<\/title>\n<meta name=\"robots\" content=\"index, follow, max-snippet:-1, max-image-preview:large, max-video-preview:-1\" \/>\n<link rel=\"canonical\" href=\"https:\/\/noti-america.com\/site\/ecuador\/2022\/02\/07\/1400-000-estudiantes-volvieron-a-clases-presenciales-en-ecuador\/\" \/>\n<meta property=\"og:locale\" content=\"es_ES\" \/>\n<meta property=\"og:type\" content=\"article\" \/>\n<meta property=\"og:title\" content=\"1\u00b4400.000 estudiantes volvieron a clases presenciales en Ecuador\" \/>\n<meta property=\"og:description\" content=\"REDACCI\u00d3N NOTI AM\u00c9RICA (ECUADOR) Con el objetivo de garantizar una educaci\u00f3n de calidad a los ni\u00f1os, ni\u00f1as y adolescentes del pa\u00eds, hoy retornaron a la presencialidad alrededor de 1\u00b4400.000 estudiantes, de los planteles educativos&#046;&#046;&#046;\" \/>\n<meta property=\"og:url\" content=\"https:\/\/noti-america.com\/site\/ecuador\/2022\/02\/07\/1400-000-estudiantes-volvieron-a-clases-presenciales-en-ecuador\/\" \/>\n<meta property=\"og:site_name\" content=\"Ecuador | Noti-America.com\" \/>\n<meta property=\"article:published_time\" content=\"2022-02-07T19:31:20+00:00\" \/>\n<meta property=\"og:image\" content=\"https:\/\/noti-america.com\/site\/ecuador\/wp-content\/uploads\/sites\/18\/2022\/02\/7-feb-Ministra-clases-regreso-escuela-1.png\" \/>\n\t<meta property=\"og:image:width\" content=\"800\" \/>\n\t<meta property=\"og:image:height\" content=\"450\" \/>\n\t<meta property=\"og:image:type\" content=\"image\/png\" \/>\n<meta name=\"author\" content=\"Henry Ortiz\" \/>\n<meta name=\"twitter:card\" content=\"summary_large_image\" \/>\n<meta name=\"twitter:creator\" content=\"@notiamerica\" \/>\n<meta name=\"twitter:site\" content=\"@notiamerica\" \/>\n<meta name=\"twitter:label1\" content=\"Escrito por\" \/>\n\t<meta name=\"twitter:data1\" content=\"Henry Ortiz\" \/>\n\t<meta name=\"twitter:label2\" content=\"Tiempo estimado de lectura\" \/>\n\t<meta name=\"twitter:data2\" content=\"2 minutos\" \/>\n<script type=\"application\/ld+json\" class=\"yoast-schema-graph\">{\"@context\":\"https:\/\/schema.org\",\"@graph\":[{\"@type\":\"Article\",\"@id\":\"https:\/\/noti-america.com\/site\/ecuador\/2022\/02\/07\/1400-000-estudiantes-volvieron-a-clases-presenciales-en-ecuador\/#article\",\"isPartOf\":{\"@id\":\"https:\/\/noti-america.com\/site\/ecuador\/2022\/02\/07\/1400-000-estudiantes-volvieron-a-clases-presenciales-en-ecuador\/\"},\"author\":{\"name\":\"Henry Ortiz\",\"@id\":\"https:\/\/noti-america.com\/site\/ecuador\/#\/schema\/person\/b9d1630cc6598af759d45c790a347283\"},\"headline\":\"1\u00b4400.000 estudiantes volvieron a clases presenciales en Ecuador\",\"datePublished\":\"2022-02-07T19:31:20+00:00\",\"mainEntityOfPage\":{\"@id\":\"https:\/\/noti-america.com\/site\/ecuador\/2022\/02\/07\/1400-000-estudiantes-volvieron-a-clases-presenciales-en-ecuador\/\"},\"wordCount\":323,\"commentCount\":0,\"publisher\":{\"@id\":\"https:\/\/noti-america.com\/site\/ecuador\/#organization\"},\"image\":{\"@id\":\"https:\/\/noti-america.com\/site\/ecuador\/2022\/02\/07\/1400-000-estudiantes-volvieron-a-clases-presenciales-en-ecuador\/#primaryimage\"},\"thumbnailUrl\":\"https:\/\/noti-america.com\/site\/ecuador\/wp-content\/uploads\/sites\/18\/2022\/02\/7-feb-Ministra-clases-regreso-escuela-1.png\",\"articleSection\":[\"Actualidad\"],\"inLanguage\":\"es\",\"potentialAction\":[{\"@type\":\"CommentAction\",\"name\":\"Comment\",\"target\":[\"https:\/\/noti-america.com\/site\/ecuador\/2022\/02\/07\/1400-000-estudiantes-volvieron-a-clases-presenciales-en-ecuador\/#respond\"]}]},{\"@type\":\"WebPage\",\"@id\":\"https:\/\/noti-america.com\/site\/ecuador\/2022\/02\/07\/1400-000-estudiantes-volvieron-a-clases-presenciales-en-ecuador\/\",\"url\":\"https:\/\/noti-america.com\/site\/ecuador\/2022\/02\/07\/1400-000-estudiantes-volvieron-a-clases-presenciales-en-ecuador\/\",\"name\":\"1\u00b4400.000 estudiantes volvieron a clases presenciales en Ecuador - Ecuador | Noti-America.com\",\"isPartOf\":{\"@id\":\"https:\/\/noti-america.com\/site\/ecuador\/#website\"},\"primaryImageOfPage\":{\"@id\":\"https:\/\/noti-america.com\/site\/ecuador\/2022\/02\/07\/1400-000-estudiantes-volvieron-a-clases-presenciales-en-ecuador\/#primaryimage\"},\"image\":{\"@id\":\"https:\/\/noti-america.com\/site\/ecuador\/2022\/02\/07\/1400-000-estudiantes-volvieron-a-clases-presenciales-en-ecuador\/#primaryimage\"},\"thumbnailUrl\":\"https:\/\/noti-america.com\/site\/ecuador\/wp-content\/uploads\/sites\/18\/2022\/02\/7-feb-Ministra-clases-regreso-escuela-1.png\",\"datePublished\":\"2022-02-07T19:31:20+00:00\",\"breadcrumb\":{\"@id\":\"https:\/\/noti-america.com\/site\/ecuador\/2022\/02\/07\/1400-000-estudiantes-volvieron-a-clases-presenciales-en-ecuador\/#breadcrumb\"},\"inLanguage\":\"es\",\"potentialAction\":[{\"@type\":\"ReadAction\",\"target\":[\"https:\/\/noti-america.com\/site\/ecuador\/2022\/02\/07\/1400-000-estudiantes-volvieron-a-clases-presenciales-en-ecuador\/\"]}]},{\"@type\":\"ImageObject\",\"inLanguage\":\"es\",\"@id\":\"https:\/\/noti-america.com\/site\/ecuador\/2022\/02\/07\/1400-000-estudiantes-volvieron-a-clases-presenciales-en-ecuador\/#primaryimage\",\"url\":\"https:\/\/noti-america.com\/site\/ecuador\/wp-content\/uploads\/sites\/18\/2022\/02\/7-feb-Ministra-clases-regreso-escuela-1.png\",\"contentUrl\":\"https:\/\/noti-america.com\/site\/ecuador\/wp-content\/uploads\/sites\/18\/2022\/02\/7-feb-Ministra-clases-regreso-escuela-1.png\",\"width\":800,\"height\":450},{\"@type\":\"BreadcrumbList\",\"@id\":\"https:\/\/noti-america.com\/site\/ecuador\/2022\/02\/07\/1400-000-estudiantes-volvieron-a-clases-presenciales-en-ecuador\/#breadcrumb\",\"itemListElement\":[{\"@type\":\"ListItem\",\"position\":1,\"name\":\"Portada\",\"item\":\"https:\/\/noti-america.com\/site\/ecuador\/\"},{\"@type\":\"ListItem\",\"position\":2,\"name\":\"1\u00b4400.000 estudiantes volvieron a clases presenciales en Ecuador\"}]},{\"@type\":\"WebSite\",\"@id\":\"https:\/\/noti-america.com\/site\/ecuador\/#website\",\"url\":\"https:\/\/noti-america.com\/site\/ecuador\/\",\"name\":\"Ecuador | Noti-America.com\",\"description\":\"\",\"publisher\":{\"@id\":\"https:\/\/noti-america.com\/site\/ecuador\/#organization\"},\"potentialAction\":[{\"@type\":\"SearchAction\",\"target\":{\"@type\":\"EntryPoint\",\"urlTemplate\":\"https:\/\/noti-america.com\/site\/ecuador\/?s={search_term_string}\"},\"query-input\":{\"@type\":\"PropertyValueSpecification\",\"valueRequired\":true,\"valueName\":\"search_term_string\"}}],\"inLanguage\":\"es\"},{\"@type\":\"Organization\",\"@id\":\"https:\/\/noti-america.com\/site\/ecuador\/#organization\",\"name\":\"Noti-America LLC | Ecuador\",\"url\":\"https:\/\/noti-america.com\/site\/ecuador\/\",\"logo\":{\"@type\":\"ImageObject\",\"inLanguage\":\"es\",\"@id\":\"https:\/\/noti-america.com\/site\/ecuador\/#\/schema\/logo\/image\/\",\"url\":\"https:\/\/noti-america.com\/site\/ecuador\/wp-content\/uploads\/sites\/18\/2020\/07\/LogoNA-4x3-1.jpg\",\"contentUrl\":\"https:\/\/noti-america.com\/site\/ecuador\/wp-content\/uploads\/sites\/18\/2020\/07\/LogoNA-4x3-1.jpg\",\"width\":1236,\"height\":1080,\"caption\":\"Noti-America LLC | Ecuador\"},\"image\":{\"@id\":\"https:\/\/noti-america.com\/site\/ecuador\/#\/schema\/logo\/image\/\"},\"sameAs\":[\"https:\/\/x.com\/notiamerica\"]},{\"@type\":\"Person\",\"@id\":\"https:\/\/noti-america.com\/site\/ecuador\/#\/schema\/person\/b9d1630cc6598af759d45c790a347283\",\"name\":\"Henry Ortiz\",\"image\":{\"@type\":\"ImageObject\",\"inLanguage\":\"es\",\"@id\":\"https:\/\/secure.gravatar.com\/avatar\/0b5407b5b302fbb6a578e625dca512ac2983ee5fa9ea941d581b83c40212e4c8?s=96&d=mm&r=g\",\"url\":\"https:\/\/secure.gravatar.com\/avatar\/0b5407b5b302fbb6a578e625dca512ac2983ee5fa9ea941d581b83c40212e4c8?s=96&d=mm&r=g\",\"contentUrl\":\"https:\/\/secure.gravatar.com\/avatar\/0b5407b5b302fbb6a578e625dca512ac2983ee5fa9ea941d581b83c40212e4c8?s=96&d=mm&r=g\",\"caption\":\"Henry Ortiz\"},\"url\":\"https:\/\/noti-america.com\/site\/ecuador\/author\/hortiz\/\"}]}<\/script>\n<!-- \/ Yoast SEO Premium plugin. -->","yoast_head_json":{"title":"1\u00b4400.000 estudiantes volvieron a clases presenciales en Ecuador - Ecuador | Noti-America.com","robots":{"index":"index","follow":"follow","max-snippet":"max-snippet:-1","max-image-preview":"max-image-preview:large","max-video-preview":"max-video-preview:-1"},"canonical":"https:\/\/noti-america.com\/site\/ecuador\/2022\/02\/07\/1400-000-estudiantes-volvieron-a-clases-presenciales-en-ecuador\/","og_locale":"es_ES","og_type":"article","og_title":"1\u00b4400.000 estudiantes volvieron a clases presenciales en Ecuador","og_description":"REDACCI\u00d3N NOTI AM\u00c9RICA (ECUADOR) Con el objetivo de garantizar una educaci\u00f3n de calidad a los ni\u00f1os, ni\u00f1as y adolescentes del pa\u00eds, hoy retornaron a la presencialidad alrededor de 1\u00b4400.000 estudiantes, de los planteles educativos&#46;&#46;&#46;","og_url":"https:\/\/noti-america.com\/site\/ecuador\/2022\/02\/07\/1400-000-estudiantes-volvieron-a-clases-presenciales-en-ecuador\/","og_site_name":"Ecuador | Noti-America.com","article_published_time":"2022-02-07T19:31:20+00:00","og_image":[{"width":800,"height":450,"url":"https:\/\/noti-america.com\/site\/ecuador\/wp-content\/uploads\/sites\/18\/2022\/02\/7-feb-Ministra-clases-regreso-escuela-1.png","type":"image\/png"}],"author":"Henry Ortiz","twitter_card":"summary_large_image","twitter_creator":"@notiamerica","twitter_site":"@notiamerica","twitter_misc":{"Escrito por":"Henry Ortiz","Tiempo estimado de lectura":"2 minutos"},"schema":{"@context":"https:\/\/schema.org","@graph":[{"@type":"Article","@id":"https:\/\/noti-america.com\/site\/ecuador\/2022\/02\/07\/1400-000-estudiantes-volvieron-a-clases-presenciales-en-ecuador\/#article","isPartOf":{"@id":"https:\/\/noti-america.com\/site\/ecuador\/2022\/02\/07\/1400-000-estudiantes-volvieron-a-clases-presenciales-en-ecuador\/"},"author":{"name":"Henry Ortiz","@id":"https:\/\/noti-america.com\/site\/ecuador\/#\/schema\/person\/b9d1630cc6598af759d45c790a347283"},"headline":"1\u00b4400.000 estudiantes volvieron a clases presenciales en Ecuador","datePublished":"2022-02-07T19:31:20+00:00","mainEntityOfPage":{"@id":"https:\/\/noti-america.com\/site\/ecuador\/2022\/02\/07\/1400-000-estudiantes-volvieron-a-clases-presenciales-en-ecuador\/"},"wordCount":323,"commentCount":0,"publisher":{"@id":"https:\/\/noti-america.com\/site\/ecuador\/#organization"},"image":{"@id":"https:\/\/noti-america.com\/site\/ecuador\/2022\/02\/07\/1400-000-estudiantes-volvieron-a-clases-presenciales-en-ecuador\/#primaryimage"},"thumbnailUrl":"https:\/\/noti-america.com\/site\/ecuador\/wp-content\/uploads\/sites\/18\/2022\/02\/7-feb-Ministra-clases-regreso-escuela-1.png","articleSection":["Actualidad"],"inLanguage":"es","potentialAction":[{"@type":"CommentAction","name":"Comment","target":["https:\/\/noti-america.com\/site\/ecuador\/2022\/02\/07\/1400-000-estudiantes-volvieron-a-clases-presenciales-en-ecuador\/#respond"]}]},{"@type":"WebPage","@id":"https:\/\/noti-america.com\/site\/ecuador\/2022\/02\/07\/1400-000-estudiantes-volvieron-a-clases-presenciales-en-ecuador\/","url":"https:\/\/noti-america.com\/site\/ecuador\/2022\/02\/07\/1400-000-estudiantes-volvieron-a-clases-presenciales-en-ecuador\/","name":"1\u00b4400.000 estudiantes volvieron a clases presenciales en Ecuador - Ecuador | Noti-America.com","isPartOf":{"@id":"https:\/\/noti-america.com\/site\/ecuador\/#website"},"primaryImageOfPage":{"@id":"https:\/\/noti-america.com\/site\/ecuador\/2022\/02\/07\/1400-000-estudiantes-volvieron-a-clases-presenciales-en-ecuador\/#primaryimage"},"image":{"@id":"https:\/\/noti-america.com\/site\/ecuador\/2022\/02\/07\/1400-000-estudiantes-volvieron-a-clases-presenciales-en-ecuador\/#primaryimage"},"thumbnailUrl":"https:\/\/noti-america.com\/site\/ecuador\/wp-content\/uploads\/sites\/18\/2022\/02\/7-feb-Ministra-clases-regreso-escuela-1.png","datePublished":"2022-02-07T19:31:20+00:00","breadcrumb":{"@id":"https:\/\/noti-america.com\/site\/ecuador\/2022\/02\/07\/1400-000-estudiantes-volvieron-a-clases-presenciales-en-ecuador\/#breadcrumb"},"inLanguage":"es","potentialAction":[{"@type":"ReadAction","target":["https:\/\/noti-america.com\/site\/ecuador\/2022\/02\/07\/1400-000-estudiantes-volvieron-a-clases-presenciales-en-ecuador\/"]}]},{"@type":"ImageObject","inLanguage":"es","@id":"https:\/\/noti-america.com\/site\/ecuador\/2022\/02\/07\/1400-000-estudiantes-volvieron-a-clases-presenciales-en-ecuador\/#primaryimage","url":"https:\/\/noti-america.com\/site\/ecuador\/wp-content\/uploads\/sites\/18\/2022\/02\/7-feb-Ministra-clases-regreso-escuela-1.png","contentUrl":"https:\/\/noti-america.com\/site\/ecuador\/wp-content\/uploads\/sites\/18\/2022\/02\/7-feb-Ministra-clases-regreso-escuela-1.png","width":800,"height":450},{"@type":"BreadcrumbList","@id":"https:\/\/noti-america.com\/site\/ecuador\/2022\/02\/07\/1400-000-estudiantes-volvieron-a-clases-presenciales-en-ecuador\/#breadcrumb","itemListElement":[{"@type":"ListItem","position":1,"name":"Portada","item":"https:\/\/noti-america.com\/site\/ecuador\/"},{"@type":"ListItem","position":2,"name":"1\u00b4400.000 estudiantes volvieron a clases presenciales en Ecuador"}]},{"@type":"WebSite","@id":"https:\/\/noti-america.com\/site\/ecuador\/#website","url":"https:\/\/noti-america.com\/site\/ecuador\/","name":"Ecuador | Noti-America.com","description":"","publisher":{"@id":"https:\/\/noti-america.com\/site\/ecuador\/#organization"},"potentialAction":[{"@type":"SearchAction","target":{"@type":"EntryPoint","urlTemplate":"https:\/\/noti-america.com\/site\/ecuador\/?s={search_term_string}"},"query-input":{"@type":"PropertyValueSpecification","valueRequired":true,"valueName":"search_term_string"}}],"inLanguage":"es"},{"@type":"Organization","@id":"https:\/\/noti-america.com\/site\/ecuador\/#organization","name":"Noti-America LLC | Ecuador","url":"https:\/\/noti-america.com\/site\/ecuador\/","logo":{"@type":"ImageObject","inLanguage":"es","@id":"https:\/\/noti-america.com\/site\/ecuador\/#\/schema\/logo\/image\/","url":"https:\/\/noti-america.com\/site\/ecuador\/wp-content\/uploads\/sites\/18\/2020\/07\/LogoNA-4x3-1.jpg","contentUrl":"https:\/\/noti-america.com\/site\/ecuador\/wp-content\/uploads\/sites\/18\/2020\/07\/LogoNA-4x3-1.jpg","width":1236,"height":1080,"caption":"Noti-America LLC | Ecuador"},"image":{"@id":"https:\/\/noti-america.com\/site\/ecuador\/#\/schema\/logo\/image\/"},"sameAs":["https:\/\/x.com\/notiamerica"]},{"@type":"Person","@id":"https:\/\/noti-america.com\/site\/ecuador\/#\/schema\/person\/b9d1630cc6598af759d45c790a347283","name":"Henry Ortiz","image":{"@type":"ImageObject","inLanguage":"es","@id":"https:\/\/secure.gravatar.com\/avatar\/0b5407b5b302fbb6a578e625dca512ac2983ee5fa9ea941d581b83c40212e4c8?s=96&d=mm&r=g","url":"https:\/\/secure.gravatar.com\/avatar\/0b5407b5b302fbb6a578e625dca512ac2983ee5fa9ea941d581b83c40212e4c8?s=96&d=mm&r=g","contentUrl":"https:\/\/secure.gravatar.com\/avatar\/0b5407b5b302fbb6a578e625dca512ac2983ee5fa9ea941d581b83c40212e4c8?s=96&d=mm&r=g","caption":"Henry Ortiz"},"url":"https:\/\/noti-america.com\/site\/ecuador\/author\/hortiz\/"}]}},"_links":{"self":[{"href":"https:\/\/noti-america.com\/site\/ecuador\/wp-json\/wp\/v2\/posts\/18294","targetHints":{"allow":["GET"]}}],"collection":[{"href":"https:\/\/noti-america.com\/site\/ecuador\/wp-json\/wp\/v2\/posts"}],"about":[{"href":"https:\/\/noti-america.com\/site\/ecuador\/wp-json\/wp\/v2\/types\/post"}],"author":[{"embeddable":true,"href":"https:\/\/noti-america.com\/site\/ecuador\/wp-json\/wp\/v2\/users\/113"}],"replies":[{"embeddable":true,"href":"https:\/\/noti-america.com\/site\/ecuador\/wp-json\/wp\/v2\/comments?post=18294"}],"version-history":[{"count":1,"href":"https:\/\/noti-america.com\/site\/ecuador\/wp-json\/wp\/v2\/posts\/18294\/revisions"}],"predecessor-version":[{"id":18296,"href":"https:\/\/noti-america.com\/site\/ecuador\/wp-json\/wp\/v2\/posts\/18294\/revisions\/18296"}],"wp:featuredmedia":[{"embeddable":true,"href":"https:\/\/noti-america.com\/site\/ecuador\/wp-json\/wp\/v2\/media\/18295"}],"wp:attachment":[{"href":"https:\/\/noti-america.com\/site\/ecuador\/wp-json\/wp\/v2\/media?parent=18294"}],"wp:term":[{"taxonomy":"category","embeddable":true,"href":"https:\/\/noti-america.com\/site\/ecuador\/wp-json\/wp\/v2\/categories?post=18294"},{"taxonomy":"post_tag","embeddable":true,"href":"https:\/\/noti-america.com\/site\/ecuador\/wp-json\/wp\/v2\/tags?post=18294"}],"curies":[{"name":"wp","href":"https:\/\/api.w.org\/{rel}","templated":true}]}}