{"id":18226,"date":"2022-02-01T19:14:36","date_gmt":"2022-02-01T19:14:36","guid":{"rendered":"https:\/\/noti-america.com\/site\/ecuador\/?p=18226"},"modified":"2022-02-01T19:14:36","modified_gmt":"2022-02-01T19:14:36","slug":"ecuador-creara-ley-de-economia-familiar-campesina","status":"publish","type":"post","link":"https:\/\/noti-america.com\/site\/ecuador\/2022\/02\/01\/ecuador-creara-ley-de-economia-familiar-campesina\/","title":{"rendered":"Ecuador crear\u00e1 Ley de Econom\u00eda Familiar Campesina"},"content":{"rendered":"<p><strong>REDACCI\u00d3N NOTI AM\u00c9RICA (ECUADOR)<\/strong><\/p>\n<p><img loading=\"lazy\" decoding=\"async\" class=\" wp-image-18227 alignleft\" src=\"https:\/\/noti-america.com\/site\/ecuador\/wp-content\/uploads\/sites\/18\/2022\/02\/1-feb-econocmia-300x167.jpg\" alt=\"\" width=\"663\" height=\"369\" srcset=\"https:\/\/noti-america.com\/site\/ecuador\/wp-content\/uploads\/sites\/18\/2022\/02\/1-feb-econocmia-300x167.jpg 300w, https:\/\/noti-america.com\/site\/ecuador\/wp-content\/uploads\/sites\/18\/2022\/02\/1-feb-econocmia.jpg 420w\" sizes=\"auto, (max-width: 663px) 100vw, 663px\" \/><\/p>\n<p style=\"text-align: justify\">La Comisi\u00f3n de Soberan\u00eda Alimentaria avanz\u00f3 en el an\u00e1lisis del proyecto de Ley para la Defensa y Desarrollo de la Econom\u00eda Familiar Campesina, previo a la elaboraci\u00f3n del informe para primer debate.<\/p>\n<p style=\"text-align: justify\">Escuch\u00f3 los puntos de vista de representantes de colectivos de los porcicultores, fruticultores, avicultores, productores pecuarios, ganaderos y lecheros, quienes pidieron la derogatoria de la resoluci\u00f3n 097, referente a las licencias no autom\u00e1ticas de importaci\u00f3n de productos.<\/p>\n<p style=\"text-align: justify\">Sobre el tema, se anuncia la comparecencia del Ministro de Agricultura ante el Pleno de la Asamblea Nacional.<\/p>\n<p style=\"text-align: justify\">Tras la moci\u00f3n planteada por el asamble\u00edsta Xavier Santos, la comisi\u00f3n resolvi\u00f3 pedir una pr\u00f3rroga de 30 d\u00edas para continuar con el tratamiento del proyecto que se unificar\u00e1 con la propuesta de Ley de Incentivos a la agricultura, ganader\u00eda y artesanos, presentado por el asamble\u00edsta Henry Kronfle.<\/p>\n<p style=\"text-align: justify\">Santos explic\u00f3 que la normativa trabajada en beneficio de los campesinos y de la ruralidad est\u00e1 generando mucha expectativa y aportes dentro de los diferentes territorios. Advirti\u00f3 que las medidas de restricci\u00f3n por la pandemia han impedido que la normativa sea ampliamente socializada en los sitios donde no llega la tecnolog\u00eda, por lo que es necesario ampliar el plazo para su tratamiento.<\/p>\n<p style=\"text-align: justify\">El presidente de la Comisi\u00f3n, Mariano Curicama resalt\u00f3 que es un proyecto de suma importancia para mejorar la calidad de vida de los agricultores, campesinos y productores. Se pretende entregar herramientas jur\u00eddicas que garanticen los derechos consagrados en la Constituci\u00f3n, afirm\u00f3.<\/p>\n<p style=\"text-align: justify\">\n","protected":false},"excerpt":{"rendered":"<p>REDACCI\u00d3N NOTI AM\u00c9RICA (ECUADOR) La Comisi\u00f3n de Soberan\u00eda Alimentaria avanz\u00f3 en el an\u00e1lisis del proyecto de Ley para la Defensa y Desarrollo de la Econom\u00eda Familiar Campesina, previo a la elaboraci\u00f3n del informe para&#46;&#46;&#46;<\/p>\n","protected":false},"author":113,"featured_media":18227,"comment_status":"open","ping_status":"open","sticky":false,"template":"","format":"standard","meta":{"_acf_changed":false,"om_disable_all_campaigns":false,"rop_custom_images_group":[],"rop_custom_messages_group":[],"rop_publish_now":"initial","rop_publish_now_accounts":{"twitter_242054905_242054905":""},"rop_publish_now_history":[],"rop_publish_now_status":"pending","_uf_show_specific_survey":0,"_uf_disable_surveys":false,"footnotes":""},"categories":[1],"tags":[],"class_list":["post-18226","post","type-post","status-publish","format-standard","has-post-thumbnail","hentry","category-uncategorized"],"acf":[],"aioseo_notices":[],"yoast_head":"<!-- This site is optimized with the Yoast SEO Premium plugin v24.9 (Yoast SEO v27.2) - https:\/\/yoast.com\/product\/yoast-seo-premium-wordpress\/ -->\n<title>Ecuador crear\u00e1 Ley de Econom\u00eda Familiar Campesina - Ecuador | Noti-America.com<\/title>\n<meta name=\"robots\" content=\"index, follow, max-snippet:-1, max-image-preview:large, max-video-preview:-1\" \/>\n<link rel=\"canonical\" href=\"https:\/\/noti-america.com\/site\/ecuador\/2022\/02\/01\/ecuador-creara-ley-de-economia-familiar-campesina\/\" \/>\n<meta property=\"og:locale\" content=\"es_ES\" \/>\n<meta property=\"og:type\" content=\"article\" \/>\n<meta property=\"og:title\" content=\"Ecuador crear\u00e1 Ley de Econom\u00eda Familiar Campesina\" \/>\n<meta property=\"og:description\" content=\"REDACCI\u00d3N NOTI AM\u00c9RICA (ECUADOR) La Comisi\u00f3n de Soberan\u00eda Alimentaria avanz\u00f3 en el an\u00e1lisis del proyecto de Ley para la Defensa y Desarrollo de la Econom\u00eda Familiar Campesina, previo a la elaboraci\u00f3n del informe para&#046;&#046;&#046;\" \/>\n<meta property=\"og:url\" content=\"https:\/\/noti-america.com\/site\/ecuador\/2022\/02\/01\/ecuador-creara-ley-de-economia-familiar-campesina\/\" \/>\n<meta property=\"og:site_name\" content=\"Ecuador | Noti-America.com\" \/>\n<meta property=\"article:published_time\" content=\"2022-02-01T19:14:36+00:00\" \/>\n<meta property=\"og:image\" content=\"https:\/\/noti-america.com\/site\/ecuador\/wp-content\/uploads\/sites\/18\/2022\/02\/1-feb-econocmia.jpg\" \/>\n\t<meta property=\"og:image:width\" content=\"420\" \/>\n\t<meta property=\"og:image:height\" content=\"234\" \/>\n\t<meta property=\"og:image:type\" content=\"image\/jpeg\" \/>\n<meta name=\"author\" content=\"Henry Ortiz\" \/>\n<meta name=\"twitter:card\" content=\"summary_large_image\" \/>\n<meta name=\"twitter:creator\" content=\"@notiamerica\" \/>\n<meta name=\"twitter:site\" content=\"@notiamerica\" \/>\n<meta name=\"twitter:label1\" content=\"Escrito por\" \/>\n\t<meta name=\"twitter:data1\" content=\"Henry Ortiz\" \/>\n\t<meta name=\"twitter:label2\" content=\"Tiempo estimado de lectura\" \/>\n\t<meta name=\"twitter:data2\" content=\"2 minutos\" \/>\n<script type=\"application\/ld+json\" class=\"yoast-schema-graph\">{\"@context\":\"https:\/\/schema.org\",\"@graph\":[{\"@type\":\"Article\",\"@id\":\"https:\/\/noti-america.com\/site\/ecuador\/2022\/02\/01\/ecuador-creara-ley-de-economia-familiar-campesina\/#article\",\"isPartOf\":{\"@id\":\"https:\/\/noti-america.com\/site\/ecuador\/2022\/02\/01\/ecuador-creara-ley-de-economia-familiar-campesina\/\"},\"author\":{\"name\":\"Henry Ortiz\",\"@id\":\"https:\/\/noti-america.com\/site\/ecuador\/#\/schema\/person\/b9d1630cc6598af759d45c790a347283\"},\"headline\":\"Ecuador crear\u00e1 Ley de Econom\u00eda Familiar Campesina\",\"datePublished\":\"2022-02-01T19:14:36+00:00\",\"mainEntityOfPage\":{\"@id\":\"https:\/\/noti-america.com\/site\/ecuador\/2022\/02\/01\/ecuador-creara-ley-de-economia-familiar-campesina\/\"},\"wordCount\":269,\"commentCount\":0,\"publisher\":{\"@id\":\"https:\/\/noti-america.com\/site\/ecuador\/#organization\"},\"image\":{\"@id\":\"https:\/\/noti-america.com\/site\/ecuador\/2022\/02\/01\/ecuador-creara-ley-de-economia-familiar-campesina\/#primaryimage\"},\"thumbnailUrl\":\"https:\/\/noti-america.com\/site\/ecuador\/wp-content\/uploads\/sites\/18\/2022\/02\/1-feb-econocmia.jpg\",\"articleSection\":[\"Uncategorized\"],\"inLanguage\":\"es\",\"potentialAction\":[{\"@type\":\"CommentAction\",\"name\":\"Comment\",\"target\":[\"https:\/\/noti-america.com\/site\/ecuador\/2022\/02\/01\/ecuador-creara-ley-de-economia-familiar-campesina\/#respond\"]}]},{\"@type\":\"WebPage\",\"@id\":\"https:\/\/noti-america.com\/site\/ecuador\/2022\/02\/01\/ecuador-creara-ley-de-economia-familiar-campesina\/\",\"url\":\"https:\/\/noti-america.com\/site\/ecuador\/2022\/02\/01\/ecuador-creara-ley-de-economia-familiar-campesina\/\",\"name\":\"Ecuador crear\u00e1 Ley de Econom\u00eda Familiar Campesina - Ecuador | Noti-America.com\",\"isPartOf\":{\"@id\":\"https:\/\/noti-america.com\/site\/ecuador\/#website\"},\"primaryImageOfPage\":{\"@id\":\"https:\/\/noti-america.com\/site\/ecuador\/2022\/02\/01\/ecuador-creara-ley-de-economia-familiar-campesina\/#primaryimage\"},\"image\":{\"@id\":\"https:\/\/noti-america.com\/site\/ecuador\/2022\/02\/01\/ecuador-creara-ley-de-economia-familiar-campesina\/#primaryimage\"},\"thumbnailUrl\":\"https:\/\/noti-america.com\/site\/ecuador\/wp-content\/uploads\/sites\/18\/2022\/02\/1-feb-econocmia.jpg\",\"datePublished\":\"2022-02-01T19:14:36+00:00\",\"breadcrumb\":{\"@id\":\"https:\/\/noti-america.com\/site\/ecuador\/2022\/02\/01\/ecuador-creara-ley-de-economia-familiar-campesina\/#breadcrumb\"},\"inLanguage\":\"es\",\"potentialAction\":[{\"@type\":\"ReadAction\",\"target\":[\"https:\/\/noti-america.com\/site\/ecuador\/2022\/02\/01\/ecuador-creara-ley-de-economia-familiar-campesina\/\"]}]},{\"@type\":\"ImageObject\",\"inLanguage\":\"es\",\"@id\":\"https:\/\/noti-america.com\/site\/ecuador\/2022\/02\/01\/ecuador-creara-ley-de-economia-familiar-campesina\/#primaryimage\",\"url\":\"https:\/\/noti-america.com\/site\/ecuador\/wp-content\/uploads\/sites\/18\/2022\/02\/1-feb-econocmia.jpg\",\"contentUrl\":\"https:\/\/noti-america.com\/site\/ecuador\/wp-content\/uploads\/sites\/18\/2022\/02\/1-feb-econocmia.jpg\",\"width\":420,\"height\":234},{\"@type\":\"BreadcrumbList\",\"@id\":\"https:\/\/noti-america.com\/site\/ecuador\/2022\/02\/01\/ecuador-creara-ley-de-economia-familiar-campesina\/#breadcrumb\",\"itemListElement\":[{\"@type\":\"ListItem\",\"position\":1,\"name\":\"Portada\",\"item\":\"https:\/\/noti-america.com\/site\/ecuador\/\"},{\"@type\":\"ListItem\",\"position\":2,\"name\":\"Ecuador crear\u00e1 Ley de Econom\u00eda Familiar Campesina\"}]},{\"@type\":\"WebSite\",\"@id\":\"https:\/\/noti-america.com\/site\/ecuador\/#website\",\"url\":\"https:\/\/noti-america.com\/site\/ecuador\/\",\"name\":\"Ecuador | Noti-America.com\",\"description\":\"\",\"publisher\":{\"@id\":\"https:\/\/noti-america.com\/site\/ecuador\/#organization\"},\"potentialAction\":[{\"@type\":\"SearchAction\",\"target\":{\"@type\":\"EntryPoint\",\"urlTemplate\":\"https:\/\/noti-america.com\/site\/ecuador\/?s={search_term_string}\"},\"query-input\":{\"@type\":\"PropertyValueSpecification\",\"valueRequired\":true,\"valueName\":\"search_term_string\"}}],\"inLanguage\":\"es\"},{\"@type\":\"Organization\",\"@id\":\"https:\/\/noti-america.com\/site\/ecuador\/#organization\",\"name\":\"Noti-America LLC | Ecuador\",\"url\":\"https:\/\/noti-america.com\/site\/ecuador\/\",\"logo\":{\"@type\":\"ImageObject\",\"inLanguage\":\"es\",\"@id\":\"https:\/\/noti-america.com\/site\/ecuador\/#\/schema\/logo\/image\/\",\"url\":\"https:\/\/noti-america.com\/site\/ecuador\/wp-content\/uploads\/sites\/18\/2020\/07\/LogoNA-4x3-1.jpg\",\"contentUrl\":\"https:\/\/noti-america.com\/site\/ecuador\/wp-content\/uploads\/sites\/18\/2020\/07\/LogoNA-4x3-1.jpg\",\"width\":1236,\"height\":1080,\"caption\":\"Noti-America LLC | Ecuador\"},\"image\":{\"@id\":\"https:\/\/noti-america.com\/site\/ecuador\/#\/schema\/logo\/image\/\"},\"sameAs\":[\"https:\/\/x.com\/notiamerica\"]},{\"@type\":\"Person\",\"@id\":\"https:\/\/noti-america.com\/site\/ecuador\/#\/schema\/person\/b9d1630cc6598af759d45c790a347283\",\"name\":\"Henry Ortiz\",\"image\":{\"@type\":\"ImageObject\",\"inLanguage\":\"es\",\"@id\":\"https:\/\/secure.gravatar.com\/avatar\/0b5407b5b302fbb6a578e625dca512ac2983ee5fa9ea941d581b83c40212e4c8?s=96&d=mm&r=g\",\"url\":\"https:\/\/secure.gravatar.com\/avatar\/0b5407b5b302fbb6a578e625dca512ac2983ee5fa9ea941d581b83c40212e4c8?s=96&d=mm&r=g\",\"contentUrl\":\"https:\/\/secure.gravatar.com\/avatar\/0b5407b5b302fbb6a578e625dca512ac2983ee5fa9ea941d581b83c40212e4c8?s=96&d=mm&r=g\",\"caption\":\"Henry Ortiz\"},\"url\":\"https:\/\/noti-america.com\/site\/ecuador\/author\/hortiz\/\"}]}<\/script>\n<!-- \/ Yoast SEO Premium plugin. -->","yoast_head_json":{"title":"Ecuador crear\u00e1 Ley de Econom\u00eda Familiar Campesina - Ecuador | Noti-America.com","robots":{"index":"index","follow":"follow","max-snippet":"max-snippet:-1","max-image-preview":"max-image-preview:large","max-video-preview":"max-video-preview:-1"},"canonical":"https:\/\/noti-america.com\/site\/ecuador\/2022\/02\/01\/ecuador-creara-ley-de-economia-familiar-campesina\/","og_locale":"es_ES","og_type":"article","og_title":"Ecuador crear\u00e1 Ley de Econom\u00eda Familiar Campesina","og_description":"REDACCI\u00d3N NOTI AM\u00c9RICA (ECUADOR) La Comisi\u00f3n de Soberan\u00eda Alimentaria avanz\u00f3 en el an\u00e1lisis del proyecto de Ley para la Defensa y Desarrollo de la Econom\u00eda Familiar Campesina, previo a la elaboraci\u00f3n del informe para&#46;&#46;&#46;","og_url":"https:\/\/noti-america.com\/site\/ecuador\/2022\/02\/01\/ecuador-creara-ley-de-economia-familiar-campesina\/","og_site_name":"Ecuador | Noti-America.com","article_published_time":"2022-02-01T19:14:36+00:00","og_image":[{"width":420,"height":234,"url":"https:\/\/noti-america.com\/site\/ecuador\/wp-content\/uploads\/sites\/18\/2022\/02\/1-feb-econocmia.jpg","type":"image\/jpeg"}],"author":"Henry Ortiz","twitter_card":"summary_large_image","twitter_creator":"@notiamerica","twitter_site":"@notiamerica","twitter_misc":{"Escrito por":"Henry Ortiz","Tiempo estimado de lectura":"2 minutos"},"schema":{"@context":"https:\/\/schema.org","@graph":[{"@type":"Article","@id":"https:\/\/noti-america.com\/site\/ecuador\/2022\/02\/01\/ecuador-creara-ley-de-economia-familiar-campesina\/#article","isPartOf":{"@id":"https:\/\/noti-america.com\/site\/ecuador\/2022\/02\/01\/ecuador-creara-ley-de-economia-familiar-campesina\/"},"author":{"name":"Henry Ortiz","@id":"https:\/\/noti-america.com\/site\/ecuador\/#\/schema\/person\/b9d1630cc6598af759d45c790a347283"},"headline":"Ecuador crear\u00e1 Ley de Econom\u00eda Familiar Campesina","datePublished":"2022-02-01T19:14:36+00:00","mainEntityOfPage":{"@id":"https:\/\/noti-america.com\/site\/ecuador\/2022\/02\/01\/ecuador-creara-ley-de-economia-familiar-campesina\/"},"wordCount":269,"commentCount":0,"publisher":{"@id":"https:\/\/noti-america.com\/site\/ecuador\/#organization"},"image":{"@id":"https:\/\/noti-america.com\/site\/ecuador\/2022\/02\/01\/ecuador-creara-ley-de-economia-familiar-campesina\/#primaryimage"},"thumbnailUrl":"https:\/\/noti-america.com\/site\/ecuador\/wp-content\/uploads\/sites\/18\/2022\/02\/1-feb-econocmia.jpg","articleSection":["Uncategorized"],"inLanguage":"es","potentialAction":[{"@type":"CommentAction","name":"Comment","target":["https:\/\/noti-america.com\/site\/ecuador\/2022\/02\/01\/ecuador-creara-ley-de-economia-familiar-campesina\/#respond"]}]},{"@type":"WebPage","@id":"https:\/\/noti-america.com\/site\/ecuador\/2022\/02\/01\/ecuador-creara-ley-de-economia-familiar-campesina\/","url":"https:\/\/noti-america.com\/site\/ecuador\/2022\/02\/01\/ecuador-creara-ley-de-economia-familiar-campesina\/","name":"Ecuador crear\u00e1 Ley de Econom\u00eda Familiar Campesina - Ecuador | Noti-America.com","isPartOf":{"@id":"https:\/\/noti-america.com\/site\/ecuador\/#website"},"primaryImageOfPage":{"@id":"https:\/\/noti-america.com\/site\/ecuador\/2022\/02\/01\/ecuador-creara-ley-de-economia-familiar-campesina\/#primaryimage"},"image":{"@id":"https:\/\/noti-america.com\/site\/ecuador\/2022\/02\/01\/ecuador-creara-ley-de-economia-familiar-campesina\/#primaryimage"},"thumbnailUrl":"https:\/\/noti-america.com\/site\/ecuador\/wp-content\/uploads\/sites\/18\/2022\/02\/1-feb-econocmia.jpg","datePublished":"2022-02-01T19:14:36+00:00","breadcrumb":{"@id":"https:\/\/noti-america.com\/site\/ecuador\/2022\/02\/01\/ecuador-creara-ley-de-economia-familiar-campesina\/#breadcrumb"},"inLanguage":"es","potentialAction":[{"@type":"ReadAction","target":["https:\/\/noti-america.com\/site\/ecuador\/2022\/02\/01\/ecuador-creara-ley-de-economia-familiar-campesina\/"]}]},{"@type":"ImageObject","inLanguage":"es","@id":"https:\/\/noti-america.com\/site\/ecuador\/2022\/02\/01\/ecuador-creara-ley-de-economia-familiar-campesina\/#primaryimage","url":"https:\/\/noti-america.com\/site\/ecuador\/wp-content\/uploads\/sites\/18\/2022\/02\/1-feb-econocmia.jpg","contentUrl":"https:\/\/noti-america.com\/site\/ecuador\/wp-content\/uploads\/sites\/18\/2022\/02\/1-feb-econocmia.jpg","width":420,"height":234},{"@type":"BreadcrumbList","@id":"https:\/\/noti-america.com\/site\/ecuador\/2022\/02\/01\/ecuador-creara-ley-de-economia-familiar-campesina\/#breadcrumb","itemListElement":[{"@type":"ListItem","position":1,"name":"Portada","item":"https:\/\/noti-america.com\/site\/ecuador\/"},{"@type":"ListItem","position":2,"name":"Ecuador crear\u00e1 Ley de Econom\u00eda Familiar Campesina"}]},{"@type":"WebSite","@id":"https:\/\/noti-america.com\/site\/ecuador\/#website","url":"https:\/\/noti-america.com\/site\/ecuador\/","name":"Ecuador | Noti-America.com","description":"","publisher":{"@id":"https:\/\/noti-america.com\/site\/ecuador\/#organization"},"potentialAction":[{"@type":"SearchAction","target":{"@type":"EntryPoint","urlTemplate":"https:\/\/noti-america.com\/site\/ecuador\/?s={search_term_string}"},"query-input":{"@type":"PropertyValueSpecification","valueRequired":true,"valueName":"search_term_string"}}],"inLanguage":"es"},{"@type":"Organization","@id":"https:\/\/noti-america.com\/site\/ecuador\/#organization","name":"Noti-America LLC | Ecuador","url":"https:\/\/noti-america.com\/site\/ecuador\/","logo":{"@type":"ImageObject","inLanguage":"es","@id":"https:\/\/noti-america.com\/site\/ecuador\/#\/schema\/logo\/image\/","url":"https:\/\/noti-america.com\/site\/ecuador\/wp-content\/uploads\/sites\/18\/2020\/07\/LogoNA-4x3-1.jpg","contentUrl":"https:\/\/noti-america.com\/site\/ecuador\/wp-content\/uploads\/sites\/18\/2020\/07\/LogoNA-4x3-1.jpg","width":1236,"height":1080,"caption":"Noti-America LLC | Ecuador"},"image":{"@id":"https:\/\/noti-america.com\/site\/ecuador\/#\/schema\/logo\/image\/"},"sameAs":["https:\/\/x.com\/notiamerica"]},{"@type":"Person","@id":"https:\/\/noti-america.com\/site\/ecuador\/#\/schema\/person\/b9d1630cc6598af759d45c790a347283","name":"Henry Ortiz","image":{"@type":"ImageObject","inLanguage":"es","@id":"https:\/\/secure.gravatar.com\/avatar\/0b5407b5b302fbb6a578e625dca512ac2983ee5fa9ea941d581b83c40212e4c8?s=96&d=mm&r=g","url":"https:\/\/secure.gravatar.com\/avatar\/0b5407b5b302fbb6a578e625dca512ac2983ee5fa9ea941d581b83c40212e4c8?s=96&d=mm&r=g","contentUrl":"https:\/\/secure.gravatar.com\/avatar\/0b5407b5b302fbb6a578e625dca512ac2983ee5fa9ea941d581b83c40212e4c8?s=96&d=mm&r=g","caption":"Henry Ortiz"},"url":"https:\/\/noti-america.com\/site\/ecuador\/author\/hortiz\/"}]}},"_links":{"self":[{"href":"https:\/\/noti-america.com\/site\/ecuador\/wp-json\/wp\/v2\/posts\/18226","targetHints":{"allow":["GET"]}}],"collection":[{"href":"https:\/\/noti-america.com\/site\/ecuador\/wp-json\/wp\/v2\/posts"}],"about":[{"href":"https:\/\/noti-america.com\/site\/ecuador\/wp-json\/wp\/v2\/types\/post"}],"author":[{"embeddable":true,"href":"https:\/\/noti-america.com\/site\/ecuador\/wp-json\/wp\/v2\/users\/113"}],"replies":[{"embeddable":true,"href":"https:\/\/noti-america.com\/site\/ecuador\/wp-json\/wp\/v2\/comments?post=18226"}],"version-history":[{"count":1,"href":"https:\/\/noti-america.com\/site\/ecuador\/wp-json\/wp\/v2\/posts\/18226\/revisions"}],"predecessor-version":[{"id":18228,"href":"https:\/\/noti-america.com\/site\/ecuador\/wp-json\/wp\/v2\/posts\/18226\/revisions\/18228"}],"wp:featuredmedia":[{"embeddable":true,"href":"https:\/\/noti-america.com\/site\/ecuador\/wp-json\/wp\/v2\/media\/18227"}],"wp:attachment":[{"href":"https:\/\/noti-america.com\/site\/ecuador\/wp-json\/wp\/v2\/media?parent=18226"}],"wp:term":[{"taxonomy":"category","embeddable":true,"href":"https:\/\/noti-america.com\/site\/ecuador\/wp-json\/wp\/v2\/categories?post=18226"},{"taxonomy":"post_tag","embeddable":true,"href":"https:\/\/noti-america.com\/site\/ecuador\/wp-json\/wp\/v2\/tags?post=18226"}],"curies":[{"name":"wp","href":"https:\/\/api.w.org\/{rel}","templated":true}]}}