{"id":18191,"date":"2022-01-29T13:33:20","date_gmt":"2022-01-29T13:33:20","guid":{"rendered":"https:\/\/noti-america.com\/site\/ecuador\/?p=18191"},"modified":"2022-01-29T13:33:20","modified_gmt":"2022-01-29T13:33:20","slug":"ecuador-se-prepara-para-enfrentar-futuras-pandemias","status":"publish","type":"post","link":"https:\/\/noti-america.com\/site\/ecuador\/2022\/01\/29\/ecuador-se-prepara-para-enfrentar-futuras-pandemias\/","title":{"rendered":"Ecuador se prepara para enfrentar futuras pandemias"},"content":{"rendered":"<p><strong>REDACCI\u00d3N NOTI AM\u00c9RICA (ECUADOR)<\/strong><\/p>\n<div id=\"attachment_18192\" style=\"width: 644px\" class=\"wp-caption alignleft\"><img loading=\"lazy\" decoding=\"async\" aria-describedby=\"caption-attachment-18192\" class=\"wp-image-18192\" src=\"https:\/\/noti-america.com\/site\/ecuador\/wp-content\/uploads\/sites\/18\/2022\/01\/29-ene-descarga.jpg\" alt=\"\" width=\"634\" height=\"356\" \/><p id=\"caption-attachment-18192\" class=\"wp-caption-text\">Ecuador tiene un proyecto para construir una planta de producci\u00f3n de vacunas no solo contra la COVID-19, sino para otras patolog\u00edas.<\/p><\/div>\n<p style=\"text-align: justify\">\u201cConstruyendo salud y resiliencia clim\u00e1tica en las Am\u00e9ricas\u201d es el nombre del foro internacional en el que particip\u00f3 la ministra de Salud P\u00fablica, Ximena Garz\u00f3n. El evento se desarroll\u00f3 este jueves 27 de enero de 2022. En este espacio, present\u00f3 los logros de Ecuador en la lucha contra la pandemia por la COVID-19.<\/p>\n<p style=\"text-align: justify\">Con referencia al fortalecimiento, recuperaci\u00f3n y mejora de la capacidad regional para responder ante futuras pandemias, Garz\u00f3n resalt\u00f3 la importancia del Plan Vacunaci\u00f3n. Este permiti\u00f3 Inmunizar a nueve millones de personas, en 93 d\u00edas. \u201cNos ense\u00f1\u00f3 que la \u00fanica manera de alcanzar grandes objetivos es poniendo el hombro\u201d.<\/p>\n<p style=\"text-align: justify\">Adem\u00e1s, destac\u00f3 que \u201cnuestro Plan de Vacunaci\u00f3n signific\u00f3 el movimiento social m\u00e1s grande de la historia reciente del Ecuador. Participaron activamente la empresa privada, las Fuerzas Armadas, la academia, la sociedad civil, las diferentes instancias del Gobierno y los organismos internacionales\u201d.<\/p>\n<p style=\"text-align: justify\">El evento fue organizado por el Centro para Latinoam\u00e9rica Adrienne Arsht, el cual pertenece al centro de pensamiento Atlantic Council. Est\u00e1 trabajando coordinadamente con el Departamento de Estado, de cara a la Cumbre de las Am\u00e9ricas.<\/p>\n<p style=\"text-align: justify\">En el marco de la equidad de salud y para garantizar que las futuras pol\u00edticas regionales tomen en cuenta temas, como g\u00e9nero, clase, y raza, la ministra de Salud se\u00f1al\u00f3 que la clave est\u00e1 en generar procesos participativos e inclusivos con diferentes actores sociales. Para ello, Ecuador ha construido el Plan de Salud 2022-2031, que ha convocado a la academia, gremios de salud, organismos internacionales, representantes de pueblos y nacionalidades.<\/p>\n<p style=\"text-align: justify\">\u201cEs fundamental que a escala mundial trabajemos por un manejo de la pandemia equitativo, solidario y eficaz. Debemos sumar esfuerzos y trabajar de forma paralela para reducir \u00edndices de pobreza, mitigar el cambio clim\u00e1tico y combatir la desigualdad de g\u00e9nero\u201d.<\/p>\n<p style=\"text-align: justify\">Instituciones multilaterales y el sector privado han apoyado a los ministerios de salud en la regi\u00f3n para enfrentar la pandemia. Ecuador cont\u00f3 con el apoyo de OPS, UNICEF y BM, durante el proceso de vacunaci\u00f3n. Asimismo, la academia, investigadores y varios actores contribuyeron en la construcci\u00f3n del Plan de Respuesta Integral a la Pandemia por COVID-19.<\/p>\n<p style=\"text-align: justify\">Por otra parte, un tema de inter\u00e9s regional y que est\u00e1 movilizando la cooperaci\u00f3n internacional es la producci\u00f3n sostenible de vacunas para garantizar su acceso equitativo y oportuno. Ecuador ha definido un proyecto que tiene el apoyo del Gobierno Nacional para construir una planta de producci\u00f3n de vacunas no solo contra la COVID-19 sino para otras patolog\u00edas.<\/p>\n<p style=\"text-align: justify\">Garz\u00f3n concluy\u00f3 su intervenci\u00f3n mencionando que la COVID-19 se ha convertido en un reto que trasciende fronteras y, para enfrentarla de forma eficiente, es importante que la cooperaci\u00f3n y el trabajo conjunto entre territorios.<\/p>\n","protected":false},"excerpt":{"rendered":"<p>REDACCI\u00d3N NOTI AM\u00c9RICA (ECUADOR) \u201cConstruyendo salud y resiliencia clim\u00e1tica en las Am\u00e9ricas\u201d es el nombre del foro internacional en el que particip\u00f3 la ministra de Salud P\u00fablica, Ximena Garz\u00f3n. El evento se desarroll\u00f3 este&#46;&#46;&#46;<\/p>\n","protected":false},"author":113,"featured_media":18192,"comment_status":"open","ping_status":"open","sticky":false,"template":"","format":"standard","meta":{"_acf_changed":false,"om_disable_all_campaigns":false,"rop_custom_images_group":[],"rop_custom_messages_group":[],"rop_publish_now":"initial","rop_publish_now_accounts":{"twitter_242054905_242054905":""},"rop_publish_now_history":[],"rop_publish_now_status":"pending","_uf_show_specific_survey":0,"_uf_disable_surveys":false,"footnotes":""},"categories":[35],"tags":[],"class_list":["post-18191","post","type-post","status-publish","format-standard","has-post-thumbnail","hentry","category-salud"],"acf":[],"aioseo_notices":[],"yoast_head":"<!-- This site is optimized with the Yoast SEO Premium plugin v24.9 (Yoast SEO v27.2) - https:\/\/yoast.com\/product\/yoast-seo-premium-wordpress\/ -->\n<title>Ecuador se prepara para enfrentar futuras pandemias - Ecuador | Noti-America.com<\/title>\n<meta name=\"robots\" content=\"index, follow, max-snippet:-1, max-image-preview:large, max-video-preview:-1\" \/>\n<link rel=\"canonical\" href=\"https:\/\/noti-america.com\/site\/ecuador\/2022\/01\/29\/ecuador-se-prepara-para-enfrentar-futuras-pandemias\/\" \/>\n<meta property=\"og:locale\" content=\"es_ES\" \/>\n<meta property=\"og:type\" content=\"article\" \/>\n<meta property=\"og:title\" content=\"Ecuador se prepara para enfrentar futuras pandemias\" \/>\n<meta property=\"og:description\" content=\"REDACCI\u00d3N NOTI AM\u00c9RICA (ECUADOR) \u201cConstruyendo salud y resiliencia clim\u00e1tica en las Am\u00e9ricas\u201d es el nombre del foro internacional en el que particip\u00f3 la ministra de Salud P\u00fablica, Ximena Garz\u00f3n. El evento se desarroll\u00f3 este&#046;&#046;&#046;\" \/>\n<meta property=\"og:url\" content=\"https:\/\/noti-america.com\/site\/ecuador\/2022\/01\/29\/ecuador-se-prepara-para-enfrentar-futuras-pandemias\/\" \/>\n<meta property=\"og:site_name\" content=\"Ecuador | Noti-America.com\" \/>\n<meta property=\"article:published_time\" content=\"2022-01-29T13:33:20+00:00\" \/>\n<meta property=\"og:image\" content=\"https:\/\/noti-america.com\/site\/ecuador\/wp-content\/uploads\/sites\/18\/2022\/01\/29-ene-descarga.jpg\" \/>\n\t<meta property=\"og:image:width\" content=\"299\" \/>\n\t<meta property=\"og:image:height\" content=\"168\" \/>\n\t<meta property=\"og:image:type\" content=\"image\/jpeg\" \/>\n<meta name=\"author\" content=\"Henry Ortiz\" \/>\n<meta name=\"twitter:card\" content=\"summary_large_image\" \/>\n<meta name=\"twitter:creator\" content=\"@notiamerica\" \/>\n<meta name=\"twitter:site\" content=\"@notiamerica\" \/>\n<meta name=\"twitter:label1\" content=\"Escrito por\" \/>\n\t<meta name=\"twitter:data1\" content=\"Henry Ortiz\" \/>\n\t<meta name=\"twitter:label2\" content=\"Tiempo estimado de lectura\" \/>\n\t<meta name=\"twitter:data2\" content=\"3 minutos\" \/>\n<script type=\"application\/ld+json\" class=\"yoast-schema-graph\">{\"@context\":\"https:\/\/schema.org\",\"@graph\":[{\"@type\":\"Article\",\"@id\":\"https:\/\/noti-america.com\/site\/ecuador\/2022\/01\/29\/ecuador-se-prepara-para-enfrentar-futuras-pandemias\/#article\",\"isPartOf\":{\"@id\":\"https:\/\/noti-america.com\/site\/ecuador\/2022\/01\/29\/ecuador-se-prepara-para-enfrentar-futuras-pandemias\/\"},\"author\":{\"name\":\"Henry Ortiz\",\"@id\":\"https:\/\/noti-america.com\/site\/ecuador\/#\/schema\/person\/b9d1630cc6598af759d45c790a347283\"},\"headline\":\"Ecuador se prepara para enfrentar futuras pandemias\",\"datePublished\":\"2022-01-29T13:33:20+00:00\",\"mainEntityOfPage\":{\"@id\":\"https:\/\/noti-america.com\/site\/ecuador\/2022\/01\/29\/ecuador-se-prepara-para-enfrentar-futuras-pandemias\/\"},\"wordCount\":504,\"commentCount\":0,\"publisher\":{\"@id\":\"https:\/\/noti-america.com\/site\/ecuador\/#organization\"},\"image\":{\"@id\":\"https:\/\/noti-america.com\/site\/ecuador\/2022\/01\/29\/ecuador-se-prepara-para-enfrentar-futuras-pandemias\/#primaryimage\"},\"thumbnailUrl\":\"https:\/\/noti-america.com\/site\/ecuador\/wp-content\/uploads\/sites\/18\/2022\/01\/29-ene-descarga.jpg\",\"articleSection\":[\"Salud\"],\"inLanguage\":\"es\",\"potentialAction\":[{\"@type\":\"CommentAction\",\"name\":\"Comment\",\"target\":[\"https:\/\/noti-america.com\/site\/ecuador\/2022\/01\/29\/ecuador-se-prepara-para-enfrentar-futuras-pandemias\/#respond\"]}]},{\"@type\":\"WebPage\",\"@id\":\"https:\/\/noti-america.com\/site\/ecuador\/2022\/01\/29\/ecuador-se-prepara-para-enfrentar-futuras-pandemias\/\",\"url\":\"https:\/\/noti-america.com\/site\/ecuador\/2022\/01\/29\/ecuador-se-prepara-para-enfrentar-futuras-pandemias\/\",\"name\":\"Ecuador se prepara para enfrentar futuras pandemias - Ecuador | Noti-America.com\",\"isPartOf\":{\"@id\":\"https:\/\/noti-america.com\/site\/ecuador\/#website\"},\"primaryImageOfPage\":{\"@id\":\"https:\/\/noti-america.com\/site\/ecuador\/2022\/01\/29\/ecuador-se-prepara-para-enfrentar-futuras-pandemias\/#primaryimage\"},\"image\":{\"@id\":\"https:\/\/noti-america.com\/site\/ecuador\/2022\/01\/29\/ecuador-se-prepara-para-enfrentar-futuras-pandemias\/#primaryimage\"},\"thumbnailUrl\":\"https:\/\/noti-america.com\/site\/ecuador\/wp-content\/uploads\/sites\/18\/2022\/01\/29-ene-descarga.jpg\",\"datePublished\":\"2022-01-29T13:33:20+00:00\",\"breadcrumb\":{\"@id\":\"https:\/\/noti-america.com\/site\/ecuador\/2022\/01\/29\/ecuador-se-prepara-para-enfrentar-futuras-pandemias\/#breadcrumb\"},\"inLanguage\":\"es\",\"potentialAction\":[{\"@type\":\"ReadAction\",\"target\":[\"https:\/\/noti-america.com\/site\/ecuador\/2022\/01\/29\/ecuador-se-prepara-para-enfrentar-futuras-pandemias\/\"]}]},{\"@type\":\"ImageObject\",\"inLanguage\":\"es\",\"@id\":\"https:\/\/noti-america.com\/site\/ecuador\/2022\/01\/29\/ecuador-se-prepara-para-enfrentar-futuras-pandemias\/#primaryimage\",\"url\":\"https:\/\/noti-america.com\/site\/ecuador\/wp-content\/uploads\/sites\/18\/2022\/01\/29-ene-descarga.jpg\",\"contentUrl\":\"https:\/\/noti-america.com\/site\/ecuador\/wp-content\/uploads\/sites\/18\/2022\/01\/29-ene-descarga.jpg\",\"width\":299,\"height\":168},{\"@type\":\"BreadcrumbList\",\"@id\":\"https:\/\/noti-america.com\/site\/ecuador\/2022\/01\/29\/ecuador-se-prepara-para-enfrentar-futuras-pandemias\/#breadcrumb\",\"itemListElement\":[{\"@type\":\"ListItem\",\"position\":1,\"name\":\"Portada\",\"item\":\"https:\/\/noti-america.com\/site\/ecuador\/\"},{\"@type\":\"ListItem\",\"position\":2,\"name\":\"Ecuador se prepara para enfrentar futuras pandemias\"}]},{\"@type\":\"WebSite\",\"@id\":\"https:\/\/noti-america.com\/site\/ecuador\/#website\",\"url\":\"https:\/\/noti-america.com\/site\/ecuador\/\",\"name\":\"Ecuador | Noti-America.com\",\"description\":\"\",\"publisher\":{\"@id\":\"https:\/\/noti-america.com\/site\/ecuador\/#organization\"},\"potentialAction\":[{\"@type\":\"SearchAction\",\"target\":{\"@type\":\"EntryPoint\",\"urlTemplate\":\"https:\/\/noti-america.com\/site\/ecuador\/?s={search_term_string}\"},\"query-input\":{\"@type\":\"PropertyValueSpecification\",\"valueRequired\":true,\"valueName\":\"search_term_string\"}}],\"inLanguage\":\"es\"},{\"@type\":\"Organization\",\"@id\":\"https:\/\/noti-america.com\/site\/ecuador\/#organization\",\"name\":\"Noti-America LLC | Ecuador\",\"url\":\"https:\/\/noti-america.com\/site\/ecuador\/\",\"logo\":{\"@type\":\"ImageObject\",\"inLanguage\":\"es\",\"@id\":\"https:\/\/noti-america.com\/site\/ecuador\/#\/schema\/logo\/image\/\",\"url\":\"https:\/\/noti-america.com\/site\/ecuador\/wp-content\/uploads\/sites\/18\/2020\/07\/LogoNA-4x3-1.jpg\",\"contentUrl\":\"https:\/\/noti-america.com\/site\/ecuador\/wp-content\/uploads\/sites\/18\/2020\/07\/LogoNA-4x3-1.jpg\",\"width\":1236,\"height\":1080,\"caption\":\"Noti-America LLC | Ecuador\"},\"image\":{\"@id\":\"https:\/\/noti-america.com\/site\/ecuador\/#\/schema\/logo\/image\/\"},\"sameAs\":[\"https:\/\/x.com\/notiamerica\"]},{\"@type\":\"Person\",\"@id\":\"https:\/\/noti-america.com\/site\/ecuador\/#\/schema\/person\/b9d1630cc6598af759d45c790a347283\",\"name\":\"Henry Ortiz\",\"image\":{\"@type\":\"ImageObject\",\"inLanguage\":\"es\",\"@id\":\"https:\/\/secure.gravatar.com\/avatar\/0b5407b5b302fbb6a578e625dca512ac2983ee5fa9ea941d581b83c40212e4c8?s=96&d=mm&r=g\",\"url\":\"https:\/\/secure.gravatar.com\/avatar\/0b5407b5b302fbb6a578e625dca512ac2983ee5fa9ea941d581b83c40212e4c8?s=96&d=mm&r=g\",\"contentUrl\":\"https:\/\/secure.gravatar.com\/avatar\/0b5407b5b302fbb6a578e625dca512ac2983ee5fa9ea941d581b83c40212e4c8?s=96&d=mm&r=g\",\"caption\":\"Henry Ortiz\"},\"url\":\"https:\/\/noti-america.com\/site\/ecuador\/author\/hortiz\/\"}]}<\/script>\n<!-- \/ Yoast SEO Premium plugin. -->","yoast_head_json":{"title":"Ecuador se prepara para enfrentar futuras pandemias - Ecuador | Noti-America.com","robots":{"index":"index","follow":"follow","max-snippet":"max-snippet:-1","max-image-preview":"max-image-preview:large","max-video-preview":"max-video-preview:-1"},"canonical":"https:\/\/noti-america.com\/site\/ecuador\/2022\/01\/29\/ecuador-se-prepara-para-enfrentar-futuras-pandemias\/","og_locale":"es_ES","og_type":"article","og_title":"Ecuador se prepara para enfrentar futuras pandemias","og_description":"REDACCI\u00d3N NOTI AM\u00c9RICA (ECUADOR) \u201cConstruyendo salud y resiliencia clim\u00e1tica en las Am\u00e9ricas\u201d es el nombre del foro internacional en el que particip\u00f3 la ministra de Salud P\u00fablica, Ximena Garz\u00f3n. El evento se desarroll\u00f3 este&#46;&#46;&#46;","og_url":"https:\/\/noti-america.com\/site\/ecuador\/2022\/01\/29\/ecuador-se-prepara-para-enfrentar-futuras-pandemias\/","og_site_name":"Ecuador | Noti-America.com","article_published_time":"2022-01-29T13:33:20+00:00","og_image":[{"width":299,"height":168,"url":"https:\/\/noti-america.com\/site\/ecuador\/wp-content\/uploads\/sites\/18\/2022\/01\/29-ene-descarga.jpg","type":"image\/jpeg"}],"author":"Henry Ortiz","twitter_card":"summary_large_image","twitter_creator":"@notiamerica","twitter_site":"@notiamerica","twitter_misc":{"Escrito por":"Henry Ortiz","Tiempo estimado de lectura":"3 minutos"},"schema":{"@context":"https:\/\/schema.org","@graph":[{"@type":"Article","@id":"https:\/\/noti-america.com\/site\/ecuador\/2022\/01\/29\/ecuador-se-prepara-para-enfrentar-futuras-pandemias\/#article","isPartOf":{"@id":"https:\/\/noti-america.com\/site\/ecuador\/2022\/01\/29\/ecuador-se-prepara-para-enfrentar-futuras-pandemias\/"},"author":{"name":"Henry Ortiz","@id":"https:\/\/noti-america.com\/site\/ecuador\/#\/schema\/person\/b9d1630cc6598af759d45c790a347283"},"headline":"Ecuador se prepara para enfrentar futuras pandemias","datePublished":"2022-01-29T13:33:20+00:00","mainEntityOfPage":{"@id":"https:\/\/noti-america.com\/site\/ecuador\/2022\/01\/29\/ecuador-se-prepara-para-enfrentar-futuras-pandemias\/"},"wordCount":504,"commentCount":0,"publisher":{"@id":"https:\/\/noti-america.com\/site\/ecuador\/#organization"},"image":{"@id":"https:\/\/noti-america.com\/site\/ecuador\/2022\/01\/29\/ecuador-se-prepara-para-enfrentar-futuras-pandemias\/#primaryimage"},"thumbnailUrl":"https:\/\/noti-america.com\/site\/ecuador\/wp-content\/uploads\/sites\/18\/2022\/01\/29-ene-descarga.jpg","articleSection":["Salud"],"inLanguage":"es","potentialAction":[{"@type":"CommentAction","name":"Comment","target":["https:\/\/noti-america.com\/site\/ecuador\/2022\/01\/29\/ecuador-se-prepara-para-enfrentar-futuras-pandemias\/#respond"]}]},{"@type":"WebPage","@id":"https:\/\/noti-america.com\/site\/ecuador\/2022\/01\/29\/ecuador-se-prepara-para-enfrentar-futuras-pandemias\/","url":"https:\/\/noti-america.com\/site\/ecuador\/2022\/01\/29\/ecuador-se-prepara-para-enfrentar-futuras-pandemias\/","name":"Ecuador se prepara para enfrentar futuras pandemias - Ecuador | Noti-America.com","isPartOf":{"@id":"https:\/\/noti-america.com\/site\/ecuador\/#website"},"primaryImageOfPage":{"@id":"https:\/\/noti-america.com\/site\/ecuador\/2022\/01\/29\/ecuador-se-prepara-para-enfrentar-futuras-pandemias\/#primaryimage"},"image":{"@id":"https:\/\/noti-america.com\/site\/ecuador\/2022\/01\/29\/ecuador-se-prepara-para-enfrentar-futuras-pandemias\/#primaryimage"},"thumbnailUrl":"https:\/\/noti-america.com\/site\/ecuador\/wp-content\/uploads\/sites\/18\/2022\/01\/29-ene-descarga.jpg","datePublished":"2022-01-29T13:33:20+00:00","breadcrumb":{"@id":"https:\/\/noti-america.com\/site\/ecuador\/2022\/01\/29\/ecuador-se-prepara-para-enfrentar-futuras-pandemias\/#breadcrumb"},"inLanguage":"es","potentialAction":[{"@type":"ReadAction","target":["https:\/\/noti-america.com\/site\/ecuador\/2022\/01\/29\/ecuador-se-prepara-para-enfrentar-futuras-pandemias\/"]}]},{"@type":"ImageObject","inLanguage":"es","@id":"https:\/\/noti-america.com\/site\/ecuador\/2022\/01\/29\/ecuador-se-prepara-para-enfrentar-futuras-pandemias\/#primaryimage","url":"https:\/\/noti-america.com\/site\/ecuador\/wp-content\/uploads\/sites\/18\/2022\/01\/29-ene-descarga.jpg","contentUrl":"https:\/\/noti-america.com\/site\/ecuador\/wp-content\/uploads\/sites\/18\/2022\/01\/29-ene-descarga.jpg","width":299,"height":168},{"@type":"BreadcrumbList","@id":"https:\/\/noti-america.com\/site\/ecuador\/2022\/01\/29\/ecuador-se-prepara-para-enfrentar-futuras-pandemias\/#breadcrumb","itemListElement":[{"@type":"ListItem","position":1,"name":"Portada","item":"https:\/\/noti-america.com\/site\/ecuador\/"},{"@type":"ListItem","position":2,"name":"Ecuador se prepara para enfrentar futuras pandemias"}]},{"@type":"WebSite","@id":"https:\/\/noti-america.com\/site\/ecuador\/#website","url":"https:\/\/noti-america.com\/site\/ecuador\/","name":"Ecuador | Noti-America.com","description":"","publisher":{"@id":"https:\/\/noti-america.com\/site\/ecuador\/#organization"},"potentialAction":[{"@type":"SearchAction","target":{"@type":"EntryPoint","urlTemplate":"https:\/\/noti-america.com\/site\/ecuador\/?s={search_term_string}"},"query-input":{"@type":"PropertyValueSpecification","valueRequired":true,"valueName":"search_term_string"}}],"inLanguage":"es"},{"@type":"Organization","@id":"https:\/\/noti-america.com\/site\/ecuador\/#organization","name":"Noti-America LLC | Ecuador","url":"https:\/\/noti-america.com\/site\/ecuador\/","logo":{"@type":"ImageObject","inLanguage":"es","@id":"https:\/\/noti-america.com\/site\/ecuador\/#\/schema\/logo\/image\/","url":"https:\/\/noti-america.com\/site\/ecuador\/wp-content\/uploads\/sites\/18\/2020\/07\/LogoNA-4x3-1.jpg","contentUrl":"https:\/\/noti-america.com\/site\/ecuador\/wp-content\/uploads\/sites\/18\/2020\/07\/LogoNA-4x3-1.jpg","width":1236,"height":1080,"caption":"Noti-America LLC | Ecuador"},"image":{"@id":"https:\/\/noti-america.com\/site\/ecuador\/#\/schema\/logo\/image\/"},"sameAs":["https:\/\/x.com\/notiamerica"]},{"@type":"Person","@id":"https:\/\/noti-america.com\/site\/ecuador\/#\/schema\/person\/b9d1630cc6598af759d45c790a347283","name":"Henry Ortiz","image":{"@type":"ImageObject","inLanguage":"es","@id":"https:\/\/secure.gravatar.com\/avatar\/0b5407b5b302fbb6a578e625dca512ac2983ee5fa9ea941d581b83c40212e4c8?s=96&d=mm&r=g","url":"https:\/\/secure.gravatar.com\/avatar\/0b5407b5b302fbb6a578e625dca512ac2983ee5fa9ea941d581b83c40212e4c8?s=96&d=mm&r=g","contentUrl":"https:\/\/secure.gravatar.com\/avatar\/0b5407b5b302fbb6a578e625dca512ac2983ee5fa9ea941d581b83c40212e4c8?s=96&d=mm&r=g","caption":"Henry Ortiz"},"url":"https:\/\/noti-america.com\/site\/ecuador\/author\/hortiz\/"}]}},"_links":{"self":[{"href":"https:\/\/noti-america.com\/site\/ecuador\/wp-json\/wp\/v2\/posts\/18191","targetHints":{"allow":["GET"]}}],"collection":[{"href":"https:\/\/noti-america.com\/site\/ecuador\/wp-json\/wp\/v2\/posts"}],"about":[{"href":"https:\/\/noti-america.com\/site\/ecuador\/wp-json\/wp\/v2\/types\/post"}],"author":[{"embeddable":true,"href":"https:\/\/noti-america.com\/site\/ecuador\/wp-json\/wp\/v2\/users\/113"}],"replies":[{"embeddable":true,"href":"https:\/\/noti-america.com\/site\/ecuador\/wp-json\/wp\/v2\/comments?post=18191"}],"version-history":[{"count":1,"href":"https:\/\/noti-america.com\/site\/ecuador\/wp-json\/wp\/v2\/posts\/18191\/revisions"}],"predecessor-version":[{"id":18193,"href":"https:\/\/noti-america.com\/site\/ecuador\/wp-json\/wp\/v2\/posts\/18191\/revisions\/18193"}],"wp:featuredmedia":[{"embeddable":true,"href":"https:\/\/noti-america.com\/site\/ecuador\/wp-json\/wp\/v2\/media\/18192"}],"wp:attachment":[{"href":"https:\/\/noti-america.com\/site\/ecuador\/wp-json\/wp\/v2\/media?parent=18191"}],"wp:term":[{"taxonomy":"category","embeddable":true,"href":"https:\/\/noti-america.com\/site\/ecuador\/wp-json\/wp\/v2\/categories?post=18191"},{"taxonomy":"post_tag","embeddable":true,"href":"https:\/\/noti-america.com\/site\/ecuador\/wp-json\/wp\/v2\/tags?post=18191"}],"curies":[{"name":"wp","href":"https:\/\/api.w.org\/{rel}","templated":true}]}}