{"id":18028,"date":"2022-01-19T16:15:07","date_gmt":"2022-01-19T16:15:07","guid":{"rendered":"https:\/\/noti-america.com\/site\/ecuador\/?p=18028"},"modified":"2022-01-19T16:15:07","modified_gmt":"2022-01-19T16:15:07","slug":"de-402-positivos-paso-1-387-los-casos-de-ninos-infectados-por-covid-19","status":"publish","type":"post","link":"https:\/\/noti-america.com\/site\/ecuador\/2022\/01\/19\/de-402-positivos-paso-1-387-los-casos-de-ninos-infectados-por-covid-19\/","title":{"rendered":"De 402 positivos pas\u00f3 1.387 los casos de ni\u00f1os infectados por Covid-19"},"content":{"rendered":"<p><strong>REDACCI\u00d3N NOTI AM\u00c9RICA (ECUADOR)<\/strong><\/p>\n<div id=\"attachment_18029\" style=\"width: 672px\" class=\"wp-caption alignleft\"><img loading=\"lazy\" decoding=\"async\" aria-describedby=\"caption-attachment-18029\" class=\"wp-image-18029\" src=\"https:\/\/noti-america.com\/site\/ecuador\/wp-content\/uploads\/sites\/18\/2022\/01\/19-ene-nino1-300x169.jpg\" alt=\"\" width=\"662\" height=\"373\" srcset=\"https:\/\/noti-america.com\/site\/ecuador\/wp-content\/uploads\/sites\/18\/2022\/01\/19-ene-nino1-300x169.jpg 300w, https:\/\/noti-america.com\/site\/ecuador\/wp-content\/uploads\/sites\/18\/2022\/01\/19-ene-nino1-768x432.jpg 768w, https:\/\/noti-america.com\/site\/ecuador\/wp-content\/uploads\/sites\/18\/2022\/01\/19-ene-nino1.jpg 800w\" sizes=\"auto, (max-width: 662px) 100vw, 662px\" \/><p id=\"caption-attachment-18029\" class=\"wp-caption-text\">Los ni\u00f1os son vacunados dentro de la campa\u00f1a masiva de inmunizaci\u00f3n.<\/p><\/div>\n<p style=\"text-align: justify\">En Ecuador, el n\u00famero de contagios aument\u00f3 en la poblaci\u00f3n de ni\u00f1os, ni\u00f1as y adolescentes, en las primeras semanas de enero de 2022. En el rango de 0 a 9 a\u00f1os hubo 1.387 casos positivos para la COVID-19.<\/p>\n<p style=\"text-align: justify\">La cifra es superior a lo registrado en las dos \u00faltimas semanas de diciembre de 2021, con 402.<\/p>\n<p style=\"text-align: justify\">Los datos constan en el informe epidemiol\u00f3gico COVID-19, con corte al lunes 17 de enero de 2022. Este se publica semanalmente en la p\u00e1gina del Ministerio de Salud P\u00fablica (MSP).<\/p>\n<p style=\"text-align: justify\">En este reporte adem\u00e1s est\u00e1 el n\u00famero de adolescentes contagiados con este virus. En las dos primeras semanas del mes hubo 4.012 positivos en el grupo de entre 10 y 19 a\u00f1os; frente a las 1.015 reportados en las dos \u00faltimas de diciembre de 2021.<\/p>\n<p style=\"text-align: justify\">Ante esta realidad, la cartera de Estado apuesta por la vacunaci\u00f3n en la poblaci\u00f3n de menores de edad. El motivo principal es que con la inmunizaci\u00f3n se reduce la enfermedad grave y la mortalidad.<\/p>\n<p style=\"text-align: justify\">Los Centros para el Control y la Prevenci\u00f3n de Enfermedades (CDC) de los Estados Unidos recuerdan que los menores de 18 a\u00f1os tienen las mismas probabilidades de contagiarse del SARS-CoV-2, causante de la COVID-19; al igual que presentar complicaciones graves.<\/p>\n<p style=\"text-align: justify\">En Ecuador, por ejemplo, 47 pacientes menores de 18 a\u00f1os ingresaron a casas de salud, en las \u00faltimas semanas. De ellos, 37 entraron a hospitalizaci\u00f3n y 10 a la Unidad de Cuidados Intensivos (UCI).<\/p>\n<p style=\"text-align: justify\">Por ello, la inmunizaci\u00f3n es fundamental. Los infantes y adolescentes pueden acercarse a uno de los centros de vacunaci\u00f3n habilitados en el pa\u00eds (https:\/\/bit.ly\/CentrosSaludVacunaCOVID19). Y en febrero, las autoridades sanitarias anticiparon que se vacunar\u00e1 a ni\u00f1os y ni\u00f1as de 3 a 4 a\u00f1os.<\/p>\n<p style=\"text-align: justify\">Salud tambi\u00e9n ha publicado recomendaciones para la asistencia en casa de personas infectadas de toda edad. \u00abSi su hijo dio positivo para la COVID-19, el cuidador debe lavarse continuamente las manos; usar correctamente la mascarilla y, luego del contacto, debe desecharla. Debe incluirse el distanciamiento y la ventilaci\u00f3n\u00bb.<\/p>\n<p style=\"text-align: justify\">\n","protected":false},"excerpt":{"rendered":"<p>REDACCI\u00d3N NOTI AM\u00c9RICA (ECUADOR) En Ecuador, el n\u00famero de contagios aument\u00f3 en la poblaci\u00f3n de ni\u00f1os, ni\u00f1as y adolescentes, en las primeras semanas de enero de 2022. En el rango de 0 a 9&#46;&#46;&#46;<\/p>\n","protected":false},"author":113,"featured_media":18029,"comment_status":"open","ping_status":"open","sticky":false,"template":"","format":"standard","meta":{"_acf_changed":false,"om_disable_all_campaigns":false,"rop_custom_images_group":[],"rop_custom_messages_group":[],"rop_publish_now":"initial","rop_publish_now_accounts":{"twitter_242054905_242054905":""},"rop_publish_now_history":[],"rop_publish_now_status":"pending","_uf_show_specific_survey":0,"_uf_disable_surveys":false,"footnotes":""},"categories":[125],"tags":[],"class_list":["post-18028","post","type-post","status-publish","format-standard","has-post-thumbnail","hentry","category-actualidad"],"acf":[],"aioseo_notices":[],"yoast_head":"<!-- This site is optimized with the Yoast SEO Premium plugin v24.9 (Yoast SEO v27.2) - https:\/\/yoast.com\/product\/yoast-seo-premium-wordpress\/ -->\n<title>De 402 positivos pas\u00f3 1.387 los casos de ni\u00f1os infectados por Covid-19 - Ecuador | Noti-America.com<\/title>\n<meta name=\"robots\" content=\"index, follow, max-snippet:-1, max-image-preview:large, max-video-preview:-1\" \/>\n<link rel=\"canonical\" href=\"https:\/\/noti-america.com\/site\/ecuador\/2022\/01\/19\/de-402-positivos-paso-1-387-los-casos-de-ninos-infectados-por-covid-19\/\" \/>\n<meta property=\"og:locale\" content=\"es_ES\" \/>\n<meta property=\"og:type\" content=\"article\" \/>\n<meta property=\"og:title\" content=\"De 402 positivos pas\u00f3 1.387 los casos de ni\u00f1os infectados por Covid-19\" \/>\n<meta property=\"og:description\" content=\"REDACCI\u00d3N NOTI AM\u00c9RICA (ECUADOR) En Ecuador, el n\u00famero de contagios aument\u00f3 en la poblaci\u00f3n de ni\u00f1os, ni\u00f1as y adolescentes, en las primeras semanas de enero de 2022. En el rango de 0 a 9&#046;&#046;&#046;\" \/>\n<meta property=\"og:url\" content=\"https:\/\/noti-america.com\/site\/ecuador\/2022\/01\/19\/de-402-positivos-paso-1-387-los-casos-de-ninos-infectados-por-covid-19\/\" \/>\n<meta property=\"og:site_name\" content=\"Ecuador | Noti-America.com\" \/>\n<meta property=\"article:published_time\" content=\"2022-01-19T16:15:07+00:00\" \/>\n<meta property=\"og:image\" content=\"https:\/\/noti-america.com\/site\/ecuador\/wp-content\/uploads\/sites\/18\/2022\/01\/19-ene-nino1.jpg\" \/>\n\t<meta property=\"og:image:width\" content=\"800\" \/>\n\t<meta property=\"og:image:height\" content=\"450\" \/>\n\t<meta property=\"og:image:type\" content=\"image\/jpeg\" \/>\n<meta name=\"author\" content=\"Henry Ortiz\" \/>\n<meta name=\"twitter:card\" content=\"summary_large_image\" \/>\n<meta name=\"twitter:creator\" content=\"@notiamerica\" \/>\n<meta name=\"twitter:site\" content=\"@notiamerica\" \/>\n<meta name=\"twitter:label1\" content=\"Escrito por\" \/>\n\t<meta name=\"twitter:data1\" content=\"Henry Ortiz\" \/>\n\t<meta name=\"twitter:label2\" content=\"Tiempo estimado de lectura\" \/>\n\t<meta name=\"twitter:data2\" content=\"2 minutos\" \/>\n<script type=\"application\/ld+json\" class=\"yoast-schema-graph\">{\"@context\":\"https:\/\/schema.org\",\"@graph\":[{\"@type\":\"Article\",\"@id\":\"https:\/\/noti-america.com\/site\/ecuador\/2022\/01\/19\/de-402-positivos-paso-1-387-los-casos-de-ninos-infectados-por-covid-19\/#article\",\"isPartOf\":{\"@id\":\"https:\/\/noti-america.com\/site\/ecuador\/2022\/01\/19\/de-402-positivos-paso-1-387-los-casos-de-ninos-infectados-por-covid-19\/\"},\"author\":{\"name\":\"Henry Ortiz\",\"@id\":\"https:\/\/noti-america.com\/site\/ecuador\/#\/schema\/person\/b9d1630cc6598af759d45c790a347283\"},\"headline\":\"De 402 positivos pas\u00f3 1.387 los casos de ni\u00f1os infectados por Covid-19\",\"datePublished\":\"2022-01-19T16:15:07+00:00\",\"mainEntityOfPage\":{\"@id\":\"https:\/\/noti-america.com\/site\/ecuador\/2022\/01\/19\/de-402-positivos-paso-1-387-los-casos-de-ninos-infectados-por-covid-19\/\"},\"wordCount\":377,\"commentCount\":0,\"publisher\":{\"@id\":\"https:\/\/noti-america.com\/site\/ecuador\/#organization\"},\"image\":{\"@id\":\"https:\/\/noti-america.com\/site\/ecuador\/2022\/01\/19\/de-402-positivos-paso-1-387-los-casos-de-ninos-infectados-por-covid-19\/#primaryimage\"},\"thumbnailUrl\":\"https:\/\/noti-america.com\/site\/ecuador\/wp-content\/uploads\/sites\/18\/2022\/01\/19-ene-nino1.jpg\",\"articleSection\":[\"Actualidad\"],\"inLanguage\":\"es\",\"potentialAction\":[{\"@type\":\"CommentAction\",\"name\":\"Comment\",\"target\":[\"https:\/\/noti-america.com\/site\/ecuador\/2022\/01\/19\/de-402-positivos-paso-1-387-los-casos-de-ninos-infectados-por-covid-19\/#respond\"]}]},{\"@type\":\"WebPage\",\"@id\":\"https:\/\/noti-america.com\/site\/ecuador\/2022\/01\/19\/de-402-positivos-paso-1-387-los-casos-de-ninos-infectados-por-covid-19\/\",\"url\":\"https:\/\/noti-america.com\/site\/ecuador\/2022\/01\/19\/de-402-positivos-paso-1-387-los-casos-de-ninos-infectados-por-covid-19\/\",\"name\":\"De 402 positivos pas\u00f3 1.387 los casos de ni\u00f1os infectados por Covid-19 - Ecuador | Noti-America.com\",\"isPartOf\":{\"@id\":\"https:\/\/noti-america.com\/site\/ecuador\/#website\"},\"primaryImageOfPage\":{\"@id\":\"https:\/\/noti-america.com\/site\/ecuador\/2022\/01\/19\/de-402-positivos-paso-1-387-los-casos-de-ninos-infectados-por-covid-19\/#primaryimage\"},\"image\":{\"@id\":\"https:\/\/noti-america.com\/site\/ecuador\/2022\/01\/19\/de-402-positivos-paso-1-387-los-casos-de-ninos-infectados-por-covid-19\/#primaryimage\"},\"thumbnailUrl\":\"https:\/\/noti-america.com\/site\/ecuador\/wp-content\/uploads\/sites\/18\/2022\/01\/19-ene-nino1.jpg\",\"datePublished\":\"2022-01-19T16:15:07+00:00\",\"breadcrumb\":{\"@id\":\"https:\/\/noti-america.com\/site\/ecuador\/2022\/01\/19\/de-402-positivos-paso-1-387-los-casos-de-ninos-infectados-por-covid-19\/#breadcrumb\"},\"inLanguage\":\"es\",\"potentialAction\":[{\"@type\":\"ReadAction\",\"target\":[\"https:\/\/noti-america.com\/site\/ecuador\/2022\/01\/19\/de-402-positivos-paso-1-387-los-casos-de-ninos-infectados-por-covid-19\/\"]}]},{\"@type\":\"ImageObject\",\"inLanguage\":\"es\",\"@id\":\"https:\/\/noti-america.com\/site\/ecuador\/2022\/01\/19\/de-402-positivos-paso-1-387-los-casos-de-ninos-infectados-por-covid-19\/#primaryimage\",\"url\":\"https:\/\/noti-america.com\/site\/ecuador\/wp-content\/uploads\/sites\/18\/2022\/01\/19-ene-nino1.jpg\",\"contentUrl\":\"https:\/\/noti-america.com\/site\/ecuador\/wp-content\/uploads\/sites\/18\/2022\/01\/19-ene-nino1.jpg\",\"width\":800,\"height\":450},{\"@type\":\"BreadcrumbList\",\"@id\":\"https:\/\/noti-america.com\/site\/ecuador\/2022\/01\/19\/de-402-positivos-paso-1-387-los-casos-de-ninos-infectados-por-covid-19\/#breadcrumb\",\"itemListElement\":[{\"@type\":\"ListItem\",\"position\":1,\"name\":\"Portada\",\"item\":\"https:\/\/noti-america.com\/site\/ecuador\/\"},{\"@type\":\"ListItem\",\"position\":2,\"name\":\"De 402 positivos pas\u00f3 1.387 los casos de ni\u00f1os infectados por Covid-19\"}]},{\"@type\":\"WebSite\",\"@id\":\"https:\/\/noti-america.com\/site\/ecuador\/#website\",\"url\":\"https:\/\/noti-america.com\/site\/ecuador\/\",\"name\":\"Ecuador | Noti-America.com\",\"description\":\"\",\"publisher\":{\"@id\":\"https:\/\/noti-america.com\/site\/ecuador\/#organization\"},\"potentialAction\":[{\"@type\":\"SearchAction\",\"target\":{\"@type\":\"EntryPoint\",\"urlTemplate\":\"https:\/\/noti-america.com\/site\/ecuador\/?s={search_term_string}\"},\"query-input\":{\"@type\":\"PropertyValueSpecification\",\"valueRequired\":true,\"valueName\":\"search_term_string\"}}],\"inLanguage\":\"es\"},{\"@type\":\"Organization\",\"@id\":\"https:\/\/noti-america.com\/site\/ecuador\/#organization\",\"name\":\"Noti-America LLC | Ecuador\",\"url\":\"https:\/\/noti-america.com\/site\/ecuador\/\",\"logo\":{\"@type\":\"ImageObject\",\"inLanguage\":\"es\",\"@id\":\"https:\/\/noti-america.com\/site\/ecuador\/#\/schema\/logo\/image\/\",\"url\":\"https:\/\/noti-america.com\/site\/ecuador\/wp-content\/uploads\/sites\/18\/2020\/07\/LogoNA-4x3-1.jpg\",\"contentUrl\":\"https:\/\/noti-america.com\/site\/ecuador\/wp-content\/uploads\/sites\/18\/2020\/07\/LogoNA-4x3-1.jpg\",\"width\":1236,\"height\":1080,\"caption\":\"Noti-America LLC | Ecuador\"},\"image\":{\"@id\":\"https:\/\/noti-america.com\/site\/ecuador\/#\/schema\/logo\/image\/\"},\"sameAs\":[\"https:\/\/x.com\/notiamerica\"]},{\"@type\":\"Person\",\"@id\":\"https:\/\/noti-america.com\/site\/ecuador\/#\/schema\/person\/b9d1630cc6598af759d45c790a347283\",\"name\":\"Henry Ortiz\",\"image\":{\"@type\":\"ImageObject\",\"inLanguage\":\"es\",\"@id\":\"https:\/\/secure.gravatar.com\/avatar\/0b5407b5b302fbb6a578e625dca512ac2983ee5fa9ea941d581b83c40212e4c8?s=96&d=mm&r=g\",\"url\":\"https:\/\/secure.gravatar.com\/avatar\/0b5407b5b302fbb6a578e625dca512ac2983ee5fa9ea941d581b83c40212e4c8?s=96&d=mm&r=g\",\"contentUrl\":\"https:\/\/secure.gravatar.com\/avatar\/0b5407b5b302fbb6a578e625dca512ac2983ee5fa9ea941d581b83c40212e4c8?s=96&d=mm&r=g\",\"caption\":\"Henry Ortiz\"},\"url\":\"https:\/\/noti-america.com\/site\/ecuador\/author\/hortiz\/\"}]}<\/script>\n<!-- \/ Yoast SEO Premium plugin. -->","yoast_head_json":{"title":"De 402 positivos pas\u00f3 1.387 los casos de ni\u00f1os infectados por Covid-19 - Ecuador | Noti-America.com","robots":{"index":"index","follow":"follow","max-snippet":"max-snippet:-1","max-image-preview":"max-image-preview:large","max-video-preview":"max-video-preview:-1"},"canonical":"https:\/\/noti-america.com\/site\/ecuador\/2022\/01\/19\/de-402-positivos-paso-1-387-los-casos-de-ninos-infectados-por-covid-19\/","og_locale":"es_ES","og_type":"article","og_title":"De 402 positivos pas\u00f3 1.387 los casos de ni\u00f1os infectados por Covid-19","og_description":"REDACCI\u00d3N NOTI AM\u00c9RICA (ECUADOR) En Ecuador, el n\u00famero de contagios aument\u00f3 en la poblaci\u00f3n de ni\u00f1os, ni\u00f1as y adolescentes, en las primeras semanas de enero de 2022. En el rango de 0 a 9&#46;&#46;&#46;","og_url":"https:\/\/noti-america.com\/site\/ecuador\/2022\/01\/19\/de-402-positivos-paso-1-387-los-casos-de-ninos-infectados-por-covid-19\/","og_site_name":"Ecuador | Noti-America.com","article_published_time":"2022-01-19T16:15:07+00:00","og_image":[{"width":800,"height":450,"url":"https:\/\/noti-america.com\/site\/ecuador\/wp-content\/uploads\/sites\/18\/2022\/01\/19-ene-nino1.jpg","type":"image\/jpeg"}],"author":"Henry Ortiz","twitter_card":"summary_large_image","twitter_creator":"@notiamerica","twitter_site":"@notiamerica","twitter_misc":{"Escrito por":"Henry Ortiz","Tiempo estimado de lectura":"2 minutos"},"schema":{"@context":"https:\/\/schema.org","@graph":[{"@type":"Article","@id":"https:\/\/noti-america.com\/site\/ecuador\/2022\/01\/19\/de-402-positivos-paso-1-387-los-casos-de-ninos-infectados-por-covid-19\/#article","isPartOf":{"@id":"https:\/\/noti-america.com\/site\/ecuador\/2022\/01\/19\/de-402-positivos-paso-1-387-los-casos-de-ninos-infectados-por-covid-19\/"},"author":{"name":"Henry Ortiz","@id":"https:\/\/noti-america.com\/site\/ecuador\/#\/schema\/person\/b9d1630cc6598af759d45c790a347283"},"headline":"De 402 positivos pas\u00f3 1.387 los casos de ni\u00f1os infectados por Covid-19","datePublished":"2022-01-19T16:15:07+00:00","mainEntityOfPage":{"@id":"https:\/\/noti-america.com\/site\/ecuador\/2022\/01\/19\/de-402-positivos-paso-1-387-los-casos-de-ninos-infectados-por-covid-19\/"},"wordCount":377,"commentCount":0,"publisher":{"@id":"https:\/\/noti-america.com\/site\/ecuador\/#organization"},"image":{"@id":"https:\/\/noti-america.com\/site\/ecuador\/2022\/01\/19\/de-402-positivos-paso-1-387-los-casos-de-ninos-infectados-por-covid-19\/#primaryimage"},"thumbnailUrl":"https:\/\/noti-america.com\/site\/ecuador\/wp-content\/uploads\/sites\/18\/2022\/01\/19-ene-nino1.jpg","articleSection":["Actualidad"],"inLanguage":"es","potentialAction":[{"@type":"CommentAction","name":"Comment","target":["https:\/\/noti-america.com\/site\/ecuador\/2022\/01\/19\/de-402-positivos-paso-1-387-los-casos-de-ninos-infectados-por-covid-19\/#respond"]}]},{"@type":"WebPage","@id":"https:\/\/noti-america.com\/site\/ecuador\/2022\/01\/19\/de-402-positivos-paso-1-387-los-casos-de-ninos-infectados-por-covid-19\/","url":"https:\/\/noti-america.com\/site\/ecuador\/2022\/01\/19\/de-402-positivos-paso-1-387-los-casos-de-ninos-infectados-por-covid-19\/","name":"De 402 positivos pas\u00f3 1.387 los casos de ni\u00f1os infectados por Covid-19 - Ecuador | Noti-America.com","isPartOf":{"@id":"https:\/\/noti-america.com\/site\/ecuador\/#website"},"primaryImageOfPage":{"@id":"https:\/\/noti-america.com\/site\/ecuador\/2022\/01\/19\/de-402-positivos-paso-1-387-los-casos-de-ninos-infectados-por-covid-19\/#primaryimage"},"image":{"@id":"https:\/\/noti-america.com\/site\/ecuador\/2022\/01\/19\/de-402-positivos-paso-1-387-los-casos-de-ninos-infectados-por-covid-19\/#primaryimage"},"thumbnailUrl":"https:\/\/noti-america.com\/site\/ecuador\/wp-content\/uploads\/sites\/18\/2022\/01\/19-ene-nino1.jpg","datePublished":"2022-01-19T16:15:07+00:00","breadcrumb":{"@id":"https:\/\/noti-america.com\/site\/ecuador\/2022\/01\/19\/de-402-positivos-paso-1-387-los-casos-de-ninos-infectados-por-covid-19\/#breadcrumb"},"inLanguage":"es","potentialAction":[{"@type":"ReadAction","target":["https:\/\/noti-america.com\/site\/ecuador\/2022\/01\/19\/de-402-positivos-paso-1-387-los-casos-de-ninos-infectados-por-covid-19\/"]}]},{"@type":"ImageObject","inLanguage":"es","@id":"https:\/\/noti-america.com\/site\/ecuador\/2022\/01\/19\/de-402-positivos-paso-1-387-los-casos-de-ninos-infectados-por-covid-19\/#primaryimage","url":"https:\/\/noti-america.com\/site\/ecuador\/wp-content\/uploads\/sites\/18\/2022\/01\/19-ene-nino1.jpg","contentUrl":"https:\/\/noti-america.com\/site\/ecuador\/wp-content\/uploads\/sites\/18\/2022\/01\/19-ene-nino1.jpg","width":800,"height":450},{"@type":"BreadcrumbList","@id":"https:\/\/noti-america.com\/site\/ecuador\/2022\/01\/19\/de-402-positivos-paso-1-387-los-casos-de-ninos-infectados-por-covid-19\/#breadcrumb","itemListElement":[{"@type":"ListItem","position":1,"name":"Portada","item":"https:\/\/noti-america.com\/site\/ecuador\/"},{"@type":"ListItem","position":2,"name":"De 402 positivos pas\u00f3 1.387 los casos de ni\u00f1os infectados por Covid-19"}]},{"@type":"WebSite","@id":"https:\/\/noti-america.com\/site\/ecuador\/#website","url":"https:\/\/noti-america.com\/site\/ecuador\/","name":"Ecuador | Noti-America.com","description":"","publisher":{"@id":"https:\/\/noti-america.com\/site\/ecuador\/#organization"},"potentialAction":[{"@type":"SearchAction","target":{"@type":"EntryPoint","urlTemplate":"https:\/\/noti-america.com\/site\/ecuador\/?s={search_term_string}"},"query-input":{"@type":"PropertyValueSpecification","valueRequired":true,"valueName":"search_term_string"}}],"inLanguage":"es"},{"@type":"Organization","@id":"https:\/\/noti-america.com\/site\/ecuador\/#organization","name":"Noti-America LLC | Ecuador","url":"https:\/\/noti-america.com\/site\/ecuador\/","logo":{"@type":"ImageObject","inLanguage":"es","@id":"https:\/\/noti-america.com\/site\/ecuador\/#\/schema\/logo\/image\/","url":"https:\/\/noti-america.com\/site\/ecuador\/wp-content\/uploads\/sites\/18\/2020\/07\/LogoNA-4x3-1.jpg","contentUrl":"https:\/\/noti-america.com\/site\/ecuador\/wp-content\/uploads\/sites\/18\/2020\/07\/LogoNA-4x3-1.jpg","width":1236,"height":1080,"caption":"Noti-America LLC | Ecuador"},"image":{"@id":"https:\/\/noti-america.com\/site\/ecuador\/#\/schema\/logo\/image\/"},"sameAs":["https:\/\/x.com\/notiamerica"]},{"@type":"Person","@id":"https:\/\/noti-america.com\/site\/ecuador\/#\/schema\/person\/b9d1630cc6598af759d45c790a347283","name":"Henry Ortiz","image":{"@type":"ImageObject","inLanguage":"es","@id":"https:\/\/secure.gravatar.com\/avatar\/0b5407b5b302fbb6a578e625dca512ac2983ee5fa9ea941d581b83c40212e4c8?s=96&d=mm&r=g","url":"https:\/\/secure.gravatar.com\/avatar\/0b5407b5b302fbb6a578e625dca512ac2983ee5fa9ea941d581b83c40212e4c8?s=96&d=mm&r=g","contentUrl":"https:\/\/secure.gravatar.com\/avatar\/0b5407b5b302fbb6a578e625dca512ac2983ee5fa9ea941d581b83c40212e4c8?s=96&d=mm&r=g","caption":"Henry Ortiz"},"url":"https:\/\/noti-america.com\/site\/ecuador\/author\/hortiz\/"}]}},"_links":{"self":[{"href":"https:\/\/noti-america.com\/site\/ecuador\/wp-json\/wp\/v2\/posts\/18028","targetHints":{"allow":["GET"]}}],"collection":[{"href":"https:\/\/noti-america.com\/site\/ecuador\/wp-json\/wp\/v2\/posts"}],"about":[{"href":"https:\/\/noti-america.com\/site\/ecuador\/wp-json\/wp\/v2\/types\/post"}],"author":[{"embeddable":true,"href":"https:\/\/noti-america.com\/site\/ecuador\/wp-json\/wp\/v2\/users\/113"}],"replies":[{"embeddable":true,"href":"https:\/\/noti-america.com\/site\/ecuador\/wp-json\/wp\/v2\/comments?post=18028"}],"version-history":[{"count":1,"href":"https:\/\/noti-america.com\/site\/ecuador\/wp-json\/wp\/v2\/posts\/18028\/revisions"}],"predecessor-version":[{"id":18030,"href":"https:\/\/noti-america.com\/site\/ecuador\/wp-json\/wp\/v2\/posts\/18028\/revisions\/18030"}],"wp:featuredmedia":[{"embeddable":true,"href":"https:\/\/noti-america.com\/site\/ecuador\/wp-json\/wp\/v2\/media\/18029"}],"wp:attachment":[{"href":"https:\/\/noti-america.com\/site\/ecuador\/wp-json\/wp\/v2\/media?parent=18028"}],"wp:term":[{"taxonomy":"category","embeddable":true,"href":"https:\/\/noti-america.com\/site\/ecuador\/wp-json\/wp\/v2\/categories?post=18028"},{"taxonomy":"post_tag","embeddable":true,"href":"https:\/\/noti-america.com\/site\/ecuador\/wp-json\/wp\/v2\/tags?post=18028"}],"curies":[{"name":"wp","href":"https:\/\/api.w.org\/{rel}","templated":true}]}}