{"id":17983,"date":"2022-01-15T14:08:46","date_gmt":"2022-01-15T14:08:46","guid":{"rendered":"https:\/\/noti-america.com\/site\/ecuador\/?p=17983"},"modified":"2022-01-15T14:08:46","modified_gmt":"2022-01-15T14:08:46","slug":"4-653-certificados-medicos-fueron-validados-en-centro-del-iess-de-la-cdla-bolivariana","status":"publish","type":"post","link":"https:\/\/noti-america.com\/site\/ecuador\/2022\/01\/15\/4-653-certificados-medicos-fueron-validados-en-centro-del-iess-de-la-cdla-bolivariana\/","title":{"rendered":"4.653 certificados m\u00e9dicos fueron validados en centro del IESS de la Cdla. Bolivariana"},"content":{"rendered":"<p style=\"text-align: justify\"><strong>REDACCI\u00d3N NOTI AM\u00c9RICA (ECUADOR)<\/strong><\/p>\n<div id=\"attachment_17984\" style=\"width: 630px\" class=\"wp-caption alignleft\"><img loading=\"lazy\" decoding=\"async\" aria-describedby=\"caption-attachment-17984\" class=\"wp-image-17984\" src=\"https:\/\/noti-america.com\/site\/ecuador\/wp-content\/uploads\/sites\/18\/2022\/01\/WhatsApp-Image-2022-01-14-at-7.56.58-PM-300x225.jpeg\" alt=\"\" width=\"620\" height=\"465\" srcset=\"https:\/\/noti-america.com\/site\/ecuador\/wp-content\/uploads\/sites\/18\/2022\/01\/WhatsApp-Image-2022-01-14-at-7.56.58-PM-300x225.jpeg 300w, https:\/\/noti-america.com\/site\/ecuador\/wp-content\/uploads\/sites\/18\/2022\/01\/WhatsApp-Image-2022-01-14-at-7.56.58-PM-1024x769.jpeg 1024w, https:\/\/noti-america.com\/site\/ecuador\/wp-content\/uploads\/sites\/18\/2022\/01\/WhatsApp-Image-2022-01-14-at-7.56.58-PM-768x577.jpeg 768w, https:\/\/noti-america.com\/site\/ecuador\/wp-content\/uploads\/sites\/18\/2022\/01\/WhatsApp-Image-2022-01-14-at-7.56.58-PM.jpeg 1156w\" sizes=\"auto, (max-width: 620px) 100vw, 620px\" \/><p id=\"caption-attachment-17984\" class=\"wp-caption-text\">Se cuenta con 5 m\u00f3dulos de atenci\u00f3n.<\/p><\/div>\n<p style=\"text-align: justify\">En la primera semana de funcionamiento del Centro de Atenci\u00f3n del Adulto Mayor (CAAM) de la ciudadela Bolivariana (Norte de Guayaquil) del IESS, se receptaron 4.653 solicitudes de validaci\u00f3n de certificados m\u00e9dicos particulares.<\/p>\n<p style=\"text-align: justify\">Este punto de atenci\u00f3n se abri\u00f3 con el fin de descongestionar otras agencias.<\/p>\n<p style=\"text-align: justify\">As\u00ed lo anunci\u00f3 un vocero del IESS, quien revel\u00f3 que un aproximado de 1.050 personas al d\u00eda, entre pacientes y\/o representantes, acudi\u00f3 al punto de atenci\u00f3n para la entrega de la documentaci\u00f3n correspondiente. Luego de la revisi\u00f3n y recepci\u00f3n de la solicitud por parte de personal de Subsidios, en un lapso de 10 d\u00edas laborables, el certificado podr\u00e1 ser descargado por el afiliado en la p\u00e1gina web <a href=\"http:\/\/www.iess.gob.ec\">www.iess.gob.ec<\/a>.<\/p>\n<p style=\"text-align: justify\">\u00abSolo en caso que el reposo m\u00e9dico sea por cuatro d\u00edas o m\u00e1s el tr\u00e1mite es presencial, caso contrario, es decir, con descanso de uno a tres d\u00edas, la revalidaci\u00f3n del documento es virtual, en la p\u00e1gina institucional\u00bb, dijo.<\/p>\n<p style=\"text-align: justify\">Para realizar este proceso no es necesaria la presencia del paciente. Puede hacerlo un familiar, hasta 8 d\u00edas despu\u00e9s de concluido el reposo.<\/p>\n<p style=\"text-align: justify\">El\u00a0 horario de atenci\u00f3n del CAAM La Bolivariana, es de lunes a viernes, de 8h00 a 17h00.<\/p>\n<p style=\"text-align: justify\">Cabe indicar que, con el prop\u00f3sito de garantizar la salud y seguridad de los asistentes, en esta agencia se cuenta con un \u00e1rea diferenciada para atenci\u00f3n a personas con sintomatolog\u00eda respiratoria o con diagn\u00f3stico de COVID-19.<\/p>\n<p>\u00a0 \u00a0 \u00a0 \u00a0 \u00a0 \u00a0<strong>Datos<\/strong><\/p>\n<ul>\n<li style=\"text-align: justify\"><\/li>\n<li>Del total de certificados m\u00e9dicos privados receptados en la presente semana, en el CAAM La Bolivariana, el 90% son por diagn\u00f3stico de COVID-19.<\/li>\n<li style=\"text-align: justify\">De uno a tres minutos es el tiempo aproximado de atenci\u00f3n por usuario.<\/li>\n<li style=\"text-align: justify\">Se cuenta con 5 m\u00f3dulos de atenci\u00f3n, 1 de ellos est\u00e1 destinado a la atenci\u00f3n prioritaria de personas de grupos vulnerables.<\/li>\n<\/ul>\n","protected":false},"excerpt":{"rendered":"<p>REDACCI\u00d3N NOTI AM\u00c9RICA (ECUADOR) En la primera semana de funcionamiento del Centro de Atenci\u00f3n del Adulto Mayor (CAAM) de la ciudadela Bolivariana (Norte de Guayaquil) del IESS, se receptaron 4.653 solicitudes de validaci\u00f3n de&#46;&#46;&#46;<\/p>\n","protected":false},"author":113,"featured_media":17984,"comment_status":"open","ping_status":"open","sticky":false,"template":"","format":"standard","meta":{"_acf_changed":false,"om_disable_all_campaigns":false,"rop_custom_images_group":[],"rop_custom_messages_group":[],"rop_publish_now":"initial","rop_publish_now_accounts":{"twitter_242054905_242054905":""},"rop_publish_now_history":[],"rop_publish_now_status":"pending","_uf_show_specific_survey":0,"_uf_disable_surveys":false,"footnotes":""},"categories":[42],"tags":[],"class_list":["post-17983","post","type-post","status-publish","format-standard","has-post-thumbnail","hentry","category-noticias"],"acf":[],"aioseo_notices":[],"yoast_head":"<!-- This site is optimized with the Yoast SEO Premium plugin v24.9 (Yoast SEO v27.2) - https:\/\/yoast.com\/product\/yoast-seo-premium-wordpress\/ -->\n<title>4.653 certificados m\u00e9dicos fueron validados en centro del IESS de la Cdla. Bolivariana - Ecuador | Noti-America.com<\/title>\n<meta name=\"robots\" content=\"index, follow, max-snippet:-1, max-image-preview:large, max-video-preview:-1\" \/>\n<link rel=\"canonical\" href=\"https:\/\/noti-america.com\/site\/ecuador\/2022\/01\/15\/4-653-certificados-medicos-fueron-validados-en-centro-del-iess-de-la-cdla-bolivariana\/\" \/>\n<meta property=\"og:locale\" content=\"es_ES\" \/>\n<meta property=\"og:type\" content=\"article\" \/>\n<meta property=\"og:title\" content=\"4.653 certificados m\u00e9dicos fueron validados en centro del IESS de la Cdla. Bolivariana\" \/>\n<meta property=\"og:description\" content=\"REDACCI\u00d3N NOTI AM\u00c9RICA (ECUADOR) En la primera semana de funcionamiento del Centro de Atenci\u00f3n del Adulto Mayor (CAAM) de la ciudadela Bolivariana (Norte de Guayaquil) del IESS, se receptaron 4.653 solicitudes de validaci\u00f3n de&#046;&#046;&#046;\" \/>\n<meta property=\"og:url\" content=\"https:\/\/noti-america.com\/site\/ecuador\/2022\/01\/15\/4-653-certificados-medicos-fueron-validados-en-centro-del-iess-de-la-cdla-bolivariana\/\" \/>\n<meta property=\"og:site_name\" content=\"Ecuador | Noti-America.com\" \/>\n<meta property=\"article:published_time\" content=\"2022-01-15T14:08:46+00:00\" \/>\n<meta property=\"og:image\" content=\"https:\/\/noti-america.com\/site\/ecuador\/wp-content\/uploads\/sites\/18\/2022\/01\/WhatsApp-Image-2022-01-14-at-7.56.58-PM.jpeg\" \/>\n\t<meta property=\"og:image:width\" content=\"1156\" \/>\n\t<meta property=\"og:image:height\" content=\"868\" \/>\n\t<meta property=\"og:image:type\" content=\"image\/jpeg\" \/>\n<meta name=\"author\" content=\"Henry Ortiz\" \/>\n<meta name=\"twitter:card\" content=\"summary_large_image\" \/>\n<meta name=\"twitter:creator\" content=\"@notiamerica\" \/>\n<meta name=\"twitter:site\" content=\"@notiamerica\" \/>\n<meta name=\"twitter:label1\" content=\"Escrito por\" \/>\n\t<meta name=\"twitter:data1\" content=\"Henry Ortiz\" \/>\n\t<meta name=\"twitter:label2\" content=\"Tiempo estimado de lectura\" \/>\n\t<meta name=\"twitter:data2\" content=\"2 minutos\" \/>\n<script type=\"application\/ld+json\" class=\"yoast-schema-graph\">{\"@context\":\"https:\/\/schema.org\",\"@graph\":[{\"@type\":\"Article\",\"@id\":\"https:\/\/noti-america.com\/site\/ecuador\/2022\/01\/15\/4-653-certificados-medicos-fueron-validados-en-centro-del-iess-de-la-cdla-bolivariana\/#article\",\"isPartOf\":{\"@id\":\"https:\/\/noti-america.com\/site\/ecuador\/2022\/01\/15\/4-653-certificados-medicos-fueron-validados-en-centro-del-iess-de-la-cdla-bolivariana\/\"},\"author\":{\"name\":\"Henry Ortiz\",\"@id\":\"https:\/\/noti-america.com\/site\/ecuador\/#\/schema\/person\/b9d1630cc6598af759d45c790a347283\"},\"headline\":\"4.653 certificados m\u00e9dicos fueron validados en centro del IESS de la Cdla. Bolivariana\",\"datePublished\":\"2022-01-15T14:08:46+00:00\",\"mainEntityOfPage\":{\"@id\":\"https:\/\/noti-america.com\/site\/ecuador\/2022\/01\/15\/4-653-certificados-medicos-fueron-validados-en-centro-del-iess-de-la-cdla-bolivariana\/\"},\"wordCount\":349,\"commentCount\":0,\"publisher\":{\"@id\":\"https:\/\/noti-america.com\/site\/ecuador\/#organization\"},\"image\":{\"@id\":\"https:\/\/noti-america.com\/site\/ecuador\/2022\/01\/15\/4-653-certificados-medicos-fueron-validados-en-centro-del-iess-de-la-cdla-bolivariana\/#primaryimage\"},\"thumbnailUrl\":\"https:\/\/noti-america.com\/site\/ecuador\/wp-content\/uploads\/sites\/18\/2022\/01\/WhatsApp-Image-2022-01-14-at-7.56.58-PM.jpeg\",\"articleSection\":[\"Noticias\"],\"inLanguage\":\"es\",\"potentialAction\":[{\"@type\":\"CommentAction\",\"name\":\"Comment\",\"target\":[\"https:\/\/noti-america.com\/site\/ecuador\/2022\/01\/15\/4-653-certificados-medicos-fueron-validados-en-centro-del-iess-de-la-cdla-bolivariana\/#respond\"]}]},{\"@type\":\"WebPage\",\"@id\":\"https:\/\/noti-america.com\/site\/ecuador\/2022\/01\/15\/4-653-certificados-medicos-fueron-validados-en-centro-del-iess-de-la-cdla-bolivariana\/\",\"url\":\"https:\/\/noti-america.com\/site\/ecuador\/2022\/01\/15\/4-653-certificados-medicos-fueron-validados-en-centro-del-iess-de-la-cdla-bolivariana\/\",\"name\":\"4.653 certificados m\u00e9dicos fueron validados en centro del IESS de la Cdla. Bolivariana - Ecuador | Noti-America.com\",\"isPartOf\":{\"@id\":\"https:\/\/noti-america.com\/site\/ecuador\/#website\"},\"primaryImageOfPage\":{\"@id\":\"https:\/\/noti-america.com\/site\/ecuador\/2022\/01\/15\/4-653-certificados-medicos-fueron-validados-en-centro-del-iess-de-la-cdla-bolivariana\/#primaryimage\"},\"image\":{\"@id\":\"https:\/\/noti-america.com\/site\/ecuador\/2022\/01\/15\/4-653-certificados-medicos-fueron-validados-en-centro-del-iess-de-la-cdla-bolivariana\/#primaryimage\"},\"thumbnailUrl\":\"https:\/\/noti-america.com\/site\/ecuador\/wp-content\/uploads\/sites\/18\/2022\/01\/WhatsApp-Image-2022-01-14-at-7.56.58-PM.jpeg\",\"datePublished\":\"2022-01-15T14:08:46+00:00\",\"breadcrumb\":{\"@id\":\"https:\/\/noti-america.com\/site\/ecuador\/2022\/01\/15\/4-653-certificados-medicos-fueron-validados-en-centro-del-iess-de-la-cdla-bolivariana\/#breadcrumb\"},\"inLanguage\":\"es\",\"potentialAction\":[{\"@type\":\"ReadAction\",\"target\":[\"https:\/\/noti-america.com\/site\/ecuador\/2022\/01\/15\/4-653-certificados-medicos-fueron-validados-en-centro-del-iess-de-la-cdla-bolivariana\/\"]}]},{\"@type\":\"ImageObject\",\"inLanguage\":\"es\",\"@id\":\"https:\/\/noti-america.com\/site\/ecuador\/2022\/01\/15\/4-653-certificados-medicos-fueron-validados-en-centro-del-iess-de-la-cdla-bolivariana\/#primaryimage\",\"url\":\"https:\/\/noti-america.com\/site\/ecuador\/wp-content\/uploads\/sites\/18\/2022\/01\/WhatsApp-Image-2022-01-14-at-7.56.58-PM.jpeg\",\"contentUrl\":\"https:\/\/noti-america.com\/site\/ecuador\/wp-content\/uploads\/sites\/18\/2022\/01\/WhatsApp-Image-2022-01-14-at-7.56.58-PM.jpeg\",\"width\":1156,\"height\":868},{\"@type\":\"BreadcrumbList\",\"@id\":\"https:\/\/noti-america.com\/site\/ecuador\/2022\/01\/15\/4-653-certificados-medicos-fueron-validados-en-centro-del-iess-de-la-cdla-bolivariana\/#breadcrumb\",\"itemListElement\":[{\"@type\":\"ListItem\",\"position\":1,\"name\":\"Portada\",\"item\":\"https:\/\/noti-america.com\/site\/ecuador\/\"},{\"@type\":\"ListItem\",\"position\":2,\"name\":\"4.653 certificados m\u00e9dicos fueron validados en centro del IESS de la Cdla. Bolivariana\"}]},{\"@type\":\"WebSite\",\"@id\":\"https:\/\/noti-america.com\/site\/ecuador\/#website\",\"url\":\"https:\/\/noti-america.com\/site\/ecuador\/\",\"name\":\"Ecuador | Noti-America.com\",\"description\":\"\",\"publisher\":{\"@id\":\"https:\/\/noti-america.com\/site\/ecuador\/#organization\"},\"potentialAction\":[{\"@type\":\"SearchAction\",\"target\":{\"@type\":\"EntryPoint\",\"urlTemplate\":\"https:\/\/noti-america.com\/site\/ecuador\/?s={search_term_string}\"},\"query-input\":{\"@type\":\"PropertyValueSpecification\",\"valueRequired\":true,\"valueName\":\"search_term_string\"}}],\"inLanguage\":\"es\"},{\"@type\":\"Organization\",\"@id\":\"https:\/\/noti-america.com\/site\/ecuador\/#organization\",\"name\":\"Noti-America LLC | Ecuador\",\"url\":\"https:\/\/noti-america.com\/site\/ecuador\/\",\"logo\":{\"@type\":\"ImageObject\",\"inLanguage\":\"es\",\"@id\":\"https:\/\/noti-america.com\/site\/ecuador\/#\/schema\/logo\/image\/\",\"url\":\"https:\/\/noti-america.com\/site\/ecuador\/wp-content\/uploads\/sites\/18\/2020\/07\/LogoNA-4x3-1.jpg\",\"contentUrl\":\"https:\/\/noti-america.com\/site\/ecuador\/wp-content\/uploads\/sites\/18\/2020\/07\/LogoNA-4x3-1.jpg\",\"width\":1236,\"height\":1080,\"caption\":\"Noti-America LLC | Ecuador\"},\"image\":{\"@id\":\"https:\/\/noti-america.com\/site\/ecuador\/#\/schema\/logo\/image\/\"},\"sameAs\":[\"https:\/\/x.com\/notiamerica\"]},{\"@type\":\"Person\",\"@id\":\"https:\/\/noti-america.com\/site\/ecuador\/#\/schema\/person\/b9d1630cc6598af759d45c790a347283\",\"name\":\"Henry Ortiz\",\"image\":{\"@type\":\"ImageObject\",\"inLanguage\":\"es\",\"@id\":\"https:\/\/secure.gravatar.com\/avatar\/0b5407b5b302fbb6a578e625dca512ac2983ee5fa9ea941d581b83c40212e4c8?s=96&d=mm&r=g\",\"url\":\"https:\/\/secure.gravatar.com\/avatar\/0b5407b5b302fbb6a578e625dca512ac2983ee5fa9ea941d581b83c40212e4c8?s=96&d=mm&r=g\",\"contentUrl\":\"https:\/\/secure.gravatar.com\/avatar\/0b5407b5b302fbb6a578e625dca512ac2983ee5fa9ea941d581b83c40212e4c8?s=96&d=mm&r=g\",\"caption\":\"Henry Ortiz\"},\"url\":\"https:\/\/noti-america.com\/site\/ecuador\/author\/hortiz\/\"}]}<\/script>\n<!-- \/ Yoast SEO Premium plugin. -->","yoast_head_json":{"title":"4.653 certificados m\u00e9dicos fueron validados en centro del IESS de la Cdla. Bolivariana - Ecuador | Noti-America.com","robots":{"index":"index","follow":"follow","max-snippet":"max-snippet:-1","max-image-preview":"max-image-preview:large","max-video-preview":"max-video-preview:-1"},"canonical":"https:\/\/noti-america.com\/site\/ecuador\/2022\/01\/15\/4-653-certificados-medicos-fueron-validados-en-centro-del-iess-de-la-cdla-bolivariana\/","og_locale":"es_ES","og_type":"article","og_title":"4.653 certificados m\u00e9dicos fueron validados en centro del IESS de la Cdla. Bolivariana","og_description":"REDACCI\u00d3N NOTI AM\u00c9RICA (ECUADOR) En la primera semana de funcionamiento del Centro de Atenci\u00f3n del Adulto Mayor (CAAM) de la ciudadela Bolivariana (Norte de Guayaquil) del IESS, se receptaron 4.653 solicitudes de validaci\u00f3n de&#46;&#46;&#46;","og_url":"https:\/\/noti-america.com\/site\/ecuador\/2022\/01\/15\/4-653-certificados-medicos-fueron-validados-en-centro-del-iess-de-la-cdla-bolivariana\/","og_site_name":"Ecuador | Noti-America.com","article_published_time":"2022-01-15T14:08:46+00:00","og_image":[{"width":1156,"height":868,"url":"https:\/\/noti-america.com\/site\/ecuador\/wp-content\/uploads\/sites\/18\/2022\/01\/WhatsApp-Image-2022-01-14-at-7.56.58-PM.jpeg","type":"image\/jpeg"}],"author":"Henry Ortiz","twitter_card":"summary_large_image","twitter_creator":"@notiamerica","twitter_site":"@notiamerica","twitter_misc":{"Escrito por":"Henry Ortiz","Tiempo estimado de lectura":"2 minutos"},"schema":{"@context":"https:\/\/schema.org","@graph":[{"@type":"Article","@id":"https:\/\/noti-america.com\/site\/ecuador\/2022\/01\/15\/4-653-certificados-medicos-fueron-validados-en-centro-del-iess-de-la-cdla-bolivariana\/#article","isPartOf":{"@id":"https:\/\/noti-america.com\/site\/ecuador\/2022\/01\/15\/4-653-certificados-medicos-fueron-validados-en-centro-del-iess-de-la-cdla-bolivariana\/"},"author":{"name":"Henry Ortiz","@id":"https:\/\/noti-america.com\/site\/ecuador\/#\/schema\/person\/b9d1630cc6598af759d45c790a347283"},"headline":"4.653 certificados m\u00e9dicos fueron validados en centro del IESS de la Cdla. Bolivariana","datePublished":"2022-01-15T14:08:46+00:00","mainEntityOfPage":{"@id":"https:\/\/noti-america.com\/site\/ecuador\/2022\/01\/15\/4-653-certificados-medicos-fueron-validados-en-centro-del-iess-de-la-cdla-bolivariana\/"},"wordCount":349,"commentCount":0,"publisher":{"@id":"https:\/\/noti-america.com\/site\/ecuador\/#organization"},"image":{"@id":"https:\/\/noti-america.com\/site\/ecuador\/2022\/01\/15\/4-653-certificados-medicos-fueron-validados-en-centro-del-iess-de-la-cdla-bolivariana\/#primaryimage"},"thumbnailUrl":"https:\/\/noti-america.com\/site\/ecuador\/wp-content\/uploads\/sites\/18\/2022\/01\/WhatsApp-Image-2022-01-14-at-7.56.58-PM.jpeg","articleSection":["Noticias"],"inLanguage":"es","potentialAction":[{"@type":"CommentAction","name":"Comment","target":["https:\/\/noti-america.com\/site\/ecuador\/2022\/01\/15\/4-653-certificados-medicos-fueron-validados-en-centro-del-iess-de-la-cdla-bolivariana\/#respond"]}]},{"@type":"WebPage","@id":"https:\/\/noti-america.com\/site\/ecuador\/2022\/01\/15\/4-653-certificados-medicos-fueron-validados-en-centro-del-iess-de-la-cdla-bolivariana\/","url":"https:\/\/noti-america.com\/site\/ecuador\/2022\/01\/15\/4-653-certificados-medicos-fueron-validados-en-centro-del-iess-de-la-cdla-bolivariana\/","name":"4.653 certificados m\u00e9dicos fueron validados en centro del IESS de la Cdla. Bolivariana - Ecuador | Noti-America.com","isPartOf":{"@id":"https:\/\/noti-america.com\/site\/ecuador\/#website"},"primaryImageOfPage":{"@id":"https:\/\/noti-america.com\/site\/ecuador\/2022\/01\/15\/4-653-certificados-medicos-fueron-validados-en-centro-del-iess-de-la-cdla-bolivariana\/#primaryimage"},"image":{"@id":"https:\/\/noti-america.com\/site\/ecuador\/2022\/01\/15\/4-653-certificados-medicos-fueron-validados-en-centro-del-iess-de-la-cdla-bolivariana\/#primaryimage"},"thumbnailUrl":"https:\/\/noti-america.com\/site\/ecuador\/wp-content\/uploads\/sites\/18\/2022\/01\/WhatsApp-Image-2022-01-14-at-7.56.58-PM.jpeg","datePublished":"2022-01-15T14:08:46+00:00","breadcrumb":{"@id":"https:\/\/noti-america.com\/site\/ecuador\/2022\/01\/15\/4-653-certificados-medicos-fueron-validados-en-centro-del-iess-de-la-cdla-bolivariana\/#breadcrumb"},"inLanguage":"es","potentialAction":[{"@type":"ReadAction","target":["https:\/\/noti-america.com\/site\/ecuador\/2022\/01\/15\/4-653-certificados-medicos-fueron-validados-en-centro-del-iess-de-la-cdla-bolivariana\/"]}]},{"@type":"ImageObject","inLanguage":"es","@id":"https:\/\/noti-america.com\/site\/ecuador\/2022\/01\/15\/4-653-certificados-medicos-fueron-validados-en-centro-del-iess-de-la-cdla-bolivariana\/#primaryimage","url":"https:\/\/noti-america.com\/site\/ecuador\/wp-content\/uploads\/sites\/18\/2022\/01\/WhatsApp-Image-2022-01-14-at-7.56.58-PM.jpeg","contentUrl":"https:\/\/noti-america.com\/site\/ecuador\/wp-content\/uploads\/sites\/18\/2022\/01\/WhatsApp-Image-2022-01-14-at-7.56.58-PM.jpeg","width":1156,"height":868},{"@type":"BreadcrumbList","@id":"https:\/\/noti-america.com\/site\/ecuador\/2022\/01\/15\/4-653-certificados-medicos-fueron-validados-en-centro-del-iess-de-la-cdla-bolivariana\/#breadcrumb","itemListElement":[{"@type":"ListItem","position":1,"name":"Portada","item":"https:\/\/noti-america.com\/site\/ecuador\/"},{"@type":"ListItem","position":2,"name":"4.653 certificados m\u00e9dicos fueron validados en centro del IESS de la Cdla. Bolivariana"}]},{"@type":"WebSite","@id":"https:\/\/noti-america.com\/site\/ecuador\/#website","url":"https:\/\/noti-america.com\/site\/ecuador\/","name":"Ecuador | Noti-America.com","description":"","publisher":{"@id":"https:\/\/noti-america.com\/site\/ecuador\/#organization"},"potentialAction":[{"@type":"SearchAction","target":{"@type":"EntryPoint","urlTemplate":"https:\/\/noti-america.com\/site\/ecuador\/?s={search_term_string}"},"query-input":{"@type":"PropertyValueSpecification","valueRequired":true,"valueName":"search_term_string"}}],"inLanguage":"es"},{"@type":"Organization","@id":"https:\/\/noti-america.com\/site\/ecuador\/#organization","name":"Noti-America LLC | Ecuador","url":"https:\/\/noti-america.com\/site\/ecuador\/","logo":{"@type":"ImageObject","inLanguage":"es","@id":"https:\/\/noti-america.com\/site\/ecuador\/#\/schema\/logo\/image\/","url":"https:\/\/noti-america.com\/site\/ecuador\/wp-content\/uploads\/sites\/18\/2020\/07\/LogoNA-4x3-1.jpg","contentUrl":"https:\/\/noti-america.com\/site\/ecuador\/wp-content\/uploads\/sites\/18\/2020\/07\/LogoNA-4x3-1.jpg","width":1236,"height":1080,"caption":"Noti-America LLC | Ecuador"},"image":{"@id":"https:\/\/noti-america.com\/site\/ecuador\/#\/schema\/logo\/image\/"},"sameAs":["https:\/\/x.com\/notiamerica"]},{"@type":"Person","@id":"https:\/\/noti-america.com\/site\/ecuador\/#\/schema\/person\/b9d1630cc6598af759d45c790a347283","name":"Henry Ortiz","image":{"@type":"ImageObject","inLanguage":"es","@id":"https:\/\/secure.gravatar.com\/avatar\/0b5407b5b302fbb6a578e625dca512ac2983ee5fa9ea941d581b83c40212e4c8?s=96&d=mm&r=g","url":"https:\/\/secure.gravatar.com\/avatar\/0b5407b5b302fbb6a578e625dca512ac2983ee5fa9ea941d581b83c40212e4c8?s=96&d=mm&r=g","contentUrl":"https:\/\/secure.gravatar.com\/avatar\/0b5407b5b302fbb6a578e625dca512ac2983ee5fa9ea941d581b83c40212e4c8?s=96&d=mm&r=g","caption":"Henry Ortiz"},"url":"https:\/\/noti-america.com\/site\/ecuador\/author\/hortiz\/"}]}},"_links":{"self":[{"href":"https:\/\/noti-america.com\/site\/ecuador\/wp-json\/wp\/v2\/posts\/17983","targetHints":{"allow":["GET"]}}],"collection":[{"href":"https:\/\/noti-america.com\/site\/ecuador\/wp-json\/wp\/v2\/posts"}],"about":[{"href":"https:\/\/noti-america.com\/site\/ecuador\/wp-json\/wp\/v2\/types\/post"}],"author":[{"embeddable":true,"href":"https:\/\/noti-america.com\/site\/ecuador\/wp-json\/wp\/v2\/users\/113"}],"replies":[{"embeddable":true,"href":"https:\/\/noti-america.com\/site\/ecuador\/wp-json\/wp\/v2\/comments?post=17983"}],"version-history":[{"count":1,"href":"https:\/\/noti-america.com\/site\/ecuador\/wp-json\/wp\/v2\/posts\/17983\/revisions"}],"predecessor-version":[{"id":17985,"href":"https:\/\/noti-america.com\/site\/ecuador\/wp-json\/wp\/v2\/posts\/17983\/revisions\/17985"}],"wp:featuredmedia":[{"embeddable":true,"href":"https:\/\/noti-america.com\/site\/ecuador\/wp-json\/wp\/v2\/media\/17984"}],"wp:attachment":[{"href":"https:\/\/noti-america.com\/site\/ecuador\/wp-json\/wp\/v2\/media?parent=17983"}],"wp:term":[{"taxonomy":"category","embeddable":true,"href":"https:\/\/noti-america.com\/site\/ecuador\/wp-json\/wp\/v2\/categories?post=17983"},{"taxonomy":"post_tag","embeddable":true,"href":"https:\/\/noti-america.com\/site\/ecuador\/wp-json\/wp\/v2\/tags?post=17983"}],"curies":[{"name":"wp","href":"https:\/\/api.w.org\/{rel}","templated":true}]}}