{"id":17975,"date":"2022-01-15T13:48:29","date_gmt":"2022-01-15T13:48:29","guid":{"rendered":"https:\/\/noti-america.com\/site\/ecuador\/?p=17975"},"modified":"2022-01-15T13:48:29","modified_gmt":"2022-01-15T13:48:29","slug":"fedenador-eligio-a-su-nuevo-directorio-para-el-2022-2026","status":"publish","type":"post","link":"https:\/\/noti-america.com\/site\/ecuador\/2022\/01\/15\/fedenador-eligio-a-su-nuevo-directorio-para-el-2022-2026\/","title":{"rendered":"FEDENADOR eligi\u00f3 a su nuevo Directorio para el 2022 &#8211; 2026"},"content":{"rendered":"<p style=\"text-align: justify\"><strong>REDACCI\u00d3N NOTI AM\u00c9RICA (ECUADOR)<\/strong><\/p>\n<div id=\"attachment_17976\" style=\"width: 609px\" class=\"wp-caption alignleft\"><img loading=\"lazy\" decoding=\"async\" aria-describedby=\"caption-attachment-17976\" class=\"wp-image-17976\" src=\"https:\/\/noti-america.com\/site\/ecuador\/wp-content\/uploads\/sites\/18\/2022\/01\/WhatsApp-Image-2022-01-14-at-1.53.19-PM-300x200.jpeg\" alt=\"\" width=\"599\" height=\"399\" srcset=\"https:\/\/noti-america.com\/site\/ecuador\/wp-content\/uploads\/sites\/18\/2022\/01\/WhatsApp-Image-2022-01-14-at-1.53.19-PM-300x200.jpeg 300w, https:\/\/noti-america.com\/site\/ecuador\/wp-content\/uploads\/sites\/18\/2022\/01\/WhatsApp-Image-2022-01-14-at-1.53.19-PM-1024x682.jpeg 1024w, https:\/\/noti-america.com\/site\/ecuador\/wp-content\/uploads\/sites\/18\/2022\/01\/WhatsApp-Image-2022-01-14-at-1.53.19-PM-768x512.jpeg 768w, https:\/\/noti-america.com\/site\/ecuador\/wp-content\/uploads\/sites\/18\/2022\/01\/WhatsApp-Image-2022-01-14-at-1.53.19-PM-272x182.jpeg 272w, https:\/\/noti-america.com\/site\/ecuador\/wp-content\/uploads\/sites\/18\/2022\/01\/WhatsApp-Image-2022-01-14-at-1.53.19-PM.jpeg 1280w\" sizes=\"auto, (max-width: 599px) 100vw, 599px\" \/><p id=\"caption-attachment-17976\" class=\"wp-caption-text\">Jos\u00e9 Ar\u00e9valo Santana fue reelecto presidente de Fedenador.<\/p><\/div>\n<p style=\"text-align: justify\">En el auditorio \u201cAlberto Spencer Herrera\u201d de la Federaci\u00f3n Deportiva Nacional del Ecuador (FEDENADOR) se desarroll\u00f3 la elecci\u00f3n de su Directiva, siendo reelecto como presidente Jos\u00e9 Ar\u00e9valo Santana, con una votaci\u00f3n un\u00e1nime de 19 votos &#8211;<\/p>\n<p style=\"text-align: justify\">Las elecciones se realizaron en cumplimiento a lo dispuesto en el art\u00edculo 18 de la Ley del Deporte, Educaci\u00f3n F\u00edsica y Recreaci\u00f3n, en concordancia a los art\u00edculos del art\u00edculo 19 y 20 del estatuto de Fedenador.<\/p>\n<p style=\"text-align: justify\">A Jos\u00e9 Ar\u00e9valo Santana lo acompa\u00f1aran como vicepresidentes: Frethman Gomezjurado (Imbabura) y\u00a0 Samuel Marines (Zamora Chinchipe); los vocales:\u00a0 Kevin Guaycha (Gal\u00e1pagos), Vinicio Ch\u00e1vez (Chimborazo), Israel Verdugo (Guayas) y \u00f3nica Ponce (Manab\u00ed).<\/p>\n<p style=\"text-align: justify\">Se dieron cita los presidentes y delegados de las Federaciones Deportivas Provinciales a la Asamblea General de Elecci\u00f3n, para elegir el Directorio que llevar\u00e1 el tim\u00f3n de la matriz del deporte formativo por el periodo 2022 &#8211; 2026.<\/p>\n<p style=\"text-align: justify\">\nAzuay, Ca\u00f1ar, Carchi, Chimborazo, Cotopaxi, El Oro, Esmeraldas, Gal\u00e1pagos, Guayas, Loja, Los R\u00edos, Manab\u00ed, Napo, Orellana, Pastaza, Pichincha, Santa Elena, Sucumb\u00edos, Tungurahua y Zamora Chinchipe, participaron del proceso eleccionario.<\/p>\n<p>Tras ser posesionado como presidente del organismo, Ar\u00e9valo manifest\u00f3, su agradecimiento a todos los presidentes de las filiales que se dieron cita a la convocatoria y por el respaldo en el proceso eleccionario que se llev\u00f3 con total transparencia.<\/p>\n<p style=\"text-align: justify\">\u201cGracias estimados representantes de las Federaciones Deportivas Provinciales que hoy se dieron cita para elegir al nuevo directorio de Fedenador que dignamente me honro en presidir, gracias por su respaldo y les pido que sigamos trabajando en equipo para que el deporte formativo se potencie en todas sus aristas, como en lo acad\u00e9mico, administrativo, profesional y sobre todo en la formaci\u00f3n de deportistas con valores y principios que es demostrado en cada competencia\u201d.<\/p>\n<p style=\"text-align: justify\">El directorio de Fedenador para el periodo 2022 &#8211; 2026 queda conformado de la siguiente manera:<\/p>\n<p style=\"text-align: justify\">\nPresidente: Abg. Jos\u00e9 Ar\u00e9valo Santana<br \/>\nPrimer Vicepresidente: Ing. Frethman Gomezjurado<br \/>\nSegundo Vicepresidente: Lcdo. Samuel Marines<br \/>\nPrimer Vocal: Lcdo. Kevin Guaycha<br \/>\nSegundo Vocal: Ing. Vinicio Ch\u00e1vez<br \/>\nTercer Vocal: Abg. Israel Verdugo<br \/>\nCuarto Vocal: Arq. M\u00f3nica Ponce<\/p>\n","protected":false},"excerpt":{"rendered":"<p>REDACCI\u00d3N NOTI AM\u00c9RICA (ECUADOR) En el auditorio \u201cAlberto Spencer Herrera\u201d de la Federaci\u00f3n Deportiva Nacional del Ecuador (FEDENADOR) se desarroll\u00f3 la elecci\u00f3n de su Directiva, siendo reelecto como presidente Jos\u00e9 Ar\u00e9valo Santana, con una&#46;&#46;&#46;<\/p>\n","protected":false},"author":113,"featured_media":17976,"comment_status":"open","ping_status":"open","sticky":false,"template":"","format":"standard","meta":{"_acf_changed":false,"om_disable_all_campaigns":false,"rop_custom_images_group":[],"rop_custom_messages_group":[],"rop_publish_now":"initial","rop_publish_now_accounts":{"twitter_242054905_242054905":""},"rop_publish_now_history":[],"rop_publish_now_status":"pending","_uf_show_specific_survey":0,"_uf_disable_surveys":false,"footnotes":""},"categories":[42],"tags":[],"class_list":["post-17975","post","type-post","status-publish","format-standard","has-post-thumbnail","hentry","category-noticias"],"acf":[],"aioseo_notices":[],"yoast_head":"<!-- This site is optimized with the Yoast SEO Premium plugin v24.9 (Yoast SEO v27.2) - https:\/\/yoast.com\/product\/yoast-seo-premium-wordpress\/ -->\n<title>FEDENADOR eligi\u00f3 a su nuevo Directorio para el 2022 - 2026 - Ecuador | Noti-America.com<\/title>\n<meta name=\"robots\" content=\"index, follow, max-snippet:-1, max-image-preview:large, max-video-preview:-1\" \/>\n<link rel=\"canonical\" href=\"https:\/\/noti-america.com\/site\/ecuador\/2022\/01\/15\/fedenador-eligio-a-su-nuevo-directorio-para-el-2022-2026\/\" \/>\n<meta property=\"og:locale\" content=\"es_ES\" \/>\n<meta property=\"og:type\" content=\"article\" \/>\n<meta property=\"og:title\" content=\"FEDENADOR eligi\u00f3 a su nuevo Directorio para el 2022 - 2026\" \/>\n<meta property=\"og:description\" content=\"REDACCI\u00d3N NOTI AM\u00c9RICA (ECUADOR) En el auditorio \u201cAlberto Spencer Herrera\u201d de la Federaci\u00f3n Deportiva Nacional del Ecuador (FEDENADOR) se desarroll\u00f3 la elecci\u00f3n de su Directiva, siendo reelecto como presidente Jos\u00e9 Ar\u00e9valo Santana, con una&#046;&#046;&#046;\" \/>\n<meta property=\"og:url\" content=\"https:\/\/noti-america.com\/site\/ecuador\/2022\/01\/15\/fedenador-eligio-a-su-nuevo-directorio-para-el-2022-2026\/\" \/>\n<meta property=\"og:site_name\" content=\"Ecuador | Noti-America.com\" \/>\n<meta property=\"article:published_time\" content=\"2022-01-15T13:48:29+00:00\" \/>\n<meta property=\"og:image\" content=\"https:\/\/noti-america.com\/site\/ecuador\/wp-content\/uploads\/sites\/18\/2022\/01\/WhatsApp-Image-2022-01-14-at-1.53.19-PM.jpeg\" \/>\n\t<meta property=\"og:image:width\" content=\"1280\" \/>\n\t<meta property=\"og:image:height\" content=\"853\" \/>\n\t<meta property=\"og:image:type\" content=\"image\/jpeg\" \/>\n<meta name=\"author\" content=\"Henry Ortiz\" \/>\n<meta name=\"twitter:card\" content=\"summary_large_image\" \/>\n<meta name=\"twitter:creator\" content=\"@notiamerica\" \/>\n<meta name=\"twitter:site\" content=\"@notiamerica\" \/>\n<meta name=\"twitter:label1\" content=\"Escrito por\" \/>\n\t<meta name=\"twitter:data1\" content=\"Henry Ortiz\" \/>\n\t<meta name=\"twitter:label2\" content=\"Tiempo estimado de lectura\" \/>\n\t<meta name=\"twitter:data2\" content=\"2 minutos\" \/>\n<script type=\"application\/ld+json\" class=\"yoast-schema-graph\">{\"@context\":\"https:\/\/schema.org\",\"@graph\":[{\"@type\":\"Article\",\"@id\":\"https:\/\/noti-america.com\/site\/ecuador\/2022\/01\/15\/fedenador-eligio-a-su-nuevo-directorio-para-el-2022-2026\/#article\",\"isPartOf\":{\"@id\":\"https:\/\/noti-america.com\/site\/ecuador\/2022\/01\/15\/fedenador-eligio-a-su-nuevo-directorio-para-el-2022-2026\/\"},\"author\":{\"name\":\"Henry Ortiz\",\"@id\":\"https:\/\/noti-america.com\/site\/ecuador\/#\/schema\/person\/b9d1630cc6598af759d45c790a347283\"},\"headline\":\"FEDENADOR eligi\u00f3 a su nuevo Directorio para el 2022 &#8211; 2026\",\"datePublished\":\"2022-01-15T13:48:29+00:00\",\"mainEntityOfPage\":{\"@id\":\"https:\/\/noti-america.com\/site\/ecuador\/2022\/01\/15\/fedenador-eligio-a-su-nuevo-directorio-para-el-2022-2026\/\"},\"wordCount\":383,\"commentCount\":0,\"publisher\":{\"@id\":\"https:\/\/noti-america.com\/site\/ecuador\/#organization\"},\"image\":{\"@id\":\"https:\/\/noti-america.com\/site\/ecuador\/2022\/01\/15\/fedenador-eligio-a-su-nuevo-directorio-para-el-2022-2026\/#primaryimage\"},\"thumbnailUrl\":\"https:\/\/noti-america.com\/site\/ecuador\/wp-content\/uploads\/sites\/18\/2022\/01\/WhatsApp-Image-2022-01-14-at-1.53.19-PM.jpeg\",\"articleSection\":[\"Noticias\"],\"inLanguage\":\"es\",\"potentialAction\":[{\"@type\":\"CommentAction\",\"name\":\"Comment\",\"target\":[\"https:\/\/noti-america.com\/site\/ecuador\/2022\/01\/15\/fedenador-eligio-a-su-nuevo-directorio-para-el-2022-2026\/#respond\"]}]},{\"@type\":\"WebPage\",\"@id\":\"https:\/\/noti-america.com\/site\/ecuador\/2022\/01\/15\/fedenador-eligio-a-su-nuevo-directorio-para-el-2022-2026\/\",\"url\":\"https:\/\/noti-america.com\/site\/ecuador\/2022\/01\/15\/fedenador-eligio-a-su-nuevo-directorio-para-el-2022-2026\/\",\"name\":\"FEDENADOR eligi\u00f3 a su nuevo Directorio para el 2022 - 2026 - Ecuador | Noti-America.com\",\"isPartOf\":{\"@id\":\"https:\/\/noti-america.com\/site\/ecuador\/#website\"},\"primaryImageOfPage\":{\"@id\":\"https:\/\/noti-america.com\/site\/ecuador\/2022\/01\/15\/fedenador-eligio-a-su-nuevo-directorio-para-el-2022-2026\/#primaryimage\"},\"image\":{\"@id\":\"https:\/\/noti-america.com\/site\/ecuador\/2022\/01\/15\/fedenador-eligio-a-su-nuevo-directorio-para-el-2022-2026\/#primaryimage\"},\"thumbnailUrl\":\"https:\/\/noti-america.com\/site\/ecuador\/wp-content\/uploads\/sites\/18\/2022\/01\/WhatsApp-Image-2022-01-14-at-1.53.19-PM.jpeg\",\"datePublished\":\"2022-01-15T13:48:29+00:00\",\"breadcrumb\":{\"@id\":\"https:\/\/noti-america.com\/site\/ecuador\/2022\/01\/15\/fedenador-eligio-a-su-nuevo-directorio-para-el-2022-2026\/#breadcrumb\"},\"inLanguage\":\"es\",\"potentialAction\":[{\"@type\":\"ReadAction\",\"target\":[\"https:\/\/noti-america.com\/site\/ecuador\/2022\/01\/15\/fedenador-eligio-a-su-nuevo-directorio-para-el-2022-2026\/\"]}]},{\"@type\":\"ImageObject\",\"inLanguage\":\"es\",\"@id\":\"https:\/\/noti-america.com\/site\/ecuador\/2022\/01\/15\/fedenador-eligio-a-su-nuevo-directorio-para-el-2022-2026\/#primaryimage\",\"url\":\"https:\/\/noti-america.com\/site\/ecuador\/wp-content\/uploads\/sites\/18\/2022\/01\/WhatsApp-Image-2022-01-14-at-1.53.19-PM.jpeg\",\"contentUrl\":\"https:\/\/noti-america.com\/site\/ecuador\/wp-content\/uploads\/sites\/18\/2022\/01\/WhatsApp-Image-2022-01-14-at-1.53.19-PM.jpeg\",\"width\":1280,\"height\":853},{\"@type\":\"BreadcrumbList\",\"@id\":\"https:\/\/noti-america.com\/site\/ecuador\/2022\/01\/15\/fedenador-eligio-a-su-nuevo-directorio-para-el-2022-2026\/#breadcrumb\",\"itemListElement\":[{\"@type\":\"ListItem\",\"position\":1,\"name\":\"Portada\",\"item\":\"https:\/\/noti-america.com\/site\/ecuador\/\"},{\"@type\":\"ListItem\",\"position\":2,\"name\":\"FEDENADOR eligi\u00f3 a su nuevo Directorio para el 2022 &#8211; 2026\"}]},{\"@type\":\"WebSite\",\"@id\":\"https:\/\/noti-america.com\/site\/ecuador\/#website\",\"url\":\"https:\/\/noti-america.com\/site\/ecuador\/\",\"name\":\"Ecuador | Noti-America.com\",\"description\":\"\",\"publisher\":{\"@id\":\"https:\/\/noti-america.com\/site\/ecuador\/#organization\"},\"potentialAction\":[{\"@type\":\"SearchAction\",\"target\":{\"@type\":\"EntryPoint\",\"urlTemplate\":\"https:\/\/noti-america.com\/site\/ecuador\/?s={search_term_string}\"},\"query-input\":{\"@type\":\"PropertyValueSpecification\",\"valueRequired\":true,\"valueName\":\"search_term_string\"}}],\"inLanguage\":\"es\"},{\"@type\":\"Organization\",\"@id\":\"https:\/\/noti-america.com\/site\/ecuador\/#organization\",\"name\":\"Noti-America LLC | Ecuador\",\"url\":\"https:\/\/noti-america.com\/site\/ecuador\/\",\"logo\":{\"@type\":\"ImageObject\",\"inLanguage\":\"es\",\"@id\":\"https:\/\/noti-america.com\/site\/ecuador\/#\/schema\/logo\/image\/\",\"url\":\"https:\/\/noti-america.com\/site\/ecuador\/wp-content\/uploads\/sites\/18\/2020\/07\/LogoNA-4x3-1.jpg\",\"contentUrl\":\"https:\/\/noti-america.com\/site\/ecuador\/wp-content\/uploads\/sites\/18\/2020\/07\/LogoNA-4x3-1.jpg\",\"width\":1236,\"height\":1080,\"caption\":\"Noti-America LLC | Ecuador\"},\"image\":{\"@id\":\"https:\/\/noti-america.com\/site\/ecuador\/#\/schema\/logo\/image\/\"},\"sameAs\":[\"https:\/\/x.com\/notiamerica\"]},{\"@type\":\"Person\",\"@id\":\"https:\/\/noti-america.com\/site\/ecuador\/#\/schema\/person\/b9d1630cc6598af759d45c790a347283\",\"name\":\"Henry Ortiz\",\"image\":{\"@type\":\"ImageObject\",\"inLanguage\":\"es\",\"@id\":\"https:\/\/secure.gravatar.com\/avatar\/0b5407b5b302fbb6a578e625dca512ac2983ee5fa9ea941d581b83c40212e4c8?s=96&d=mm&r=g\",\"url\":\"https:\/\/secure.gravatar.com\/avatar\/0b5407b5b302fbb6a578e625dca512ac2983ee5fa9ea941d581b83c40212e4c8?s=96&d=mm&r=g\",\"contentUrl\":\"https:\/\/secure.gravatar.com\/avatar\/0b5407b5b302fbb6a578e625dca512ac2983ee5fa9ea941d581b83c40212e4c8?s=96&d=mm&r=g\",\"caption\":\"Henry Ortiz\"},\"url\":\"https:\/\/noti-america.com\/site\/ecuador\/author\/hortiz\/\"}]}<\/script>\n<!-- \/ Yoast SEO Premium plugin. -->","yoast_head_json":{"title":"FEDENADOR eligi\u00f3 a su nuevo Directorio para el 2022 - 2026 - Ecuador | Noti-America.com","robots":{"index":"index","follow":"follow","max-snippet":"max-snippet:-1","max-image-preview":"max-image-preview:large","max-video-preview":"max-video-preview:-1"},"canonical":"https:\/\/noti-america.com\/site\/ecuador\/2022\/01\/15\/fedenador-eligio-a-su-nuevo-directorio-para-el-2022-2026\/","og_locale":"es_ES","og_type":"article","og_title":"FEDENADOR eligi\u00f3 a su nuevo Directorio para el 2022 - 2026","og_description":"REDACCI\u00d3N NOTI AM\u00c9RICA (ECUADOR) En el auditorio \u201cAlberto Spencer Herrera\u201d de la Federaci\u00f3n Deportiva Nacional del Ecuador (FEDENADOR) se desarroll\u00f3 la elecci\u00f3n de su Directiva, siendo reelecto como presidente Jos\u00e9 Ar\u00e9valo Santana, con una&#46;&#46;&#46;","og_url":"https:\/\/noti-america.com\/site\/ecuador\/2022\/01\/15\/fedenador-eligio-a-su-nuevo-directorio-para-el-2022-2026\/","og_site_name":"Ecuador | Noti-America.com","article_published_time":"2022-01-15T13:48:29+00:00","og_image":[{"width":1280,"height":853,"url":"https:\/\/noti-america.com\/site\/ecuador\/wp-content\/uploads\/sites\/18\/2022\/01\/WhatsApp-Image-2022-01-14-at-1.53.19-PM.jpeg","type":"image\/jpeg"}],"author":"Henry Ortiz","twitter_card":"summary_large_image","twitter_creator":"@notiamerica","twitter_site":"@notiamerica","twitter_misc":{"Escrito por":"Henry Ortiz","Tiempo estimado de lectura":"2 minutos"},"schema":{"@context":"https:\/\/schema.org","@graph":[{"@type":"Article","@id":"https:\/\/noti-america.com\/site\/ecuador\/2022\/01\/15\/fedenador-eligio-a-su-nuevo-directorio-para-el-2022-2026\/#article","isPartOf":{"@id":"https:\/\/noti-america.com\/site\/ecuador\/2022\/01\/15\/fedenador-eligio-a-su-nuevo-directorio-para-el-2022-2026\/"},"author":{"name":"Henry Ortiz","@id":"https:\/\/noti-america.com\/site\/ecuador\/#\/schema\/person\/b9d1630cc6598af759d45c790a347283"},"headline":"FEDENADOR eligi\u00f3 a su nuevo Directorio para el 2022 &#8211; 2026","datePublished":"2022-01-15T13:48:29+00:00","mainEntityOfPage":{"@id":"https:\/\/noti-america.com\/site\/ecuador\/2022\/01\/15\/fedenador-eligio-a-su-nuevo-directorio-para-el-2022-2026\/"},"wordCount":383,"commentCount":0,"publisher":{"@id":"https:\/\/noti-america.com\/site\/ecuador\/#organization"},"image":{"@id":"https:\/\/noti-america.com\/site\/ecuador\/2022\/01\/15\/fedenador-eligio-a-su-nuevo-directorio-para-el-2022-2026\/#primaryimage"},"thumbnailUrl":"https:\/\/noti-america.com\/site\/ecuador\/wp-content\/uploads\/sites\/18\/2022\/01\/WhatsApp-Image-2022-01-14-at-1.53.19-PM.jpeg","articleSection":["Noticias"],"inLanguage":"es","potentialAction":[{"@type":"CommentAction","name":"Comment","target":["https:\/\/noti-america.com\/site\/ecuador\/2022\/01\/15\/fedenador-eligio-a-su-nuevo-directorio-para-el-2022-2026\/#respond"]}]},{"@type":"WebPage","@id":"https:\/\/noti-america.com\/site\/ecuador\/2022\/01\/15\/fedenador-eligio-a-su-nuevo-directorio-para-el-2022-2026\/","url":"https:\/\/noti-america.com\/site\/ecuador\/2022\/01\/15\/fedenador-eligio-a-su-nuevo-directorio-para-el-2022-2026\/","name":"FEDENADOR eligi\u00f3 a su nuevo Directorio para el 2022 - 2026 - Ecuador | Noti-America.com","isPartOf":{"@id":"https:\/\/noti-america.com\/site\/ecuador\/#website"},"primaryImageOfPage":{"@id":"https:\/\/noti-america.com\/site\/ecuador\/2022\/01\/15\/fedenador-eligio-a-su-nuevo-directorio-para-el-2022-2026\/#primaryimage"},"image":{"@id":"https:\/\/noti-america.com\/site\/ecuador\/2022\/01\/15\/fedenador-eligio-a-su-nuevo-directorio-para-el-2022-2026\/#primaryimage"},"thumbnailUrl":"https:\/\/noti-america.com\/site\/ecuador\/wp-content\/uploads\/sites\/18\/2022\/01\/WhatsApp-Image-2022-01-14-at-1.53.19-PM.jpeg","datePublished":"2022-01-15T13:48:29+00:00","breadcrumb":{"@id":"https:\/\/noti-america.com\/site\/ecuador\/2022\/01\/15\/fedenador-eligio-a-su-nuevo-directorio-para-el-2022-2026\/#breadcrumb"},"inLanguage":"es","potentialAction":[{"@type":"ReadAction","target":["https:\/\/noti-america.com\/site\/ecuador\/2022\/01\/15\/fedenador-eligio-a-su-nuevo-directorio-para-el-2022-2026\/"]}]},{"@type":"ImageObject","inLanguage":"es","@id":"https:\/\/noti-america.com\/site\/ecuador\/2022\/01\/15\/fedenador-eligio-a-su-nuevo-directorio-para-el-2022-2026\/#primaryimage","url":"https:\/\/noti-america.com\/site\/ecuador\/wp-content\/uploads\/sites\/18\/2022\/01\/WhatsApp-Image-2022-01-14-at-1.53.19-PM.jpeg","contentUrl":"https:\/\/noti-america.com\/site\/ecuador\/wp-content\/uploads\/sites\/18\/2022\/01\/WhatsApp-Image-2022-01-14-at-1.53.19-PM.jpeg","width":1280,"height":853},{"@type":"BreadcrumbList","@id":"https:\/\/noti-america.com\/site\/ecuador\/2022\/01\/15\/fedenador-eligio-a-su-nuevo-directorio-para-el-2022-2026\/#breadcrumb","itemListElement":[{"@type":"ListItem","position":1,"name":"Portada","item":"https:\/\/noti-america.com\/site\/ecuador\/"},{"@type":"ListItem","position":2,"name":"FEDENADOR eligi\u00f3 a su nuevo Directorio para el 2022 &#8211; 2026"}]},{"@type":"WebSite","@id":"https:\/\/noti-america.com\/site\/ecuador\/#website","url":"https:\/\/noti-america.com\/site\/ecuador\/","name":"Ecuador | Noti-America.com","description":"","publisher":{"@id":"https:\/\/noti-america.com\/site\/ecuador\/#organization"},"potentialAction":[{"@type":"SearchAction","target":{"@type":"EntryPoint","urlTemplate":"https:\/\/noti-america.com\/site\/ecuador\/?s={search_term_string}"},"query-input":{"@type":"PropertyValueSpecification","valueRequired":true,"valueName":"search_term_string"}}],"inLanguage":"es"},{"@type":"Organization","@id":"https:\/\/noti-america.com\/site\/ecuador\/#organization","name":"Noti-America LLC | Ecuador","url":"https:\/\/noti-america.com\/site\/ecuador\/","logo":{"@type":"ImageObject","inLanguage":"es","@id":"https:\/\/noti-america.com\/site\/ecuador\/#\/schema\/logo\/image\/","url":"https:\/\/noti-america.com\/site\/ecuador\/wp-content\/uploads\/sites\/18\/2020\/07\/LogoNA-4x3-1.jpg","contentUrl":"https:\/\/noti-america.com\/site\/ecuador\/wp-content\/uploads\/sites\/18\/2020\/07\/LogoNA-4x3-1.jpg","width":1236,"height":1080,"caption":"Noti-America LLC | Ecuador"},"image":{"@id":"https:\/\/noti-america.com\/site\/ecuador\/#\/schema\/logo\/image\/"},"sameAs":["https:\/\/x.com\/notiamerica"]},{"@type":"Person","@id":"https:\/\/noti-america.com\/site\/ecuador\/#\/schema\/person\/b9d1630cc6598af759d45c790a347283","name":"Henry Ortiz","image":{"@type":"ImageObject","inLanguage":"es","@id":"https:\/\/secure.gravatar.com\/avatar\/0b5407b5b302fbb6a578e625dca512ac2983ee5fa9ea941d581b83c40212e4c8?s=96&d=mm&r=g","url":"https:\/\/secure.gravatar.com\/avatar\/0b5407b5b302fbb6a578e625dca512ac2983ee5fa9ea941d581b83c40212e4c8?s=96&d=mm&r=g","contentUrl":"https:\/\/secure.gravatar.com\/avatar\/0b5407b5b302fbb6a578e625dca512ac2983ee5fa9ea941d581b83c40212e4c8?s=96&d=mm&r=g","caption":"Henry Ortiz"},"url":"https:\/\/noti-america.com\/site\/ecuador\/author\/hortiz\/"}]}},"_links":{"self":[{"href":"https:\/\/noti-america.com\/site\/ecuador\/wp-json\/wp\/v2\/posts\/17975","targetHints":{"allow":["GET"]}}],"collection":[{"href":"https:\/\/noti-america.com\/site\/ecuador\/wp-json\/wp\/v2\/posts"}],"about":[{"href":"https:\/\/noti-america.com\/site\/ecuador\/wp-json\/wp\/v2\/types\/post"}],"author":[{"embeddable":true,"href":"https:\/\/noti-america.com\/site\/ecuador\/wp-json\/wp\/v2\/users\/113"}],"replies":[{"embeddable":true,"href":"https:\/\/noti-america.com\/site\/ecuador\/wp-json\/wp\/v2\/comments?post=17975"}],"version-history":[{"count":1,"href":"https:\/\/noti-america.com\/site\/ecuador\/wp-json\/wp\/v2\/posts\/17975\/revisions"}],"predecessor-version":[{"id":17977,"href":"https:\/\/noti-america.com\/site\/ecuador\/wp-json\/wp\/v2\/posts\/17975\/revisions\/17977"}],"wp:featuredmedia":[{"embeddable":true,"href":"https:\/\/noti-america.com\/site\/ecuador\/wp-json\/wp\/v2\/media\/17976"}],"wp:attachment":[{"href":"https:\/\/noti-america.com\/site\/ecuador\/wp-json\/wp\/v2\/media?parent=17975"}],"wp:term":[{"taxonomy":"category","embeddable":true,"href":"https:\/\/noti-america.com\/site\/ecuador\/wp-json\/wp\/v2\/categories?post=17975"},{"taxonomy":"post_tag","embeddable":true,"href":"https:\/\/noti-america.com\/site\/ecuador\/wp-json\/wp\/v2\/tags?post=17975"}],"curies":[{"name":"wp","href":"https:\/\/api.w.org\/{rel}","templated":true}]}}