{"id":17918,"date":"2022-01-12T22:16:38","date_gmt":"2022-01-12T22:16:38","guid":{"rendered":"https:\/\/noti-america.com\/site\/ecuador\/?p=17918"},"modified":"2022-01-12T22:16:38","modified_gmt":"2022-01-12T22:16:38","slug":"12-preguntas-frecuentes-sobre-la-vacunacion-contra-covid-19-en-ninos-y-adolescentes","status":"publish","type":"post","link":"https:\/\/noti-america.com\/site\/ecuador\/2022\/01\/12\/12-preguntas-frecuentes-sobre-la-vacunacion-contra-covid-19-en-ninos-y-adolescentes\/","title":{"rendered":"12 preguntas frecuentes sobre la vacunaci\u00f3n contra Covid-19 en ni\u00f1os y adolescentes"},"content":{"rendered":"<p><strong>REDACCI\u00d3N NOTI AM\u00c9RICA (ECUADOR)<\/strong><\/p>\n<p><img loading=\"lazy\" decoding=\"async\" class=\"wp-image-17919 alignleft\" src=\"https:\/\/noti-america.com\/site\/ecuador\/wp-content\/uploads\/sites\/18\/2022\/01\/12-ene-vacui-300x169.jpg\" alt=\"\" width=\"614\" height=\"346\" srcset=\"https:\/\/noti-america.com\/site\/ecuador\/wp-content\/uploads\/sites\/18\/2022\/01\/12-ene-vacui-300x169.jpg 300w, https:\/\/noti-america.com\/site\/ecuador\/wp-content\/uploads\/sites\/18\/2022\/01\/12-ene-vacui-768x432.jpg 768w, https:\/\/noti-america.com\/site\/ecuador\/wp-content\/uploads\/sites\/18\/2022\/01\/12-ene-vacui.jpg 800w\" sizes=\"auto, (max-width: 614px) 100vw, 614px\" \/><\/p>\n<p style=\"text-align: justify\">En Ecuador, el porcentaje de ni\u00f1os y adolescentes totalmente vacunados contra la Covid-19 alcanz\u00f3 a 53,69% y 71,16%, respectivamente. Estas cifras son inferiores al resto de la poblaci\u00f3n que supera el 80%. Los datos constan en el Vacun\u00f3metro, con corte al domingo 09 de enero de 2022.<\/p>\n<p style=\"text-align: justify\">Ante esta realidad, los ministerios de Salud P\u00fablica (MSP) y de Educaci\u00f3n coordinan la aplicaci\u00f3n de las primeras y segundas dosis para los siguientes grupos etarios: de 5 a 11 a\u00f1os y de 12 a 17 a\u00f1os. Ellos pueden acercarse a cualquiera de los puntos de inmunizaci\u00f3n habilitados en el pa\u00eds, como sitios masivos, centros de salud y otros.<\/p>\n<p style=\"text-align: justify\">Esto se dio en el marco de la decisi\u00f3n de las autoridades de la cartera de Educaci\u00f3n sobre la suspensi\u00f3n de las clases presenciales en el sistema fiscal. Se aplica desde este lunes 10 hasta el viernes 14 de enero de 2022, para incentivar la inmunizaci\u00f3n de esta poblaci\u00f3n, en el pa\u00eds.<\/p>\n<p style=\"text-align: justify\"><strong>1. \u00bfDesde qu\u00e9 edad se accede a la vacuna contra la COVID-19?<\/strong><\/p>\n<p style=\"text-align: justify\">La cartera del ramo dispuso la vacunaci\u00f3n de los habitantes desde los 5 a\u00f1os.<\/p>\n<p style=\"text-align: justify\"><strong>2. \u00bfQu\u00e9 vacunas se aplican a la poblaci\u00f3n de infantes y adolescentes?<\/strong><\/p>\n<p style=\"text-align: justify\">Los ni\u00f1os entre 5 y 11 a\u00f1os reciben la dosis de Sinovac. Mientras que los adolescentes entre 12 y 17 a\u00f1os acceden al biol\u00f3gico Pfizer-BioNtech.<\/p>\n<p style=\"text-align: justify\"><strong>3. \u00bfCu\u00e1ntas dosis y en qu\u00e9 tiempo se deben colocar?<\/strong><\/p>\n<p style=\"text-align: justify\">Los ni\u00f1os que reciben Sinovac se deben aplicar dos dosis, en un lapso de 28 d\u00edas.<\/p>\n<p style=\"text-align: justify\">Los adolescentes que accedan a Pfizer-BioNtech deben administrarse dos dosis, con un intervalo de 28 a 82 d\u00edas.<\/p>\n<p style=\"text-align: justify\"><strong>4. \u00bfQu\u00e9 requisitos deben cumplir para acceder al biol\u00f3gico?<\/strong><\/p>\n<p style=\"text-align: justify\">Los padres, madres o representantes legales deben acudir con la c\u00e9dula y el consentimiento informado. Para la segunda dosis, debe incluir el carn\u00e9 de la primera aplicaci\u00f3n.<\/p>\n<p style=\"text-align: justify\"><strong>5. \u00bfLuego de la inmunizaci\u00f3n, los chicos reciben un carn\u00e9 o certificado de inmunizaci\u00f3n?<\/strong><\/p>\n<p style=\"text-align: justify\">S\u00ed, el personal sanitario entrega el carn\u00e9 f\u00edsico. En este se observan datos, como nombres completos, edad, c\u00e9dula o n\u00famero de identificaci\u00f3n, punto de vacunaci\u00f3n, tipo de vacuna, n\u00famero de dosis, vacunador, lote y fecha de aplicaci\u00f3n. Cuenta con los logos del MSP. Posteriormente, podr\u00e1 descargar el certificado en el link: https:\/\/bit.ly\/CertificadoVacunaMSP.<\/p>\n<p style=\"text-align: justify\"><strong>6. \u00bfQu\u00e9 pasa con ni\u00f1os y adolescentes con enfermedades agravantes?<\/strong><\/p>\n<p style=\"text-align: justify\">Los chicos con comorbilidades o en situaci\u00f3n de vulnerabilidad se vacunaron en los grupos prioritarios.<\/p>\n<p style=\"text-align: justify\"><strong>7. \u00bfQu\u00e9 reacciones ha generado la vacuna contra la COVID-19?<\/strong><\/p>\n<p style=\"text-align: justify\">Los efectos adversos son leves. El m\u00e1s com\u00fan es el dolor en el sitio de la vacunaci\u00f3n (brazo).<\/p>\n<p style=\"text-align: justify\"><strong>9. \u00bfD\u00f3nde pueden vacunarse?<\/strong><\/p>\n<p style=\"text-align: justify\">Los chicos pueden acercarse a uno de los puntos de vacunaci\u00f3n habilitados en el pa\u00eds. Para mayor detalle acceda al portal: https:\/\/bit.ly\/CentrosSaludVacunaCOVID19.<\/p>\n<p style=\"text-align: justify\"><strong>10. \u00bfNi\u00f1os y adolescentes acceden al refuerzo contra COVID-19?<\/strong><\/p>\n<p style=\"text-align: justify\">En Ecuador, el refuerzo se aplica a partir de los 18 a\u00f1os. Sin embargo, quienes tienen inmunosupresi\u00f3n pueden acceder desde los 12.<\/p>\n<p style=\"text-align: justify\"><strong>11. \u00bfCu\u00e1ndo se vacunar\u00e1 a los ni\u00f1os de 3 y 4 a\u00f1os?<\/strong><\/p>\n<p style=\"text-align: justify\">Se espera que la inmunizaci\u00f3n se realice en febrero de 2022. El Comit\u00e9 Asesor sobre Pr\u00e1cticas de Inmunizaci\u00f3n eval\u00faa la informaci\u00f3n internacional para garantizar la seguridad de los menores de edad.<\/p>\n<p style=\"text-align: justify\"><strong>12. \u00bfLos ni\u00f1os y adolescentes deben presentar el carn\u00e9 previo al ingreso a locales que brindan servicios no esenciales?<\/strong><\/p>\n<p style=\"text-align: justify\">S\u00ed, a partir del 8 de enero de 2022 se solicita el carn\u00e9 de vacunaci\u00f3n (dos dosis o esquema completo) a los infantes desde los 5 a\u00f1os, para acceder a servicios y actividades no esenciales, como centros de diversi\u00f3n infantil y juvenil, espect\u00e1culos (teatros, cines, circos y estadios), centros comerciales y otros.<\/p>\n<p style=\"text-align: justify\"><strong><em>\u00a0<\/em><\/strong><\/p>\n","protected":false},"excerpt":{"rendered":"<p>REDACCI\u00d3N NOTI AM\u00c9RICA (ECUADOR) En Ecuador, el porcentaje de ni\u00f1os y adolescentes totalmente vacunados contra la Covid-19 alcanz\u00f3 a 53,69% y 71,16%, respectivamente. Estas cifras son inferiores al resto de la poblaci\u00f3n que supera&#46;&#46;&#46;<\/p>\n","protected":false},"author":113,"featured_media":17919,"comment_status":"open","ping_status":"open","sticky":false,"template":"","format":"standard","meta":{"_acf_changed":false,"om_disable_all_campaigns":false,"rop_custom_images_group":[],"rop_custom_messages_group":[],"rop_publish_now":"initial","rop_publish_now_accounts":{"twitter_242054905_242054905":""},"rop_publish_now_history":[],"rop_publish_now_status":"pending","_uf_show_specific_survey":0,"_uf_disable_surveys":false,"footnotes":""},"categories":[125],"tags":[],"class_list":["post-17918","post","type-post","status-publish","format-standard","has-post-thumbnail","hentry","category-actualidad"],"acf":[],"aioseo_notices":[],"yoast_head":"<!-- This site is optimized with the Yoast SEO Premium plugin v24.9 (Yoast SEO v27.2) - https:\/\/yoast.com\/product\/yoast-seo-premium-wordpress\/ -->\n<title>12 preguntas frecuentes sobre la vacunaci\u00f3n contra Covid-19 en ni\u00f1os y adolescentes - Ecuador | Noti-America.com<\/title>\n<meta name=\"robots\" content=\"index, follow, max-snippet:-1, max-image-preview:large, max-video-preview:-1\" \/>\n<link rel=\"canonical\" href=\"https:\/\/noti-america.com\/site\/ecuador\/2022\/01\/12\/12-preguntas-frecuentes-sobre-la-vacunacion-contra-covid-19-en-ninos-y-adolescentes\/\" \/>\n<meta property=\"og:locale\" content=\"es_ES\" \/>\n<meta property=\"og:type\" content=\"article\" \/>\n<meta property=\"og:title\" content=\"12 preguntas frecuentes sobre la vacunaci\u00f3n contra Covid-19 en ni\u00f1os y adolescentes\" \/>\n<meta property=\"og:description\" content=\"REDACCI\u00d3N NOTI AM\u00c9RICA (ECUADOR) En Ecuador, el porcentaje de ni\u00f1os y adolescentes totalmente vacunados contra la Covid-19 alcanz\u00f3 a 53,69% y 71,16%, respectivamente. Estas cifras son inferiores al resto de la poblaci\u00f3n que supera&#046;&#046;&#046;\" \/>\n<meta property=\"og:url\" content=\"https:\/\/noti-america.com\/site\/ecuador\/2022\/01\/12\/12-preguntas-frecuentes-sobre-la-vacunacion-contra-covid-19-en-ninos-y-adolescentes\/\" \/>\n<meta property=\"og:site_name\" content=\"Ecuador | Noti-America.com\" \/>\n<meta property=\"article:published_time\" content=\"2022-01-12T22:16:38+00:00\" \/>\n<meta property=\"og:image\" content=\"https:\/\/noti-america.com\/site\/ecuador\/wp-content\/uploads\/sites\/18\/2022\/01\/12-ene-vacui.jpg\" \/>\n\t<meta property=\"og:image:width\" content=\"800\" \/>\n\t<meta property=\"og:image:height\" content=\"450\" \/>\n\t<meta property=\"og:image:type\" content=\"image\/jpeg\" \/>\n<meta name=\"author\" content=\"Henry Ortiz\" \/>\n<meta name=\"twitter:card\" content=\"summary_large_image\" \/>\n<meta name=\"twitter:creator\" content=\"@notiamerica\" \/>\n<meta name=\"twitter:site\" content=\"@notiamerica\" \/>\n<meta name=\"twitter:label1\" content=\"Escrito por\" \/>\n\t<meta name=\"twitter:data1\" content=\"Henry Ortiz\" \/>\n\t<meta name=\"twitter:label2\" content=\"Tiempo estimado de lectura\" \/>\n\t<meta name=\"twitter:data2\" content=\"3 minutos\" \/>\n<script type=\"application\/ld+json\" class=\"yoast-schema-graph\">{\"@context\":\"https:\/\/schema.org\",\"@graph\":[{\"@type\":\"Article\",\"@id\":\"https:\/\/noti-america.com\/site\/ecuador\/2022\/01\/12\/12-preguntas-frecuentes-sobre-la-vacunacion-contra-covid-19-en-ninos-y-adolescentes\/#article\",\"isPartOf\":{\"@id\":\"https:\/\/noti-america.com\/site\/ecuador\/2022\/01\/12\/12-preguntas-frecuentes-sobre-la-vacunacion-contra-covid-19-en-ninos-y-adolescentes\/\"},\"author\":{\"name\":\"Henry Ortiz\",\"@id\":\"https:\/\/noti-america.com\/site\/ecuador\/#\/schema\/person\/b9d1630cc6598af759d45c790a347283\"},\"headline\":\"12 preguntas frecuentes sobre la vacunaci\u00f3n contra Covid-19 en ni\u00f1os y adolescentes\",\"datePublished\":\"2022-01-12T22:16:38+00:00\",\"mainEntityOfPage\":{\"@id\":\"https:\/\/noti-america.com\/site\/ecuador\/2022\/01\/12\/12-preguntas-frecuentes-sobre-la-vacunacion-contra-covid-19-en-ninos-y-adolescentes\/\"},\"wordCount\":640,\"commentCount\":0,\"publisher\":{\"@id\":\"https:\/\/noti-america.com\/site\/ecuador\/#organization\"},\"image\":{\"@id\":\"https:\/\/noti-america.com\/site\/ecuador\/2022\/01\/12\/12-preguntas-frecuentes-sobre-la-vacunacion-contra-covid-19-en-ninos-y-adolescentes\/#primaryimage\"},\"thumbnailUrl\":\"https:\/\/noti-america.com\/site\/ecuador\/wp-content\/uploads\/sites\/18\/2022\/01\/12-ene-vacui.jpg\",\"articleSection\":[\"Actualidad\"],\"inLanguage\":\"es\",\"potentialAction\":[{\"@type\":\"CommentAction\",\"name\":\"Comment\",\"target\":[\"https:\/\/noti-america.com\/site\/ecuador\/2022\/01\/12\/12-preguntas-frecuentes-sobre-la-vacunacion-contra-covid-19-en-ninos-y-adolescentes\/#respond\"]}]},{\"@type\":\"WebPage\",\"@id\":\"https:\/\/noti-america.com\/site\/ecuador\/2022\/01\/12\/12-preguntas-frecuentes-sobre-la-vacunacion-contra-covid-19-en-ninos-y-adolescentes\/\",\"url\":\"https:\/\/noti-america.com\/site\/ecuador\/2022\/01\/12\/12-preguntas-frecuentes-sobre-la-vacunacion-contra-covid-19-en-ninos-y-adolescentes\/\",\"name\":\"12 preguntas frecuentes sobre la vacunaci\u00f3n contra Covid-19 en ni\u00f1os y adolescentes - Ecuador | Noti-America.com\",\"isPartOf\":{\"@id\":\"https:\/\/noti-america.com\/site\/ecuador\/#website\"},\"primaryImageOfPage\":{\"@id\":\"https:\/\/noti-america.com\/site\/ecuador\/2022\/01\/12\/12-preguntas-frecuentes-sobre-la-vacunacion-contra-covid-19-en-ninos-y-adolescentes\/#primaryimage\"},\"image\":{\"@id\":\"https:\/\/noti-america.com\/site\/ecuador\/2022\/01\/12\/12-preguntas-frecuentes-sobre-la-vacunacion-contra-covid-19-en-ninos-y-adolescentes\/#primaryimage\"},\"thumbnailUrl\":\"https:\/\/noti-america.com\/site\/ecuador\/wp-content\/uploads\/sites\/18\/2022\/01\/12-ene-vacui.jpg\",\"datePublished\":\"2022-01-12T22:16:38+00:00\",\"breadcrumb\":{\"@id\":\"https:\/\/noti-america.com\/site\/ecuador\/2022\/01\/12\/12-preguntas-frecuentes-sobre-la-vacunacion-contra-covid-19-en-ninos-y-adolescentes\/#breadcrumb\"},\"inLanguage\":\"es\",\"potentialAction\":[{\"@type\":\"ReadAction\",\"target\":[\"https:\/\/noti-america.com\/site\/ecuador\/2022\/01\/12\/12-preguntas-frecuentes-sobre-la-vacunacion-contra-covid-19-en-ninos-y-adolescentes\/\"]}]},{\"@type\":\"ImageObject\",\"inLanguage\":\"es\",\"@id\":\"https:\/\/noti-america.com\/site\/ecuador\/2022\/01\/12\/12-preguntas-frecuentes-sobre-la-vacunacion-contra-covid-19-en-ninos-y-adolescentes\/#primaryimage\",\"url\":\"https:\/\/noti-america.com\/site\/ecuador\/wp-content\/uploads\/sites\/18\/2022\/01\/12-ene-vacui.jpg\",\"contentUrl\":\"https:\/\/noti-america.com\/site\/ecuador\/wp-content\/uploads\/sites\/18\/2022\/01\/12-ene-vacui.jpg\",\"width\":800,\"height\":450},{\"@type\":\"BreadcrumbList\",\"@id\":\"https:\/\/noti-america.com\/site\/ecuador\/2022\/01\/12\/12-preguntas-frecuentes-sobre-la-vacunacion-contra-covid-19-en-ninos-y-adolescentes\/#breadcrumb\",\"itemListElement\":[{\"@type\":\"ListItem\",\"position\":1,\"name\":\"Portada\",\"item\":\"https:\/\/noti-america.com\/site\/ecuador\/\"},{\"@type\":\"ListItem\",\"position\":2,\"name\":\"12 preguntas frecuentes sobre la vacunaci\u00f3n contra Covid-19 en ni\u00f1os y adolescentes\"}]},{\"@type\":\"WebSite\",\"@id\":\"https:\/\/noti-america.com\/site\/ecuador\/#website\",\"url\":\"https:\/\/noti-america.com\/site\/ecuador\/\",\"name\":\"Ecuador | Noti-America.com\",\"description\":\"\",\"publisher\":{\"@id\":\"https:\/\/noti-america.com\/site\/ecuador\/#organization\"},\"potentialAction\":[{\"@type\":\"SearchAction\",\"target\":{\"@type\":\"EntryPoint\",\"urlTemplate\":\"https:\/\/noti-america.com\/site\/ecuador\/?s={search_term_string}\"},\"query-input\":{\"@type\":\"PropertyValueSpecification\",\"valueRequired\":true,\"valueName\":\"search_term_string\"}}],\"inLanguage\":\"es\"},{\"@type\":\"Organization\",\"@id\":\"https:\/\/noti-america.com\/site\/ecuador\/#organization\",\"name\":\"Noti-America LLC | Ecuador\",\"url\":\"https:\/\/noti-america.com\/site\/ecuador\/\",\"logo\":{\"@type\":\"ImageObject\",\"inLanguage\":\"es\",\"@id\":\"https:\/\/noti-america.com\/site\/ecuador\/#\/schema\/logo\/image\/\",\"url\":\"https:\/\/noti-america.com\/site\/ecuador\/wp-content\/uploads\/sites\/18\/2020\/07\/LogoNA-4x3-1.jpg\",\"contentUrl\":\"https:\/\/noti-america.com\/site\/ecuador\/wp-content\/uploads\/sites\/18\/2020\/07\/LogoNA-4x3-1.jpg\",\"width\":1236,\"height\":1080,\"caption\":\"Noti-America LLC | Ecuador\"},\"image\":{\"@id\":\"https:\/\/noti-america.com\/site\/ecuador\/#\/schema\/logo\/image\/\"},\"sameAs\":[\"https:\/\/x.com\/notiamerica\"]},{\"@type\":\"Person\",\"@id\":\"https:\/\/noti-america.com\/site\/ecuador\/#\/schema\/person\/b9d1630cc6598af759d45c790a347283\",\"name\":\"Henry Ortiz\",\"image\":{\"@type\":\"ImageObject\",\"inLanguage\":\"es\",\"@id\":\"https:\/\/secure.gravatar.com\/avatar\/0b5407b5b302fbb6a578e625dca512ac2983ee5fa9ea941d581b83c40212e4c8?s=96&d=mm&r=g\",\"url\":\"https:\/\/secure.gravatar.com\/avatar\/0b5407b5b302fbb6a578e625dca512ac2983ee5fa9ea941d581b83c40212e4c8?s=96&d=mm&r=g\",\"contentUrl\":\"https:\/\/secure.gravatar.com\/avatar\/0b5407b5b302fbb6a578e625dca512ac2983ee5fa9ea941d581b83c40212e4c8?s=96&d=mm&r=g\",\"caption\":\"Henry Ortiz\"},\"url\":\"https:\/\/noti-america.com\/site\/ecuador\/author\/hortiz\/\"}]}<\/script>\n<!-- \/ Yoast SEO Premium plugin. -->","yoast_head_json":{"title":"12 preguntas frecuentes sobre la vacunaci\u00f3n contra Covid-19 en ni\u00f1os y adolescentes - Ecuador | Noti-America.com","robots":{"index":"index","follow":"follow","max-snippet":"max-snippet:-1","max-image-preview":"max-image-preview:large","max-video-preview":"max-video-preview:-1"},"canonical":"https:\/\/noti-america.com\/site\/ecuador\/2022\/01\/12\/12-preguntas-frecuentes-sobre-la-vacunacion-contra-covid-19-en-ninos-y-adolescentes\/","og_locale":"es_ES","og_type":"article","og_title":"12 preguntas frecuentes sobre la vacunaci\u00f3n contra Covid-19 en ni\u00f1os y adolescentes","og_description":"REDACCI\u00d3N NOTI AM\u00c9RICA (ECUADOR) En Ecuador, el porcentaje de ni\u00f1os y adolescentes totalmente vacunados contra la Covid-19 alcanz\u00f3 a 53,69% y 71,16%, respectivamente. Estas cifras son inferiores al resto de la poblaci\u00f3n que supera&#46;&#46;&#46;","og_url":"https:\/\/noti-america.com\/site\/ecuador\/2022\/01\/12\/12-preguntas-frecuentes-sobre-la-vacunacion-contra-covid-19-en-ninos-y-adolescentes\/","og_site_name":"Ecuador | Noti-America.com","article_published_time":"2022-01-12T22:16:38+00:00","og_image":[{"width":800,"height":450,"url":"https:\/\/noti-america.com\/site\/ecuador\/wp-content\/uploads\/sites\/18\/2022\/01\/12-ene-vacui.jpg","type":"image\/jpeg"}],"author":"Henry Ortiz","twitter_card":"summary_large_image","twitter_creator":"@notiamerica","twitter_site":"@notiamerica","twitter_misc":{"Escrito por":"Henry Ortiz","Tiempo estimado de lectura":"3 minutos"},"schema":{"@context":"https:\/\/schema.org","@graph":[{"@type":"Article","@id":"https:\/\/noti-america.com\/site\/ecuador\/2022\/01\/12\/12-preguntas-frecuentes-sobre-la-vacunacion-contra-covid-19-en-ninos-y-adolescentes\/#article","isPartOf":{"@id":"https:\/\/noti-america.com\/site\/ecuador\/2022\/01\/12\/12-preguntas-frecuentes-sobre-la-vacunacion-contra-covid-19-en-ninos-y-adolescentes\/"},"author":{"name":"Henry Ortiz","@id":"https:\/\/noti-america.com\/site\/ecuador\/#\/schema\/person\/b9d1630cc6598af759d45c790a347283"},"headline":"12 preguntas frecuentes sobre la vacunaci\u00f3n contra Covid-19 en ni\u00f1os y adolescentes","datePublished":"2022-01-12T22:16:38+00:00","mainEntityOfPage":{"@id":"https:\/\/noti-america.com\/site\/ecuador\/2022\/01\/12\/12-preguntas-frecuentes-sobre-la-vacunacion-contra-covid-19-en-ninos-y-adolescentes\/"},"wordCount":640,"commentCount":0,"publisher":{"@id":"https:\/\/noti-america.com\/site\/ecuador\/#organization"},"image":{"@id":"https:\/\/noti-america.com\/site\/ecuador\/2022\/01\/12\/12-preguntas-frecuentes-sobre-la-vacunacion-contra-covid-19-en-ninos-y-adolescentes\/#primaryimage"},"thumbnailUrl":"https:\/\/noti-america.com\/site\/ecuador\/wp-content\/uploads\/sites\/18\/2022\/01\/12-ene-vacui.jpg","articleSection":["Actualidad"],"inLanguage":"es","potentialAction":[{"@type":"CommentAction","name":"Comment","target":["https:\/\/noti-america.com\/site\/ecuador\/2022\/01\/12\/12-preguntas-frecuentes-sobre-la-vacunacion-contra-covid-19-en-ninos-y-adolescentes\/#respond"]}]},{"@type":"WebPage","@id":"https:\/\/noti-america.com\/site\/ecuador\/2022\/01\/12\/12-preguntas-frecuentes-sobre-la-vacunacion-contra-covid-19-en-ninos-y-adolescentes\/","url":"https:\/\/noti-america.com\/site\/ecuador\/2022\/01\/12\/12-preguntas-frecuentes-sobre-la-vacunacion-contra-covid-19-en-ninos-y-adolescentes\/","name":"12 preguntas frecuentes sobre la vacunaci\u00f3n contra Covid-19 en ni\u00f1os y adolescentes - Ecuador | Noti-America.com","isPartOf":{"@id":"https:\/\/noti-america.com\/site\/ecuador\/#website"},"primaryImageOfPage":{"@id":"https:\/\/noti-america.com\/site\/ecuador\/2022\/01\/12\/12-preguntas-frecuentes-sobre-la-vacunacion-contra-covid-19-en-ninos-y-adolescentes\/#primaryimage"},"image":{"@id":"https:\/\/noti-america.com\/site\/ecuador\/2022\/01\/12\/12-preguntas-frecuentes-sobre-la-vacunacion-contra-covid-19-en-ninos-y-adolescentes\/#primaryimage"},"thumbnailUrl":"https:\/\/noti-america.com\/site\/ecuador\/wp-content\/uploads\/sites\/18\/2022\/01\/12-ene-vacui.jpg","datePublished":"2022-01-12T22:16:38+00:00","breadcrumb":{"@id":"https:\/\/noti-america.com\/site\/ecuador\/2022\/01\/12\/12-preguntas-frecuentes-sobre-la-vacunacion-contra-covid-19-en-ninos-y-adolescentes\/#breadcrumb"},"inLanguage":"es","potentialAction":[{"@type":"ReadAction","target":["https:\/\/noti-america.com\/site\/ecuador\/2022\/01\/12\/12-preguntas-frecuentes-sobre-la-vacunacion-contra-covid-19-en-ninos-y-adolescentes\/"]}]},{"@type":"ImageObject","inLanguage":"es","@id":"https:\/\/noti-america.com\/site\/ecuador\/2022\/01\/12\/12-preguntas-frecuentes-sobre-la-vacunacion-contra-covid-19-en-ninos-y-adolescentes\/#primaryimage","url":"https:\/\/noti-america.com\/site\/ecuador\/wp-content\/uploads\/sites\/18\/2022\/01\/12-ene-vacui.jpg","contentUrl":"https:\/\/noti-america.com\/site\/ecuador\/wp-content\/uploads\/sites\/18\/2022\/01\/12-ene-vacui.jpg","width":800,"height":450},{"@type":"BreadcrumbList","@id":"https:\/\/noti-america.com\/site\/ecuador\/2022\/01\/12\/12-preguntas-frecuentes-sobre-la-vacunacion-contra-covid-19-en-ninos-y-adolescentes\/#breadcrumb","itemListElement":[{"@type":"ListItem","position":1,"name":"Portada","item":"https:\/\/noti-america.com\/site\/ecuador\/"},{"@type":"ListItem","position":2,"name":"12 preguntas frecuentes sobre la vacunaci\u00f3n contra Covid-19 en ni\u00f1os y adolescentes"}]},{"@type":"WebSite","@id":"https:\/\/noti-america.com\/site\/ecuador\/#website","url":"https:\/\/noti-america.com\/site\/ecuador\/","name":"Ecuador | Noti-America.com","description":"","publisher":{"@id":"https:\/\/noti-america.com\/site\/ecuador\/#organization"},"potentialAction":[{"@type":"SearchAction","target":{"@type":"EntryPoint","urlTemplate":"https:\/\/noti-america.com\/site\/ecuador\/?s={search_term_string}"},"query-input":{"@type":"PropertyValueSpecification","valueRequired":true,"valueName":"search_term_string"}}],"inLanguage":"es"},{"@type":"Organization","@id":"https:\/\/noti-america.com\/site\/ecuador\/#organization","name":"Noti-America LLC | Ecuador","url":"https:\/\/noti-america.com\/site\/ecuador\/","logo":{"@type":"ImageObject","inLanguage":"es","@id":"https:\/\/noti-america.com\/site\/ecuador\/#\/schema\/logo\/image\/","url":"https:\/\/noti-america.com\/site\/ecuador\/wp-content\/uploads\/sites\/18\/2020\/07\/LogoNA-4x3-1.jpg","contentUrl":"https:\/\/noti-america.com\/site\/ecuador\/wp-content\/uploads\/sites\/18\/2020\/07\/LogoNA-4x3-1.jpg","width":1236,"height":1080,"caption":"Noti-America LLC | Ecuador"},"image":{"@id":"https:\/\/noti-america.com\/site\/ecuador\/#\/schema\/logo\/image\/"},"sameAs":["https:\/\/x.com\/notiamerica"]},{"@type":"Person","@id":"https:\/\/noti-america.com\/site\/ecuador\/#\/schema\/person\/b9d1630cc6598af759d45c790a347283","name":"Henry Ortiz","image":{"@type":"ImageObject","inLanguage":"es","@id":"https:\/\/secure.gravatar.com\/avatar\/0b5407b5b302fbb6a578e625dca512ac2983ee5fa9ea941d581b83c40212e4c8?s=96&d=mm&r=g","url":"https:\/\/secure.gravatar.com\/avatar\/0b5407b5b302fbb6a578e625dca512ac2983ee5fa9ea941d581b83c40212e4c8?s=96&d=mm&r=g","contentUrl":"https:\/\/secure.gravatar.com\/avatar\/0b5407b5b302fbb6a578e625dca512ac2983ee5fa9ea941d581b83c40212e4c8?s=96&d=mm&r=g","caption":"Henry Ortiz"},"url":"https:\/\/noti-america.com\/site\/ecuador\/author\/hortiz\/"}]}},"_links":{"self":[{"href":"https:\/\/noti-america.com\/site\/ecuador\/wp-json\/wp\/v2\/posts\/17918","targetHints":{"allow":["GET"]}}],"collection":[{"href":"https:\/\/noti-america.com\/site\/ecuador\/wp-json\/wp\/v2\/posts"}],"about":[{"href":"https:\/\/noti-america.com\/site\/ecuador\/wp-json\/wp\/v2\/types\/post"}],"author":[{"embeddable":true,"href":"https:\/\/noti-america.com\/site\/ecuador\/wp-json\/wp\/v2\/users\/113"}],"replies":[{"embeddable":true,"href":"https:\/\/noti-america.com\/site\/ecuador\/wp-json\/wp\/v2\/comments?post=17918"}],"version-history":[{"count":2,"href":"https:\/\/noti-america.com\/site\/ecuador\/wp-json\/wp\/v2\/posts\/17918\/revisions"}],"predecessor-version":[{"id":17921,"href":"https:\/\/noti-america.com\/site\/ecuador\/wp-json\/wp\/v2\/posts\/17918\/revisions\/17921"}],"wp:featuredmedia":[{"embeddable":true,"href":"https:\/\/noti-america.com\/site\/ecuador\/wp-json\/wp\/v2\/media\/17919"}],"wp:attachment":[{"href":"https:\/\/noti-america.com\/site\/ecuador\/wp-json\/wp\/v2\/media?parent=17918"}],"wp:term":[{"taxonomy":"category","embeddable":true,"href":"https:\/\/noti-america.com\/site\/ecuador\/wp-json\/wp\/v2\/categories?post=17918"},{"taxonomy":"post_tag","embeddable":true,"href":"https:\/\/noti-america.com\/site\/ecuador\/wp-json\/wp\/v2\/tags?post=17918"}],"curies":[{"name":"wp","href":"https:\/\/api.w.org\/{rel}","templated":true}]}}