{"id":17822,"date":"2021-12-27T02:37:10","date_gmt":"2021-12-27T02:37:10","guid":{"rendered":"https:\/\/noti-america.com\/site\/ecuador\/?p=17822"},"modified":"2021-12-27T02:37:10","modified_gmt":"2021-12-27T02:37:10","slug":"desde-el-27-de-diciembre-el-ministerio-de-turismo-atendera-solo-via-telematica","status":"publish","type":"post","link":"https:\/\/noti-america.com\/site\/ecuador\/2021\/12\/27\/desde-el-27-de-diciembre-el-ministerio-de-turismo-atendera-solo-via-telematica\/","title":{"rendered":"Desde el 27 de diciembre el Ministerio de Turismo atender\u00e1 solo v\u00eda telem\u00e1tica"},"content":{"rendered":"<p>REDACCI\u00d3N NOTI AM\u00c9RICA (ECUADOR)<\/p>\n<div style=\"width: 917px\" class=\"wp-caption alignnone\"><img loading=\"lazy\" decoding=\"async\" src=\"http:\/\/publi-trans.com\/sitio\/wp-content\/uploads\/2013\/07\/ministerio_de_turismo.jpg\" alt=\"Ministerio de Turismo | Publicidad en buses Ecuador - Publicidad m\u00f3vil en  Ecuador - Buses con Publicidad - Publicidad en buses Guayaquil - Publicidad  en buses Cuenca - Publicidad en buses Quito -\" width=\"907\" height=\"584\" \/><p class=\"wp-caption-text\">min-tur<\/p><\/div>\n<p style=\"text-align: justify\">El Ministerio de Turismo informa a la ciudadan\u00eda en general y a los actores del sector en particular que, desde el\u00a0<strong>lunes 27 de diciembre hasta el jueves 30 de diciembre de 2021, laborar\u00e1 en todas sus unidades administrativas en modalidad de teletrabajo<\/strong>. Esto, a fin de precautelar la salud tanto de los funcionarios, como del p\u00fablico en general, tras la presencia de la nueva variante O\u0301micron en el pa\u00eds.<\/p>\n<p style=\"text-align: justify\">Todos los tr\u00e1mites y procesos que se requieran realizar podr\u00e1n ser atendidos a trav\u00e9s de las siguientes direcciones electr\u00f3nicas, seg\u00fan corresponda:<\/p>\n<p style=\"text-align: justify\"><strong>A escala nacional:<\/strong><\/p>\n<ul style=\"text-align: justify\">\n<li><a href=\"mailto:recepciondocumental.mintur@turismo.gob.ec\">mintur@turismo.gob.ec<\/a><\/li>\n<li><a href=\"mailto:unopormil@turismo.gob.ec\">unopormil@turismo.gob.ec<\/a><\/li>\n<li><a href=\"mailto:guias@turismo.gob.ec\">guias@turismo.gob.ec<\/a><\/li>\n<li><a href=\"mailto:denuncias@turismo.gob.ec\">denuncias@turismo.gob.ec<\/a><\/li>\n<li><a href=\"mailto:catastros@turismo.gob.ec\">catastros@turismo.gob.ec<\/a><\/li>\n<li><a href=\"mailto:capacitacion.mintur@turismo.gob.ec\">mintur@turismo.gob.ec<\/a><\/li>\n<li><a href=\"mailto:comunicacion@turismo.gob.ec\">comunicacion@turismo.gob.ec<\/a><\/li>\n<\/ul>\n<p style=\"text-align: justify\"><strong>A nivel provincial:<\/strong><\/p>\n<p style=\"text-align: justify\"><strong>Direcci\u00f3n Zonal 1:<\/strong>\u00a0<a href=\"mailto:minturnorte@yahoo.es\">minturnorte@yahoo.es<\/a>\u00a0(Imbabura, Carchi, Esmeraldas, Sucumb\u00edos, Orellana, Napo, Pichincha a excepci\u00f3n de Quito)<\/p>\n<p style=\"text-align: justify\"><strong>Direcci\u00f3n Zonal 6:<\/strong>\u00a0<a href=\"mailto:diego.vidal@turismo.gob.ec\">diego.vidal@turismo.gob.ec<\/a><\/p>\n<p style=\"text-align: justify\"><a href=\"mailto:stefanie.cabrera@turismo.gob.ec\">stefanie.cabrera@turismo.gob.ec<\/a>\u00a0(Cotopaxi, Tungurahua, Chimborazo, Pastaza, Azuay, Ca\u00f1ar, Morona Santiago, Zamora Chinchipe, Loja y El Oro)<\/p>\n<p style=\"text-align: justify\"><strong>Direcci\u00f3n zonal 8:<\/strong>\u00a0<a href=\"mailto:atencionusuariosdz8@turismo.gob.ec\">atencionusuariosdz8@turismo.gob.ec<\/a>\u00a0(Guayas, Manab\u00ed, Santa Elena, Los R\u00edos, Bol\u00edvar y Santo Domingo de los Ts\u00e1chilas)<strong>\u00a0<\/strong><\/p>\n<p style=\"text-align: justify\"><strong>Direcci\u00f3n Insular<\/strong>:\u00a0<a href=\"mailto:gabriela.echeverria@turismo.gob.ec\">gabriela.echeverria@turismo.gob.ec<\/a><\/p>\n<ul style=\"text-align: justify\">\n<li>Gesti\u00f3n Jur\u00eddica:\u00a0<a href=\"mailto:ronal.gallardo@turismo.gob.ec\">ronal.gallardo@turismo.gob.ec<\/a><\/li>\n<li>Gesti\u00f3n Administrativa Financiera:\u00a0<a href=\"mailto:lourdes.gamboa@turismo.gob.ec\">lourdes.gamboa@turismo.gob.ec<\/a><\/li>\n<li>Unidad de Acreditaci\u00f3n y Control:\u00a0<a href=\"mailto:franco.ramos@turismo.gob.ec\">franco.ramos@turismo.gob.ec<\/a><\/li>\n<li>Unidad de Desarrollo y Competitividad:\u00a0<a href=\"mailto:daniel.calvopina@turismo.gob.ec\">daniel.calvopina@turismo.gob.ec<\/a><\/li>\n<li>Unidad de Promoci\u00f3n:\u00a0<a href=\"mailto:jennifer.amaya@turismo.gob.ec\">jennifer.amaya@turismo.gob.ec<\/a><\/li>\n<li>Oficina T\u00e9cnica San Crist\u00f3bal:\u00a0<a href=\"mailto:omar.villacis@turismo.gob.ec\">omar.villacis@turismo.gob.ec<\/a><\/li>\n<li>Oficina T\u00e9cnica Isabela:\u00a0<a href=\"mailto:carla.roman@turismo.gob.ec\">carla.roman@turismo.gob.ec<\/a><\/li>\n<\/ul>\n<p style=\"text-align: justify\">Asimismo, ponemos a disposici\u00f3n las cuentas institucionales en redes sociales para recibir sus inquietudes y direccionar su respuesta oportuna:<\/p>\n<ul style=\"text-align: justify\">\n<li><strong>Twitter:<\/strong>\u00a0@turismoec<\/li>\n<li><strong>Facebook:<\/strong>\u00a0ministerio turismo ecuador<\/li>\n<li><strong>Instagram:<\/strong>\u00a0ministerioturismoec<\/li>\n<\/ul>\n<p style=\"text-align: justify\"><strong>Fuente: Ministerio de Turismo<\/strong><\/p>\n","protected":false},"excerpt":{"rendered":"<p>REDACCI\u00d3N NOTI AM\u00c9RICA (ECUADOR) El Ministerio de Turismo informa a la ciudadan\u00eda en general y a los actores del sector en particular que, desde el\u00a0lunes 27 de diciembre hasta el jueves 30 de diciembre&#46;&#46;&#46;<\/p>\n","protected":false},"author":17,"featured_media":17824,"comment_status":"open","ping_status":"open","sticky":false,"template":"","format":"standard","meta":{"_acf_changed":false,"om_disable_all_campaigns":false,"rop_custom_images_group":[],"rop_custom_messages_group":[],"rop_publish_now":"initial","rop_publish_now_accounts":{"twitter_242054905_242054905":""},"rop_publish_now_history":[],"rop_publish_now_status":"pending","_uf_show_specific_survey":0,"_uf_disable_surveys":false,"footnotes":""},"categories":[42],"tags":[],"class_list":["post-17822","post","type-post","status-publish","format-standard","has-post-thumbnail","hentry","category-noticias"],"acf":[],"aioseo_notices":[],"yoast_head":"<!-- This site is optimized with the Yoast SEO Premium plugin v24.9 (Yoast SEO v27.2) - https:\/\/yoast.com\/product\/yoast-seo-premium-wordpress\/ -->\n<title>Desde el 27 de diciembre el Ministerio de Turismo atender\u00e1 solo v\u00eda telem\u00e1tica - Ecuador | Noti-America.com<\/title>\n<meta name=\"robots\" content=\"index, follow, max-snippet:-1, max-image-preview:large, max-video-preview:-1\" \/>\n<link rel=\"canonical\" href=\"https:\/\/noti-america.com\/site\/ecuador\/2021\/12\/27\/desde-el-27-de-diciembre-el-ministerio-de-turismo-atendera-solo-via-telematica\/\" \/>\n<meta property=\"og:locale\" content=\"es_ES\" \/>\n<meta property=\"og:type\" content=\"article\" \/>\n<meta property=\"og:title\" content=\"Desde el 27 de diciembre el Ministerio de Turismo atender\u00e1 solo v\u00eda telem\u00e1tica\" \/>\n<meta property=\"og:description\" content=\"REDACCI\u00d3N NOTI AM\u00c9RICA (ECUADOR) El Ministerio de Turismo informa a la ciudadan\u00eda en general y a los actores del sector en particular que, desde el\u00a0lunes 27 de diciembre hasta el jueves 30 de diciembre&#046;&#046;&#046;\" \/>\n<meta property=\"og:url\" content=\"https:\/\/noti-america.com\/site\/ecuador\/2021\/12\/27\/desde-el-27-de-diciembre-el-ministerio-de-turismo-atendera-solo-via-telematica\/\" \/>\n<meta property=\"og:site_name\" content=\"Ecuador | Noti-America.com\" \/>\n<meta property=\"article:published_time\" content=\"2021-12-27T02:37:10+00:00\" \/>\n<meta property=\"og:image\" content=\"https:\/\/noti-america.com\/site\/ecuador\/wp-content\/uploads\/sites\/18\/2021\/12\/logo-min-tur.png\" \/>\n\t<meta property=\"og:image:width\" content=\"400\" \/>\n\t<meta property=\"og:image:height\" content=\"400\" \/>\n\t<meta property=\"og:image:type\" content=\"image\/png\" \/>\n<meta name=\"author\" content=\"Gregory Quintana Montiel\" \/>\n<meta name=\"twitter:card\" content=\"summary_large_image\" \/>\n<meta name=\"twitter:creator\" content=\"@gdgregori1\" \/>\n<meta name=\"twitter:site\" content=\"@notiamerica\" \/>\n<meta name=\"twitter:label1\" content=\"Escrito por\" \/>\n\t<meta name=\"twitter:data1\" content=\"Gregory Quintana Montiel\" \/>\n\t<meta name=\"twitter:label2\" content=\"Tiempo estimado de lectura\" \/>\n\t<meta name=\"twitter:data2\" content=\"2 minutos\" \/>\n<script type=\"application\/ld+json\" class=\"yoast-schema-graph\">{\"@context\":\"https:\/\/schema.org\",\"@graph\":[{\"@type\":\"Article\",\"@id\":\"https:\/\/noti-america.com\/site\/ecuador\/2021\/12\/27\/desde-el-27-de-diciembre-el-ministerio-de-turismo-atendera-solo-via-telematica\/#article\",\"isPartOf\":{\"@id\":\"https:\/\/noti-america.com\/site\/ecuador\/2021\/12\/27\/desde-el-27-de-diciembre-el-ministerio-de-turismo-atendera-solo-via-telematica\/\"},\"author\":{\"name\":\"Gregory Quintana Montiel\",\"@id\":\"https:\/\/noti-america.com\/site\/ecuador\/#\/schema\/person\/3b975e42f15abfe64bfe3abdd916efda\"},\"headline\":\"Desde el 27 de diciembre el Ministerio de Turismo atender\u00e1 solo v\u00eda telem\u00e1tica\",\"datePublished\":\"2021-12-27T02:37:10+00:00\",\"mainEntityOfPage\":{\"@id\":\"https:\/\/noti-america.com\/site\/ecuador\/2021\/12\/27\/desde-el-27-de-diciembre-el-ministerio-de-turismo-atendera-solo-via-telematica\/\"},\"wordCount\":336,\"commentCount\":0,\"publisher\":{\"@id\":\"https:\/\/noti-america.com\/site\/ecuador\/#organization\"},\"image\":{\"@id\":\"https:\/\/noti-america.com\/site\/ecuador\/2021\/12\/27\/desde-el-27-de-diciembre-el-ministerio-de-turismo-atendera-solo-via-telematica\/#primaryimage\"},\"thumbnailUrl\":\"https:\/\/noti-america.com\/site\/ecuador\/wp-content\/uploads\/sites\/18\/2021\/12\/logo-min-tur.png\",\"articleSection\":[\"Noticias\"],\"inLanguage\":\"es\",\"potentialAction\":[{\"@type\":\"CommentAction\",\"name\":\"Comment\",\"target\":[\"https:\/\/noti-america.com\/site\/ecuador\/2021\/12\/27\/desde-el-27-de-diciembre-el-ministerio-de-turismo-atendera-solo-via-telematica\/#respond\"]}]},{\"@type\":\"WebPage\",\"@id\":\"https:\/\/noti-america.com\/site\/ecuador\/2021\/12\/27\/desde-el-27-de-diciembre-el-ministerio-de-turismo-atendera-solo-via-telematica\/\",\"url\":\"https:\/\/noti-america.com\/site\/ecuador\/2021\/12\/27\/desde-el-27-de-diciembre-el-ministerio-de-turismo-atendera-solo-via-telematica\/\",\"name\":\"Desde el 27 de diciembre el Ministerio de Turismo atender\u00e1 solo v\u00eda telem\u00e1tica - Ecuador | Noti-America.com\",\"isPartOf\":{\"@id\":\"https:\/\/noti-america.com\/site\/ecuador\/#website\"},\"primaryImageOfPage\":{\"@id\":\"https:\/\/noti-america.com\/site\/ecuador\/2021\/12\/27\/desde-el-27-de-diciembre-el-ministerio-de-turismo-atendera-solo-via-telematica\/#primaryimage\"},\"image\":{\"@id\":\"https:\/\/noti-america.com\/site\/ecuador\/2021\/12\/27\/desde-el-27-de-diciembre-el-ministerio-de-turismo-atendera-solo-via-telematica\/#primaryimage\"},\"thumbnailUrl\":\"https:\/\/noti-america.com\/site\/ecuador\/wp-content\/uploads\/sites\/18\/2021\/12\/logo-min-tur.png\",\"datePublished\":\"2021-12-27T02:37:10+00:00\",\"breadcrumb\":{\"@id\":\"https:\/\/noti-america.com\/site\/ecuador\/2021\/12\/27\/desde-el-27-de-diciembre-el-ministerio-de-turismo-atendera-solo-via-telematica\/#breadcrumb\"},\"inLanguage\":\"es\",\"potentialAction\":[{\"@type\":\"ReadAction\",\"target\":[\"https:\/\/noti-america.com\/site\/ecuador\/2021\/12\/27\/desde-el-27-de-diciembre-el-ministerio-de-turismo-atendera-solo-via-telematica\/\"]}]},{\"@type\":\"ImageObject\",\"inLanguage\":\"es\",\"@id\":\"https:\/\/noti-america.com\/site\/ecuador\/2021\/12\/27\/desde-el-27-de-diciembre-el-ministerio-de-turismo-atendera-solo-via-telematica\/#primaryimage\",\"url\":\"https:\/\/noti-america.com\/site\/ecuador\/wp-content\/uploads\/sites\/18\/2021\/12\/logo-min-tur.png\",\"contentUrl\":\"https:\/\/noti-america.com\/site\/ecuador\/wp-content\/uploads\/sites\/18\/2021\/12\/logo-min-tur.png\",\"width\":400,\"height\":400},{\"@type\":\"BreadcrumbList\",\"@id\":\"https:\/\/noti-america.com\/site\/ecuador\/2021\/12\/27\/desde-el-27-de-diciembre-el-ministerio-de-turismo-atendera-solo-via-telematica\/#breadcrumb\",\"itemListElement\":[{\"@type\":\"ListItem\",\"position\":1,\"name\":\"Portada\",\"item\":\"https:\/\/noti-america.com\/site\/ecuador\/\"},{\"@type\":\"ListItem\",\"position\":2,\"name\":\"Desde el 27 de diciembre el Ministerio de Turismo atender\u00e1 solo v\u00eda telem\u00e1tica\"}]},{\"@type\":\"WebSite\",\"@id\":\"https:\/\/noti-america.com\/site\/ecuador\/#website\",\"url\":\"https:\/\/noti-america.com\/site\/ecuador\/\",\"name\":\"Ecuador | Noti-America.com\",\"description\":\"\",\"publisher\":{\"@id\":\"https:\/\/noti-america.com\/site\/ecuador\/#organization\"},\"potentialAction\":[{\"@type\":\"SearchAction\",\"target\":{\"@type\":\"EntryPoint\",\"urlTemplate\":\"https:\/\/noti-america.com\/site\/ecuador\/?s={search_term_string}\"},\"query-input\":{\"@type\":\"PropertyValueSpecification\",\"valueRequired\":true,\"valueName\":\"search_term_string\"}}],\"inLanguage\":\"es\"},{\"@type\":\"Organization\",\"@id\":\"https:\/\/noti-america.com\/site\/ecuador\/#organization\",\"name\":\"Noti-America LLC | Ecuador\",\"url\":\"https:\/\/noti-america.com\/site\/ecuador\/\",\"logo\":{\"@type\":\"ImageObject\",\"inLanguage\":\"es\",\"@id\":\"https:\/\/noti-america.com\/site\/ecuador\/#\/schema\/logo\/image\/\",\"url\":\"https:\/\/noti-america.com\/site\/ecuador\/wp-content\/uploads\/sites\/18\/2020\/07\/LogoNA-4x3-1.jpg\",\"contentUrl\":\"https:\/\/noti-america.com\/site\/ecuador\/wp-content\/uploads\/sites\/18\/2020\/07\/LogoNA-4x3-1.jpg\",\"width\":1236,\"height\":1080,\"caption\":\"Noti-America LLC | Ecuador\"},\"image\":{\"@id\":\"https:\/\/noti-america.com\/site\/ecuador\/#\/schema\/logo\/image\/\"},\"sameAs\":[\"https:\/\/x.com\/notiamerica\"]},{\"@type\":\"Person\",\"@id\":\"https:\/\/noti-america.com\/site\/ecuador\/#\/schema\/person\/3b975e42f15abfe64bfe3abdd916efda\",\"name\":\"Gregory Quintana Montiel\",\"image\":{\"@type\":\"ImageObject\",\"inLanguage\":\"es\",\"@id\":\"https:\/\/secure.gravatar.com\/avatar\/2d6b802f7720c2ec7744dcbe608cc2f3417aeb964d58b443c6d612b77531de1d?s=96&d=mm&r=g\",\"url\":\"https:\/\/secure.gravatar.com\/avatar\/2d6b802f7720c2ec7744dcbe608cc2f3417aeb964d58b443c6d612b77531de1d?s=96&d=mm&r=g\",\"contentUrl\":\"https:\/\/secure.gravatar.com\/avatar\/2d6b802f7720c2ec7744dcbe608cc2f3417aeb964d58b443c6d612b77531de1d?s=96&d=mm&r=g\",\"caption\":\"Gregory Quintana Montiel\"},\"description\":\"Licenciatura en Ciencias de la Comunicaci\u00f3n Social, egresado en la Especializaci\u00f3n Derecho Ambiental Desarrollo Sostenible y Sustentable, Miembro de la Comunidad de profesionales y experto para Latinoam\u00e9rica y el Caribe en Gesti\u00f3n por Resultado en el Desarrollo (COPLAC - GpRD) del Banco Interamericano de Desarrollo, experiencia en medios radiales y escritos.\",\"sameAs\":[\"https:\/\/x.com\/gdgregori1\",\"gquintana\"],\"url\":\"https:\/\/noti-america.com\/site\/ecuador\/author\/gquintana\/\"}]}<\/script>\n<!-- \/ Yoast SEO Premium plugin. -->","yoast_head_json":{"title":"Desde el 27 de diciembre el Ministerio de Turismo atender\u00e1 solo v\u00eda telem\u00e1tica - Ecuador | Noti-America.com","robots":{"index":"index","follow":"follow","max-snippet":"max-snippet:-1","max-image-preview":"max-image-preview:large","max-video-preview":"max-video-preview:-1"},"canonical":"https:\/\/noti-america.com\/site\/ecuador\/2021\/12\/27\/desde-el-27-de-diciembre-el-ministerio-de-turismo-atendera-solo-via-telematica\/","og_locale":"es_ES","og_type":"article","og_title":"Desde el 27 de diciembre el Ministerio de Turismo atender\u00e1 solo v\u00eda telem\u00e1tica","og_description":"REDACCI\u00d3N NOTI AM\u00c9RICA (ECUADOR) El Ministerio de Turismo informa a la ciudadan\u00eda en general y a los actores del sector en particular que, desde el\u00a0lunes 27 de diciembre hasta el jueves 30 de diciembre&#46;&#46;&#46;","og_url":"https:\/\/noti-america.com\/site\/ecuador\/2021\/12\/27\/desde-el-27-de-diciembre-el-ministerio-de-turismo-atendera-solo-via-telematica\/","og_site_name":"Ecuador | Noti-America.com","article_published_time":"2021-12-27T02:37:10+00:00","og_image":[{"width":400,"height":400,"url":"https:\/\/noti-america.com\/site\/ecuador\/wp-content\/uploads\/sites\/18\/2021\/12\/logo-min-tur.png","type":"image\/png"}],"author":"Gregory Quintana Montiel","twitter_card":"summary_large_image","twitter_creator":"@gdgregori1","twitter_site":"@notiamerica","twitter_misc":{"Escrito por":"Gregory Quintana Montiel","Tiempo estimado de lectura":"2 minutos"},"schema":{"@context":"https:\/\/schema.org","@graph":[{"@type":"Article","@id":"https:\/\/noti-america.com\/site\/ecuador\/2021\/12\/27\/desde-el-27-de-diciembre-el-ministerio-de-turismo-atendera-solo-via-telematica\/#article","isPartOf":{"@id":"https:\/\/noti-america.com\/site\/ecuador\/2021\/12\/27\/desde-el-27-de-diciembre-el-ministerio-de-turismo-atendera-solo-via-telematica\/"},"author":{"name":"Gregory Quintana Montiel","@id":"https:\/\/noti-america.com\/site\/ecuador\/#\/schema\/person\/3b975e42f15abfe64bfe3abdd916efda"},"headline":"Desde el 27 de diciembre el Ministerio de Turismo atender\u00e1 solo v\u00eda telem\u00e1tica","datePublished":"2021-12-27T02:37:10+00:00","mainEntityOfPage":{"@id":"https:\/\/noti-america.com\/site\/ecuador\/2021\/12\/27\/desde-el-27-de-diciembre-el-ministerio-de-turismo-atendera-solo-via-telematica\/"},"wordCount":336,"commentCount":0,"publisher":{"@id":"https:\/\/noti-america.com\/site\/ecuador\/#organization"},"image":{"@id":"https:\/\/noti-america.com\/site\/ecuador\/2021\/12\/27\/desde-el-27-de-diciembre-el-ministerio-de-turismo-atendera-solo-via-telematica\/#primaryimage"},"thumbnailUrl":"https:\/\/noti-america.com\/site\/ecuador\/wp-content\/uploads\/sites\/18\/2021\/12\/logo-min-tur.png","articleSection":["Noticias"],"inLanguage":"es","potentialAction":[{"@type":"CommentAction","name":"Comment","target":["https:\/\/noti-america.com\/site\/ecuador\/2021\/12\/27\/desde-el-27-de-diciembre-el-ministerio-de-turismo-atendera-solo-via-telematica\/#respond"]}]},{"@type":"WebPage","@id":"https:\/\/noti-america.com\/site\/ecuador\/2021\/12\/27\/desde-el-27-de-diciembre-el-ministerio-de-turismo-atendera-solo-via-telematica\/","url":"https:\/\/noti-america.com\/site\/ecuador\/2021\/12\/27\/desde-el-27-de-diciembre-el-ministerio-de-turismo-atendera-solo-via-telematica\/","name":"Desde el 27 de diciembre el Ministerio de Turismo atender\u00e1 solo v\u00eda telem\u00e1tica - Ecuador | Noti-America.com","isPartOf":{"@id":"https:\/\/noti-america.com\/site\/ecuador\/#website"},"primaryImageOfPage":{"@id":"https:\/\/noti-america.com\/site\/ecuador\/2021\/12\/27\/desde-el-27-de-diciembre-el-ministerio-de-turismo-atendera-solo-via-telematica\/#primaryimage"},"image":{"@id":"https:\/\/noti-america.com\/site\/ecuador\/2021\/12\/27\/desde-el-27-de-diciembre-el-ministerio-de-turismo-atendera-solo-via-telematica\/#primaryimage"},"thumbnailUrl":"https:\/\/noti-america.com\/site\/ecuador\/wp-content\/uploads\/sites\/18\/2021\/12\/logo-min-tur.png","datePublished":"2021-12-27T02:37:10+00:00","breadcrumb":{"@id":"https:\/\/noti-america.com\/site\/ecuador\/2021\/12\/27\/desde-el-27-de-diciembre-el-ministerio-de-turismo-atendera-solo-via-telematica\/#breadcrumb"},"inLanguage":"es","potentialAction":[{"@type":"ReadAction","target":["https:\/\/noti-america.com\/site\/ecuador\/2021\/12\/27\/desde-el-27-de-diciembre-el-ministerio-de-turismo-atendera-solo-via-telematica\/"]}]},{"@type":"ImageObject","inLanguage":"es","@id":"https:\/\/noti-america.com\/site\/ecuador\/2021\/12\/27\/desde-el-27-de-diciembre-el-ministerio-de-turismo-atendera-solo-via-telematica\/#primaryimage","url":"https:\/\/noti-america.com\/site\/ecuador\/wp-content\/uploads\/sites\/18\/2021\/12\/logo-min-tur.png","contentUrl":"https:\/\/noti-america.com\/site\/ecuador\/wp-content\/uploads\/sites\/18\/2021\/12\/logo-min-tur.png","width":400,"height":400},{"@type":"BreadcrumbList","@id":"https:\/\/noti-america.com\/site\/ecuador\/2021\/12\/27\/desde-el-27-de-diciembre-el-ministerio-de-turismo-atendera-solo-via-telematica\/#breadcrumb","itemListElement":[{"@type":"ListItem","position":1,"name":"Portada","item":"https:\/\/noti-america.com\/site\/ecuador\/"},{"@type":"ListItem","position":2,"name":"Desde el 27 de diciembre el Ministerio de Turismo atender\u00e1 solo v\u00eda telem\u00e1tica"}]},{"@type":"WebSite","@id":"https:\/\/noti-america.com\/site\/ecuador\/#website","url":"https:\/\/noti-america.com\/site\/ecuador\/","name":"Ecuador | Noti-America.com","description":"","publisher":{"@id":"https:\/\/noti-america.com\/site\/ecuador\/#organization"},"potentialAction":[{"@type":"SearchAction","target":{"@type":"EntryPoint","urlTemplate":"https:\/\/noti-america.com\/site\/ecuador\/?s={search_term_string}"},"query-input":{"@type":"PropertyValueSpecification","valueRequired":true,"valueName":"search_term_string"}}],"inLanguage":"es"},{"@type":"Organization","@id":"https:\/\/noti-america.com\/site\/ecuador\/#organization","name":"Noti-America LLC | Ecuador","url":"https:\/\/noti-america.com\/site\/ecuador\/","logo":{"@type":"ImageObject","inLanguage":"es","@id":"https:\/\/noti-america.com\/site\/ecuador\/#\/schema\/logo\/image\/","url":"https:\/\/noti-america.com\/site\/ecuador\/wp-content\/uploads\/sites\/18\/2020\/07\/LogoNA-4x3-1.jpg","contentUrl":"https:\/\/noti-america.com\/site\/ecuador\/wp-content\/uploads\/sites\/18\/2020\/07\/LogoNA-4x3-1.jpg","width":1236,"height":1080,"caption":"Noti-America LLC | Ecuador"},"image":{"@id":"https:\/\/noti-america.com\/site\/ecuador\/#\/schema\/logo\/image\/"},"sameAs":["https:\/\/x.com\/notiamerica"]},{"@type":"Person","@id":"https:\/\/noti-america.com\/site\/ecuador\/#\/schema\/person\/3b975e42f15abfe64bfe3abdd916efda","name":"Gregory Quintana Montiel","image":{"@type":"ImageObject","inLanguage":"es","@id":"https:\/\/secure.gravatar.com\/avatar\/2d6b802f7720c2ec7744dcbe608cc2f3417aeb964d58b443c6d612b77531de1d?s=96&d=mm&r=g","url":"https:\/\/secure.gravatar.com\/avatar\/2d6b802f7720c2ec7744dcbe608cc2f3417aeb964d58b443c6d612b77531de1d?s=96&d=mm&r=g","contentUrl":"https:\/\/secure.gravatar.com\/avatar\/2d6b802f7720c2ec7744dcbe608cc2f3417aeb964d58b443c6d612b77531de1d?s=96&d=mm&r=g","caption":"Gregory Quintana Montiel"},"description":"Licenciatura en Ciencias de la Comunicaci\u00f3n Social, egresado en la Especializaci\u00f3n Derecho Ambiental Desarrollo Sostenible y Sustentable, Miembro de la Comunidad de profesionales y experto para Latinoam\u00e9rica y el Caribe en Gesti\u00f3n por Resultado en el Desarrollo (COPLAC - GpRD) del Banco Interamericano de Desarrollo, experiencia en medios radiales y escritos.","sameAs":["https:\/\/x.com\/gdgregori1","gquintana"],"url":"https:\/\/noti-america.com\/site\/ecuador\/author\/gquintana\/"}]}},"_links":{"self":[{"href":"https:\/\/noti-america.com\/site\/ecuador\/wp-json\/wp\/v2\/posts\/17822","targetHints":{"allow":["GET"]}}],"collection":[{"href":"https:\/\/noti-america.com\/site\/ecuador\/wp-json\/wp\/v2\/posts"}],"about":[{"href":"https:\/\/noti-america.com\/site\/ecuador\/wp-json\/wp\/v2\/types\/post"}],"author":[{"embeddable":true,"href":"https:\/\/noti-america.com\/site\/ecuador\/wp-json\/wp\/v2\/users\/17"}],"replies":[{"embeddable":true,"href":"https:\/\/noti-america.com\/site\/ecuador\/wp-json\/wp\/v2\/comments?post=17822"}],"version-history":[{"count":1,"href":"https:\/\/noti-america.com\/site\/ecuador\/wp-json\/wp\/v2\/posts\/17822\/revisions"}],"predecessor-version":[{"id":17825,"href":"https:\/\/noti-america.com\/site\/ecuador\/wp-json\/wp\/v2\/posts\/17822\/revisions\/17825"}],"wp:featuredmedia":[{"embeddable":true,"href":"https:\/\/noti-america.com\/site\/ecuador\/wp-json\/wp\/v2\/media\/17824"}],"wp:attachment":[{"href":"https:\/\/noti-america.com\/site\/ecuador\/wp-json\/wp\/v2\/media?parent=17822"}],"wp:term":[{"taxonomy":"category","embeddable":true,"href":"https:\/\/noti-america.com\/site\/ecuador\/wp-json\/wp\/v2\/categories?post=17822"},{"taxonomy":"post_tag","embeddable":true,"href":"https:\/\/noti-america.com\/site\/ecuador\/wp-json\/wp\/v2\/tags?post=17822"}],"curies":[{"name":"wp","href":"https:\/\/api.w.org\/{rel}","templated":true}]}}