{"id":17768,"date":"2021-12-17T13:18:41","date_gmt":"2021-12-17T13:18:41","guid":{"rendered":"https:\/\/noti-america.com\/site\/ecuador\/?p=17768"},"modified":"2021-12-17T13:18:41","modified_gmt":"2021-12-17T13:18:41","slug":"ecuador-subvenciona-a-ganaderos-con-equipos-de-ultima-tecnologia","status":"publish","type":"post","link":"https:\/\/noti-america.com\/site\/ecuador\/2021\/12\/17\/ecuador-subvenciona-a-ganaderos-con-equipos-de-ultima-tecnologia\/","title":{"rendered":"Ecuador subvenciona a ganaderos con equipos de \u00faltima tecnolog\u00eda"},"content":{"rendered":"<div><strong>REDACCI\u00d3N NOTI AM\u00c9RICA (ECUADOR)<\/strong><\/div>\n<div class=\"pull-left img-destacada\">\n<div style=\"width: 1058px\" class=\"wp-caption alignnone\"><img loading=\"lazy\" decoding=\"async\" class=\"img-responsive wp-post-image\" src=\"https:\/\/www.agricultura.gob.ec\/wp-content\/uploads\/2021\/12\/Captura-de-Pantalla-2021-12-15-a-las-12.39.37.png\" alt=\"\" width=\"1048\" height=\"646\" \/><p class=\"wp-caption-text\">El mayor beneficio para el ganadero es acceder a esta tecnolog\u00eda a bajo costo, garantizando una producci\u00f3n de alta calidad de ganado bovino en el pa\u00eds.<\/p><\/div>\n<\/div>\n<p style=\"text-align: justify\">El Ministerio de Agricultura y Ganader\u00eda (MAG), con subvenciones de entre el 50 y 70%, entreg\u00f3 orde\u00f1adoras m\u00f3viles, que tienen el prop\u00f3sito de profesionalizar y hacer competitivo al sector ganadero, como parte de los paquetes tecnol\u00f3gicos pecuarios que ofrece.<\/p>\n<p style=\"text-align: justify\">Cristhian Flores, director Distrital del MAG, indic\u00f3 que \u201cla estrategia est\u00e1 basada en diversos ejes como: calidad, producci\u00f3n con base en la demanda, infraestructura productiva y crediticia\u201d. Asimismo, asegur\u00f3 que la entrega de los paquetes tecnol\u00f3gicos pecuarios, con incentivos, permite tecnificar e impulsar el desarrollo del sector ganadero.<\/p>\n<p style=\"text-align: justify\">Orde\u00f1adoras mec\u00e1nicas, unidades de pastos y forrajes son parte de los beneficios de los 65 paquetes tecnol\u00f3gicos pecuarios que se han entregado en los siete cantones de la provincia de Esmeraldas durante este Gobierno, en lo que va del a\u00f1o.<\/p>\n<p style=\"text-align: justify\">Entre los paquetes tecnol\u00f3gicos ofertados a los ganaderos est\u00e1n: aretes para la identificaci\u00f3n bovina, recambio de vaconas, adquisici\u00f3n de toros reproductores, centros de acopio de leche, orde\u00f1adoras m\u00f3viles, pie de cr\u00eda de ovinos y el servicio de pre\u00f1ez por embriones bovinos.<\/p>\n<p style=\"text-align: justify\">Los requisitos para la obtenci\u00f3n de estos insumos son espec\u00edficos para cada paquete tecnol\u00f3gico, uno de los principales es ser persona natural o jur\u00eddica, registrado en el MAG.<\/p>\n<p style=\"text-align: justify\">\n","protected":false},"excerpt":{"rendered":"<p>REDACCI\u00d3N NOTI AM\u00c9RICA (ECUADOR) El Ministerio de Agricultura y Ganader\u00eda (MAG), con subvenciones de entre el 50 y 70%, entreg\u00f3 orde\u00f1adoras m\u00f3viles, que tienen el prop\u00f3sito de profesionalizar y hacer competitivo al sector ganadero,&#46;&#46;&#46;<\/p>\n","protected":false},"author":113,"featured_media":17769,"comment_status":"open","ping_status":"open","sticky":false,"template":"","format":"standard","meta":{"_acf_changed":false,"om_disable_all_campaigns":false,"rop_custom_images_group":[],"rop_custom_messages_group":[],"rop_publish_now":"initial","rop_publish_now_accounts":{"twitter_242054905_242054905":""},"rop_publish_now_history":[],"rop_publish_now_status":"pending","_uf_show_specific_survey":0,"_uf_disable_surveys":false,"footnotes":""},"categories":[83],"tags":[],"class_list":["post-17768","post","type-post","status-publish","format-standard","has-post-thumbnail","hentry","category-agricultura"],"acf":[],"aioseo_notices":[],"yoast_head":"<!-- This site is optimized with the Yoast SEO Premium plugin v24.9 (Yoast SEO v27.2) - https:\/\/yoast.com\/product\/yoast-seo-premium-wordpress\/ -->\n<title>Ecuador subvenciona a ganaderos con equipos de \u00faltima tecnolog\u00eda - Ecuador | Noti-America.com<\/title>\n<meta name=\"robots\" content=\"index, follow, max-snippet:-1, max-image-preview:large, max-video-preview:-1\" \/>\n<link rel=\"canonical\" href=\"https:\/\/noti-america.com\/site\/ecuador\/2021\/12\/17\/ecuador-subvenciona-a-ganaderos-con-equipos-de-ultima-tecnologia\/\" \/>\n<meta property=\"og:locale\" content=\"es_ES\" \/>\n<meta property=\"og:type\" content=\"article\" \/>\n<meta property=\"og:title\" content=\"Ecuador subvenciona a ganaderos con equipos de \u00faltima tecnolog\u00eda\" \/>\n<meta property=\"og:description\" content=\"REDACCI\u00d3N NOTI AM\u00c9RICA (ECUADOR) El Ministerio de Agricultura y Ganader\u00eda (MAG), con subvenciones de entre el 50 y 70%, entreg\u00f3 orde\u00f1adoras m\u00f3viles, que tienen el prop\u00f3sito de profesionalizar y hacer competitivo al sector ganadero,&#046;&#046;&#046;\" \/>\n<meta property=\"og:url\" content=\"https:\/\/noti-america.com\/site\/ecuador\/2021\/12\/17\/ecuador-subvenciona-a-ganaderos-con-equipos-de-ultima-tecnologia\/\" \/>\n<meta property=\"og:site_name\" content=\"Ecuador | Noti-America.com\" \/>\n<meta property=\"article:published_time\" content=\"2021-12-17T13:18:41+00:00\" \/>\n<meta property=\"og:image\" content=\"https:\/\/noti-america.com\/site\/ecuador\/wp-content\/uploads\/sites\/18\/2021\/12\/17-DIC-Captura-de-Pantalla-2021-12-15-a-las-12.39.37.png\" \/>\n\t<meta property=\"og:image:width\" content=\"1048\" \/>\n\t<meta property=\"og:image:height\" content=\"646\" \/>\n\t<meta property=\"og:image:type\" content=\"image\/png\" \/>\n<meta name=\"author\" content=\"Henry Ortiz\" \/>\n<meta name=\"twitter:card\" content=\"summary_large_image\" \/>\n<meta name=\"twitter:creator\" content=\"@notiamerica\" \/>\n<meta name=\"twitter:site\" content=\"@notiamerica\" \/>\n<meta name=\"twitter:label1\" content=\"Escrito por\" \/>\n\t<meta name=\"twitter:data1\" content=\"Henry Ortiz\" \/>\n\t<meta name=\"twitter:label2\" content=\"Tiempo estimado de lectura\" \/>\n\t<meta name=\"twitter:data2\" content=\"2 minutos\" \/>\n<script type=\"application\/ld+json\" class=\"yoast-schema-graph\">{\"@context\":\"https:\/\/schema.org\",\"@graph\":[{\"@type\":\"Article\",\"@id\":\"https:\/\/noti-america.com\/site\/ecuador\/2021\/12\/17\/ecuador-subvenciona-a-ganaderos-con-equipos-de-ultima-tecnologia\/#article\",\"isPartOf\":{\"@id\":\"https:\/\/noti-america.com\/site\/ecuador\/2021\/12\/17\/ecuador-subvenciona-a-ganaderos-con-equipos-de-ultima-tecnologia\/\"},\"author\":{\"name\":\"Henry Ortiz\",\"@id\":\"https:\/\/noti-america.com\/site\/ecuador\/#\/schema\/person\/b9d1630cc6598af759d45c790a347283\"},\"headline\":\"Ecuador subvenciona a ganaderos con equipos de \u00faltima tecnolog\u00eda\",\"datePublished\":\"2021-12-17T13:18:41+00:00\",\"mainEntityOfPage\":{\"@id\":\"https:\/\/noti-america.com\/site\/ecuador\/2021\/12\/17\/ecuador-subvenciona-a-ganaderos-con-equipos-de-ultima-tecnologia\/\"},\"wordCount\":267,\"commentCount\":0,\"publisher\":{\"@id\":\"https:\/\/noti-america.com\/site\/ecuador\/#organization\"},\"image\":{\"@id\":\"https:\/\/noti-america.com\/site\/ecuador\/2021\/12\/17\/ecuador-subvenciona-a-ganaderos-con-equipos-de-ultima-tecnologia\/#primaryimage\"},\"thumbnailUrl\":\"https:\/\/noti-america.com\/site\/ecuador\/wp-content\/uploads\/sites\/18\/2021\/12\/17-DIC-Captura-de-Pantalla-2021-12-15-a-las-12.39.37.png\",\"articleSection\":[\"Agricultura\"],\"inLanguage\":\"es\",\"potentialAction\":[{\"@type\":\"CommentAction\",\"name\":\"Comment\",\"target\":[\"https:\/\/noti-america.com\/site\/ecuador\/2021\/12\/17\/ecuador-subvenciona-a-ganaderos-con-equipos-de-ultima-tecnologia\/#respond\"]}]},{\"@type\":\"WebPage\",\"@id\":\"https:\/\/noti-america.com\/site\/ecuador\/2021\/12\/17\/ecuador-subvenciona-a-ganaderos-con-equipos-de-ultima-tecnologia\/\",\"url\":\"https:\/\/noti-america.com\/site\/ecuador\/2021\/12\/17\/ecuador-subvenciona-a-ganaderos-con-equipos-de-ultima-tecnologia\/\",\"name\":\"Ecuador subvenciona a ganaderos con equipos de \u00faltima tecnolog\u00eda - Ecuador | Noti-America.com\",\"isPartOf\":{\"@id\":\"https:\/\/noti-america.com\/site\/ecuador\/#website\"},\"primaryImageOfPage\":{\"@id\":\"https:\/\/noti-america.com\/site\/ecuador\/2021\/12\/17\/ecuador-subvenciona-a-ganaderos-con-equipos-de-ultima-tecnologia\/#primaryimage\"},\"image\":{\"@id\":\"https:\/\/noti-america.com\/site\/ecuador\/2021\/12\/17\/ecuador-subvenciona-a-ganaderos-con-equipos-de-ultima-tecnologia\/#primaryimage\"},\"thumbnailUrl\":\"https:\/\/noti-america.com\/site\/ecuador\/wp-content\/uploads\/sites\/18\/2021\/12\/17-DIC-Captura-de-Pantalla-2021-12-15-a-las-12.39.37.png\",\"datePublished\":\"2021-12-17T13:18:41+00:00\",\"breadcrumb\":{\"@id\":\"https:\/\/noti-america.com\/site\/ecuador\/2021\/12\/17\/ecuador-subvenciona-a-ganaderos-con-equipos-de-ultima-tecnologia\/#breadcrumb\"},\"inLanguage\":\"es\",\"potentialAction\":[{\"@type\":\"ReadAction\",\"target\":[\"https:\/\/noti-america.com\/site\/ecuador\/2021\/12\/17\/ecuador-subvenciona-a-ganaderos-con-equipos-de-ultima-tecnologia\/\"]}]},{\"@type\":\"ImageObject\",\"inLanguage\":\"es\",\"@id\":\"https:\/\/noti-america.com\/site\/ecuador\/2021\/12\/17\/ecuador-subvenciona-a-ganaderos-con-equipos-de-ultima-tecnologia\/#primaryimage\",\"url\":\"https:\/\/noti-america.com\/site\/ecuador\/wp-content\/uploads\/sites\/18\/2021\/12\/17-DIC-Captura-de-Pantalla-2021-12-15-a-las-12.39.37.png\",\"contentUrl\":\"https:\/\/noti-america.com\/site\/ecuador\/wp-content\/uploads\/sites\/18\/2021\/12\/17-DIC-Captura-de-Pantalla-2021-12-15-a-las-12.39.37.png\",\"width\":1048,\"height\":646},{\"@type\":\"BreadcrumbList\",\"@id\":\"https:\/\/noti-america.com\/site\/ecuador\/2021\/12\/17\/ecuador-subvenciona-a-ganaderos-con-equipos-de-ultima-tecnologia\/#breadcrumb\",\"itemListElement\":[{\"@type\":\"ListItem\",\"position\":1,\"name\":\"Portada\",\"item\":\"https:\/\/noti-america.com\/site\/ecuador\/\"},{\"@type\":\"ListItem\",\"position\":2,\"name\":\"Ecuador subvenciona a ganaderos con equipos de \u00faltima tecnolog\u00eda\"}]},{\"@type\":\"WebSite\",\"@id\":\"https:\/\/noti-america.com\/site\/ecuador\/#website\",\"url\":\"https:\/\/noti-america.com\/site\/ecuador\/\",\"name\":\"Ecuador | Noti-America.com\",\"description\":\"\",\"publisher\":{\"@id\":\"https:\/\/noti-america.com\/site\/ecuador\/#organization\"},\"potentialAction\":[{\"@type\":\"SearchAction\",\"target\":{\"@type\":\"EntryPoint\",\"urlTemplate\":\"https:\/\/noti-america.com\/site\/ecuador\/?s={search_term_string}\"},\"query-input\":{\"@type\":\"PropertyValueSpecification\",\"valueRequired\":true,\"valueName\":\"search_term_string\"}}],\"inLanguage\":\"es\"},{\"@type\":\"Organization\",\"@id\":\"https:\/\/noti-america.com\/site\/ecuador\/#organization\",\"name\":\"Noti-America LLC | Ecuador\",\"url\":\"https:\/\/noti-america.com\/site\/ecuador\/\",\"logo\":{\"@type\":\"ImageObject\",\"inLanguage\":\"es\",\"@id\":\"https:\/\/noti-america.com\/site\/ecuador\/#\/schema\/logo\/image\/\",\"url\":\"https:\/\/noti-america.com\/site\/ecuador\/wp-content\/uploads\/sites\/18\/2020\/07\/LogoNA-4x3-1.jpg\",\"contentUrl\":\"https:\/\/noti-america.com\/site\/ecuador\/wp-content\/uploads\/sites\/18\/2020\/07\/LogoNA-4x3-1.jpg\",\"width\":1236,\"height\":1080,\"caption\":\"Noti-America LLC | Ecuador\"},\"image\":{\"@id\":\"https:\/\/noti-america.com\/site\/ecuador\/#\/schema\/logo\/image\/\"},\"sameAs\":[\"https:\/\/x.com\/notiamerica\"]},{\"@type\":\"Person\",\"@id\":\"https:\/\/noti-america.com\/site\/ecuador\/#\/schema\/person\/b9d1630cc6598af759d45c790a347283\",\"name\":\"Henry Ortiz\",\"image\":{\"@type\":\"ImageObject\",\"inLanguage\":\"es\",\"@id\":\"https:\/\/secure.gravatar.com\/avatar\/0b5407b5b302fbb6a578e625dca512ac2983ee5fa9ea941d581b83c40212e4c8?s=96&d=mm&r=g\",\"url\":\"https:\/\/secure.gravatar.com\/avatar\/0b5407b5b302fbb6a578e625dca512ac2983ee5fa9ea941d581b83c40212e4c8?s=96&d=mm&r=g\",\"contentUrl\":\"https:\/\/secure.gravatar.com\/avatar\/0b5407b5b302fbb6a578e625dca512ac2983ee5fa9ea941d581b83c40212e4c8?s=96&d=mm&r=g\",\"caption\":\"Henry Ortiz\"},\"url\":\"https:\/\/noti-america.com\/site\/ecuador\/author\/hortiz\/\"}]}<\/script>\n<!-- \/ Yoast SEO Premium plugin. -->","yoast_head_json":{"title":"Ecuador subvenciona a ganaderos con equipos de \u00faltima tecnolog\u00eda - Ecuador | Noti-America.com","robots":{"index":"index","follow":"follow","max-snippet":"max-snippet:-1","max-image-preview":"max-image-preview:large","max-video-preview":"max-video-preview:-1"},"canonical":"https:\/\/noti-america.com\/site\/ecuador\/2021\/12\/17\/ecuador-subvenciona-a-ganaderos-con-equipos-de-ultima-tecnologia\/","og_locale":"es_ES","og_type":"article","og_title":"Ecuador subvenciona a ganaderos con equipos de \u00faltima tecnolog\u00eda","og_description":"REDACCI\u00d3N NOTI AM\u00c9RICA (ECUADOR) El Ministerio de Agricultura y Ganader\u00eda (MAG), con subvenciones de entre el 50 y 70%, entreg\u00f3 orde\u00f1adoras m\u00f3viles, que tienen el prop\u00f3sito de profesionalizar y hacer competitivo al sector ganadero,&#46;&#46;&#46;","og_url":"https:\/\/noti-america.com\/site\/ecuador\/2021\/12\/17\/ecuador-subvenciona-a-ganaderos-con-equipos-de-ultima-tecnologia\/","og_site_name":"Ecuador | Noti-America.com","article_published_time":"2021-12-17T13:18:41+00:00","og_image":[{"width":1048,"height":646,"url":"https:\/\/noti-america.com\/site\/ecuador\/wp-content\/uploads\/sites\/18\/2021\/12\/17-DIC-Captura-de-Pantalla-2021-12-15-a-las-12.39.37.png","type":"image\/png"}],"author":"Henry Ortiz","twitter_card":"summary_large_image","twitter_creator":"@notiamerica","twitter_site":"@notiamerica","twitter_misc":{"Escrito por":"Henry Ortiz","Tiempo estimado de lectura":"2 minutos"},"schema":{"@context":"https:\/\/schema.org","@graph":[{"@type":"Article","@id":"https:\/\/noti-america.com\/site\/ecuador\/2021\/12\/17\/ecuador-subvenciona-a-ganaderos-con-equipos-de-ultima-tecnologia\/#article","isPartOf":{"@id":"https:\/\/noti-america.com\/site\/ecuador\/2021\/12\/17\/ecuador-subvenciona-a-ganaderos-con-equipos-de-ultima-tecnologia\/"},"author":{"name":"Henry Ortiz","@id":"https:\/\/noti-america.com\/site\/ecuador\/#\/schema\/person\/b9d1630cc6598af759d45c790a347283"},"headline":"Ecuador subvenciona a ganaderos con equipos de \u00faltima tecnolog\u00eda","datePublished":"2021-12-17T13:18:41+00:00","mainEntityOfPage":{"@id":"https:\/\/noti-america.com\/site\/ecuador\/2021\/12\/17\/ecuador-subvenciona-a-ganaderos-con-equipos-de-ultima-tecnologia\/"},"wordCount":267,"commentCount":0,"publisher":{"@id":"https:\/\/noti-america.com\/site\/ecuador\/#organization"},"image":{"@id":"https:\/\/noti-america.com\/site\/ecuador\/2021\/12\/17\/ecuador-subvenciona-a-ganaderos-con-equipos-de-ultima-tecnologia\/#primaryimage"},"thumbnailUrl":"https:\/\/noti-america.com\/site\/ecuador\/wp-content\/uploads\/sites\/18\/2021\/12\/17-DIC-Captura-de-Pantalla-2021-12-15-a-las-12.39.37.png","articleSection":["Agricultura"],"inLanguage":"es","potentialAction":[{"@type":"CommentAction","name":"Comment","target":["https:\/\/noti-america.com\/site\/ecuador\/2021\/12\/17\/ecuador-subvenciona-a-ganaderos-con-equipos-de-ultima-tecnologia\/#respond"]}]},{"@type":"WebPage","@id":"https:\/\/noti-america.com\/site\/ecuador\/2021\/12\/17\/ecuador-subvenciona-a-ganaderos-con-equipos-de-ultima-tecnologia\/","url":"https:\/\/noti-america.com\/site\/ecuador\/2021\/12\/17\/ecuador-subvenciona-a-ganaderos-con-equipos-de-ultima-tecnologia\/","name":"Ecuador subvenciona a ganaderos con equipos de \u00faltima tecnolog\u00eda - Ecuador | Noti-America.com","isPartOf":{"@id":"https:\/\/noti-america.com\/site\/ecuador\/#website"},"primaryImageOfPage":{"@id":"https:\/\/noti-america.com\/site\/ecuador\/2021\/12\/17\/ecuador-subvenciona-a-ganaderos-con-equipos-de-ultima-tecnologia\/#primaryimage"},"image":{"@id":"https:\/\/noti-america.com\/site\/ecuador\/2021\/12\/17\/ecuador-subvenciona-a-ganaderos-con-equipos-de-ultima-tecnologia\/#primaryimage"},"thumbnailUrl":"https:\/\/noti-america.com\/site\/ecuador\/wp-content\/uploads\/sites\/18\/2021\/12\/17-DIC-Captura-de-Pantalla-2021-12-15-a-las-12.39.37.png","datePublished":"2021-12-17T13:18:41+00:00","breadcrumb":{"@id":"https:\/\/noti-america.com\/site\/ecuador\/2021\/12\/17\/ecuador-subvenciona-a-ganaderos-con-equipos-de-ultima-tecnologia\/#breadcrumb"},"inLanguage":"es","potentialAction":[{"@type":"ReadAction","target":["https:\/\/noti-america.com\/site\/ecuador\/2021\/12\/17\/ecuador-subvenciona-a-ganaderos-con-equipos-de-ultima-tecnologia\/"]}]},{"@type":"ImageObject","inLanguage":"es","@id":"https:\/\/noti-america.com\/site\/ecuador\/2021\/12\/17\/ecuador-subvenciona-a-ganaderos-con-equipos-de-ultima-tecnologia\/#primaryimage","url":"https:\/\/noti-america.com\/site\/ecuador\/wp-content\/uploads\/sites\/18\/2021\/12\/17-DIC-Captura-de-Pantalla-2021-12-15-a-las-12.39.37.png","contentUrl":"https:\/\/noti-america.com\/site\/ecuador\/wp-content\/uploads\/sites\/18\/2021\/12\/17-DIC-Captura-de-Pantalla-2021-12-15-a-las-12.39.37.png","width":1048,"height":646},{"@type":"BreadcrumbList","@id":"https:\/\/noti-america.com\/site\/ecuador\/2021\/12\/17\/ecuador-subvenciona-a-ganaderos-con-equipos-de-ultima-tecnologia\/#breadcrumb","itemListElement":[{"@type":"ListItem","position":1,"name":"Portada","item":"https:\/\/noti-america.com\/site\/ecuador\/"},{"@type":"ListItem","position":2,"name":"Ecuador subvenciona a ganaderos con equipos de \u00faltima tecnolog\u00eda"}]},{"@type":"WebSite","@id":"https:\/\/noti-america.com\/site\/ecuador\/#website","url":"https:\/\/noti-america.com\/site\/ecuador\/","name":"Ecuador | Noti-America.com","description":"","publisher":{"@id":"https:\/\/noti-america.com\/site\/ecuador\/#organization"},"potentialAction":[{"@type":"SearchAction","target":{"@type":"EntryPoint","urlTemplate":"https:\/\/noti-america.com\/site\/ecuador\/?s={search_term_string}"},"query-input":{"@type":"PropertyValueSpecification","valueRequired":true,"valueName":"search_term_string"}}],"inLanguage":"es"},{"@type":"Organization","@id":"https:\/\/noti-america.com\/site\/ecuador\/#organization","name":"Noti-America LLC | Ecuador","url":"https:\/\/noti-america.com\/site\/ecuador\/","logo":{"@type":"ImageObject","inLanguage":"es","@id":"https:\/\/noti-america.com\/site\/ecuador\/#\/schema\/logo\/image\/","url":"https:\/\/noti-america.com\/site\/ecuador\/wp-content\/uploads\/sites\/18\/2020\/07\/LogoNA-4x3-1.jpg","contentUrl":"https:\/\/noti-america.com\/site\/ecuador\/wp-content\/uploads\/sites\/18\/2020\/07\/LogoNA-4x3-1.jpg","width":1236,"height":1080,"caption":"Noti-America LLC | Ecuador"},"image":{"@id":"https:\/\/noti-america.com\/site\/ecuador\/#\/schema\/logo\/image\/"},"sameAs":["https:\/\/x.com\/notiamerica"]},{"@type":"Person","@id":"https:\/\/noti-america.com\/site\/ecuador\/#\/schema\/person\/b9d1630cc6598af759d45c790a347283","name":"Henry Ortiz","image":{"@type":"ImageObject","inLanguage":"es","@id":"https:\/\/secure.gravatar.com\/avatar\/0b5407b5b302fbb6a578e625dca512ac2983ee5fa9ea941d581b83c40212e4c8?s=96&d=mm&r=g","url":"https:\/\/secure.gravatar.com\/avatar\/0b5407b5b302fbb6a578e625dca512ac2983ee5fa9ea941d581b83c40212e4c8?s=96&d=mm&r=g","contentUrl":"https:\/\/secure.gravatar.com\/avatar\/0b5407b5b302fbb6a578e625dca512ac2983ee5fa9ea941d581b83c40212e4c8?s=96&d=mm&r=g","caption":"Henry Ortiz"},"url":"https:\/\/noti-america.com\/site\/ecuador\/author\/hortiz\/"}]}},"_links":{"self":[{"href":"https:\/\/noti-america.com\/site\/ecuador\/wp-json\/wp\/v2\/posts\/17768","targetHints":{"allow":["GET"]}}],"collection":[{"href":"https:\/\/noti-america.com\/site\/ecuador\/wp-json\/wp\/v2\/posts"}],"about":[{"href":"https:\/\/noti-america.com\/site\/ecuador\/wp-json\/wp\/v2\/types\/post"}],"author":[{"embeddable":true,"href":"https:\/\/noti-america.com\/site\/ecuador\/wp-json\/wp\/v2\/users\/113"}],"replies":[{"embeddable":true,"href":"https:\/\/noti-america.com\/site\/ecuador\/wp-json\/wp\/v2\/comments?post=17768"}],"version-history":[{"count":1,"href":"https:\/\/noti-america.com\/site\/ecuador\/wp-json\/wp\/v2\/posts\/17768\/revisions"}],"predecessor-version":[{"id":17770,"href":"https:\/\/noti-america.com\/site\/ecuador\/wp-json\/wp\/v2\/posts\/17768\/revisions\/17770"}],"wp:featuredmedia":[{"embeddable":true,"href":"https:\/\/noti-america.com\/site\/ecuador\/wp-json\/wp\/v2\/media\/17769"}],"wp:attachment":[{"href":"https:\/\/noti-america.com\/site\/ecuador\/wp-json\/wp\/v2\/media?parent=17768"}],"wp:term":[{"taxonomy":"category","embeddable":true,"href":"https:\/\/noti-america.com\/site\/ecuador\/wp-json\/wp\/v2\/categories?post=17768"},{"taxonomy":"post_tag","embeddable":true,"href":"https:\/\/noti-america.com\/site\/ecuador\/wp-json\/wp\/v2\/tags?post=17768"}],"curies":[{"name":"wp","href":"https:\/\/api.w.org\/{rel}","templated":true}]}}