{"id":17649,"date":"2021-12-09T21:15:44","date_gmt":"2021-12-09T21:15:44","guid":{"rendered":"https:\/\/noti-america.com\/site\/ecuador\/?p=17649"},"modified":"2021-12-09T21:15:44","modified_gmt":"2021-12-09T21:15:44","slug":"el-aumento-de-salarios-a-maestros-costaria-el-05-del-pib","status":"publish","type":"post","link":"https:\/\/noti-america.com\/site\/ecuador\/2021\/12\/09\/el-aumento-de-salarios-a-maestros-costaria-el-05-del-pib\/","title":{"rendered":"El aumento de salarios a maestros costar\u00eda el 0,5 % del PIB"},"content":{"rendered":"<p><strong>REDACCI\u00d3N NOTI AM\u00c9RICA (ECUADOR)<\/strong><\/p>\n<p><img loading=\"lazy\" decoding=\"async\" class=\" wp-image-17650 alignleft\" src=\"https:\/\/noti-america.com\/site\/ecuador\/wp-content\/uploads\/sites\/18\/2021\/12\/9-dic-images.jpg\" alt=\"\" width=\"564\" height=\"375\" srcset=\"https:\/\/noti-america.com\/site\/ecuador\/wp-content\/uploads\/sites\/18\/2021\/12\/9-dic-images.jpg 275w, https:\/\/noti-america.com\/site\/ecuador\/wp-content\/uploads\/sites\/18\/2021\/12\/9-dic-images-272x182.jpg 272w\" sizes=\"auto, (max-width: 564px) 100vw, 564px\" \/><\/p>\n<p style=\"text-align: justify\">El viceministro de Finanzas, \u00c9dgar Orellana, mediante oficio enviado a la Asamblea se\u00f1al\u00f3 que \u201cno existe presupuesto para el aumento salarial y que cumplir su obligaci\u00f3n constitucional del incremento fiscal equivaldr\u00eda al 0,5% del Producto Interno Bruto para el sector educaci\u00f3n\u00bb.<\/p>\n<p style=\"text-align: justify\">Agreg\u00f3 que esto provocar\u00e1 que las entidades con mayor participaci\u00f3n como el Ministerio de Salud P\u00fablica, de Inclusi\u00f3n Econ\u00f3mica y Social, Defensa Nacional y Polic\u00eda Nacional, \u00abtendr\u00edan que desaparecer para poder financiar en parte la aplicaci\u00f3n del proyecto de ley, poniendo en riesgo los servicios que prestan a la ciudadan\u00eda en general\u00bb.<\/p>\n<p style=\"text-align: justify\">Ante erllo la Comisi\u00f3n de Educaci\u00f3n, Cultura, Ciencia y Tecnolog\u00eda, Innovaci\u00f3n y Saberes Ancestrales, sesionar\u00e1 a fin de avocar conocimiento del oficio remitido por el Ministerio de Finanzas, respecto al aumento salarial para docentes del Sistema Nacional de Educaci\u00f3n, conforme sentencia de la Corte Constitucional.<\/p>\n<p style=\"text-align: justify\">El 19 de octubre de 2021, el presidente de la Comisi\u00f3n, Manuel Medina, solicit\u00f3 al Ministerio de Finanzas el informe t\u00e9cnico del an\u00e1lisis financiero respecto a la factibilidad y sostenibilidad del aumento de la remuneraci\u00f3n de los docentes del Sistema Nacional de Educaci\u00f3n, a fin de cumplir la sentencia de la Corte Constitucional respecto a la Ley Org\u00e1nica Reformatoria a la Ley de Educaci\u00f3n Intercultural.<\/p>\n<p style=\"text-align: justify\"><strong>En contexto<\/strong><\/p>\n<p style=\"text-align: justify\">La Corte Constitucional del Ecuador declar\u00f3 la constitucionalidad de la Ley reformatoria a la Ley Org\u00e1nica de Educaci\u00f3n Intercultural (LOEI) relacionada con varios beneficios que se otorgan para la carrera docente, pero no dej\u00f3 vigentes algunos de ellos como la implementaci\u00f3n de un sistema de jubilaci\u00f3n especial y de incremento de remuneraciones para los docentes, hasta resolver el vicio formal de inconstitucionalidad\u201d.<\/p>\n<p style=\"text-align: justify\">Adem\u00e1s, concedi\u00f3 a la Asamblea Nacional un plazo para subsanar los art\u00edculos respecto al aumento de la remuneraci\u00f3n de los docentes del Sistema Nacional de Educaci\u00f3n.<\/p>\n<p style=\"text-align: justify\">\n","protected":false},"excerpt":{"rendered":"<p>REDACCI\u00d3N NOTI AM\u00c9RICA (ECUADOR) El viceministro de Finanzas, \u00c9dgar Orellana, mediante oficio enviado a la Asamblea se\u00f1al\u00f3 que \u201cno existe presupuesto para el aumento salarial y que cumplir su obligaci\u00f3n constitucional del incremento fiscal&#46;&#46;&#46;<\/p>\n","protected":false},"author":113,"featured_media":17650,"comment_status":"open","ping_status":"open","sticky":false,"template":"","format":"standard","meta":{"_acf_changed":false,"om_disable_all_campaigns":false,"rop_custom_images_group":[],"rop_custom_messages_group":[],"rop_publish_now":"initial","rop_publish_now_accounts":{"twitter_242054905_242054905":""},"rop_publish_now_history":[],"rop_publish_now_status":"pending","_uf_show_specific_survey":0,"_uf_disable_surveys":false,"footnotes":""},"categories":[34],"tags":[],"class_list":["post-17649","post","type-post","status-publish","format-standard","has-post-thumbnail","hentry","category-politica-opinion"],"acf":[],"aioseo_notices":[],"yoast_head":"<!-- This site is optimized with the Yoast SEO Premium plugin v24.9 (Yoast SEO v27.2) - https:\/\/yoast.com\/product\/yoast-seo-premium-wordpress\/ -->\n<title>El aumento de salarios a maestros costar\u00eda el 0,5 % del PIB - Ecuador | Noti-America.com<\/title>\n<meta name=\"robots\" content=\"index, follow, max-snippet:-1, max-image-preview:large, max-video-preview:-1\" \/>\n<link rel=\"canonical\" href=\"https:\/\/noti-america.com\/site\/ecuador\/2021\/12\/09\/el-aumento-de-salarios-a-maestros-costaria-el-05-del-pib\/\" \/>\n<meta property=\"og:locale\" content=\"es_ES\" \/>\n<meta property=\"og:type\" content=\"article\" \/>\n<meta property=\"og:title\" content=\"El aumento de salarios a maestros costar\u00eda el 0,5 % del PIB\" \/>\n<meta property=\"og:description\" content=\"REDACCI\u00d3N NOTI AM\u00c9RICA (ECUADOR) El viceministro de Finanzas, \u00c9dgar Orellana, mediante oficio enviado a la Asamblea se\u00f1al\u00f3 que \u201cno existe presupuesto para el aumento salarial y que cumplir su obligaci\u00f3n constitucional del incremento fiscal&#046;&#046;&#046;\" \/>\n<meta property=\"og:url\" content=\"https:\/\/noti-america.com\/site\/ecuador\/2021\/12\/09\/el-aumento-de-salarios-a-maestros-costaria-el-05-del-pib\/\" \/>\n<meta property=\"og:site_name\" content=\"Ecuador | Noti-America.com\" \/>\n<meta property=\"article:published_time\" content=\"2021-12-09T21:15:44+00:00\" \/>\n<meta property=\"og:image\" content=\"https:\/\/noti-america.com\/site\/ecuador\/wp-content\/uploads\/sites\/18\/2021\/12\/9-dic-images.jpg\" \/>\n\t<meta property=\"og:image:width\" content=\"275\" \/>\n\t<meta property=\"og:image:height\" content=\"183\" \/>\n\t<meta property=\"og:image:type\" content=\"image\/jpeg\" \/>\n<meta name=\"author\" content=\"Henry Ortiz\" \/>\n<meta name=\"twitter:card\" content=\"summary_large_image\" \/>\n<meta name=\"twitter:creator\" content=\"@notiamerica\" \/>\n<meta name=\"twitter:site\" content=\"@notiamerica\" \/>\n<meta name=\"twitter:label1\" content=\"Escrito por\" \/>\n\t<meta name=\"twitter:data1\" content=\"Henry Ortiz\" \/>\n\t<meta name=\"twitter:label2\" content=\"Tiempo estimado de lectura\" \/>\n\t<meta name=\"twitter:data2\" content=\"2 minutos\" \/>\n<script type=\"application\/ld+json\" class=\"yoast-schema-graph\">{\"@context\":\"https:\/\/schema.org\",\"@graph\":[{\"@type\":\"Article\",\"@id\":\"https:\/\/noti-america.com\/site\/ecuador\/2021\/12\/09\/el-aumento-de-salarios-a-maestros-costaria-el-05-del-pib\/#article\",\"isPartOf\":{\"@id\":\"https:\/\/noti-america.com\/site\/ecuador\/2021\/12\/09\/el-aumento-de-salarios-a-maestros-costaria-el-05-del-pib\/\"},\"author\":{\"name\":\"Henry Ortiz\",\"@id\":\"https:\/\/noti-america.com\/site\/ecuador\/#\/schema\/person\/b9d1630cc6598af759d45c790a347283\"},\"headline\":\"El aumento de salarios a maestros costar\u00eda el 0,5 % del PIB\",\"datePublished\":\"2021-12-09T21:15:44+00:00\",\"mainEntityOfPage\":{\"@id\":\"https:\/\/noti-america.com\/site\/ecuador\/2021\/12\/09\/el-aumento-de-salarios-a-maestros-costaria-el-05-del-pib\/\"},\"wordCount\":339,\"commentCount\":0,\"publisher\":{\"@id\":\"https:\/\/noti-america.com\/site\/ecuador\/#organization\"},\"image\":{\"@id\":\"https:\/\/noti-america.com\/site\/ecuador\/2021\/12\/09\/el-aumento-de-salarios-a-maestros-costaria-el-05-del-pib\/#primaryimage\"},\"thumbnailUrl\":\"https:\/\/noti-america.com\/site\/ecuador\/wp-content\/uploads\/sites\/18\/2021\/12\/9-dic-images.jpg\",\"articleSection\":[\"Pol\u00edtica\"],\"inLanguage\":\"es\",\"potentialAction\":[{\"@type\":\"CommentAction\",\"name\":\"Comment\",\"target\":[\"https:\/\/noti-america.com\/site\/ecuador\/2021\/12\/09\/el-aumento-de-salarios-a-maestros-costaria-el-05-del-pib\/#respond\"]}]},{\"@type\":\"WebPage\",\"@id\":\"https:\/\/noti-america.com\/site\/ecuador\/2021\/12\/09\/el-aumento-de-salarios-a-maestros-costaria-el-05-del-pib\/\",\"url\":\"https:\/\/noti-america.com\/site\/ecuador\/2021\/12\/09\/el-aumento-de-salarios-a-maestros-costaria-el-05-del-pib\/\",\"name\":\"El aumento de salarios a maestros costar\u00eda el 0,5 % del PIB - Ecuador | Noti-America.com\",\"isPartOf\":{\"@id\":\"https:\/\/noti-america.com\/site\/ecuador\/#website\"},\"primaryImageOfPage\":{\"@id\":\"https:\/\/noti-america.com\/site\/ecuador\/2021\/12\/09\/el-aumento-de-salarios-a-maestros-costaria-el-05-del-pib\/#primaryimage\"},\"image\":{\"@id\":\"https:\/\/noti-america.com\/site\/ecuador\/2021\/12\/09\/el-aumento-de-salarios-a-maestros-costaria-el-05-del-pib\/#primaryimage\"},\"thumbnailUrl\":\"https:\/\/noti-america.com\/site\/ecuador\/wp-content\/uploads\/sites\/18\/2021\/12\/9-dic-images.jpg\",\"datePublished\":\"2021-12-09T21:15:44+00:00\",\"breadcrumb\":{\"@id\":\"https:\/\/noti-america.com\/site\/ecuador\/2021\/12\/09\/el-aumento-de-salarios-a-maestros-costaria-el-05-del-pib\/#breadcrumb\"},\"inLanguage\":\"es\",\"potentialAction\":[{\"@type\":\"ReadAction\",\"target\":[\"https:\/\/noti-america.com\/site\/ecuador\/2021\/12\/09\/el-aumento-de-salarios-a-maestros-costaria-el-05-del-pib\/\"]}]},{\"@type\":\"ImageObject\",\"inLanguage\":\"es\",\"@id\":\"https:\/\/noti-america.com\/site\/ecuador\/2021\/12\/09\/el-aumento-de-salarios-a-maestros-costaria-el-05-del-pib\/#primaryimage\",\"url\":\"https:\/\/noti-america.com\/site\/ecuador\/wp-content\/uploads\/sites\/18\/2021\/12\/9-dic-images.jpg\",\"contentUrl\":\"https:\/\/noti-america.com\/site\/ecuador\/wp-content\/uploads\/sites\/18\/2021\/12\/9-dic-images.jpg\",\"width\":275,\"height\":183},{\"@type\":\"BreadcrumbList\",\"@id\":\"https:\/\/noti-america.com\/site\/ecuador\/2021\/12\/09\/el-aumento-de-salarios-a-maestros-costaria-el-05-del-pib\/#breadcrumb\",\"itemListElement\":[{\"@type\":\"ListItem\",\"position\":1,\"name\":\"Portada\",\"item\":\"https:\/\/noti-america.com\/site\/ecuador\/\"},{\"@type\":\"ListItem\",\"position\":2,\"name\":\"El aumento de salarios a maestros costar\u00eda el 0,5 % del PIB\"}]},{\"@type\":\"WebSite\",\"@id\":\"https:\/\/noti-america.com\/site\/ecuador\/#website\",\"url\":\"https:\/\/noti-america.com\/site\/ecuador\/\",\"name\":\"Ecuador | Noti-America.com\",\"description\":\"\",\"publisher\":{\"@id\":\"https:\/\/noti-america.com\/site\/ecuador\/#organization\"},\"potentialAction\":[{\"@type\":\"SearchAction\",\"target\":{\"@type\":\"EntryPoint\",\"urlTemplate\":\"https:\/\/noti-america.com\/site\/ecuador\/?s={search_term_string}\"},\"query-input\":{\"@type\":\"PropertyValueSpecification\",\"valueRequired\":true,\"valueName\":\"search_term_string\"}}],\"inLanguage\":\"es\"},{\"@type\":\"Organization\",\"@id\":\"https:\/\/noti-america.com\/site\/ecuador\/#organization\",\"name\":\"Noti-America LLC | Ecuador\",\"url\":\"https:\/\/noti-america.com\/site\/ecuador\/\",\"logo\":{\"@type\":\"ImageObject\",\"inLanguage\":\"es\",\"@id\":\"https:\/\/noti-america.com\/site\/ecuador\/#\/schema\/logo\/image\/\",\"url\":\"https:\/\/noti-america.com\/site\/ecuador\/wp-content\/uploads\/sites\/18\/2020\/07\/LogoNA-4x3-1.jpg\",\"contentUrl\":\"https:\/\/noti-america.com\/site\/ecuador\/wp-content\/uploads\/sites\/18\/2020\/07\/LogoNA-4x3-1.jpg\",\"width\":1236,\"height\":1080,\"caption\":\"Noti-America LLC | Ecuador\"},\"image\":{\"@id\":\"https:\/\/noti-america.com\/site\/ecuador\/#\/schema\/logo\/image\/\"},\"sameAs\":[\"https:\/\/x.com\/notiamerica\"]},{\"@type\":\"Person\",\"@id\":\"https:\/\/noti-america.com\/site\/ecuador\/#\/schema\/person\/b9d1630cc6598af759d45c790a347283\",\"name\":\"Henry Ortiz\",\"image\":{\"@type\":\"ImageObject\",\"inLanguage\":\"es\",\"@id\":\"https:\/\/secure.gravatar.com\/avatar\/0b5407b5b302fbb6a578e625dca512ac2983ee5fa9ea941d581b83c40212e4c8?s=96&d=mm&r=g\",\"url\":\"https:\/\/secure.gravatar.com\/avatar\/0b5407b5b302fbb6a578e625dca512ac2983ee5fa9ea941d581b83c40212e4c8?s=96&d=mm&r=g\",\"contentUrl\":\"https:\/\/secure.gravatar.com\/avatar\/0b5407b5b302fbb6a578e625dca512ac2983ee5fa9ea941d581b83c40212e4c8?s=96&d=mm&r=g\",\"caption\":\"Henry Ortiz\"},\"url\":\"https:\/\/noti-america.com\/site\/ecuador\/author\/hortiz\/\"}]}<\/script>\n<!-- \/ Yoast SEO Premium plugin. -->","yoast_head_json":{"title":"El aumento de salarios a maestros costar\u00eda el 0,5 % del PIB - Ecuador | Noti-America.com","robots":{"index":"index","follow":"follow","max-snippet":"max-snippet:-1","max-image-preview":"max-image-preview:large","max-video-preview":"max-video-preview:-1"},"canonical":"https:\/\/noti-america.com\/site\/ecuador\/2021\/12\/09\/el-aumento-de-salarios-a-maestros-costaria-el-05-del-pib\/","og_locale":"es_ES","og_type":"article","og_title":"El aumento de salarios a maestros costar\u00eda el 0,5 % del PIB","og_description":"REDACCI\u00d3N NOTI AM\u00c9RICA (ECUADOR) El viceministro de Finanzas, \u00c9dgar Orellana, mediante oficio enviado a la Asamblea se\u00f1al\u00f3 que \u201cno existe presupuesto para el aumento salarial y que cumplir su obligaci\u00f3n constitucional del incremento fiscal&#46;&#46;&#46;","og_url":"https:\/\/noti-america.com\/site\/ecuador\/2021\/12\/09\/el-aumento-de-salarios-a-maestros-costaria-el-05-del-pib\/","og_site_name":"Ecuador | Noti-America.com","article_published_time":"2021-12-09T21:15:44+00:00","og_image":[{"width":275,"height":183,"url":"https:\/\/noti-america.com\/site\/ecuador\/wp-content\/uploads\/sites\/18\/2021\/12\/9-dic-images.jpg","type":"image\/jpeg"}],"author":"Henry Ortiz","twitter_card":"summary_large_image","twitter_creator":"@notiamerica","twitter_site":"@notiamerica","twitter_misc":{"Escrito por":"Henry Ortiz","Tiempo estimado de lectura":"2 minutos"},"schema":{"@context":"https:\/\/schema.org","@graph":[{"@type":"Article","@id":"https:\/\/noti-america.com\/site\/ecuador\/2021\/12\/09\/el-aumento-de-salarios-a-maestros-costaria-el-05-del-pib\/#article","isPartOf":{"@id":"https:\/\/noti-america.com\/site\/ecuador\/2021\/12\/09\/el-aumento-de-salarios-a-maestros-costaria-el-05-del-pib\/"},"author":{"name":"Henry Ortiz","@id":"https:\/\/noti-america.com\/site\/ecuador\/#\/schema\/person\/b9d1630cc6598af759d45c790a347283"},"headline":"El aumento de salarios a maestros costar\u00eda el 0,5 % del PIB","datePublished":"2021-12-09T21:15:44+00:00","mainEntityOfPage":{"@id":"https:\/\/noti-america.com\/site\/ecuador\/2021\/12\/09\/el-aumento-de-salarios-a-maestros-costaria-el-05-del-pib\/"},"wordCount":339,"commentCount":0,"publisher":{"@id":"https:\/\/noti-america.com\/site\/ecuador\/#organization"},"image":{"@id":"https:\/\/noti-america.com\/site\/ecuador\/2021\/12\/09\/el-aumento-de-salarios-a-maestros-costaria-el-05-del-pib\/#primaryimage"},"thumbnailUrl":"https:\/\/noti-america.com\/site\/ecuador\/wp-content\/uploads\/sites\/18\/2021\/12\/9-dic-images.jpg","articleSection":["Pol\u00edtica"],"inLanguage":"es","potentialAction":[{"@type":"CommentAction","name":"Comment","target":["https:\/\/noti-america.com\/site\/ecuador\/2021\/12\/09\/el-aumento-de-salarios-a-maestros-costaria-el-05-del-pib\/#respond"]}]},{"@type":"WebPage","@id":"https:\/\/noti-america.com\/site\/ecuador\/2021\/12\/09\/el-aumento-de-salarios-a-maestros-costaria-el-05-del-pib\/","url":"https:\/\/noti-america.com\/site\/ecuador\/2021\/12\/09\/el-aumento-de-salarios-a-maestros-costaria-el-05-del-pib\/","name":"El aumento de salarios a maestros costar\u00eda el 0,5 % del PIB - Ecuador | Noti-America.com","isPartOf":{"@id":"https:\/\/noti-america.com\/site\/ecuador\/#website"},"primaryImageOfPage":{"@id":"https:\/\/noti-america.com\/site\/ecuador\/2021\/12\/09\/el-aumento-de-salarios-a-maestros-costaria-el-05-del-pib\/#primaryimage"},"image":{"@id":"https:\/\/noti-america.com\/site\/ecuador\/2021\/12\/09\/el-aumento-de-salarios-a-maestros-costaria-el-05-del-pib\/#primaryimage"},"thumbnailUrl":"https:\/\/noti-america.com\/site\/ecuador\/wp-content\/uploads\/sites\/18\/2021\/12\/9-dic-images.jpg","datePublished":"2021-12-09T21:15:44+00:00","breadcrumb":{"@id":"https:\/\/noti-america.com\/site\/ecuador\/2021\/12\/09\/el-aumento-de-salarios-a-maestros-costaria-el-05-del-pib\/#breadcrumb"},"inLanguage":"es","potentialAction":[{"@type":"ReadAction","target":["https:\/\/noti-america.com\/site\/ecuador\/2021\/12\/09\/el-aumento-de-salarios-a-maestros-costaria-el-05-del-pib\/"]}]},{"@type":"ImageObject","inLanguage":"es","@id":"https:\/\/noti-america.com\/site\/ecuador\/2021\/12\/09\/el-aumento-de-salarios-a-maestros-costaria-el-05-del-pib\/#primaryimage","url":"https:\/\/noti-america.com\/site\/ecuador\/wp-content\/uploads\/sites\/18\/2021\/12\/9-dic-images.jpg","contentUrl":"https:\/\/noti-america.com\/site\/ecuador\/wp-content\/uploads\/sites\/18\/2021\/12\/9-dic-images.jpg","width":275,"height":183},{"@type":"BreadcrumbList","@id":"https:\/\/noti-america.com\/site\/ecuador\/2021\/12\/09\/el-aumento-de-salarios-a-maestros-costaria-el-05-del-pib\/#breadcrumb","itemListElement":[{"@type":"ListItem","position":1,"name":"Portada","item":"https:\/\/noti-america.com\/site\/ecuador\/"},{"@type":"ListItem","position":2,"name":"El aumento de salarios a maestros costar\u00eda el 0,5 % del PIB"}]},{"@type":"WebSite","@id":"https:\/\/noti-america.com\/site\/ecuador\/#website","url":"https:\/\/noti-america.com\/site\/ecuador\/","name":"Ecuador | Noti-America.com","description":"","publisher":{"@id":"https:\/\/noti-america.com\/site\/ecuador\/#organization"},"potentialAction":[{"@type":"SearchAction","target":{"@type":"EntryPoint","urlTemplate":"https:\/\/noti-america.com\/site\/ecuador\/?s={search_term_string}"},"query-input":{"@type":"PropertyValueSpecification","valueRequired":true,"valueName":"search_term_string"}}],"inLanguage":"es"},{"@type":"Organization","@id":"https:\/\/noti-america.com\/site\/ecuador\/#organization","name":"Noti-America LLC | Ecuador","url":"https:\/\/noti-america.com\/site\/ecuador\/","logo":{"@type":"ImageObject","inLanguage":"es","@id":"https:\/\/noti-america.com\/site\/ecuador\/#\/schema\/logo\/image\/","url":"https:\/\/noti-america.com\/site\/ecuador\/wp-content\/uploads\/sites\/18\/2020\/07\/LogoNA-4x3-1.jpg","contentUrl":"https:\/\/noti-america.com\/site\/ecuador\/wp-content\/uploads\/sites\/18\/2020\/07\/LogoNA-4x3-1.jpg","width":1236,"height":1080,"caption":"Noti-America LLC | Ecuador"},"image":{"@id":"https:\/\/noti-america.com\/site\/ecuador\/#\/schema\/logo\/image\/"},"sameAs":["https:\/\/x.com\/notiamerica"]},{"@type":"Person","@id":"https:\/\/noti-america.com\/site\/ecuador\/#\/schema\/person\/b9d1630cc6598af759d45c790a347283","name":"Henry Ortiz","image":{"@type":"ImageObject","inLanguage":"es","@id":"https:\/\/secure.gravatar.com\/avatar\/0b5407b5b302fbb6a578e625dca512ac2983ee5fa9ea941d581b83c40212e4c8?s=96&d=mm&r=g","url":"https:\/\/secure.gravatar.com\/avatar\/0b5407b5b302fbb6a578e625dca512ac2983ee5fa9ea941d581b83c40212e4c8?s=96&d=mm&r=g","contentUrl":"https:\/\/secure.gravatar.com\/avatar\/0b5407b5b302fbb6a578e625dca512ac2983ee5fa9ea941d581b83c40212e4c8?s=96&d=mm&r=g","caption":"Henry Ortiz"},"url":"https:\/\/noti-america.com\/site\/ecuador\/author\/hortiz\/"}]}},"_links":{"self":[{"href":"https:\/\/noti-america.com\/site\/ecuador\/wp-json\/wp\/v2\/posts\/17649","targetHints":{"allow":["GET"]}}],"collection":[{"href":"https:\/\/noti-america.com\/site\/ecuador\/wp-json\/wp\/v2\/posts"}],"about":[{"href":"https:\/\/noti-america.com\/site\/ecuador\/wp-json\/wp\/v2\/types\/post"}],"author":[{"embeddable":true,"href":"https:\/\/noti-america.com\/site\/ecuador\/wp-json\/wp\/v2\/users\/113"}],"replies":[{"embeddable":true,"href":"https:\/\/noti-america.com\/site\/ecuador\/wp-json\/wp\/v2\/comments?post=17649"}],"version-history":[{"count":1,"href":"https:\/\/noti-america.com\/site\/ecuador\/wp-json\/wp\/v2\/posts\/17649\/revisions"}],"predecessor-version":[{"id":17651,"href":"https:\/\/noti-america.com\/site\/ecuador\/wp-json\/wp\/v2\/posts\/17649\/revisions\/17651"}],"wp:featuredmedia":[{"embeddable":true,"href":"https:\/\/noti-america.com\/site\/ecuador\/wp-json\/wp\/v2\/media\/17650"}],"wp:attachment":[{"href":"https:\/\/noti-america.com\/site\/ecuador\/wp-json\/wp\/v2\/media?parent=17649"}],"wp:term":[{"taxonomy":"category","embeddable":true,"href":"https:\/\/noti-america.com\/site\/ecuador\/wp-json\/wp\/v2\/categories?post=17649"},{"taxonomy":"post_tag","embeddable":true,"href":"https:\/\/noti-america.com\/site\/ecuador\/wp-json\/wp\/v2\/tags?post=17649"}],"curies":[{"name":"wp","href":"https:\/\/api.w.org\/{rel}","templated":true}]}}