{"id":17617,"date":"2021-12-07T20:48:29","date_gmt":"2021-12-07T20:48:29","guid":{"rendered":"https:\/\/noti-america.com\/site\/ecuador\/?p=17617"},"modified":"2021-12-07T20:51:15","modified_gmt":"2021-12-07T20:51:15","slug":"ecuador-elimino-costes-de-flete-para-el-calculo-de-aranceles-a-las-importaciones","status":"publish","type":"post","link":"https:\/\/noti-america.com\/site\/ecuador\/2021\/12\/07\/ecuador-elimino-costes-de-flete-para-el-calculo-de-aranceles-a-las-importaciones\/","title":{"rendered":"Ecuador elimin\u00f3 costes de flete para el c\u00e1lculo de aranceles"},"content":{"rendered":"<p><strong>REDACCI\u00d3N NOTI AM\u00c9RICA (ECUADOR)<\/strong><\/p>\n<div id=\"attachment_17618\" style=\"width: 619px\" class=\"wp-caption alignleft\"><img loading=\"lazy\" decoding=\"async\" aria-describedby=\"caption-attachment-17618\" class=\" wp-image-17618\" src=\"https:\/\/noti-america.com\/site\/ecuador\/wp-content\/uploads\/sites\/18\/2021\/12\/7-dic-COMERCIO-INTERNACIONAL-300x169.jpg\" alt=\"\" width=\"609\" height=\"343\" srcset=\"https:\/\/noti-america.com\/site\/ecuador\/wp-content\/uploads\/sites\/18\/2021\/12\/7-dic-COMERCIO-INTERNACIONAL-300x169.jpg 300w, https:\/\/noti-america.com\/site\/ecuador\/wp-content\/uploads\/sites\/18\/2021\/12\/7-dic-COMERCIO-INTERNACIONAL-768x432.jpg 768w, https:\/\/noti-america.com\/site\/ecuador\/wp-content\/uploads\/sites\/18\/2021\/12\/7-dic-COMERCIO-INTERNACIONAL.jpg 1024w\" sizes=\"auto, (max-width: 609px) 100vw, 609px\" \/><p id=\"caption-attachment-17618\" class=\"wp-caption-text\">El Gobierno trabaja en la creaci\u00f3n de reformas que aseguren la facilitaci\u00f3n y competitividad del comercio ecuatoriano.<\/p><\/div>\n<p style=\"text-align: justify\">El Servicio Nacional de Aduana del Ecuador comunic\u00f3 a los operadores de comercio exterior que entr\u00f3 en vigencia la eliminaci\u00f3n total del costo del flete en la base imponible para el c\u00e1lculo de los derechos arancelarios.\u00a0Es decir, las importaciones pagar\u00e1n menos aranceles e impuestos al ingresar al pa\u00eds.<\/p>\n<p style=\"text-align: justify\">A trav\u00e9s de esta medida, el Gobierno Nacional implementa acciones concretas que reducir\u00e1n significativamente el impacto que ha generado el constante incremento del costo de fletes mar\u00edtimos internacionales a exportadores, importadores y consumidores en todo el pa\u00eds, lo que reflejar\u00e1 una reducci\u00f3n de costos para el sector productivo y las familias ecuatorianas.<\/p>\n<p style=\"text-align: justify\">El Servicio Nacional de Aduana del Ecuador se encuentra implementando las mejoras necesarias en su sistema inform\u00e1tico ECUAPASS para la aplicaci\u00f3n inmediata de esta medida.<\/p>\n<p style=\"text-align: justify\">\n","protected":false},"excerpt":{"rendered":"<p>REDACCI\u00d3N NOTI AM\u00c9RICA (ECUADOR) El Servicio Nacional de Aduana del Ecuador comunic\u00f3 a los operadores de comercio exterior que entr\u00f3 en vigencia la eliminaci\u00f3n total del costo del flete en la base imponible para&#46;&#46;&#46;<\/p>\n","protected":false},"author":113,"featured_media":17618,"comment_status":"open","ping_status":"open","sticky":false,"template":"","format":"standard","meta":{"_acf_changed":false,"om_disable_all_campaigns":false,"rop_custom_images_group":[],"rop_custom_messages_group":[],"rop_publish_now":"initial","rop_publish_now_accounts":{"twitter_242054905_242054905":""},"rop_publish_now_history":[],"rop_publish_now_status":"pending","_uf_show_specific_survey":0,"_uf_disable_surveys":false,"footnotes":""},"categories":[5],"tags":[],"class_list":["post-17617","post","type-post","status-publish","format-standard","has-post-thumbnail","hentry","category-economia"],"acf":[],"aioseo_notices":[],"yoast_head":"<!-- This site is optimized with the Yoast SEO Premium plugin v24.9 (Yoast SEO v27.2) - https:\/\/yoast.com\/product\/yoast-seo-premium-wordpress\/ -->\n<title>Ecuador elimin\u00f3 costes de flete para el c\u00e1lculo de aranceles - Ecuador | Noti-America.com<\/title>\n<meta name=\"robots\" content=\"index, follow, max-snippet:-1, max-image-preview:large, max-video-preview:-1\" \/>\n<link rel=\"canonical\" href=\"https:\/\/noti-america.com\/site\/ecuador\/2021\/12\/07\/ecuador-elimino-costes-de-flete-para-el-calculo-de-aranceles-a-las-importaciones\/\" \/>\n<meta property=\"og:locale\" content=\"es_ES\" \/>\n<meta property=\"og:type\" content=\"article\" \/>\n<meta property=\"og:title\" content=\"Ecuador elimin\u00f3 costes de flete para el c\u00e1lculo de aranceles\" \/>\n<meta property=\"og:description\" content=\"REDACCI\u00d3N NOTI AM\u00c9RICA (ECUADOR) El Servicio Nacional de Aduana del Ecuador comunic\u00f3 a los operadores de comercio exterior que entr\u00f3 en vigencia la eliminaci\u00f3n total del costo del flete en la base imponible para&#046;&#046;&#046;\" \/>\n<meta property=\"og:url\" content=\"https:\/\/noti-america.com\/site\/ecuador\/2021\/12\/07\/ecuador-elimino-costes-de-flete-para-el-calculo-de-aranceles-a-las-importaciones\/\" \/>\n<meta property=\"og:site_name\" content=\"Ecuador | Noti-America.com\" \/>\n<meta property=\"article:published_time\" content=\"2021-12-07T20:48:29+00:00\" \/>\n<meta property=\"article:modified_time\" content=\"2021-12-07T20:51:15+00:00\" \/>\n<meta property=\"og:image\" content=\"https:\/\/noti-america.com\/site\/ecuador\/wp-content\/uploads\/sites\/18\/2021\/12\/7-dic-COMERCIO-INTERNACIONAL.jpg\" \/>\n\t<meta property=\"og:image:width\" content=\"1024\" \/>\n\t<meta property=\"og:image:height\" content=\"576\" \/>\n\t<meta property=\"og:image:type\" content=\"image\/jpeg\" \/>\n<meta name=\"author\" content=\"Henry Ortiz\" \/>\n<meta name=\"twitter:card\" content=\"summary_large_image\" \/>\n<meta name=\"twitter:creator\" content=\"@notiamerica\" \/>\n<meta name=\"twitter:site\" content=\"@notiamerica\" \/>\n<meta name=\"twitter:label1\" content=\"Escrito por\" \/>\n\t<meta name=\"twitter:data1\" content=\"Henry Ortiz\" \/>\n\t<meta name=\"twitter:label2\" content=\"Tiempo estimado de lectura\" \/>\n\t<meta name=\"twitter:data2\" content=\"1 minuto\" \/>\n<script type=\"application\/ld+json\" class=\"yoast-schema-graph\">{\"@context\":\"https:\/\/schema.org\",\"@graph\":[{\"@type\":\"Article\",\"@id\":\"https:\/\/noti-america.com\/site\/ecuador\/2021\/12\/07\/ecuador-elimino-costes-de-flete-para-el-calculo-de-aranceles-a-las-importaciones\/#article\",\"isPartOf\":{\"@id\":\"https:\/\/noti-america.com\/site\/ecuador\/2021\/12\/07\/ecuador-elimino-costes-de-flete-para-el-calculo-de-aranceles-a-las-importaciones\/\"},\"author\":{\"name\":\"Henry Ortiz\",\"@id\":\"https:\/\/noti-america.com\/site\/ecuador\/#\/schema\/person\/b9d1630cc6598af759d45c790a347283\"},\"headline\":\"Ecuador elimin\u00f3 costes de flete para el c\u00e1lculo de aranceles\",\"datePublished\":\"2021-12-07T20:48:29+00:00\",\"dateModified\":\"2021-12-07T20:51:15+00:00\",\"mainEntityOfPage\":{\"@id\":\"https:\/\/noti-america.com\/site\/ecuador\/2021\/12\/07\/ecuador-elimino-costes-de-flete-para-el-calculo-de-aranceles-a-las-importaciones\/\"},\"wordCount\":180,\"commentCount\":0,\"publisher\":{\"@id\":\"https:\/\/noti-america.com\/site\/ecuador\/#organization\"},\"image\":{\"@id\":\"https:\/\/noti-america.com\/site\/ecuador\/2021\/12\/07\/ecuador-elimino-costes-de-flete-para-el-calculo-de-aranceles-a-las-importaciones\/#primaryimage\"},\"thumbnailUrl\":\"https:\/\/noti-america.com\/site\/ecuador\/wp-content\/uploads\/sites\/18\/2021\/12\/7-dic-COMERCIO-INTERNACIONAL.jpg\",\"articleSection\":[\"Econom\u00eda\"],\"inLanguage\":\"es\",\"potentialAction\":[{\"@type\":\"CommentAction\",\"name\":\"Comment\",\"target\":[\"https:\/\/noti-america.com\/site\/ecuador\/2021\/12\/07\/ecuador-elimino-costes-de-flete-para-el-calculo-de-aranceles-a-las-importaciones\/#respond\"]}]},{\"@type\":\"WebPage\",\"@id\":\"https:\/\/noti-america.com\/site\/ecuador\/2021\/12\/07\/ecuador-elimino-costes-de-flete-para-el-calculo-de-aranceles-a-las-importaciones\/\",\"url\":\"https:\/\/noti-america.com\/site\/ecuador\/2021\/12\/07\/ecuador-elimino-costes-de-flete-para-el-calculo-de-aranceles-a-las-importaciones\/\",\"name\":\"Ecuador elimin\u00f3 costes de flete para el c\u00e1lculo de aranceles - Ecuador | Noti-America.com\",\"isPartOf\":{\"@id\":\"https:\/\/noti-america.com\/site\/ecuador\/#website\"},\"primaryImageOfPage\":{\"@id\":\"https:\/\/noti-america.com\/site\/ecuador\/2021\/12\/07\/ecuador-elimino-costes-de-flete-para-el-calculo-de-aranceles-a-las-importaciones\/#primaryimage\"},\"image\":{\"@id\":\"https:\/\/noti-america.com\/site\/ecuador\/2021\/12\/07\/ecuador-elimino-costes-de-flete-para-el-calculo-de-aranceles-a-las-importaciones\/#primaryimage\"},\"thumbnailUrl\":\"https:\/\/noti-america.com\/site\/ecuador\/wp-content\/uploads\/sites\/18\/2021\/12\/7-dic-COMERCIO-INTERNACIONAL.jpg\",\"datePublished\":\"2021-12-07T20:48:29+00:00\",\"dateModified\":\"2021-12-07T20:51:15+00:00\",\"breadcrumb\":{\"@id\":\"https:\/\/noti-america.com\/site\/ecuador\/2021\/12\/07\/ecuador-elimino-costes-de-flete-para-el-calculo-de-aranceles-a-las-importaciones\/#breadcrumb\"},\"inLanguage\":\"es\",\"potentialAction\":[{\"@type\":\"ReadAction\",\"target\":[\"https:\/\/noti-america.com\/site\/ecuador\/2021\/12\/07\/ecuador-elimino-costes-de-flete-para-el-calculo-de-aranceles-a-las-importaciones\/\"]}]},{\"@type\":\"ImageObject\",\"inLanguage\":\"es\",\"@id\":\"https:\/\/noti-america.com\/site\/ecuador\/2021\/12\/07\/ecuador-elimino-costes-de-flete-para-el-calculo-de-aranceles-a-las-importaciones\/#primaryimage\",\"url\":\"https:\/\/noti-america.com\/site\/ecuador\/wp-content\/uploads\/sites\/18\/2021\/12\/7-dic-COMERCIO-INTERNACIONAL.jpg\",\"contentUrl\":\"https:\/\/noti-america.com\/site\/ecuador\/wp-content\/uploads\/sites\/18\/2021\/12\/7-dic-COMERCIO-INTERNACIONAL.jpg\",\"width\":1024,\"height\":576,\"caption\":\"?????????????????????????????????????????????????????????\"},{\"@type\":\"BreadcrumbList\",\"@id\":\"https:\/\/noti-america.com\/site\/ecuador\/2021\/12\/07\/ecuador-elimino-costes-de-flete-para-el-calculo-de-aranceles-a-las-importaciones\/#breadcrumb\",\"itemListElement\":[{\"@type\":\"ListItem\",\"position\":1,\"name\":\"Portada\",\"item\":\"https:\/\/noti-america.com\/site\/ecuador\/\"},{\"@type\":\"ListItem\",\"position\":2,\"name\":\"Ecuador elimin\u00f3 costes de flete para el c\u00e1lculo de aranceles\"}]},{\"@type\":\"WebSite\",\"@id\":\"https:\/\/noti-america.com\/site\/ecuador\/#website\",\"url\":\"https:\/\/noti-america.com\/site\/ecuador\/\",\"name\":\"Ecuador | Noti-America.com\",\"description\":\"\",\"publisher\":{\"@id\":\"https:\/\/noti-america.com\/site\/ecuador\/#organization\"},\"potentialAction\":[{\"@type\":\"SearchAction\",\"target\":{\"@type\":\"EntryPoint\",\"urlTemplate\":\"https:\/\/noti-america.com\/site\/ecuador\/?s={search_term_string}\"},\"query-input\":{\"@type\":\"PropertyValueSpecification\",\"valueRequired\":true,\"valueName\":\"search_term_string\"}}],\"inLanguage\":\"es\"},{\"@type\":\"Organization\",\"@id\":\"https:\/\/noti-america.com\/site\/ecuador\/#organization\",\"name\":\"Noti-America LLC | Ecuador\",\"url\":\"https:\/\/noti-america.com\/site\/ecuador\/\",\"logo\":{\"@type\":\"ImageObject\",\"inLanguage\":\"es\",\"@id\":\"https:\/\/noti-america.com\/site\/ecuador\/#\/schema\/logo\/image\/\",\"url\":\"https:\/\/noti-america.com\/site\/ecuador\/wp-content\/uploads\/sites\/18\/2020\/07\/LogoNA-4x3-1.jpg\",\"contentUrl\":\"https:\/\/noti-america.com\/site\/ecuador\/wp-content\/uploads\/sites\/18\/2020\/07\/LogoNA-4x3-1.jpg\",\"width\":1236,\"height\":1080,\"caption\":\"Noti-America LLC | Ecuador\"},\"image\":{\"@id\":\"https:\/\/noti-america.com\/site\/ecuador\/#\/schema\/logo\/image\/\"},\"sameAs\":[\"https:\/\/x.com\/notiamerica\"]},{\"@type\":\"Person\",\"@id\":\"https:\/\/noti-america.com\/site\/ecuador\/#\/schema\/person\/b9d1630cc6598af759d45c790a347283\",\"name\":\"Henry Ortiz\",\"image\":{\"@type\":\"ImageObject\",\"inLanguage\":\"es\",\"@id\":\"https:\/\/secure.gravatar.com\/avatar\/0b5407b5b302fbb6a578e625dca512ac2983ee5fa9ea941d581b83c40212e4c8?s=96&d=mm&r=g\",\"url\":\"https:\/\/secure.gravatar.com\/avatar\/0b5407b5b302fbb6a578e625dca512ac2983ee5fa9ea941d581b83c40212e4c8?s=96&d=mm&r=g\",\"contentUrl\":\"https:\/\/secure.gravatar.com\/avatar\/0b5407b5b302fbb6a578e625dca512ac2983ee5fa9ea941d581b83c40212e4c8?s=96&d=mm&r=g\",\"caption\":\"Henry Ortiz\"},\"url\":\"https:\/\/noti-america.com\/site\/ecuador\/author\/hortiz\/\"}]}<\/script>\n<!-- \/ Yoast SEO Premium plugin. -->","yoast_head_json":{"title":"Ecuador elimin\u00f3 costes de flete para el c\u00e1lculo de aranceles - Ecuador | Noti-America.com","robots":{"index":"index","follow":"follow","max-snippet":"max-snippet:-1","max-image-preview":"max-image-preview:large","max-video-preview":"max-video-preview:-1"},"canonical":"https:\/\/noti-america.com\/site\/ecuador\/2021\/12\/07\/ecuador-elimino-costes-de-flete-para-el-calculo-de-aranceles-a-las-importaciones\/","og_locale":"es_ES","og_type":"article","og_title":"Ecuador elimin\u00f3 costes de flete para el c\u00e1lculo de aranceles","og_description":"REDACCI\u00d3N NOTI AM\u00c9RICA (ECUADOR) El Servicio Nacional de Aduana del Ecuador comunic\u00f3 a los operadores de comercio exterior que entr\u00f3 en vigencia la eliminaci\u00f3n total del costo del flete en la base imponible para&#46;&#46;&#46;","og_url":"https:\/\/noti-america.com\/site\/ecuador\/2021\/12\/07\/ecuador-elimino-costes-de-flete-para-el-calculo-de-aranceles-a-las-importaciones\/","og_site_name":"Ecuador | Noti-America.com","article_published_time":"2021-12-07T20:48:29+00:00","article_modified_time":"2021-12-07T20:51:15+00:00","og_image":[{"width":1024,"height":576,"url":"https:\/\/noti-america.com\/site\/ecuador\/wp-content\/uploads\/sites\/18\/2021\/12\/7-dic-COMERCIO-INTERNACIONAL.jpg","type":"image\/jpeg"}],"author":"Henry Ortiz","twitter_card":"summary_large_image","twitter_creator":"@notiamerica","twitter_site":"@notiamerica","twitter_misc":{"Escrito por":"Henry Ortiz","Tiempo estimado de lectura":"1 minuto"},"schema":{"@context":"https:\/\/schema.org","@graph":[{"@type":"Article","@id":"https:\/\/noti-america.com\/site\/ecuador\/2021\/12\/07\/ecuador-elimino-costes-de-flete-para-el-calculo-de-aranceles-a-las-importaciones\/#article","isPartOf":{"@id":"https:\/\/noti-america.com\/site\/ecuador\/2021\/12\/07\/ecuador-elimino-costes-de-flete-para-el-calculo-de-aranceles-a-las-importaciones\/"},"author":{"name":"Henry Ortiz","@id":"https:\/\/noti-america.com\/site\/ecuador\/#\/schema\/person\/b9d1630cc6598af759d45c790a347283"},"headline":"Ecuador elimin\u00f3 costes de flete para el c\u00e1lculo de aranceles","datePublished":"2021-12-07T20:48:29+00:00","dateModified":"2021-12-07T20:51:15+00:00","mainEntityOfPage":{"@id":"https:\/\/noti-america.com\/site\/ecuador\/2021\/12\/07\/ecuador-elimino-costes-de-flete-para-el-calculo-de-aranceles-a-las-importaciones\/"},"wordCount":180,"commentCount":0,"publisher":{"@id":"https:\/\/noti-america.com\/site\/ecuador\/#organization"},"image":{"@id":"https:\/\/noti-america.com\/site\/ecuador\/2021\/12\/07\/ecuador-elimino-costes-de-flete-para-el-calculo-de-aranceles-a-las-importaciones\/#primaryimage"},"thumbnailUrl":"https:\/\/noti-america.com\/site\/ecuador\/wp-content\/uploads\/sites\/18\/2021\/12\/7-dic-COMERCIO-INTERNACIONAL.jpg","articleSection":["Econom\u00eda"],"inLanguage":"es","potentialAction":[{"@type":"CommentAction","name":"Comment","target":["https:\/\/noti-america.com\/site\/ecuador\/2021\/12\/07\/ecuador-elimino-costes-de-flete-para-el-calculo-de-aranceles-a-las-importaciones\/#respond"]}]},{"@type":"WebPage","@id":"https:\/\/noti-america.com\/site\/ecuador\/2021\/12\/07\/ecuador-elimino-costes-de-flete-para-el-calculo-de-aranceles-a-las-importaciones\/","url":"https:\/\/noti-america.com\/site\/ecuador\/2021\/12\/07\/ecuador-elimino-costes-de-flete-para-el-calculo-de-aranceles-a-las-importaciones\/","name":"Ecuador elimin\u00f3 costes de flete para el c\u00e1lculo de aranceles - Ecuador | Noti-America.com","isPartOf":{"@id":"https:\/\/noti-america.com\/site\/ecuador\/#website"},"primaryImageOfPage":{"@id":"https:\/\/noti-america.com\/site\/ecuador\/2021\/12\/07\/ecuador-elimino-costes-de-flete-para-el-calculo-de-aranceles-a-las-importaciones\/#primaryimage"},"image":{"@id":"https:\/\/noti-america.com\/site\/ecuador\/2021\/12\/07\/ecuador-elimino-costes-de-flete-para-el-calculo-de-aranceles-a-las-importaciones\/#primaryimage"},"thumbnailUrl":"https:\/\/noti-america.com\/site\/ecuador\/wp-content\/uploads\/sites\/18\/2021\/12\/7-dic-COMERCIO-INTERNACIONAL.jpg","datePublished":"2021-12-07T20:48:29+00:00","dateModified":"2021-12-07T20:51:15+00:00","breadcrumb":{"@id":"https:\/\/noti-america.com\/site\/ecuador\/2021\/12\/07\/ecuador-elimino-costes-de-flete-para-el-calculo-de-aranceles-a-las-importaciones\/#breadcrumb"},"inLanguage":"es","potentialAction":[{"@type":"ReadAction","target":["https:\/\/noti-america.com\/site\/ecuador\/2021\/12\/07\/ecuador-elimino-costes-de-flete-para-el-calculo-de-aranceles-a-las-importaciones\/"]}]},{"@type":"ImageObject","inLanguage":"es","@id":"https:\/\/noti-america.com\/site\/ecuador\/2021\/12\/07\/ecuador-elimino-costes-de-flete-para-el-calculo-de-aranceles-a-las-importaciones\/#primaryimage","url":"https:\/\/noti-america.com\/site\/ecuador\/wp-content\/uploads\/sites\/18\/2021\/12\/7-dic-COMERCIO-INTERNACIONAL.jpg","contentUrl":"https:\/\/noti-america.com\/site\/ecuador\/wp-content\/uploads\/sites\/18\/2021\/12\/7-dic-COMERCIO-INTERNACIONAL.jpg","width":1024,"height":576,"caption":"?????????????????????????????????????????????????????????"},{"@type":"BreadcrumbList","@id":"https:\/\/noti-america.com\/site\/ecuador\/2021\/12\/07\/ecuador-elimino-costes-de-flete-para-el-calculo-de-aranceles-a-las-importaciones\/#breadcrumb","itemListElement":[{"@type":"ListItem","position":1,"name":"Portada","item":"https:\/\/noti-america.com\/site\/ecuador\/"},{"@type":"ListItem","position":2,"name":"Ecuador elimin\u00f3 costes de flete para el c\u00e1lculo de aranceles"}]},{"@type":"WebSite","@id":"https:\/\/noti-america.com\/site\/ecuador\/#website","url":"https:\/\/noti-america.com\/site\/ecuador\/","name":"Ecuador | Noti-America.com","description":"","publisher":{"@id":"https:\/\/noti-america.com\/site\/ecuador\/#organization"},"potentialAction":[{"@type":"SearchAction","target":{"@type":"EntryPoint","urlTemplate":"https:\/\/noti-america.com\/site\/ecuador\/?s={search_term_string}"},"query-input":{"@type":"PropertyValueSpecification","valueRequired":true,"valueName":"search_term_string"}}],"inLanguage":"es"},{"@type":"Organization","@id":"https:\/\/noti-america.com\/site\/ecuador\/#organization","name":"Noti-America LLC | Ecuador","url":"https:\/\/noti-america.com\/site\/ecuador\/","logo":{"@type":"ImageObject","inLanguage":"es","@id":"https:\/\/noti-america.com\/site\/ecuador\/#\/schema\/logo\/image\/","url":"https:\/\/noti-america.com\/site\/ecuador\/wp-content\/uploads\/sites\/18\/2020\/07\/LogoNA-4x3-1.jpg","contentUrl":"https:\/\/noti-america.com\/site\/ecuador\/wp-content\/uploads\/sites\/18\/2020\/07\/LogoNA-4x3-1.jpg","width":1236,"height":1080,"caption":"Noti-America LLC | Ecuador"},"image":{"@id":"https:\/\/noti-america.com\/site\/ecuador\/#\/schema\/logo\/image\/"},"sameAs":["https:\/\/x.com\/notiamerica"]},{"@type":"Person","@id":"https:\/\/noti-america.com\/site\/ecuador\/#\/schema\/person\/b9d1630cc6598af759d45c790a347283","name":"Henry Ortiz","image":{"@type":"ImageObject","inLanguage":"es","@id":"https:\/\/secure.gravatar.com\/avatar\/0b5407b5b302fbb6a578e625dca512ac2983ee5fa9ea941d581b83c40212e4c8?s=96&d=mm&r=g","url":"https:\/\/secure.gravatar.com\/avatar\/0b5407b5b302fbb6a578e625dca512ac2983ee5fa9ea941d581b83c40212e4c8?s=96&d=mm&r=g","contentUrl":"https:\/\/secure.gravatar.com\/avatar\/0b5407b5b302fbb6a578e625dca512ac2983ee5fa9ea941d581b83c40212e4c8?s=96&d=mm&r=g","caption":"Henry Ortiz"},"url":"https:\/\/noti-america.com\/site\/ecuador\/author\/hortiz\/"}]}},"_links":{"self":[{"href":"https:\/\/noti-america.com\/site\/ecuador\/wp-json\/wp\/v2\/posts\/17617","targetHints":{"allow":["GET"]}}],"collection":[{"href":"https:\/\/noti-america.com\/site\/ecuador\/wp-json\/wp\/v2\/posts"}],"about":[{"href":"https:\/\/noti-america.com\/site\/ecuador\/wp-json\/wp\/v2\/types\/post"}],"author":[{"embeddable":true,"href":"https:\/\/noti-america.com\/site\/ecuador\/wp-json\/wp\/v2\/users\/113"}],"replies":[{"embeddable":true,"href":"https:\/\/noti-america.com\/site\/ecuador\/wp-json\/wp\/v2\/comments?post=17617"}],"version-history":[{"count":2,"href":"https:\/\/noti-america.com\/site\/ecuador\/wp-json\/wp\/v2\/posts\/17617\/revisions"}],"predecessor-version":[{"id":17620,"href":"https:\/\/noti-america.com\/site\/ecuador\/wp-json\/wp\/v2\/posts\/17617\/revisions\/17620"}],"wp:featuredmedia":[{"embeddable":true,"href":"https:\/\/noti-america.com\/site\/ecuador\/wp-json\/wp\/v2\/media\/17618"}],"wp:attachment":[{"href":"https:\/\/noti-america.com\/site\/ecuador\/wp-json\/wp\/v2\/media?parent=17617"}],"wp:term":[{"taxonomy":"category","embeddable":true,"href":"https:\/\/noti-america.com\/site\/ecuador\/wp-json\/wp\/v2\/categories?post=17617"},{"taxonomy":"post_tag","embeddable":true,"href":"https:\/\/noti-america.com\/site\/ecuador\/wp-json\/wp\/v2\/tags?post=17617"}],"curies":[{"name":"wp","href":"https:\/\/api.w.org\/{rel}","templated":true}]}}