{"id":17537,"date":"2021-12-02T21:16:46","date_gmt":"2021-12-02T21:16:46","guid":{"rendered":"https:\/\/noti-america.com\/site\/ecuador\/?p=17537"},"modified":"2021-12-02T21:16:46","modified_gmt":"2021-12-02T21:16:46","slug":"asamblea-tramito-en-primer-debate-las-reformas-a-la-ley-de-acuicultura-y-pesca","status":"publish","type":"post","link":"https:\/\/noti-america.com\/site\/ecuador\/2021\/12\/02\/asamblea-tramito-en-primer-debate-las-reformas-a-la-ley-de-acuicultura-y-pesca\/","title":{"rendered":"Asamblea tramit\u00f3 en primer debate las reformas a la Ley de Acuicultura y Pesca"},"content":{"rendered":"<p><strong>REDACCI\u00d3N NOTI AM\u00c9RICA (ECUADOR)<\/strong><\/p>\n<div id=\"attachment_17538\" style=\"width: 585px\" class=\"wp-caption alignleft\"><img loading=\"lazy\" decoding=\"async\" aria-describedby=\"caption-attachment-17538\" class=\"wp-image-17538\" src=\"https:\/\/noti-america.com\/site\/ecuador\/wp-content\/uploads\/sites\/18\/2021\/12\/2-DIC-WhatsApp-Image-2021-12-02-at-10.06.15-AM-300x200.jpeg\" alt=\"\" width=\"575\" height=\"383\" srcset=\"https:\/\/noti-america.com\/site\/ecuador\/wp-content\/uploads\/sites\/18\/2021\/12\/2-DIC-WhatsApp-Image-2021-12-02-at-10.06.15-AM-300x200.jpeg 300w, https:\/\/noti-america.com\/site\/ecuador\/wp-content\/uploads\/sites\/18\/2021\/12\/2-DIC-WhatsApp-Image-2021-12-02-at-10.06.15-AM-1024x682.jpeg 1024w, https:\/\/noti-america.com\/site\/ecuador\/wp-content\/uploads\/sites\/18\/2021\/12\/2-DIC-WhatsApp-Image-2021-12-02-at-10.06.15-AM-768x512.jpeg 768w, https:\/\/noti-america.com\/site\/ecuador\/wp-content\/uploads\/sites\/18\/2021\/12\/2-DIC-WhatsApp-Image-2021-12-02-at-10.06.15-AM-272x182.jpeg 272w, https:\/\/noti-america.com\/site\/ecuador\/wp-content\/uploads\/sites\/18\/2021\/12\/2-DIC-WhatsApp-Image-2021-12-02-at-10.06.15-AM.jpeg 1280w\" sizes=\"auto, (max-width: 575px) 100vw, 575px\" \/><p id=\"caption-attachment-17538\" class=\"wp-caption-text\">Mariana Quijije, representante nacional de las Peque\u00f1as Pesquer\u00edas Amigos del Mar.<\/p><\/div>\n<p style=\"text-align: justify\">El Pleno de la Asamblea Nacional tramit\u00f3 en primer debate el proyecto de reformas a la Ley para el Desarrollo de la Acuicultura y Pesca, que tiene por objetivo actualizar la denominaci\u00f3n de los tipos de pesca artesanal e industrial, la categorizaci\u00f3n de las embarcaciones, as\u00ed como establecer el principio de proporcionalidad en las sanciones y multas que se aplican en caso de infracciones relacionadas con esta actividad.<\/p>\n<p style=\"text-align: justify\">El asamble\u00edsta Xavier Santos, ponente del informe de la Comisi\u00f3n de Soberan\u00eda Alimentaria, dijo que la ley reforma busca mejorar el texto que rige a este segmento, en beneficio de todos los tipos de pesca existentes. Asegur\u00f3 que el r\u00e9gimen sancionatorio previsto en el proyecto se fundamenta en el principio de proporcionalidad.<\/p>\n<p style=\"text-align: justify\">En el debate participaron 11 asamble\u00edstas. Hubo sugerencias en el sentido que la Comisi\u00f3n reciba a todos los sectores involucrados, a fin de que escuchen sus propuestas y observaciones en la construcci\u00f3n del informe para segundo debate.<\/p>\n<p style=\"text-align: justify\">Igualmente, se propuso estudiar la posibilidad de incluir una categor\u00eda intermedia entre la pesca artesanal y la pesca industrial, con lo cual se mantendr\u00eda el concepto de pesca artesanal como aquella que se realiza completamente a mano y la transici\u00f3n hacia otro segmento que utilice medios tecnol\u00f3gicos, sin llegar a la cualificaci\u00f3n de industrial.<\/p>\n<p style=\"text-align: justify\">Previo al debate, fueron recibidos en comisi\u00f3n general los representantes de diferentes colectivos del sector pesquero.<\/p>\n<p style=\"text-align: justify\">Mariana Quijije, representante nacional de las Peque\u00f1as Pesquer\u00edas Amigos del Mar, durante su intervenci\u00f3n en el pleno, recalc\u00f3 el apoyo del sector para que se apruebe la reforma y no se afecte el empleo de m\u00e1s de 100.000 personas.<\/p>\n<p style=\"text-align: justify\">La representante de las peque\u00f1as pesquer\u00edas del pa\u00eds asegur\u00f3 que la ley fue aprobada en plena pandemia sin que nadie se entere, el 20 abril de 2020. En dicha normativa, sus peque\u00f1as embarcaciones, las cuales abastecen el mercado local con pel\u00e1gicos peque\u00f1os, son categorizadas en igualdad de condiciones con las de mayor calado como son las de los atuneros.<\/p>\n<p style=\"text-align: justify\">El sector pesquero nacional solicita revisar la tabla de multas y categorizaci\u00f3n, ya que cada sanci\u00f3n es de $ 80. 400, m\u00e1s de lo que cuesta una embarcaci\u00f3n,\u00a0 dejando en riesgo la soberania alimentaria local nacional.<\/p>\n<p style=\"text-align: justify\">\u00abAl momento tenemos a 60 familias, m\u00e1s de 500 personas sin empleo porque sus barcos est\u00e1n con sello de clausura y no est\u00e1n trabajando. Nos han confundido con grandes industriales, no somos peque\u00f1os, pero tampoco inmensos, nuestros barcos son de madera, por eso pedimos la reforma\u00bb, asever\u00f3 Quijije.<\/p>\n<p style=\"text-align: justify\">Una vez cerrada la primera discusi\u00f3n, el primer vicepresidente, Virgilio Saquicela, dispuso que el proyecto regrese a la Comisi\u00f3n de Soberan\u00eda Alimentaria, a fin de que sistematice las observaciones e inicie el estudio previo a la elaboraci\u00f3n del informe para segundo debate de esta normativa.<\/p>\n","protected":false},"excerpt":{"rendered":"<p>REDACCI\u00d3N NOTI AM\u00c9RICA (ECUADOR) El Pleno de la Asamblea Nacional tramit\u00f3 en primer debate el proyecto de reformas a la Ley para el Desarrollo de la Acuicultura y Pesca, que tiene por objetivo actualizar&#46;&#46;&#46;<\/p>\n","protected":false},"author":113,"featured_media":17538,"comment_status":"open","ping_status":"open","sticky":false,"template":"","format":"standard","meta":{"_acf_changed":false,"om_disable_all_campaigns":false,"rop_custom_images_group":[],"rop_custom_messages_group":[],"rop_publish_now":"initial","rop_publish_now_accounts":{"twitter_242054905_242054905":""},"rop_publish_now_history":[],"rop_publish_now_status":"pending","_uf_show_specific_survey":0,"_uf_disable_surveys":false,"footnotes":""},"categories":[34],"tags":[],"class_list":["post-17537","post","type-post","status-publish","format-standard","has-post-thumbnail","hentry","category-politica-opinion"],"acf":[],"aioseo_notices":[],"yoast_head":"<!-- This site is optimized with the Yoast SEO Premium plugin v24.9 (Yoast SEO v27.2) - https:\/\/yoast.com\/product\/yoast-seo-premium-wordpress\/ -->\n<title>Asamblea tramit\u00f3 en primer debate las reformas a la Ley de Acuicultura y Pesca - Ecuador | Noti-America.com<\/title>\n<meta name=\"robots\" content=\"index, follow, max-snippet:-1, max-image-preview:large, max-video-preview:-1\" \/>\n<link rel=\"canonical\" href=\"https:\/\/noti-america.com\/site\/ecuador\/2021\/12\/02\/asamblea-tramito-en-primer-debate-las-reformas-a-la-ley-de-acuicultura-y-pesca\/\" \/>\n<meta property=\"og:locale\" content=\"es_ES\" \/>\n<meta property=\"og:type\" content=\"article\" \/>\n<meta property=\"og:title\" content=\"Asamblea tramit\u00f3 en primer debate las reformas a la Ley de Acuicultura y Pesca\" \/>\n<meta property=\"og:description\" content=\"REDACCI\u00d3N NOTI AM\u00c9RICA (ECUADOR) El Pleno de la Asamblea Nacional tramit\u00f3 en primer debate el proyecto de reformas a la Ley para el Desarrollo de la Acuicultura y Pesca, que tiene por objetivo actualizar&#046;&#046;&#046;\" \/>\n<meta property=\"og:url\" content=\"https:\/\/noti-america.com\/site\/ecuador\/2021\/12\/02\/asamblea-tramito-en-primer-debate-las-reformas-a-la-ley-de-acuicultura-y-pesca\/\" \/>\n<meta property=\"og:site_name\" content=\"Ecuador | Noti-America.com\" \/>\n<meta property=\"article:published_time\" content=\"2021-12-02T21:16:46+00:00\" \/>\n<meta property=\"og:image\" content=\"https:\/\/noti-america.com\/site\/ecuador\/wp-content\/uploads\/sites\/18\/2021\/12\/2-DIC-WhatsApp-Image-2021-12-02-at-10.06.15-AM.jpeg\" \/>\n\t<meta property=\"og:image:width\" content=\"1280\" \/>\n\t<meta property=\"og:image:height\" content=\"853\" \/>\n\t<meta property=\"og:image:type\" content=\"image\/jpeg\" \/>\n<meta name=\"author\" content=\"Henry Ortiz\" \/>\n<meta name=\"twitter:card\" content=\"summary_large_image\" \/>\n<meta name=\"twitter:creator\" content=\"@notiamerica\" \/>\n<meta name=\"twitter:site\" content=\"@notiamerica\" \/>\n<meta name=\"twitter:label1\" content=\"Escrito por\" \/>\n\t<meta name=\"twitter:data1\" content=\"Henry Ortiz\" \/>\n\t<meta name=\"twitter:label2\" content=\"Tiempo estimado de lectura\" \/>\n\t<meta name=\"twitter:data2\" content=\"3 minutos\" \/>\n<script type=\"application\/ld+json\" class=\"yoast-schema-graph\">{\"@context\":\"https:\/\/schema.org\",\"@graph\":[{\"@type\":\"Article\",\"@id\":\"https:\/\/noti-america.com\/site\/ecuador\/2021\/12\/02\/asamblea-tramito-en-primer-debate-las-reformas-a-la-ley-de-acuicultura-y-pesca\/#article\",\"isPartOf\":{\"@id\":\"https:\/\/noti-america.com\/site\/ecuador\/2021\/12\/02\/asamblea-tramito-en-primer-debate-las-reformas-a-la-ley-de-acuicultura-y-pesca\/\"},\"author\":{\"name\":\"Henry Ortiz\",\"@id\":\"https:\/\/noti-america.com\/site\/ecuador\/#\/schema\/person\/b9d1630cc6598af759d45c790a347283\"},\"headline\":\"Asamblea tramit\u00f3 en primer debate las reformas a la Ley de Acuicultura y Pesca\",\"datePublished\":\"2021-12-02T21:16:46+00:00\",\"mainEntityOfPage\":{\"@id\":\"https:\/\/noti-america.com\/site\/ecuador\/2021\/12\/02\/asamblea-tramito-en-primer-debate-las-reformas-a-la-ley-de-acuicultura-y-pesca\/\"},\"wordCount\":522,\"commentCount\":0,\"publisher\":{\"@id\":\"https:\/\/noti-america.com\/site\/ecuador\/#organization\"},\"image\":{\"@id\":\"https:\/\/noti-america.com\/site\/ecuador\/2021\/12\/02\/asamblea-tramito-en-primer-debate-las-reformas-a-la-ley-de-acuicultura-y-pesca\/#primaryimage\"},\"thumbnailUrl\":\"https:\/\/noti-america.com\/site\/ecuador\/wp-content\/uploads\/sites\/18\/2021\/12\/2-DIC-WhatsApp-Image-2021-12-02-at-10.06.15-AM.jpeg\",\"articleSection\":[\"Pol\u00edtica\"],\"inLanguage\":\"es\",\"potentialAction\":[{\"@type\":\"CommentAction\",\"name\":\"Comment\",\"target\":[\"https:\/\/noti-america.com\/site\/ecuador\/2021\/12\/02\/asamblea-tramito-en-primer-debate-las-reformas-a-la-ley-de-acuicultura-y-pesca\/#respond\"]}]},{\"@type\":\"WebPage\",\"@id\":\"https:\/\/noti-america.com\/site\/ecuador\/2021\/12\/02\/asamblea-tramito-en-primer-debate-las-reformas-a-la-ley-de-acuicultura-y-pesca\/\",\"url\":\"https:\/\/noti-america.com\/site\/ecuador\/2021\/12\/02\/asamblea-tramito-en-primer-debate-las-reformas-a-la-ley-de-acuicultura-y-pesca\/\",\"name\":\"Asamblea tramit\u00f3 en primer debate las reformas a la Ley de Acuicultura y Pesca - Ecuador | Noti-America.com\",\"isPartOf\":{\"@id\":\"https:\/\/noti-america.com\/site\/ecuador\/#website\"},\"primaryImageOfPage\":{\"@id\":\"https:\/\/noti-america.com\/site\/ecuador\/2021\/12\/02\/asamblea-tramito-en-primer-debate-las-reformas-a-la-ley-de-acuicultura-y-pesca\/#primaryimage\"},\"image\":{\"@id\":\"https:\/\/noti-america.com\/site\/ecuador\/2021\/12\/02\/asamblea-tramito-en-primer-debate-las-reformas-a-la-ley-de-acuicultura-y-pesca\/#primaryimage\"},\"thumbnailUrl\":\"https:\/\/noti-america.com\/site\/ecuador\/wp-content\/uploads\/sites\/18\/2021\/12\/2-DIC-WhatsApp-Image-2021-12-02-at-10.06.15-AM.jpeg\",\"datePublished\":\"2021-12-02T21:16:46+00:00\",\"breadcrumb\":{\"@id\":\"https:\/\/noti-america.com\/site\/ecuador\/2021\/12\/02\/asamblea-tramito-en-primer-debate-las-reformas-a-la-ley-de-acuicultura-y-pesca\/#breadcrumb\"},\"inLanguage\":\"es\",\"potentialAction\":[{\"@type\":\"ReadAction\",\"target\":[\"https:\/\/noti-america.com\/site\/ecuador\/2021\/12\/02\/asamblea-tramito-en-primer-debate-las-reformas-a-la-ley-de-acuicultura-y-pesca\/\"]}]},{\"@type\":\"ImageObject\",\"inLanguage\":\"es\",\"@id\":\"https:\/\/noti-america.com\/site\/ecuador\/2021\/12\/02\/asamblea-tramito-en-primer-debate-las-reformas-a-la-ley-de-acuicultura-y-pesca\/#primaryimage\",\"url\":\"https:\/\/noti-america.com\/site\/ecuador\/wp-content\/uploads\/sites\/18\/2021\/12\/2-DIC-WhatsApp-Image-2021-12-02-at-10.06.15-AM.jpeg\",\"contentUrl\":\"https:\/\/noti-america.com\/site\/ecuador\/wp-content\/uploads\/sites\/18\/2021\/12\/2-DIC-WhatsApp-Image-2021-12-02-at-10.06.15-AM.jpeg\",\"width\":1280,\"height\":853},{\"@type\":\"BreadcrumbList\",\"@id\":\"https:\/\/noti-america.com\/site\/ecuador\/2021\/12\/02\/asamblea-tramito-en-primer-debate-las-reformas-a-la-ley-de-acuicultura-y-pesca\/#breadcrumb\",\"itemListElement\":[{\"@type\":\"ListItem\",\"position\":1,\"name\":\"Portada\",\"item\":\"https:\/\/noti-america.com\/site\/ecuador\/\"},{\"@type\":\"ListItem\",\"position\":2,\"name\":\"Asamblea tramit\u00f3 en primer debate las reformas a la Ley de Acuicultura y Pesca\"}]},{\"@type\":\"WebSite\",\"@id\":\"https:\/\/noti-america.com\/site\/ecuador\/#website\",\"url\":\"https:\/\/noti-america.com\/site\/ecuador\/\",\"name\":\"Ecuador | Noti-America.com\",\"description\":\"\",\"publisher\":{\"@id\":\"https:\/\/noti-america.com\/site\/ecuador\/#organization\"},\"potentialAction\":[{\"@type\":\"SearchAction\",\"target\":{\"@type\":\"EntryPoint\",\"urlTemplate\":\"https:\/\/noti-america.com\/site\/ecuador\/?s={search_term_string}\"},\"query-input\":{\"@type\":\"PropertyValueSpecification\",\"valueRequired\":true,\"valueName\":\"search_term_string\"}}],\"inLanguage\":\"es\"},{\"@type\":\"Organization\",\"@id\":\"https:\/\/noti-america.com\/site\/ecuador\/#organization\",\"name\":\"Noti-America LLC | Ecuador\",\"url\":\"https:\/\/noti-america.com\/site\/ecuador\/\",\"logo\":{\"@type\":\"ImageObject\",\"inLanguage\":\"es\",\"@id\":\"https:\/\/noti-america.com\/site\/ecuador\/#\/schema\/logo\/image\/\",\"url\":\"https:\/\/noti-america.com\/site\/ecuador\/wp-content\/uploads\/sites\/18\/2020\/07\/LogoNA-4x3-1.jpg\",\"contentUrl\":\"https:\/\/noti-america.com\/site\/ecuador\/wp-content\/uploads\/sites\/18\/2020\/07\/LogoNA-4x3-1.jpg\",\"width\":1236,\"height\":1080,\"caption\":\"Noti-America LLC | Ecuador\"},\"image\":{\"@id\":\"https:\/\/noti-america.com\/site\/ecuador\/#\/schema\/logo\/image\/\"},\"sameAs\":[\"https:\/\/x.com\/notiamerica\"]},{\"@type\":\"Person\",\"@id\":\"https:\/\/noti-america.com\/site\/ecuador\/#\/schema\/person\/b9d1630cc6598af759d45c790a347283\",\"name\":\"Henry Ortiz\",\"image\":{\"@type\":\"ImageObject\",\"inLanguage\":\"es\",\"@id\":\"https:\/\/secure.gravatar.com\/avatar\/0b5407b5b302fbb6a578e625dca512ac2983ee5fa9ea941d581b83c40212e4c8?s=96&d=mm&r=g\",\"url\":\"https:\/\/secure.gravatar.com\/avatar\/0b5407b5b302fbb6a578e625dca512ac2983ee5fa9ea941d581b83c40212e4c8?s=96&d=mm&r=g\",\"contentUrl\":\"https:\/\/secure.gravatar.com\/avatar\/0b5407b5b302fbb6a578e625dca512ac2983ee5fa9ea941d581b83c40212e4c8?s=96&d=mm&r=g\",\"caption\":\"Henry Ortiz\"},\"url\":\"https:\/\/noti-america.com\/site\/ecuador\/author\/hortiz\/\"}]}<\/script>\n<!-- \/ Yoast SEO Premium plugin. -->","yoast_head_json":{"title":"Asamblea tramit\u00f3 en primer debate las reformas a la Ley de Acuicultura y Pesca - Ecuador | Noti-America.com","robots":{"index":"index","follow":"follow","max-snippet":"max-snippet:-1","max-image-preview":"max-image-preview:large","max-video-preview":"max-video-preview:-1"},"canonical":"https:\/\/noti-america.com\/site\/ecuador\/2021\/12\/02\/asamblea-tramito-en-primer-debate-las-reformas-a-la-ley-de-acuicultura-y-pesca\/","og_locale":"es_ES","og_type":"article","og_title":"Asamblea tramit\u00f3 en primer debate las reformas a la Ley de Acuicultura y Pesca","og_description":"REDACCI\u00d3N NOTI AM\u00c9RICA (ECUADOR) El Pleno de la Asamblea Nacional tramit\u00f3 en primer debate el proyecto de reformas a la Ley para el Desarrollo de la Acuicultura y Pesca, que tiene por objetivo actualizar&#46;&#46;&#46;","og_url":"https:\/\/noti-america.com\/site\/ecuador\/2021\/12\/02\/asamblea-tramito-en-primer-debate-las-reformas-a-la-ley-de-acuicultura-y-pesca\/","og_site_name":"Ecuador | Noti-America.com","article_published_time":"2021-12-02T21:16:46+00:00","og_image":[{"width":1280,"height":853,"url":"https:\/\/noti-america.com\/site\/ecuador\/wp-content\/uploads\/sites\/18\/2021\/12\/2-DIC-WhatsApp-Image-2021-12-02-at-10.06.15-AM.jpeg","type":"image\/jpeg"}],"author":"Henry Ortiz","twitter_card":"summary_large_image","twitter_creator":"@notiamerica","twitter_site":"@notiamerica","twitter_misc":{"Escrito por":"Henry Ortiz","Tiempo estimado de lectura":"3 minutos"},"schema":{"@context":"https:\/\/schema.org","@graph":[{"@type":"Article","@id":"https:\/\/noti-america.com\/site\/ecuador\/2021\/12\/02\/asamblea-tramito-en-primer-debate-las-reformas-a-la-ley-de-acuicultura-y-pesca\/#article","isPartOf":{"@id":"https:\/\/noti-america.com\/site\/ecuador\/2021\/12\/02\/asamblea-tramito-en-primer-debate-las-reformas-a-la-ley-de-acuicultura-y-pesca\/"},"author":{"name":"Henry Ortiz","@id":"https:\/\/noti-america.com\/site\/ecuador\/#\/schema\/person\/b9d1630cc6598af759d45c790a347283"},"headline":"Asamblea tramit\u00f3 en primer debate las reformas a la Ley de Acuicultura y Pesca","datePublished":"2021-12-02T21:16:46+00:00","mainEntityOfPage":{"@id":"https:\/\/noti-america.com\/site\/ecuador\/2021\/12\/02\/asamblea-tramito-en-primer-debate-las-reformas-a-la-ley-de-acuicultura-y-pesca\/"},"wordCount":522,"commentCount":0,"publisher":{"@id":"https:\/\/noti-america.com\/site\/ecuador\/#organization"},"image":{"@id":"https:\/\/noti-america.com\/site\/ecuador\/2021\/12\/02\/asamblea-tramito-en-primer-debate-las-reformas-a-la-ley-de-acuicultura-y-pesca\/#primaryimage"},"thumbnailUrl":"https:\/\/noti-america.com\/site\/ecuador\/wp-content\/uploads\/sites\/18\/2021\/12\/2-DIC-WhatsApp-Image-2021-12-02-at-10.06.15-AM.jpeg","articleSection":["Pol\u00edtica"],"inLanguage":"es","potentialAction":[{"@type":"CommentAction","name":"Comment","target":["https:\/\/noti-america.com\/site\/ecuador\/2021\/12\/02\/asamblea-tramito-en-primer-debate-las-reformas-a-la-ley-de-acuicultura-y-pesca\/#respond"]}]},{"@type":"WebPage","@id":"https:\/\/noti-america.com\/site\/ecuador\/2021\/12\/02\/asamblea-tramito-en-primer-debate-las-reformas-a-la-ley-de-acuicultura-y-pesca\/","url":"https:\/\/noti-america.com\/site\/ecuador\/2021\/12\/02\/asamblea-tramito-en-primer-debate-las-reformas-a-la-ley-de-acuicultura-y-pesca\/","name":"Asamblea tramit\u00f3 en primer debate las reformas a la Ley de Acuicultura y Pesca - Ecuador | Noti-America.com","isPartOf":{"@id":"https:\/\/noti-america.com\/site\/ecuador\/#website"},"primaryImageOfPage":{"@id":"https:\/\/noti-america.com\/site\/ecuador\/2021\/12\/02\/asamblea-tramito-en-primer-debate-las-reformas-a-la-ley-de-acuicultura-y-pesca\/#primaryimage"},"image":{"@id":"https:\/\/noti-america.com\/site\/ecuador\/2021\/12\/02\/asamblea-tramito-en-primer-debate-las-reformas-a-la-ley-de-acuicultura-y-pesca\/#primaryimage"},"thumbnailUrl":"https:\/\/noti-america.com\/site\/ecuador\/wp-content\/uploads\/sites\/18\/2021\/12\/2-DIC-WhatsApp-Image-2021-12-02-at-10.06.15-AM.jpeg","datePublished":"2021-12-02T21:16:46+00:00","breadcrumb":{"@id":"https:\/\/noti-america.com\/site\/ecuador\/2021\/12\/02\/asamblea-tramito-en-primer-debate-las-reformas-a-la-ley-de-acuicultura-y-pesca\/#breadcrumb"},"inLanguage":"es","potentialAction":[{"@type":"ReadAction","target":["https:\/\/noti-america.com\/site\/ecuador\/2021\/12\/02\/asamblea-tramito-en-primer-debate-las-reformas-a-la-ley-de-acuicultura-y-pesca\/"]}]},{"@type":"ImageObject","inLanguage":"es","@id":"https:\/\/noti-america.com\/site\/ecuador\/2021\/12\/02\/asamblea-tramito-en-primer-debate-las-reformas-a-la-ley-de-acuicultura-y-pesca\/#primaryimage","url":"https:\/\/noti-america.com\/site\/ecuador\/wp-content\/uploads\/sites\/18\/2021\/12\/2-DIC-WhatsApp-Image-2021-12-02-at-10.06.15-AM.jpeg","contentUrl":"https:\/\/noti-america.com\/site\/ecuador\/wp-content\/uploads\/sites\/18\/2021\/12\/2-DIC-WhatsApp-Image-2021-12-02-at-10.06.15-AM.jpeg","width":1280,"height":853},{"@type":"BreadcrumbList","@id":"https:\/\/noti-america.com\/site\/ecuador\/2021\/12\/02\/asamblea-tramito-en-primer-debate-las-reformas-a-la-ley-de-acuicultura-y-pesca\/#breadcrumb","itemListElement":[{"@type":"ListItem","position":1,"name":"Portada","item":"https:\/\/noti-america.com\/site\/ecuador\/"},{"@type":"ListItem","position":2,"name":"Asamblea tramit\u00f3 en primer debate las reformas a la Ley de Acuicultura y Pesca"}]},{"@type":"WebSite","@id":"https:\/\/noti-america.com\/site\/ecuador\/#website","url":"https:\/\/noti-america.com\/site\/ecuador\/","name":"Ecuador | Noti-America.com","description":"","publisher":{"@id":"https:\/\/noti-america.com\/site\/ecuador\/#organization"},"potentialAction":[{"@type":"SearchAction","target":{"@type":"EntryPoint","urlTemplate":"https:\/\/noti-america.com\/site\/ecuador\/?s={search_term_string}"},"query-input":{"@type":"PropertyValueSpecification","valueRequired":true,"valueName":"search_term_string"}}],"inLanguage":"es"},{"@type":"Organization","@id":"https:\/\/noti-america.com\/site\/ecuador\/#organization","name":"Noti-America LLC | Ecuador","url":"https:\/\/noti-america.com\/site\/ecuador\/","logo":{"@type":"ImageObject","inLanguage":"es","@id":"https:\/\/noti-america.com\/site\/ecuador\/#\/schema\/logo\/image\/","url":"https:\/\/noti-america.com\/site\/ecuador\/wp-content\/uploads\/sites\/18\/2020\/07\/LogoNA-4x3-1.jpg","contentUrl":"https:\/\/noti-america.com\/site\/ecuador\/wp-content\/uploads\/sites\/18\/2020\/07\/LogoNA-4x3-1.jpg","width":1236,"height":1080,"caption":"Noti-America LLC | Ecuador"},"image":{"@id":"https:\/\/noti-america.com\/site\/ecuador\/#\/schema\/logo\/image\/"},"sameAs":["https:\/\/x.com\/notiamerica"]},{"@type":"Person","@id":"https:\/\/noti-america.com\/site\/ecuador\/#\/schema\/person\/b9d1630cc6598af759d45c790a347283","name":"Henry Ortiz","image":{"@type":"ImageObject","inLanguage":"es","@id":"https:\/\/secure.gravatar.com\/avatar\/0b5407b5b302fbb6a578e625dca512ac2983ee5fa9ea941d581b83c40212e4c8?s=96&d=mm&r=g","url":"https:\/\/secure.gravatar.com\/avatar\/0b5407b5b302fbb6a578e625dca512ac2983ee5fa9ea941d581b83c40212e4c8?s=96&d=mm&r=g","contentUrl":"https:\/\/secure.gravatar.com\/avatar\/0b5407b5b302fbb6a578e625dca512ac2983ee5fa9ea941d581b83c40212e4c8?s=96&d=mm&r=g","caption":"Henry Ortiz"},"url":"https:\/\/noti-america.com\/site\/ecuador\/author\/hortiz\/"}]}},"_links":{"self":[{"href":"https:\/\/noti-america.com\/site\/ecuador\/wp-json\/wp\/v2\/posts\/17537","targetHints":{"allow":["GET"]}}],"collection":[{"href":"https:\/\/noti-america.com\/site\/ecuador\/wp-json\/wp\/v2\/posts"}],"about":[{"href":"https:\/\/noti-america.com\/site\/ecuador\/wp-json\/wp\/v2\/types\/post"}],"author":[{"embeddable":true,"href":"https:\/\/noti-america.com\/site\/ecuador\/wp-json\/wp\/v2\/users\/113"}],"replies":[{"embeddable":true,"href":"https:\/\/noti-america.com\/site\/ecuador\/wp-json\/wp\/v2\/comments?post=17537"}],"version-history":[{"count":1,"href":"https:\/\/noti-america.com\/site\/ecuador\/wp-json\/wp\/v2\/posts\/17537\/revisions"}],"predecessor-version":[{"id":17539,"href":"https:\/\/noti-america.com\/site\/ecuador\/wp-json\/wp\/v2\/posts\/17537\/revisions\/17539"}],"wp:featuredmedia":[{"embeddable":true,"href":"https:\/\/noti-america.com\/site\/ecuador\/wp-json\/wp\/v2\/media\/17538"}],"wp:attachment":[{"href":"https:\/\/noti-america.com\/site\/ecuador\/wp-json\/wp\/v2\/media?parent=17537"}],"wp:term":[{"taxonomy":"category","embeddable":true,"href":"https:\/\/noti-america.com\/site\/ecuador\/wp-json\/wp\/v2\/categories?post=17537"},{"taxonomy":"post_tag","embeddable":true,"href":"https:\/\/noti-america.com\/site\/ecuador\/wp-json\/wp\/v2\/tags?post=17537"}],"curies":[{"name":"wp","href":"https:\/\/api.w.org\/{rel}","templated":true}]}}