{"id":17534,"date":"2021-12-02T21:03:07","date_gmt":"2021-12-02T21:03:07","guid":{"rendered":"https:\/\/noti-america.com\/site\/ecuador\/?p=17534"},"modified":"2021-12-02T21:03:07","modified_gmt":"2021-12-02T21:03:07","slug":"municipio-crea-corredores-biologicos-para-una-ciudad-sostenible","status":"publish","type":"post","link":"https:\/\/noti-america.com\/site\/ecuador\/2021\/12\/02\/municipio-crea-corredores-biologicos-para-una-ciudad-sostenible\/","title":{"rendered":"Municipio crea corredores biol\u00f3gicos para una ciudad sostenible"},"content":{"rendered":"<p><strong>REDACCI\u00d3N NOTI AM\u00c9RICA (ECUADOR)<\/strong><\/p>\n<div id=\"attachment_17535\" style=\"width: 636px\" class=\"wp-caption alignleft\"><img loading=\"lazy\" decoding=\"async\" aria-describedby=\"caption-attachment-17535\" class=\"wp-image-17535\" src=\"https:\/\/noti-america.com\/site\/ecuador\/wp-content\/uploads\/sites\/18\/2021\/12\/SIEMBRATON-EN-VARIOS-BOSQUE-TROPICAL-DE-GUAYAQUIL-11-300x200.jpeg\" alt=\"\" width=\"626\" height=\"417\" srcset=\"https:\/\/noti-america.com\/site\/ecuador\/wp-content\/uploads\/sites\/18\/2021\/12\/SIEMBRATON-EN-VARIOS-BOSQUE-TROPICAL-DE-GUAYAQUIL-11-300x200.jpeg 300w, https:\/\/noti-america.com\/site\/ecuador\/wp-content\/uploads\/sites\/18\/2021\/12\/SIEMBRATON-EN-VARIOS-BOSQUE-TROPICAL-DE-GUAYAQUIL-11-1024x682.jpeg 1024w, https:\/\/noti-america.com\/site\/ecuador\/wp-content\/uploads\/sites\/18\/2021\/12\/SIEMBRATON-EN-VARIOS-BOSQUE-TROPICAL-DE-GUAYAQUIL-11-768x512.jpeg 768w, https:\/\/noti-america.com\/site\/ecuador\/wp-content\/uploads\/sites\/18\/2021\/12\/SIEMBRATON-EN-VARIOS-BOSQUE-TROPICAL-DE-GUAYAQUIL-11-272x182.jpeg 272w, https:\/\/noti-america.com\/site\/ecuador\/wp-content\/uploads\/sites\/18\/2021\/12\/SIEMBRATON-EN-VARIOS-BOSQUE-TROPICAL-DE-GUAYAQUIL-11.jpeg 1280w\" sizes=\"auto, (max-width: 626px) 100vw, 626px\" \/><p id=\"caption-attachment-17535\" class=\"wp-caption-text\">Las plantas son de especie tropicaes.<\/p><\/div>\n<p style=\"text-align: justify\"><span style=\"font-weight: 400\">La Direcci\u00f3n de \u00c1reas Verdes sembr\u00f3 420 \u00e1rboles en la ciclov\u00cda de V\u00eda a la Costa, entre olivos, guayacanes y acacias. Esta es la pen\u00faltima plantaci\u00f3n\u00a0 de \u00e1rboles en la ciudad de este 2021.\u00a0<\/span><\/p>\n<p style=\"text-align: justify\"><span style=\"font-weight: 400\">La directora de \u00c1reas Verdes, Alexandra Rivadeneira, dijo que \u201cbrindar\u00e1n sombra y cobijo para las especies de fauna silvestre urbana de Guayaquil, y constituye parte de la construcci\u00f3n de esa malla verde dentro del Plan de Arborizaci\u00f3n, que permita crear corredores biol\u00f3gicos que interconecten con las \u00e1reas verdes protegidas y, de esa forma, ayudar a convertir a Guayaquil en una ciudad sostenible\u201d.<\/span><\/p>\n<p style=\"text-align: justify\"><span style=\"font-weight: 400\">El evento cont\u00f3 con el apoyo de representantes de EMAPAG, ATM, CTE, fundaciones como GEA Ecuador, Grupo Desarrollarte, Red de J\u00f3venes del Futuro, moradores de Martha Rold\u00f3s, Chong\u00f3n y V\u00eda la Costa.\u00a0<\/span><\/p>\n<p style=\"text-align: justify\"><span style=\"font-weight: 400\">La iniciativa fue bien recibida por parte de los moradores del sector, como lo indica Elsy Celi Loayza, representante de las urbanizaciones de V\u00eda a la Costa.\u00a0 <\/span><\/p>\n<p style=\"text-align: justify\"><span style=\"font-weight: 400\">\u201cEst\u00e1n sembrando un arco\u00edris eterno, porque vamos a tener una connotaci\u00f3n\u00a0 de colores, de flores, de p\u00e1jaros que van a anidar, de \u00e1rboles que nos van a\u00a0 dar sombra\u201d, dijo.\u00a0\u00a0<\/span><\/p>\n<p style=\"text-align: justify\">\n","protected":false},"excerpt":{"rendered":"<p>REDACCI\u00d3N NOTI AM\u00c9RICA (ECUADOR) La Direcci\u00f3n de \u00c1reas Verdes sembr\u00f3 420 \u00e1rboles en la ciclov\u00cda de V\u00eda a la Costa, entre olivos, guayacanes y acacias. Esta es la pen\u00faltima plantaci\u00f3n\u00a0 de \u00e1rboles en la&#46;&#46;&#46;<\/p>\n","protected":false},"author":113,"featured_media":17535,"comment_status":"open","ping_status":"open","sticky":false,"template":"","format":"standard","meta":{"_acf_changed":false,"om_disable_all_campaigns":false,"rop_custom_images_group":[],"rop_custom_messages_group":[],"rop_publish_now":"initial","rop_publish_now_accounts":{"twitter_242054905_242054905":""},"rop_publish_now_history":[],"rop_publish_now_status":"pending","_uf_show_specific_survey":0,"_uf_disable_surveys":false,"footnotes":""},"categories":[125],"tags":[],"class_list":["post-17534","post","type-post","status-publish","format-standard","has-post-thumbnail","hentry","category-actualidad"],"acf":[],"aioseo_notices":[],"yoast_head":"<!-- This site is optimized with the Yoast SEO Premium plugin v24.9 (Yoast SEO v27.2) - https:\/\/yoast.com\/product\/yoast-seo-premium-wordpress\/ -->\n<title>Municipio crea corredores biol\u00f3gicos para una ciudad sostenible - Ecuador | Noti-America.com<\/title>\n<meta name=\"robots\" content=\"index, follow, max-snippet:-1, max-image-preview:large, max-video-preview:-1\" \/>\n<link rel=\"canonical\" href=\"https:\/\/noti-america.com\/site\/ecuador\/2021\/12\/02\/municipio-crea-corredores-biologicos-para-una-ciudad-sostenible\/\" \/>\n<meta property=\"og:locale\" content=\"es_ES\" \/>\n<meta property=\"og:type\" content=\"article\" \/>\n<meta property=\"og:title\" content=\"Municipio crea corredores biol\u00f3gicos para una ciudad sostenible\" \/>\n<meta property=\"og:description\" content=\"REDACCI\u00d3N NOTI AM\u00c9RICA (ECUADOR) La Direcci\u00f3n de \u00c1reas Verdes sembr\u00f3 420 \u00e1rboles en la ciclov\u00cda de V\u00eda a la Costa, entre olivos, guayacanes y acacias. Esta es la pen\u00faltima plantaci\u00f3n\u00a0 de \u00e1rboles en la&#046;&#046;&#046;\" \/>\n<meta property=\"og:url\" content=\"https:\/\/noti-america.com\/site\/ecuador\/2021\/12\/02\/municipio-crea-corredores-biologicos-para-una-ciudad-sostenible\/\" \/>\n<meta property=\"og:site_name\" content=\"Ecuador | Noti-America.com\" \/>\n<meta property=\"article:published_time\" content=\"2021-12-02T21:03:07+00:00\" \/>\n<meta property=\"og:image\" content=\"https:\/\/noti-america.com\/site\/ecuador\/wp-content\/uploads\/sites\/18\/2021\/12\/SIEMBRATON-EN-VARIOS-BOSQUE-TROPICAL-DE-GUAYAQUIL-11.jpeg\" \/>\n\t<meta property=\"og:image:width\" content=\"1280\" \/>\n\t<meta property=\"og:image:height\" content=\"853\" \/>\n\t<meta property=\"og:image:type\" content=\"image\/jpeg\" \/>\n<meta name=\"author\" content=\"Henry Ortiz\" \/>\n<meta name=\"twitter:card\" content=\"summary_large_image\" \/>\n<meta name=\"twitter:creator\" content=\"@notiamerica\" \/>\n<meta name=\"twitter:site\" content=\"@notiamerica\" \/>\n<meta name=\"twitter:label1\" content=\"Escrito por\" \/>\n\t<meta name=\"twitter:data1\" content=\"Henry Ortiz\" \/>\n\t<meta name=\"twitter:label2\" content=\"Tiempo estimado de lectura\" \/>\n\t<meta name=\"twitter:data2\" content=\"2 minutos\" \/>\n<script type=\"application\/ld+json\" class=\"yoast-schema-graph\">{\"@context\":\"https:\/\/schema.org\",\"@graph\":[{\"@type\":\"Article\",\"@id\":\"https:\/\/noti-america.com\/site\/ecuador\/2021\/12\/02\/municipio-crea-corredores-biologicos-para-una-ciudad-sostenible\/#article\",\"isPartOf\":{\"@id\":\"https:\/\/noti-america.com\/site\/ecuador\/2021\/12\/02\/municipio-crea-corredores-biologicos-para-una-ciudad-sostenible\/\"},\"author\":{\"name\":\"Henry Ortiz\",\"@id\":\"https:\/\/noti-america.com\/site\/ecuador\/#\/schema\/person\/b9d1630cc6598af759d45c790a347283\"},\"headline\":\"Municipio crea corredores biol\u00f3gicos para una ciudad sostenible\",\"datePublished\":\"2021-12-02T21:03:07+00:00\",\"mainEntityOfPage\":{\"@id\":\"https:\/\/noti-america.com\/site\/ecuador\/2021\/12\/02\/municipio-crea-corredores-biologicos-para-una-ciudad-sostenible\/\"},\"wordCount\":229,\"commentCount\":0,\"publisher\":{\"@id\":\"https:\/\/noti-america.com\/site\/ecuador\/#organization\"},\"image\":{\"@id\":\"https:\/\/noti-america.com\/site\/ecuador\/2021\/12\/02\/municipio-crea-corredores-biologicos-para-una-ciudad-sostenible\/#primaryimage\"},\"thumbnailUrl\":\"https:\/\/noti-america.com\/site\/ecuador\/wp-content\/uploads\/sites\/18\/2021\/12\/SIEMBRATON-EN-VARIOS-BOSQUE-TROPICAL-DE-GUAYAQUIL-11.jpeg\",\"articleSection\":[\"Actualidad\"],\"inLanguage\":\"es\",\"potentialAction\":[{\"@type\":\"CommentAction\",\"name\":\"Comment\",\"target\":[\"https:\/\/noti-america.com\/site\/ecuador\/2021\/12\/02\/municipio-crea-corredores-biologicos-para-una-ciudad-sostenible\/#respond\"]}]},{\"@type\":\"WebPage\",\"@id\":\"https:\/\/noti-america.com\/site\/ecuador\/2021\/12\/02\/municipio-crea-corredores-biologicos-para-una-ciudad-sostenible\/\",\"url\":\"https:\/\/noti-america.com\/site\/ecuador\/2021\/12\/02\/municipio-crea-corredores-biologicos-para-una-ciudad-sostenible\/\",\"name\":\"Municipio crea corredores biol\u00f3gicos para una ciudad sostenible - Ecuador | Noti-America.com\",\"isPartOf\":{\"@id\":\"https:\/\/noti-america.com\/site\/ecuador\/#website\"},\"primaryImageOfPage\":{\"@id\":\"https:\/\/noti-america.com\/site\/ecuador\/2021\/12\/02\/municipio-crea-corredores-biologicos-para-una-ciudad-sostenible\/#primaryimage\"},\"image\":{\"@id\":\"https:\/\/noti-america.com\/site\/ecuador\/2021\/12\/02\/municipio-crea-corredores-biologicos-para-una-ciudad-sostenible\/#primaryimage\"},\"thumbnailUrl\":\"https:\/\/noti-america.com\/site\/ecuador\/wp-content\/uploads\/sites\/18\/2021\/12\/SIEMBRATON-EN-VARIOS-BOSQUE-TROPICAL-DE-GUAYAQUIL-11.jpeg\",\"datePublished\":\"2021-12-02T21:03:07+00:00\",\"breadcrumb\":{\"@id\":\"https:\/\/noti-america.com\/site\/ecuador\/2021\/12\/02\/municipio-crea-corredores-biologicos-para-una-ciudad-sostenible\/#breadcrumb\"},\"inLanguage\":\"es\",\"potentialAction\":[{\"@type\":\"ReadAction\",\"target\":[\"https:\/\/noti-america.com\/site\/ecuador\/2021\/12\/02\/municipio-crea-corredores-biologicos-para-una-ciudad-sostenible\/\"]}]},{\"@type\":\"ImageObject\",\"inLanguage\":\"es\",\"@id\":\"https:\/\/noti-america.com\/site\/ecuador\/2021\/12\/02\/municipio-crea-corredores-biologicos-para-una-ciudad-sostenible\/#primaryimage\",\"url\":\"https:\/\/noti-america.com\/site\/ecuador\/wp-content\/uploads\/sites\/18\/2021\/12\/SIEMBRATON-EN-VARIOS-BOSQUE-TROPICAL-DE-GUAYAQUIL-11.jpeg\",\"contentUrl\":\"https:\/\/noti-america.com\/site\/ecuador\/wp-content\/uploads\/sites\/18\/2021\/12\/SIEMBRATON-EN-VARIOS-BOSQUE-TROPICAL-DE-GUAYAQUIL-11.jpeg\",\"width\":1280,\"height\":853},{\"@type\":\"BreadcrumbList\",\"@id\":\"https:\/\/noti-america.com\/site\/ecuador\/2021\/12\/02\/municipio-crea-corredores-biologicos-para-una-ciudad-sostenible\/#breadcrumb\",\"itemListElement\":[{\"@type\":\"ListItem\",\"position\":1,\"name\":\"Portada\",\"item\":\"https:\/\/noti-america.com\/site\/ecuador\/\"},{\"@type\":\"ListItem\",\"position\":2,\"name\":\"Municipio crea corredores biol\u00f3gicos para una ciudad sostenible\"}]},{\"@type\":\"WebSite\",\"@id\":\"https:\/\/noti-america.com\/site\/ecuador\/#website\",\"url\":\"https:\/\/noti-america.com\/site\/ecuador\/\",\"name\":\"Ecuador | Noti-America.com\",\"description\":\"\",\"publisher\":{\"@id\":\"https:\/\/noti-america.com\/site\/ecuador\/#organization\"},\"potentialAction\":[{\"@type\":\"SearchAction\",\"target\":{\"@type\":\"EntryPoint\",\"urlTemplate\":\"https:\/\/noti-america.com\/site\/ecuador\/?s={search_term_string}\"},\"query-input\":{\"@type\":\"PropertyValueSpecification\",\"valueRequired\":true,\"valueName\":\"search_term_string\"}}],\"inLanguage\":\"es\"},{\"@type\":\"Organization\",\"@id\":\"https:\/\/noti-america.com\/site\/ecuador\/#organization\",\"name\":\"Noti-America LLC | Ecuador\",\"url\":\"https:\/\/noti-america.com\/site\/ecuador\/\",\"logo\":{\"@type\":\"ImageObject\",\"inLanguage\":\"es\",\"@id\":\"https:\/\/noti-america.com\/site\/ecuador\/#\/schema\/logo\/image\/\",\"url\":\"https:\/\/noti-america.com\/site\/ecuador\/wp-content\/uploads\/sites\/18\/2020\/07\/LogoNA-4x3-1.jpg\",\"contentUrl\":\"https:\/\/noti-america.com\/site\/ecuador\/wp-content\/uploads\/sites\/18\/2020\/07\/LogoNA-4x3-1.jpg\",\"width\":1236,\"height\":1080,\"caption\":\"Noti-America LLC | Ecuador\"},\"image\":{\"@id\":\"https:\/\/noti-america.com\/site\/ecuador\/#\/schema\/logo\/image\/\"},\"sameAs\":[\"https:\/\/x.com\/notiamerica\"]},{\"@type\":\"Person\",\"@id\":\"https:\/\/noti-america.com\/site\/ecuador\/#\/schema\/person\/b9d1630cc6598af759d45c790a347283\",\"name\":\"Henry Ortiz\",\"image\":{\"@type\":\"ImageObject\",\"inLanguage\":\"es\",\"@id\":\"https:\/\/secure.gravatar.com\/avatar\/0b5407b5b302fbb6a578e625dca512ac2983ee5fa9ea941d581b83c40212e4c8?s=96&d=mm&r=g\",\"url\":\"https:\/\/secure.gravatar.com\/avatar\/0b5407b5b302fbb6a578e625dca512ac2983ee5fa9ea941d581b83c40212e4c8?s=96&d=mm&r=g\",\"contentUrl\":\"https:\/\/secure.gravatar.com\/avatar\/0b5407b5b302fbb6a578e625dca512ac2983ee5fa9ea941d581b83c40212e4c8?s=96&d=mm&r=g\",\"caption\":\"Henry Ortiz\"},\"url\":\"https:\/\/noti-america.com\/site\/ecuador\/author\/hortiz\/\"}]}<\/script>\n<!-- \/ Yoast SEO Premium plugin. -->","yoast_head_json":{"title":"Municipio crea corredores biol\u00f3gicos para una ciudad sostenible - Ecuador | Noti-America.com","robots":{"index":"index","follow":"follow","max-snippet":"max-snippet:-1","max-image-preview":"max-image-preview:large","max-video-preview":"max-video-preview:-1"},"canonical":"https:\/\/noti-america.com\/site\/ecuador\/2021\/12\/02\/municipio-crea-corredores-biologicos-para-una-ciudad-sostenible\/","og_locale":"es_ES","og_type":"article","og_title":"Municipio crea corredores biol\u00f3gicos para una ciudad sostenible","og_description":"REDACCI\u00d3N NOTI AM\u00c9RICA (ECUADOR) La Direcci\u00f3n de \u00c1reas Verdes sembr\u00f3 420 \u00e1rboles en la ciclov\u00cda de V\u00eda a la Costa, entre olivos, guayacanes y acacias. Esta es la pen\u00faltima plantaci\u00f3n\u00a0 de \u00e1rboles en la&#46;&#46;&#46;","og_url":"https:\/\/noti-america.com\/site\/ecuador\/2021\/12\/02\/municipio-crea-corredores-biologicos-para-una-ciudad-sostenible\/","og_site_name":"Ecuador | Noti-America.com","article_published_time":"2021-12-02T21:03:07+00:00","og_image":[{"width":1280,"height":853,"url":"https:\/\/noti-america.com\/site\/ecuador\/wp-content\/uploads\/sites\/18\/2021\/12\/SIEMBRATON-EN-VARIOS-BOSQUE-TROPICAL-DE-GUAYAQUIL-11.jpeg","type":"image\/jpeg"}],"author":"Henry Ortiz","twitter_card":"summary_large_image","twitter_creator":"@notiamerica","twitter_site":"@notiamerica","twitter_misc":{"Escrito por":"Henry Ortiz","Tiempo estimado de lectura":"2 minutos"},"schema":{"@context":"https:\/\/schema.org","@graph":[{"@type":"Article","@id":"https:\/\/noti-america.com\/site\/ecuador\/2021\/12\/02\/municipio-crea-corredores-biologicos-para-una-ciudad-sostenible\/#article","isPartOf":{"@id":"https:\/\/noti-america.com\/site\/ecuador\/2021\/12\/02\/municipio-crea-corredores-biologicos-para-una-ciudad-sostenible\/"},"author":{"name":"Henry Ortiz","@id":"https:\/\/noti-america.com\/site\/ecuador\/#\/schema\/person\/b9d1630cc6598af759d45c790a347283"},"headline":"Municipio crea corredores biol\u00f3gicos para una ciudad sostenible","datePublished":"2021-12-02T21:03:07+00:00","mainEntityOfPage":{"@id":"https:\/\/noti-america.com\/site\/ecuador\/2021\/12\/02\/municipio-crea-corredores-biologicos-para-una-ciudad-sostenible\/"},"wordCount":229,"commentCount":0,"publisher":{"@id":"https:\/\/noti-america.com\/site\/ecuador\/#organization"},"image":{"@id":"https:\/\/noti-america.com\/site\/ecuador\/2021\/12\/02\/municipio-crea-corredores-biologicos-para-una-ciudad-sostenible\/#primaryimage"},"thumbnailUrl":"https:\/\/noti-america.com\/site\/ecuador\/wp-content\/uploads\/sites\/18\/2021\/12\/SIEMBRATON-EN-VARIOS-BOSQUE-TROPICAL-DE-GUAYAQUIL-11.jpeg","articleSection":["Actualidad"],"inLanguage":"es","potentialAction":[{"@type":"CommentAction","name":"Comment","target":["https:\/\/noti-america.com\/site\/ecuador\/2021\/12\/02\/municipio-crea-corredores-biologicos-para-una-ciudad-sostenible\/#respond"]}]},{"@type":"WebPage","@id":"https:\/\/noti-america.com\/site\/ecuador\/2021\/12\/02\/municipio-crea-corredores-biologicos-para-una-ciudad-sostenible\/","url":"https:\/\/noti-america.com\/site\/ecuador\/2021\/12\/02\/municipio-crea-corredores-biologicos-para-una-ciudad-sostenible\/","name":"Municipio crea corredores biol\u00f3gicos para una ciudad sostenible - Ecuador | Noti-America.com","isPartOf":{"@id":"https:\/\/noti-america.com\/site\/ecuador\/#website"},"primaryImageOfPage":{"@id":"https:\/\/noti-america.com\/site\/ecuador\/2021\/12\/02\/municipio-crea-corredores-biologicos-para-una-ciudad-sostenible\/#primaryimage"},"image":{"@id":"https:\/\/noti-america.com\/site\/ecuador\/2021\/12\/02\/municipio-crea-corredores-biologicos-para-una-ciudad-sostenible\/#primaryimage"},"thumbnailUrl":"https:\/\/noti-america.com\/site\/ecuador\/wp-content\/uploads\/sites\/18\/2021\/12\/SIEMBRATON-EN-VARIOS-BOSQUE-TROPICAL-DE-GUAYAQUIL-11.jpeg","datePublished":"2021-12-02T21:03:07+00:00","breadcrumb":{"@id":"https:\/\/noti-america.com\/site\/ecuador\/2021\/12\/02\/municipio-crea-corredores-biologicos-para-una-ciudad-sostenible\/#breadcrumb"},"inLanguage":"es","potentialAction":[{"@type":"ReadAction","target":["https:\/\/noti-america.com\/site\/ecuador\/2021\/12\/02\/municipio-crea-corredores-biologicos-para-una-ciudad-sostenible\/"]}]},{"@type":"ImageObject","inLanguage":"es","@id":"https:\/\/noti-america.com\/site\/ecuador\/2021\/12\/02\/municipio-crea-corredores-biologicos-para-una-ciudad-sostenible\/#primaryimage","url":"https:\/\/noti-america.com\/site\/ecuador\/wp-content\/uploads\/sites\/18\/2021\/12\/SIEMBRATON-EN-VARIOS-BOSQUE-TROPICAL-DE-GUAYAQUIL-11.jpeg","contentUrl":"https:\/\/noti-america.com\/site\/ecuador\/wp-content\/uploads\/sites\/18\/2021\/12\/SIEMBRATON-EN-VARIOS-BOSQUE-TROPICAL-DE-GUAYAQUIL-11.jpeg","width":1280,"height":853},{"@type":"BreadcrumbList","@id":"https:\/\/noti-america.com\/site\/ecuador\/2021\/12\/02\/municipio-crea-corredores-biologicos-para-una-ciudad-sostenible\/#breadcrumb","itemListElement":[{"@type":"ListItem","position":1,"name":"Portada","item":"https:\/\/noti-america.com\/site\/ecuador\/"},{"@type":"ListItem","position":2,"name":"Municipio crea corredores biol\u00f3gicos para una ciudad sostenible"}]},{"@type":"WebSite","@id":"https:\/\/noti-america.com\/site\/ecuador\/#website","url":"https:\/\/noti-america.com\/site\/ecuador\/","name":"Ecuador | Noti-America.com","description":"","publisher":{"@id":"https:\/\/noti-america.com\/site\/ecuador\/#organization"},"potentialAction":[{"@type":"SearchAction","target":{"@type":"EntryPoint","urlTemplate":"https:\/\/noti-america.com\/site\/ecuador\/?s={search_term_string}"},"query-input":{"@type":"PropertyValueSpecification","valueRequired":true,"valueName":"search_term_string"}}],"inLanguage":"es"},{"@type":"Organization","@id":"https:\/\/noti-america.com\/site\/ecuador\/#organization","name":"Noti-America LLC | Ecuador","url":"https:\/\/noti-america.com\/site\/ecuador\/","logo":{"@type":"ImageObject","inLanguage":"es","@id":"https:\/\/noti-america.com\/site\/ecuador\/#\/schema\/logo\/image\/","url":"https:\/\/noti-america.com\/site\/ecuador\/wp-content\/uploads\/sites\/18\/2020\/07\/LogoNA-4x3-1.jpg","contentUrl":"https:\/\/noti-america.com\/site\/ecuador\/wp-content\/uploads\/sites\/18\/2020\/07\/LogoNA-4x3-1.jpg","width":1236,"height":1080,"caption":"Noti-America LLC | Ecuador"},"image":{"@id":"https:\/\/noti-america.com\/site\/ecuador\/#\/schema\/logo\/image\/"},"sameAs":["https:\/\/x.com\/notiamerica"]},{"@type":"Person","@id":"https:\/\/noti-america.com\/site\/ecuador\/#\/schema\/person\/b9d1630cc6598af759d45c790a347283","name":"Henry Ortiz","image":{"@type":"ImageObject","inLanguage":"es","@id":"https:\/\/secure.gravatar.com\/avatar\/0b5407b5b302fbb6a578e625dca512ac2983ee5fa9ea941d581b83c40212e4c8?s=96&d=mm&r=g","url":"https:\/\/secure.gravatar.com\/avatar\/0b5407b5b302fbb6a578e625dca512ac2983ee5fa9ea941d581b83c40212e4c8?s=96&d=mm&r=g","contentUrl":"https:\/\/secure.gravatar.com\/avatar\/0b5407b5b302fbb6a578e625dca512ac2983ee5fa9ea941d581b83c40212e4c8?s=96&d=mm&r=g","caption":"Henry Ortiz"},"url":"https:\/\/noti-america.com\/site\/ecuador\/author\/hortiz\/"}]}},"_links":{"self":[{"href":"https:\/\/noti-america.com\/site\/ecuador\/wp-json\/wp\/v2\/posts\/17534","targetHints":{"allow":["GET"]}}],"collection":[{"href":"https:\/\/noti-america.com\/site\/ecuador\/wp-json\/wp\/v2\/posts"}],"about":[{"href":"https:\/\/noti-america.com\/site\/ecuador\/wp-json\/wp\/v2\/types\/post"}],"author":[{"embeddable":true,"href":"https:\/\/noti-america.com\/site\/ecuador\/wp-json\/wp\/v2\/users\/113"}],"replies":[{"embeddable":true,"href":"https:\/\/noti-america.com\/site\/ecuador\/wp-json\/wp\/v2\/comments?post=17534"}],"version-history":[{"count":1,"href":"https:\/\/noti-america.com\/site\/ecuador\/wp-json\/wp\/v2\/posts\/17534\/revisions"}],"predecessor-version":[{"id":17536,"href":"https:\/\/noti-america.com\/site\/ecuador\/wp-json\/wp\/v2\/posts\/17534\/revisions\/17536"}],"wp:featuredmedia":[{"embeddable":true,"href":"https:\/\/noti-america.com\/site\/ecuador\/wp-json\/wp\/v2\/media\/17535"}],"wp:attachment":[{"href":"https:\/\/noti-america.com\/site\/ecuador\/wp-json\/wp\/v2\/media?parent=17534"}],"wp:term":[{"taxonomy":"category","embeddable":true,"href":"https:\/\/noti-america.com\/site\/ecuador\/wp-json\/wp\/v2\/categories?post=17534"},{"taxonomy":"post_tag","embeddable":true,"href":"https:\/\/noti-america.com\/site\/ecuador\/wp-json\/wp\/v2\/tags?post=17534"}],"curies":[{"name":"wp","href":"https:\/\/api.w.org\/{rel}","templated":true}]}}