{"id":17520,"date":"2021-12-02T07:43:24","date_gmt":"2021-12-02T07:43:24","guid":{"rendered":"https:\/\/noti-america.com\/site\/ecuador\/?p=17520"},"modified":"2021-12-02T07:43:24","modified_gmt":"2021-12-02T07:43:24","slug":"se-efectuo-reentrenamiento-militar-para-reporteros-de-defensa-en-guayaquil","status":"publish","type":"post","link":"https:\/\/noti-america.com\/site\/ecuador\/2021\/12\/02\/se-efectuo-reentrenamiento-militar-para-reporteros-de-defensa-en-guayaquil\/","title":{"rendered":"Se efectu\u00f3 reentrenamiento militar para \u2018Reporteros de Defensa\u2019 en Guayaquil"},"content":{"rendered":"<p style=\"text-align: justify\"><strong>REDACCI\u00d3N NOTI-AM\u00c9RICA (ECUADOR)<\/strong><\/p>\n<div id=\"attachment_17521\" style=\"width: 821px\" class=\"wp-caption aligncenter\"><img loading=\"lazy\" decoding=\"async\" aria-describedby=\"caption-attachment-17521\" class=\" wp-image-17521\" src=\"https:\/\/noti-america.com\/site\/ecuador\/wp-content\/uploads\/sites\/18\/2021\/12\/Reporteros_De_DEfensa7-300x225.jpg\" alt=\"\" width=\"811\" height=\"609\" srcset=\"https:\/\/noti-america.com\/site\/ecuador\/wp-content\/uploads\/sites\/18\/2021\/12\/Reporteros_De_DEfensa7-300x225.jpg 300w, https:\/\/noti-america.com\/site\/ecuador\/wp-content\/uploads\/sites\/18\/2021\/12\/Reporteros_De_DEfensa7-1024x768.jpg 1024w, https:\/\/noti-america.com\/site\/ecuador\/wp-content\/uploads\/sites\/18\/2021\/12\/Reporteros_De_DEfensa7-768x576.jpg 768w, https:\/\/noti-america.com\/site\/ecuador\/wp-content\/uploads\/sites\/18\/2021\/12\/Reporteros_De_DEfensa7-1536x1152.jpg 1536w, https:\/\/noti-america.com\/site\/ecuador\/wp-content\/uploads\/sites\/18\/2021\/12\/Reporteros_De_DEfensa7.jpg 1600w\" sizes=\"auto, (max-width: 811px) 100vw, 811px\" \/><p id=\"caption-attachment-17521\" class=\"wp-caption-text\"><strong>Una intensa jornada de capacitaci\u00f3n acad\u00e9mica militar vivieron los representantes de los diversos medios de comunicaci\u00f3n.<\/strong><\/p><\/div>\n<p style=\"text-align: justify\">Alrededor de medio centenar de periodistas recibieron instrucci\u00f3n militar como parte del curso de reentrenamiento para Reporteros de Defensa, el pasado fin de semana, en el Fuerte Militar Huancavilca, ubicado al norte de Guayaquil.<\/p>\n<div id=\"attachment_17522\" style=\"width: 452px\" class=\"wp-caption alignleft\"><img loading=\"lazy\" decoding=\"async\" aria-describedby=\"caption-attachment-17522\" class=\"wp-image-17522\" src=\"https:\/\/noti-america.com\/site\/ecuador\/wp-content\/uploads\/sites\/18\/2021\/12\/Reporteros_De_DEfensa5-300x225.jpg\" alt=\"\" width=\"442\" height=\"332\" srcset=\"https:\/\/noti-america.com\/site\/ecuador\/wp-content\/uploads\/sites\/18\/2021\/12\/Reporteros_De_DEfensa5-300x225.jpg 300w, https:\/\/noti-america.com\/site\/ecuador\/wp-content\/uploads\/sites\/18\/2021\/12\/Reporteros_De_DEfensa5-1024x768.jpg 1024w, https:\/\/noti-america.com\/site\/ecuador\/wp-content\/uploads\/sites\/18\/2021\/12\/Reporteros_De_DEfensa5-768x576.jpg 768w, https:\/\/noti-america.com\/site\/ecuador\/wp-content\/uploads\/sites\/18\/2021\/12\/Reporteros_De_DEfensa5-1536x1152.jpg 1536w, https:\/\/noti-america.com\/site\/ecuador\/wp-content\/uploads\/sites\/18\/2021\/12\/Reporteros_De_DEfensa5.jpg 1600w\" sizes=\"auto, (max-width: 442px) 100vw, 442px\" \/><p id=\"caption-attachment-17522\" class=\"wp-caption-text\"><strong>Los periodistas patrullaron las v\u00edas a trav\u00e9s de los veh\u00edculos t\u00e1cticos del Ej\u00e9rcito.<\/strong><\/p><\/div>\n<p style=\"text-align: justify\">Durante la jornada, los representantes de diversos medios de comunicaci\u00f3n de la provincia del Guayas, tuvieron la oportunidad de actualizar sus conocimientos en t\u00e1cticas militares; el uso de armas letales y no letales; los Controles de Armas, Municiones y Explosivos (Camex), entre otros procedimientos propios de la milicia.<\/p>\n<p style=\"text-align: justify\">La convocatoria a los profesionales de la comunicaci\u00f3n estuvo a cargo de la II Divisi\u00f3n de Ej\u00e9rcito \u2018Libertad\u2019, comandada por el Gral. John O\u00f1ate Cisneros, quien resalt\u00f3 que estas actividades de integraci\u00f3n permiten conocer m\u00e1s de cerca al accionar castrense a los periodistas.<\/p>\n<p style=\"text-align: justify\">\u201cEs importante interactuar con los medios de comunicaci\u00f3n social, que conozcan puertas adentro cual es nuestra forma de actuar como soldados y poder compartir esas experiencias\u201d, se\u00f1al\u00f3.<\/p>\n<div id=\"attachment_17524\" style=\"width: 515px\" class=\"wp-caption alignright\"><img loading=\"lazy\" decoding=\"async\" aria-describedby=\"caption-attachment-17524\" class=\" wp-image-17524\" src=\"https:\/\/noti-america.com\/site\/ecuador\/wp-content\/uploads\/sites\/18\/2021\/12\/Reporteros_De_DEfensa2-300x225.jpg\" alt=\"\" width=\"505\" height=\"379\" srcset=\"https:\/\/noti-america.com\/site\/ecuador\/wp-content\/uploads\/sites\/18\/2021\/12\/Reporteros_De_DEfensa2-300x225.jpg 300w, https:\/\/noti-america.com\/site\/ecuador\/wp-content\/uploads\/sites\/18\/2021\/12\/Reporteros_De_DEfensa2-1024x770.jpg 1024w, https:\/\/noti-america.com\/site\/ecuador\/wp-content\/uploads\/sites\/18\/2021\/12\/Reporteros_De_DEfensa2-768x577.jpg 768w, https:\/\/noti-america.com\/site\/ecuador\/wp-content\/uploads\/sites\/18\/2021\/12\/Reporteros_De_DEfensa2.jpg 1336w\" sizes=\"auto, (max-width: 505px) 100vw, 505px\" \/><p id=\"caption-attachment-17524\" class=\"wp-caption-text\"><strong>La pr\u00e1ctica de tiro fue una de las actividades realizadas.<\/strong><\/p><\/div>\n<p style=\"text-align: justify\">El aprendizaje acad\u00e9mico militar inici\u00f3 desde muy temprano con el registro y equipamiento. Los periodistas recibieron casco, chaleco antibalas, mochila, saco de dormir, vajilla y dem\u00e1s implementos no pesados.<\/p>\n<p style=\"text-align: justify\">Posteriormente, participaron de un momento c\u00edvico, en formaci\u00f3n con el acompa\u00f1amiento de la banda de m\u00fasica, demostrando su destrezas mientras entonan marchas militares, para pasar luego a las diferentes estaciones instaladas para el caso.<\/p>\n<p style=\"text-align: justify\">\u201cVisitamos las unidades donde hicimos el reconocimiento de material y armamento no letal, con pr\u00e1cticas de tiro. Activamos un campamento, un Camex, realizamos el paso de obst\u00e1culos en campo y se hizo un recorrido por las v\u00edas, transport\u00e1ndonos en los diversos veh\u00edculos t\u00e1cticos, con los que contamos\u201d, detall\u00f3 O\u00f1ate.<\/p>\n<div id=\"attachment_17525\" style=\"width: 582px\" class=\"wp-caption alignleft\"><img loading=\"lazy\" decoding=\"async\" aria-describedby=\"caption-attachment-17525\" class=\" wp-image-17525\" src=\"https:\/\/noti-america.com\/site\/ecuador\/wp-content\/uploads\/sites\/18\/2021\/12\/Reporteros_De_DEfensa-300x225.jpg\" alt=\"\" width=\"572\" height=\"429\" srcset=\"https:\/\/noti-america.com\/site\/ecuador\/wp-content\/uploads\/sites\/18\/2021\/12\/Reporteros_De_DEfensa-300x225.jpg 300w, https:\/\/noti-america.com\/site\/ecuador\/wp-content\/uploads\/sites\/18\/2021\/12\/Reporteros_De_DEfensa-1024x768.jpg 1024w, https:\/\/noti-america.com\/site\/ecuador\/wp-content\/uploads\/sites\/18\/2021\/12\/Reporteros_De_DEfensa-768x576.jpg 768w, https:\/\/noti-america.com\/site\/ecuador\/wp-content\/uploads\/sites\/18\/2021\/12\/Reporteros_De_DEfensa.jpg 1080w\" sizes=\"auto, (max-width: 572px) 100vw, 572px\" \/><p id=\"caption-attachment-17525\" class=\"wp-caption-text\"><strong>No pod\u00eda faltar la camarader\u00eda entre colegas.<\/strong><\/p><\/div>\n<p>&nbsp;<\/p>\n<p style=\"text-align: justify\">Al culminar la capacitaci\u00f3n, los oficiales del Ej\u00e9rcito entregaron los respectivos certificados de reconocimiento a los comunicadores por su participaci\u00f3n, con el compromiso de continuar con esta preparaci\u00f3n a nivel nacional.<\/p>\n<p>&nbsp;<\/p>\n<p style=\"text-align: justify\">\u201cEste fue un primer contacto, ya que nos estamos reactivando luego de algunos a\u00f1os\u2026 el Ej\u00e9rcito seguir\u00e1 programando este tipo de actividades que, el d\u00eda de hoy, se ejecut\u00f3 en algunas ciudades del pa\u00eds, la semana anterior en otras y as\u00ed se seguir\u00e1 fortaleciendo la relaci\u00f3n periodismo-Ej\u00e9rcito ecuatoriano\u201d, concluy\u00f3 el Comandante de la II Divisi\u00f3n de Ej\u00e9rcito.<\/p>\n","protected":false},"excerpt":{"rendered":"<p>REDACCI\u00d3N NOTI-AM\u00c9RICA (ECUADOR) Alrededor de medio centenar de periodistas recibieron instrucci\u00f3n militar como parte del curso de reentrenamiento para Reporteros de Defensa, el pasado fin de semana, en el Fuerte Militar Huancavilca, ubicado al&#46;&#46;&#46;<\/p>\n","protected":false},"author":54,"featured_media":17521,"comment_status":"open","ping_status":"open","sticky":false,"template":"","format":"standard","meta":{"_acf_changed":false,"om_disable_all_campaigns":false,"rop_custom_images_group":[],"rop_custom_messages_group":[],"rop_publish_now":"initial","rop_publish_now_accounts":{"twitter_242054905_242054905":""},"rop_publish_now_history":[],"rop_publish_now_status":"pending","_uf_show_specific_survey":0,"_uf_disable_surveys":false,"footnotes":""},"categories":[125],"tags":[],"class_list":["post-17520","post","type-post","status-publish","format-standard","has-post-thumbnail","hentry","category-actualidad"],"acf":[],"aioseo_notices":[],"yoast_head":"<!-- This site is optimized with the Yoast SEO Premium plugin v24.9 (Yoast SEO v27.2) - https:\/\/yoast.com\/product\/yoast-seo-premium-wordpress\/ -->\n<title>Se efectu\u00f3 reentrenamiento militar para \u2018Reporteros de Defensa\u2019 en Guayaquil - Ecuador | Noti-America.com<\/title>\n<meta name=\"robots\" content=\"index, follow, max-snippet:-1, max-image-preview:large, max-video-preview:-1\" \/>\n<link rel=\"canonical\" href=\"https:\/\/noti-america.com\/site\/ecuador\/2021\/12\/02\/se-efectuo-reentrenamiento-militar-para-reporteros-de-defensa-en-guayaquil\/\" \/>\n<meta property=\"og:locale\" content=\"es_ES\" \/>\n<meta property=\"og:type\" content=\"article\" \/>\n<meta property=\"og:title\" content=\"Se efectu\u00f3 reentrenamiento militar para \u2018Reporteros de Defensa\u2019 en Guayaquil\" \/>\n<meta property=\"og:description\" content=\"REDACCI\u00d3N NOTI-AM\u00c9RICA (ECUADOR) Alrededor de medio centenar de periodistas recibieron instrucci\u00f3n militar como parte del curso de reentrenamiento para Reporteros de Defensa, el pasado fin de semana, en el Fuerte Militar Huancavilca, ubicado al&#046;&#046;&#046;\" \/>\n<meta property=\"og:url\" content=\"https:\/\/noti-america.com\/site\/ecuador\/2021\/12\/02\/se-efectuo-reentrenamiento-militar-para-reporteros-de-defensa-en-guayaquil\/\" \/>\n<meta property=\"og:site_name\" content=\"Ecuador | Noti-America.com\" \/>\n<meta property=\"article:author\" content=\"https:\/\/www.facebook.com\/geojuradopuente\" \/>\n<meta property=\"article:published_time\" content=\"2021-12-02T07:43:24+00:00\" \/>\n<meta property=\"og:image\" content=\"https:\/\/noti-america.com\/site\/ecuador\/wp-content\/uploads\/sites\/18\/2021\/12\/Reporteros_De_DEfensa7.jpg\" \/>\n\t<meta property=\"og:image:width\" content=\"1600\" \/>\n\t<meta property=\"og:image:height\" content=\"1200\" \/>\n\t<meta property=\"og:image:type\" content=\"image\/jpeg\" \/>\n<meta name=\"author\" content=\"Mgtr. Geovanny Jurado Puente\" \/>\n<meta name=\"twitter:card\" content=\"summary_large_image\" \/>\n<meta name=\"twitter:creator\" content=\"@GeoJurado\" \/>\n<meta name=\"twitter:site\" content=\"@notiamerica\" \/>\n<meta name=\"twitter:label1\" content=\"Escrito por\" \/>\n\t<meta name=\"twitter:data1\" content=\"Mgtr. Geovanny Jurado Puente\" \/>\n\t<meta name=\"twitter:label2\" content=\"Tiempo estimado de lectura\" \/>\n\t<meta name=\"twitter:data2\" content=\"3 minutos\" \/>\n<script type=\"application\/ld+json\" class=\"yoast-schema-graph\">{\"@context\":\"https:\/\/schema.org\",\"@graph\":[{\"@type\":\"Article\",\"@id\":\"https:\/\/noti-america.com\/site\/ecuador\/2021\/12\/02\/se-efectuo-reentrenamiento-militar-para-reporteros-de-defensa-en-guayaquil\/#article\",\"isPartOf\":{\"@id\":\"https:\/\/noti-america.com\/site\/ecuador\/2021\/12\/02\/se-efectuo-reentrenamiento-militar-para-reporteros-de-defensa-en-guayaquil\/\"},\"author\":{\"name\":\"Mgtr. Geovanny Jurado Puente\",\"@id\":\"https:\/\/noti-america.com\/site\/ecuador\/#\/schema\/person\/eafaa0d78b886269707bbd67c79282d8\"},\"headline\":\"Se efectu\u00f3 reentrenamiento militar para \u2018Reporteros de Defensa\u2019 en Guayaquil\",\"datePublished\":\"2021-12-02T07:43:24+00:00\",\"mainEntityOfPage\":{\"@id\":\"https:\/\/noti-america.com\/site\/ecuador\/2021\/12\/02\/se-efectuo-reentrenamiento-militar-para-reporteros-de-defensa-en-guayaquil\/\"},\"wordCount\":490,\"commentCount\":0,\"publisher\":{\"@id\":\"https:\/\/noti-america.com\/site\/ecuador\/#organization\"},\"image\":{\"@id\":\"https:\/\/noti-america.com\/site\/ecuador\/2021\/12\/02\/se-efectuo-reentrenamiento-militar-para-reporteros-de-defensa-en-guayaquil\/#primaryimage\"},\"thumbnailUrl\":\"https:\/\/noti-america.com\/site\/ecuador\/wp-content\/uploads\/sites\/18\/2021\/12\/Reporteros_De_DEfensa7.jpg\",\"articleSection\":[\"Actualidad\"],\"inLanguage\":\"es\",\"potentialAction\":[{\"@type\":\"CommentAction\",\"name\":\"Comment\",\"target\":[\"https:\/\/noti-america.com\/site\/ecuador\/2021\/12\/02\/se-efectuo-reentrenamiento-militar-para-reporteros-de-defensa-en-guayaquil\/#respond\"]}]},{\"@type\":\"WebPage\",\"@id\":\"https:\/\/noti-america.com\/site\/ecuador\/2021\/12\/02\/se-efectuo-reentrenamiento-militar-para-reporteros-de-defensa-en-guayaquil\/\",\"url\":\"https:\/\/noti-america.com\/site\/ecuador\/2021\/12\/02\/se-efectuo-reentrenamiento-militar-para-reporteros-de-defensa-en-guayaquil\/\",\"name\":\"Se efectu\u00f3 reentrenamiento militar para \u2018Reporteros de Defensa\u2019 en Guayaquil - Ecuador | Noti-America.com\",\"isPartOf\":{\"@id\":\"https:\/\/noti-america.com\/site\/ecuador\/#website\"},\"primaryImageOfPage\":{\"@id\":\"https:\/\/noti-america.com\/site\/ecuador\/2021\/12\/02\/se-efectuo-reentrenamiento-militar-para-reporteros-de-defensa-en-guayaquil\/#primaryimage\"},\"image\":{\"@id\":\"https:\/\/noti-america.com\/site\/ecuador\/2021\/12\/02\/se-efectuo-reentrenamiento-militar-para-reporteros-de-defensa-en-guayaquil\/#primaryimage\"},\"thumbnailUrl\":\"https:\/\/noti-america.com\/site\/ecuador\/wp-content\/uploads\/sites\/18\/2021\/12\/Reporteros_De_DEfensa7.jpg\",\"datePublished\":\"2021-12-02T07:43:24+00:00\",\"breadcrumb\":{\"@id\":\"https:\/\/noti-america.com\/site\/ecuador\/2021\/12\/02\/se-efectuo-reentrenamiento-militar-para-reporteros-de-defensa-en-guayaquil\/#breadcrumb\"},\"inLanguage\":\"es\",\"potentialAction\":[{\"@type\":\"ReadAction\",\"target\":[\"https:\/\/noti-america.com\/site\/ecuador\/2021\/12\/02\/se-efectuo-reentrenamiento-militar-para-reporteros-de-defensa-en-guayaquil\/\"]}]},{\"@type\":\"ImageObject\",\"inLanguage\":\"es\",\"@id\":\"https:\/\/noti-america.com\/site\/ecuador\/2021\/12\/02\/se-efectuo-reentrenamiento-militar-para-reporteros-de-defensa-en-guayaquil\/#primaryimage\",\"url\":\"https:\/\/noti-america.com\/site\/ecuador\/wp-content\/uploads\/sites\/18\/2021\/12\/Reporteros_De_DEfensa7.jpg\",\"contentUrl\":\"https:\/\/noti-america.com\/site\/ecuador\/wp-content\/uploads\/sites\/18\/2021\/12\/Reporteros_De_DEfensa7.jpg\",\"width\":1600,\"height\":1200,\"caption\":\"Una intensa jornada militar vivieron los representantes de los diversos medios de comunicaci\u00f3n.\"},{\"@type\":\"BreadcrumbList\",\"@id\":\"https:\/\/noti-america.com\/site\/ecuador\/2021\/12\/02\/se-efectuo-reentrenamiento-militar-para-reporteros-de-defensa-en-guayaquil\/#breadcrumb\",\"itemListElement\":[{\"@type\":\"ListItem\",\"position\":1,\"name\":\"Portada\",\"item\":\"https:\/\/noti-america.com\/site\/ecuador\/\"},{\"@type\":\"ListItem\",\"position\":2,\"name\":\"Se efectu\u00f3 reentrenamiento militar para \u2018Reporteros de Defensa\u2019 en Guayaquil\"}]},{\"@type\":\"WebSite\",\"@id\":\"https:\/\/noti-america.com\/site\/ecuador\/#website\",\"url\":\"https:\/\/noti-america.com\/site\/ecuador\/\",\"name\":\"Ecuador | Noti-America.com\",\"description\":\"\",\"publisher\":{\"@id\":\"https:\/\/noti-america.com\/site\/ecuador\/#organization\"},\"potentialAction\":[{\"@type\":\"SearchAction\",\"target\":{\"@type\":\"EntryPoint\",\"urlTemplate\":\"https:\/\/noti-america.com\/site\/ecuador\/?s={search_term_string}\"},\"query-input\":{\"@type\":\"PropertyValueSpecification\",\"valueRequired\":true,\"valueName\":\"search_term_string\"}}],\"inLanguage\":\"es\"},{\"@type\":\"Organization\",\"@id\":\"https:\/\/noti-america.com\/site\/ecuador\/#organization\",\"name\":\"Noti-America LLC | Ecuador\",\"url\":\"https:\/\/noti-america.com\/site\/ecuador\/\",\"logo\":{\"@type\":\"ImageObject\",\"inLanguage\":\"es\",\"@id\":\"https:\/\/noti-america.com\/site\/ecuador\/#\/schema\/logo\/image\/\",\"url\":\"https:\/\/noti-america.com\/site\/ecuador\/wp-content\/uploads\/sites\/18\/2020\/07\/LogoNA-4x3-1.jpg\",\"contentUrl\":\"https:\/\/noti-america.com\/site\/ecuador\/wp-content\/uploads\/sites\/18\/2020\/07\/LogoNA-4x3-1.jpg\",\"width\":1236,\"height\":1080,\"caption\":\"Noti-America LLC | Ecuador\"},\"image\":{\"@id\":\"https:\/\/noti-america.com\/site\/ecuador\/#\/schema\/logo\/image\/\"},\"sameAs\":[\"https:\/\/x.com\/notiamerica\"]},{\"@type\":\"Person\",\"@id\":\"https:\/\/noti-america.com\/site\/ecuador\/#\/schema\/person\/eafaa0d78b886269707bbd67c79282d8\",\"name\":\"Mgtr. Geovanny Jurado Puente\",\"image\":{\"@type\":\"ImageObject\",\"inLanguage\":\"es\",\"@id\":\"https:\/\/secure.gravatar.com\/avatar\/f837d50a2ea0d7cba882939210fb03249c2d70cdea88235e685f1a91ced24905?s=96&d=mm&r=g\",\"url\":\"https:\/\/secure.gravatar.com\/avatar\/f837d50a2ea0d7cba882939210fb03249c2d70cdea88235e685f1a91ced24905?s=96&d=mm&r=g\",\"contentUrl\":\"https:\/\/secure.gravatar.com\/avatar\/f837d50a2ea0d7cba882939210fb03249c2d70cdea88235e685f1a91ced24905?s=96&d=mm&r=g\",\"caption\":\"Mgtr. Geovanny Jurado Puente\"},\"description\":\"Mag\u00edster en Comunicaci\u00f3n, Menci\u00f3n Pol\u00edticas de Desarrollo Social; Licenciado en Ciencias de la Comunicaci\u00f3n Social; Docente Universitario; Miembro de la Red de Investigadores en Comunicaci\u00f3n del Ecuador (RICE); Miembro Fundador de la Red de Editoriales Universitarias y Escuelas Polit\u00e9cnicas del Ecuador (Reupde); ecuatoriano de nacimiento, con residencia en Daule.\",\"sameAs\":[\"https:\/\/www.facebook.com\/geojuradopuente\",\"Geo Jurado\",\"https:\/\/x.com\/GeoJurado\"],\"url\":\"https:\/\/noti-america.com\/site\/ecuador\/author\/gjurado\/\"}]}<\/script>\n<!-- \/ Yoast SEO Premium plugin. -->","yoast_head_json":{"title":"Se efectu\u00f3 reentrenamiento militar para \u2018Reporteros de Defensa\u2019 en Guayaquil - Ecuador | Noti-America.com","robots":{"index":"index","follow":"follow","max-snippet":"max-snippet:-1","max-image-preview":"max-image-preview:large","max-video-preview":"max-video-preview:-1"},"canonical":"https:\/\/noti-america.com\/site\/ecuador\/2021\/12\/02\/se-efectuo-reentrenamiento-militar-para-reporteros-de-defensa-en-guayaquil\/","og_locale":"es_ES","og_type":"article","og_title":"Se efectu\u00f3 reentrenamiento militar para \u2018Reporteros de Defensa\u2019 en Guayaquil","og_description":"REDACCI\u00d3N NOTI-AM\u00c9RICA (ECUADOR) Alrededor de medio centenar de periodistas recibieron instrucci\u00f3n militar como parte del curso de reentrenamiento para Reporteros de Defensa, el pasado fin de semana, en el Fuerte Militar Huancavilca, ubicado al&#46;&#46;&#46;","og_url":"https:\/\/noti-america.com\/site\/ecuador\/2021\/12\/02\/se-efectuo-reentrenamiento-militar-para-reporteros-de-defensa-en-guayaquil\/","og_site_name":"Ecuador | Noti-America.com","article_author":"https:\/\/www.facebook.com\/geojuradopuente","article_published_time":"2021-12-02T07:43:24+00:00","og_image":[{"width":1600,"height":1200,"url":"https:\/\/noti-america.com\/site\/ecuador\/wp-content\/uploads\/sites\/18\/2021\/12\/Reporteros_De_DEfensa7.jpg","type":"image\/jpeg"}],"author":"Mgtr. Geovanny Jurado Puente","twitter_card":"summary_large_image","twitter_creator":"@GeoJurado","twitter_site":"@notiamerica","twitter_misc":{"Escrito por":"Mgtr. Geovanny Jurado Puente","Tiempo estimado de lectura":"3 minutos"},"schema":{"@context":"https:\/\/schema.org","@graph":[{"@type":"Article","@id":"https:\/\/noti-america.com\/site\/ecuador\/2021\/12\/02\/se-efectuo-reentrenamiento-militar-para-reporteros-de-defensa-en-guayaquil\/#article","isPartOf":{"@id":"https:\/\/noti-america.com\/site\/ecuador\/2021\/12\/02\/se-efectuo-reentrenamiento-militar-para-reporteros-de-defensa-en-guayaquil\/"},"author":{"name":"Mgtr. Geovanny Jurado Puente","@id":"https:\/\/noti-america.com\/site\/ecuador\/#\/schema\/person\/eafaa0d78b886269707bbd67c79282d8"},"headline":"Se efectu\u00f3 reentrenamiento militar para \u2018Reporteros de Defensa\u2019 en Guayaquil","datePublished":"2021-12-02T07:43:24+00:00","mainEntityOfPage":{"@id":"https:\/\/noti-america.com\/site\/ecuador\/2021\/12\/02\/se-efectuo-reentrenamiento-militar-para-reporteros-de-defensa-en-guayaquil\/"},"wordCount":490,"commentCount":0,"publisher":{"@id":"https:\/\/noti-america.com\/site\/ecuador\/#organization"},"image":{"@id":"https:\/\/noti-america.com\/site\/ecuador\/2021\/12\/02\/se-efectuo-reentrenamiento-militar-para-reporteros-de-defensa-en-guayaquil\/#primaryimage"},"thumbnailUrl":"https:\/\/noti-america.com\/site\/ecuador\/wp-content\/uploads\/sites\/18\/2021\/12\/Reporteros_De_DEfensa7.jpg","articleSection":["Actualidad"],"inLanguage":"es","potentialAction":[{"@type":"CommentAction","name":"Comment","target":["https:\/\/noti-america.com\/site\/ecuador\/2021\/12\/02\/se-efectuo-reentrenamiento-militar-para-reporteros-de-defensa-en-guayaquil\/#respond"]}]},{"@type":"WebPage","@id":"https:\/\/noti-america.com\/site\/ecuador\/2021\/12\/02\/se-efectuo-reentrenamiento-militar-para-reporteros-de-defensa-en-guayaquil\/","url":"https:\/\/noti-america.com\/site\/ecuador\/2021\/12\/02\/se-efectuo-reentrenamiento-militar-para-reporteros-de-defensa-en-guayaquil\/","name":"Se efectu\u00f3 reentrenamiento militar para \u2018Reporteros de Defensa\u2019 en Guayaquil - Ecuador | Noti-America.com","isPartOf":{"@id":"https:\/\/noti-america.com\/site\/ecuador\/#website"},"primaryImageOfPage":{"@id":"https:\/\/noti-america.com\/site\/ecuador\/2021\/12\/02\/se-efectuo-reentrenamiento-militar-para-reporteros-de-defensa-en-guayaquil\/#primaryimage"},"image":{"@id":"https:\/\/noti-america.com\/site\/ecuador\/2021\/12\/02\/se-efectuo-reentrenamiento-militar-para-reporteros-de-defensa-en-guayaquil\/#primaryimage"},"thumbnailUrl":"https:\/\/noti-america.com\/site\/ecuador\/wp-content\/uploads\/sites\/18\/2021\/12\/Reporteros_De_DEfensa7.jpg","datePublished":"2021-12-02T07:43:24+00:00","breadcrumb":{"@id":"https:\/\/noti-america.com\/site\/ecuador\/2021\/12\/02\/se-efectuo-reentrenamiento-militar-para-reporteros-de-defensa-en-guayaquil\/#breadcrumb"},"inLanguage":"es","potentialAction":[{"@type":"ReadAction","target":["https:\/\/noti-america.com\/site\/ecuador\/2021\/12\/02\/se-efectuo-reentrenamiento-militar-para-reporteros-de-defensa-en-guayaquil\/"]}]},{"@type":"ImageObject","inLanguage":"es","@id":"https:\/\/noti-america.com\/site\/ecuador\/2021\/12\/02\/se-efectuo-reentrenamiento-militar-para-reporteros-de-defensa-en-guayaquil\/#primaryimage","url":"https:\/\/noti-america.com\/site\/ecuador\/wp-content\/uploads\/sites\/18\/2021\/12\/Reporteros_De_DEfensa7.jpg","contentUrl":"https:\/\/noti-america.com\/site\/ecuador\/wp-content\/uploads\/sites\/18\/2021\/12\/Reporteros_De_DEfensa7.jpg","width":1600,"height":1200,"caption":"Una intensa jornada militar vivieron los representantes de los diversos medios de comunicaci\u00f3n."},{"@type":"BreadcrumbList","@id":"https:\/\/noti-america.com\/site\/ecuador\/2021\/12\/02\/se-efectuo-reentrenamiento-militar-para-reporteros-de-defensa-en-guayaquil\/#breadcrumb","itemListElement":[{"@type":"ListItem","position":1,"name":"Portada","item":"https:\/\/noti-america.com\/site\/ecuador\/"},{"@type":"ListItem","position":2,"name":"Se efectu\u00f3 reentrenamiento militar para \u2018Reporteros de Defensa\u2019 en Guayaquil"}]},{"@type":"WebSite","@id":"https:\/\/noti-america.com\/site\/ecuador\/#website","url":"https:\/\/noti-america.com\/site\/ecuador\/","name":"Ecuador | Noti-America.com","description":"","publisher":{"@id":"https:\/\/noti-america.com\/site\/ecuador\/#organization"},"potentialAction":[{"@type":"SearchAction","target":{"@type":"EntryPoint","urlTemplate":"https:\/\/noti-america.com\/site\/ecuador\/?s={search_term_string}"},"query-input":{"@type":"PropertyValueSpecification","valueRequired":true,"valueName":"search_term_string"}}],"inLanguage":"es"},{"@type":"Organization","@id":"https:\/\/noti-america.com\/site\/ecuador\/#organization","name":"Noti-America LLC | Ecuador","url":"https:\/\/noti-america.com\/site\/ecuador\/","logo":{"@type":"ImageObject","inLanguage":"es","@id":"https:\/\/noti-america.com\/site\/ecuador\/#\/schema\/logo\/image\/","url":"https:\/\/noti-america.com\/site\/ecuador\/wp-content\/uploads\/sites\/18\/2020\/07\/LogoNA-4x3-1.jpg","contentUrl":"https:\/\/noti-america.com\/site\/ecuador\/wp-content\/uploads\/sites\/18\/2020\/07\/LogoNA-4x3-1.jpg","width":1236,"height":1080,"caption":"Noti-America LLC | Ecuador"},"image":{"@id":"https:\/\/noti-america.com\/site\/ecuador\/#\/schema\/logo\/image\/"},"sameAs":["https:\/\/x.com\/notiamerica"]},{"@type":"Person","@id":"https:\/\/noti-america.com\/site\/ecuador\/#\/schema\/person\/eafaa0d78b886269707bbd67c79282d8","name":"Mgtr. Geovanny Jurado Puente","image":{"@type":"ImageObject","inLanguage":"es","@id":"https:\/\/secure.gravatar.com\/avatar\/f837d50a2ea0d7cba882939210fb03249c2d70cdea88235e685f1a91ced24905?s=96&d=mm&r=g","url":"https:\/\/secure.gravatar.com\/avatar\/f837d50a2ea0d7cba882939210fb03249c2d70cdea88235e685f1a91ced24905?s=96&d=mm&r=g","contentUrl":"https:\/\/secure.gravatar.com\/avatar\/f837d50a2ea0d7cba882939210fb03249c2d70cdea88235e685f1a91ced24905?s=96&d=mm&r=g","caption":"Mgtr. Geovanny Jurado Puente"},"description":"Mag\u00edster en Comunicaci\u00f3n, Menci\u00f3n Pol\u00edticas de Desarrollo Social; Licenciado en Ciencias de la Comunicaci\u00f3n Social; Docente Universitario; Miembro de la Red de Investigadores en Comunicaci\u00f3n del Ecuador (RICE); Miembro Fundador de la Red de Editoriales Universitarias y Escuelas Polit\u00e9cnicas del Ecuador (Reupde); ecuatoriano de nacimiento, con residencia en Daule.","sameAs":["https:\/\/www.facebook.com\/geojuradopuente","Geo Jurado","https:\/\/x.com\/GeoJurado"],"url":"https:\/\/noti-america.com\/site\/ecuador\/author\/gjurado\/"}]}},"_links":{"self":[{"href":"https:\/\/noti-america.com\/site\/ecuador\/wp-json\/wp\/v2\/posts\/17520","targetHints":{"allow":["GET"]}}],"collection":[{"href":"https:\/\/noti-america.com\/site\/ecuador\/wp-json\/wp\/v2\/posts"}],"about":[{"href":"https:\/\/noti-america.com\/site\/ecuador\/wp-json\/wp\/v2\/types\/post"}],"author":[{"embeddable":true,"href":"https:\/\/noti-america.com\/site\/ecuador\/wp-json\/wp\/v2\/users\/54"}],"replies":[{"embeddable":true,"href":"https:\/\/noti-america.com\/site\/ecuador\/wp-json\/wp\/v2\/comments?post=17520"}],"version-history":[{"count":1,"href":"https:\/\/noti-america.com\/site\/ecuador\/wp-json\/wp\/v2\/posts\/17520\/revisions"}],"predecessor-version":[{"id":17526,"href":"https:\/\/noti-america.com\/site\/ecuador\/wp-json\/wp\/v2\/posts\/17520\/revisions\/17526"}],"wp:featuredmedia":[{"embeddable":true,"href":"https:\/\/noti-america.com\/site\/ecuador\/wp-json\/wp\/v2\/media\/17521"}],"wp:attachment":[{"href":"https:\/\/noti-america.com\/site\/ecuador\/wp-json\/wp\/v2\/media?parent=17520"}],"wp:term":[{"taxonomy":"category","embeddable":true,"href":"https:\/\/noti-america.com\/site\/ecuador\/wp-json\/wp\/v2\/categories?post=17520"},{"taxonomy":"post_tag","embeddable":true,"href":"https:\/\/noti-america.com\/site\/ecuador\/wp-json\/wp\/v2\/tags?post=17520"}],"curies":[{"name":"wp","href":"https:\/\/api.w.org\/{rel}","templated":true}]}}