{"id":17308,"date":"2021-11-16T16:03:35","date_gmt":"2021-11-16T16:03:35","guid":{"rendered":"https:\/\/noti-america.com\/site\/ecuador\/?p=17308"},"modified":"2021-11-16T16:03:35","modified_gmt":"2021-11-16T16:03:35","slug":"ministerio-de-educacion-recibe-tablets-de-fundacion-para-el-fortalecimiento-educativo","status":"publish","type":"post","link":"https:\/\/noti-america.com\/site\/ecuador\/2021\/11\/16\/ministerio-de-educacion-recibe-tablets-de-fundacion-para-el-fortalecimiento-educativo\/","title":{"rendered":"Ministerio de Educaci\u00f3n recibe tablets de fundaci\u00f3n para el fortalecimiento educativo"},"content":{"rendered":"<p><strong>REDACCI\u00d3N NOTI AM\u00c9RICA (ECUADOR)<\/strong><\/p>\n<div id=\"attachment_17309\" style=\"width: 619px\" class=\"wp-caption alignleft\"><img loading=\"lazy\" decoding=\"async\" aria-describedby=\"caption-attachment-17309\" class=\"wp-image-17309\" src=\"https:\/\/noti-america.com\/site\/ecuador\/wp-content\/uploads\/sites\/18\/2021\/11\/16-nov-Zona-3-tablets-entrega-2-300x169.png\" alt=\"\" width=\"609\" height=\"343\" srcset=\"https:\/\/noti-america.com\/site\/ecuador\/wp-content\/uploads\/sites\/18\/2021\/11\/16-nov-Zona-3-tablets-entrega-2-300x169.png 300w, https:\/\/noti-america.com\/site\/ecuador\/wp-content\/uploads\/sites\/18\/2021\/11\/16-nov-Zona-3-tablets-entrega-2-768x432.png 768w, https:\/\/noti-america.com\/site\/ecuador\/wp-content\/uploads\/sites\/18\/2021\/11\/16-nov-Zona-3-tablets-entrega-2.png 800w\" sizes=\"auto, (max-width: 609px) 100vw, 609px\" \/><p id=\"caption-attachment-17309\" class=\"wp-caption-text\">El trabajo conjunto que realiza el Ministerio de Educaci\u00f3n con diferentes fundaciones prioriza el mejoramiento de la calidad educativa.<\/p><\/div>\n<p style=\"text-align: justify\">La Fundaci\u00f3n Unidos por la Educaci\u00f3n entreg\u00f3 al Ministerio de Educaci\u00f3n 54 dispositivos electr\u00f3nicos que servir\u00e1 para el fortalecimiento educativo de los estudiantes.<\/p>\n<p style=\"text-align: justify\">Ximena Loro\u00f1a, coordinadora Zonal, es fundamental afianzar la calidad de la educaci\u00f3n: \u201cEste proyecto de cooperaci\u00f3n es muy importante, pues fortalece el desarrollo educativo de docentes, as\u00ed como de nuestras ni\u00f1as, ni\u00f1os y adolescentes. El Gobierno del Encuentro e<\/p>\n<p style=\"text-align: justify\">Las tablets entregadas a las autoridades ser\u00e1n para uso exclusivo en el laboratorio y\/o aulas de la instituci\u00f3n educativa, ellos ser\u00e1n los responsables de su custodia y cuidado respectivo.<\/p>\n<p style=\"text-align: justify\">El trabajo conjunto que realiza el Ministerio de Educaci\u00f3n con diferentes fundaciones prioriza el mejoramiento de la calidad educativa impartida a nuestros estudiantes, buscando fortalecer la implementaci\u00f3n de propuestas educativas innovadoras e integrales.<\/p>\n<p style=\"text-align: justify\">\n","protected":false},"excerpt":{"rendered":"<p>REDACCI\u00d3N NOTI AM\u00c9RICA (ECUADOR) La Fundaci\u00f3n Unidos por la Educaci\u00f3n entreg\u00f3 al Ministerio de Educaci\u00f3n 54 dispositivos electr\u00f3nicos que servir\u00e1 para el fortalecimiento educativo de los estudiantes. Ximena Loro\u00f1a, coordinadora Zonal, es fundamental afianzar&#46;&#46;&#46;<\/p>\n","protected":false},"author":113,"featured_media":17309,"comment_status":"open","ping_status":"open","sticky":false,"template":"","format":"standard","meta":{"_acf_changed":false,"om_disable_all_campaigns":false,"rop_custom_images_group":[],"rop_custom_messages_group":[],"rop_publish_now":"initial","rop_publish_now_accounts":{"twitter_242054905_242054905":""},"rop_publish_now_history":[],"rop_publish_now_status":"pending","_uf_show_specific_survey":0,"_uf_disable_surveys":false,"footnotes":""},"categories":[103],"tags":[],"class_list":["post-17308","post","type-post","status-publish","format-standard","has-post-thumbnail","hentry","category-educacion"],"acf":[],"aioseo_notices":[],"yoast_head":"<!-- This site is optimized with the Yoast SEO Premium plugin v24.9 (Yoast SEO v27.2) - https:\/\/yoast.com\/product\/yoast-seo-premium-wordpress\/ -->\n<title>Ministerio de Educaci\u00f3n recibe tablets de fundaci\u00f3n para el fortalecimiento educativo - Ecuador | Noti-America.com<\/title>\n<meta name=\"robots\" content=\"index, follow, max-snippet:-1, max-image-preview:large, max-video-preview:-1\" \/>\n<link rel=\"canonical\" href=\"https:\/\/noti-america.com\/site\/ecuador\/2021\/11\/16\/ministerio-de-educacion-recibe-tablets-de-fundacion-para-el-fortalecimiento-educativo\/\" \/>\n<meta property=\"og:locale\" content=\"es_ES\" \/>\n<meta property=\"og:type\" content=\"article\" \/>\n<meta property=\"og:title\" content=\"Ministerio de Educaci\u00f3n recibe tablets de fundaci\u00f3n para el fortalecimiento educativo\" \/>\n<meta property=\"og:description\" content=\"REDACCI\u00d3N NOTI AM\u00c9RICA (ECUADOR) La Fundaci\u00f3n Unidos por la Educaci\u00f3n entreg\u00f3 al Ministerio de Educaci\u00f3n 54 dispositivos electr\u00f3nicos que servir\u00e1 para el fortalecimiento educativo de los estudiantes. Ximena Loro\u00f1a, coordinadora Zonal, es fundamental afianzar&#046;&#046;&#046;\" \/>\n<meta property=\"og:url\" content=\"https:\/\/noti-america.com\/site\/ecuador\/2021\/11\/16\/ministerio-de-educacion-recibe-tablets-de-fundacion-para-el-fortalecimiento-educativo\/\" \/>\n<meta property=\"og:site_name\" content=\"Ecuador | Noti-America.com\" \/>\n<meta property=\"article:published_time\" content=\"2021-11-16T16:03:35+00:00\" \/>\n<meta property=\"og:image\" content=\"https:\/\/noti-america.com\/site\/ecuador\/wp-content\/uploads\/sites\/18\/2021\/11\/16-nov-Zona-3-tablets-entrega-2.png\" \/>\n\t<meta property=\"og:image:width\" content=\"800\" \/>\n\t<meta property=\"og:image:height\" content=\"450\" \/>\n\t<meta property=\"og:image:type\" content=\"image\/png\" \/>\n<meta name=\"author\" content=\"Henry Ortiz\" \/>\n<meta name=\"twitter:card\" content=\"summary_large_image\" \/>\n<meta name=\"twitter:creator\" content=\"@notiamerica\" \/>\n<meta name=\"twitter:site\" content=\"@notiamerica\" \/>\n<meta name=\"twitter:label1\" content=\"Escrito por\" \/>\n\t<meta name=\"twitter:data1\" content=\"Henry Ortiz\" \/>\n\t<meta name=\"twitter:label2\" content=\"Tiempo estimado de lectura\" \/>\n\t<meta name=\"twitter:data2\" content=\"1 minuto\" \/>\n<script type=\"application\/ld+json\" class=\"yoast-schema-graph\">{\"@context\":\"https:\/\/schema.org\",\"@graph\":[{\"@type\":\"Article\",\"@id\":\"https:\/\/noti-america.com\/site\/ecuador\/2021\/11\/16\/ministerio-de-educacion-recibe-tablets-de-fundacion-para-el-fortalecimiento-educativo\/#article\",\"isPartOf\":{\"@id\":\"https:\/\/noti-america.com\/site\/ecuador\/2021\/11\/16\/ministerio-de-educacion-recibe-tablets-de-fundacion-para-el-fortalecimiento-educativo\/\"},\"author\":{\"name\":\"Henry Ortiz\",\"@id\":\"https:\/\/noti-america.com\/site\/ecuador\/#\/schema\/person\/b9d1630cc6598af759d45c790a347283\"},\"headline\":\"Ministerio de Educaci\u00f3n recibe tablets de fundaci\u00f3n para el fortalecimiento educativo\",\"datePublished\":\"2021-11-16T16:03:35+00:00\",\"mainEntityOfPage\":{\"@id\":\"https:\/\/noti-america.com\/site\/ecuador\/2021\/11\/16\/ministerio-de-educacion-recibe-tablets-de-fundacion-para-el-fortalecimiento-educativo\/\"},\"wordCount\":184,\"commentCount\":0,\"publisher\":{\"@id\":\"https:\/\/noti-america.com\/site\/ecuador\/#organization\"},\"image\":{\"@id\":\"https:\/\/noti-america.com\/site\/ecuador\/2021\/11\/16\/ministerio-de-educacion-recibe-tablets-de-fundacion-para-el-fortalecimiento-educativo\/#primaryimage\"},\"thumbnailUrl\":\"https:\/\/noti-america.com\/site\/ecuador\/wp-content\/uploads\/sites\/18\/2021\/11\/16-nov-Zona-3-tablets-entrega-2.png\",\"articleSection\":[\"Educaci\u00f3n\"],\"inLanguage\":\"es\",\"potentialAction\":[{\"@type\":\"CommentAction\",\"name\":\"Comment\",\"target\":[\"https:\/\/noti-america.com\/site\/ecuador\/2021\/11\/16\/ministerio-de-educacion-recibe-tablets-de-fundacion-para-el-fortalecimiento-educativo\/#respond\"]}]},{\"@type\":\"WebPage\",\"@id\":\"https:\/\/noti-america.com\/site\/ecuador\/2021\/11\/16\/ministerio-de-educacion-recibe-tablets-de-fundacion-para-el-fortalecimiento-educativo\/\",\"url\":\"https:\/\/noti-america.com\/site\/ecuador\/2021\/11\/16\/ministerio-de-educacion-recibe-tablets-de-fundacion-para-el-fortalecimiento-educativo\/\",\"name\":\"Ministerio de Educaci\u00f3n recibe tablets de fundaci\u00f3n para el fortalecimiento educativo - Ecuador | Noti-America.com\",\"isPartOf\":{\"@id\":\"https:\/\/noti-america.com\/site\/ecuador\/#website\"},\"primaryImageOfPage\":{\"@id\":\"https:\/\/noti-america.com\/site\/ecuador\/2021\/11\/16\/ministerio-de-educacion-recibe-tablets-de-fundacion-para-el-fortalecimiento-educativo\/#primaryimage\"},\"image\":{\"@id\":\"https:\/\/noti-america.com\/site\/ecuador\/2021\/11\/16\/ministerio-de-educacion-recibe-tablets-de-fundacion-para-el-fortalecimiento-educativo\/#primaryimage\"},\"thumbnailUrl\":\"https:\/\/noti-america.com\/site\/ecuador\/wp-content\/uploads\/sites\/18\/2021\/11\/16-nov-Zona-3-tablets-entrega-2.png\",\"datePublished\":\"2021-11-16T16:03:35+00:00\",\"breadcrumb\":{\"@id\":\"https:\/\/noti-america.com\/site\/ecuador\/2021\/11\/16\/ministerio-de-educacion-recibe-tablets-de-fundacion-para-el-fortalecimiento-educativo\/#breadcrumb\"},\"inLanguage\":\"es\",\"potentialAction\":[{\"@type\":\"ReadAction\",\"target\":[\"https:\/\/noti-america.com\/site\/ecuador\/2021\/11\/16\/ministerio-de-educacion-recibe-tablets-de-fundacion-para-el-fortalecimiento-educativo\/\"]}]},{\"@type\":\"ImageObject\",\"inLanguage\":\"es\",\"@id\":\"https:\/\/noti-america.com\/site\/ecuador\/2021\/11\/16\/ministerio-de-educacion-recibe-tablets-de-fundacion-para-el-fortalecimiento-educativo\/#primaryimage\",\"url\":\"https:\/\/noti-america.com\/site\/ecuador\/wp-content\/uploads\/sites\/18\/2021\/11\/16-nov-Zona-3-tablets-entrega-2.png\",\"contentUrl\":\"https:\/\/noti-america.com\/site\/ecuador\/wp-content\/uploads\/sites\/18\/2021\/11\/16-nov-Zona-3-tablets-entrega-2.png\",\"width\":800,\"height\":450},{\"@type\":\"BreadcrumbList\",\"@id\":\"https:\/\/noti-america.com\/site\/ecuador\/2021\/11\/16\/ministerio-de-educacion-recibe-tablets-de-fundacion-para-el-fortalecimiento-educativo\/#breadcrumb\",\"itemListElement\":[{\"@type\":\"ListItem\",\"position\":1,\"name\":\"Portada\",\"item\":\"https:\/\/noti-america.com\/site\/ecuador\/\"},{\"@type\":\"ListItem\",\"position\":2,\"name\":\"Ministerio de Educaci\u00f3n recibe tablets de fundaci\u00f3n para el fortalecimiento educativo\"}]},{\"@type\":\"WebSite\",\"@id\":\"https:\/\/noti-america.com\/site\/ecuador\/#website\",\"url\":\"https:\/\/noti-america.com\/site\/ecuador\/\",\"name\":\"Ecuador | Noti-America.com\",\"description\":\"\",\"publisher\":{\"@id\":\"https:\/\/noti-america.com\/site\/ecuador\/#organization\"},\"potentialAction\":[{\"@type\":\"SearchAction\",\"target\":{\"@type\":\"EntryPoint\",\"urlTemplate\":\"https:\/\/noti-america.com\/site\/ecuador\/?s={search_term_string}\"},\"query-input\":{\"@type\":\"PropertyValueSpecification\",\"valueRequired\":true,\"valueName\":\"search_term_string\"}}],\"inLanguage\":\"es\"},{\"@type\":\"Organization\",\"@id\":\"https:\/\/noti-america.com\/site\/ecuador\/#organization\",\"name\":\"Noti-America LLC | Ecuador\",\"url\":\"https:\/\/noti-america.com\/site\/ecuador\/\",\"logo\":{\"@type\":\"ImageObject\",\"inLanguage\":\"es\",\"@id\":\"https:\/\/noti-america.com\/site\/ecuador\/#\/schema\/logo\/image\/\",\"url\":\"https:\/\/noti-america.com\/site\/ecuador\/wp-content\/uploads\/sites\/18\/2020\/07\/LogoNA-4x3-1.jpg\",\"contentUrl\":\"https:\/\/noti-america.com\/site\/ecuador\/wp-content\/uploads\/sites\/18\/2020\/07\/LogoNA-4x3-1.jpg\",\"width\":1236,\"height\":1080,\"caption\":\"Noti-America LLC | Ecuador\"},\"image\":{\"@id\":\"https:\/\/noti-america.com\/site\/ecuador\/#\/schema\/logo\/image\/\"},\"sameAs\":[\"https:\/\/x.com\/notiamerica\"]},{\"@type\":\"Person\",\"@id\":\"https:\/\/noti-america.com\/site\/ecuador\/#\/schema\/person\/b9d1630cc6598af759d45c790a347283\",\"name\":\"Henry Ortiz\",\"image\":{\"@type\":\"ImageObject\",\"inLanguage\":\"es\",\"@id\":\"https:\/\/secure.gravatar.com\/avatar\/0b5407b5b302fbb6a578e625dca512ac2983ee5fa9ea941d581b83c40212e4c8?s=96&d=mm&r=g\",\"url\":\"https:\/\/secure.gravatar.com\/avatar\/0b5407b5b302fbb6a578e625dca512ac2983ee5fa9ea941d581b83c40212e4c8?s=96&d=mm&r=g\",\"contentUrl\":\"https:\/\/secure.gravatar.com\/avatar\/0b5407b5b302fbb6a578e625dca512ac2983ee5fa9ea941d581b83c40212e4c8?s=96&d=mm&r=g\",\"caption\":\"Henry Ortiz\"},\"url\":\"https:\/\/noti-america.com\/site\/ecuador\/author\/hortiz\/\"}]}<\/script>\n<!-- \/ Yoast SEO Premium plugin. -->","yoast_head_json":{"title":"Ministerio de Educaci\u00f3n recibe tablets de fundaci\u00f3n para el fortalecimiento educativo - Ecuador | Noti-America.com","robots":{"index":"index","follow":"follow","max-snippet":"max-snippet:-1","max-image-preview":"max-image-preview:large","max-video-preview":"max-video-preview:-1"},"canonical":"https:\/\/noti-america.com\/site\/ecuador\/2021\/11\/16\/ministerio-de-educacion-recibe-tablets-de-fundacion-para-el-fortalecimiento-educativo\/","og_locale":"es_ES","og_type":"article","og_title":"Ministerio de Educaci\u00f3n recibe tablets de fundaci\u00f3n para el fortalecimiento educativo","og_description":"REDACCI\u00d3N NOTI AM\u00c9RICA (ECUADOR) La Fundaci\u00f3n Unidos por la Educaci\u00f3n entreg\u00f3 al Ministerio de Educaci\u00f3n 54 dispositivos electr\u00f3nicos que servir\u00e1 para el fortalecimiento educativo de los estudiantes. Ximena Loro\u00f1a, coordinadora Zonal, es fundamental afianzar&#46;&#46;&#46;","og_url":"https:\/\/noti-america.com\/site\/ecuador\/2021\/11\/16\/ministerio-de-educacion-recibe-tablets-de-fundacion-para-el-fortalecimiento-educativo\/","og_site_name":"Ecuador | Noti-America.com","article_published_time":"2021-11-16T16:03:35+00:00","og_image":[{"width":800,"height":450,"url":"https:\/\/noti-america.com\/site\/ecuador\/wp-content\/uploads\/sites\/18\/2021\/11\/16-nov-Zona-3-tablets-entrega-2.png","type":"image\/png"}],"author":"Henry Ortiz","twitter_card":"summary_large_image","twitter_creator":"@notiamerica","twitter_site":"@notiamerica","twitter_misc":{"Escrito por":"Henry Ortiz","Tiempo estimado de lectura":"1 minuto"},"schema":{"@context":"https:\/\/schema.org","@graph":[{"@type":"Article","@id":"https:\/\/noti-america.com\/site\/ecuador\/2021\/11\/16\/ministerio-de-educacion-recibe-tablets-de-fundacion-para-el-fortalecimiento-educativo\/#article","isPartOf":{"@id":"https:\/\/noti-america.com\/site\/ecuador\/2021\/11\/16\/ministerio-de-educacion-recibe-tablets-de-fundacion-para-el-fortalecimiento-educativo\/"},"author":{"name":"Henry Ortiz","@id":"https:\/\/noti-america.com\/site\/ecuador\/#\/schema\/person\/b9d1630cc6598af759d45c790a347283"},"headline":"Ministerio de Educaci\u00f3n recibe tablets de fundaci\u00f3n para el fortalecimiento educativo","datePublished":"2021-11-16T16:03:35+00:00","mainEntityOfPage":{"@id":"https:\/\/noti-america.com\/site\/ecuador\/2021\/11\/16\/ministerio-de-educacion-recibe-tablets-de-fundacion-para-el-fortalecimiento-educativo\/"},"wordCount":184,"commentCount":0,"publisher":{"@id":"https:\/\/noti-america.com\/site\/ecuador\/#organization"},"image":{"@id":"https:\/\/noti-america.com\/site\/ecuador\/2021\/11\/16\/ministerio-de-educacion-recibe-tablets-de-fundacion-para-el-fortalecimiento-educativo\/#primaryimage"},"thumbnailUrl":"https:\/\/noti-america.com\/site\/ecuador\/wp-content\/uploads\/sites\/18\/2021\/11\/16-nov-Zona-3-tablets-entrega-2.png","articleSection":["Educaci\u00f3n"],"inLanguage":"es","potentialAction":[{"@type":"CommentAction","name":"Comment","target":["https:\/\/noti-america.com\/site\/ecuador\/2021\/11\/16\/ministerio-de-educacion-recibe-tablets-de-fundacion-para-el-fortalecimiento-educativo\/#respond"]}]},{"@type":"WebPage","@id":"https:\/\/noti-america.com\/site\/ecuador\/2021\/11\/16\/ministerio-de-educacion-recibe-tablets-de-fundacion-para-el-fortalecimiento-educativo\/","url":"https:\/\/noti-america.com\/site\/ecuador\/2021\/11\/16\/ministerio-de-educacion-recibe-tablets-de-fundacion-para-el-fortalecimiento-educativo\/","name":"Ministerio de Educaci\u00f3n recibe tablets de fundaci\u00f3n para el fortalecimiento educativo - Ecuador | Noti-America.com","isPartOf":{"@id":"https:\/\/noti-america.com\/site\/ecuador\/#website"},"primaryImageOfPage":{"@id":"https:\/\/noti-america.com\/site\/ecuador\/2021\/11\/16\/ministerio-de-educacion-recibe-tablets-de-fundacion-para-el-fortalecimiento-educativo\/#primaryimage"},"image":{"@id":"https:\/\/noti-america.com\/site\/ecuador\/2021\/11\/16\/ministerio-de-educacion-recibe-tablets-de-fundacion-para-el-fortalecimiento-educativo\/#primaryimage"},"thumbnailUrl":"https:\/\/noti-america.com\/site\/ecuador\/wp-content\/uploads\/sites\/18\/2021\/11\/16-nov-Zona-3-tablets-entrega-2.png","datePublished":"2021-11-16T16:03:35+00:00","breadcrumb":{"@id":"https:\/\/noti-america.com\/site\/ecuador\/2021\/11\/16\/ministerio-de-educacion-recibe-tablets-de-fundacion-para-el-fortalecimiento-educativo\/#breadcrumb"},"inLanguage":"es","potentialAction":[{"@type":"ReadAction","target":["https:\/\/noti-america.com\/site\/ecuador\/2021\/11\/16\/ministerio-de-educacion-recibe-tablets-de-fundacion-para-el-fortalecimiento-educativo\/"]}]},{"@type":"ImageObject","inLanguage":"es","@id":"https:\/\/noti-america.com\/site\/ecuador\/2021\/11\/16\/ministerio-de-educacion-recibe-tablets-de-fundacion-para-el-fortalecimiento-educativo\/#primaryimage","url":"https:\/\/noti-america.com\/site\/ecuador\/wp-content\/uploads\/sites\/18\/2021\/11\/16-nov-Zona-3-tablets-entrega-2.png","contentUrl":"https:\/\/noti-america.com\/site\/ecuador\/wp-content\/uploads\/sites\/18\/2021\/11\/16-nov-Zona-3-tablets-entrega-2.png","width":800,"height":450},{"@type":"BreadcrumbList","@id":"https:\/\/noti-america.com\/site\/ecuador\/2021\/11\/16\/ministerio-de-educacion-recibe-tablets-de-fundacion-para-el-fortalecimiento-educativo\/#breadcrumb","itemListElement":[{"@type":"ListItem","position":1,"name":"Portada","item":"https:\/\/noti-america.com\/site\/ecuador\/"},{"@type":"ListItem","position":2,"name":"Ministerio de Educaci\u00f3n recibe tablets de fundaci\u00f3n para el fortalecimiento educativo"}]},{"@type":"WebSite","@id":"https:\/\/noti-america.com\/site\/ecuador\/#website","url":"https:\/\/noti-america.com\/site\/ecuador\/","name":"Ecuador | Noti-America.com","description":"","publisher":{"@id":"https:\/\/noti-america.com\/site\/ecuador\/#organization"},"potentialAction":[{"@type":"SearchAction","target":{"@type":"EntryPoint","urlTemplate":"https:\/\/noti-america.com\/site\/ecuador\/?s={search_term_string}"},"query-input":{"@type":"PropertyValueSpecification","valueRequired":true,"valueName":"search_term_string"}}],"inLanguage":"es"},{"@type":"Organization","@id":"https:\/\/noti-america.com\/site\/ecuador\/#organization","name":"Noti-America LLC | Ecuador","url":"https:\/\/noti-america.com\/site\/ecuador\/","logo":{"@type":"ImageObject","inLanguage":"es","@id":"https:\/\/noti-america.com\/site\/ecuador\/#\/schema\/logo\/image\/","url":"https:\/\/noti-america.com\/site\/ecuador\/wp-content\/uploads\/sites\/18\/2020\/07\/LogoNA-4x3-1.jpg","contentUrl":"https:\/\/noti-america.com\/site\/ecuador\/wp-content\/uploads\/sites\/18\/2020\/07\/LogoNA-4x3-1.jpg","width":1236,"height":1080,"caption":"Noti-America LLC | Ecuador"},"image":{"@id":"https:\/\/noti-america.com\/site\/ecuador\/#\/schema\/logo\/image\/"},"sameAs":["https:\/\/x.com\/notiamerica"]},{"@type":"Person","@id":"https:\/\/noti-america.com\/site\/ecuador\/#\/schema\/person\/b9d1630cc6598af759d45c790a347283","name":"Henry Ortiz","image":{"@type":"ImageObject","inLanguage":"es","@id":"https:\/\/secure.gravatar.com\/avatar\/0b5407b5b302fbb6a578e625dca512ac2983ee5fa9ea941d581b83c40212e4c8?s=96&d=mm&r=g","url":"https:\/\/secure.gravatar.com\/avatar\/0b5407b5b302fbb6a578e625dca512ac2983ee5fa9ea941d581b83c40212e4c8?s=96&d=mm&r=g","contentUrl":"https:\/\/secure.gravatar.com\/avatar\/0b5407b5b302fbb6a578e625dca512ac2983ee5fa9ea941d581b83c40212e4c8?s=96&d=mm&r=g","caption":"Henry Ortiz"},"url":"https:\/\/noti-america.com\/site\/ecuador\/author\/hortiz\/"}]}},"_links":{"self":[{"href":"https:\/\/noti-america.com\/site\/ecuador\/wp-json\/wp\/v2\/posts\/17308","targetHints":{"allow":["GET"]}}],"collection":[{"href":"https:\/\/noti-america.com\/site\/ecuador\/wp-json\/wp\/v2\/posts"}],"about":[{"href":"https:\/\/noti-america.com\/site\/ecuador\/wp-json\/wp\/v2\/types\/post"}],"author":[{"embeddable":true,"href":"https:\/\/noti-america.com\/site\/ecuador\/wp-json\/wp\/v2\/users\/113"}],"replies":[{"embeddable":true,"href":"https:\/\/noti-america.com\/site\/ecuador\/wp-json\/wp\/v2\/comments?post=17308"}],"version-history":[{"count":1,"href":"https:\/\/noti-america.com\/site\/ecuador\/wp-json\/wp\/v2\/posts\/17308\/revisions"}],"predecessor-version":[{"id":17310,"href":"https:\/\/noti-america.com\/site\/ecuador\/wp-json\/wp\/v2\/posts\/17308\/revisions\/17310"}],"wp:featuredmedia":[{"embeddable":true,"href":"https:\/\/noti-america.com\/site\/ecuador\/wp-json\/wp\/v2\/media\/17309"}],"wp:attachment":[{"href":"https:\/\/noti-america.com\/site\/ecuador\/wp-json\/wp\/v2\/media?parent=17308"}],"wp:term":[{"taxonomy":"category","embeddable":true,"href":"https:\/\/noti-america.com\/site\/ecuador\/wp-json\/wp\/v2\/categories?post=17308"},{"taxonomy":"post_tag","embeddable":true,"href":"https:\/\/noti-america.com\/site\/ecuador\/wp-json\/wp\/v2\/tags?post=17308"}],"curies":[{"name":"wp","href":"https:\/\/api.w.org\/{rel}","templated":true}]}}