{"id":17229,"date":"2021-11-10T00:07:35","date_gmt":"2021-11-10T00:07:35","guid":{"rendered":"https:\/\/noti-america.com\/site\/ecuador\/?p=17229"},"modified":"2021-11-10T00:07:35","modified_gmt":"2021-11-10T00:07:35","slug":"gobierno-asegura-que-reformas-economicas-solo-afecta-al-35-de-la-poblacion-economicamente-activa","status":"publish","type":"post","link":"https:\/\/noti-america.com\/site\/ecuador\/2021\/11\/10\/gobierno-asegura-que-reformas-economicas-solo-afecta-al-35-de-la-poblacion-economicamente-activa\/","title":{"rendered":"Gobierno asegura que reformas econ\u00f3micas solo afecta al 3,5% de la poblaci\u00f3n econ\u00f3micamente activa"},"content":{"rendered":"<p><strong>REDACCI\u00d3N NOTI AM\u00c9RICA (ECUADOR)<\/strong><\/p>\n<div id=\"attachment_17230\" style=\"width: 683px\" class=\"wp-caption alignleft\"><img loading=\"lazy\" decoding=\"async\" aria-describedby=\"caption-attachment-17230\" class=\"wp-image-17230\" src=\"https:\/\/noti-america.com\/site\/ecuador\/wp-content\/uploads\/sites\/18\/2021\/11\/9-nov-images-300x143.jpg\" alt=\"\" width=\"673\" height=\"321\" srcset=\"https:\/\/noti-america.com\/site\/ecuador\/wp-content\/uploads\/sites\/18\/2021\/11\/9-nov-images-300x143.jpg 300w, https:\/\/noti-america.com\/site\/ecuador\/wp-content\/uploads\/sites\/18\/2021\/11\/9-nov-images.jpg 325w\" sizes=\"auto, (max-width: 673px) 100vw, 673px\" \/><p id=\"caption-attachment-17230\" class=\"wp-caption-text\">Las clases con ingresos b\u00e1sicos no se ver\u00e1n afectados con la reforma asegura el Gobierno.<\/p><\/div>\n<p style=\"text-align: justify\">El ministro de Finanzas, Sim\u00f3n Cueva destac\u00f3 que la propuesta del proyecto de \u00abLey para el Desarrollo Econ\u00f3mico y Sostenibilidad Fiscal tras la Pandemia Covid-19\u00bb se orienta a velar por los sectores m\u00e1s vulnerables y que solo se afecta al 3.4% de la poblaci\u00f3n econ\u00f3micamente activa.<\/p>\n<p style=\"text-align: justify\">Tampoco topa a las empresas peque\u00f1as, sino 1.931 empresas grandes, solo por dos a\u00f1os, afirm\u00f3.<\/p>\n<p style=\"text-align: justify\">Las autoridades del Gobierno Central acudieron a la Comisi\u00f3n de Desarrollo Econ\u00f3mico de la Asamblea Nacional, a fin de explicar el alcance del proyecto.<\/p>\n<p style=\"text-align: justify\">Precis\u00f3 que el proyecto tiene como eje central fortalecer la parte fiscal del pa\u00eds; que la reforma tributaria prev\u00e9 recaudar 1.900 millones de d\u00f3lares en dos a\u00f1os.<\/p>\n<p style=\"text-align: justify\">A\u00f1adi\u00f3 que en el 2022 habr\u00e1 un peque\u00f1o impacto de recaudaci\u00f3n y el impacto pleno ser\u00e1 en el 2023.<\/p>\n<p style=\"text-align: justify\">\u201cNo se elimina la deducci\u00f3n de gastos personales, sino que se reduce de 14.500 a 5.000 d\u00f3lares\u201d, dijo Cueva.<\/p>\n<p style=\"text-align: justify\">Adem\u00e1s, se\u00f1al\u00f3 que de acuerdo con la reforma en tema de Impuesto a la Renta quienes ganan 2.000 d\u00f3lares pagar\u00e1n 29 d\u00f3lares mensuales; los de 3.000 d\u00f3lares 155 d\u00f3lares; los de 4.000 d\u00f3lares 337 d\u00f3lares; los de 5.000 d\u00f3lares 540 y quienes tengan un sueldo de 5.500 d\u00f3lares el Impuesto a la Renta ser\u00e1 de 674 d\u00f3lares mensuales.<\/p>\n<p style=\"text-align: justify\">Mencion\u00f3 que hay contribuciones temporales que permitir\u00e1n financiar los gastos de la pandemia y aclar\u00f3 que ning\u00fan contribuyente con un patrimonio menor a un mill\u00f3n de d\u00f3lares, ni menor a dos millones de d\u00f3lares en sociedad conyugal, pagar\u00e1 esta contribuci\u00f3n. Tambi\u00e9n, indic\u00f3 que 1.430 empresas que les fue bien durante la pandemia, cuyas ventas representaron 1\/3 del PIB, pagar\u00e1n una sola contribuci\u00f3n. Resalt\u00f3 que es una ley para el desarrollo econ\u00f3mico y la sostenibilidad fiscal del pa\u00eds.<\/p>\n<p style=\"text-align: justify\">Julio Jos\u00e9 Prado, ministro de Producci\u00f3n, Comercio Exterior, Inversiones y Pesca, se\u00f1al\u00f3 que en el \u00e1mbito de las inversiones es necesario tener un plan cre\u00edble que garantice la sostenibilidad fiscal en mediano y largo plazo.<\/p>\n<p style=\"text-align: justify\">\u201cLos nuevos incentivos y beneficios tributarios se aplican y se extienden a todos los sectores de la econom\u00eda, el proyecto garantiza la estabilidad jur\u00eddica y tributaria para las inversiones en marcha y aquellas inversiones que est\u00e1n a\u00fan por concretarse en este a\u00f1o y el primer trimestre del 2022\u201d, destac\u00f3.<\/p>\n<p style=\"text-align: justify\">\u00a0Vianna Maino, ministra de Telecomunicaciones y de la Sociedad de la Informaci\u00f3n, sostuvo que el proyecto impulsa inversiones y empleos que promuevan conectividad.<\/p>\n<p style=\"text-align: justify\">\u201cLo que se busca es el desarrollo de los sectores, sobre todo de aquellas \u00e1reas relegadas de conectividad. Se elimina el art\u00edculo 34 de la Ley de Telecomunicaciones, ya que el pago por participaci\u00f3n de mercado penaliza el crecimiento e inversiones\u201d, dijo.<\/p>\n<p style=\"text-align: justify\">En cambio, Galo Maldonado, director subrogante del Servicio de Rentas Internas, expres\u00f3 que el proyecto tiene tres ejes esenciales: fortalecer la sostenibilidad fiscal a trav\u00e9s de recaudaciones; implementar una reestructuraci\u00f3n del sistema tributario con una revisi\u00f3n de deducciones y exenciones; y, fortalecer el sistema de progresividad y simplicidad administrativa. Destac\u00f3 la importancia de garantizar seguridad jur\u00eddica que permita dar certezas a los contribuyentes, lo cual mejorar\u00e1 las inversiones y ayudar\u00e1 a reactivar el aparato productivo.<\/p>\n<p style=\"text-align: justify\">Mientras, Carola R\u00edos, directora del Servicio Nacional de Aduanas (Senae), explic\u00f3 las reformas sustanciales generadas a esta entidad, orientadas en tres ejes: armonizaci\u00f3n de est\u00e1ndares internacionales y normas nacionales; seguridad jur\u00eddica; y, beneficios aduaneros.<\/p>\n","protected":false},"excerpt":{"rendered":"<p>REDACCI\u00d3N NOTI AM\u00c9RICA (ECUADOR) El ministro de Finanzas, Sim\u00f3n Cueva destac\u00f3 que la propuesta del proyecto de \u00abLey para el Desarrollo Econ\u00f3mico y Sostenibilidad Fiscal tras la Pandemia Covid-19\u00bb se orienta a velar por&#46;&#46;&#46;<\/p>\n","protected":false},"author":113,"featured_media":17230,"comment_status":"open","ping_status":"open","sticky":false,"template":"","format":"standard","meta":{"_acf_changed":false,"om_disable_all_campaigns":false,"rop_custom_images_group":[],"rop_custom_messages_group":[],"rop_publish_now":"initial","rop_publish_now_accounts":{"twitter_242054905_242054905":""},"rop_publish_now_history":[],"rop_publish_now_status":"pending","_uf_show_specific_survey":0,"_uf_disable_surveys":false,"footnotes":""},"categories":[125],"tags":[],"class_list":["post-17229","post","type-post","status-publish","format-standard","has-post-thumbnail","hentry","category-actualidad"],"acf":[],"aioseo_notices":[],"yoast_head":"<!-- This site is optimized with the Yoast SEO Premium plugin v24.9 (Yoast SEO v27.2) - https:\/\/yoast.com\/product\/yoast-seo-premium-wordpress\/ -->\n<title>Gobierno asegura que reformas econ\u00f3micas solo afecta al 3,5% de la poblaci\u00f3n econ\u00f3micamente activa - Ecuador | Noti-America.com<\/title>\n<meta name=\"robots\" content=\"index, follow, max-snippet:-1, max-image-preview:large, max-video-preview:-1\" \/>\n<link rel=\"canonical\" href=\"https:\/\/noti-america.com\/site\/ecuador\/2021\/11\/10\/gobierno-asegura-que-reformas-economicas-solo-afecta-al-35-de-la-poblacion-economicamente-activa\/\" \/>\n<meta property=\"og:locale\" content=\"es_ES\" \/>\n<meta property=\"og:type\" content=\"article\" \/>\n<meta property=\"og:title\" content=\"Gobierno asegura que reformas econ\u00f3micas solo afecta al 3,5% de la poblaci\u00f3n econ\u00f3micamente activa\" \/>\n<meta property=\"og:description\" content=\"REDACCI\u00d3N NOTI AM\u00c9RICA (ECUADOR) El ministro de Finanzas, Sim\u00f3n Cueva destac\u00f3 que la propuesta del proyecto de \u00abLey para el Desarrollo Econ\u00f3mico y Sostenibilidad Fiscal tras la Pandemia Covid-19\u00bb se orienta a velar por&#046;&#046;&#046;\" \/>\n<meta property=\"og:url\" content=\"https:\/\/noti-america.com\/site\/ecuador\/2021\/11\/10\/gobierno-asegura-que-reformas-economicas-solo-afecta-al-35-de-la-poblacion-economicamente-activa\/\" \/>\n<meta property=\"og:site_name\" content=\"Ecuador | Noti-America.com\" \/>\n<meta property=\"article:published_time\" content=\"2021-11-10T00:07:35+00:00\" \/>\n<meta property=\"og:image\" content=\"https:\/\/noti-america.com\/site\/ecuador\/wp-content\/uploads\/sites\/18\/2021\/11\/9-nov-images.jpg\" \/>\n\t<meta property=\"og:image:width\" content=\"325\" \/>\n\t<meta property=\"og:image:height\" content=\"155\" \/>\n\t<meta property=\"og:image:type\" content=\"image\/jpeg\" \/>\n<meta name=\"author\" content=\"Henry Ortiz\" \/>\n<meta name=\"twitter:card\" content=\"summary_large_image\" \/>\n<meta name=\"twitter:creator\" content=\"@notiamerica\" \/>\n<meta name=\"twitter:site\" content=\"@notiamerica\" \/>\n<meta name=\"twitter:label1\" content=\"Escrito por\" \/>\n\t<meta name=\"twitter:data1\" content=\"Henry Ortiz\" \/>\n\t<meta name=\"twitter:label2\" content=\"Tiempo estimado de lectura\" \/>\n\t<meta name=\"twitter:data2\" content=\"3 minutos\" \/>\n<script type=\"application\/ld+json\" class=\"yoast-schema-graph\">{\"@context\":\"https:\/\/schema.org\",\"@graph\":[{\"@type\":\"Article\",\"@id\":\"https:\/\/noti-america.com\/site\/ecuador\/2021\/11\/10\/gobierno-asegura-que-reformas-economicas-solo-afecta-al-35-de-la-poblacion-economicamente-activa\/#article\",\"isPartOf\":{\"@id\":\"https:\/\/noti-america.com\/site\/ecuador\/2021\/11\/10\/gobierno-asegura-que-reformas-economicas-solo-afecta-al-35-de-la-poblacion-economicamente-activa\/\"},\"author\":{\"name\":\"Henry Ortiz\",\"@id\":\"https:\/\/noti-america.com\/site\/ecuador\/#\/schema\/person\/b9d1630cc6598af759d45c790a347283\"},\"headline\":\"Gobierno asegura que reformas econ\u00f3micas solo afecta al 3,5% de la poblaci\u00f3n econ\u00f3micamente activa\",\"datePublished\":\"2021-11-10T00:07:35+00:00\",\"mainEntityOfPage\":{\"@id\":\"https:\/\/noti-america.com\/site\/ecuador\/2021\/11\/10\/gobierno-asegura-que-reformas-economicas-solo-afecta-al-35-de-la-poblacion-economicamente-activa\/\"},\"wordCount\":627,\"commentCount\":0,\"publisher\":{\"@id\":\"https:\/\/noti-america.com\/site\/ecuador\/#organization\"},\"image\":{\"@id\":\"https:\/\/noti-america.com\/site\/ecuador\/2021\/11\/10\/gobierno-asegura-que-reformas-economicas-solo-afecta-al-35-de-la-poblacion-economicamente-activa\/#primaryimage\"},\"thumbnailUrl\":\"https:\/\/noti-america.com\/site\/ecuador\/wp-content\/uploads\/sites\/18\/2021\/11\/9-nov-images.jpg\",\"articleSection\":[\"Actualidad\"],\"inLanguage\":\"es\",\"potentialAction\":[{\"@type\":\"CommentAction\",\"name\":\"Comment\",\"target\":[\"https:\/\/noti-america.com\/site\/ecuador\/2021\/11\/10\/gobierno-asegura-que-reformas-economicas-solo-afecta-al-35-de-la-poblacion-economicamente-activa\/#respond\"]}]},{\"@type\":\"WebPage\",\"@id\":\"https:\/\/noti-america.com\/site\/ecuador\/2021\/11\/10\/gobierno-asegura-que-reformas-economicas-solo-afecta-al-35-de-la-poblacion-economicamente-activa\/\",\"url\":\"https:\/\/noti-america.com\/site\/ecuador\/2021\/11\/10\/gobierno-asegura-que-reformas-economicas-solo-afecta-al-35-de-la-poblacion-economicamente-activa\/\",\"name\":\"Gobierno asegura que reformas econ\u00f3micas solo afecta al 3,5% de la poblaci\u00f3n econ\u00f3micamente activa - Ecuador | Noti-America.com\",\"isPartOf\":{\"@id\":\"https:\/\/noti-america.com\/site\/ecuador\/#website\"},\"primaryImageOfPage\":{\"@id\":\"https:\/\/noti-america.com\/site\/ecuador\/2021\/11\/10\/gobierno-asegura-que-reformas-economicas-solo-afecta-al-35-de-la-poblacion-economicamente-activa\/#primaryimage\"},\"image\":{\"@id\":\"https:\/\/noti-america.com\/site\/ecuador\/2021\/11\/10\/gobierno-asegura-que-reformas-economicas-solo-afecta-al-35-de-la-poblacion-economicamente-activa\/#primaryimage\"},\"thumbnailUrl\":\"https:\/\/noti-america.com\/site\/ecuador\/wp-content\/uploads\/sites\/18\/2021\/11\/9-nov-images.jpg\",\"datePublished\":\"2021-11-10T00:07:35+00:00\",\"breadcrumb\":{\"@id\":\"https:\/\/noti-america.com\/site\/ecuador\/2021\/11\/10\/gobierno-asegura-que-reformas-economicas-solo-afecta-al-35-de-la-poblacion-economicamente-activa\/#breadcrumb\"},\"inLanguage\":\"es\",\"potentialAction\":[{\"@type\":\"ReadAction\",\"target\":[\"https:\/\/noti-america.com\/site\/ecuador\/2021\/11\/10\/gobierno-asegura-que-reformas-economicas-solo-afecta-al-35-de-la-poblacion-economicamente-activa\/\"]}]},{\"@type\":\"ImageObject\",\"inLanguage\":\"es\",\"@id\":\"https:\/\/noti-america.com\/site\/ecuador\/2021\/11\/10\/gobierno-asegura-que-reformas-economicas-solo-afecta-al-35-de-la-poblacion-economicamente-activa\/#primaryimage\",\"url\":\"https:\/\/noti-america.com\/site\/ecuador\/wp-content\/uploads\/sites\/18\/2021\/11\/9-nov-images.jpg\",\"contentUrl\":\"https:\/\/noti-america.com\/site\/ecuador\/wp-content\/uploads\/sites\/18\/2021\/11\/9-nov-images.jpg\",\"width\":325,\"height\":155},{\"@type\":\"BreadcrumbList\",\"@id\":\"https:\/\/noti-america.com\/site\/ecuador\/2021\/11\/10\/gobierno-asegura-que-reformas-economicas-solo-afecta-al-35-de-la-poblacion-economicamente-activa\/#breadcrumb\",\"itemListElement\":[{\"@type\":\"ListItem\",\"position\":1,\"name\":\"Portada\",\"item\":\"https:\/\/noti-america.com\/site\/ecuador\/\"},{\"@type\":\"ListItem\",\"position\":2,\"name\":\"Gobierno asegura que reformas econ\u00f3micas solo afecta al 3,5% de la poblaci\u00f3n econ\u00f3micamente activa\"}]},{\"@type\":\"WebSite\",\"@id\":\"https:\/\/noti-america.com\/site\/ecuador\/#website\",\"url\":\"https:\/\/noti-america.com\/site\/ecuador\/\",\"name\":\"Ecuador | Noti-America.com\",\"description\":\"\",\"publisher\":{\"@id\":\"https:\/\/noti-america.com\/site\/ecuador\/#organization\"},\"potentialAction\":[{\"@type\":\"SearchAction\",\"target\":{\"@type\":\"EntryPoint\",\"urlTemplate\":\"https:\/\/noti-america.com\/site\/ecuador\/?s={search_term_string}\"},\"query-input\":{\"@type\":\"PropertyValueSpecification\",\"valueRequired\":true,\"valueName\":\"search_term_string\"}}],\"inLanguage\":\"es\"},{\"@type\":\"Organization\",\"@id\":\"https:\/\/noti-america.com\/site\/ecuador\/#organization\",\"name\":\"Noti-America LLC | Ecuador\",\"url\":\"https:\/\/noti-america.com\/site\/ecuador\/\",\"logo\":{\"@type\":\"ImageObject\",\"inLanguage\":\"es\",\"@id\":\"https:\/\/noti-america.com\/site\/ecuador\/#\/schema\/logo\/image\/\",\"url\":\"https:\/\/noti-america.com\/site\/ecuador\/wp-content\/uploads\/sites\/18\/2020\/07\/LogoNA-4x3-1.jpg\",\"contentUrl\":\"https:\/\/noti-america.com\/site\/ecuador\/wp-content\/uploads\/sites\/18\/2020\/07\/LogoNA-4x3-1.jpg\",\"width\":1236,\"height\":1080,\"caption\":\"Noti-America LLC | Ecuador\"},\"image\":{\"@id\":\"https:\/\/noti-america.com\/site\/ecuador\/#\/schema\/logo\/image\/\"},\"sameAs\":[\"https:\/\/x.com\/notiamerica\"]},{\"@type\":\"Person\",\"@id\":\"https:\/\/noti-america.com\/site\/ecuador\/#\/schema\/person\/b9d1630cc6598af759d45c790a347283\",\"name\":\"Henry Ortiz\",\"image\":{\"@type\":\"ImageObject\",\"inLanguage\":\"es\",\"@id\":\"https:\/\/secure.gravatar.com\/avatar\/0b5407b5b302fbb6a578e625dca512ac2983ee5fa9ea941d581b83c40212e4c8?s=96&d=mm&r=g\",\"url\":\"https:\/\/secure.gravatar.com\/avatar\/0b5407b5b302fbb6a578e625dca512ac2983ee5fa9ea941d581b83c40212e4c8?s=96&d=mm&r=g\",\"contentUrl\":\"https:\/\/secure.gravatar.com\/avatar\/0b5407b5b302fbb6a578e625dca512ac2983ee5fa9ea941d581b83c40212e4c8?s=96&d=mm&r=g\",\"caption\":\"Henry Ortiz\"},\"url\":\"https:\/\/noti-america.com\/site\/ecuador\/author\/hortiz\/\"}]}<\/script>\n<!-- \/ Yoast SEO Premium plugin. -->","yoast_head_json":{"title":"Gobierno asegura que reformas econ\u00f3micas solo afecta al 3,5% de la poblaci\u00f3n econ\u00f3micamente activa - Ecuador | Noti-America.com","robots":{"index":"index","follow":"follow","max-snippet":"max-snippet:-1","max-image-preview":"max-image-preview:large","max-video-preview":"max-video-preview:-1"},"canonical":"https:\/\/noti-america.com\/site\/ecuador\/2021\/11\/10\/gobierno-asegura-que-reformas-economicas-solo-afecta-al-35-de-la-poblacion-economicamente-activa\/","og_locale":"es_ES","og_type":"article","og_title":"Gobierno asegura que reformas econ\u00f3micas solo afecta al 3,5% de la poblaci\u00f3n econ\u00f3micamente activa","og_description":"REDACCI\u00d3N NOTI AM\u00c9RICA (ECUADOR) El ministro de Finanzas, Sim\u00f3n Cueva destac\u00f3 que la propuesta del proyecto de \u00abLey para el Desarrollo Econ\u00f3mico y Sostenibilidad Fiscal tras la Pandemia Covid-19\u00bb se orienta a velar por&#46;&#46;&#46;","og_url":"https:\/\/noti-america.com\/site\/ecuador\/2021\/11\/10\/gobierno-asegura-que-reformas-economicas-solo-afecta-al-35-de-la-poblacion-economicamente-activa\/","og_site_name":"Ecuador | Noti-America.com","article_published_time":"2021-11-10T00:07:35+00:00","og_image":[{"width":325,"height":155,"url":"https:\/\/noti-america.com\/site\/ecuador\/wp-content\/uploads\/sites\/18\/2021\/11\/9-nov-images.jpg","type":"image\/jpeg"}],"author":"Henry Ortiz","twitter_card":"summary_large_image","twitter_creator":"@notiamerica","twitter_site":"@notiamerica","twitter_misc":{"Escrito por":"Henry Ortiz","Tiempo estimado de lectura":"3 minutos"},"schema":{"@context":"https:\/\/schema.org","@graph":[{"@type":"Article","@id":"https:\/\/noti-america.com\/site\/ecuador\/2021\/11\/10\/gobierno-asegura-que-reformas-economicas-solo-afecta-al-35-de-la-poblacion-economicamente-activa\/#article","isPartOf":{"@id":"https:\/\/noti-america.com\/site\/ecuador\/2021\/11\/10\/gobierno-asegura-que-reformas-economicas-solo-afecta-al-35-de-la-poblacion-economicamente-activa\/"},"author":{"name":"Henry Ortiz","@id":"https:\/\/noti-america.com\/site\/ecuador\/#\/schema\/person\/b9d1630cc6598af759d45c790a347283"},"headline":"Gobierno asegura que reformas econ\u00f3micas solo afecta al 3,5% de la poblaci\u00f3n econ\u00f3micamente activa","datePublished":"2021-11-10T00:07:35+00:00","mainEntityOfPage":{"@id":"https:\/\/noti-america.com\/site\/ecuador\/2021\/11\/10\/gobierno-asegura-que-reformas-economicas-solo-afecta-al-35-de-la-poblacion-economicamente-activa\/"},"wordCount":627,"commentCount":0,"publisher":{"@id":"https:\/\/noti-america.com\/site\/ecuador\/#organization"},"image":{"@id":"https:\/\/noti-america.com\/site\/ecuador\/2021\/11\/10\/gobierno-asegura-que-reformas-economicas-solo-afecta-al-35-de-la-poblacion-economicamente-activa\/#primaryimage"},"thumbnailUrl":"https:\/\/noti-america.com\/site\/ecuador\/wp-content\/uploads\/sites\/18\/2021\/11\/9-nov-images.jpg","articleSection":["Actualidad"],"inLanguage":"es","potentialAction":[{"@type":"CommentAction","name":"Comment","target":["https:\/\/noti-america.com\/site\/ecuador\/2021\/11\/10\/gobierno-asegura-que-reformas-economicas-solo-afecta-al-35-de-la-poblacion-economicamente-activa\/#respond"]}]},{"@type":"WebPage","@id":"https:\/\/noti-america.com\/site\/ecuador\/2021\/11\/10\/gobierno-asegura-que-reformas-economicas-solo-afecta-al-35-de-la-poblacion-economicamente-activa\/","url":"https:\/\/noti-america.com\/site\/ecuador\/2021\/11\/10\/gobierno-asegura-que-reformas-economicas-solo-afecta-al-35-de-la-poblacion-economicamente-activa\/","name":"Gobierno asegura que reformas econ\u00f3micas solo afecta al 3,5% de la poblaci\u00f3n econ\u00f3micamente activa - Ecuador | Noti-America.com","isPartOf":{"@id":"https:\/\/noti-america.com\/site\/ecuador\/#website"},"primaryImageOfPage":{"@id":"https:\/\/noti-america.com\/site\/ecuador\/2021\/11\/10\/gobierno-asegura-que-reformas-economicas-solo-afecta-al-35-de-la-poblacion-economicamente-activa\/#primaryimage"},"image":{"@id":"https:\/\/noti-america.com\/site\/ecuador\/2021\/11\/10\/gobierno-asegura-que-reformas-economicas-solo-afecta-al-35-de-la-poblacion-economicamente-activa\/#primaryimage"},"thumbnailUrl":"https:\/\/noti-america.com\/site\/ecuador\/wp-content\/uploads\/sites\/18\/2021\/11\/9-nov-images.jpg","datePublished":"2021-11-10T00:07:35+00:00","breadcrumb":{"@id":"https:\/\/noti-america.com\/site\/ecuador\/2021\/11\/10\/gobierno-asegura-que-reformas-economicas-solo-afecta-al-35-de-la-poblacion-economicamente-activa\/#breadcrumb"},"inLanguage":"es","potentialAction":[{"@type":"ReadAction","target":["https:\/\/noti-america.com\/site\/ecuador\/2021\/11\/10\/gobierno-asegura-que-reformas-economicas-solo-afecta-al-35-de-la-poblacion-economicamente-activa\/"]}]},{"@type":"ImageObject","inLanguage":"es","@id":"https:\/\/noti-america.com\/site\/ecuador\/2021\/11\/10\/gobierno-asegura-que-reformas-economicas-solo-afecta-al-35-de-la-poblacion-economicamente-activa\/#primaryimage","url":"https:\/\/noti-america.com\/site\/ecuador\/wp-content\/uploads\/sites\/18\/2021\/11\/9-nov-images.jpg","contentUrl":"https:\/\/noti-america.com\/site\/ecuador\/wp-content\/uploads\/sites\/18\/2021\/11\/9-nov-images.jpg","width":325,"height":155},{"@type":"BreadcrumbList","@id":"https:\/\/noti-america.com\/site\/ecuador\/2021\/11\/10\/gobierno-asegura-que-reformas-economicas-solo-afecta-al-35-de-la-poblacion-economicamente-activa\/#breadcrumb","itemListElement":[{"@type":"ListItem","position":1,"name":"Portada","item":"https:\/\/noti-america.com\/site\/ecuador\/"},{"@type":"ListItem","position":2,"name":"Gobierno asegura que reformas econ\u00f3micas solo afecta al 3,5% de la poblaci\u00f3n econ\u00f3micamente activa"}]},{"@type":"WebSite","@id":"https:\/\/noti-america.com\/site\/ecuador\/#website","url":"https:\/\/noti-america.com\/site\/ecuador\/","name":"Ecuador | Noti-America.com","description":"","publisher":{"@id":"https:\/\/noti-america.com\/site\/ecuador\/#organization"},"potentialAction":[{"@type":"SearchAction","target":{"@type":"EntryPoint","urlTemplate":"https:\/\/noti-america.com\/site\/ecuador\/?s={search_term_string}"},"query-input":{"@type":"PropertyValueSpecification","valueRequired":true,"valueName":"search_term_string"}}],"inLanguage":"es"},{"@type":"Organization","@id":"https:\/\/noti-america.com\/site\/ecuador\/#organization","name":"Noti-America LLC | Ecuador","url":"https:\/\/noti-america.com\/site\/ecuador\/","logo":{"@type":"ImageObject","inLanguage":"es","@id":"https:\/\/noti-america.com\/site\/ecuador\/#\/schema\/logo\/image\/","url":"https:\/\/noti-america.com\/site\/ecuador\/wp-content\/uploads\/sites\/18\/2020\/07\/LogoNA-4x3-1.jpg","contentUrl":"https:\/\/noti-america.com\/site\/ecuador\/wp-content\/uploads\/sites\/18\/2020\/07\/LogoNA-4x3-1.jpg","width":1236,"height":1080,"caption":"Noti-America LLC | Ecuador"},"image":{"@id":"https:\/\/noti-america.com\/site\/ecuador\/#\/schema\/logo\/image\/"},"sameAs":["https:\/\/x.com\/notiamerica"]},{"@type":"Person","@id":"https:\/\/noti-america.com\/site\/ecuador\/#\/schema\/person\/b9d1630cc6598af759d45c790a347283","name":"Henry Ortiz","image":{"@type":"ImageObject","inLanguage":"es","@id":"https:\/\/secure.gravatar.com\/avatar\/0b5407b5b302fbb6a578e625dca512ac2983ee5fa9ea941d581b83c40212e4c8?s=96&d=mm&r=g","url":"https:\/\/secure.gravatar.com\/avatar\/0b5407b5b302fbb6a578e625dca512ac2983ee5fa9ea941d581b83c40212e4c8?s=96&d=mm&r=g","contentUrl":"https:\/\/secure.gravatar.com\/avatar\/0b5407b5b302fbb6a578e625dca512ac2983ee5fa9ea941d581b83c40212e4c8?s=96&d=mm&r=g","caption":"Henry Ortiz"},"url":"https:\/\/noti-america.com\/site\/ecuador\/author\/hortiz\/"}]}},"_links":{"self":[{"href":"https:\/\/noti-america.com\/site\/ecuador\/wp-json\/wp\/v2\/posts\/17229","targetHints":{"allow":["GET"]}}],"collection":[{"href":"https:\/\/noti-america.com\/site\/ecuador\/wp-json\/wp\/v2\/posts"}],"about":[{"href":"https:\/\/noti-america.com\/site\/ecuador\/wp-json\/wp\/v2\/types\/post"}],"author":[{"embeddable":true,"href":"https:\/\/noti-america.com\/site\/ecuador\/wp-json\/wp\/v2\/users\/113"}],"replies":[{"embeddable":true,"href":"https:\/\/noti-america.com\/site\/ecuador\/wp-json\/wp\/v2\/comments?post=17229"}],"version-history":[{"count":1,"href":"https:\/\/noti-america.com\/site\/ecuador\/wp-json\/wp\/v2\/posts\/17229\/revisions"}],"predecessor-version":[{"id":17231,"href":"https:\/\/noti-america.com\/site\/ecuador\/wp-json\/wp\/v2\/posts\/17229\/revisions\/17231"}],"wp:featuredmedia":[{"embeddable":true,"href":"https:\/\/noti-america.com\/site\/ecuador\/wp-json\/wp\/v2\/media\/17230"}],"wp:attachment":[{"href":"https:\/\/noti-america.com\/site\/ecuador\/wp-json\/wp\/v2\/media?parent=17229"}],"wp:term":[{"taxonomy":"category","embeddable":true,"href":"https:\/\/noti-america.com\/site\/ecuador\/wp-json\/wp\/v2\/categories?post=17229"},{"taxonomy":"post_tag","embeddable":true,"href":"https:\/\/noti-america.com\/site\/ecuador\/wp-json\/wp\/v2\/tags?post=17229"}],"curies":[{"name":"wp","href":"https:\/\/api.w.org\/{rel}","templated":true}]}}