{"id":1716,"date":"2018-09-05T01:51:42","date_gmt":"2018-09-05T01:51:42","guid":{"rendered":"http:\/\/noti-america.com\/site\/ecuador\/?p=1716"},"modified":"2018-09-05T01:51:42","modified_gmt":"2018-09-05T01:51:42","slug":"13-paises-se-reunieron-en-quito-analizaron-la-situacion-venezolana-e-hicieron-declaracion-que-incluyen-18-puntos-de-comun-acuerdo","status":"publish","type":"post","link":"https:\/\/noti-america.com\/site\/ecuador\/2018\/09\/05\/13-paises-se-reunieron-en-quito-analizaron-la-situacion-venezolana-e-hicieron-declaracion-que-incluyen-18-puntos-de-comun-acuerdo\/","title":{"rendered":"13 pa\u00edses se reunieron en Quito, analizaron la situaci\u00f3n Venezolana e hicieron declaraci\u00f3n que incluyen 18 puntos de com\u00fan acuerdo"},"content":{"rendered":"<p>REDACCI\u00d3N NOTI-AM\u00c9RICA (ECUADOR)<\/p>\n<p>Representantes de trece pa\u00edses se reunieron en la Canciller\u00eda para debatir sobre la crisis migratoria venezolana, identificada como una problem\u00e1tica de la regi\u00f3n. La cita concluy\u00f3, con la firma de la \u201cDeclaratoria de Quito\u201d. A la reuni\u00f3n reservada, convocada por Ecuador, no acudi\u00f3 Venezuela. Asisten Argentina, Bolivia, Brasil, Chile, Colombia, Costa Rica, M\u00e9xico, Panam\u00e1, Paraguay, Per\u00fa, Uruguay y Rep\u00fablica Dominicana.<\/p>\n<p>\u201cLa Declaraci\u00f3n se constituye en un hito porque se ha conformado un grupo informal de pa\u00edses que est\u00e1n trabajando y han demostrado su voluntad por brindar su cooperaci\u00f3n, aportar con ideas y acciones muy concretas para solucionar el tema de la migraci\u00f3n masiva e inusual de ciudadanos venezolanos en la regi\u00f3n. El gobierno del Ecuador se siente muy complacido por haber sido sede de esta primera reuni\u00f3n\u201d, destac\u00f3 el viceministro de Movilidad Humana, Santiago Ch\u00e1vez.<\/p>\n<p>Declaratoria.<\/p>\n<p>Los representantes de los Gobiernos de la Rep\u00fablica Argentina, Rep\u00fablica Federativa del Brasil, Rep\u00fablica de Chile, Rep\u00fablica de Colombia, Rep\u00fablica de Costa Rica, Rep\u00fablica del Ecuador, Estados Unidos Mexicanos, Rep\u00fablica de Panam\u00e1, Rep\u00fablica del Paraguay, Rep\u00fablica del Per\u00fa y Rep\u00fablica Oriental del Uruguay, reunidos en la ciudad de Quito, los d\u00edas 3 y 4 de septiembre de 2018, con el objeto de intercambiar informaci\u00f3n y buenas pr\u00e1cticas con miras a articular una coordinaci\u00f3n regional con respecto a la crisis migratoria de ciudadanos venezolanos en la regi\u00f3n, acuerdan:<\/p>\n<ol>\n<li>Destacar los esfuerzos emprendidos por los Gobiernos de la regi\u00f3n para acoger adecuadamente a los ciudadanos venezolanos en situaci\u00f3n de movilidad humana, especialmente a aquellos en condici\u00f3n de vulnerabilidad, como ni\u00f1as, ni\u00f1os y adolescentes, adultos mayores, personas con discapacidad y personas aquejadas por enfermedades graves, entre otros.<\/li>\n<li>Continuar trabajando de manera individual y cooperar seg\u00fan cada pa\u00eds lo estime adecuado y oportuno, con la provisi\u00f3n de asistencia humanitaria; acceso a mecanismos de permanencia regular, incluyendo la consideraci\u00f3n de procesos de regularizaci\u00f3n migratoria; combate a la trata de personas y al tr\u00e1fico il\u00edcito de migrantes; lucha contra la violencia sexual y de g\u00e9nero; protecci\u00f3n infantil; rechazo a la discriminaci\u00f3n y la xenofobia; acceso a los procedimientos para la determinaci\u00f3n de la condici\u00f3n de refugiado; y, en general, continuar trabajando en la implementaci\u00f3n de pol\u00edticas p\u00fablicas destinadas a proteger los derechos humanos de todos los migrantes en sus respectivos pa\u00edses, en concordancia con las legislaciones nacionales y los instrumentos internacionales y regionales aplicables.<\/li>\n<li>Reconocer la importancia de la cooperaci\u00f3n t\u00e9cnica y financiera proporcionada por los Estados cooperantes y\/o los Organismos Internacionales especializados, seg\u00fan corresponda, para atender en los espacios nacionales de cada Estado los flujos migratorios extraordinarios y crecientes de los ciudadanos venezolanos en la regi\u00f3n.<\/li>\n<li>Urgir a que dicha cooperaci\u00f3n y recursos se incrementen sustancialmente, de acuerdo a los requerimientos del volumen de personas que han emigrado desde Venezuela hacia otros pa\u00edses de la regi\u00f3n, y se dirijan a los sectores priorizados por cada Estado, a fin de que \u00e9stos puedan incrementar sus acciones y programas hacia la regularizaci\u00f3n migratoria.<\/li>\n<li>Exhortar al Gobierno de la Rep\u00fablica Bolivariana de Venezuela para que tome de manera urgente y prioritaria las medidas necesarias para la provisi\u00f3n oportuna de documentos de identidad y de viaje de sus nacionales, como c\u00e9dulas de identidad, pasaportes, partidas de nacimiento, partidas de matrimonio y certificados de antecedentes penales, as\u00ed como de las apostillas y legalizaciones que fueran requeridas por sus ciudadanos en vista de que la carencia de tales documentos ha generado: limitaciones al derecho a la libre circulaci\u00f3n y movilidad; dificultades en los procedimientos migratorios; impedimentos a la circulaci\u00f3n extra regional; afectaciones a la inserci\u00f3n social y econ\u00f3mica en los pa\u00edses de acogida; y, por el contrario, ha incentivado la migraci\u00f3n irregular.<\/li>\n<li>De acuerdo con la legislaci\u00f3n nacional de cada pa\u00eds, acoger los documentos de viaje vencidos como documentos de identidad de los ciudadanos venezolanos para fines migratorios.<\/li>\n<li>Establecer un programa regional, con el apoyo del Sistema de Naciones Unidas, particularmente la Organizaci\u00f3n Internacional para las Migraciones \u2013 OIM, para el intercambio oportuno, a trav\u00e9s de las instancias nacionales competentes, de informaci\u00f3n pertinente de migrantes venezolanos, tendiente a prestar la ayuda humanitaria y lograr una migraci\u00f3n ordenada y segura.<\/li>\n<li>Disponer que los Estados de la regi\u00f3n coordinen esfuerzos a trav\u00e9s de la Organizaci\u00f3n de Estados Americanos (OEA), la Organizaci\u00f3n Internacional para las Migraciones (OIM), y otros organismos internacionales, a fin de combatir la trata de personas y el tr\u00e1fico il\u00edcito de migrantes, dentro del flujo migratorio de ciudadanos venezolanos y de conformidad con las disposiciones de los instrumentos internacionales pertinentes.<\/li>\n<li>Ratificar el compromiso de los Estados de la regi\u00f3n de conformidad con la disponibilidad de recursos p\u00fablicos, la realidad econ\u00f3mica, la normativa interna y las posibilidades de cada pa\u00eds de acogida, de proveer a los ciudadanos venezolanos en situaci\u00f3n de movilidad humana, el acceso a los servicios de salud y educaci\u00f3n p\u00fablicas y a las oportunidades en el mercado laboral. Asimismo, se garantiza el acceso a los sistemas de justicia.<\/li>\n<li>Reconocer que un volumen considerable de migraci\u00f3n pendular y en tr\u00e1nsito, requiere del apoyo y la cooperaci\u00f3n regional para el fortalecimiento de medidas para Colombia, dada su condici\u00f3n lim\u00edtrofe con Venezuela, as\u00ed como para Ecuador y Per\u00fa, dado que se genera un corredor migratorio hacia esos dos pa\u00edses.<\/li>\n<li>De encontrarlo necesario, fortalecer la normativa jur\u00eddica \u2013 legal, reglamentaria y administrativa- de los Estados de la regi\u00f3n, a fin de optimizar las pol\u00edticas dise\u00f1adas para promover y respetar los derechos de los migrantes venezolanos en los pa\u00edses de tr\u00e1nsito y acogida.<\/li>\n<li>Ratificar los compromisos de los Estados de la regi\u00f3n respecto a la lucha coordinada contra la discriminaci\u00f3n, la intolerancia y la xenofobia e implementar, en la medida de lo posible para cada pa\u00eds, iniciativas y esfuerzos estatales, individuales y\/o conjuntos, en dicho sentido.<\/li>\n<li>Reiteran su preocupaci\u00f3n por el grave deterioro de la situaci\u00f3n interna que provoca la migraci\u00f3n masiva de venezolanos, abordada en esta reuni\u00f3n, y hacen un llamado a la apertura de un mecanismo de asistencia humanitaria que permita descomprimir la cr\u00edtica situaci\u00f3n, brindando atenci\u00f3n inmediata en origen a los ciudadanos afectados.<\/li>\n<li>Los Estados concuerdan en cooperar mutuamente para atender a sus nacionales y exhortan al Gobierno de la Rep\u00fablica Bolivariana de Venezuela para que acepte la cooperaci\u00f3n de los gobiernos de la regi\u00f3n y de los organismos internacionales, con el fin de atender la situaci\u00f3n de sus respectivas comunidades establecidas en Venezuela.<\/li>\n<li>Convenir en la realizaci\u00f3n de una nueva Reuni\u00f3n sobre Movilidad Humana, enfocada en la cr\u00edtica situaci\u00f3n de los flujos migratorios extraordinarios y crecientes de los ciudadanos venezolanos, en principio, para la segunda semana de noviembre, en la ciudad de Quito, para dar seguimiento a los compromisos consignados en la presente Declaraci\u00f3n.<\/li>\n<li>Fortalecer el rol de la CAN y del MERCOSUR para abordar, de manera integral y articulada, el flujo masivo de nacionales venezolanos y que permita adoptar acciones inmediatas para atender esta crisis migratoria de car\u00e1cter humanitario. Igualmente, en los \u00e1mbitos de la Conferencia Regional de Migraciones, y la Conferencia Sudamericana de Migraciones.<\/li>\n<li>Agradecer la participaci\u00f3n de todos los Organismos Internacionales presentes en esta Reuni\u00f3n Regional.<\/li>\n<li>Agradecer especialmente al Gobierno de la Rep\u00fablica del Ecuador por la oportuna convocatoria de la reuni\u00f3n y la hospitalidad durante esta jornada de trabajo.<\/li>\n<\/ol>\n<p>&nbsp;<\/p>\n","protected":false},"excerpt":{"rendered":"<p>REDACCI\u00d3N NOTI-AM\u00c9RICA (ECUADOR) Representantes de trece pa\u00edses se reunieron en la Canciller\u00eda para debatir sobre la crisis migratoria venezolana, identificada como una problem\u00e1tica de la regi\u00f3n. La cita concluy\u00f3, con la firma de la&#46;&#46;&#46;<\/p>\n","protected":false},"author":17,"featured_media":1717,"comment_status":"open","ping_status":"open","sticky":false,"template":"","format":"standard","meta":{"_acf_changed":false,"om_disable_all_campaigns":false,"rop_custom_images_group":[],"rop_custom_messages_group":[],"rop_publish_now":"initial","rop_publish_now_accounts":{"twitter_242054905_242054905":""},"rop_publish_now_history":[],"rop_publish_now_status":"pending","_uf_show_specific_survey":0,"_uf_disable_surveys":false,"footnotes":""},"categories":[34],"tags":[],"class_list":["post-1716","post","type-post","status-publish","format-standard","has-post-thumbnail","hentry","category-politica-opinion"],"acf":[],"aioseo_notices":[],"yoast_head":"<!-- This site is optimized with the Yoast SEO Premium plugin v24.9 (Yoast SEO v27.2) - https:\/\/yoast.com\/product\/yoast-seo-premium-wordpress\/ -->\n<title>13 pa\u00edses se reunieron en Quito, analizaron la situaci\u00f3n Venezolana e hicieron declaraci\u00f3n que incluyen 18 puntos de com\u00fan acuerdo - Ecuador | Noti-America.com<\/title>\n<meta name=\"robots\" content=\"index, follow, max-snippet:-1, max-image-preview:large, max-video-preview:-1\" \/>\n<link rel=\"canonical\" href=\"https:\/\/noti-america.com\/site\/ecuador\/2018\/09\/05\/13-paises-se-reunieron-en-quito-analizaron-la-situacion-venezolana-e-hicieron-declaracion-que-incluyen-18-puntos-de-comun-acuerdo\/\" \/>\n<meta property=\"og:locale\" content=\"es_ES\" \/>\n<meta property=\"og:type\" content=\"article\" \/>\n<meta property=\"og:title\" content=\"13 pa\u00edses se reunieron en Quito, analizaron la situaci\u00f3n Venezolana e hicieron declaraci\u00f3n que incluyen 18 puntos de com\u00fan acuerdo\" \/>\n<meta property=\"og:description\" content=\"REDACCI\u00d3N NOTI-AM\u00c9RICA (ECUADOR) Representantes de trece pa\u00edses se reunieron en la Canciller\u00eda para debatir sobre la crisis migratoria venezolana, identificada como una problem\u00e1tica de la regi\u00f3n. La cita concluy\u00f3, con la firma de la&#046;&#046;&#046;\" \/>\n<meta property=\"og:url\" content=\"https:\/\/noti-america.com\/site\/ecuador\/2018\/09\/05\/13-paises-se-reunieron-en-quito-analizaron-la-situacion-venezolana-e-hicieron-declaracion-que-incluyen-18-puntos-de-comun-acuerdo\/\" \/>\n<meta property=\"og:site_name\" content=\"Ecuador | Noti-America.com\" \/>\n<meta property=\"article:published_time\" content=\"2018-09-05T01:51:42+00:00\" \/>\n<meta property=\"og:image\" content=\"https:\/\/noti-america.com\/site\/ecuador\/wp-content\/uploads\/sites\/18\/2018\/09\/foto-oficial-reunion-tecnica-regional-sobre-movilidad-humana-de-venezolanos.png\" \/>\n\t<meta property=\"og:image:width\" content=\"800\" \/>\n\t<meta property=\"og:image:height\" content=\"450\" \/>\n\t<meta property=\"og:image:type\" content=\"image\/png\" \/>\n<meta name=\"author\" content=\"Gregory Quintana Montiel\" \/>\n<meta name=\"twitter:card\" content=\"summary_large_image\" \/>\n<meta name=\"twitter:creator\" content=\"@gdgregori1\" \/>\n<meta name=\"twitter:site\" content=\"@notiamerica\" \/>\n<meta name=\"twitter:label1\" content=\"Escrito por\" \/>\n\t<meta name=\"twitter:data1\" content=\"Gregory Quintana Montiel\" \/>\n\t<meta name=\"twitter:label2\" content=\"Tiempo estimado de lectura\" \/>\n\t<meta name=\"twitter:data2\" content=\"7 minutos\" \/>\n<script type=\"application\/ld+json\" class=\"yoast-schema-graph\">{\"@context\":\"https:\/\/schema.org\",\"@graph\":[{\"@type\":\"Article\",\"@id\":\"https:\/\/noti-america.com\/site\/ecuador\/2018\/09\/05\/13-paises-se-reunieron-en-quito-analizaron-la-situacion-venezolana-e-hicieron-declaracion-que-incluyen-18-puntos-de-comun-acuerdo\/#article\",\"isPartOf\":{\"@id\":\"https:\/\/noti-america.com\/site\/ecuador\/2018\/09\/05\/13-paises-se-reunieron-en-quito-analizaron-la-situacion-venezolana-e-hicieron-declaracion-que-incluyen-18-puntos-de-comun-acuerdo\/\"},\"author\":{\"name\":\"Gregory Quintana Montiel\",\"@id\":\"https:\/\/noti-america.com\/site\/ecuador\/#\/schema\/person\/3b975e42f15abfe64bfe3abdd916efda\"},\"headline\":\"13 pa\u00edses se reunieron en Quito, analizaron la situaci\u00f3n Venezolana e hicieron declaraci\u00f3n que incluyen 18 puntos de com\u00fan acuerdo\",\"datePublished\":\"2018-09-05T01:51:42+00:00\",\"mainEntityOfPage\":{\"@id\":\"https:\/\/noti-america.com\/site\/ecuador\/2018\/09\/05\/13-paises-se-reunieron-en-quito-analizaron-la-situacion-venezolana-e-hicieron-declaracion-que-incluyen-18-puntos-de-comun-acuerdo\/\"},\"wordCount\":1327,\"commentCount\":0,\"publisher\":{\"@id\":\"https:\/\/noti-america.com\/site\/ecuador\/#organization\"},\"image\":{\"@id\":\"https:\/\/noti-america.com\/site\/ecuador\/2018\/09\/05\/13-paises-se-reunieron-en-quito-analizaron-la-situacion-venezolana-e-hicieron-declaracion-que-incluyen-18-puntos-de-comun-acuerdo\/#primaryimage\"},\"thumbnailUrl\":\"https:\/\/noti-america.com\/site\/ecuador\/wp-content\/uploads\/sites\/18\/2018\/09\/foto-oficial-reunion-tecnica-regional-sobre-movilidad-humana-de-venezolanos.png\",\"articleSection\":[\"Pol\u00edtica\"],\"inLanguage\":\"es\",\"potentialAction\":[{\"@type\":\"CommentAction\",\"name\":\"Comment\",\"target\":[\"https:\/\/noti-america.com\/site\/ecuador\/2018\/09\/05\/13-paises-se-reunieron-en-quito-analizaron-la-situacion-venezolana-e-hicieron-declaracion-que-incluyen-18-puntos-de-comun-acuerdo\/#respond\"]}]},{\"@type\":\"WebPage\",\"@id\":\"https:\/\/noti-america.com\/site\/ecuador\/2018\/09\/05\/13-paises-se-reunieron-en-quito-analizaron-la-situacion-venezolana-e-hicieron-declaracion-que-incluyen-18-puntos-de-comun-acuerdo\/\",\"url\":\"https:\/\/noti-america.com\/site\/ecuador\/2018\/09\/05\/13-paises-se-reunieron-en-quito-analizaron-la-situacion-venezolana-e-hicieron-declaracion-que-incluyen-18-puntos-de-comun-acuerdo\/\",\"name\":\"13 pa\u00edses se reunieron en Quito, analizaron la situaci\u00f3n Venezolana e hicieron declaraci\u00f3n que incluyen 18 puntos de com\u00fan acuerdo - Ecuador | Noti-America.com\",\"isPartOf\":{\"@id\":\"https:\/\/noti-america.com\/site\/ecuador\/#website\"},\"primaryImageOfPage\":{\"@id\":\"https:\/\/noti-america.com\/site\/ecuador\/2018\/09\/05\/13-paises-se-reunieron-en-quito-analizaron-la-situacion-venezolana-e-hicieron-declaracion-que-incluyen-18-puntos-de-comun-acuerdo\/#primaryimage\"},\"image\":{\"@id\":\"https:\/\/noti-america.com\/site\/ecuador\/2018\/09\/05\/13-paises-se-reunieron-en-quito-analizaron-la-situacion-venezolana-e-hicieron-declaracion-que-incluyen-18-puntos-de-comun-acuerdo\/#primaryimage\"},\"thumbnailUrl\":\"https:\/\/noti-america.com\/site\/ecuador\/wp-content\/uploads\/sites\/18\/2018\/09\/foto-oficial-reunion-tecnica-regional-sobre-movilidad-humana-de-venezolanos.png\",\"datePublished\":\"2018-09-05T01:51:42+00:00\",\"breadcrumb\":{\"@id\":\"https:\/\/noti-america.com\/site\/ecuador\/2018\/09\/05\/13-paises-se-reunieron-en-quito-analizaron-la-situacion-venezolana-e-hicieron-declaracion-que-incluyen-18-puntos-de-comun-acuerdo\/#breadcrumb\"},\"inLanguage\":\"es\",\"potentialAction\":[{\"@type\":\"ReadAction\",\"target\":[\"https:\/\/noti-america.com\/site\/ecuador\/2018\/09\/05\/13-paises-se-reunieron-en-quito-analizaron-la-situacion-venezolana-e-hicieron-declaracion-que-incluyen-18-puntos-de-comun-acuerdo\/\"]}]},{\"@type\":\"ImageObject\",\"inLanguage\":\"es\",\"@id\":\"https:\/\/noti-america.com\/site\/ecuador\/2018\/09\/05\/13-paises-se-reunieron-en-quito-analizaron-la-situacion-venezolana-e-hicieron-declaracion-que-incluyen-18-puntos-de-comun-acuerdo\/#primaryimage\",\"url\":\"https:\/\/noti-america.com\/site\/ecuador\/wp-content\/uploads\/sites\/18\/2018\/09\/foto-oficial-reunion-tecnica-regional-sobre-movilidad-humana-de-venezolanos.png\",\"contentUrl\":\"https:\/\/noti-america.com\/site\/ecuador\/wp-content\/uploads\/sites\/18\/2018\/09\/foto-oficial-reunion-tecnica-regional-sobre-movilidad-humana-de-venezolanos.png\",\"width\":800,\"height\":450},{\"@type\":\"BreadcrumbList\",\"@id\":\"https:\/\/noti-america.com\/site\/ecuador\/2018\/09\/05\/13-paises-se-reunieron-en-quito-analizaron-la-situacion-venezolana-e-hicieron-declaracion-que-incluyen-18-puntos-de-comun-acuerdo\/#breadcrumb\",\"itemListElement\":[{\"@type\":\"ListItem\",\"position\":1,\"name\":\"Portada\",\"item\":\"https:\/\/noti-america.com\/site\/ecuador\/\"},{\"@type\":\"ListItem\",\"position\":2,\"name\":\"13 pa\u00edses se reunieron en Quito, analizaron la situaci\u00f3n Venezolana e hicieron declaraci\u00f3n que incluyen 18 puntos de com\u00fan acuerdo\"}]},{\"@type\":\"WebSite\",\"@id\":\"https:\/\/noti-america.com\/site\/ecuador\/#website\",\"url\":\"https:\/\/noti-america.com\/site\/ecuador\/\",\"name\":\"Ecuador | Noti-America.com\",\"description\":\"\",\"publisher\":{\"@id\":\"https:\/\/noti-america.com\/site\/ecuador\/#organization\"},\"potentialAction\":[{\"@type\":\"SearchAction\",\"target\":{\"@type\":\"EntryPoint\",\"urlTemplate\":\"https:\/\/noti-america.com\/site\/ecuador\/?s={search_term_string}\"},\"query-input\":{\"@type\":\"PropertyValueSpecification\",\"valueRequired\":true,\"valueName\":\"search_term_string\"}}],\"inLanguage\":\"es\"},{\"@type\":\"Organization\",\"@id\":\"https:\/\/noti-america.com\/site\/ecuador\/#organization\",\"name\":\"Noti-America LLC | Ecuador\",\"url\":\"https:\/\/noti-america.com\/site\/ecuador\/\",\"logo\":{\"@type\":\"ImageObject\",\"inLanguage\":\"es\",\"@id\":\"https:\/\/noti-america.com\/site\/ecuador\/#\/schema\/logo\/image\/\",\"url\":\"https:\/\/noti-america.com\/site\/ecuador\/wp-content\/uploads\/sites\/18\/2020\/07\/LogoNA-4x3-1.jpg\",\"contentUrl\":\"https:\/\/noti-america.com\/site\/ecuador\/wp-content\/uploads\/sites\/18\/2020\/07\/LogoNA-4x3-1.jpg\",\"width\":1236,\"height\":1080,\"caption\":\"Noti-America LLC | Ecuador\"},\"image\":{\"@id\":\"https:\/\/noti-america.com\/site\/ecuador\/#\/schema\/logo\/image\/\"},\"sameAs\":[\"https:\/\/x.com\/notiamerica\"]},{\"@type\":\"Person\",\"@id\":\"https:\/\/noti-america.com\/site\/ecuador\/#\/schema\/person\/3b975e42f15abfe64bfe3abdd916efda\",\"name\":\"Gregory Quintana Montiel\",\"image\":{\"@type\":\"ImageObject\",\"inLanguage\":\"es\",\"@id\":\"https:\/\/secure.gravatar.com\/avatar\/2d6b802f7720c2ec7744dcbe608cc2f3417aeb964d58b443c6d612b77531de1d?s=96&d=mm&r=g\",\"url\":\"https:\/\/secure.gravatar.com\/avatar\/2d6b802f7720c2ec7744dcbe608cc2f3417aeb964d58b443c6d612b77531de1d?s=96&d=mm&r=g\",\"contentUrl\":\"https:\/\/secure.gravatar.com\/avatar\/2d6b802f7720c2ec7744dcbe608cc2f3417aeb964d58b443c6d612b77531de1d?s=96&d=mm&r=g\",\"caption\":\"Gregory Quintana Montiel\"},\"description\":\"Licenciatura en Ciencias de la Comunicaci\u00f3n Social, egresado en la Especializaci\u00f3n Derecho Ambiental Desarrollo Sostenible y Sustentable, Miembro de la Comunidad de profesionales y experto para Latinoam\u00e9rica y el Caribe en Gesti\u00f3n por Resultado en el Desarrollo (COPLAC - GpRD) del Banco Interamericano de Desarrollo, experiencia en medios radiales y escritos.\",\"sameAs\":[\"https:\/\/x.com\/gdgregori1\",\"gquintana\"],\"url\":\"https:\/\/noti-america.com\/site\/ecuador\/author\/gquintana\/\"}]}<\/script>\n<!-- \/ Yoast SEO Premium plugin. -->","yoast_head_json":{"title":"13 pa\u00edses se reunieron en Quito, analizaron la situaci\u00f3n Venezolana e hicieron declaraci\u00f3n que incluyen 18 puntos de com\u00fan acuerdo - Ecuador | Noti-America.com","robots":{"index":"index","follow":"follow","max-snippet":"max-snippet:-1","max-image-preview":"max-image-preview:large","max-video-preview":"max-video-preview:-1"},"canonical":"https:\/\/noti-america.com\/site\/ecuador\/2018\/09\/05\/13-paises-se-reunieron-en-quito-analizaron-la-situacion-venezolana-e-hicieron-declaracion-que-incluyen-18-puntos-de-comun-acuerdo\/","og_locale":"es_ES","og_type":"article","og_title":"13 pa\u00edses se reunieron en Quito, analizaron la situaci\u00f3n Venezolana e hicieron declaraci\u00f3n que incluyen 18 puntos de com\u00fan acuerdo","og_description":"REDACCI\u00d3N NOTI-AM\u00c9RICA (ECUADOR) Representantes de trece pa\u00edses se reunieron en la Canciller\u00eda para debatir sobre la crisis migratoria venezolana, identificada como una problem\u00e1tica de la regi\u00f3n. La cita concluy\u00f3, con la firma de la&#46;&#46;&#46;","og_url":"https:\/\/noti-america.com\/site\/ecuador\/2018\/09\/05\/13-paises-se-reunieron-en-quito-analizaron-la-situacion-venezolana-e-hicieron-declaracion-que-incluyen-18-puntos-de-comun-acuerdo\/","og_site_name":"Ecuador | Noti-America.com","article_published_time":"2018-09-05T01:51:42+00:00","og_image":[{"width":800,"height":450,"url":"https:\/\/noti-america.com\/site\/ecuador\/wp-content\/uploads\/sites\/18\/2018\/09\/foto-oficial-reunion-tecnica-regional-sobre-movilidad-humana-de-venezolanos.png","type":"image\/png"}],"author":"Gregory Quintana Montiel","twitter_card":"summary_large_image","twitter_creator":"@gdgregori1","twitter_site":"@notiamerica","twitter_misc":{"Escrito por":"Gregory Quintana Montiel","Tiempo estimado de lectura":"7 minutos"},"schema":{"@context":"https:\/\/schema.org","@graph":[{"@type":"Article","@id":"https:\/\/noti-america.com\/site\/ecuador\/2018\/09\/05\/13-paises-se-reunieron-en-quito-analizaron-la-situacion-venezolana-e-hicieron-declaracion-que-incluyen-18-puntos-de-comun-acuerdo\/#article","isPartOf":{"@id":"https:\/\/noti-america.com\/site\/ecuador\/2018\/09\/05\/13-paises-se-reunieron-en-quito-analizaron-la-situacion-venezolana-e-hicieron-declaracion-que-incluyen-18-puntos-de-comun-acuerdo\/"},"author":{"name":"Gregory Quintana Montiel","@id":"https:\/\/noti-america.com\/site\/ecuador\/#\/schema\/person\/3b975e42f15abfe64bfe3abdd916efda"},"headline":"13 pa\u00edses se reunieron en Quito, analizaron la situaci\u00f3n Venezolana e hicieron declaraci\u00f3n que incluyen 18 puntos de com\u00fan acuerdo","datePublished":"2018-09-05T01:51:42+00:00","mainEntityOfPage":{"@id":"https:\/\/noti-america.com\/site\/ecuador\/2018\/09\/05\/13-paises-se-reunieron-en-quito-analizaron-la-situacion-venezolana-e-hicieron-declaracion-que-incluyen-18-puntos-de-comun-acuerdo\/"},"wordCount":1327,"commentCount":0,"publisher":{"@id":"https:\/\/noti-america.com\/site\/ecuador\/#organization"},"image":{"@id":"https:\/\/noti-america.com\/site\/ecuador\/2018\/09\/05\/13-paises-se-reunieron-en-quito-analizaron-la-situacion-venezolana-e-hicieron-declaracion-que-incluyen-18-puntos-de-comun-acuerdo\/#primaryimage"},"thumbnailUrl":"https:\/\/noti-america.com\/site\/ecuador\/wp-content\/uploads\/sites\/18\/2018\/09\/foto-oficial-reunion-tecnica-regional-sobre-movilidad-humana-de-venezolanos.png","articleSection":["Pol\u00edtica"],"inLanguage":"es","potentialAction":[{"@type":"CommentAction","name":"Comment","target":["https:\/\/noti-america.com\/site\/ecuador\/2018\/09\/05\/13-paises-se-reunieron-en-quito-analizaron-la-situacion-venezolana-e-hicieron-declaracion-que-incluyen-18-puntos-de-comun-acuerdo\/#respond"]}]},{"@type":"WebPage","@id":"https:\/\/noti-america.com\/site\/ecuador\/2018\/09\/05\/13-paises-se-reunieron-en-quito-analizaron-la-situacion-venezolana-e-hicieron-declaracion-que-incluyen-18-puntos-de-comun-acuerdo\/","url":"https:\/\/noti-america.com\/site\/ecuador\/2018\/09\/05\/13-paises-se-reunieron-en-quito-analizaron-la-situacion-venezolana-e-hicieron-declaracion-que-incluyen-18-puntos-de-comun-acuerdo\/","name":"13 pa\u00edses se reunieron en Quito, analizaron la situaci\u00f3n Venezolana e hicieron declaraci\u00f3n que incluyen 18 puntos de com\u00fan acuerdo - Ecuador | Noti-America.com","isPartOf":{"@id":"https:\/\/noti-america.com\/site\/ecuador\/#website"},"primaryImageOfPage":{"@id":"https:\/\/noti-america.com\/site\/ecuador\/2018\/09\/05\/13-paises-se-reunieron-en-quito-analizaron-la-situacion-venezolana-e-hicieron-declaracion-que-incluyen-18-puntos-de-comun-acuerdo\/#primaryimage"},"image":{"@id":"https:\/\/noti-america.com\/site\/ecuador\/2018\/09\/05\/13-paises-se-reunieron-en-quito-analizaron-la-situacion-venezolana-e-hicieron-declaracion-que-incluyen-18-puntos-de-comun-acuerdo\/#primaryimage"},"thumbnailUrl":"https:\/\/noti-america.com\/site\/ecuador\/wp-content\/uploads\/sites\/18\/2018\/09\/foto-oficial-reunion-tecnica-regional-sobre-movilidad-humana-de-venezolanos.png","datePublished":"2018-09-05T01:51:42+00:00","breadcrumb":{"@id":"https:\/\/noti-america.com\/site\/ecuador\/2018\/09\/05\/13-paises-se-reunieron-en-quito-analizaron-la-situacion-venezolana-e-hicieron-declaracion-que-incluyen-18-puntos-de-comun-acuerdo\/#breadcrumb"},"inLanguage":"es","potentialAction":[{"@type":"ReadAction","target":["https:\/\/noti-america.com\/site\/ecuador\/2018\/09\/05\/13-paises-se-reunieron-en-quito-analizaron-la-situacion-venezolana-e-hicieron-declaracion-que-incluyen-18-puntos-de-comun-acuerdo\/"]}]},{"@type":"ImageObject","inLanguage":"es","@id":"https:\/\/noti-america.com\/site\/ecuador\/2018\/09\/05\/13-paises-se-reunieron-en-quito-analizaron-la-situacion-venezolana-e-hicieron-declaracion-que-incluyen-18-puntos-de-comun-acuerdo\/#primaryimage","url":"https:\/\/noti-america.com\/site\/ecuador\/wp-content\/uploads\/sites\/18\/2018\/09\/foto-oficial-reunion-tecnica-regional-sobre-movilidad-humana-de-venezolanos.png","contentUrl":"https:\/\/noti-america.com\/site\/ecuador\/wp-content\/uploads\/sites\/18\/2018\/09\/foto-oficial-reunion-tecnica-regional-sobre-movilidad-humana-de-venezolanos.png","width":800,"height":450},{"@type":"BreadcrumbList","@id":"https:\/\/noti-america.com\/site\/ecuador\/2018\/09\/05\/13-paises-se-reunieron-en-quito-analizaron-la-situacion-venezolana-e-hicieron-declaracion-que-incluyen-18-puntos-de-comun-acuerdo\/#breadcrumb","itemListElement":[{"@type":"ListItem","position":1,"name":"Portada","item":"https:\/\/noti-america.com\/site\/ecuador\/"},{"@type":"ListItem","position":2,"name":"13 pa\u00edses se reunieron en Quito, analizaron la situaci\u00f3n Venezolana e hicieron declaraci\u00f3n que incluyen 18 puntos de com\u00fan acuerdo"}]},{"@type":"WebSite","@id":"https:\/\/noti-america.com\/site\/ecuador\/#website","url":"https:\/\/noti-america.com\/site\/ecuador\/","name":"Ecuador | Noti-America.com","description":"","publisher":{"@id":"https:\/\/noti-america.com\/site\/ecuador\/#organization"},"potentialAction":[{"@type":"SearchAction","target":{"@type":"EntryPoint","urlTemplate":"https:\/\/noti-america.com\/site\/ecuador\/?s={search_term_string}"},"query-input":{"@type":"PropertyValueSpecification","valueRequired":true,"valueName":"search_term_string"}}],"inLanguage":"es"},{"@type":"Organization","@id":"https:\/\/noti-america.com\/site\/ecuador\/#organization","name":"Noti-America LLC | Ecuador","url":"https:\/\/noti-america.com\/site\/ecuador\/","logo":{"@type":"ImageObject","inLanguage":"es","@id":"https:\/\/noti-america.com\/site\/ecuador\/#\/schema\/logo\/image\/","url":"https:\/\/noti-america.com\/site\/ecuador\/wp-content\/uploads\/sites\/18\/2020\/07\/LogoNA-4x3-1.jpg","contentUrl":"https:\/\/noti-america.com\/site\/ecuador\/wp-content\/uploads\/sites\/18\/2020\/07\/LogoNA-4x3-1.jpg","width":1236,"height":1080,"caption":"Noti-America LLC | Ecuador"},"image":{"@id":"https:\/\/noti-america.com\/site\/ecuador\/#\/schema\/logo\/image\/"},"sameAs":["https:\/\/x.com\/notiamerica"]},{"@type":"Person","@id":"https:\/\/noti-america.com\/site\/ecuador\/#\/schema\/person\/3b975e42f15abfe64bfe3abdd916efda","name":"Gregory Quintana Montiel","image":{"@type":"ImageObject","inLanguage":"es","@id":"https:\/\/secure.gravatar.com\/avatar\/2d6b802f7720c2ec7744dcbe608cc2f3417aeb964d58b443c6d612b77531de1d?s=96&d=mm&r=g","url":"https:\/\/secure.gravatar.com\/avatar\/2d6b802f7720c2ec7744dcbe608cc2f3417aeb964d58b443c6d612b77531de1d?s=96&d=mm&r=g","contentUrl":"https:\/\/secure.gravatar.com\/avatar\/2d6b802f7720c2ec7744dcbe608cc2f3417aeb964d58b443c6d612b77531de1d?s=96&d=mm&r=g","caption":"Gregory Quintana Montiel"},"description":"Licenciatura en Ciencias de la Comunicaci\u00f3n Social, egresado en la Especializaci\u00f3n Derecho Ambiental Desarrollo Sostenible y Sustentable, Miembro de la Comunidad de profesionales y experto para Latinoam\u00e9rica y el Caribe en Gesti\u00f3n por Resultado en el Desarrollo (COPLAC - GpRD) del Banco Interamericano de Desarrollo, experiencia en medios radiales y escritos.","sameAs":["https:\/\/x.com\/gdgregori1","gquintana"],"url":"https:\/\/noti-america.com\/site\/ecuador\/author\/gquintana\/"}]}},"_links":{"self":[{"href":"https:\/\/noti-america.com\/site\/ecuador\/wp-json\/wp\/v2\/posts\/1716","targetHints":{"allow":["GET"]}}],"collection":[{"href":"https:\/\/noti-america.com\/site\/ecuador\/wp-json\/wp\/v2\/posts"}],"about":[{"href":"https:\/\/noti-america.com\/site\/ecuador\/wp-json\/wp\/v2\/types\/post"}],"author":[{"embeddable":true,"href":"https:\/\/noti-america.com\/site\/ecuador\/wp-json\/wp\/v2\/users\/17"}],"replies":[{"embeddable":true,"href":"https:\/\/noti-america.com\/site\/ecuador\/wp-json\/wp\/v2\/comments?post=1716"}],"version-history":[{"count":1,"href":"https:\/\/noti-america.com\/site\/ecuador\/wp-json\/wp\/v2\/posts\/1716\/revisions"}],"predecessor-version":[{"id":1718,"href":"https:\/\/noti-america.com\/site\/ecuador\/wp-json\/wp\/v2\/posts\/1716\/revisions\/1718"}],"wp:featuredmedia":[{"embeddable":true,"href":"https:\/\/noti-america.com\/site\/ecuador\/wp-json\/wp\/v2\/media\/1717"}],"wp:attachment":[{"href":"https:\/\/noti-america.com\/site\/ecuador\/wp-json\/wp\/v2\/media?parent=1716"}],"wp:term":[{"taxonomy":"category","embeddable":true,"href":"https:\/\/noti-america.com\/site\/ecuador\/wp-json\/wp\/v2\/categories?post=1716"},{"taxonomy":"post_tag","embeddable":true,"href":"https:\/\/noti-america.com\/site\/ecuador\/wp-json\/wp\/v2\/tags?post=1716"}],"curies":[{"name":"wp","href":"https:\/\/api.w.org\/{rel}","templated":true}]}}