{"id":16925,"date":"2021-10-20T02:10:19","date_gmt":"2021-10-20T02:10:19","guid":{"rendered":"https:\/\/noti-america.com\/site\/ecuador\/?p=16925"},"modified":"2021-10-20T02:11:49","modified_gmt":"2021-10-20T02:11:49","slug":"el-gobierno-podria-aplacar-la-tormenta","status":"publish","type":"post","link":"https:\/\/noti-america.com\/site\/ecuador\/2021\/10\/20\/el-gobierno-podria-aplacar-la-tormenta\/","title":{"rendered":"El Gobierno podr\u00eda aplacar la tormenta"},"content":{"rendered":"<p>REDACCI\u00d3N NOTI AM\u00c9RICA (ECUADOR)<\/p>\n<div id=\"attachment_14134\" style=\"width: 310px\" class=\"wp-caption alignleft\"><img loading=\"lazy\" decoding=\"async\" aria-describedby=\"caption-attachment-14134\" class=\"wp-image-14134 size-medium\" src=\"https:\/\/noti-america.com\/site\/ecuador\/wp-content\/uploads\/sites\/18\/2021\/04\/Ing-Gonzalo-Gomez-Landires-300x300.jpg\" alt=\"\" width=\"300\" height=\"300\" \/><p id=\"caption-attachment-14134\" class=\"wp-caption-text\">Ing. agropecuario Gonzalo G\u00f3mez, experto en temas agrarios. Mail: gonzalo_gomez_landires@hotmail.com<\/p><\/div>\n<p style=\"text-align: justify\"><em>No podemos negar que estamos sufriendo un estado de convulsi\u00f3n pol\u00edtica de peligrosos ribetes; las causas y los culpables rebotan de orilla a orilla, de bando a bando, de camarilla a camarilla, pero siempre se\u00f1alando al contrincante como el culpable, y endilg\u00e1ndole el mismo remoquete de antipatriota, opositor, desestabilizador, fan\u00e1tico, agorero y hasta terrorista; sin olvidar ep\u00edtetos arrabaleros como, borregos, ratas, esbirros y otros censurados.\u00a0\u00a0 <\/em><\/p>\n<p style=\"text-align: justify\"><em>\u00a0<\/em><em>A ojo de buen cubero se advierte que ninguno est\u00e1 exento de culpa, pues cada lado exhibe su dosis de raz\u00f3n y de irreflexi\u00f3n, de conciencia y de terquedad; por eso el objetivo de este escrito no es calificar a los unos ni a los otros, sino proponer una alternativa que sirva de catalizador para atenuar las aguas turbulentas y propulsar un entendimiento con caracter\u00edsticas simbi\u00f3ticas para las partes confrontadas. Esta propuesta promueve la reactivaci\u00f3n del sector agropecuario en todas sus manifestaciones, pero haciendo \u00e9nfasis en la rehabilitaci\u00f3n de las actividades de producci\u00f3n para consumo interno.\u00a0 <\/em><\/p>\n<p style=\"text-align: justify\"><em>\u00a0<\/em><em>La poblaci\u00f3n rural que vive y fija sus expectativas laborales en las distintas actividades de producci\u00f3n agropecuaria y otras tareas complementarias, sobrepasa las dos terceras partes de la poblaci\u00f3n econ\u00f3micamente activa, es decir, un conglomerado de aproximadamente cinco millones y medio de personas que se manifestar\u00edan agradecidas e incondicionales con el gobierno que logre su rehabilitaci\u00f3n.\u00a0 Esta poblaci\u00f3n campesina distribuida en costa, sierra y oriente, es uno de los frentes que est\u00e1 presionando al gobierno por soluciones reales, amenazando incluso con tomar medidas dr\u00e1sticas para reclamar sus derechos; pero es tambi\u00e9n un cuerpo de trabajadores agr\u00edcolas que aunque desesperados no han perdido la sensatez, y que sabr\u00e1n reaccionar positivamente ante acciones adecuadas que corrijan los equ\u00edvocos de los gobiernos que nunca asumieron su responsabilidad para con este sector, sumi\u00e9ndolo en el ostracismo, y el olvido. <\/em><\/p>\n<p style=\"text-align: justify\"><em>\u00a0<\/em><em>La rehabilitaci\u00f3n del sector agropecuario permitir\u00eda entonces que la poblaci\u00f3n campesina donde se incluyen el montuvio, el chagra, y el ind\u00edgena, recupere su esperanza, su alegr\u00eda, su disposici\u00f3n al trabajo, su esp\u00edritu de sacrificio y amor a la tierra, al recuperar la rentabilidad justa que le permita resurgir con su familia y so\u00f1ar con tiempos mejores.\u00a0 Como contraparte el gobierno ganar\u00eda el capital pol\u00edtico que significa esa multitud de cinco y medio millones de ecuatorianos que se desenvuelven en este sector; adem\u00e1s de asegurarse la activaci\u00f3n y multiplicaci\u00f3n de millones de puestos de trabajo, directos e indirectos, formales e informales, que le asegurar\u00eda un \u00e9xito rotundo en la lucha contra el desempleo.\u00a0\u00a0 <\/em><\/p>\n<p style=\"text-align: justify\"><em>\u00a0<\/em><em>Pero lo m\u00e1s importante por la coyuntura actual, es que la sola presentaci\u00f3n de un plan razonable, pr\u00e1ctico y viable, podr\u00eda desbaratar la tormenta que amenaza con convertirse en\u00a0 la mayor derrota pol\u00edtica para el gobierno, y en un peligro real para la democracia.<\/em><\/p>\n<p style=\"text-align: justify\"><em>\u00a0<\/em><em>Se\u00f1or presidente, es una gran oportunidad para sacar provecho sirviendo, ser\u00eda como ayudar para ayudarse.\u00a0 La vacunaci\u00f3n tuvo su espacio pero \u201cya fue\u201d, ahora es tiempo de la rehabilitaci\u00f3n del sector agropecuario y el resarcimiento de la poblaci\u00f3n campesina\u2026\u2026 se los debe.<\/em><\/p>\n","protected":false},"excerpt":{"rendered":"<p>REDACCI\u00d3N NOTI AM\u00c9RICA (ECUADOR) No podemos negar que estamos sufriendo un estado de convulsi\u00f3n pol\u00edtica de peligrosos ribetes; las causas y los culpables rebotan de orilla a orilla, de bando a bando, de camarilla&#46;&#46;&#46;<\/p>\n","protected":false},"author":83,"featured_media":0,"comment_status":"open","ping_status":"open","sticky":false,"template":"","format":"standard","meta":{"_acf_changed":false,"om_disable_all_campaigns":false,"rop_custom_images_group":[],"rop_custom_messages_group":[],"rop_publish_now":"initial","rop_publish_now_accounts":{"twitter_242054905_242054905":""},"rop_publish_now_history":[],"rop_publish_now_status":"pending","_uf_show_specific_survey":0,"_uf_disable_surveys":false,"footnotes":""},"categories":[107],"tags":[],"class_list":["post-16925","post","type-post","status-publish","format-standard","hentry","category-articulo"],"acf":[],"aioseo_notices":[],"yoast_head":"<!-- This site is optimized with the Yoast SEO Premium plugin v24.9 (Yoast SEO v27.2) - https:\/\/yoast.com\/product\/yoast-seo-premium-wordpress\/ -->\n<title>El Gobierno podr\u00eda aplacar la tormenta - Ecuador | Noti-America.com<\/title>\n<meta name=\"robots\" content=\"index, follow, max-snippet:-1, max-image-preview:large, max-video-preview:-1\" \/>\n<link rel=\"canonical\" href=\"https:\/\/noti-america.com\/site\/ecuador\/2021\/10\/20\/el-gobierno-podria-aplacar-la-tormenta\/\" \/>\n<meta property=\"og:locale\" content=\"es_ES\" \/>\n<meta property=\"og:type\" content=\"article\" \/>\n<meta property=\"og:title\" content=\"El Gobierno podr\u00eda aplacar la tormenta\" \/>\n<meta property=\"og:description\" content=\"REDACCI\u00d3N NOTI AM\u00c9RICA (ECUADOR) No podemos negar que estamos sufriendo un estado de convulsi\u00f3n pol\u00edtica de peligrosos ribetes; las causas y los culpables rebotan de orilla a orilla, de bando a bando, de camarilla&#046;&#046;&#046;\" \/>\n<meta property=\"og:url\" content=\"https:\/\/noti-america.com\/site\/ecuador\/2021\/10\/20\/el-gobierno-podria-aplacar-la-tormenta\/\" \/>\n<meta property=\"og:site_name\" content=\"Ecuador | Noti-America.com\" \/>\n<meta property=\"article:published_time\" content=\"2021-10-20T02:10:19+00:00\" \/>\n<meta property=\"article:modified_time\" content=\"2021-10-20T02:11:49+00:00\" \/>\n<meta property=\"og:image\" content=\"https:\/\/noti-america.com\/site\/ecuador\/wp-content\/uploads\/sites\/18\/2021\/04\/Ing-Gonzalo-Gomez-Landires-300x300.jpg\" \/>\n<meta name=\"author\" content=\"Gonzalo G\u00f3mez\" \/>\n<meta name=\"twitter:card\" content=\"summary_large_image\" \/>\n<meta name=\"twitter:creator\" content=\"@notiamerica\" \/>\n<meta name=\"twitter:site\" content=\"@notiamerica\" \/>\n<meta name=\"twitter:label1\" content=\"Escrito por\" \/>\n\t<meta name=\"twitter:data1\" content=\"Gonzalo G\u00f3mez\" \/>\n\t<meta name=\"twitter:label2\" content=\"Tiempo estimado de lectura\" \/>\n\t<meta name=\"twitter:data2\" content=\"3 minutos\" \/>\n<script type=\"application\/ld+json\" class=\"yoast-schema-graph\">{\"@context\":\"https:\/\/schema.org\",\"@graph\":[{\"@type\":\"Article\",\"@id\":\"https:\/\/noti-america.com\/site\/ecuador\/2021\/10\/20\/el-gobierno-podria-aplacar-la-tormenta\/#article\",\"isPartOf\":{\"@id\":\"https:\/\/noti-america.com\/site\/ecuador\/2021\/10\/20\/el-gobierno-podria-aplacar-la-tormenta\/\"},\"author\":{\"name\":\"Gonzalo G\u00f3mez\",\"@id\":\"https:\/\/noti-america.com\/site\/ecuador\/#\/schema\/person\/abd0f6166c000d1188a1c05fb087e8cc\"},\"headline\":\"El Gobierno podr\u00eda aplacar la tormenta\",\"datePublished\":\"2021-10-20T02:10:19+00:00\",\"dateModified\":\"2021-10-20T02:11:49+00:00\",\"mainEntityOfPage\":{\"@id\":\"https:\/\/noti-america.com\/site\/ecuador\/2021\/10\/20\/el-gobierno-podria-aplacar-la-tormenta\/\"},\"wordCount\":579,\"commentCount\":0,\"publisher\":{\"@id\":\"https:\/\/noti-america.com\/site\/ecuador\/#organization\"},\"image\":{\"@id\":\"https:\/\/noti-america.com\/site\/ecuador\/2021\/10\/20\/el-gobierno-podria-aplacar-la-tormenta\/#primaryimage\"},\"thumbnailUrl\":\"https:\/\/noti-america.com\/site\/ecuador\/wp-content\/uploads\/sites\/18\/2021\/04\/Ing-Gonzalo-Gomez-Landires-300x300.jpg\",\"articleSection\":[\"Articulo\"],\"inLanguage\":\"es\",\"potentialAction\":[{\"@type\":\"CommentAction\",\"name\":\"Comment\",\"target\":[\"https:\/\/noti-america.com\/site\/ecuador\/2021\/10\/20\/el-gobierno-podria-aplacar-la-tormenta\/#respond\"]}]},{\"@type\":\"WebPage\",\"@id\":\"https:\/\/noti-america.com\/site\/ecuador\/2021\/10\/20\/el-gobierno-podria-aplacar-la-tormenta\/\",\"url\":\"https:\/\/noti-america.com\/site\/ecuador\/2021\/10\/20\/el-gobierno-podria-aplacar-la-tormenta\/\",\"name\":\"El Gobierno podr\u00eda aplacar la tormenta - Ecuador | Noti-America.com\",\"isPartOf\":{\"@id\":\"https:\/\/noti-america.com\/site\/ecuador\/#website\"},\"primaryImageOfPage\":{\"@id\":\"https:\/\/noti-america.com\/site\/ecuador\/2021\/10\/20\/el-gobierno-podria-aplacar-la-tormenta\/#primaryimage\"},\"image\":{\"@id\":\"https:\/\/noti-america.com\/site\/ecuador\/2021\/10\/20\/el-gobierno-podria-aplacar-la-tormenta\/#primaryimage\"},\"thumbnailUrl\":\"https:\/\/noti-america.com\/site\/ecuador\/wp-content\/uploads\/sites\/18\/2021\/04\/Ing-Gonzalo-Gomez-Landires-300x300.jpg\",\"datePublished\":\"2021-10-20T02:10:19+00:00\",\"dateModified\":\"2021-10-20T02:11:49+00:00\",\"breadcrumb\":{\"@id\":\"https:\/\/noti-america.com\/site\/ecuador\/2021\/10\/20\/el-gobierno-podria-aplacar-la-tormenta\/#breadcrumb\"},\"inLanguage\":\"es\",\"potentialAction\":[{\"@type\":\"ReadAction\",\"target\":[\"https:\/\/noti-america.com\/site\/ecuador\/2021\/10\/20\/el-gobierno-podria-aplacar-la-tormenta\/\"]}]},{\"@type\":\"ImageObject\",\"inLanguage\":\"es\",\"@id\":\"https:\/\/noti-america.com\/site\/ecuador\/2021\/10\/20\/el-gobierno-podria-aplacar-la-tormenta\/#primaryimage\",\"url\":\"https:\/\/noti-america.com\/site\/ecuador\/wp-content\/uploads\/sites\/18\/2021\/04\/Ing-Gonzalo-Gomez-Landires-300x300.jpg\",\"contentUrl\":\"https:\/\/noti-america.com\/site\/ecuador\/wp-content\/uploads\/sites\/18\/2021\/04\/Ing-Gonzalo-Gomez-Landires-300x300.jpg\"},{\"@type\":\"BreadcrumbList\",\"@id\":\"https:\/\/noti-america.com\/site\/ecuador\/2021\/10\/20\/el-gobierno-podria-aplacar-la-tormenta\/#breadcrumb\",\"itemListElement\":[{\"@type\":\"ListItem\",\"position\":1,\"name\":\"Portada\",\"item\":\"https:\/\/noti-america.com\/site\/ecuador\/\"},{\"@type\":\"ListItem\",\"position\":2,\"name\":\"El Gobierno podr\u00eda aplacar la tormenta\"}]},{\"@type\":\"WebSite\",\"@id\":\"https:\/\/noti-america.com\/site\/ecuador\/#website\",\"url\":\"https:\/\/noti-america.com\/site\/ecuador\/\",\"name\":\"Ecuador | Noti-America.com\",\"description\":\"\",\"publisher\":{\"@id\":\"https:\/\/noti-america.com\/site\/ecuador\/#organization\"},\"potentialAction\":[{\"@type\":\"SearchAction\",\"target\":{\"@type\":\"EntryPoint\",\"urlTemplate\":\"https:\/\/noti-america.com\/site\/ecuador\/?s={search_term_string}\"},\"query-input\":{\"@type\":\"PropertyValueSpecification\",\"valueRequired\":true,\"valueName\":\"search_term_string\"}}],\"inLanguage\":\"es\"},{\"@type\":\"Organization\",\"@id\":\"https:\/\/noti-america.com\/site\/ecuador\/#organization\",\"name\":\"Noti-America LLC | Ecuador\",\"url\":\"https:\/\/noti-america.com\/site\/ecuador\/\",\"logo\":{\"@type\":\"ImageObject\",\"inLanguage\":\"es\",\"@id\":\"https:\/\/noti-america.com\/site\/ecuador\/#\/schema\/logo\/image\/\",\"url\":\"https:\/\/noti-america.com\/site\/ecuador\/wp-content\/uploads\/sites\/18\/2020\/07\/LogoNA-4x3-1.jpg\",\"contentUrl\":\"https:\/\/noti-america.com\/site\/ecuador\/wp-content\/uploads\/sites\/18\/2020\/07\/LogoNA-4x3-1.jpg\",\"width\":1236,\"height\":1080,\"caption\":\"Noti-America LLC | Ecuador\"},\"image\":{\"@id\":\"https:\/\/noti-america.com\/site\/ecuador\/#\/schema\/logo\/image\/\"},\"sameAs\":[\"https:\/\/x.com\/notiamerica\"]},{\"@type\":\"Person\",\"@id\":\"https:\/\/noti-america.com\/site\/ecuador\/#\/schema\/person\/abd0f6166c000d1188a1c05fb087e8cc\",\"name\":\"Gonzalo G\u00f3mez\",\"image\":{\"@type\":\"ImageObject\",\"inLanguage\":\"es\",\"@id\":\"https:\/\/secure.gravatar.com\/avatar\/56c94a19ba74729471e932f7cd7ad762af0a1ab4d40c6a98887b9d16db11804a?s=96&d=mm&r=g\",\"url\":\"https:\/\/secure.gravatar.com\/avatar\/56c94a19ba74729471e932f7cd7ad762af0a1ab4d40c6a98887b9d16db11804a?s=96&d=mm&r=g\",\"contentUrl\":\"https:\/\/secure.gravatar.com\/avatar\/56c94a19ba74729471e932f7cd7ad762af0a1ab4d40c6a98887b9d16db11804a?s=96&d=mm&r=g\",\"caption\":\"Gonzalo G\u00f3mez\"},\"url\":\"https:\/\/noti-america.com\/site\/ecuador\/author\/ggomez\/\"}]}<\/script>\n<!-- \/ Yoast SEO Premium plugin. -->","yoast_head_json":{"title":"El Gobierno podr\u00eda aplacar la tormenta - Ecuador | Noti-America.com","robots":{"index":"index","follow":"follow","max-snippet":"max-snippet:-1","max-image-preview":"max-image-preview:large","max-video-preview":"max-video-preview:-1"},"canonical":"https:\/\/noti-america.com\/site\/ecuador\/2021\/10\/20\/el-gobierno-podria-aplacar-la-tormenta\/","og_locale":"es_ES","og_type":"article","og_title":"El Gobierno podr\u00eda aplacar la tormenta","og_description":"REDACCI\u00d3N NOTI AM\u00c9RICA (ECUADOR) No podemos negar que estamos sufriendo un estado de convulsi\u00f3n pol\u00edtica de peligrosos ribetes; las causas y los culpables rebotan de orilla a orilla, de bando a bando, de camarilla&#46;&#46;&#46;","og_url":"https:\/\/noti-america.com\/site\/ecuador\/2021\/10\/20\/el-gobierno-podria-aplacar-la-tormenta\/","og_site_name":"Ecuador | Noti-America.com","article_published_time":"2021-10-20T02:10:19+00:00","article_modified_time":"2021-10-20T02:11:49+00:00","og_image":[{"url":"https:\/\/noti-america.com\/site\/ecuador\/wp-content\/uploads\/sites\/18\/2021\/04\/Ing-Gonzalo-Gomez-Landires-300x300.jpg","type":"","width":"","height":""}],"author":"Gonzalo G\u00f3mez","twitter_card":"summary_large_image","twitter_creator":"@notiamerica","twitter_site":"@notiamerica","twitter_misc":{"Escrito por":"Gonzalo G\u00f3mez","Tiempo estimado de lectura":"3 minutos"},"schema":{"@context":"https:\/\/schema.org","@graph":[{"@type":"Article","@id":"https:\/\/noti-america.com\/site\/ecuador\/2021\/10\/20\/el-gobierno-podria-aplacar-la-tormenta\/#article","isPartOf":{"@id":"https:\/\/noti-america.com\/site\/ecuador\/2021\/10\/20\/el-gobierno-podria-aplacar-la-tormenta\/"},"author":{"name":"Gonzalo G\u00f3mez","@id":"https:\/\/noti-america.com\/site\/ecuador\/#\/schema\/person\/abd0f6166c000d1188a1c05fb087e8cc"},"headline":"El Gobierno podr\u00eda aplacar la tormenta","datePublished":"2021-10-20T02:10:19+00:00","dateModified":"2021-10-20T02:11:49+00:00","mainEntityOfPage":{"@id":"https:\/\/noti-america.com\/site\/ecuador\/2021\/10\/20\/el-gobierno-podria-aplacar-la-tormenta\/"},"wordCount":579,"commentCount":0,"publisher":{"@id":"https:\/\/noti-america.com\/site\/ecuador\/#organization"},"image":{"@id":"https:\/\/noti-america.com\/site\/ecuador\/2021\/10\/20\/el-gobierno-podria-aplacar-la-tormenta\/#primaryimage"},"thumbnailUrl":"https:\/\/noti-america.com\/site\/ecuador\/wp-content\/uploads\/sites\/18\/2021\/04\/Ing-Gonzalo-Gomez-Landires-300x300.jpg","articleSection":["Articulo"],"inLanguage":"es","potentialAction":[{"@type":"CommentAction","name":"Comment","target":["https:\/\/noti-america.com\/site\/ecuador\/2021\/10\/20\/el-gobierno-podria-aplacar-la-tormenta\/#respond"]}]},{"@type":"WebPage","@id":"https:\/\/noti-america.com\/site\/ecuador\/2021\/10\/20\/el-gobierno-podria-aplacar-la-tormenta\/","url":"https:\/\/noti-america.com\/site\/ecuador\/2021\/10\/20\/el-gobierno-podria-aplacar-la-tormenta\/","name":"El Gobierno podr\u00eda aplacar la tormenta - Ecuador | Noti-America.com","isPartOf":{"@id":"https:\/\/noti-america.com\/site\/ecuador\/#website"},"primaryImageOfPage":{"@id":"https:\/\/noti-america.com\/site\/ecuador\/2021\/10\/20\/el-gobierno-podria-aplacar-la-tormenta\/#primaryimage"},"image":{"@id":"https:\/\/noti-america.com\/site\/ecuador\/2021\/10\/20\/el-gobierno-podria-aplacar-la-tormenta\/#primaryimage"},"thumbnailUrl":"https:\/\/noti-america.com\/site\/ecuador\/wp-content\/uploads\/sites\/18\/2021\/04\/Ing-Gonzalo-Gomez-Landires-300x300.jpg","datePublished":"2021-10-20T02:10:19+00:00","dateModified":"2021-10-20T02:11:49+00:00","breadcrumb":{"@id":"https:\/\/noti-america.com\/site\/ecuador\/2021\/10\/20\/el-gobierno-podria-aplacar-la-tormenta\/#breadcrumb"},"inLanguage":"es","potentialAction":[{"@type":"ReadAction","target":["https:\/\/noti-america.com\/site\/ecuador\/2021\/10\/20\/el-gobierno-podria-aplacar-la-tormenta\/"]}]},{"@type":"ImageObject","inLanguage":"es","@id":"https:\/\/noti-america.com\/site\/ecuador\/2021\/10\/20\/el-gobierno-podria-aplacar-la-tormenta\/#primaryimage","url":"https:\/\/noti-america.com\/site\/ecuador\/wp-content\/uploads\/sites\/18\/2021\/04\/Ing-Gonzalo-Gomez-Landires-300x300.jpg","contentUrl":"https:\/\/noti-america.com\/site\/ecuador\/wp-content\/uploads\/sites\/18\/2021\/04\/Ing-Gonzalo-Gomez-Landires-300x300.jpg"},{"@type":"BreadcrumbList","@id":"https:\/\/noti-america.com\/site\/ecuador\/2021\/10\/20\/el-gobierno-podria-aplacar-la-tormenta\/#breadcrumb","itemListElement":[{"@type":"ListItem","position":1,"name":"Portada","item":"https:\/\/noti-america.com\/site\/ecuador\/"},{"@type":"ListItem","position":2,"name":"El Gobierno podr\u00eda aplacar la tormenta"}]},{"@type":"WebSite","@id":"https:\/\/noti-america.com\/site\/ecuador\/#website","url":"https:\/\/noti-america.com\/site\/ecuador\/","name":"Ecuador | Noti-America.com","description":"","publisher":{"@id":"https:\/\/noti-america.com\/site\/ecuador\/#organization"},"potentialAction":[{"@type":"SearchAction","target":{"@type":"EntryPoint","urlTemplate":"https:\/\/noti-america.com\/site\/ecuador\/?s={search_term_string}"},"query-input":{"@type":"PropertyValueSpecification","valueRequired":true,"valueName":"search_term_string"}}],"inLanguage":"es"},{"@type":"Organization","@id":"https:\/\/noti-america.com\/site\/ecuador\/#organization","name":"Noti-America LLC | Ecuador","url":"https:\/\/noti-america.com\/site\/ecuador\/","logo":{"@type":"ImageObject","inLanguage":"es","@id":"https:\/\/noti-america.com\/site\/ecuador\/#\/schema\/logo\/image\/","url":"https:\/\/noti-america.com\/site\/ecuador\/wp-content\/uploads\/sites\/18\/2020\/07\/LogoNA-4x3-1.jpg","contentUrl":"https:\/\/noti-america.com\/site\/ecuador\/wp-content\/uploads\/sites\/18\/2020\/07\/LogoNA-4x3-1.jpg","width":1236,"height":1080,"caption":"Noti-America LLC | Ecuador"},"image":{"@id":"https:\/\/noti-america.com\/site\/ecuador\/#\/schema\/logo\/image\/"},"sameAs":["https:\/\/x.com\/notiamerica"]},{"@type":"Person","@id":"https:\/\/noti-america.com\/site\/ecuador\/#\/schema\/person\/abd0f6166c000d1188a1c05fb087e8cc","name":"Gonzalo G\u00f3mez","image":{"@type":"ImageObject","inLanguage":"es","@id":"https:\/\/secure.gravatar.com\/avatar\/56c94a19ba74729471e932f7cd7ad762af0a1ab4d40c6a98887b9d16db11804a?s=96&d=mm&r=g","url":"https:\/\/secure.gravatar.com\/avatar\/56c94a19ba74729471e932f7cd7ad762af0a1ab4d40c6a98887b9d16db11804a?s=96&d=mm&r=g","contentUrl":"https:\/\/secure.gravatar.com\/avatar\/56c94a19ba74729471e932f7cd7ad762af0a1ab4d40c6a98887b9d16db11804a?s=96&d=mm&r=g","caption":"Gonzalo G\u00f3mez"},"url":"https:\/\/noti-america.com\/site\/ecuador\/author\/ggomez\/"}]}},"_links":{"self":[{"href":"https:\/\/noti-america.com\/site\/ecuador\/wp-json\/wp\/v2\/posts\/16925","targetHints":{"allow":["GET"]}}],"collection":[{"href":"https:\/\/noti-america.com\/site\/ecuador\/wp-json\/wp\/v2\/posts"}],"about":[{"href":"https:\/\/noti-america.com\/site\/ecuador\/wp-json\/wp\/v2\/types\/post"}],"author":[{"embeddable":true,"href":"https:\/\/noti-america.com\/site\/ecuador\/wp-json\/wp\/v2\/users\/83"}],"replies":[{"embeddable":true,"href":"https:\/\/noti-america.com\/site\/ecuador\/wp-json\/wp\/v2\/comments?post=16925"}],"version-history":[{"count":1,"href":"https:\/\/noti-america.com\/site\/ecuador\/wp-json\/wp\/v2\/posts\/16925\/revisions"}],"predecessor-version":[{"id":16926,"href":"https:\/\/noti-america.com\/site\/ecuador\/wp-json\/wp\/v2\/posts\/16925\/revisions\/16926"}],"wp:attachment":[{"href":"https:\/\/noti-america.com\/site\/ecuador\/wp-json\/wp\/v2\/media?parent=16925"}],"wp:term":[{"taxonomy":"category","embeddable":true,"href":"https:\/\/noti-america.com\/site\/ecuador\/wp-json\/wp\/v2\/categories?post=16925"},{"taxonomy":"post_tag","embeddable":true,"href":"https:\/\/noti-america.com\/site\/ecuador\/wp-json\/wp\/v2\/tags?post=16925"}],"curies":[{"name":"wp","href":"https:\/\/api.w.org\/{rel}","templated":true}]}}