{"id":16917,"date":"2021-10-16T18:12:08","date_gmt":"2021-10-16T18:12:08","guid":{"rendered":"https:\/\/noti-america.com\/site\/ecuador\/?p=16917"},"modified":"2021-10-16T18:12:08","modified_gmt":"2021-10-16T18:12:08","slug":"el-feriado-del-09-de-octubre-incremento-las-cifras-del-sector-turistico","status":"publish","type":"post","link":"https:\/\/noti-america.com\/site\/ecuador\/2021\/10\/16\/el-feriado-del-09-de-octubre-incremento-las-cifras-del-sector-turistico\/","title":{"rendered":"El feriado del 09 de octubre incremento las cifras del sector tur\u00edstico"},"content":{"rendered":"<p>REDACCI\u00d3N NOTI AM\u00c9RICA (ECUADOR)<\/p>\n<div style=\"width: 1290px\" class=\"wp-caption alignnone\"><img loading=\"lazy\" decoding=\"async\" src=\"https:\/\/www.turismo.gob.ec\/wp-content\/uploads\/2021\/10\/gye.jpeg\" alt=\"\" width=\"1280\" height=\"959\" \/><p class=\"wp-caption-text\">Turismo<\/p><\/div>\n<p style=\"text-align: justify\">Los resultados del feriado del 09 de octubre demuestran un incremento en las cifras relacionadas con el sector tur\u00edstico. La ocupaci\u00f3n hotelera, el gasto tur\u00edstico y el n\u00famero de viajes tienen un saldo positivo\u00a0 a comparaci\u00f3n del mismo feriado del a\u00f1o pasado.<\/p>\n<p style=\"text-align: justify\">A trav\u00e9s del Ministerio de Turismo, el Gobierno trabaja por acelerar la reactivaci\u00f3n de la industria tur\u00edstica. Este trabajo sostenible y responsable ha logrado que hoy se puedan presentar cifras positivas del feriado del 09 de octubre.<\/p>\n<p style=\"text-align: justify\">En estos d\u00edas de asueto la ocupaci\u00f3n tur\u00edstica se situ\u00f3 en el 33%. Es decir, hubo un incremento de 6 puntos porcentuales a comparaci\u00f3n de la ocupaci\u00f3n registrada en 2020 (27%). Las provincias con mayor ocupaci\u00f3n tur\u00edstica fueron Azuay, Napo y Pastaza, cada una con un 54%.<\/p>\n<p style=\"text-align: justify\">Otra cifra que presenta incremento durante el \u00faltimo feriado es el gasto tur\u00edstico. Este a\u00f1o los turistas gastaron USD 33,7 millones a diferencia del a\u00f1o 2020 en el que el gasto fue de USD 23,1 millones. Adem\u00e1s, se registraron 635.000 viajes, es decir, 156.000 viajes m\u00e1s que en 2020.<\/p>\n<p style=\"text-align: justify\">El sector tur\u00edstico fue uno de los m\u00e1s golpeados durante la pandemia. Sin embargo, la vacunaci\u00f3n de todo el sector tur\u00edstico, la implementaci\u00f3n de la polic\u00eda tur\u00edstica en las principales ciudades del pa\u00eds y la eliminaci\u00f3n del ISD, son algunas de las acciones que aportan positivamente a la recuperaci\u00f3n del sector.<\/p>\n","protected":false},"excerpt":{"rendered":"<p>REDACCI\u00d3N NOTI AM\u00c9RICA (ECUADOR) Los resultados del feriado del 09 de octubre demuestran un incremento en las cifras relacionadas con el sector tur\u00edstico. La ocupaci\u00f3n hotelera, el gasto tur\u00edstico y el n\u00famero de viajes&#46;&#46;&#46;<\/p>\n","protected":false},"author":17,"featured_media":16918,"comment_status":"open","ping_status":"open","sticky":false,"template":"","format":"standard","meta":{"_acf_changed":false,"om_disable_all_campaigns":false,"rop_custom_images_group":[],"rop_custom_messages_group":[],"rop_publish_now":"initial","rop_publish_now_accounts":{"twitter_242054905_242054905":""},"rop_publish_now_history":[],"rop_publish_now_status":"pending","_uf_show_specific_survey":0,"_uf_disable_surveys":false,"footnotes":""},"categories":[1],"tags":[],"class_list":["post-16917","post","type-post","status-publish","format-standard","has-post-thumbnail","hentry","category-uncategorized"],"acf":[],"aioseo_notices":[],"yoast_head":"<!-- This site is optimized with the Yoast SEO Premium plugin v24.9 (Yoast SEO v27.2) - https:\/\/yoast.com\/product\/yoast-seo-premium-wordpress\/ -->\n<title>El feriado del 09 de octubre incremento las cifras del sector tur\u00edstico - Ecuador | Noti-America.com<\/title>\n<meta name=\"robots\" content=\"index, follow, max-snippet:-1, max-image-preview:large, max-video-preview:-1\" \/>\n<link rel=\"canonical\" href=\"https:\/\/noti-america.com\/site\/ecuador\/2021\/10\/16\/el-feriado-del-09-de-octubre-incremento-las-cifras-del-sector-turistico\/\" \/>\n<meta property=\"og:locale\" content=\"es_ES\" \/>\n<meta property=\"og:type\" content=\"article\" \/>\n<meta property=\"og:title\" content=\"El feriado del 09 de octubre incremento las cifras del sector tur\u00edstico\" \/>\n<meta property=\"og:description\" content=\"REDACCI\u00d3N NOTI AM\u00c9RICA (ECUADOR) Los resultados del feriado del 09 de octubre demuestran un incremento en las cifras relacionadas con el sector tur\u00edstico. La ocupaci\u00f3n hotelera, el gasto tur\u00edstico y el n\u00famero de viajes&#046;&#046;&#046;\" \/>\n<meta property=\"og:url\" content=\"https:\/\/noti-america.com\/site\/ecuador\/2021\/10\/16\/el-feriado-del-09-de-octubre-incremento-las-cifras-del-sector-turistico\/\" \/>\n<meta property=\"og:site_name\" content=\"Ecuador | Noti-America.com\" \/>\n<meta property=\"article:published_time\" content=\"2021-10-16T18:12:08+00:00\" \/>\n<meta property=\"og:image\" content=\"https:\/\/noti-america.com\/site\/ecuador\/wp-content\/uploads\/sites\/18\/2021\/10\/recuperacion-del-sector-turistico.jpeg\" \/>\n\t<meta property=\"og:image:width\" content=\"1280\" \/>\n\t<meta property=\"og:image:height\" content=\"959\" \/>\n\t<meta property=\"og:image:type\" content=\"image\/jpeg\" \/>\n<meta name=\"author\" content=\"Gregory Quintana Montiel\" \/>\n<meta name=\"twitter:card\" content=\"summary_large_image\" \/>\n<meta name=\"twitter:creator\" content=\"@gdgregori1\" \/>\n<meta name=\"twitter:site\" content=\"@notiamerica\" \/>\n<meta name=\"twitter:label1\" content=\"Escrito por\" \/>\n\t<meta name=\"twitter:data1\" content=\"Gregory Quintana Montiel\" \/>\n\t<meta name=\"twitter:label2\" content=\"Tiempo estimado de lectura\" \/>\n\t<meta name=\"twitter:data2\" content=\"2 minutos\" \/>\n<script type=\"application\/ld+json\" class=\"yoast-schema-graph\">{\"@context\":\"https:\/\/schema.org\",\"@graph\":[{\"@type\":\"Article\",\"@id\":\"https:\/\/noti-america.com\/site\/ecuador\/2021\/10\/16\/el-feriado-del-09-de-octubre-incremento-las-cifras-del-sector-turistico\/#article\",\"isPartOf\":{\"@id\":\"https:\/\/noti-america.com\/site\/ecuador\/2021\/10\/16\/el-feriado-del-09-de-octubre-incremento-las-cifras-del-sector-turistico\/\"},\"author\":{\"name\":\"Gregory Quintana Montiel\",\"@id\":\"https:\/\/noti-america.com\/site\/ecuador\/#\/schema\/person\/3b975e42f15abfe64bfe3abdd916efda\"},\"headline\":\"El feriado del 09 de octubre incremento las cifras del sector tur\u00edstico\",\"datePublished\":\"2021-10-16T18:12:08+00:00\",\"mainEntityOfPage\":{\"@id\":\"https:\/\/noti-america.com\/site\/ecuador\/2021\/10\/16\/el-feriado-del-09-de-octubre-incremento-las-cifras-del-sector-turistico\/\"},\"wordCount\":269,\"commentCount\":0,\"publisher\":{\"@id\":\"https:\/\/noti-america.com\/site\/ecuador\/#organization\"},\"image\":{\"@id\":\"https:\/\/noti-america.com\/site\/ecuador\/2021\/10\/16\/el-feriado-del-09-de-octubre-incremento-las-cifras-del-sector-turistico\/#primaryimage\"},\"thumbnailUrl\":\"https:\/\/noti-america.com\/site\/ecuador\/wp-content\/uploads\/sites\/18\/2021\/10\/recuperacion-del-sector-turistico.jpeg\",\"articleSection\":[\"Uncategorized\"],\"inLanguage\":\"es\",\"potentialAction\":[{\"@type\":\"CommentAction\",\"name\":\"Comment\",\"target\":[\"https:\/\/noti-america.com\/site\/ecuador\/2021\/10\/16\/el-feriado-del-09-de-octubre-incremento-las-cifras-del-sector-turistico\/#respond\"]}]},{\"@type\":\"WebPage\",\"@id\":\"https:\/\/noti-america.com\/site\/ecuador\/2021\/10\/16\/el-feriado-del-09-de-octubre-incremento-las-cifras-del-sector-turistico\/\",\"url\":\"https:\/\/noti-america.com\/site\/ecuador\/2021\/10\/16\/el-feriado-del-09-de-octubre-incremento-las-cifras-del-sector-turistico\/\",\"name\":\"El feriado del 09 de octubre incremento las cifras del sector tur\u00edstico - Ecuador | Noti-America.com\",\"isPartOf\":{\"@id\":\"https:\/\/noti-america.com\/site\/ecuador\/#website\"},\"primaryImageOfPage\":{\"@id\":\"https:\/\/noti-america.com\/site\/ecuador\/2021\/10\/16\/el-feriado-del-09-de-octubre-incremento-las-cifras-del-sector-turistico\/#primaryimage\"},\"image\":{\"@id\":\"https:\/\/noti-america.com\/site\/ecuador\/2021\/10\/16\/el-feriado-del-09-de-octubre-incremento-las-cifras-del-sector-turistico\/#primaryimage\"},\"thumbnailUrl\":\"https:\/\/noti-america.com\/site\/ecuador\/wp-content\/uploads\/sites\/18\/2021\/10\/recuperacion-del-sector-turistico.jpeg\",\"datePublished\":\"2021-10-16T18:12:08+00:00\",\"breadcrumb\":{\"@id\":\"https:\/\/noti-america.com\/site\/ecuador\/2021\/10\/16\/el-feriado-del-09-de-octubre-incremento-las-cifras-del-sector-turistico\/#breadcrumb\"},\"inLanguage\":\"es\",\"potentialAction\":[{\"@type\":\"ReadAction\",\"target\":[\"https:\/\/noti-america.com\/site\/ecuador\/2021\/10\/16\/el-feriado-del-09-de-octubre-incremento-las-cifras-del-sector-turistico\/\"]}]},{\"@type\":\"ImageObject\",\"inLanguage\":\"es\",\"@id\":\"https:\/\/noti-america.com\/site\/ecuador\/2021\/10\/16\/el-feriado-del-09-de-octubre-incremento-las-cifras-del-sector-turistico\/#primaryimage\",\"url\":\"https:\/\/noti-america.com\/site\/ecuador\/wp-content\/uploads\/sites\/18\/2021\/10\/recuperacion-del-sector-turistico.jpeg\",\"contentUrl\":\"https:\/\/noti-america.com\/site\/ecuador\/wp-content\/uploads\/sites\/18\/2021\/10\/recuperacion-del-sector-turistico.jpeg\",\"width\":1280,\"height\":959},{\"@type\":\"BreadcrumbList\",\"@id\":\"https:\/\/noti-america.com\/site\/ecuador\/2021\/10\/16\/el-feriado-del-09-de-octubre-incremento-las-cifras-del-sector-turistico\/#breadcrumb\",\"itemListElement\":[{\"@type\":\"ListItem\",\"position\":1,\"name\":\"Portada\",\"item\":\"https:\/\/noti-america.com\/site\/ecuador\/\"},{\"@type\":\"ListItem\",\"position\":2,\"name\":\"El feriado del 09 de octubre incremento las cifras del sector tur\u00edstico\"}]},{\"@type\":\"WebSite\",\"@id\":\"https:\/\/noti-america.com\/site\/ecuador\/#website\",\"url\":\"https:\/\/noti-america.com\/site\/ecuador\/\",\"name\":\"Ecuador | Noti-America.com\",\"description\":\"\",\"publisher\":{\"@id\":\"https:\/\/noti-america.com\/site\/ecuador\/#organization\"},\"potentialAction\":[{\"@type\":\"SearchAction\",\"target\":{\"@type\":\"EntryPoint\",\"urlTemplate\":\"https:\/\/noti-america.com\/site\/ecuador\/?s={search_term_string}\"},\"query-input\":{\"@type\":\"PropertyValueSpecification\",\"valueRequired\":true,\"valueName\":\"search_term_string\"}}],\"inLanguage\":\"es\"},{\"@type\":\"Organization\",\"@id\":\"https:\/\/noti-america.com\/site\/ecuador\/#organization\",\"name\":\"Noti-America LLC | Ecuador\",\"url\":\"https:\/\/noti-america.com\/site\/ecuador\/\",\"logo\":{\"@type\":\"ImageObject\",\"inLanguage\":\"es\",\"@id\":\"https:\/\/noti-america.com\/site\/ecuador\/#\/schema\/logo\/image\/\",\"url\":\"https:\/\/noti-america.com\/site\/ecuador\/wp-content\/uploads\/sites\/18\/2020\/07\/LogoNA-4x3-1.jpg\",\"contentUrl\":\"https:\/\/noti-america.com\/site\/ecuador\/wp-content\/uploads\/sites\/18\/2020\/07\/LogoNA-4x3-1.jpg\",\"width\":1236,\"height\":1080,\"caption\":\"Noti-America LLC | Ecuador\"},\"image\":{\"@id\":\"https:\/\/noti-america.com\/site\/ecuador\/#\/schema\/logo\/image\/\"},\"sameAs\":[\"https:\/\/x.com\/notiamerica\"]},{\"@type\":\"Person\",\"@id\":\"https:\/\/noti-america.com\/site\/ecuador\/#\/schema\/person\/3b975e42f15abfe64bfe3abdd916efda\",\"name\":\"Gregory Quintana Montiel\",\"image\":{\"@type\":\"ImageObject\",\"inLanguage\":\"es\",\"@id\":\"https:\/\/secure.gravatar.com\/avatar\/2d6b802f7720c2ec7744dcbe608cc2f3417aeb964d58b443c6d612b77531de1d?s=96&d=mm&r=g\",\"url\":\"https:\/\/secure.gravatar.com\/avatar\/2d6b802f7720c2ec7744dcbe608cc2f3417aeb964d58b443c6d612b77531de1d?s=96&d=mm&r=g\",\"contentUrl\":\"https:\/\/secure.gravatar.com\/avatar\/2d6b802f7720c2ec7744dcbe608cc2f3417aeb964d58b443c6d612b77531de1d?s=96&d=mm&r=g\",\"caption\":\"Gregory Quintana Montiel\"},\"description\":\"Licenciatura en Ciencias de la Comunicaci\u00f3n Social, egresado en la Especializaci\u00f3n Derecho Ambiental Desarrollo Sostenible y Sustentable, Miembro de la Comunidad de profesionales y experto para Latinoam\u00e9rica y el Caribe en Gesti\u00f3n por Resultado en el Desarrollo (COPLAC - GpRD) del Banco Interamericano de Desarrollo, experiencia en medios radiales y escritos.\",\"sameAs\":[\"https:\/\/x.com\/gdgregori1\",\"gquintana\"],\"url\":\"https:\/\/noti-america.com\/site\/ecuador\/author\/gquintana\/\"}]}<\/script>\n<!-- \/ Yoast SEO Premium plugin. -->","yoast_head_json":{"title":"El feriado del 09 de octubre incremento las cifras del sector tur\u00edstico - Ecuador | Noti-America.com","robots":{"index":"index","follow":"follow","max-snippet":"max-snippet:-1","max-image-preview":"max-image-preview:large","max-video-preview":"max-video-preview:-1"},"canonical":"https:\/\/noti-america.com\/site\/ecuador\/2021\/10\/16\/el-feriado-del-09-de-octubre-incremento-las-cifras-del-sector-turistico\/","og_locale":"es_ES","og_type":"article","og_title":"El feriado del 09 de octubre incremento las cifras del sector tur\u00edstico","og_description":"REDACCI\u00d3N NOTI AM\u00c9RICA (ECUADOR) Los resultados del feriado del 09 de octubre demuestran un incremento en las cifras relacionadas con el sector tur\u00edstico. La ocupaci\u00f3n hotelera, el gasto tur\u00edstico y el n\u00famero de viajes&#46;&#46;&#46;","og_url":"https:\/\/noti-america.com\/site\/ecuador\/2021\/10\/16\/el-feriado-del-09-de-octubre-incremento-las-cifras-del-sector-turistico\/","og_site_name":"Ecuador | Noti-America.com","article_published_time":"2021-10-16T18:12:08+00:00","og_image":[{"width":1280,"height":959,"url":"https:\/\/noti-america.com\/site\/ecuador\/wp-content\/uploads\/sites\/18\/2021\/10\/recuperacion-del-sector-turistico.jpeg","type":"image\/jpeg"}],"author":"Gregory Quintana Montiel","twitter_card":"summary_large_image","twitter_creator":"@gdgregori1","twitter_site":"@notiamerica","twitter_misc":{"Escrito por":"Gregory Quintana Montiel","Tiempo estimado de lectura":"2 minutos"},"schema":{"@context":"https:\/\/schema.org","@graph":[{"@type":"Article","@id":"https:\/\/noti-america.com\/site\/ecuador\/2021\/10\/16\/el-feriado-del-09-de-octubre-incremento-las-cifras-del-sector-turistico\/#article","isPartOf":{"@id":"https:\/\/noti-america.com\/site\/ecuador\/2021\/10\/16\/el-feriado-del-09-de-octubre-incremento-las-cifras-del-sector-turistico\/"},"author":{"name":"Gregory Quintana Montiel","@id":"https:\/\/noti-america.com\/site\/ecuador\/#\/schema\/person\/3b975e42f15abfe64bfe3abdd916efda"},"headline":"El feriado del 09 de octubre incremento las cifras del sector tur\u00edstico","datePublished":"2021-10-16T18:12:08+00:00","mainEntityOfPage":{"@id":"https:\/\/noti-america.com\/site\/ecuador\/2021\/10\/16\/el-feriado-del-09-de-octubre-incremento-las-cifras-del-sector-turistico\/"},"wordCount":269,"commentCount":0,"publisher":{"@id":"https:\/\/noti-america.com\/site\/ecuador\/#organization"},"image":{"@id":"https:\/\/noti-america.com\/site\/ecuador\/2021\/10\/16\/el-feriado-del-09-de-octubre-incremento-las-cifras-del-sector-turistico\/#primaryimage"},"thumbnailUrl":"https:\/\/noti-america.com\/site\/ecuador\/wp-content\/uploads\/sites\/18\/2021\/10\/recuperacion-del-sector-turistico.jpeg","articleSection":["Uncategorized"],"inLanguage":"es","potentialAction":[{"@type":"CommentAction","name":"Comment","target":["https:\/\/noti-america.com\/site\/ecuador\/2021\/10\/16\/el-feriado-del-09-de-octubre-incremento-las-cifras-del-sector-turistico\/#respond"]}]},{"@type":"WebPage","@id":"https:\/\/noti-america.com\/site\/ecuador\/2021\/10\/16\/el-feriado-del-09-de-octubre-incremento-las-cifras-del-sector-turistico\/","url":"https:\/\/noti-america.com\/site\/ecuador\/2021\/10\/16\/el-feriado-del-09-de-octubre-incremento-las-cifras-del-sector-turistico\/","name":"El feriado del 09 de octubre incremento las cifras del sector tur\u00edstico - Ecuador | Noti-America.com","isPartOf":{"@id":"https:\/\/noti-america.com\/site\/ecuador\/#website"},"primaryImageOfPage":{"@id":"https:\/\/noti-america.com\/site\/ecuador\/2021\/10\/16\/el-feriado-del-09-de-octubre-incremento-las-cifras-del-sector-turistico\/#primaryimage"},"image":{"@id":"https:\/\/noti-america.com\/site\/ecuador\/2021\/10\/16\/el-feriado-del-09-de-octubre-incremento-las-cifras-del-sector-turistico\/#primaryimage"},"thumbnailUrl":"https:\/\/noti-america.com\/site\/ecuador\/wp-content\/uploads\/sites\/18\/2021\/10\/recuperacion-del-sector-turistico.jpeg","datePublished":"2021-10-16T18:12:08+00:00","breadcrumb":{"@id":"https:\/\/noti-america.com\/site\/ecuador\/2021\/10\/16\/el-feriado-del-09-de-octubre-incremento-las-cifras-del-sector-turistico\/#breadcrumb"},"inLanguage":"es","potentialAction":[{"@type":"ReadAction","target":["https:\/\/noti-america.com\/site\/ecuador\/2021\/10\/16\/el-feriado-del-09-de-octubre-incremento-las-cifras-del-sector-turistico\/"]}]},{"@type":"ImageObject","inLanguage":"es","@id":"https:\/\/noti-america.com\/site\/ecuador\/2021\/10\/16\/el-feriado-del-09-de-octubre-incremento-las-cifras-del-sector-turistico\/#primaryimage","url":"https:\/\/noti-america.com\/site\/ecuador\/wp-content\/uploads\/sites\/18\/2021\/10\/recuperacion-del-sector-turistico.jpeg","contentUrl":"https:\/\/noti-america.com\/site\/ecuador\/wp-content\/uploads\/sites\/18\/2021\/10\/recuperacion-del-sector-turistico.jpeg","width":1280,"height":959},{"@type":"BreadcrumbList","@id":"https:\/\/noti-america.com\/site\/ecuador\/2021\/10\/16\/el-feriado-del-09-de-octubre-incremento-las-cifras-del-sector-turistico\/#breadcrumb","itemListElement":[{"@type":"ListItem","position":1,"name":"Portada","item":"https:\/\/noti-america.com\/site\/ecuador\/"},{"@type":"ListItem","position":2,"name":"El feriado del 09 de octubre incremento las cifras del sector tur\u00edstico"}]},{"@type":"WebSite","@id":"https:\/\/noti-america.com\/site\/ecuador\/#website","url":"https:\/\/noti-america.com\/site\/ecuador\/","name":"Ecuador | Noti-America.com","description":"","publisher":{"@id":"https:\/\/noti-america.com\/site\/ecuador\/#organization"},"potentialAction":[{"@type":"SearchAction","target":{"@type":"EntryPoint","urlTemplate":"https:\/\/noti-america.com\/site\/ecuador\/?s={search_term_string}"},"query-input":{"@type":"PropertyValueSpecification","valueRequired":true,"valueName":"search_term_string"}}],"inLanguage":"es"},{"@type":"Organization","@id":"https:\/\/noti-america.com\/site\/ecuador\/#organization","name":"Noti-America LLC | Ecuador","url":"https:\/\/noti-america.com\/site\/ecuador\/","logo":{"@type":"ImageObject","inLanguage":"es","@id":"https:\/\/noti-america.com\/site\/ecuador\/#\/schema\/logo\/image\/","url":"https:\/\/noti-america.com\/site\/ecuador\/wp-content\/uploads\/sites\/18\/2020\/07\/LogoNA-4x3-1.jpg","contentUrl":"https:\/\/noti-america.com\/site\/ecuador\/wp-content\/uploads\/sites\/18\/2020\/07\/LogoNA-4x3-1.jpg","width":1236,"height":1080,"caption":"Noti-America LLC | Ecuador"},"image":{"@id":"https:\/\/noti-america.com\/site\/ecuador\/#\/schema\/logo\/image\/"},"sameAs":["https:\/\/x.com\/notiamerica"]},{"@type":"Person","@id":"https:\/\/noti-america.com\/site\/ecuador\/#\/schema\/person\/3b975e42f15abfe64bfe3abdd916efda","name":"Gregory Quintana Montiel","image":{"@type":"ImageObject","inLanguage":"es","@id":"https:\/\/secure.gravatar.com\/avatar\/2d6b802f7720c2ec7744dcbe608cc2f3417aeb964d58b443c6d612b77531de1d?s=96&d=mm&r=g","url":"https:\/\/secure.gravatar.com\/avatar\/2d6b802f7720c2ec7744dcbe608cc2f3417aeb964d58b443c6d612b77531de1d?s=96&d=mm&r=g","contentUrl":"https:\/\/secure.gravatar.com\/avatar\/2d6b802f7720c2ec7744dcbe608cc2f3417aeb964d58b443c6d612b77531de1d?s=96&d=mm&r=g","caption":"Gregory Quintana Montiel"},"description":"Licenciatura en Ciencias de la Comunicaci\u00f3n Social, egresado en la Especializaci\u00f3n Derecho Ambiental Desarrollo Sostenible y Sustentable, Miembro de la Comunidad de profesionales y experto para Latinoam\u00e9rica y el Caribe en Gesti\u00f3n por Resultado en el Desarrollo (COPLAC - GpRD) del Banco Interamericano de Desarrollo, experiencia en medios radiales y escritos.","sameAs":["https:\/\/x.com\/gdgregori1","gquintana"],"url":"https:\/\/noti-america.com\/site\/ecuador\/author\/gquintana\/"}]}},"_links":{"self":[{"href":"https:\/\/noti-america.com\/site\/ecuador\/wp-json\/wp\/v2\/posts\/16917","targetHints":{"allow":["GET"]}}],"collection":[{"href":"https:\/\/noti-america.com\/site\/ecuador\/wp-json\/wp\/v2\/posts"}],"about":[{"href":"https:\/\/noti-america.com\/site\/ecuador\/wp-json\/wp\/v2\/types\/post"}],"author":[{"embeddable":true,"href":"https:\/\/noti-america.com\/site\/ecuador\/wp-json\/wp\/v2\/users\/17"}],"replies":[{"embeddable":true,"href":"https:\/\/noti-america.com\/site\/ecuador\/wp-json\/wp\/v2\/comments?post=16917"}],"version-history":[{"count":1,"href":"https:\/\/noti-america.com\/site\/ecuador\/wp-json\/wp\/v2\/posts\/16917\/revisions"}],"predecessor-version":[{"id":16919,"href":"https:\/\/noti-america.com\/site\/ecuador\/wp-json\/wp\/v2\/posts\/16917\/revisions\/16919"}],"wp:featuredmedia":[{"embeddable":true,"href":"https:\/\/noti-america.com\/site\/ecuador\/wp-json\/wp\/v2\/media\/16918"}],"wp:attachment":[{"href":"https:\/\/noti-america.com\/site\/ecuador\/wp-json\/wp\/v2\/media?parent=16917"}],"wp:term":[{"taxonomy":"category","embeddable":true,"href":"https:\/\/noti-america.com\/site\/ecuador\/wp-json\/wp\/v2\/categories?post=16917"},{"taxonomy":"post_tag","embeddable":true,"href":"https:\/\/noti-america.com\/site\/ecuador\/wp-json\/wp\/v2\/tags?post=16917"}],"curies":[{"name":"wp","href":"https:\/\/api.w.org\/{rel}","templated":true}]}}