{"id":16911,"date":"2021-10-16T17:27:42","date_gmt":"2021-10-16T17:27:42","guid":{"rendered":"https:\/\/noti-america.com\/site\/ecuador\/?p=16911"},"modified":"2021-10-16T17:47:24","modified_gmt":"2021-10-16T17:47:24","slug":"el-aumento-de-la-pobreza-es-una-responsabilidad-moral-de-nuestro-tiempo","status":"publish","type":"post","link":"https:\/\/noti-america.com\/site\/ecuador\/2021\/10\/16\/el-aumento-de-la-pobreza-es-una-responsabilidad-moral-de-nuestro-tiempo\/","title":{"rendered":"El aumento de la pobreza es una \u00abresponsabilidad moral de nuestro tiempo\u00bb"},"content":{"rendered":"<div class=\"row before-content\">\n<div class=\"col-md-12\">\n<section class=\"region region-before-content\">\n<section id=\"block-views-story-story-top-block\" class=\"block block-views clearfix\">\n<div class=\"view view-story view-id-story view-display-id-story_top_block story-top-block node view-dom-id-0707dd9014bec786d5b6da00cbeb806a\">\n<div class=\"view-content\">\n<div class=\"views-row views-row-1 views-row-odd views-row-first views-row-last\">\n<div class=\"views-field views-field-nothing\">\n<section class=\"story-top-block\">\n<h5 class=\"story-title\">REDACCI\u00d3N NOTI AM\u00c9RICA (ECUADOR)<\/h5>\n<p style=\"text-align: justify\"><strong>Para el titular de la ONU es necesario poner fin a este ultraje, hacer frente al endeudamiento excesivo y garantizar la inversi\u00f3n para la recuperaci\u00f3n en los pa\u00edses que m\u00e1s lo necesitan. Uno de los principales problemas es que la solidaridad brilla por su ausencia, justo cuando m\u00e1s se necesita.<\/strong><\/p>\n<div class=\"featured-media\">\n<div style=\"width: 1180px\" class=\"wp-caption alignnone\"><img loading=\"lazy\" decoding=\"async\" class=\"img-responsive\" title=\"Una familia sin hogar con pocas estructuras de apoyo social en la ciudad de Yangon, en Myanmar, \" src=\"https:\/\/global.unitednations.entermediadb.net\/assets\/mediadb\/services\/module\/asset\/downloads\/preset\/Libraries\/Production+Library\/27-09-2021_ILO_Myanmar.jpg\/image1170x530cropped.jpg\" alt=\"Una familia sin hogar con pocas estructuras de apoyo social en la ciudad de Yangon, en Myanmar, \" width=\"1170\" height=\"530\" \/><p class=\"wp-caption-text\">OIT\/MArcel Crozet. Una familia sin hogar con pocas estructuras de apoyo social en la ciudad de Yangon, en Myanmar.<\/p><\/div>\n<\/div>\n<\/section>\n<\/div>\n<\/div>\n<\/div>\n<\/div>\n<\/section>\n<\/section>\n<\/div>\n<\/div>\n<div class=\"row body-container\">\n<section class=\"col-sm-9\">\n<section class=\"region region-content\">\n<section id=\"block-system-main\" class=\"block block-system clearfix\">\n<div id=\"node-1498472\" class=\"node node-news-story node-full clearfix\">\n<div class=\"content\">\n<div class=\"paragraphs-items paragraphs-items-field-news-story paragraphs-items-field-news-story-full paragraphs-items-full\">\n<div class=\"field field-name-field-news-story field-type-paragraphs field-label-hidden\">\n<div class=\"field-items\">\n<div class=\"field-item even\">\n<div class=\"entity entity-paragraphs-item paragraphs-item-one-column-text\">\n<div class=\"content\">\n<div class=\"field field-name-field-text-column field-type-text-long field-label-hidden\">\n<div class=\"field-items\">\n<div class=\"field-item even\">\n<p style=\"text-align: justify\">Por primera vez en dos d\u00e9cadas, la pobreza extrema est\u00e1 aumentando, ha asegurado el\u00a0<a class=\"word-link\" href=\"https:\/\/www.un.org\/sg\/es\">Secretario General<\/a>\u00a0de la ONU en un mensaje publicado el viernes con motivo del\u00a0<a href=\"https:\/\/www.un.org\/es\/observances\/day-for-eradicating-poverty\">D\u00eda Internacional para la Erradicaci\u00f3n de la Pobreza<\/a>, el 17 de octubre.<\/p>\n<p style=\"text-align: justify\">Describiendo los niveles actuales de pobreza como \u00abuna acusaci\u00f3n moral de nuestro tiempo\u201d, Ant\u00f3nio Guterres indic\u00f3 que la pandemia de\u00a0<a class=\"word-link\" href=\"https:\/\/news.un.org\/es\/events\/cobertura-especial-de-noticias-onu-sobre-el-coronavirus\">COVID-19<\/a>\u00a0ha causado estragos en las econom\u00edas y sociedades de todo el mundo, dejando caer en la pobreza el a\u00f1o pasado a unos 120 millones m\u00e1s de personas.<\/p>\n<p style=\"text-align: justify\">\u201c<strong>La asimetr\u00eda en la recuperaci\u00f3n est\u00e1 profundizando a\u00fan m\u00e1s las desigualdades entre el Norte y el Sur<\/strong>. La solidaridad brilla por su ausencia, justo cuando m\u00e1s la necesitamos\u201d, a\u00f1adi\u00f3.<\/p>\n<h4 style=\"text-align: justify\">Luchar en dos batallas<\/h4>\n<p style=\"text-align: justify\">La lucha contra la pobreza debe ser tambi\u00e9n una batalla contra la desigualdad.<\/p>\n<p style=\"text-align: justify\">El titular de la ONU indic\u00f3 que la desigualdad en las vacunas ha permitido que las variantes del COVID muten y \u00abse propaguen de manera descontrolada\u00bb,\u00a0<strong>condenando al mundo a millones de muertes m\u00e1s y prolongando una desaceleraci\u00f3n econ\u00f3mica<\/strong>\u00a0que podr\u00eda costar billones de d\u00f3lares.<\/p>\n<p style=\"text-align: justify\">\u00abDebemos poner fin a este ultraje, hacer frente al endeudamiento excesivo y garantizar la inversi\u00f3n para la recuperaci\u00f3n en los pa\u00edses que m\u00e1s lo necesitan\u00bb, explic\u00f3 Guterres.<\/p>\n<h4 style=\"text-align: justify\">Construir mejor de cara al futuro<\/h4>\n<p style=\"text-align: justify\">El Secretario General de la ONU esboz\u00f3 un enfoque de recuperaci\u00f3n global en tres vertientes para construir un mundo mejor despu\u00e9s de la pandemia. Ese enfoque comienza con \u201cuna voluntad pol\u00edtica m\u00e1s fuerte y unas alianzas m\u00e1s s\u00f3lidas para\u00a0<strong>instaurar una protecci\u00f3n social universal de aqu\u00ed a 2030<\/strong>, e invertir en la reconversi\u00f3n laboral a favor de la pujante econom\u00eda verde\u201d.<\/p>\n<p style=\"text-align: justify\">\u00abY debemos invertir en puestos de trabajo de calidad en la econom\u00eda del cuidado, lo que favorecer\u00e1 una mayor igualdad y garantizar\u00e1 que todas las personas reciban la atenci\u00f3n digna que merecen\u00bb, a\u00f1adi\u00f3.<\/p>\n<div class=\"dnd-widget-wrapper context-un_news_large_uncropped type-image\" style=\"text-align: justify\">\n<div class=\"dnd-atom-rendered\">\n<div style=\"width: 1034px\" class=\"wp-caption alignnone\"><img loading=\"lazy\" decoding=\"async\" class=\"img-responsive\" title=\"La inclusi\u00f3n de las mujeres en los procesos pol\u00edticos y de construcci\u00f3n de la paz beneficia a todas las sociedades.\" src=\"https:\/\/global.unitednations.entermediadb.net\/assets\/mediadb\/services\/module\/asset\/downloads\/preset\/Libraries\/Production+Library\/30-09-2021_UNFPA_Sudan.jpg\/image1024x768.jpg\" alt=\"La inclusi\u00f3n de las mujeres en los procesos pol\u00edticos y de construcci\u00f3n de la paz beneficia a todas las sociedades.\" width=\"1024\" height=\"682\" \/><p class=\"wp-caption-text\">UNFPA Sud\u00e1n. La inclusi\u00f3n de las mujeres en los procesos pol\u00edticos y de construcci\u00f3n de la paz beneficia a todas las sociedades.<\/p><\/div>\n<\/div>\n<\/div>\n<h4 style=\"text-align: justify\">Igualdad de las mujeres<\/h4>\n<p style=\"text-align: justify\">Adem\u00e1s, la recuperaci\u00f3n debe ser inclusiva, porque una recuperaci\u00f3n desigual deja atr\u00e1s a gran parte de la humanidad, aumenta la vulnerabilidad de grupos ya marginados y aleja a\u00fan m\u00e1s la posibilidad de alcanzar los\u00a0<a class=\"word-link\" href=\"https:\/\/news.un.org\/es\/news\/topic\/sdgs\">Objetivos de Desarrollo Sostenible<\/a>.<\/p>\n<p style=\"text-align: justify\">\u00abEl n\u00famero de mujeres en situaci\u00f3n de pobreza extrema supera con creces al de hombres. Incluso antes de la pandemia, los 22 hombres m\u00e1s ricos del mundo acumulaban m\u00e1s riqueza que todas las mujeres de \u00c1frica, y esa diferencia no ha hecho sino aumentar. No podemos recuperarnos utilizando solo la mitad de nuestro potencial\u201d, asegur\u00f3.<\/p>\n<p style=\"text-align: justify\">Por ello, las inversiones econ\u00f3micas deben dirigirse a las mujeres empresarias, favorecer una mayor formalizaci\u00f3n del sector informal, centrarse en la educaci\u00f3n, la protecci\u00f3n social, el cuidado universal de los ni\u00f1os y las ni\u00f1as, la atenci\u00f3n sanitaria y el trabajo decente, as\u00ed como subsanar la brecha digital, teniendo en cuenta su profunda dimensi\u00f3n de g\u00e9nero.<\/p>\n<h4 style=\"text-align: justify\">Impulsar el crecimiento<\/h4>\n<p style=\"text-align: justify\">El tercer \u00e1ngulo de la recuperaci\u00f3n debe ser construir un mundo resiliente, descarbonizado y sin emisiones de gases de efecto invernadero: \u201cLa recuperaci\u00f3n debe ser sostenible\u201d, asegur\u00f3.<\/p>\n<p style=\"text-align: justify\">Inst\u00f3 a todos a \u00abescuchar mucho m\u00e1s\u00bb a los que viven en la pobreza, abordar las indignidades y \u00abderribar las barreras\u00bb a la inclusi\u00f3n, en todas las sociedades\u201d.<\/p>\n<p style=\"text-align: justify\">\u201cEn este d\u00eda y todos los d\u00edas, unamos nuestras fuerzas para acabar con la pobreza y crear un mundo de justicia, dignidad y oportunidades para todas las personas\u201d, concluy\u00f3.<\/p>\n<p>Fuente: ONU<\/p>\n<\/div>\n<\/div>\n<\/div>\n<\/div>\n<\/div>\n<\/div>\n<\/div>\n<\/div>\n<\/div>\n<\/div>\n<\/div>\n<\/section>\n<\/section>\n<\/section>\n<\/div>\n","protected":false},"excerpt":{"rendered":"<p>REDACCI\u00d3N NOTI AM\u00c9RICA (ECUADOR) Para el titular de la ONU es necesario poner fin a este ultraje, hacer frente al endeudamiento excesivo y garantizar la inversi\u00f3n para la recuperaci\u00f3n en los pa\u00edses que m\u00e1s&#46;&#46;&#46;<\/p>\n","protected":false},"author":17,"featured_media":16912,"comment_status":"open","ping_status":"open","sticky":false,"template":"","format":"standard","meta":{"_acf_changed":false,"om_disable_all_campaigns":false,"rop_custom_images_group":[],"rop_custom_messages_group":[],"rop_publish_now":"initial","rop_publish_now_accounts":{"twitter_242054905_242054905":""},"rop_publish_now_history":[],"rop_publish_now_status":"pending","_uf_show_specific_survey":0,"_uf_disable_surveys":false,"footnotes":""},"categories":[125],"tags":[],"class_list":["post-16911","post","type-post","status-publish","format-standard","has-post-thumbnail","hentry","category-actualidad"],"acf":[],"aioseo_notices":[],"yoast_head":"<!-- This site is optimized with the Yoast SEO Premium plugin v24.9 (Yoast SEO v27.2) - https:\/\/yoast.com\/product\/yoast-seo-premium-wordpress\/ -->\n<title>El aumento de la pobreza es una &quot;responsabilidad moral de nuestro tiempo&quot; - Ecuador | Noti-America.com<\/title>\n<meta name=\"robots\" content=\"index, follow, max-snippet:-1, max-image-preview:large, max-video-preview:-1\" \/>\n<link rel=\"canonical\" href=\"https:\/\/noti-america.com\/site\/ecuador\/2021\/10\/16\/el-aumento-de-la-pobreza-es-una-responsabilidad-moral-de-nuestro-tiempo\/\" \/>\n<meta property=\"og:locale\" content=\"es_ES\" \/>\n<meta property=\"og:type\" content=\"article\" \/>\n<meta property=\"og:title\" content=\"El aumento de la pobreza es una &quot;responsabilidad moral de nuestro tiempo&quot;\" \/>\n<meta property=\"og:description\" content=\"REDACCI\u00d3N NOTI AM\u00c9RICA (ECUADOR) Para el titular de la ONU es necesario poner fin a este ultraje, hacer frente al endeudamiento excesivo y garantizar la inversi\u00f3n para la recuperaci\u00f3n en los pa\u00edses que m\u00e1s&#046;&#046;&#046;\" \/>\n<meta property=\"og:url\" content=\"https:\/\/noti-america.com\/site\/ecuador\/2021\/10\/16\/el-aumento-de-la-pobreza-es-una-responsabilidad-moral-de-nuestro-tiempo\/\" \/>\n<meta property=\"og:site_name\" content=\"Ecuador | Noti-America.com\" \/>\n<meta property=\"article:published_time\" content=\"2021-10-16T17:27:42+00:00\" \/>\n<meta property=\"article:modified_time\" content=\"2021-10-16T17:47:24+00:00\" \/>\n<meta property=\"og:image\" content=\"https:\/\/noti-america.com\/site\/ecuador\/wp-content\/uploads\/sites\/18\/2021\/10\/OIT-MArcel-Crozet.jpg\" \/>\n\t<meta property=\"og:image:width\" content=\"1170\" \/>\n\t<meta property=\"og:image:height\" content=\"530\" \/>\n\t<meta property=\"og:image:type\" content=\"image\/jpeg\" \/>\n<meta name=\"author\" content=\"Gregory Quintana Montiel\" \/>\n<meta name=\"twitter:card\" content=\"summary_large_image\" \/>\n<meta name=\"twitter:creator\" content=\"@gdgregori1\" \/>\n<meta name=\"twitter:site\" content=\"@notiamerica\" \/>\n<meta name=\"twitter:label1\" content=\"Escrito por\" \/>\n\t<meta name=\"twitter:data1\" content=\"Gregory Quintana Montiel\" \/>\n\t<meta name=\"twitter:label2\" content=\"Tiempo estimado de lectura\" \/>\n\t<meta name=\"twitter:data2\" content=\"4 minutos\" \/>\n<script type=\"application\/ld+json\" class=\"yoast-schema-graph\">{\"@context\":\"https:\/\/schema.org\",\"@graph\":[{\"@type\":\"Article\",\"@id\":\"https:\/\/noti-america.com\/site\/ecuador\/2021\/10\/16\/el-aumento-de-la-pobreza-es-una-responsabilidad-moral-de-nuestro-tiempo\/#article\",\"isPartOf\":{\"@id\":\"https:\/\/noti-america.com\/site\/ecuador\/2021\/10\/16\/el-aumento-de-la-pobreza-es-una-responsabilidad-moral-de-nuestro-tiempo\/\"},\"author\":{\"name\":\"Gregory Quintana Montiel\",\"@id\":\"https:\/\/noti-america.com\/site\/ecuador\/#\/schema\/person\/3b975e42f15abfe64bfe3abdd916efda\"},\"headline\":\"El aumento de la pobreza es una \u00abresponsabilidad moral de nuestro tiempo\u00bb\",\"datePublished\":\"2021-10-16T17:27:42+00:00\",\"dateModified\":\"2021-10-16T17:47:24+00:00\",\"mainEntityOfPage\":{\"@id\":\"https:\/\/noti-america.com\/site\/ecuador\/2021\/10\/16\/el-aumento-de-la-pobreza-es-una-responsabilidad-moral-de-nuestro-tiempo\/\"},\"wordCount\":735,\"commentCount\":0,\"publisher\":{\"@id\":\"https:\/\/noti-america.com\/site\/ecuador\/#organization\"},\"image\":{\"@id\":\"https:\/\/noti-america.com\/site\/ecuador\/2021\/10\/16\/el-aumento-de-la-pobreza-es-una-responsabilidad-moral-de-nuestro-tiempo\/#primaryimage\"},\"thumbnailUrl\":\"https:\/\/noti-america.com\/site\/ecuador\/wp-content\/uploads\/sites\/18\/2021\/10\/OIT-MArcel-Crozet.jpg\",\"articleSection\":[\"Actualidad\"],\"inLanguage\":\"es\",\"potentialAction\":[{\"@type\":\"CommentAction\",\"name\":\"Comment\",\"target\":[\"https:\/\/noti-america.com\/site\/ecuador\/2021\/10\/16\/el-aumento-de-la-pobreza-es-una-responsabilidad-moral-de-nuestro-tiempo\/#respond\"]}]},{\"@type\":\"WebPage\",\"@id\":\"https:\/\/noti-america.com\/site\/ecuador\/2021\/10\/16\/el-aumento-de-la-pobreza-es-una-responsabilidad-moral-de-nuestro-tiempo\/\",\"url\":\"https:\/\/noti-america.com\/site\/ecuador\/2021\/10\/16\/el-aumento-de-la-pobreza-es-una-responsabilidad-moral-de-nuestro-tiempo\/\",\"name\":\"El aumento de la pobreza es una \\\"responsabilidad moral de nuestro tiempo\\\" - Ecuador | Noti-America.com\",\"isPartOf\":{\"@id\":\"https:\/\/noti-america.com\/site\/ecuador\/#website\"},\"primaryImageOfPage\":{\"@id\":\"https:\/\/noti-america.com\/site\/ecuador\/2021\/10\/16\/el-aumento-de-la-pobreza-es-una-responsabilidad-moral-de-nuestro-tiempo\/#primaryimage\"},\"image\":{\"@id\":\"https:\/\/noti-america.com\/site\/ecuador\/2021\/10\/16\/el-aumento-de-la-pobreza-es-una-responsabilidad-moral-de-nuestro-tiempo\/#primaryimage\"},\"thumbnailUrl\":\"https:\/\/noti-america.com\/site\/ecuador\/wp-content\/uploads\/sites\/18\/2021\/10\/OIT-MArcel-Crozet.jpg\",\"datePublished\":\"2021-10-16T17:27:42+00:00\",\"dateModified\":\"2021-10-16T17:47:24+00:00\",\"breadcrumb\":{\"@id\":\"https:\/\/noti-america.com\/site\/ecuador\/2021\/10\/16\/el-aumento-de-la-pobreza-es-una-responsabilidad-moral-de-nuestro-tiempo\/#breadcrumb\"},\"inLanguage\":\"es\",\"potentialAction\":[{\"@type\":\"ReadAction\",\"target\":[\"https:\/\/noti-america.com\/site\/ecuador\/2021\/10\/16\/el-aumento-de-la-pobreza-es-una-responsabilidad-moral-de-nuestro-tiempo\/\"]}]},{\"@type\":\"ImageObject\",\"inLanguage\":\"es\",\"@id\":\"https:\/\/noti-america.com\/site\/ecuador\/2021\/10\/16\/el-aumento-de-la-pobreza-es-una-responsabilidad-moral-de-nuestro-tiempo\/#primaryimage\",\"url\":\"https:\/\/noti-america.com\/site\/ecuador\/wp-content\/uploads\/sites\/18\/2021\/10\/OIT-MArcel-Crozet.jpg\",\"contentUrl\":\"https:\/\/noti-america.com\/site\/ecuador\/wp-content\/uploads\/sites\/18\/2021\/10\/OIT-MArcel-Crozet.jpg\",\"width\":1170,\"height\":530},{\"@type\":\"BreadcrumbList\",\"@id\":\"https:\/\/noti-america.com\/site\/ecuador\/2021\/10\/16\/el-aumento-de-la-pobreza-es-una-responsabilidad-moral-de-nuestro-tiempo\/#breadcrumb\",\"itemListElement\":[{\"@type\":\"ListItem\",\"position\":1,\"name\":\"Portada\",\"item\":\"https:\/\/noti-america.com\/site\/ecuador\/\"},{\"@type\":\"ListItem\",\"position\":2,\"name\":\"El aumento de la pobreza es una \u00abresponsabilidad moral de nuestro tiempo\u00bb\"}]},{\"@type\":\"WebSite\",\"@id\":\"https:\/\/noti-america.com\/site\/ecuador\/#website\",\"url\":\"https:\/\/noti-america.com\/site\/ecuador\/\",\"name\":\"Ecuador | Noti-America.com\",\"description\":\"\",\"publisher\":{\"@id\":\"https:\/\/noti-america.com\/site\/ecuador\/#organization\"},\"potentialAction\":[{\"@type\":\"SearchAction\",\"target\":{\"@type\":\"EntryPoint\",\"urlTemplate\":\"https:\/\/noti-america.com\/site\/ecuador\/?s={search_term_string}\"},\"query-input\":{\"@type\":\"PropertyValueSpecification\",\"valueRequired\":true,\"valueName\":\"search_term_string\"}}],\"inLanguage\":\"es\"},{\"@type\":\"Organization\",\"@id\":\"https:\/\/noti-america.com\/site\/ecuador\/#organization\",\"name\":\"Noti-America LLC | Ecuador\",\"url\":\"https:\/\/noti-america.com\/site\/ecuador\/\",\"logo\":{\"@type\":\"ImageObject\",\"inLanguage\":\"es\",\"@id\":\"https:\/\/noti-america.com\/site\/ecuador\/#\/schema\/logo\/image\/\",\"url\":\"https:\/\/noti-america.com\/site\/ecuador\/wp-content\/uploads\/sites\/18\/2020\/07\/LogoNA-4x3-1.jpg\",\"contentUrl\":\"https:\/\/noti-america.com\/site\/ecuador\/wp-content\/uploads\/sites\/18\/2020\/07\/LogoNA-4x3-1.jpg\",\"width\":1236,\"height\":1080,\"caption\":\"Noti-America LLC | Ecuador\"},\"image\":{\"@id\":\"https:\/\/noti-america.com\/site\/ecuador\/#\/schema\/logo\/image\/\"},\"sameAs\":[\"https:\/\/x.com\/notiamerica\"]},{\"@type\":\"Person\",\"@id\":\"https:\/\/noti-america.com\/site\/ecuador\/#\/schema\/person\/3b975e42f15abfe64bfe3abdd916efda\",\"name\":\"Gregory Quintana Montiel\",\"image\":{\"@type\":\"ImageObject\",\"inLanguage\":\"es\",\"@id\":\"https:\/\/secure.gravatar.com\/avatar\/2d6b802f7720c2ec7744dcbe608cc2f3417aeb964d58b443c6d612b77531de1d?s=96&d=mm&r=g\",\"url\":\"https:\/\/secure.gravatar.com\/avatar\/2d6b802f7720c2ec7744dcbe608cc2f3417aeb964d58b443c6d612b77531de1d?s=96&d=mm&r=g\",\"contentUrl\":\"https:\/\/secure.gravatar.com\/avatar\/2d6b802f7720c2ec7744dcbe608cc2f3417aeb964d58b443c6d612b77531de1d?s=96&d=mm&r=g\",\"caption\":\"Gregory Quintana Montiel\"},\"description\":\"Licenciatura en Ciencias de la Comunicaci\u00f3n Social, egresado en la Especializaci\u00f3n Derecho Ambiental Desarrollo Sostenible y Sustentable, Miembro de la Comunidad de profesionales y experto para Latinoam\u00e9rica y el Caribe en Gesti\u00f3n por Resultado en el Desarrollo (COPLAC - GpRD) del Banco Interamericano de Desarrollo, experiencia en medios radiales y escritos.\",\"sameAs\":[\"https:\/\/x.com\/gdgregori1\",\"gquintana\"],\"url\":\"https:\/\/noti-america.com\/site\/ecuador\/author\/gquintana\/\"}]}<\/script>\n<!-- \/ Yoast SEO Premium plugin. -->","yoast_head_json":{"title":"El aumento de la pobreza es una \"responsabilidad moral de nuestro tiempo\" - Ecuador | Noti-America.com","robots":{"index":"index","follow":"follow","max-snippet":"max-snippet:-1","max-image-preview":"max-image-preview:large","max-video-preview":"max-video-preview:-1"},"canonical":"https:\/\/noti-america.com\/site\/ecuador\/2021\/10\/16\/el-aumento-de-la-pobreza-es-una-responsabilidad-moral-de-nuestro-tiempo\/","og_locale":"es_ES","og_type":"article","og_title":"El aumento de la pobreza es una \"responsabilidad moral de nuestro tiempo\"","og_description":"REDACCI\u00d3N NOTI AM\u00c9RICA (ECUADOR) Para el titular de la ONU es necesario poner fin a este ultraje, hacer frente al endeudamiento excesivo y garantizar la inversi\u00f3n para la recuperaci\u00f3n en los pa\u00edses que m\u00e1s&#46;&#46;&#46;","og_url":"https:\/\/noti-america.com\/site\/ecuador\/2021\/10\/16\/el-aumento-de-la-pobreza-es-una-responsabilidad-moral-de-nuestro-tiempo\/","og_site_name":"Ecuador | Noti-America.com","article_published_time":"2021-10-16T17:27:42+00:00","article_modified_time":"2021-10-16T17:47:24+00:00","og_image":[{"width":1170,"height":530,"url":"https:\/\/noti-america.com\/site\/ecuador\/wp-content\/uploads\/sites\/18\/2021\/10\/OIT-MArcel-Crozet.jpg","type":"image\/jpeg"}],"author":"Gregory Quintana Montiel","twitter_card":"summary_large_image","twitter_creator":"@gdgregori1","twitter_site":"@notiamerica","twitter_misc":{"Escrito por":"Gregory Quintana Montiel","Tiempo estimado de lectura":"4 minutos"},"schema":{"@context":"https:\/\/schema.org","@graph":[{"@type":"Article","@id":"https:\/\/noti-america.com\/site\/ecuador\/2021\/10\/16\/el-aumento-de-la-pobreza-es-una-responsabilidad-moral-de-nuestro-tiempo\/#article","isPartOf":{"@id":"https:\/\/noti-america.com\/site\/ecuador\/2021\/10\/16\/el-aumento-de-la-pobreza-es-una-responsabilidad-moral-de-nuestro-tiempo\/"},"author":{"name":"Gregory Quintana Montiel","@id":"https:\/\/noti-america.com\/site\/ecuador\/#\/schema\/person\/3b975e42f15abfe64bfe3abdd916efda"},"headline":"El aumento de la pobreza es una \u00abresponsabilidad moral de nuestro tiempo\u00bb","datePublished":"2021-10-16T17:27:42+00:00","dateModified":"2021-10-16T17:47:24+00:00","mainEntityOfPage":{"@id":"https:\/\/noti-america.com\/site\/ecuador\/2021\/10\/16\/el-aumento-de-la-pobreza-es-una-responsabilidad-moral-de-nuestro-tiempo\/"},"wordCount":735,"commentCount":0,"publisher":{"@id":"https:\/\/noti-america.com\/site\/ecuador\/#organization"},"image":{"@id":"https:\/\/noti-america.com\/site\/ecuador\/2021\/10\/16\/el-aumento-de-la-pobreza-es-una-responsabilidad-moral-de-nuestro-tiempo\/#primaryimage"},"thumbnailUrl":"https:\/\/noti-america.com\/site\/ecuador\/wp-content\/uploads\/sites\/18\/2021\/10\/OIT-MArcel-Crozet.jpg","articleSection":["Actualidad"],"inLanguage":"es","potentialAction":[{"@type":"CommentAction","name":"Comment","target":["https:\/\/noti-america.com\/site\/ecuador\/2021\/10\/16\/el-aumento-de-la-pobreza-es-una-responsabilidad-moral-de-nuestro-tiempo\/#respond"]}]},{"@type":"WebPage","@id":"https:\/\/noti-america.com\/site\/ecuador\/2021\/10\/16\/el-aumento-de-la-pobreza-es-una-responsabilidad-moral-de-nuestro-tiempo\/","url":"https:\/\/noti-america.com\/site\/ecuador\/2021\/10\/16\/el-aumento-de-la-pobreza-es-una-responsabilidad-moral-de-nuestro-tiempo\/","name":"El aumento de la pobreza es una \"responsabilidad moral de nuestro tiempo\" - Ecuador | Noti-America.com","isPartOf":{"@id":"https:\/\/noti-america.com\/site\/ecuador\/#website"},"primaryImageOfPage":{"@id":"https:\/\/noti-america.com\/site\/ecuador\/2021\/10\/16\/el-aumento-de-la-pobreza-es-una-responsabilidad-moral-de-nuestro-tiempo\/#primaryimage"},"image":{"@id":"https:\/\/noti-america.com\/site\/ecuador\/2021\/10\/16\/el-aumento-de-la-pobreza-es-una-responsabilidad-moral-de-nuestro-tiempo\/#primaryimage"},"thumbnailUrl":"https:\/\/noti-america.com\/site\/ecuador\/wp-content\/uploads\/sites\/18\/2021\/10\/OIT-MArcel-Crozet.jpg","datePublished":"2021-10-16T17:27:42+00:00","dateModified":"2021-10-16T17:47:24+00:00","breadcrumb":{"@id":"https:\/\/noti-america.com\/site\/ecuador\/2021\/10\/16\/el-aumento-de-la-pobreza-es-una-responsabilidad-moral-de-nuestro-tiempo\/#breadcrumb"},"inLanguage":"es","potentialAction":[{"@type":"ReadAction","target":["https:\/\/noti-america.com\/site\/ecuador\/2021\/10\/16\/el-aumento-de-la-pobreza-es-una-responsabilidad-moral-de-nuestro-tiempo\/"]}]},{"@type":"ImageObject","inLanguage":"es","@id":"https:\/\/noti-america.com\/site\/ecuador\/2021\/10\/16\/el-aumento-de-la-pobreza-es-una-responsabilidad-moral-de-nuestro-tiempo\/#primaryimage","url":"https:\/\/noti-america.com\/site\/ecuador\/wp-content\/uploads\/sites\/18\/2021\/10\/OIT-MArcel-Crozet.jpg","contentUrl":"https:\/\/noti-america.com\/site\/ecuador\/wp-content\/uploads\/sites\/18\/2021\/10\/OIT-MArcel-Crozet.jpg","width":1170,"height":530},{"@type":"BreadcrumbList","@id":"https:\/\/noti-america.com\/site\/ecuador\/2021\/10\/16\/el-aumento-de-la-pobreza-es-una-responsabilidad-moral-de-nuestro-tiempo\/#breadcrumb","itemListElement":[{"@type":"ListItem","position":1,"name":"Portada","item":"https:\/\/noti-america.com\/site\/ecuador\/"},{"@type":"ListItem","position":2,"name":"El aumento de la pobreza es una \u00abresponsabilidad moral de nuestro tiempo\u00bb"}]},{"@type":"WebSite","@id":"https:\/\/noti-america.com\/site\/ecuador\/#website","url":"https:\/\/noti-america.com\/site\/ecuador\/","name":"Ecuador | Noti-America.com","description":"","publisher":{"@id":"https:\/\/noti-america.com\/site\/ecuador\/#organization"},"potentialAction":[{"@type":"SearchAction","target":{"@type":"EntryPoint","urlTemplate":"https:\/\/noti-america.com\/site\/ecuador\/?s={search_term_string}"},"query-input":{"@type":"PropertyValueSpecification","valueRequired":true,"valueName":"search_term_string"}}],"inLanguage":"es"},{"@type":"Organization","@id":"https:\/\/noti-america.com\/site\/ecuador\/#organization","name":"Noti-America LLC | Ecuador","url":"https:\/\/noti-america.com\/site\/ecuador\/","logo":{"@type":"ImageObject","inLanguage":"es","@id":"https:\/\/noti-america.com\/site\/ecuador\/#\/schema\/logo\/image\/","url":"https:\/\/noti-america.com\/site\/ecuador\/wp-content\/uploads\/sites\/18\/2020\/07\/LogoNA-4x3-1.jpg","contentUrl":"https:\/\/noti-america.com\/site\/ecuador\/wp-content\/uploads\/sites\/18\/2020\/07\/LogoNA-4x3-1.jpg","width":1236,"height":1080,"caption":"Noti-America LLC | Ecuador"},"image":{"@id":"https:\/\/noti-america.com\/site\/ecuador\/#\/schema\/logo\/image\/"},"sameAs":["https:\/\/x.com\/notiamerica"]},{"@type":"Person","@id":"https:\/\/noti-america.com\/site\/ecuador\/#\/schema\/person\/3b975e42f15abfe64bfe3abdd916efda","name":"Gregory Quintana Montiel","image":{"@type":"ImageObject","inLanguage":"es","@id":"https:\/\/secure.gravatar.com\/avatar\/2d6b802f7720c2ec7744dcbe608cc2f3417aeb964d58b443c6d612b77531de1d?s=96&d=mm&r=g","url":"https:\/\/secure.gravatar.com\/avatar\/2d6b802f7720c2ec7744dcbe608cc2f3417aeb964d58b443c6d612b77531de1d?s=96&d=mm&r=g","contentUrl":"https:\/\/secure.gravatar.com\/avatar\/2d6b802f7720c2ec7744dcbe608cc2f3417aeb964d58b443c6d612b77531de1d?s=96&d=mm&r=g","caption":"Gregory Quintana Montiel"},"description":"Licenciatura en Ciencias de la Comunicaci\u00f3n Social, egresado en la Especializaci\u00f3n Derecho Ambiental Desarrollo Sostenible y Sustentable, Miembro de la Comunidad de profesionales y experto para Latinoam\u00e9rica y el Caribe en Gesti\u00f3n por Resultado en el Desarrollo (COPLAC - GpRD) del Banco Interamericano de Desarrollo, experiencia en medios radiales y escritos.","sameAs":["https:\/\/x.com\/gdgregori1","gquintana"],"url":"https:\/\/noti-america.com\/site\/ecuador\/author\/gquintana\/"}]}},"_links":{"self":[{"href":"https:\/\/noti-america.com\/site\/ecuador\/wp-json\/wp\/v2\/posts\/16911","targetHints":{"allow":["GET"]}}],"collection":[{"href":"https:\/\/noti-america.com\/site\/ecuador\/wp-json\/wp\/v2\/posts"}],"about":[{"href":"https:\/\/noti-america.com\/site\/ecuador\/wp-json\/wp\/v2\/types\/post"}],"author":[{"embeddable":true,"href":"https:\/\/noti-america.com\/site\/ecuador\/wp-json\/wp\/v2\/users\/17"}],"replies":[{"embeddable":true,"href":"https:\/\/noti-america.com\/site\/ecuador\/wp-json\/wp\/v2\/comments?post=16911"}],"version-history":[{"count":2,"href":"https:\/\/noti-america.com\/site\/ecuador\/wp-json\/wp\/v2\/posts\/16911\/revisions"}],"predecessor-version":[{"id":16915,"href":"https:\/\/noti-america.com\/site\/ecuador\/wp-json\/wp\/v2\/posts\/16911\/revisions\/16915"}],"wp:featuredmedia":[{"embeddable":true,"href":"https:\/\/noti-america.com\/site\/ecuador\/wp-json\/wp\/v2\/media\/16912"}],"wp:attachment":[{"href":"https:\/\/noti-america.com\/site\/ecuador\/wp-json\/wp\/v2\/media?parent=16911"}],"wp:term":[{"taxonomy":"category","embeddable":true,"href":"https:\/\/noti-america.com\/site\/ecuador\/wp-json\/wp\/v2\/categories?post=16911"},{"taxonomy":"post_tag","embeddable":true,"href":"https:\/\/noti-america.com\/site\/ecuador\/wp-json\/wp\/v2\/tags?post=16911"}],"curies":[{"name":"wp","href":"https:\/\/api.w.org\/{rel}","templated":true}]}}