{"id":16873,"date":"2021-10-13T12:39:34","date_gmt":"2021-10-13T12:39:34","guid":{"rendered":"https:\/\/noti-america.com\/site\/ecuador\/?p=16873"},"modified":"2021-10-13T12:39:34","modified_gmt":"2021-10-13T12:39:34","slug":"15-300-estudiantes-de-guayaquil-seran-incluidos-en-campana-de-prevencion","status":"publish","type":"post","link":"https:\/\/noti-america.com\/site\/ecuador\/2021\/10\/13\/15-300-estudiantes-de-guayaquil-seran-incluidos-en-campana-de-prevencion\/","title":{"rendered":"15.300 estudiantes de Guayaquil\u00a0ser\u00e1n incluidos en campa\u00f1a de prevenci\u00f3n"},"content":{"rendered":"<p><strong>REDACCI\u00d3N NOTI AM\u00c9RICA (ECUADOR)<\/strong><\/p>\n<div id=\"attachment_16874\" style=\"width: 700px\" class=\"wp-caption aligncenter\"><img loading=\"lazy\" decoding=\"async\" aria-describedby=\"caption-attachment-16874\" class=\"wp-image-16874\" src=\"https:\/\/noti-america.com\/site\/ecuador\/wp-content\/uploads\/sites\/18\/2021\/10\/DECIMO-SEXTA-CAMPAN\u0303A-DE-PREVENCION-ORAL-8-300x163.jpeg\" alt=\"\" width=\"690\" height=\"375\" srcset=\"https:\/\/noti-america.com\/site\/ecuador\/wp-content\/uploads\/sites\/18\/2021\/10\/DECIMO-SEXTA-CAMPAN\u0303A-DE-PREVENCION-ORAL-8-300x163.jpeg 300w, https:\/\/noti-america.com\/site\/ecuador\/wp-content\/uploads\/sites\/18\/2021\/10\/DECIMO-SEXTA-CAMPAN\u0303A-DE-PREVENCION-ORAL-8-1024x555.jpeg 1024w, https:\/\/noti-america.com\/site\/ecuador\/wp-content\/uploads\/sites\/18\/2021\/10\/DECIMO-SEXTA-CAMPAN\u0303A-DE-PREVENCION-ORAL-8-768x416.jpeg 768w, https:\/\/noti-america.com\/site\/ecuador\/wp-content\/uploads\/sites\/18\/2021\/10\/DECIMO-SEXTA-CAMPAN\u0303A-DE-PREVENCION-ORAL-8.jpeg 1280w\" sizes=\"auto, (max-width: 690px) 100vw, 690px\" \/><p id=\"caption-attachment-16874\" class=\"wp-caption-text\">A los padres de familia se les brind\u00f3 una charla de cuidado odontol\u00f3gico, m\u00e1s\u00a0 la entrega de kits de pasta y cepillo donados por la empresa privada.<\/p><\/div>\n<p style=\"text-align: justify\"><span style=\"font-weight: 400\">M\u00e1s de 15.300 alumnos de 53 escuelas particulares populares de Guayaquil se incluir\u00e1n en la d\u00e9cima sexta campa\u00f1a de prevenci\u00f3n oral desarrollada por\u00a0 la Jefatura de Odontolog\u00eda de la Direcci\u00f3n de Salud del Municipio de Guayaquil.\u00a0<\/span><\/p>\n<p style=\"text-align: justify\"><span style=\"font-weight: 400\">Carlos Salvador, director de Salud e Higiene, asisti\u00f3 a la inauguraci\u00f3n de la\u00a0 jornada en la escuela Lcda. Azucena Loor, ubicada en la cooperativa Enner Parrales (norte de la urbe). All\u00ed se dialog\u00f3 con el director del plantel quien realizar\u00e1 la entrega\u00a0 a los estudiantes de los kits de higiene oral.\u00a0<\/span><\/p>\n<p style=\"text-align: justify\"><span style=\"font-weight: 400\">\u201cTener una boca sana y unos dientes fuertes, nos ayudar\u00e1n a masticar y\u00a0 procesar mejor los alimentos, favoreciendo la digesti\u00f3n y ayud\u00e1ndonos a\u00a0 mantener una buena salud general\u201d, indic\u00f3 Salvador.\u00a0<\/span><\/p>\n<p style=\"text-align: justify\"><span style=\"font-weight: 400\">A los padres de familia se les brind\u00f3 una charla de cuidado odontol\u00f3gico, m\u00e1s\u00a0 la entrega de kits de pasta y cepillo que fueron donados por la empresa p<\/span><span style=\"font-weight: 400\">rivada. Tambi\u00e9n se inform\u00f3 sobre los servicios y lugares de salud municipal\u00a0 donde pueden acudir para la atenci\u00f3n odontol\u00f3gica gratuita.\u00a0\u00a0<\/span><\/p>\n<p style=\"text-align: justify\"><span style=\"font-weight: 400\">Franklin Armijos, quien dirige esta jefatura municipal, mencion\u00f3 que se\u00a0 brindar\u00e1 este servicio tambi\u00e9n a las escuelas de las parroquias rurales. La\u00a0 campa\u00f1a se mantendr\u00e1 hasta finales de noviembre. Quienes necesitan de\u00a0 atenci\u00f3n odontol\u00f3gica pueden asistir a cualquiera de las 35 cl\u00ednicas m\u00f3viles\u00a0 o los 9 Hospitales del D\u00eda del Municipio. <\/span><\/p>\n","protected":false},"excerpt":{"rendered":"<p>REDACCI\u00d3N NOTI AM\u00c9RICA (ECUADOR) M\u00e1s de 15.300 alumnos de 53 escuelas particulares populares de Guayaquil se incluir\u00e1n en la d\u00e9cima sexta campa\u00f1a de prevenci\u00f3n oral desarrollada por\u00a0 la Jefatura de Odontolog\u00eda de la Direcci\u00f3n&#46;&#46;&#46;<\/p>\n","protected":false},"author":113,"featured_media":16874,"comment_status":"open","ping_status":"open","sticky":false,"template":"","format":"standard","meta":{"_acf_changed":false,"om_disable_all_campaigns":false,"rop_custom_images_group":[],"rop_custom_messages_group":[],"rop_publish_now":"initial","rop_publish_now_accounts":{"twitter_242054905_242054905":""},"rop_publish_now_history":[],"rop_publish_now_status":"pending","_uf_show_specific_survey":0,"_uf_disable_surveys":false,"footnotes":""},"categories":[103],"tags":[],"class_list":["post-16873","post","type-post","status-publish","format-standard","has-post-thumbnail","hentry","category-educacion"],"acf":[],"aioseo_notices":[],"yoast_head":"<!-- This site is optimized with the Yoast SEO Premium plugin v24.9 (Yoast SEO v27.2) - https:\/\/yoast.com\/product\/yoast-seo-premium-wordpress\/ -->\n<title>15.300 estudiantes de Guayaquil\u00a0ser\u00e1n incluidos en campa\u00f1a de prevenci\u00f3n - Ecuador | Noti-America.com<\/title>\n<meta name=\"robots\" content=\"index, follow, max-snippet:-1, max-image-preview:large, max-video-preview:-1\" \/>\n<link rel=\"canonical\" href=\"https:\/\/noti-america.com\/site\/ecuador\/2021\/10\/13\/15-300-estudiantes-de-guayaquil-seran-incluidos-en-campana-de-prevencion\/\" \/>\n<meta property=\"og:locale\" content=\"es_ES\" \/>\n<meta property=\"og:type\" content=\"article\" \/>\n<meta property=\"og:title\" content=\"15.300 estudiantes de Guayaquil\u00a0ser\u00e1n incluidos en campa\u00f1a de prevenci\u00f3n\" \/>\n<meta property=\"og:description\" content=\"REDACCI\u00d3N NOTI AM\u00c9RICA (ECUADOR) M\u00e1s de 15.300 alumnos de 53 escuelas particulares populares de Guayaquil se incluir\u00e1n en la d\u00e9cima sexta campa\u00f1a de prevenci\u00f3n oral desarrollada por\u00a0 la Jefatura de Odontolog\u00eda de la Direcci\u00f3n&#046;&#046;&#046;\" \/>\n<meta property=\"og:url\" content=\"https:\/\/noti-america.com\/site\/ecuador\/2021\/10\/13\/15-300-estudiantes-de-guayaquil-seran-incluidos-en-campana-de-prevencion\/\" \/>\n<meta property=\"og:site_name\" content=\"Ecuador | Noti-America.com\" \/>\n<meta property=\"article:published_time\" content=\"2021-10-13T12:39:34+00:00\" \/>\n<meta property=\"og:image\" content=\"https:\/\/noti-america.com\/site\/ecuador\/wp-content\/uploads\/sites\/18\/2021\/10\/DECIMO-SEXTA-CAMPAN\u0303A-DE-PREVENCION-ORAL-8.jpeg\" \/>\n\t<meta property=\"og:image:width\" content=\"1280\" \/>\n\t<meta property=\"og:image:height\" content=\"694\" \/>\n\t<meta property=\"og:image:type\" content=\"image\/jpeg\" \/>\n<meta name=\"author\" content=\"Henry Ortiz\" \/>\n<meta name=\"twitter:card\" content=\"summary_large_image\" \/>\n<meta name=\"twitter:creator\" content=\"@notiamerica\" \/>\n<meta name=\"twitter:site\" content=\"@notiamerica\" \/>\n<meta name=\"twitter:label1\" content=\"Escrito por\" \/>\n\t<meta name=\"twitter:data1\" content=\"Henry Ortiz\" \/>\n\t<meta name=\"twitter:label2\" content=\"Tiempo estimado de lectura\" \/>\n\t<meta name=\"twitter:data2\" content=\"2 minutos\" \/>\n<script type=\"application\/ld+json\" class=\"yoast-schema-graph\">{\"@context\":\"https:\/\/schema.org\",\"@graph\":[{\"@type\":\"Article\",\"@id\":\"https:\/\/noti-america.com\/site\/ecuador\/2021\/10\/13\/15-300-estudiantes-de-guayaquil-seran-incluidos-en-campana-de-prevencion\/#article\",\"isPartOf\":{\"@id\":\"https:\/\/noti-america.com\/site\/ecuador\/2021\/10\/13\/15-300-estudiantes-de-guayaquil-seran-incluidos-en-campana-de-prevencion\/\"},\"author\":{\"name\":\"Henry Ortiz\",\"@id\":\"https:\/\/noti-america.com\/site\/ecuador\/#\/schema\/person\/b9d1630cc6598af759d45c790a347283\"},\"headline\":\"15.300 estudiantes de Guayaquil\u00a0ser\u00e1n incluidos en campa\u00f1a de prevenci\u00f3n\",\"datePublished\":\"2021-10-13T12:39:34+00:00\",\"mainEntityOfPage\":{\"@id\":\"https:\/\/noti-america.com\/site\/ecuador\/2021\/10\/13\/15-300-estudiantes-de-guayaquil-seran-incluidos-en-campana-de-prevencion\/\"},\"wordCount\":290,\"commentCount\":0,\"publisher\":{\"@id\":\"https:\/\/noti-america.com\/site\/ecuador\/#organization\"},\"image\":{\"@id\":\"https:\/\/noti-america.com\/site\/ecuador\/2021\/10\/13\/15-300-estudiantes-de-guayaquil-seran-incluidos-en-campana-de-prevencion\/#primaryimage\"},\"thumbnailUrl\":\"https:\/\/noti-america.com\/site\/ecuador\/wp-content\/uploads\/sites\/18\/2021\/10\/DECIMO-SEXTA-CAMPAN\u0303A-DE-PREVENCION-ORAL-8.jpeg\",\"articleSection\":[\"Educaci\u00f3n\"],\"inLanguage\":\"es\",\"potentialAction\":[{\"@type\":\"CommentAction\",\"name\":\"Comment\",\"target\":[\"https:\/\/noti-america.com\/site\/ecuador\/2021\/10\/13\/15-300-estudiantes-de-guayaquil-seran-incluidos-en-campana-de-prevencion\/#respond\"]}]},{\"@type\":\"WebPage\",\"@id\":\"https:\/\/noti-america.com\/site\/ecuador\/2021\/10\/13\/15-300-estudiantes-de-guayaquil-seran-incluidos-en-campana-de-prevencion\/\",\"url\":\"https:\/\/noti-america.com\/site\/ecuador\/2021\/10\/13\/15-300-estudiantes-de-guayaquil-seran-incluidos-en-campana-de-prevencion\/\",\"name\":\"15.300 estudiantes de Guayaquil\u00a0ser\u00e1n incluidos en campa\u00f1a de prevenci\u00f3n - Ecuador | Noti-America.com\",\"isPartOf\":{\"@id\":\"https:\/\/noti-america.com\/site\/ecuador\/#website\"},\"primaryImageOfPage\":{\"@id\":\"https:\/\/noti-america.com\/site\/ecuador\/2021\/10\/13\/15-300-estudiantes-de-guayaquil-seran-incluidos-en-campana-de-prevencion\/#primaryimage\"},\"image\":{\"@id\":\"https:\/\/noti-america.com\/site\/ecuador\/2021\/10\/13\/15-300-estudiantes-de-guayaquil-seran-incluidos-en-campana-de-prevencion\/#primaryimage\"},\"thumbnailUrl\":\"https:\/\/noti-america.com\/site\/ecuador\/wp-content\/uploads\/sites\/18\/2021\/10\/DECIMO-SEXTA-CAMPAN\u0303A-DE-PREVENCION-ORAL-8.jpeg\",\"datePublished\":\"2021-10-13T12:39:34+00:00\",\"breadcrumb\":{\"@id\":\"https:\/\/noti-america.com\/site\/ecuador\/2021\/10\/13\/15-300-estudiantes-de-guayaquil-seran-incluidos-en-campana-de-prevencion\/#breadcrumb\"},\"inLanguage\":\"es\",\"potentialAction\":[{\"@type\":\"ReadAction\",\"target\":[\"https:\/\/noti-america.com\/site\/ecuador\/2021\/10\/13\/15-300-estudiantes-de-guayaquil-seran-incluidos-en-campana-de-prevencion\/\"]}]},{\"@type\":\"ImageObject\",\"inLanguage\":\"es\",\"@id\":\"https:\/\/noti-america.com\/site\/ecuador\/2021\/10\/13\/15-300-estudiantes-de-guayaquil-seran-incluidos-en-campana-de-prevencion\/#primaryimage\",\"url\":\"https:\/\/noti-america.com\/site\/ecuador\/wp-content\/uploads\/sites\/18\/2021\/10\/DECIMO-SEXTA-CAMPAN\u0303A-DE-PREVENCION-ORAL-8.jpeg\",\"contentUrl\":\"https:\/\/noti-america.com\/site\/ecuador\/wp-content\/uploads\/sites\/18\/2021\/10\/DECIMO-SEXTA-CAMPAN\u0303A-DE-PREVENCION-ORAL-8.jpeg\",\"width\":1280,\"height\":694},{\"@type\":\"BreadcrumbList\",\"@id\":\"https:\/\/noti-america.com\/site\/ecuador\/2021\/10\/13\/15-300-estudiantes-de-guayaquil-seran-incluidos-en-campana-de-prevencion\/#breadcrumb\",\"itemListElement\":[{\"@type\":\"ListItem\",\"position\":1,\"name\":\"Portada\",\"item\":\"https:\/\/noti-america.com\/site\/ecuador\/\"},{\"@type\":\"ListItem\",\"position\":2,\"name\":\"15.300 estudiantes de Guayaquil\u00a0ser\u00e1n incluidos en campa\u00f1a de prevenci\u00f3n\"}]},{\"@type\":\"WebSite\",\"@id\":\"https:\/\/noti-america.com\/site\/ecuador\/#website\",\"url\":\"https:\/\/noti-america.com\/site\/ecuador\/\",\"name\":\"Ecuador | Noti-America.com\",\"description\":\"\",\"publisher\":{\"@id\":\"https:\/\/noti-america.com\/site\/ecuador\/#organization\"},\"potentialAction\":[{\"@type\":\"SearchAction\",\"target\":{\"@type\":\"EntryPoint\",\"urlTemplate\":\"https:\/\/noti-america.com\/site\/ecuador\/?s={search_term_string}\"},\"query-input\":{\"@type\":\"PropertyValueSpecification\",\"valueRequired\":true,\"valueName\":\"search_term_string\"}}],\"inLanguage\":\"es\"},{\"@type\":\"Organization\",\"@id\":\"https:\/\/noti-america.com\/site\/ecuador\/#organization\",\"name\":\"Noti-America LLC | Ecuador\",\"url\":\"https:\/\/noti-america.com\/site\/ecuador\/\",\"logo\":{\"@type\":\"ImageObject\",\"inLanguage\":\"es\",\"@id\":\"https:\/\/noti-america.com\/site\/ecuador\/#\/schema\/logo\/image\/\",\"url\":\"https:\/\/noti-america.com\/site\/ecuador\/wp-content\/uploads\/sites\/18\/2020\/07\/LogoNA-4x3-1.jpg\",\"contentUrl\":\"https:\/\/noti-america.com\/site\/ecuador\/wp-content\/uploads\/sites\/18\/2020\/07\/LogoNA-4x3-1.jpg\",\"width\":1236,\"height\":1080,\"caption\":\"Noti-America LLC | Ecuador\"},\"image\":{\"@id\":\"https:\/\/noti-america.com\/site\/ecuador\/#\/schema\/logo\/image\/\"},\"sameAs\":[\"https:\/\/x.com\/notiamerica\"]},{\"@type\":\"Person\",\"@id\":\"https:\/\/noti-america.com\/site\/ecuador\/#\/schema\/person\/b9d1630cc6598af759d45c790a347283\",\"name\":\"Henry Ortiz\",\"image\":{\"@type\":\"ImageObject\",\"inLanguage\":\"es\",\"@id\":\"https:\/\/secure.gravatar.com\/avatar\/0b5407b5b302fbb6a578e625dca512ac2983ee5fa9ea941d581b83c40212e4c8?s=96&d=mm&r=g\",\"url\":\"https:\/\/secure.gravatar.com\/avatar\/0b5407b5b302fbb6a578e625dca512ac2983ee5fa9ea941d581b83c40212e4c8?s=96&d=mm&r=g\",\"contentUrl\":\"https:\/\/secure.gravatar.com\/avatar\/0b5407b5b302fbb6a578e625dca512ac2983ee5fa9ea941d581b83c40212e4c8?s=96&d=mm&r=g\",\"caption\":\"Henry Ortiz\"},\"url\":\"https:\/\/noti-america.com\/site\/ecuador\/author\/hortiz\/\"}]}<\/script>\n<!-- \/ Yoast SEO Premium plugin. -->","yoast_head_json":{"title":"15.300 estudiantes de Guayaquil\u00a0ser\u00e1n incluidos en campa\u00f1a de prevenci\u00f3n - Ecuador | Noti-America.com","robots":{"index":"index","follow":"follow","max-snippet":"max-snippet:-1","max-image-preview":"max-image-preview:large","max-video-preview":"max-video-preview:-1"},"canonical":"https:\/\/noti-america.com\/site\/ecuador\/2021\/10\/13\/15-300-estudiantes-de-guayaquil-seran-incluidos-en-campana-de-prevencion\/","og_locale":"es_ES","og_type":"article","og_title":"15.300 estudiantes de Guayaquil\u00a0ser\u00e1n incluidos en campa\u00f1a de prevenci\u00f3n","og_description":"REDACCI\u00d3N NOTI AM\u00c9RICA (ECUADOR) M\u00e1s de 15.300 alumnos de 53 escuelas particulares populares de Guayaquil se incluir\u00e1n en la d\u00e9cima sexta campa\u00f1a de prevenci\u00f3n oral desarrollada por\u00a0 la Jefatura de Odontolog\u00eda de la Direcci\u00f3n&#46;&#46;&#46;","og_url":"https:\/\/noti-america.com\/site\/ecuador\/2021\/10\/13\/15-300-estudiantes-de-guayaquil-seran-incluidos-en-campana-de-prevencion\/","og_site_name":"Ecuador | Noti-America.com","article_published_time":"2021-10-13T12:39:34+00:00","og_image":[{"width":1280,"height":694,"url":"https:\/\/noti-america.com\/site\/ecuador\/wp-content\/uploads\/sites\/18\/2021\/10\/DECIMO-SEXTA-CAMPAN\u0303A-DE-PREVENCION-ORAL-8.jpeg","type":"image\/jpeg"}],"author":"Henry Ortiz","twitter_card":"summary_large_image","twitter_creator":"@notiamerica","twitter_site":"@notiamerica","twitter_misc":{"Escrito por":"Henry Ortiz","Tiempo estimado de lectura":"2 minutos"},"schema":{"@context":"https:\/\/schema.org","@graph":[{"@type":"Article","@id":"https:\/\/noti-america.com\/site\/ecuador\/2021\/10\/13\/15-300-estudiantes-de-guayaquil-seran-incluidos-en-campana-de-prevencion\/#article","isPartOf":{"@id":"https:\/\/noti-america.com\/site\/ecuador\/2021\/10\/13\/15-300-estudiantes-de-guayaquil-seran-incluidos-en-campana-de-prevencion\/"},"author":{"name":"Henry Ortiz","@id":"https:\/\/noti-america.com\/site\/ecuador\/#\/schema\/person\/b9d1630cc6598af759d45c790a347283"},"headline":"15.300 estudiantes de Guayaquil\u00a0ser\u00e1n incluidos en campa\u00f1a de prevenci\u00f3n","datePublished":"2021-10-13T12:39:34+00:00","mainEntityOfPage":{"@id":"https:\/\/noti-america.com\/site\/ecuador\/2021\/10\/13\/15-300-estudiantes-de-guayaquil-seran-incluidos-en-campana-de-prevencion\/"},"wordCount":290,"commentCount":0,"publisher":{"@id":"https:\/\/noti-america.com\/site\/ecuador\/#organization"},"image":{"@id":"https:\/\/noti-america.com\/site\/ecuador\/2021\/10\/13\/15-300-estudiantes-de-guayaquil-seran-incluidos-en-campana-de-prevencion\/#primaryimage"},"thumbnailUrl":"https:\/\/noti-america.com\/site\/ecuador\/wp-content\/uploads\/sites\/18\/2021\/10\/DECIMO-SEXTA-CAMPAN\u0303A-DE-PREVENCION-ORAL-8.jpeg","articleSection":["Educaci\u00f3n"],"inLanguage":"es","potentialAction":[{"@type":"CommentAction","name":"Comment","target":["https:\/\/noti-america.com\/site\/ecuador\/2021\/10\/13\/15-300-estudiantes-de-guayaquil-seran-incluidos-en-campana-de-prevencion\/#respond"]}]},{"@type":"WebPage","@id":"https:\/\/noti-america.com\/site\/ecuador\/2021\/10\/13\/15-300-estudiantes-de-guayaquil-seran-incluidos-en-campana-de-prevencion\/","url":"https:\/\/noti-america.com\/site\/ecuador\/2021\/10\/13\/15-300-estudiantes-de-guayaquil-seran-incluidos-en-campana-de-prevencion\/","name":"15.300 estudiantes de Guayaquil\u00a0ser\u00e1n incluidos en campa\u00f1a de prevenci\u00f3n - Ecuador | Noti-America.com","isPartOf":{"@id":"https:\/\/noti-america.com\/site\/ecuador\/#website"},"primaryImageOfPage":{"@id":"https:\/\/noti-america.com\/site\/ecuador\/2021\/10\/13\/15-300-estudiantes-de-guayaquil-seran-incluidos-en-campana-de-prevencion\/#primaryimage"},"image":{"@id":"https:\/\/noti-america.com\/site\/ecuador\/2021\/10\/13\/15-300-estudiantes-de-guayaquil-seran-incluidos-en-campana-de-prevencion\/#primaryimage"},"thumbnailUrl":"https:\/\/noti-america.com\/site\/ecuador\/wp-content\/uploads\/sites\/18\/2021\/10\/DECIMO-SEXTA-CAMPAN\u0303A-DE-PREVENCION-ORAL-8.jpeg","datePublished":"2021-10-13T12:39:34+00:00","breadcrumb":{"@id":"https:\/\/noti-america.com\/site\/ecuador\/2021\/10\/13\/15-300-estudiantes-de-guayaquil-seran-incluidos-en-campana-de-prevencion\/#breadcrumb"},"inLanguage":"es","potentialAction":[{"@type":"ReadAction","target":["https:\/\/noti-america.com\/site\/ecuador\/2021\/10\/13\/15-300-estudiantes-de-guayaquil-seran-incluidos-en-campana-de-prevencion\/"]}]},{"@type":"ImageObject","inLanguage":"es","@id":"https:\/\/noti-america.com\/site\/ecuador\/2021\/10\/13\/15-300-estudiantes-de-guayaquil-seran-incluidos-en-campana-de-prevencion\/#primaryimage","url":"https:\/\/noti-america.com\/site\/ecuador\/wp-content\/uploads\/sites\/18\/2021\/10\/DECIMO-SEXTA-CAMPAN\u0303A-DE-PREVENCION-ORAL-8.jpeg","contentUrl":"https:\/\/noti-america.com\/site\/ecuador\/wp-content\/uploads\/sites\/18\/2021\/10\/DECIMO-SEXTA-CAMPAN\u0303A-DE-PREVENCION-ORAL-8.jpeg","width":1280,"height":694},{"@type":"BreadcrumbList","@id":"https:\/\/noti-america.com\/site\/ecuador\/2021\/10\/13\/15-300-estudiantes-de-guayaquil-seran-incluidos-en-campana-de-prevencion\/#breadcrumb","itemListElement":[{"@type":"ListItem","position":1,"name":"Portada","item":"https:\/\/noti-america.com\/site\/ecuador\/"},{"@type":"ListItem","position":2,"name":"15.300 estudiantes de Guayaquil\u00a0ser\u00e1n incluidos en campa\u00f1a de prevenci\u00f3n"}]},{"@type":"WebSite","@id":"https:\/\/noti-america.com\/site\/ecuador\/#website","url":"https:\/\/noti-america.com\/site\/ecuador\/","name":"Ecuador | Noti-America.com","description":"","publisher":{"@id":"https:\/\/noti-america.com\/site\/ecuador\/#organization"},"potentialAction":[{"@type":"SearchAction","target":{"@type":"EntryPoint","urlTemplate":"https:\/\/noti-america.com\/site\/ecuador\/?s={search_term_string}"},"query-input":{"@type":"PropertyValueSpecification","valueRequired":true,"valueName":"search_term_string"}}],"inLanguage":"es"},{"@type":"Organization","@id":"https:\/\/noti-america.com\/site\/ecuador\/#organization","name":"Noti-America LLC | Ecuador","url":"https:\/\/noti-america.com\/site\/ecuador\/","logo":{"@type":"ImageObject","inLanguage":"es","@id":"https:\/\/noti-america.com\/site\/ecuador\/#\/schema\/logo\/image\/","url":"https:\/\/noti-america.com\/site\/ecuador\/wp-content\/uploads\/sites\/18\/2020\/07\/LogoNA-4x3-1.jpg","contentUrl":"https:\/\/noti-america.com\/site\/ecuador\/wp-content\/uploads\/sites\/18\/2020\/07\/LogoNA-4x3-1.jpg","width":1236,"height":1080,"caption":"Noti-America LLC | Ecuador"},"image":{"@id":"https:\/\/noti-america.com\/site\/ecuador\/#\/schema\/logo\/image\/"},"sameAs":["https:\/\/x.com\/notiamerica"]},{"@type":"Person","@id":"https:\/\/noti-america.com\/site\/ecuador\/#\/schema\/person\/b9d1630cc6598af759d45c790a347283","name":"Henry Ortiz","image":{"@type":"ImageObject","inLanguage":"es","@id":"https:\/\/secure.gravatar.com\/avatar\/0b5407b5b302fbb6a578e625dca512ac2983ee5fa9ea941d581b83c40212e4c8?s=96&d=mm&r=g","url":"https:\/\/secure.gravatar.com\/avatar\/0b5407b5b302fbb6a578e625dca512ac2983ee5fa9ea941d581b83c40212e4c8?s=96&d=mm&r=g","contentUrl":"https:\/\/secure.gravatar.com\/avatar\/0b5407b5b302fbb6a578e625dca512ac2983ee5fa9ea941d581b83c40212e4c8?s=96&d=mm&r=g","caption":"Henry Ortiz"},"url":"https:\/\/noti-america.com\/site\/ecuador\/author\/hortiz\/"}]}},"_links":{"self":[{"href":"https:\/\/noti-america.com\/site\/ecuador\/wp-json\/wp\/v2\/posts\/16873","targetHints":{"allow":["GET"]}}],"collection":[{"href":"https:\/\/noti-america.com\/site\/ecuador\/wp-json\/wp\/v2\/posts"}],"about":[{"href":"https:\/\/noti-america.com\/site\/ecuador\/wp-json\/wp\/v2\/types\/post"}],"author":[{"embeddable":true,"href":"https:\/\/noti-america.com\/site\/ecuador\/wp-json\/wp\/v2\/users\/113"}],"replies":[{"embeddable":true,"href":"https:\/\/noti-america.com\/site\/ecuador\/wp-json\/wp\/v2\/comments?post=16873"}],"version-history":[{"count":1,"href":"https:\/\/noti-america.com\/site\/ecuador\/wp-json\/wp\/v2\/posts\/16873\/revisions"}],"predecessor-version":[{"id":16875,"href":"https:\/\/noti-america.com\/site\/ecuador\/wp-json\/wp\/v2\/posts\/16873\/revisions\/16875"}],"wp:featuredmedia":[{"embeddable":true,"href":"https:\/\/noti-america.com\/site\/ecuador\/wp-json\/wp\/v2\/media\/16874"}],"wp:attachment":[{"href":"https:\/\/noti-america.com\/site\/ecuador\/wp-json\/wp\/v2\/media?parent=16873"}],"wp:term":[{"taxonomy":"category","embeddable":true,"href":"https:\/\/noti-america.com\/site\/ecuador\/wp-json\/wp\/v2\/categories?post=16873"},{"taxonomy":"post_tag","embeddable":true,"href":"https:\/\/noti-america.com\/site\/ecuador\/wp-json\/wp\/v2\/tags?post=16873"}],"curies":[{"name":"wp","href":"https:\/\/api.w.org\/{rel}","templated":true}]}}