{"id":16870,"date":"2021-10-13T12:29:45","date_gmt":"2021-10-13T12:29:45","guid":{"rendered":"https:\/\/noti-america.com\/site\/ecuador\/?p=16870"},"modified":"2021-10-13T12:29:45","modified_gmt":"2021-10-13T12:29:45","slug":"7-beneficiarias-de-programas-de-la-direccion-de-la-mujer-presentan-sus-proyectos","status":"publish","type":"post","link":"https:\/\/noti-america.com\/site\/ecuador\/2021\/10\/13\/7-beneficiarias-de-programas-de-la-direccion-de-la-mujer-presentan-sus-proyectos\/","title":{"rendered":"7\u00a0 beneficiarias de programas de la Direcci\u00f3n de la Mujer presentan sus proyectos"},"content":{"rendered":"<p style=\"text-align: justify\"><strong>REDACCI\u00d3N NOTI AM\u00c9RICA (ECUADOR)<\/strong><\/p>\n<div id=\"attachment_16871\" style=\"width: 694px\" class=\"wp-caption aligncenter\"><img loading=\"lazy\" decoding=\"async\" aria-describedby=\"caption-attachment-16871\" class=\"wp-image-16871\" src=\"https:\/\/noti-america.com\/site\/ecuador\/wp-content\/uploads\/sites\/18\/2021\/10\/Alcaldesa-recibio-la-visita-de-7-beneficiarias-2-300x200.jpeg\" alt=\"\" width=\"684\" height=\"456\" srcset=\"https:\/\/noti-america.com\/site\/ecuador\/wp-content\/uploads\/sites\/18\/2021\/10\/Alcaldesa-recibio-la-visita-de-7-beneficiarias-2-300x200.jpeg 300w, https:\/\/noti-america.com\/site\/ecuador\/wp-content\/uploads\/sites\/18\/2021\/10\/Alcaldesa-recibio-la-visita-de-7-beneficiarias-2-1024x683.jpeg 1024w, https:\/\/noti-america.com\/site\/ecuador\/wp-content\/uploads\/sites\/18\/2021\/10\/Alcaldesa-recibio-la-visita-de-7-beneficiarias-2-768x512.jpeg 768w, https:\/\/noti-america.com\/site\/ecuador\/wp-content\/uploads\/sites\/18\/2021\/10\/Alcaldesa-recibio-la-visita-de-7-beneficiarias-2-272x182.jpeg 272w, https:\/\/noti-america.com\/site\/ecuador\/wp-content\/uploads\/sites\/18\/2021\/10\/Alcaldesa-recibio-la-visita-de-7-beneficiarias-2.jpeg 1368w\" sizes=\"auto, (max-width: 684px) 100vw, 684px\" \/><p id=\"caption-attachment-16871\" class=\"wp-caption-text\">La comitiva estuvo integrada por Mishell, de 18 a\u00f1os, y Brithany (14), de\u00a0 Nueva Prosperina, y Lubys (15), de la parroquia rural El Morro.<\/p><\/div>\n<p style=\"text-align: justify\"><span style=\"font-weight: 400\">Por el D\u00eda Internacional de la Ni\u00f1a, la alcaldesa de Guayaquil,\u00a0 Cynthia\u00a0 Viteri, recibi\u00f3 a 7 ni\u00f1as beneficiarias de los programas Alza tu voz y Educando\u00a0 en el camino que ejecuta la Direcci\u00f3n de la Mujer.\u00a0<\/span><\/p>\n<p style=\"text-align: justify\"><span style=\"font-weight: 400\">Las ni\u00f1as y adolescentes agradecieron a la Alcaldesa por estos programas\u00a0 municipales que les permiten aprender sobre sus derechos y trabajar en la\u00a0 prevenci\u00f3n de la violencia y porque con Educando en el camino los ni\u00f1os de\u00a0 Monte Sinah\u00ed, Hogar de Nazareth y Pun\u00e1 tienen acceso a la educaci\u00f3n.\u00a0<\/span><\/p>\n<p style=\"text-align: justify\"><span style=\"font-weight: 400\">Adem\u00e1s, Dom\u00e9nica, menor beneficiaria,\u00a0 a nombre de sus compa\u00f1eras, le entreg\u00f3 a la Alcaldesa\u00a0 dibujos y cartas con los sue\u00f1os de todas. <\/span><\/p>\n<p style=\"text-align: justify\"><span style=\"font-weight: 400\">\u201cNosotros, a trav\u00e9s de la Direcci\u00f3n\u00a0 de la Mujer, queremos empezar a trabajar desde la ni\u00f1ez los problemas que\u00a0 las mujeres tenemos de adultas. Para ello se ha creado la Escuela de\u00a0 Liderazgo. Hay 600 peque\u00f1as que hablan como si fueran adultas, con la\u00a0 conciencia cierta de que no merecen malos tratos psicol\u00f3gicos ni f\u00edsicos y\u00a0 que deben defender y proteger a las m\u00e1s peque\u00f1as\u201d, dijo Viteri.\u00a0<\/span><\/p>\n<p style=\"text-align: justify\"><span style=\"font-weight: 400\">La Directora de la Mujer, Vivianne Almeida, concluy\u00f3 que \u201cla Alcaldesa ratifica\u00a0 su compromiso de priorizar el bienestar de las ni\u00f1as y adolescentes, a trav\u00e9s\u00a0 de nuestros los proyectos. Hoy ha compartido con ellas, ha escuchado sus\u00a0 voces, sus sue\u00f1os, la experiencia que est\u00e1n teniendo en los proyectos y ha\u00a0 ratificado su compromiso de continuar priorizando y siendo un ejemplo de\u00a0 c\u00f3mo desde el sector p\u00fablico debemos involucrarnos de manera activa, para\u00a0 canalizar que esos sue\u00f1os se cumplan y sobre todo en la prevenci\u00f3n de la\u00a0 violencia a la que est\u00e1n expuestas\u201d, dijo.<\/span><\/p>\n<p style=\"text-align: justify\">\n","protected":false},"excerpt":{"rendered":"<p>REDACCI\u00d3N NOTI AM\u00c9RICA (ECUADOR) Por el D\u00eda Internacional de la Ni\u00f1a, la alcaldesa de Guayaquil,\u00a0 Cynthia\u00a0 Viteri, recibi\u00f3 a 7 ni\u00f1as beneficiarias de los programas Alza tu voz y Educando\u00a0 en el camino que&#46;&#46;&#46;<\/p>\n","protected":false},"author":113,"featured_media":16871,"comment_status":"open","ping_status":"open","sticky":false,"template":"","format":"standard","meta":{"_acf_changed":false,"om_disable_all_campaigns":false,"rop_custom_images_group":[],"rop_custom_messages_group":[],"rop_publish_now":"initial","rop_publish_now_accounts":{"twitter_242054905_242054905":""},"rop_publish_now_history":[],"rop_publish_now_status":"pending","_uf_show_specific_survey":0,"_uf_disable_surveys":false,"footnotes":""},"categories":[125],"tags":[],"class_list":["post-16870","post","type-post","status-publish","format-standard","has-post-thumbnail","hentry","category-actualidad"],"acf":[],"aioseo_notices":[],"yoast_head":"<!-- This site is optimized with the Yoast SEO Premium plugin v24.9 (Yoast SEO v27.2) - https:\/\/yoast.com\/product\/yoast-seo-premium-wordpress\/ -->\n<title>7\u00a0 beneficiarias de programas de la Direcci\u00f3n de la Mujer presentan sus proyectos - Ecuador | Noti-America.com<\/title>\n<meta name=\"robots\" content=\"index, follow, max-snippet:-1, max-image-preview:large, max-video-preview:-1\" \/>\n<link rel=\"canonical\" href=\"https:\/\/noti-america.com\/site\/ecuador\/2021\/10\/13\/7-beneficiarias-de-programas-de-la-direccion-de-la-mujer-presentan-sus-proyectos\/\" \/>\n<meta property=\"og:locale\" content=\"es_ES\" \/>\n<meta property=\"og:type\" content=\"article\" \/>\n<meta property=\"og:title\" content=\"7\u00a0 beneficiarias de programas de la Direcci\u00f3n de la Mujer presentan sus proyectos\" \/>\n<meta property=\"og:description\" content=\"REDACCI\u00d3N NOTI AM\u00c9RICA (ECUADOR) Por el D\u00eda Internacional de la Ni\u00f1a, la alcaldesa de Guayaquil,\u00a0 Cynthia\u00a0 Viteri, recibi\u00f3 a 7 ni\u00f1as beneficiarias de los programas Alza tu voz y Educando\u00a0 en el camino que&#046;&#046;&#046;\" \/>\n<meta property=\"og:url\" content=\"https:\/\/noti-america.com\/site\/ecuador\/2021\/10\/13\/7-beneficiarias-de-programas-de-la-direccion-de-la-mujer-presentan-sus-proyectos\/\" \/>\n<meta property=\"og:site_name\" content=\"Ecuador | Noti-America.com\" \/>\n<meta property=\"article:published_time\" content=\"2021-10-13T12:29:45+00:00\" \/>\n<meta property=\"og:image\" content=\"https:\/\/noti-america.com\/site\/ecuador\/wp-content\/uploads\/sites\/18\/2021\/10\/Alcaldesa-recibio-la-visita-de-7-beneficiarias-2.jpeg\" \/>\n\t<meta property=\"og:image:width\" content=\"1368\" \/>\n\t<meta property=\"og:image:height\" content=\"912\" \/>\n\t<meta property=\"og:image:type\" content=\"image\/jpeg\" \/>\n<meta name=\"author\" content=\"Henry Ortiz\" \/>\n<meta name=\"twitter:card\" content=\"summary_large_image\" \/>\n<meta name=\"twitter:creator\" content=\"@notiamerica\" \/>\n<meta name=\"twitter:site\" content=\"@notiamerica\" \/>\n<meta name=\"twitter:label1\" content=\"Escrito por\" \/>\n\t<meta name=\"twitter:data1\" content=\"Henry Ortiz\" \/>\n\t<meta name=\"twitter:label2\" content=\"Tiempo estimado de lectura\" \/>\n\t<meta name=\"twitter:data2\" content=\"2 minutos\" \/>\n<script type=\"application\/ld+json\" class=\"yoast-schema-graph\">{\"@context\":\"https:\/\/schema.org\",\"@graph\":[{\"@type\":\"Article\",\"@id\":\"https:\/\/noti-america.com\/site\/ecuador\/2021\/10\/13\/7-beneficiarias-de-programas-de-la-direccion-de-la-mujer-presentan-sus-proyectos\/#article\",\"isPartOf\":{\"@id\":\"https:\/\/noti-america.com\/site\/ecuador\/2021\/10\/13\/7-beneficiarias-de-programas-de-la-direccion-de-la-mujer-presentan-sus-proyectos\/\"},\"author\":{\"name\":\"Henry Ortiz\",\"@id\":\"https:\/\/noti-america.com\/site\/ecuador\/#\/schema\/person\/b9d1630cc6598af759d45c790a347283\"},\"headline\":\"7\u00a0 beneficiarias de programas de la Direcci\u00f3n de la Mujer presentan sus proyectos\",\"datePublished\":\"2021-10-13T12:29:45+00:00\",\"mainEntityOfPage\":{\"@id\":\"https:\/\/noti-america.com\/site\/ecuador\/2021\/10\/13\/7-beneficiarias-de-programas-de-la-direccion-de-la-mujer-presentan-sus-proyectos\/\"},\"wordCount\":342,\"commentCount\":0,\"publisher\":{\"@id\":\"https:\/\/noti-america.com\/site\/ecuador\/#organization\"},\"image\":{\"@id\":\"https:\/\/noti-america.com\/site\/ecuador\/2021\/10\/13\/7-beneficiarias-de-programas-de-la-direccion-de-la-mujer-presentan-sus-proyectos\/#primaryimage\"},\"thumbnailUrl\":\"https:\/\/noti-america.com\/site\/ecuador\/wp-content\/uploads\/sites\/18\/2021\/10\/Alcaldesa-recibio-la-visita-de-7-beneficiarias-2.jpeg\",\"articleSection\":[\"Actualidad\"],\"inLanguage\":\"es\",\"potentialAction\":[{\"@type\":\"CommentAction\",\"name\":\"Comment\",\"target\":[\"https:\/\/noti-america.com\/site\/ecuador\/2021\/10\/13\/7-beneficiarias-de-programas-de-la-direccion-de-la-mujer-presentan-sus-proyectos\/#respond\"]}]},{\"@type\":\"WebPage\",\"@id\":\"https:\/\/noti-america.com\/site\/ecuador\/2021\/10\/13\/7-beneficiarias-de-programas-de-la-direccion-de-la-mujer-presentan-sus-proyectos\/\",\"url\":\"https:\/\/noti-america.com\/site\/ecuador\/2021\/10\/13\/7-beneficiarias-de-programas-de-la-direccion-de-la-mujer-presentan-sus-proyectos\/\",\"name\":\"7\u00a0 beneficiarias de programas de la Direcci\u00f3n de la Mujer presentan sus proyectos - Ecuador | Noti-America.com\",\"isPartOf\":{\"@id\":\"https:\/\/noti-america.com\/site\/ecuador\/#website\"},\"primaryImageOfPage\":{\"@id\":\"https:\/\/noti-america.com\/site\/ecuador\/2021\/10\/13\/7-beneficiarias-de-programas-de-la-direccion-de-la-mujer-presentan-sus-proyectos\/#primaryimage\"},\"image\":{\"@id\":\"https:\/\/noti-america.com\/site\/ecuador\/2021\/10\/13\/7-beneficiarias-de-programas-de-la-direccion-de-la-mujer-presentan-sus-proyectos\/#primaryimage\"},\"thumbnailUrl\":\"https:\/\/noti-america.com\/site\/ecuador\/wp-content\/uploads\/sites\/18\/2021\/10\/Alcaldesa-recibio-la-visita-de-7-beneficiarias-2.jpeg\",\"datePublished\":\"2021-10-13T12:29:45+00:00\",\"breadcrumb\":{\"@id\":\"https:\/\/noti-america.com\/site\/ecuador\/2021\/10\/13\/7-beneficiarias-de-programas-de-la-direccion-de-la-mujer-presentan-sus-proyectos\/#breadcrumb\"},\"inLanguage\":\"es\",\"potentialAction\":[{\"@type\":\"ReadAction\",\"target\":[\"https:\/\/noti-america.com\/site\/ecuador\/2021\/10\/13\/7-beneficiarias-de-programas-de-la-direccion-de-la-mujer-presentan-sus-proyectos\/\"]}]},{\"@type\":\"ImageObject\",\"inLanguage\":\"es\",\"@id\":\"https:\/\/noti-america.com\/site\/ecuador\/2021\/10\/13\/7-beneficiarias-de-programas-de-la-direccion-de-la-mujer-presentan-sus-proyectos\/#primaryimage\",\"url\":\"https:\/\/noti-america.com\/site\/ecuador\/wp-content\/uploads\/sites\/18\/2021\/10\/Alcaldesa-recibio-la-visita-de-7-beneficiarias-2.jpeg\",\"contentUrl\":\"https:\/\/noti-america.com\/site\/ecuador\/wp-content\/uploads\/sites\/18\/2021\/10\/Alcaldesa-recibio-la-visita-de-7-beneficiarias-2.jpeg\",\"width\":1368,\"height\":912},{\"@type\":\"BreadcrumbList\",\"@id\":\"https:\/\/noti-america.com\/site\/ecuador\/2021\/10\/13\/7-beneficiarias-de-programas-de-la-direccion-de-la-mujer-presentan-sus-proyectos\/#breadcrumb\",\"itemListElement\":[{\"@type\":\"ListItem\",\"position\":1,\"name\":\"Portada\",\"item\":\"https:\/\/noti-america.com\/site\/ecuador\/\"},{\"@type\":\"ListItem\",\"position\":2,\"name\":\"7\u00a0 beneficiarias de programas de la Direcci\u00f3n de la Mujer presentan sus proyectos\"}]},{\"@type\":\"WebSite\",\"@id\":\"https:\/\/noti-america.com\/site\/ecuador\/#website\",\"url\":\"https:\/\/noti-america.com\/site\/ecuador\/\",\"name\":\"Ecuador | Noti-America.com\",\"description\":\"\",\"publisher\":{\"@id\":\"https:\/\/noti-america.com\/site\/ecuador\/#organization\"},\"potentialAction\":[{\"@type\":\"SearchAction\",\"target\":{\"@type\":\"EntryPoint\",\"urlTemplate\":\"https:\/\/noti-america.com\/site\/ecuador\/?s={search_term_string}\"},\"query-input\":{\"@type\":\"PropertyValueSpecification\",\"valueRequired\":true,\"valueName\":\"search_term_string\"}}],\"inLanguage\":\"es\"},{\"@type\":\"Organization\",\"@id\":\"https:\/\/noti-america.com\/site\/ecuador\/#organization\",\"name\":\"Noti-America LLC | Ecuador\",\"url\":\"https:\/\/noti-america.com\/site\/ecuador\/\",\"logo\":{\"@type\":\"ImageObject\",\"inLanguage\":\"es\",\"@id\":\"https:\/\/noti-america.com\/site\/ecuador\/#\/schema\/logo\/image\/\",\"url\":\"https:\/\/noti-america.com\/site\/ecuador\/wp-content\/uploads\/sites\/18\/2020\/07\/LogoNA-4x3-1.jpg\",\"contentUrl\":\"https:\/\/noti-america.com\/site\/ecuador\/wp-content\/uploads\/sites\/18\/2020\/07\/LogoNA-4x3-1.jpg\",\"width\":1236,\"height\":1080,\"caption\":\"Noti-America LLC | Ecuador\"},\"image\":{\"@id\":\"https:\/\/noti-america.com\/site\/ecuador\/#\/schema\/logo\/image\/\"},\"sameAs\":[\"https:\/\/x.com\/notiamerica\"]},{\"@type\":\"Person\",\"@id\":\"https:\/\/noti-america.com\/site\/ecuador\/#\/schema\/person\/b9d1630cc6598af759d45c790a347283\",\"name\":\"Henry Ortiz\",\"image\":{\"@type\":\"ImageObject\",\"inLanguage\":\"es\",\"@id\":\"https:\/\/secure.gravatar.com\/avatar\/0b5407b5b302fbb6a578e625dca512ac2983ee5fa9ea941d581b83c40212e4c8?s=96&d=mm&r=g\",\"url\":\"https:\/\/secure.gravatar.com\/avatar\/0b5407b5b302fbb6a578e625dca512ac2983ee5fa9ea941d581b83c40212e4c8?s=96&d=mm&r=g\",\"contentUrl\":\"https:\/\/secure.gravatar.com\/avatar\/0b5407b5b302fbb6a578e625dca512ac2983ee5fa9ea941d581b83c40212e4c8?s=96&d=mm&r=g\",\"caption\":\"Henry Ortiz\"},\"url\":\"https:\/\/noti-america.com\/site\/ecuador\/author\/hortiz\/\"}]}<\/script>\n<!-- \/ Yoast SEO Premium plugin. -->","yoast_head_json":{"title":"7\u00a0 beneficiarias de programas de la Direcci\u00f3n de la Mujer presentan sus proyectos - Ecuador | Noti-America.com","robots":{"index":"index","follow":"follow","max-snippet":"max-snippet:-1","max-image-preview":"max-image-preview:large","max-video-preview":"max-video-preview:-1"},"canonical":"https:\/\/noti-america.com\/site\/ecuador\/2021\/10\/13\/7-beneficiarias-de-programas-de-la-direccion-de-la-mujer-presentan-sus-proyectos\/","og_locale":"es_ES","og_type":"article","og_title":"7\u00a0 beneficiarias de programas de la Direcci\u00f3n de la Mujer presentan sus proyectos","og_description":"REDACCI\u00d3N NOTI AM\u00c9RICA (ECUADOR) Por el D\u00eda Internacional de la Ni\u00f1a, la alcaldesa de Guayaquil,\u00a0 Cynthia\u00a0 Viteri, recibi\u00f3 a 7 ni\u00f1as beneficiarias de los programas Alza tu voz y Educando\u00a0 en el camino que&#46;&#46;&#46;","og_url":"https:\/\/noti-america.com\/site\/ecuador\/2021\/10\/13\/7-beneficiarias-de-programas-de-la-direccion-de-la-mujer-presentan-sus-proyectos\/","og_site_name":"Ecuador | Noti-America.com","article_published_time":"2021-10-13T12:29:45+00:00","og_image":[{"width":1368,"height":912,"url":"https:\/\/noti-america.com\/site\/ecuador\/wp-content\/uploads\/sites\/18\/2021\/10\/Alcaldesa-recibio-la-visita-de-7-beneficiarias-2.jpeg","type":"image\/jpeg"}],"author":"Henry Ortiz","twitter_card":"summary_large_image","twitter_creator":"@notiamerica","twitter_site":"@notiamerica","twitter_misc":{"Escrito por":"Henry Ortiz","Tiempo estimado de lectura":"2 minutos"},"schema":{"@context":"https:\/\/schema.org","@graph":[{"@type":"Article","@id":"https:\/\/noti-america.com\/site\/ecuador\/2021\/10\/13\/7-beneficiarias-de-programas-de-la-direccion-de-la-mujer-presentan-sus-proyectos\/#article","isPartOf":{"@id":"https:\/\/noti-america.com\/site\/ecuador\/2021\/10\/13\/7-beneficiarias-de-programas-de-la-direccion-de-la-mujer-presentan-sus-proyectos\/"},"author":{"name":"Henry Ortiz","@id":"https:\/\/noti-america.com\/site\/ecuador\/#\/schema\/person\/b9d1630cc6598af759d45c790a347283"},"headline":"7\u00a0 beneficiarias de programas de la Direcci\u00f3n de la Mujer presentan sus proyectos","datePublished":"2021-10-13T12:29:45+00:00","mainEntityOfPage":{"@id":"https:\/\/noti-america.com\/site\/ecuador\/2021\/10\/13\/7-beneficiarias-de-programas-de-la-direccion-de-la-mujer-presentan-sus-proyectos\/"},"wordCount":342,"commentCount":0,"publisher":{"@id":"https:\/\/noti-america.com\/site\/ecuador\/#organization"},"image":{"@id":"https:\/\/noti-america.com\/site\/ecuador\/2021\/10\/13\/7-beneficiarias-de-programas-de-la-direccion-de-la-mujer-presentan-sus-proyectos\/#primaryimage"},"thumbnailUrl":"https:\/\/noti-america.com\/site\/ecuador\/wp-content\/uploads\/sites\/18\/2021\/10\/Alcaldesa-recibio-la-visita-de-7-beneficiarias-2.jpeg","articleSection":["Actualidad"],"inLanguage":"es","potentialAction":[{"@type":"CommentAction","name":"Comment","target":["https:\/\/noti-america.com\/site\/ecuador\/2021\/10\/13\/7-beneficiarias-de-programas-de-la-direccion-de-la-mujer-presentan-sus-proyectos\/#respond"]}]},{"@type":"WebPage","@id":"https:\/\/noti-america.com\/site\/ecuador\/2021\/10\/13\/7-beneficiarias-de-programas-de-la-direccion-de-la-mujer-presentan-sus-proyectos\/","url":"https:\/\/noti-america.com\/site\/ecuador\/2021\/10\/13\/7-beneficiarias-de-programas-de-la-direccion-de-la-mujer-presentan-sus-proyectos\/","name":"7\u00a0 beneficiarias de programas de la Direcci\u00f3n de la Mujer presentan sus proyectos - Ecuador | Noti-America.com","isPartOf":{"@id":"https:\/\/noti-america.com\/site\/ecuador\/#website"},"primaryImageOfPage":{"@id":"https:\/\/noti-america.com\/site\/ecuador\/2021\/10\/13\/7-beneficiarias-de-programas-de-la-direccion-de-la-mujer-presentan-sus-proyectos\/#primaryimage"},"image":{"@id":"https:\/\/noti-america.com\/site\/ecuador\/2021\/10\/13\/7-beneficiarias-de-programas-de-la-direccion-de-la-mujer-presentan-sus-proyectos\/#primaryimage"},"thumbnailUrl":"https:\/\/noti-america.com\/site\/ecuador\/wp-content\/uploads\/sites\/18\/2021\/10\/Alcaldesa-recibio-la-visita-de-7-beneficiarias-2.jpeg","datePublished":"2021-10-13T12:29:45+00:00","breadcrumb":{"@id":"https:\/\/noti-america.com\/site\/ecuador\/2021\/10\/13\/7-beneficiarias-de-programas-de-la-direccion-de-la-mujer-presentan-sus-proyectos\/#breadcrumb"},"inLanguage":"es","potentialAction":[{"@type":"ReadAction","target":["https:\/\/noti-america.com\/site\/ecuador\/2021\/10\/13\/7-beneficiarias-de-programas-de-la-direccion-de-la-mujer-presentan-sus-proyectos\/"]}]},{"@type":"ImageObject","inLanguage":"es","@id":"https:\/\/noti-america.com\/site\/ecuador\/2021\/10\/13\/7-beneficiarias-de-programas-de-la-direccion-de-la-mujer-presentan-sus-proyectos\/#primaryimage","url":"https:\/\/noti-america.com\/site\/ecuador\/wp-content\/uploads\/sites\/18\/2021\/10\/Alcaldesa-recibio-la-visita-de-7-beneficiarias-2.jpeg","contentUrl":"https:\/\/noti-america.com\/site\/ecuador\/wp-content\/uploads\/sites\/18\/2021\/10\/Alcaldesa-recibio-la-visita-de-7-beneficiarias-2.jpeg","width":1368,"height":912},{"@type":"BreadcrumbList","@id":"https:\/\/noti-america.com\/site\/ecuador\/2021\/10\/13\/7-beneficiarias-de-programas-de-la-direccion-de-la-mujer-presentan-sus-proyectos\/#breadcrumb","itemListElement":[{"@type":"ListItem","position":1,"name":"Portada","item":"https:\/\/noti-america.com\/site\/ecuador\/"},{"@type":"ListItem","position":2,"name":"7\u00a0 beneficiarias de programas de la Direcci\u00f3n de la Mujer presentan sus proyectos"}]},{"@type":"WebSite","@id":"https:\/\/noti-america.com\/site\/ecuador\/#website","url":"https:\/\/noti-america.com\/site\/ecuador\/","name":"Ecuador | Noti-America.com","description":"","publisher":{"@id":"https:\/\/noti-america.com\/site\/ecuador\/#organization"},"potentialAction":[{"@type":"SearchAction","target":{"@type":"EntryPoint","urlTemplate":"https:\/\/noti-america.com\/site\/ecuador\/?s={search_term_string}"},"query-input":{"@type":"PropertyValueSpecification","valueRequired":true,"valueName":"search_term_string"}}],"inLanguage":"es"},{"@type":"Organization","@id":"https:\/\/noti-america.com\/site\/ecuador\/#organization","name":"Noti-America LLC | Ecuador","url":"https:\/\/noti-america.com\/site\/ecuador\/","logo":{"@type":"ImageObject","inLanguage":"es","@id":"https:\/\/noti-america.com\/site\/ecuador\/#\/schema\/logo\/image\/","url":"https:\/\/noti-america.com\/site\/ecuador\/wp-content\/uploads\/sites\/18\/2020\/07\/LogoNA-4x3-1.jpg","contentUrl":"https:\/\/noti-america.com\/site\/ecuador\/wp-content\/uploads\/sites\/18\/2020\/07\/LogoNA-4x3-1.jpg","width":1236,"height":1080,"caption":"Noti-America LLC | Ecuador"},"image":{"@id":"https:\/\/noti-america.com\/site\/ecuador\/#\/schema\/logo\/image\/"},"sameAs":["https:\/\/x.com\/notiamerica"]},{"@type":"Person","@id":"https:\/\/noti-america.com\/site\/ecuador\/#\/schema\/person\/b9d1630cc6598af759d45c790a347283","name":"Henry Ortiz","image":{"@type":"ImageObject","inLanguage":"es","@id":"https:\/\/secure.gravatar.com\/avatar\/0b5407b5b302fbb6a578e625dca512ac2983ee5fa9ea941d581b83c40212e4c8?s=96&d=mm&r=g","url":"https:\/\/secure.gravatar.com\/avatar\/0b5407b5b302fbb6a578e625dca512ac2983ee5fa9ea941d581b83c40212e4c8?s=96&d=mm&r=g","contentUrl":"https:\/\/secure.gravatar.com\/avatar\/0b5407b5b302fbb6a578e625dca512ac2983ee5fa9ea941d581b83c40212e4c8?s=96&d=mm&r=g","caption":"Henry Ortiz"},"url":"https:\/\/noti-america.com\/site\/ecuador\/author\/hortiz\/"}]}},"_links":{"self":[{"href":"https:\/\/noti-america.com\/site\/ecuador\/wp-json\/wp\/v2\/posts\/16870","targetHints":{"allow":["GET"]}}],"collection":[{"href":"https:\/\/noti-america.com\/site\/ecuador\/wp-json\/wp\/v2\/posts"}],"about":[{"href":"https:\/\/noti-america.com\/site\/ecuador\/wp-json\/wp\/v2\/types\/post"}],"author":[{"embeddable":true,"href":"https:\/\/noti-america.com\/site\/ecuador\/wp-json\/wp\/v2\/users\/113"}],"replies":[{"embeddable":true,"href":"https:\/\/noti-america.com\/site\/ecuador\/wp-json\/wp\/v2\/comments?post=16870"}],"version-history":[{"count":1,"href":"https:\/\/noti-america.com\/site\/ecuador\/wp-json\/wp\/v2\/posts\/16870\/revisions"}],"predecessor-version":[{"id":16872,"href":"https:\/\/noti-america.com\/site\/ecuador\/wp-json\/wp\/v2\/posts\/16870\/revisions\/16872"}],"wp:featuredmedia":[{"embeddable":true,"href":"https:\/\/noti-america.com\/site\/ecuador\/wp-json\/wp\/v2\/media\/16871"}],"wp:attachment":[{"href":"https:\/\/noti-america.com\/site\/ecuador\/wp-json\/wp\/v2\/media?parent=16870"}],"wp:term":[{"taxonomy":"category","embeddable":true,"href":"https:\/\/noti-america.com\/site\/ecuador\/wp-json\/wp\/v2\/categories?post=16870"},{"taxonomy":"post_tag","embeddable":true,"href":"https:\/\/noti-america.com\/site\/ecuador\/wp-json\/wp\/v2\/tags?post=16870"}],"curies":[{"name":"wp","href":"https:\/\/api.w.org\/{rel}","templated":true}]}}